{"id":5151,"date":"2025-12-23T06:57:23","date_gmt":"2025-12-23T05:57:23","guid":{"rendered":"https:\/\/www.svalbard.fr\/actualites\/easyjet-annonce-un-changement-majeur-pour-les-passagers-en-decembre\/"},"modified":"2025-12-23T06:57:26","modified_gmt":"2025-12-23T05:57:26","slug":"easyjet-annonce-un-changement-majeur-pour-les-passagers-en-decembre","status":"publish","type":"post","link":"https:\/\/www.svalbard.fr\/actualites\/easyjet-annonce-un-changement-majeur-pour-les-passagers-en-decembre\/","title":{"rendered":"easyJet annonce un changement majeur pour les passagers en d\u00e9cembre"},"content":{"rendered":"<div>\n<p>Une compagnie a\u00e9rienne \u00e0 bas prix a annonc\u00e9 un changement en d\u00e9cembre. easyJet a lanc\u00e9 des services au d\u00e9part de Manchester vers deux nouvelles destinations.<\/p>\n<p>Les voyages inauguraux vers les montagnes scandinaves et V\u00e9rone en Italie sont partis samedi 20 d\u00e9cembre et se d\u00e9rouleront sur une base hebdomadaire tout au long de la p\u00e9riode hivernale.<\/p>\n<p>easyJet reste le seul op\u00e9rateur r\u00e9gulier reliant le Royaume-Uni aux montagnes scandinaves.<\/p>\n<p>Ils se trouvent \u00e0 la fronti\u00e8re avec la Norv\u00e8ge et offrent une large gamme d&#39;activit\u00e9s hivernales. La r\u00e9gion poss\u00e8de certains des meilleurs domaines de ski et de snowboard d&#39;Europe, avec sept stations \u00e0 proximit\u00e9 et plus de 260 pistes adapt\u00e9es \u00e0 tous les niveaux de comp\u00e9tence.<\/p>\n<p>La ville antique de V\u00e9rone, dans le nord de l&#39;Italie, sert de d\u00e9cor \u00e0 Rom\u00e9o et Juliette de Shakespeare.<\/p>\n<\/div>\n<div>\n<p>Les visiteurs peuvent d\u00e9couvrir les magnifiques ar\u00e8nes, se promener au bord du fleuve Adige, explorer la maison de Juliette et savourer de v\u00e9ritables plats italiens sur les places anim\u00e9es de la ville.<\/p>\n<p>Kevin Doyle, directeur national d&#39;easyJet au Royaume-Uni, a d\u00e9clar\u00e9 : \u00ab Nous sommes vraiment heureux de c\u00e9l\u00e9brer nos vols inauguraux vers les montagnes scandinaves et V\u00e9rone.<\/p>\n<p>\u00ab\u00a0En introduisant des liaisons depuis Manchester vers deux nouvelles destinations suppl\u00e9mentaires sur notre r\u00e9seau de loisirs in\u00e9gal\u00e9, les clients de tout le nord-ouest peuvent d\u00e9sormais profiter d&#39;encore plus de choix cet hiver.\u00a0\u00bb<\/p>\n<p>Cela fait suite \u00e0 l&#39;annonce ant\u00e9rieure par easyJet d&#39;une nouvelle route reliant Liverpool \u00e0 Naples en Italie. Les nouveaux services du transporteur fonctionneront les lundis et vendredis \u00e0 compter du 3 ao\u00fbt de l&#39;ann\u00e9e prochaine.<\/p>\n<p>Pour accueillir les nouvelles routes d&#39;easyJet au d\u00e9part de l&#39;a\u00e9roport John Lennon de Liverpool, la compagnie a\u00e9rienne introduira un avion suppl\u00e9mentaire, portant sa flotte compl\u00e8te \u00e0 neuf avions. <\/p>\n<\/div>\n<div>\n<p>M. Doyle a d\u00e9clar\u00e9 : \u00ab Au cours de notre 30e ann\u00e9e, nous sommes toujours aussi d\u00e9termin\u00e9s \u00e0 rendre les voyages faciles et abordables pour nos clients au Royaume-Uni.<\/p>\n<p>\u00ab Avec cette derni\u00e8re nouvelle route de Liverpool vers la ville anim\u00e9e de Naples, d\u00e9sormais disponible \u00e0 la r\u00e9servation pour des vols et des forfaits vacances pour l&#39;\u00e9t\u00e9 prochain, nous continuons \u00e0 offrir \u00e0 nos clients du Nord-Ouest encore plus de choix et de connectivit\u00e9 \u00e0 des tarifs fantastiques, et nous sommes impatients de les accueillir \u00e0 bord.<\/p>\n<p>easyJet a d\u00e9but\u00e9 ses op\u00e9rations \u00e0 partir de Manchester en mars 2008. Actuellement, le transporteur assure jusqu&#39;\u00e0 915 d\u00e9parts hebdomadaires depuis Manchester, proposant 79 destinations dans 25 pays \u00e0 travers l&#39;Europe et l&#39;Afrique du Nord.<\/p>\n<p>Les r\u00e9servations peuvent \u00eatre effectu\u00e9es \u00e0 partir de 22,99 \u00a3 via easyJet.com et l&#39;application mobile.<\/p>\n<\/div>\n","protected":false},"excerpt":{"rendered":"<p>Une compagnie a\u00e9rienne \u00e0 bas prix a annonc\u00e9 un changement en d\u00e9cembre. easyJet a lanc\u00e9 des services au d\u00e9part de Manchester vers deux nouvelles destinations.<\/p>\n","protected":false},"author":1,"featured_media":5152,"comment_status":"closed","ping_status":"","sticky":false,"template":"","format":"standard","meta":{"footnotes":""},"categories":[2277],"tags":[728,99,5479,1464,3,5477,402,150],"yoast_head":"<!-- This site is optimized with the Yoast SEO plugin v21.0 - https:\/\/yoast.com\/wordpress\/plugins\/seo\/ -->\n<title>easyJet annonce un changement majeur pour les passagers en d\u00e9cembre<\/title>\n<meta name=\"robots\" content=\"index, follow, max-snippet:-1, max-image-preview:large, max-video-preview:-1\" \/>\n<link rel=\"canonical\" href=\"https:\/\/www.svalbard.fr\/actualites\/easyjet-annonce-un-changement-majeur-pour-les-passagers-en-decembre\/\" \/>\n<meta property=\"og:locale\" content=\"fr_FR\" \/>\n<meta property=\"og:type\" content=\"article\" \/>\n<meta property=\"og:title\" content=\"easyJet annonce un changement majeur pour les passagers en d\u00e9cembre\" \/>\n<meta property=\"og:description\" content=\"Une compagnie a\u00e9rienne \u00e0 bas prix a annonc\u00e9 un changement en d\u00e9cembre. easyJet a lanc\u00e9 des services au d\u00e9part de Manchester vers deux nouvelles destinations.\" \/>\n<meta property=\"og:url\" content=\"https:\/\/www.svalbard.fr\/actualites\/easyjet-annonce-un-changement-majeur-pour-les-passagers-en-decembre\/\" \/>\n<meta property=\"og:site_name\" content=\"www.Svalbard.fr\" \/>\n<meta property=\"article:published_time\" content=\"2025-12-23T05:57:23+00:00\" \/>\n<meta property=\"article:modified_time\" content=\"2025-12-23T05:57:26+00:00\" \/>\n<meta property=\"og:image\" content=\"https:\/\/www.svalbard.fr\/actualites\/wp-content\/uploads\/2025\/12\/easyJet-annonce-un-changement-majeur-pour-les-passagers-en-decembre.jpg\" \/>\n\t<meta property=\"og:image:width\" content=\"1200\" \/>\n\t<meta property=\"og:image:height\" content=\"630\" \/>\n\t<meta property=\"og:image:type\" content=\"image\/jpeg\" \/>\n<meta name=\"author\" content=\"Hilmar\" \/>\n<meta name=\"twitter:card\" content=\"summary_large_image\" \/>\n<meta name=\"twitter:label1\" content=\"\u00c9crit par\" \/>\n\t<meta name=\"twitter:data1\" content=\"Hilmar\" \/>\n\t<meta name=\"twitter:label2\" content=\"Dur\u00e9e de lecture estim\u00e9e\" \/>\n\t<meta name=\"twitter:data2\" content=\"2 minutes\" \/>\n<script type=\"application\/ld+json\" class=\"yoast-schema-graph\">{\"@context\":\"https:\/\/schema.org\",\"@graph\":[{\"@type\":\"Article\",\"@id\":\"https:\/\/www.svalbard.fr\/actualites\/easyjet-annonce-un-changement-majeur-pour-les-passagers-en-decembre\/#article\",\"isPartOf\":{\"@id\":\"https:\/\/www.svalbard.fr\/actualites\/easyjet-annonce-un-changement-majeur-pour-les-passagers-en-decembre\/\"},\"author\":{\"name\":\"Hilmar\",\"@id\":\"https:\/\/www.svalbard.fr\/actualites\/#\/schema\/person\/a2f937d5712222366738fae98755c600\"},\"headline\":\"easyJet annonce un changement majeur pour les passagers en d\u00e9cembre\",\"datePublished\":\"2025-12-23T05:57:23+00:00\",\"dateModified\":\"2025-12-23T05:57:26+00:00\",\"mainEntityOfPage\":{\"@id\":\"https:\/\/www.svalbard.fr\/actualites\/easyjet-annonce-un-changement-majeur-pour-les-passagers-en-decembre\/\"},\"wordCount\":468,\"publisher\":{\"@id\":\"https:\/\/www.svalbard.fr\/actualites\/#organization\"},\"keywords\":[\"annonce\",\"changement\",\"d\u00e9cembre\",\"EasyJet\",\"Les\",\"majeur\",\"passagers\",\"pour\"],\"inLanguage\":\"fr-FR\"},{\"@type\":\"WebPage\",\"@id\":\"https:\/\/www.svalbard.fr\/actualites\/easyjet-annonce-un-changement-majeur-pour-les-passagers-en-decembre\/\",\"url\":\"https:\/\/www.svalbard.fr\/actualites\/easyjet-annonce-un-changement-majeur-pour-les-passagers-en-decembre\/\",\"name\":\"easyJet annonce un changement majeur pour les passagers en d\u00e9cembre\",\"isPartOf\":{\"@id\":\"https:\/\/www.svalbard.fr\/actualites\/#website\"},\"datePublished\":\"2025-12-23T05:57:23+00:00\",\"dateModified\":\"2025-12-23T05:57:26+00:00\",\"breadcrumb\":{\"@id\":\"https:\/\/www.svalbard.fr\/actualites\/easyjet-annonce-un-changement-majeur-pour-les-passagers-en-decembre\/#breadcrumb\"},\"inLanguage\":\"fr-FR\",\"potentialAction\":[{\"@type\":\"ReadAction\",\"target\":[\"https:\/\/www.svalbard.fr\/actualites\/easyjet-annonce-un-changement-majeur-pour-les-passagers-en-decembre\/\"]}]},{\"@type\":\"BreadcrumbList\",\"@id\":\"https:\/\/www.svalbard.fr\/actualites\/easyjet-annonce-un-changement-majeur-pour-les-passagers-en-decembre\/#breadcrumb\",\"itemListElement\":[{\"@type\":\"ListItem\",\"position\":1,\"name\":\"Accueil\",\"item\":\"https:\/\/www.svalbard.fr\/actualites\/\"},{\"@type\":\"ListItem\",\"position\":2,\"name\":\"easyJet annonce un changement majeur pour les passagers en d\u00e9cembre\"}]},{\"@type\":\"WebSite\",\"@id\":\"https:\/\/www.svalbard.fr\/actualites\/#website\",\"url\":\"https:\/\/www.svalbard.fr\/actualites\/\",\"name\":\"www.Svalbard.fr\",\"description\":\"\",\"publisher\":{\"@id\":\"https:\/\/www.svalbard.fr\/actualites\/#organization\"},\"potentialAction\":[{\"@type\":\"SearchAction\",\"target\":{\"@type\":\"EntryPoint\",\"urlTemplate\":\"https:\/\/www.svalbard.fr\/actualites\/?s={search_term_string}\"},\"query-input\":\"required name=search_term_string\"}],\"inLanguage\":\"fr-FR\"},{\"@type\":\"Organization\",\"@id\":\"https:\/\/www.svalbard.fr\/actualites\/#organization\",\"name\":\"www.Svalbard.fr\",\"url\":\"https:\/\/www.svalbard.fr\/actualites\/\",\"logo\":{\"@type\":\"ImageObject\",\"inLanguage\":\"fr-FR\",\"@id\":\"https:\/\/www.svalbard.fr\/actualites\/#\/schema\/logo\/image\/\",\"url\":\"https:\/\/www.svalbard.fr\/actualites\/wp-content\/uploads\/2023\/09\/head-nom.jpg\",\"contentUrl\":\"https:\/\/www.svalbard.fr\/actualites\/wp-content\/uploads\/2023\/09\/head-nom.jpg\",\"width\":264,\"height\":35,\"caption\":\"www.Svalbard.fr\"},\"image\":{\"@id\":\"https:\/\/www.svalbard.fr\/actualites\/#\/schema\/logo\/image\/\"}},{\"@type\":\"Person\",\"@id\":\"https:\/\/www.svalbard.fr\/actualites\/#\/schema\/person\/a2f937d5712222366738fae98755c600\",\"name\":\"Hilmar\",\"image\":{\"@type\":\"ImageObject\",\"inLanguage\":\"fr-FR\",\"@id\":\"https:\/\/www.svalbard.fr\/actualites\/#\/schema\/person\/image\/\",\"url\":\"https:\/\/secure.gravatar.com\/avatar\/4daa437093476dbc32da415c112b6512?s=96&d=mm&r=g\",\"contentUrl\":\"https:\/\/secure.gravatar.com\/avatar\/4daa437093476dbc32da415c112b6512?s=96&d=mm&r=g\",\"caption\":\"Hilmar\"},\"description\":\"Hilmar est un passionn\u00e9 des r\u00e9gions polaires, sp\u00e9cialis\u00e9 dans la r\u00e9daction d'articles sur le Spitzberg et autres destinations arctiques. Il apporte son expertise et sa passion pour l'Arctique au sein de l'\u00e9quipe de r\u00e9daction de Svalbard depuis de nombreuses ann\u00e9es.\",\"sameAs\":[\"https:\/\/www.svalbard.fr\/\"]}]}<\/script>\n<!-- \/ Yoast SEO plugin. -->","yoast_head_json":{"title":"easyJet annonce un changement majeur pour les passagers en d\u00e9cembre","robots":{"index":"index","follow":"follow","max-snippet":"max-snippet:-1","max-image-preview":"max-image-preview:large","max-video-preview":"max-video-preview:-1"},"canonical":"https:\/\/www.svalbard.fr\/actualites\/easyjet-annonce-un-changement-majeur-pour-les-passagers-en-decembre\/","og_locale":"fr_FR","og_type":"article","og_title":"easyJet annonce un changement majeur pour les passagers en d\u00e9cembre","og_description":"Une compagnie a\u00e9rienne \u00e0 bas prix a annonc\u00e9 un changement en d\u00e9cembre. easyJet a lanc\u00e9 des services au d\u00e9part de Manchester vers deux nouvelles destinations.","og_url":"https:\/\/www.svalbard.fr\/actualites\/easyjet-annonce-un-changement-majeur-pour-les-passagers-en-decembre\/","og_site_name":"www.Svalbard.fr","article_published_time":"2025-12-23T05:57:23+00:00","article_modified_time":"2025-12-23T05:57:26+00:00","og_image":[{"width":1200,"height":630,"url":"https:\/\/www.svalbard.fr\/actualites\/wp-content\/uploads\/2025\/12\/easyJet-annonce-un-changement-majeur-pour-les-passagers-en-decembre.jpg","type":"image\/jpeg"}],"author":"Hilmar","twitter_card":"summary_large_image","twitter_misc":{"\u00c9crit par":"Hilmar","Dur\u00e9e de lecture estim\u00e9e":"2 minutes"},"schema":{"@context":"https:\/\/schema.org","@graph":[{"@type":"Article","@id":"https:\/\/www.svalbard.fr\/actualites\/easyjet-annonce-un-changement-majeur-pour-les-passagers-en-decembre\/#article","isPartOf":{"@id":"https:\/\/www.svalbard.fr\/actualites\/easyjet-annonce-un-changement-majeur-pour-les-passagers-en-decembre\/"},"author":{"name":"Hilmar","@id":"https:\/\/www.svalbard.fr\/actualites\/#\/schema\/person\/a2f937d5712222366738fae98755c600"},"headline":"easyJet annonce un changement majeur pour les passagers en d\u00e9cembre","datePublished":"2025-12-23T05:57:23+00:00","dateModified":"2025-12-23T05:57:26+00:00","mainEntityOfPage":{"@id":"https:\/\/www.svalbard.fr\/actualites\/easyjet-annonce-un-changement-majeur-pour-les-passagers-en-decembre\/"},"wordCount":468,"publisher":{"@id":"https:\/\/www.svalbard.fr\/actualites\/#organization"},"keywords":["annonce","changement","d\u00e9cembre","EasyJet","Les","majeur","passagers","pour"],"inLanguage":"fr-FR"},{"@type":"WebPage","@id":"https:\/\/www.svalbard.fr\/actualites\/easyjet-annonce-un-changement-majeur-pour-les-passagers-en-decembre\/","url":"https:\/\/www.svalbard.fr\/actualites\/easyjet-annonce-un-changement-majeur-pour-les-passagers-en-decembre\/","name":"easyJet annonce un changement majeur pour les passagers en d\u00e9cembre","isPartOf":{"@id":"https:\/\/www.svalbard.fr\/actualites\/#website"},"datePublished":"2025-12-23T05:57:23+00:00","dateModified":"2025-12-23T05:57:26+00:00","breadcrumb":{"@id":"https:\/\/www.svalbard.fr\/actualites\/easyjet-annonce-un-changement-majeur-pour-les-passagers-en-decembre\/#breadcrumb"},"inLanguage":"fr-FR","potentialAction":[{"@type":"ReadAction","target":["https:\/\/www.svalbard.fr\/actualites\/easyjet-annonce-un-changement-majeur-pour-les-passagers-en-decembre\/"]}]},{"@type":"BreadcrumbList","@id":"https:\/\/www.svalbard.fr\/actualites\/easyjet-annonce-un-changement-majeur-pour-les-passagers-en-decembre\/#breadcrumb","itemListElement":[{"@type":"ListItem","position":1,"name":"Accueil","item":"https:\/\/www.svalbard.fr\/actualites\/"},{"@type":"ListItem","position":2,"name":"easyJet annonce un changement majeur pour les passagers en d\u00e9cembre"}]},{"@type":"WebSite","@id":"https:\/\/www.svalbard.fr\/actualites\/#website","url":"https:\/\/www.svalbard.fr\/actualites\/","name":"www.Svalbard.fr","description":"","publisher":{"@id":"https:\/\/www.svalbard.fr\/actualites\/#organization"},"potentialAction":[{"@type":"SearchAction","target":{"@type":"EntryPoint","urlTemplate":"https:\/\/www.svalbard.fr\/actualites\/?s={search_term_string}"},"query-input":"required name=search_term_string"}],"inLanguage":"fr-FR"},{"@type":"Organization","@id":"https:\/\/www.svalbard.fr\/actualites\/#organization","name":"www.Svalbard.fr","url":"https:\/\/www.svalbard.fr\/actualites\/","logo":{"@type":"ImageObject","inLanguage":"fr-FR","@id":"https:\/\/www.svalbard.fr\/actualites\/#\/schema\/logo\/image\/","url":"https:\/\/www.svalbard.fr\/actualites\/wp-content\/uploads\/2023\/09\/head-nom.jpg","contentUrl":"https:\/\/www.svalbard.fr\/actualites\/wp-content\/uploads\/2023\/09\/head-nom.jpg","width":264,"height":35,"caption":"www.Svalbard.fr"},"image":{"@id":"https:\/\/www.svalbard.fr\/actualites\/#\/schema\/logo\/image\/"}},{"@type":"Person","@id":"https:\/\/www.svalbard.fr\/actualites\/#\/schema\/person\/a2f937d5712222366738fae98755c600","name":"Hilmar","image":{"@type":"ImageObject","inLanguage":"fr-FR","@id":"https:\/\/www.svalbard.fr\/actualites\/#\/schema\/person\/image\/","url":"https:\/\/secure.gravatar.com\/avatar\/4daa437093476dbc32da415c112b6512?s=96&d=mm&r=g","contentUrl":"https:\/\/secure.gravatar.com\/avatar\/4daa437093476dbc32da415c112b6512?s=96&d=mm&r=g","caption":"Hilmar"},"description":"Hilmar est un passionn\u00e9 des r\u00e9gions polaires, sp\u00e9cialis\u00e9 dans la r\u00e9daction d'articles sur le Spitzberg et autres destinations arctiques. Il apporte son expertise et sa passion pour l'Arctique au sein de l'\u00e9quipe de r\u00e9daction de Svalbard depuis de nombreuses ann\u00e9es.","sameAs":["https:\/\/www.svalbard.fr\/"]}]}},"_links":{"self":[{"href":"https:\/\/www.svalbard.fr\/actualites\/wp-json\/wp\/v2\/posts\/5151"}],"collection":[{"href":"https:\/\/www.svalbard.fr\/actualites\/wp-json\/wp\/v2\/posts"}],"about":[{"href":"https:\/\/www.svalbard.fr\/actualites\/wp-json\/wp\/v2\/types\/post"}],"author":[{"embeddable":true,"href":"https:\/\/www.svalbard.fr\/actualites\/wp-json\/wp\/v2\/users\/1"}],"replies":[{"embeddable":true,"href":"https:\/\/www.svalbard.fr\/actualites\/wp-json\/wp\/v2\/comments?post=5151"}],"version-history":[{"count":1,"href":"https:\/\/www.svalbard.fr\/actualites\/wp-json\/wp\/v2\/posts\/5151\/revisions"}],"predecessor-version":[{"id":5153,"href":"https:\/\/www.svalbard.fr\/actualites\/wp-json\/wp\/v2\/posts\/5151\/revisions\/5153"}],"wp:featuredmedia":[{"embeddable":true,"href":"https:\/\/www.svalbard.fr\/actualites\/wp-json\/wp\/v2\/media\/5152"}],"wp:attachment":[{"href":"https:\/\/www.svalbard.fr\/actualites\/wp-json\/wp\/v2\/media?parent=5151"}],"wp:term":[{"taxonomy":"category","embeddable":true,"href":"https:\/\/www.svalbard.fr\/actualites\/wp-json\/wp\/v2\/categories?post=5151"},{"taxonomy":"post_tag","embeddable":true,"href":"https:\/\/www.svalbard.fr\/actualites\/wp-json\/wp\/v2\/tags?post=5151"}],"curies":[{"name":"wp","href":"https:\/\/api.w.org\/{rel}","templated":true}]}}