{"id":5156,"date":"2025-12-26T00:56:18","date_gmt":"2025-12-25T23:56:18","guid":{"rendered":"https:\/\/www.svalbard.fr\/actualites\/le-magnifique-voyage-en-train-europeen-a-travers-des-forets-et-des-montagnes-enneigees-2\/"},"modified":"2025-12-26T00:56:21","modified_gmt":"2025-12-25T23:56:21","slug":"le-magnifique-voyage-en-train-europeen-a-travers-des-forets-et-des-montagnes-enneigees-2","status":"publish","type":"post","link":"https:\/\/www.svalbard.fr\/actualites\/le-magnifique-voyage-en-train-europeen-a-travers-des-forets-et-des-montagnes-enneigees-2\/","title":{"rendered":"Le magnifique voyage en train europ\u00e9en \u00e0 travers des for\u00eats et des montagnes enneig\u00e9es"},"content":{"rendered":"<div>\n<p>L&#39;Europe abrite des paysages \u00e9poustouflants et il existe un incroyable voyage en train qui vous fera d\u00e9couvrir certaines de ses plus belles vues. Ce voyage est parfait pour un voyage hivernal si vous cherchez un endroit \u00e0 visiter au cours de la nouvelle ann\u00e9e. <\/p>\n<p>De chaque c\u00f4t\u00e9 du voyage, il existe deux destinations passionnantes qui valent toutes deux le d\u00e9tour. En montant \u00e0 bord de ce train, vous pourrez regarder les montagnes enneig\u00e9es dispara\u00eetre au loin. Le voyage de Trondheim \u00e0 Bod\u00f8 en Norv\u00e8ge prend 10 heures et vous parcourrez 452 miles \u00e0 travers le pays.<\/p>\n<\/div>\n<div>\n<p>Les billets commencent \u00e0 seulement 18 \u00a3 et si vous pr\u00e9voyez de faire un voyage europ\u00e9en plus long, vous pouvez utiliser le pass Interrail, qui comprend plus de 30 gares.<\/p>\n<p>Le chemin de fer Nordlandsbanen est le plus long de Norv\u00e8ge et le seul du pays \u00e0 traverser le cercle polaire arctique. <\/p>\n<p>Trondheim est la troisi\u00e8me plus grande ville de Norv\u00e8ge et offre une multitude de choses \u00e0 voir et \u00e0 faire. La ville a une histoire riche, une culture dynamique et des sites incroyables d\u2019une beaut\u00e9 naturelle. <\/p>\n<p>Vous pouvez visiter la cath\u00e9drale de Nidaros et gravir sa tour pour profiter des meilleures vues de la ville.<\/p>\n<p>Un visiteur sur Tripadvisor a d\u00e9clar\u00e9 : \u00ab Une visite \u00e0 Trondheim n&#39;est pas compl\u00e8te sans un arr\u00eat \u00e0 Nidorasdomen.<\/p>\n<\/div>\n<div>\n<p>\u00ab\u00a0Mis \u00e0 part son statut impressionnant de cath\u00e9drale m\u00e9di\u00e9vale la plus septentrionale du monde, c&#39;est un b\u00e2timent impressionnant sous tous les angles et sa taille lui permet de dominer le paysage urbain.\u00a0\u00bb<\/p>\n<p>Lorsque vous atteignez Bod\u00f8, il y a aussi de nombreux endroits \u00e0 visiter : la ville est consid\u00e9r\u00e9e comme l&#39;une des plus sous-estim\u00e9es de Norv\u00e8ge. La ville est surtout connue pour \u00eatre un point de passage vers les \u00eeles Lofoten.<\/p>\n<p>L&#39;un des endroits les plus remarquables \u00e0 visiter si vous souhaitez remonter le temps est le poste de traite de Kjerring\u00f8y.<\/p>\n<p>Ici, vous pourrez avoir un aper\u00e7u de l&#39;histoire de la r\u00e9gion tout en visitant un lieu hors des sentiers battus.<\/p>\n<p>Pour des vacances uniques, ne manquez pas cette occasion d&#39;admirer le paysage dans le confort d&#39;un train.<\/p>\n<\/div>\n","protected":false},"excerpt":{"rendered":"<p>L&#39;Europe abrite des paysages \u00e9poustouflants et il existe un incroyable voyage en train qui vous fera d\u00e9couvrir certaines de ses plus belles vues. Ce voyage<\/p>\n","protected":false},"author":1,"featured_media":5157,"comment_status":"closed","ping_status":"","sticky":false,"template":"","format":"standard","meta":{"footnotes":""},"categories":[2277],"tags":[8,1971,196,1970,345,1373,144,937,294],"yoast_head":"<!-- This site is optimized with the Yoast SEO plugin v21.0 - https:\/\/yoast.com\/wordpress\/plugins\/seo\/ -->\n<title>Le magnifique voyage en train europ\u00e9en \u00e0 travers des for\u00eats et des montagnes enneig\u00e9es<\/title>\n<meta name=\"robots\" content=\"index, follow, max-snippet:-1, max-image-preview:large, max-video-preview:-1\" \/>\n<link rel=\"canonical\" href=\"https:\/\/www.svalbard.fr\/actualites\/le-magnifique-voyage-en-train-europeen-a-travers-des-forets-et-des-montagnes-enneigees-2\/\" \/>\n<meta property=\"og:locale\" content=\"fr_FR\" \/>\n<meta property=\"og:type\" content=\"article\" \/>\n<meta property=\"og:title\" content=\"Le magnifique voyage en train europ\u00e9en \u00e0 travers des for\u00eats et des montagnes enneig\u00e9es\" \/>\n<meta property=\"og:description\" content=\"L&#039;Europe abrite des paysages \u00e9poustouflants et il existe un incroyable voyage en train qui vous fera d\u00e9couvrir certaines de ses plus belles vues. Ce voyage\" \/>\n<meta property=\"og:url\" content=\"https:\/\/www.svalbard.fr\/actualites\/le-magnifique-voyage-en-train-europeen-a-travers-des-forets-et-des-montagnes-enneigees-2\/\" \/>\n<meta property=\"og:site_name\" content=\"www.Svalbard.fr\" \/>\n<meta property=\"article:published_time\" content=\"2025-12-25T23:56:18+00:00\" \/>\n<meta property=\"article:modified_time\" content=\"2025-12-25T23:56:21+00:00\" \/>\n<meta property=\"og:image\" content=\"https:\/\/www.svalbard.fr\/actualites\/wp-content\/uploads\/2025\/12\/Le-magnifique-voyage-en-train-europeen-a-travers-des-forets.jpg\" \/>\n\t<meta property=\"og:image:width\" content=\"1200\" \/>\n\t<meta property=\"og:image:height\" content=\"630\" \/>\n\t<meta property=\"og:image:type\" content=\"image\/jpeg\" \/>\n<meta name=\"author\" content=\"Hilmar\" \/>\n<meta name=\"twitter:card\" content=\"summary_large_image\" \/>\n<meta name=\"twitter:label1\" content=\"\u00c9crit par\" \/>\n\t<meta name=\"twitter:data1\" content=\"Hilmar\" \/>\n\t<meta name=\"twitter:label2\" content=\"Dur\u00e9e de lecture estim\u00e9e\" \/>\n\t<meta name=\"twitter:data2\" content=\"2 minutes\" \/>\n<script type=\"application\/ld+json\" class=\"yoast-schema-graph\">{\"@context\":\"https:\/\/schema.org\",\"@graph\":[{\"@type\":\"Article\",\"@id\":\"https:\/\/www.svalbard.fr\/actualites\/le-magnifique-voyage-en-train-europeen-a-travers-des-forets-et-des-montagnes-enneigees-2\/#article\",\"isPartOf\":{\"@id\":\"https:\/\/www.svalbard.fr\/actualites\/le-magnifique-voyage-en-train-europeen-a-travers-des-forets-et-des-montagnes-enneigees-2\/\"},\"author\":{\"name\":\"Hilmar\",\"@id\":\"https:\/\/www.svalbard.fr\/actualites\/#\/schema\/person\/a2f937d5712222366738fae98755c600\"},\"headline\":\"Le magnifique voyage en train europ\u00e9en \u00e0 travers des for\u00eats et des montagnes enneig\u00e9es\",\"datePublished\":\"2025-12-25T23:56:18+00:00\",\"dateModified\":\"2025-12-25T23:56:21+00:00\",\"mainEntityOfPage\":{\"@id\":\"https:\/\/www.svalbard.fr\/actualites\/le-magnifique-voyage-en-train-europeen-a-travers-des-forets-et-des-montagnes-enneigees-2\/\"},\"wordCount\":384,\"publisher\":{\"@id\":\"https:\/\/www.svalbard.fr\/actualites\/#organization\"},\"keywords\":[\"des\",\"enneig\u00e9es\",\"europ\u00e9en\",\"for\u00eats\",\"magnifique\",\"montagnes\",\"train\",\"travers\",\"voyage\"],\"inLanguage\":\"fr-FR\"},{\"@type\":\"WebPage\",\"@id\":\"https:\/\/www.svalbard.fr\/actualites\/le-magnifique-voyage-en-train-europeen-a-travers-des-forets-et-des-montagnes-enneigees-2\/\",\"url\":\"https:\/\/www.svalbard.fr\/actualites\/le-magnifique-voyage-en-train-europeen-a-travers-des-forets-et-des-montagnes-enneigees-2\/\",\"name\":\"Le magnifique voyage en train europ\u00e9en \u00e0 travers des for\u00eats et des montagnes enneig\u00e9es\",\"isPartOf\":{\"@id\":\"https:\/\/www.svalbard.fr\/actualites\/#website\"},\"datePublished\":\"2025-12-25T23:56:18+00:00\",\"dateModified\":\"2025-12-25T23:56:21+00:00\",\"breadcrumb\":{\"@id\":\"https:\/\/www.svalbard.fr\/actualites\/le-magnifique-voyage-en-train-europeen-a-travers-des-forets-et-des-montagnes-enneigees-2\/#breadcrumb\"},\"inLanguage\":\"fr-FR\",\"potentialAction\":[{\"@type\":\"ReadAction\",\"target\":[\"https:\/\/www.svalbard.fr\/actualites\/le-magnifique-voyage-en-train-europeen-a-travers-des-forets-et-des-montagnes-enneigees-2\/\"]}]},{\"@type\":\"BreadcrumbList\",\"@id\":\"https:\/\/www.svalbard.fr\/actualites\/le-magnifique-voyage-en-train-europeen-a-travers-des-forets-et-des-montagnes-enneigees-2\/#breadcrumb\",\"itemListElement\":[{\"@type\":\"ListItem\",\"position\":1,\"name\":\"Accueil\",\"item\":\"https:\/\/www.svalbard.fr\/actualites\/\"},{\"@type\":\"ListItem\",\"position\":2,\"name\":\"Le magnifique voyage en train europ\u00e9en \u00e0 travers des for\u00eats et des montagnes enneig\u00e9es\"}]},{\"@type\":\"WebSite\",\"@id\":\"https:\/\/www.svalbard.fr\/actualites\/#website\",\"url\":\"https:\/\/www.svalbard.fr\/actualites\/\",\"name\":\"www.Svalbard.fr\",\"description\":\"\",\"publisher\":{\"@id\":\"https:\/\/www.svalbard.fr\/actualites\/#organization\"},\"potentialAction\":[{\"@type\":\"SearchAction\",\"target\":{\"@type\":\"EntryPoint\",\"urlTemplate\":\"https:\/\/www.svalbard.fr\/actualites\/?s={search_term_string}\"},\"query-input\":\"required name=search_term_string\"}],\"inLanguage\":\"fr-FR\"},{\"@type\":\"Organization\",\"@id\":\"https:\/\/www.svalbard.fr\/actualites\/#organization\",\"name\":\"www.Svalbard.fr\",\"url\":\"https:\/\/www.svalbard.fr\/actualites\/\",\"logo\":{\"@type\":\"ImageObject\",\"inLanguage\":\"fr-FR\",\"@id\":\"https:\/\/www.svalbard.fr\/actualites\/#\/schema\/logo\/image\/\",\"url\":\"https:\/\/www.svalbard.fr\/actualites\/wp-content\/uploads\/2023\/09\/head-nom.jpg\",\"contentUrl\":\"https:\/\/www.svalbard.fr\/actualites\/wp-content\/uploads\/2023\/09\/head-nom.jpg\",\"width\":264,\"height\":35,\"caption\":\"www.Svalbard.fr\"},\"image\":{\"@id\":\"https:\/\/www.svalbard.fr\/actualites\/#\/schema\/logo\/image\/\"}},{\"@type\":\"Person\",\"@id\":\"https:\/\/www.svalbard.fr\/actualites\/#\/schema\/person\/a2f937d5712222366738fae98755c600\",\"name\":\"Hilmar\",\"image\":{\"@type\":\"ImageObject\",\"inLanguage\":\"fr-FR\",\"@id\":\"https:\/\/www.svalbard.fr\/actualites\/#\/schema\/person\/image\/\",\"url\":\"https:\/\/secure.gravatar.com\/avatar\/4daa437093476dbc32da415c112b6512?s=96&d=mm&r=g\",\"contentUrl\":\"https:\/\/secure.gravatar.com\/avatar\/4daa437093476dbc32da415c112b6512?s=96&d=mm&r=g\",\"caption\":\"Hilmar\"},\"description\":\"Hilmar est un passionn\u00e9 des r\u00e9gions polaires, sp\u00e9cialis\u00e9 dans la r\u00e9daction d'articles sur le Spitzberg et autres destinations arctiques. Il apporte son expertise et sa passion pour l'Arctique au sein de l'\u00e9quipe de r\u00e9daction de Svalbard depuis de nombreuses ann\u00e9es.\",\"sameAs\":[\"https:\/\/www.svalbard.fr\/\"]}]}<\/script>\n<!-- \/ Yoast SEO plugin. -->","yoast_head_json":{"title":"Le magnifique voyage en train europ\u00e9en \u00e0 travers des for\u00eats et des montagnes enneig\u00e9es","robots":{"index":"index","follow":"follow","max-snippet":"max-snippet:-1","max-image-preview":"max-image-preview:large","max-video-preview":"max-video-preview:-1"},"canonical":"https:\/\/www.svalbard.fr\/actualites\/le-magnifique-voyage-en-train-europeen-a-travers-des-forets-et-des-montagnes-enneigees-2\/","og_locale":"fr_FR","og_type":"article","og_title":"Le magnifique voyage en train europ\u00e9en \u00e0 travers des for\u00eats et des montagnes enneig\u00e9es","og_description":"L&#39;Europe abrite des paysages \u00e9poustouflants et il existe un incroyable voyage en train qui vous fera d\u00e9couvrir certaines de ses plus belles vues. Ce voyage","og_url":"https:\/\/www.svalbard.fr\/actualites\/le-magnifique-voyage-en-train-europeen-a-travers-des-forets-et-des-montagnes-enneigees-2\/","og_site_name":"www.Svalbard.fr","article_published_time":"2025-12-25T23:56:18+00:00","article_modified_time":"2025-12-25T23:56:21+00:00","og_image":[{"width":1200,"height":630,"url":"https:\/\/www.svalbard.fr\/actualites\/wp-content\/uploads\/2025\/12\/Le-magnifique-voyage-en-train-europeen-a-travers-des-forets.jpg","type":"image\/jpeg"}],"author":"Hilmar","twitter_card":"summary_large_image","twitter_misc":{"\u00c9crit par":"Hilmar","Dur\u00e9e de lecture estim\u00e9e":"2 minutes"},"schema":{"@context":"https:\/\/schema.org","@graph":[{"@type":"Article","@id":"https:\/\/www.svalbard.fr\/actualites\/le-magnifique-voyage-en-train-europeen-a-travers-des-forets-et-des-montagnes-enneigees-2\/#article","isPartOf":{"@id":"https:\/\/www.svalbard.fr\/actualites\/le-magnifique-voyage-en-train-europeen-a-travers-des-forets-et-des-montagnes-enneigees-2\/"},"author":{"name":"Hilmar","@id":"https:\/\/www.svalbard.fr\/actualites\/#\/schema\/person\/a2f937d5712222366738fae98755c600"},"headline":"Le magnifique voyage en train europ\u00e9en \u00e0 travers des for\u00eats et des montagnes enneig\u00e9es","datePublished":"2025-12-25T23:56:18+00:00","dateModified":"2025-12-25T23:56:21+00:00","mainEntityOfPage":{"@id":"https:\/\/www.svalbard.fr\/actualites\/le-magnifique-voyage-en-train-europeen-a-travers-des-forets-et-des-montagnes-enneigees-2\/"},"wordCount":384,"publisher":{"@id":"https:\/\/www.svalbard.fr\/actualites\/#organization"},"keywords":["des","enneig\u00e9es","europ\u00e9en","for\u00eats","magnifique","montagnes","train","travers","voyage"],"inLanguage":"fr-FR"},{"@type":"WebPage","@id":"https:\/\/www.svalbard.fr\/actualites\/le-magnifique-voyage-en-train-europeen-a-travers-des-forets-et-des-montagnes-enneigees-2\/","url":"https:\/\/www.svalbard.fr\/actualites\/le-magnifique-voyage-en-train-europeen-a-travers-des-forets-et-des-montagnes-enneigees-2\/","name":"Le magnifique voyage en train europ\u00e9en \u00e0 travers des for\u00eats et des montagnes enneig\u00e9es","isPartOf":{"@id":"https:\/\/www.svalbard.fr\/actualites\/#website"},"datePublished":"2025-12-25T23:56:18+00:00","dateModified":"2025-12-25T23:56:21+00:00","breadcrumb":{"@id":"https:\/\/www.svalbard.fr\/actualites\/le-magnifique-voyage-en-train-europeen-a-travers-des-forets-et-des-montagnes-enneigees-2\/#breadcrumb"},"inLanguage":"fr-FR","potentialAction":[{"@type":"ReadAction","target":["https:\/\/www.svalbard.fr\/actualites\/le-magnifique-voyage-en-train-europeen-a-travers-des-forets-et-des-montagnes-enneigees-2\/"]}]},{"@type":"BreadcrumbList","@id":"https:\/\/www.svalbard.fr\/actualites\/le-magnifique-voyage-en-train-europeen-a-travers-des-forets-et-des-montagnes-enneigees-2\/#breadcrumb","itemListElement":[{"@type":"ListItem","position":1,"name":"Accueil","item":"https:\/\/www.svalbard.fr\/actualites\/"},{"@type":"ListItem","position":2,"name":"Le magnifique voyage en train europ\u00e9en \u00e0 travers des for\u00eats et des montagnes enneig\u00e9es"}]},{"@type":"WebSite","@id":"https:\/\/www.svalbard.fr\/actualites\/#website","url":"https:\/\/www.svalbard.fr\/actualites\/","name":"www.Svalbard.fr","description":"","publisher":{"@id":"https:\/\/www.svalbard.fr\/actualites\/#organization"},"potentialAction":[{"@type":"SearchAction","target":{"@type":"EntryPoint","urlTemplate":"https:\/\/www.svalbard.fr\/actualites\/?s={search_term_string}"},"query-input":"required name=search_term_string"}],"inLanguage":"fr-FR"},{"@type":"Organization","@id":"https:\/\/www.svalbard.fr\/actualites\/#organization","name":"www.Svalbard.fr","url":"https:\/\/www.svalbard.fr\/actualites\/","logo":{"@type":"ImageObject","inLanguage":"fr-FR","@id":"https:\/\/www.svalbard.fr\/actualites\/#\/schema\/logo\/image\/","url":"https:\/\/www.svalbard.fr\/actualites\/wp-content\/uploads\/2023\/09\/head-nom.jpg","contentUrl":"https:\/\/www.svalbard.fr\/actualites\/wp-content\/uploads\/2023\/09\/head-nom.jpg","width":264,"height":35,"caption":"www.Svalbard.fr"},"image":{"@id":"https:\/\/www.svalbard.fr\/actualites\/#\/schema\/logo\/image\/"}},{"@type":"Person","@id":"https:\/\/www.svalbard.fr\/actualites\/#\/schema\/person\/a2f937d5712222366738fae98755c600","name":"Hilmar","image":{"@type":"ImageObject","inLanguage":"fr-FR","@id":"https:\/\/www.svalbard.fr\/actualites\/#\/schema\/person\/image\/","url":"https:\/\/secure.gravatar.com\/avatar\/4daa437093476dbc32da415c112b6512?s=96&d=mm&r=g","contentUrl":"https:\/\/secure.gravatar.com\/avatar\/4daa437093476dbc32da415c112b6512?s=96&d=mm&r=g","caption":"Hilmar"},"description":"Hilmar est un passionn\u00e9 des r\u00e9gions polaires, sp\u00e9cialis\u00e9 dans la r\u00e9daction d'articles sur le Spitzberg et autres destinations arctiques. Il apporte son expertise et sa passion pour l'Arctique au sein de l'\u00e9quipe de r\u00e9daction de Svalbard depuis de nombreuses ann\u00e9es.","sameAs":["https:\/\/www.svalbard.fr\/"]}]}},"_links":{"self":[{"href":"https:\/\/www.svalbard.fr\/actualites\/wp-json\/wp\/v2\/posts\/5156"}],"collection":[{"href":"https:\/\/www.svalbard.fr\/actualites\/wp-json\/wp\/v2\/posts"}],"about":[{"href":"https:\/\/www.svalbard.fr\/actualites\/wp-json\/wp\/v2\/types\/post"}],"author":[{"embeddable":true,"href":"https:\/\/www.svalbard.fr\/actualites\/wp-json\/wp\/v2\/users\/1"}],"replies":[{"embeddable":true,"href":"https:\/\/www.svalbard.fr\/actualites\/wp-json\/wp\/v2\/comments?post=5156"}],"version-history":[{"count":1,"href":"https:\/\/www.svalbard.fr\/actualites\/wp-json\/wp\/v2\/posts\/5156\/revisions"}],"predecessor-version":[{"id":5158,"href":"https:\/\/www.svalbard.fr\/actualites\/wp-json\/wp\/v2\/posts\/5156\/revisions\/5158"}],"wp:featuredmedia":[{"embeddable":true,"href":"https:\/\/www.svalbard.fr\/actualites\/wp-json\/wp\/v2\/media\/5157"}],"wp:attachment":[{"href":"https:\/\/www.svalbard.fr\/actualites\/wp-json\/wp\/v2\/media?parent=5156"}],"wp:term":[{"taxonomy":"category","embeddable":true,"href":"https:\/\/www.svalbard.fr\/actualites\/wp-json\/wp\/v2\/categories?post=5156"},{"taxonomy":"post_tag","embeddable":true,"href":"https:\/\/www.svalbard.fr\/actualites\/wp-json\/wp\/v2\/tags?post=5156"}],"curies":[{"name":"wp","href":"https:\/\/api.w.org\/{rel}","templated":true}]}}