{"id":5166,"date":"2026-01-06T21:56:13","date_gmt":"2026-01-06T20:56:13","guid":{"rendered":"https:\/\/www.svalbard.fr\/actualites\/les-craintes-liees-a-la-troisieme-guerre-mondiale-eclatent-alors-que-les-infiltres-russes-sont-pris-en-flagrant-delit-dans-un-pays-de-lotan\/"},"modified":"2026-01-06T21:56:16","modified_gmt":"2026-01-06T20:56:16","slug":"les-craintes-liees-a-la-troisieme-guerre-mondiale-eclatent-alors-que-les-infiltres-russes-sont-pris-en-flagrant-delit-dans-un-pays-de-lotan","status":"publish","type":"post","link":"https:\/\/www.svalbard.fr\/actualites\/les-craintes-liees-a-la-troisieme-guerre-mondiale-eclatent-alors-que-les-infiltres-russes-sont-pris-en-flagrant-delit-dans-un-pays-de-lotan\/","title":{"rendered":"Les craintes li\u00e9es \u00e0 la Troisi\u00e8me Guerre mondiale \u00e9clatent alors que les infiltr\u00e9s russes sont pris en flagrant d\u00e9lit dans un pays de l&#39;OTAN"},"content":{"rendered":"<div>\n<p>Des infiltr\u00e9s russes ont \u00e9t\u00e9 captur\u00e9s \u00e0 l\u2019int\u00e9rieur d\u2019un pays de l\u2019OTAN, alors que le Kremlin intensifie sa guerre hybride contre l\u2019Occident. La Norv\u00e8ge partage une longue fronti\u00e8re terrestre avec la Russie qui s&#39;\u00e9tend sur pr\u00e8s de 200 kilom\u00e8tres dans l&#39;extr\u00eame nord du pays scandinave.<\/p>\n<p data-mce-linkchecker-status=\"valid\">En tant que membre fondateur de l\u2019OTAN, le pays a jou\u00e9 un r\u00f4le de premier plan dans l\u2019alliance militaire. Jens Stoltenberg, ministre norv\u00e9gien des Finances, a \u00e9t\u00e9 secr\u00e9taire g\u00e9n\u00e9ral de l&#39;OTAN pendant dix ans, de 2014 \u00e0 2024. Alors que les relations entre Moscou et l&#39;Occident continuent de se d\u00e9t\u00e9riorer, la Russie a intensifi\u00e9 ses activit\u00e9s de collecte de renseignements dans ce pays scandinave.<\/p>\n<\/div>\n<div>\n<p>Des espions russes ont \u00e9t\u00e9 pris en flagrant d\u00e9lit alors qu&#39;ils tentaient d&#39;infiltrer la Norv\u00e8ge, se faisant passer pour des p\u00eacheurs et des touristes, tandis que des agents du Kremlin ont \u00e9t\u00e9 d\u00e9couverts en train d&#39;entrer dans la ville portuaire de Kirkenes, au nord du pays, selon l&#39;arm\u00e9e norv\u00e9gienne.<\/p>\n<p>\u00ab\u00a0Nous voyons une menace plus grande ici et il s&#39;agit principalement d&#39;espionnage et de collecte d&#39;informations\u00a0\u00bb, a d\u00e9clar\u00e9 le commandant John Olav Fuglem de la brigade Finnmark au SVT su\u00e9dois. \u00ab Quand on vit ici, on devient un peu plus vigilant.<\/p>\n<p>\u00ab\u00a0Et on voit rapidement s&#39;il y a des gens avec un dialecte diff\u00e9rent qui se prom\u00e8nent pour prendre des photos, qui se trouvent dans des endroits o\u00f9 ils ne devraient pas \u00eatre ou qui se trouvent dans des endroits qui sont importants pour nous. Nous le remarquons.\u00a0\u00bb<\/p>\n<p>La brigade a \u00e9t\u00e9 cr\u00e9\u00e9e l\u2019ann\u00e9e derni\u00e8re, en r\u00e9ponse \u00e0 l\u2019augmentation de l\u2019agression russe et des activit\u00e9s de renseignement.<\/p>\n<p>L\u2019unit\u00e9 fait partie d\u2019un projet plus large visant \u00e0 doubler la force des capacit\u00e9s de d\u00e9fense norv\u00e9giennes pr\u00e8s de la fronti\u00e8re russe d\u2019ici 2032.<\/p>\n<\/div>\n<div>\n<p>Un garde-fronti\u00e8re norv\u00e9gien a \u00e9galement d\u00e9clar\u00e9 \u00e0 SVT : \u00ab\u00a0Nous avons beaucoup \u00e0 faire ici \u00e0 la fronti\u00e8re et nous avons un bon dialogue avec ceux qui vivent dans la r\u00e9gion.<\/p>\n<p>\u00ab\u00a0Ils sont attentifs \u00e0 savoir s&#39;il y a quelque chose qui ne va pas.\u00a0\u00bb<\/p>\n<p>Oslo a \u00e9galement d\u00fb faire face aux navires de p\u00eache russes qui espionnaient les infrastructures sous-marines norv\u00e9giennes.<\/p>\n<p>Le gouvernement a impos\u00e9 des sanctions en juillet dernier \u00e0 deux des plus grandes entreprises de p\u00eache russes, Norebo et Murman Seafood, les soup\u00e7onnant d&#39;espionnage.<\/p>\n<\/div>\n","protected":false},"excerpt":{"rendered":"<p>Des infiltr\u00e9s russes ont \u00e9t\u00e9 captur\u00e9s \u00e0 l\u2019int\u00e9rieur d\u2019un pays de l\u2019OTAN, alors que le Kremlin intensifie sa guerre hybride contre l\u2019Occident. La Norv\u00e8ge partage<\/p>\n","protected":false},"author":1,"featured_media":5167,"comment_status":"closed","ping_status":"","sticky":false,"template":"","format":"standard","meta":{"footnotes":""},"categories":[2277],"tags":[24,839,54,5495,5487,5493,299,5489,1207,3,840,304,287,5491,251,336,303],"yoast_head":"<!-- This site is optimized with the Yoast SEO plugin v21.0 - https:\/\/yoast.com\/wordpress\/plugins\/seo\/ -->\n<title>Les craintes li\u00e9es \u00e0 la Troisi\u00e8me Guerre mondiale \u00e9clatent alors que les infiltr\u00e9s russes sont pris en flagrant d\u00e9lit dans un pays de l&#039;OTAN<\/title>\n<meta name=\"robots\" content=\"index, follow, max-snippet:-1, max-image-preview:large, max-video-preview:-1\" \/>\n<link rel=\"canonical\" href=\"https:\/\/www.svalbard.fr\/actualites\/les-craintes-liees-a-la-troisieme-guerre-mondiale-eclatent-alors-que-les-infiltres-russes-sont-pris-en-flagrant-delit-dans-un-pays-de-lotan\/\" \/>\n<meta property=\"og:locale\" content=\"fr_FR\" \/>\n<meta property=\"og:type\" content=\"article\" \/>\n<meta property=\"og:title\" content=\"Les craintes li\u00e9es \u00e0 la Troisi\u00e8me Guerre mondiale \u00e9clatent alors que les infiltr\u00e9s russes sont pris en flagrant d\u00e9lit dans un pays de l&#039;OTAN\" \/>\n<meta property=\"og:description\" content=\"Des infiltr\u00e9s russes ont \u00e9t\u00e9 captur\u00e9s \u00e0 l\u2019int\u00e9rieur d\u2019un pays de l\u2019OTAN, alors que le Kremlin intensifie sa guerre hybride contre l\u2019Occident. La Norv\u00e8ge partage\" \/>\n<meta property=\"og:url\" content=\"https:\/\/www.svalbard.fr\/actualites\/les-craintes-liees-a-la-troisieme-guerre-mondiale-eclatent-alors-que-les-infiltres-russes-sont-pris-en-flagrant-delit-dans-un-pays-de-lotan\/\" \/>\n<meta property=\"og:site_name\" content=\"www.Svalbard.fr\" \/>\n<meta property=\"article:published_time\" content=\"2026-01-06T20:56:13+00:00\" \/>\n<meta property=\"article:modified_time\" content=\"2026-01-06T20:56:16+00:00\" \/>\n<meta property=\"og:image\" content=\"https:\/\/www.svalbard.fr\/actualites\/wp-content\/uploads\/2026\/01\/Les-craintes-liees-a-la-Troisieme-Guerre-mondiale-eclatent-alors.jpg\" \/>\n\t<meta property=\"og:image:width\" content=\"1200\" \/>\n\t<meta property=\"og:image:height\" content=\"630\" \/>\n\t<meta property=\"og:image:type\" content=\"image\/jpeg\" \/>\n<meta name=\"author\" content=\"Hilmar\" \/>\n<meta name=\"twitter:card\" content=\"summary_large_image\" \/>\n<meta name=\"twitter:label1\" content=\"\u00c9crit par\" \/>\n\t<meta name=\"twitter:data1\" content=\"Hilmar\" \/>\n\t<meta name=\"twitter:label2\" content=\"Dur\u00e9e de lecture estim\u00e9e\" \/>\n\t<meta name=\"twitter:data2\" content=\"2 minutes\" \/>\n<script type=\"application\/ld+json\" class=\"yoast-schema-graph\">{\"@context\":\"https:\/\/schema.org\",\"@graph\":[{\"@type\":\"Article\",\"@id\":\"https:\/\/www.svalbard.fr\/actualites\/les-craintes-liees-a-la-troisieme-guerre-mondiale-eclatent-alors-que-les-infiltres-russes-sont-pris-en-flagrant-delit-dans-un-pays-de-lotan\/#article\",\"isPartOf\":{\"@id\":\"https:\/\/www.svalbard.fr\/actualites\/les-craintes-liees-a-la-troisieme-guerre-mondiale-eclatent-alors-que-les-infiltres-russes-sont-pris-en-flagrant-delit-dans-un-pays-de-lotan\/\"},\"author\":{\"name\":\"Hilmar\",\"@id\":\"https:\/\/www.svalbard.fr\/actualites\/#\/schema\/person\/a2f937d5712222366738fae98755c600\"},\"headline\":\"Les craintes li\u00e9es \u00e0 la Troisi\u00e8me Guerre mondiale \u00e9clatent alors que les infiltr\u00e9s russes sont pris en flagrant d\u00e9lit dans un pays de l&#39;OTAN\",\"datePublished\":\"2026-01-06T20:56:13+00:00\",\"dateModified\":\"2026-01-06T20:56:16+00:00\",\"mainEntityOfPage\":{\"@id\":\"https:\/\/www.svalbard.fr\/actualites\/les-craintes-liees-a-la-troisieme-guerre-mondiale-eclatent-alors-que-les-infiltres-russes-sont-pris-en-flagrant-delit-dans-un-pays-de-lotan\/\"},\"wordCount\":460,\"publisher\":{\"@id\":\"https:\/\/www.svalbard.fr\/actualites\/#organization\"},\"keywords\":[\"alors\",\"craintes\",\"dans\",\"d\u00e9lit\",\"\u00e9clatent\",\"flagrant\",\"guerre\",\"infiltr\u00e9s\",\"l39OTAN\",\"Les\",\"li\u00e9es\",\"mondiale\",\"pays\",\"pris\",\"russes\",\"sont\",\"Troisi\u00e8me\"],\"inLanguage\":\"fr-FR\"},{\"@type\":\"WebPage\",\"@id\":\"https:\/\/www.svalbard.fr\/actualites\/les-craintes-liees-a-la-troisieme-guerre-mondiale-eclatent-alors-que-les-infiltres-russes-sont-pris-en-flagrant-delit-dans-un-pays-de-lotan\/\",\"url\":\"https:\/\/www.svalbard.fr\/actualites\/les-craintes-liees-a-la-troisieme-guerre-mondiale-eclatent-alors-que-les-infiltres-russes-sont-pris-en-flagrant-delit-dans-un-pays-de-lotan\/\",\"name\":\"Les craintes li\u00e9es \u00e0 la Troisi\u00e8me Guerre mondiale \u00e9clatent alors que les infiltr\u00e9s russes sont pris en flagrant d\u00e9lit dans un pays de l&#39;OTAN\",\"isPartOf\":{\"@id\":\"https:\/\/www.svalbard.fr\/actualites\/#website\"},\"datePublished\":\"2026-01-06T20:56:13+00:00\",\"dateModified\":\"2026-01-06T20:56:16+00:00\",\"breadcrumb\":{\"@id\":\"https:\/\/www.svalbard.fr\/actualites\/les-craintes-liees-a-la-troisieme-guerre-mondiale-eclatent-alors-que-les-infiltres-russes-sont-pris-en-flagrant-delit-dans-un-pays-de-lotan\/#breadcrumb\"},\"inLanguage\":\"fr-FR\",\"potentialAction\":[{\"@type\":\"ReadAction\",\"target\":[\"https:\/\/www.svalbard.fr\/actualites\/les-craintes-liees-a-la-troisieme-guerre-mondiale-eclatent-alors-que-les-infiltres-russes-sont-pris-en-flagrant-delit-dans-un-pays-de-lotan\/\"]}]},{\"@type\":\"BreadcrumbList\",\"@id\":\"https:\/\/www.svalbard.fr\/actualites\/les-craintes-liees-a-la-troisieme-guerre-mondiale-eclatent-alors-que-les-infiltres-russes-sont-pris-en-flagrant-delit-dans-un-pays-de-lotan\/#breadcrumb\",\"itemListElement\":[{\"@type\":\"ListItem\",\"position\":1,\"name\":\"Accueil\",\"item\":\"https:\/\/www.svalbard.fr\/actualites\/\"},{\"@type\":\"ListItem\",\"position\":2,\"name\":\"Les craintes li\u00e9es \u00e0 la Troisi\u00e8me Guerre mondiale \u00e9clatent alors que les infiltr\u00e9s russes sont pris en flagrant d\u00e9lit dans un pays de l&#39;OTAN\"}]},{\"@type\":\"WebSite\",\"@id\":\"https:\/\/www.svalbard.fr\/actualites\/#website\",\"url\":\"https:\/\/www.svalbard.fr\/actualites\/\",\"name\":\"www.Svalbard.fr\",\"description\":\"\",\"publisher\":{\"@id\":\"https:\/\/www.svalbard.fr\/actualites\/#organization\"},\"potentialAction\":[{\"@type\":\"SearchAction\",\"target\":{\"@type\":\"EntryPoint\",\"urlTemplate\":\"https:\/\/www.svalbard.fr\/actualites\/?s={search_term_string}\"},\"query-input\":\"required name=search_term_string\"}],\"inLanguage\":\"fr-FR\"},{\"@type\":\"Organization\",\"@id\":\"https:\/\/www.svalbard.fr\/actualites\/#organization\",\"name\":\"www.Svalbard.fr\",\"url\":\"https:\/\/www.svalbard.fr\/actualites\/\",\"logo\":{\"@type\":\"ImageObject\",\"inLanguage\":\"fr-FR\",\"@id\":\"https:\/\/www.svalbard.fr\/actualites\/#\/schema\/logo\/image\/\",\"url\":\"https:\/\/www.svalbard.fr\/actualites\/wp-content\/uploads\/2023\/09\/head-nom.jpg\",\"contentUrl\":\"https:\/\/www.svalbard.fr\/actualites\/wp-content\/uploads\/2023\/09\/head-nom.jpg\",\"width\":264,\"height\":35,\"caption\":\"www.Svalbard.fr\"},\"image\":{\"@id\":\"https:\/\/www.svalbard.fr\/actualites\/#\/schema\/logo\/image\/\"}},{\"@type\":\"Person\",\"@id\":\"https:\/\/www.svalbard.fr\/actualites\/#\/schema\/person\/a2f937d5712222366738fae98755c600\",\"name\":\"Hilmar\",\"image\":{\"@type\":\"ImageObject\",\"inLanguage\":\"fr-FR\",\"@id\":\"https:\/\/www.svalbard.fr\/actualites\/#\/schema\/person\/image\/\",\"url\":\"https:\/\/secure.gravatar.com\/avatar\/4daa437093476dbc32da415c112b6512?s=96&d=mm&r=g\",\"contentUrl\":\"https:\/\/secure.gravatar.com\/avatar\/4daa437093476dbc32da415c112b6512?s=96&d=mm&r=g\",\"caption\":\"Hilmar\"},\"description\":\"Hilmar est un passionn\u00e9 des r\u00e9gions polaires, sp\u00e9cialis\u00e9 dans la r\u00e9daction d'articles sur le Spitzberg et autres destinations arctiques. Il apporte son expertise et sa passion pour l'Arctique au sein de l'\u00e9quipe de r\u00e9daction de Svalbard depuis de nombreuses ann\u00e9es.\",\"sameAs\":[\"https:\/\/www.svalbard.fr\/\"]}]}<\/script>\n<!-- \/ Yoast SEO plugin. -->","yoast_head_json":{"title":"Les craintes li\u00e9es \u00e0 la Troisi\u00e8me Guerre mondiale \u00e9clatent alors que les infiltr\u00e9s russes sont pris en flagrant d\u00e9lit dans un pays de l&#39;OTAN","robots":{"index":"index","follow":"follow","max-snippet":"max-snippet:-1","max-image-preview":"max-image-preview:large","max-video-preview":"max-video-preview:-1"},"canonical":"https:\/\/www.svalbard.fr\/actualites\/les-craintes-liees-a-la-troisieme-guerre-mondiale-eclatent-alors-que-les-infiltres-russes-sont-pris-en-flagrant-delit-dans-un-pays-de-lotan\/","og_locale":"fr_FR","og_type":"article","og_title":"Les craintes li\u00e9es \u00e0 la Troisi\u00e8me Guerre mondiale \u00e9clatent alors que les infiltr\u00e9s russes sont pris en flagrant d\u00e9lit dans un pays de l&#39;OTAN","og_description":"Des infiltr\u00e9s russes ont \u00e9t\u00e9 captur\u00e9s \u00e0 l\u2019int\u00e9rieur d\u2019un pays de l\u2019OTAN, alors que le Kremlin intensifie sa guerre hybride contre l\u2019Occident. La Norv\u00e8ge partage","og_url":"https:\/\/www.svalbard.fr\/actualites\/les-craintes-liees-a-la-troisieme-guerre-mondiale-eclatent-alors-que-les-infiltres-russes-sont-pris-en-flagrant-delit-dans-un-pays-de-lotan\/","og_site_name":"www.Svalbard.fr","article_published_time":"2026-01-06T20:56:13+00:00","article_modified_time":"2026-01-06T20:56:16+00:00","og_image":[{"width":1200,"height":630,"url":"https:\/\/www.svalbard.fr\/actualites\/wp-content\/uploads\/2026\/01\/Les-craintes-liees-a-la-Troisieme-Guerre-mondiale-eclatent-alors.jpg","type":"image\/jpeg"}],"author":"Hilmar","twitter_card":"summary_large_image","twitter_misc":{"\u00c9crit par":"Hilmar","Dur\u00e9e de lecture estim\u00e9e":"2 minutes"},"schema":{"@context":"https:\/\/schema.org","@graph":[{"@type":"Article","@id":"https:\/\/www.svalbard.fr\/actualites\/les-craintes-liees-a-la-troisieme-guerre-mondiale-eclatent-alors-que-les-infiltres-russes-sont-pris-en-flagrant-delit-dans-un-pays-de-lotan\/#article","isPartOf":{"@id":"https:\/\/www.svalbard.fr\/actualites\/les-craintes-liees-a-la-troisieme-guerre-mondiale-eclatent-alors-que-les-infiltres-russes-sont-pris-en-flagrant-delit-dans-un-pays-de-lotan\/"},"author":{"name":"Hilmar","@id":"https:\/\/www.svalbard.fr\/actualites\/#\/schema\/person\/a2f937d5712222366738fae98755c600"},"headline":"Les craintes li\u00e9es \u00e0 la Troisi\u00e8me Guerre mondiale \u00e9clatent alors que les infiltr\u00e9s russes sont pris en flagrant d\u00e9lit dans un pays de l&#39;OTAN","datePublished":"2026-01-06T20:56:13+00:00","dateModified":"2026-01-06T20:56:16+00:00","mainEntityOfPage":{"@id":"https:\/\/www.svalbard.fr\/actualites\/les-craintes-liees-a-la-troisieme-guerre-mondiale-eclatent-alors-que-les-infiltres-russes-sont-pris-en-flagrant-delit-dans-un-pays-de-lotan\/"},"wordCount":460,"publisher":{"@id":"https:\/\/www.svalbard.fr\/actualites\/#organization"},"keywords":["alors","craintes","dans","d\u00e9lit","\u00e9clatent","flagrant","guerre","infiltr\u00e9s","l39OTAN","Les","li\u00e9es","mondiale","pays","pris","russes","sont","Troisi\u00e8me"],"inLanguage":"fr-FR"},{"@type":"WebPage","@id":"https:\/\/www.svalbard.fr\/actualites\/les-craintes-liees-a-la-troisieme-guerre-mondiale-eclatent-alors-que-les-infiltres-russes-sont-pris-en-flagrant-delit-dans-un-pays-de-lotan\/","url":"https:\/\/www.svalbard.fr\/actualites\/les-craintes-liees-a-la-troisieme-guerre-mondiale-eclatent-alors-que-les-infiltres-russes-sont-pris-en-flagrant-delit-dans-un-pays-de-lotan\/","name":"Les craintes li\u00e9es \u00e0 la Troisi\u00e8me Guerre mondiale \u00e9clatent alors que les infiltr\u00e9s russes sont pris en flagrant d\u00e9lit dans un pays de l&#39;OTAN","isPartOf":{"@id":"https:\/\/www.svalbard.fr\/actualites\/#website"},"datePublished":"2026-01-06T20:56:13+00:00","dateModified":"2026-01-06T20:56:16+00:00","breadcrumb":{"@id":"https:\/\/www.svalbard.fr\/actualites\/les-craintes-liees-a-la-troisieme-guerre-mondiale-eclatent-alors-que-les-infiltres-russes-sont-pris-en-flagrant-delit-dans-un-pays-de-lotan\/#breadcrumb"},"inLanguage":"fr-FR","potentialAction":[{"@type":"ReadAction","target":["https:\/\/www.svalbard.fr\/actualites\/les-craintes-liees-a-la-troisieme-guerre-mondiale-eclatent-alors-que-les-infiltres-russes-sont-pris-en-flagrant-delit-dans-un-pays-de-lotan\/"]}]},{"@type":"BreadcrumbList","@id":"https:\/\/www.svalbard.fr\/actualites\/les-craintes-liees-a-la-troisieme-guerre-mondiale-eclatent-alors-que-les-infiltres-russes-sont-pris-en-flagrant-delit-dans-un-pays-de-lotan\/#breadcrumb","itemListElement":[{"@type":"ListItem","position":1,"name":"Accueil","item":"https:\/\/www.svalbard.fr\/actualites\/"},{"@type":"ListItem","position":2,"name":"Les craintes li\u00e9es \u00e0 la Troisi\u00e8me Guerre mondiale \u00e9clatent alors que les infiltr\u00e9s russes sont pris en flagrant d\u00e9lit dans un pays de l&#39;OTAN"}]},{"@type":"WebSite","@id":"https:\/\/www.svalbard.fr\/actualites\/#website","url":"https:\/\/www.svalbard.fr\/actualites\/","name":"www.Svalbard.fr","description":"","publisher":{"@id":"https:\/\/www.svalbard.fr\/actualites\/#organization"},"potentialAction":[{"@type":"SearchAction","target":{"@type":"EntryPoint","urlTemplate":"https:\/\/www.svalbard.fr\/actualites\/?s={search_term_string}"},"query-input":"required name=search_term_string"}],"inLanguage":"fr-FR"},{"@type":"Organization","@id":"https:\/\/www.svalbard.fr\/actualites\/#organization","name":"www.Svalbard.fr","url":"https:\/\/www.svalbard.fr\/actualites\/","logo":{"@type":"ImageObject","inLanguage":"fr-FR","@id":"https:\/\/www.svalbard.fr\/actualites\/#\/schema\/logo\/image\/","url":"https:\/\/www.svalbard.fr\/actualites\/wp-content\/uploads\/2023\/09\/head-nom.jpg","contentUrl":"https:\/\/www.svalbard.fr\/actualites\/wp-content\/uploads\/2023\/09\/head-nom.jpg","width":264,"height":35,"caption":"www.Svalbard.fr"},"image":{"@id":"https:\/\/www.svalbard.fr\/actualites\/#\/schema\/logo\/image\/"}},{"@type":"Person","@id":"https:\/\/www.svalbard.fr\/actualites\/#\/schema\/person\/a2f937d5712222366738fae98755c600","name":"Hilmar","image":{"@type":"ImageObject","inLanguage":"fr-FR","@id":"https:\/\/www.svalbard.fr\/actualites\/#\/schema\/person\/image\/","url":"https:\/\/secure.gravatar.com\/avatar\/4daa437093476dbc32da415c112b6512?s=96&d=mm&r=g","contentUrl":"https:\/\/secure.gravatar.com\/avatar\/4daa437093476dbc32da415c112b6512?s=96&d=mm&r=g","caption":"Hilmar"},"description":"Hilmar est un passionn\u00e9 des r\u00e9gions polaires, sp\u00e9cialis\u00e9 dans la r\u00e9daction d'articles sur le Spitzberg et autres destinations arctiques. Il apporte son expertise et sa passion pour l'Arctique au sein de l'\u00e9quipe de r\u00e9daction de Svalbard depuis de nombreuses ann\u00e9es.","sameAs":["https:\/\/www.svalbard.fr\/"]}]}},"_links":{"self":[{"href":"https:\/\/www.svalbard.fr\/actualites\/wp-json\/wp\/v2\/posts\/5166"}],"collection":[{"href":"https:\/\/www.svalbard.fr\/actualites\/wp-json\/wp\/v2\/posts"}],"about":[{"href":"https:\/\/www.svalbard.fr\/actualites\/wp-json\/wp\/v2\/types\/post"}],"author":[{"embeddable":true,"href":"https:\/\/www.svalbard.fr\/actualites\/wp-json\/wp\/v2\/users\/1"}],"replies":[{"embeddable":true,"href":"https:\/\/www.svalbard.fr\/actualites\/wp-json\/wp\/v2\/comments?post=5166"}],"version-history":[{"count":1,"href":"https:\/\/www.svalbard.fr\/actualites\/wp-json\/wp\/v2\/posts\/5166\/revisions"}],"predecessor-version":[{"id":5168,"href":"https:\/\/www.svalbard.fr\/actualites\/wp-json\/wp\/v2\/posts\/5166\/revisions\/5168"}],"wp:featuredmedia":[{"embeddable":true,"href":"https:\/\/www.svalbard.fr\/actualites\/wp-json\/wp\/v2\/media\/5167"}],"wp:attachment":[{"href":"https:\/\/www.svalbard.fr\/actualites\/wp-json\/wp\/v2\/media?parent=5166"}],"wp:term":[{"taxonomy":"category","embeddable":true,"href":"https:\/\/www.svalbard.fr\/actualites\/wp-json\/wp\/v2\/categories?post=5166"},{"taxonomy":"post_tag","embeddable":true,"href":"https:\/\/www.svalbard.fr\/actualites\/wp-json\/wp\/v2\/tags?post=5166"}],"curies":[{"name":"wp","href":"https:\/\/api.w.org\/{rel}","templated":true}]}}