{"id":5169,"date":"2026-01-07T12:57:28","date_gmt":"2026-01-07T11:57:28","guid":{"rendered":"https:\/\/www.svalbard.fr\/actualites\/vladimir-poutine-a-fait-planter-le-drapeau-russe-sous-larctique-dans-le-cadre-dune-revendication-territoriale-majeure\/"},"modified":"2026-01-07T12:57:30","modified_gmt":"2026-01-07T11:57:30","slug":"vladimir-poutine-a-fait-planter-le-drapeau-russe-sous-larctique-dans-le-cadre-dune-revendication-territoriale-majeure","status":"publish","type":"post","link":"https:\/\/www.svalbard.fr\/actualites\/vladimir-poutine-a-fait-planter-le-drapeau-russe-sous-larctique-dans-le-cadre-dune-revendication-territoriale-majeure\/","title":{"rendered":"Vladimir Poutine a fait planter le drapeau russe sous l&#39;Arctique dans le cadre d&#39;une revendication territoriale majeure"},"content":{"rendered":"<div>\n<p>Contrairement \u00e0 la grande majorit\u00e9 de la plan\u00e8te, l\u2019Extr\u00eame-Arctique est une zone internationalement neutre. Aucun pays n\u2019est propri\u00e9taire de l\u2019Arctique ; au lieu de cela, il est divis\u00e9 entre huit \u00c9tats arctiques : le Canada, le Danemark (via le Groenland), la Finlande, l\u2019Islande, la Norv\u00e8ge, la Su\u00e8de, les \u00c9tats-Unis (via l\u2019Alaska) et la Russie, pour les terres ou les eaux situ\u00e9es dans un rayon de 200 milles marins de leurs c\u00f4tes. La zone au-del\u00e0 de ces zones \u00e9conomiques exclusives (ZEE), y compris le p\u00f4le Nord, est consid\u00e9r\u00e9e comme des eaux internationales, ouvertes \u00e0 la navigation \u00e0 tous les pays.  <\/p>\n<p data-mce-linkchecker-status=\"valid\">Il est crucial de noter qu&#39;une grande partie des fonds marins du centre de l&#39;oc\u00e9an Arctique reste un sujet de droit international et de revendications concurrentes, notamment en ce qui concerne les ressources potentielles en p\u00e9trole, en gaz et en min\u00e9raux. Cependant, le changement climatique a d\u00e9clench\u00e9 un niveau d\u2019activit\u00e9 inhabituel dans cette r\u00e9gion isol\u00e9e, la gestion \u00e9tant soudainement remise en question en raison de l\u2019isolement de la Russie \u00e0 cause de sa guerre en Ukraine. Le conflit a mis en p\u00e9ril le statu quo peu conflictuel, mena\u00e7ant la coop\u00e9ration qui existe depuis la fin de la guerre froide.<\/p>\n<\/div>\n<div>\n<p>La derni\u00e8re strat\u00e9gie arctique de la Russie, d\u00e9crite dans sa Strat\u00e9gie arctique \u00e0 l&#39;horizon 2035, se concentre sur un d\u00e9veloppement \u00e9conomique affirm\u00e9, comme la route maritime du Nord, un renforcement militaire important et le renforcement du contr\u00f4le f\u00e9d\u00e9ral. Vladimir Poutine y \u00e9tend rapidement sa pr\u00e9sence militaire, rouvrant les bases de la guerre froide, augmentant le nombre de ses troupes et renfor\u00e7ant la d\u00e9fense a\u00e9rienne pour contrer les menaces per\u00e7ues par l&#39;OTAN et prot\u00e9ger son territoire.<\/p>\n<p>Cependant, ce n\u2019est pas la premi\u00e8re fois que Moscou suscite une controverse dans la r\u00e9gion arctique. Le 2 ao\u00fbt 2007, une exp\u00e9dition russe, connue sous le nom d&#39;Arktika 2007, a vu la toute premi\u00e8re descente en \u00e9quipage jusqu&#39;au fond de l&#39;oc\u00e9an au p\u00f4le Nord. Six explorateurs, dirig\u00e9s par Artur Chilingarov, ont utilis\u00e9 des submersibles MIR. En plus d&#39;avoir largu\u00e9 un tube en titane contenant le drapeau russe, l&#39;\u00e9quipe a collect\u00e9 des sp\u00e9cimens de flore et de faune arctiques et aurait enregistr\u00e9 des vid\u00e9os des plong\u00e9es.<\/p>\n<p>Le \u00ab P\u00f4le Nord-35 \u00bb (NP-35), une station de glace d\u00e9rivante habit\u00e9e, a \u00e9galement \u00e9t\u00e9 cr\u00e9\u00e9. <\/p>\n<\/div>\n<div>\n<p>Cette d\u00e9cision a \u00e9t\u00e9 orchestr\u00e9e dans le cadre du plan du gouvernement visant \u00e0 revendiquer pr\u00e8s de la moiti\u00e9 des fonds marins de l&#39;Arctique, affirmant que la dorsale Lomonossov est une extension du plateau continental russe et, par cons\u00e9quent, du territoire russe.<\/p>\n<p>Le ministre russe des Affaires \u00e9trang\u00e8res, Sergue\u00ef Lavrov, a ignor\u00e9 les critiques, affirmant que les affirmations de la Russie \u00e9taient fond\u00e9es et qu&#39;elles pourraient, avec le temps, \u00eatre \u00e9tablies comme des faits : \u00ab Le but de cette exp\u00e9dition n&#39;est pas de revendiquer les droits de la Russie, mais de prouver que notre plateau s&#39;\u00e9tend jusqu&#39;au p\u00f4le Nord \u00bb, a-t-il d\u00e9clar\u00e9. \u00ab\u00a0Il existe des m\u00e9thodes scientifiques concr\u00e8tes pour cela.\u00a0\u00bb <\/p>\n<p data-mce-linkchecker-status=\"valid\">Poutine a appel\u00e9 les membres de la mission pour les remercier personnellement, soulignant ainsi l&#39;importance de cette d\u00e9cision. Puis, en janvier 2008, trois membres de l&#39;exp\u00e9dition, dont Chilingarov, ont re\u00e7u le titre de H\u00e9ros de la F\u00e9d\u00e9ration de Russie \u00ab pour le courage et l&#39;h\u00e9ro\u00efsme d\u00e9montr\u00e9s dans des conditions extr\u00eames et pour la r\u00e9ussite de l&#39;exp\u00e9dition en eaux profondes de l&#39;Arctique aux hautes latitudes \u00bb.<\/p>\n<\/div>\n<div>\n<p>Cette d\u00e9cision a \u00e9t\u00e9 critiqu\u00e9e par d\u2019autres pays. L&#39;ancien ministre canadien des Affaires \u00e9trang\u00e8res Peter MacKay a d\u00e9clar\u00e9 : \u00ab\u00a0Nous ne sommes pas au XVe si\u00e8cle. Vous ne pouvez pas faire le tour du monde et simplement planter des drapeaux et dire &#39;Nous revendiquons ce territoire&#39;.\u00a0\u00bb <\/p>\n<p>Par ailleurs, l&#39;ancien porte-parole du D\u00e9partement d&#39;\u00c9tat am\u00e9ricain, Tom Casey, a d\u00e9clar\u00e9 que planter le drapeau \u00ab\u00a0n&#39;a aucune valeur juridique ni aucun effet sur cette affirmation\u00a0\u00bb.<\/p>\n<p>Puis, en 2018, 14 marins russes ont \u00e9t\u00e9 tu\u00e9s dans l\u2019incendie d\u2019un sous-marin nucl\u00e9aire lors d\u2019une mission top secr\u00e8te sous le p\u00f4le Nord. Il est apparu plus tard que le sous-marin nucl\u00e9aire AS-12, surnomm\u00e9 Losharik, \u00e9tait \u00e0 la t\u00eate du plan de Poutine visant \u00e0 revendiquer et \u00e0 extraire des combustibles fossiles et des pierres pr\u00e9cieuses sous la glace arctique.<\/p>\n<p>Plus r\u00e9cemment encore, en octobre dernier, le ministre norv\u00e9gien de la D\u00e9fense, Tore Sandvik, a d\u00e9clar\u00e9 que son pays \u00e9tait conscient de l&#39;augmentation du d\u00e9veloppement d&#39;armes dans la p\u00e9ninsule russe de Kola. La p\u00e9ninsule abrite la flotte russe du Nord et abrite une partie de l&#39;arsenal nucl\u00e9aire du Kremlin. M. Sandvik a \u00e9galement averti que Poutine souhaitait obtenir le contr\u00f4le naval total de la r\u00e9gion arctique, ce qui permettrait \u00e0 la Russie de couper plus facilement l&#39;acc\u00e8s de l&#39;OTAN aux principales routes maritimes qui contribueraient au r\u00e9approvisionnement des forces occidentales en temps de guerre.<\/p>\n<\/div>\n","protected":false},"excerpt":{"rendered":"<p>Contrairement \u00e0 la grande majorit\u00e9 de la plan\u00e8te, l\u2019Extr\u00eame-Arctique est une zone internationalement neutre. Aucun pays n\u2019est propri\u00e9taire de l\u2019Arctique ; au lieu de cela,<\/p>\n","protected":false},"author":1,"featured_media":5170,"comment_status":"closed","ping_status":"","sticky":false,"template":"","format":"standard","meta":{"footnotes":""},"categories":[2277],"tags":[552,1496,54,5499,20,1303,1908,5497,719,5501,722,494,5503,1948],"yoast_head":"<!-- This site is optimized with the Yoast SEO plugin v21.0 - https:\/\/yoast.com\/wordpress\/plugins\/seo\/ -->\n<title>Vladimir Poutine a fait planter le drapeau russe sous l&#039;Arctique dans le cadre d&#039;une revendication territoriale majeure<\/title>\n<meta name=\"robots\" content=\"index, follow, max-snippet:-1, max-image-preview:large, max-video-preview:-1\" \/>\n<link rel=\"canonical\" href=\"https:\/\/www.svalbard.fr\/actualites\/vladimir-poutine-a-fait-planter-le-drapeau-russe-sous-larctique-dans-le-cadre-dune-revendication-territoriale-majeure\/\" \/>\n<meta property=\"og:locale\" content=\"fr_FR\" \/>\n<meta property=\"og:type\" content=\"article\" \/>\n<meta property=\"og:title\" content=\"Vladimir Poutine a fait planter le drapeau russe sous l&#039;Arctique dans le cadre d&#039;une revendication territoriale majeure\" \/>\n<meta property=\"og:description\" content=\"Contrairement \u00e0 la grande majorit\u00e9 de la plan\u00e8te, l\u2019Extr\u00eame-Arctique est une zone internationalement neutre. Aucun pays n\u2019est propri\u00e9taire de l\u2019Arctique ; au lieu de cela,\" \/>\n<meta property=\"og:url\" content=\"https:\/\/www.svalbard.fr\/actualites\/vladimir-poutine-a-fait-planter-le-drapeau-russe-sous-larctique-dans-le-cadre-dune-revendication-territoriale-majeure\/\" \/>\n<meta property=\"og:site_name\" content=\"www.Svalbard.fr\" \/>\n<meta property=\"article:published_time\" content=\"2026-01-07T11:57:28+00:00\" \/>\n<meta property=\"article:modified_time\" content=\"2026-01-07T11:57:30+00:00\" \/>\n<meta property=\"og:image\" content=\"https:\/\/www.svalbard.fr\/actualites\/wp-content\/uploads\/2026\/01\/Vladimir-Poutine-a-fait-planter-le-drapeau-russe-sous-l39Arctique.jpg\" \/>\n\t<meta property=\"og:image:width\" content=\"1200\" \/>\n\t<meta property=\"og:image:height\" content=\"630\" \/>\n\t<meta property=\"og:image:type\" content=\"image\/jpeg\" \/>\n<meta name=\"author\" content=\"Hilmar\" \/>\n<meta name=\"twitter:card\" content=\"summary_large_image\" \/>\n<meta name=\"twitter:label1\" content=\"\u00c9crit par\" \/>\n\t<meta name=\"twitter:data1\" content=\"Hilmar\" \/>\n\t<meta name=\"twitter:label2\" content=\"Dur\u00e9e de lecture estim\u00e9e\" \/>\n\t<meta name=\"twitter:data2\" content=\"4 minutes\" \/>\n<script type=\"application\/ld+json\" class=\"yoast-schema-graph\">{\"@context\":\"https:\/\/schema.org\",\"@graph\":[{\"@type\":\"Article\",\"@id\":\"https:\/\/www.svalbard.fr\/actualites\/vladimir-poutine-a-fait-planter-le-drapeau-russe-sous-larctique-dans-le-cadre-dune-revendication-territoriale-majeure\/#article\",\"isPartOf\":{\"@id\":\"https:\/\/www.svalbard.fr\/actualites\/vladimir-poutine-a-fait-planter-le-drapeau-russe-sous-larctique-dans-le-cadre-dune-revendication-territoriale-majeure\/\"},\"author\":{\"name\":\"Hilmar\",\"@id\":\"https:\/\/www.svalbard.fr\/actualites\/#\/schema\/person\/a2f937d5712222366738fae98755c600\"},\"headline\":\"Vladimir Poutine a fait planter le drapeau russe sous l&#39;Arctique dans le cadre d&#39;une revendication territoriale majeure\",\"datePublished\":\"2026-01-07T11:57:28+00:00\",\"dateModified\":\"2026-01-07T11:57:30+00:00\",\"mainEntityOfPage\":{\"@id\":\"https:\/\/www.svalbard.fr\/actualites\/vladimir-poutine-a-fait-planter-le-drapeau-russe-sous-larctique-dans-le-cadre-dune-revendication-territoriale-majeure\/\"},\"wordCount\":905,\"publisher\":{\"@id\":\"https:\/\/www.svalbard.fr\/actualites\/#organization\"},\"keywords\":[\"cadre\",\"d39une\",\"dans\",\"drapeau\",\"fait\",\"l39Arctique\",\"majeure\",\"planter\",\"Poutine\",\"revendication\",\"russe\",\"sous\",\"territoriale\",\"Vladimir\"],\"inLanguage\":\"fr-FR\"},{\"@type\":\"WebPage\",\"@id\":\"https:\/\/www.svalbard.fr\/actualites\/vladimir-poutine-a-fait-planter-le-drapeau-russe-sous-larctique-dans-le-cadre-dune-revendication-territoriale-majeure\/\",\"url\":\"https:\/\/www.svalbard.fr\/actualites\/vladimir-poutine-a-fait-planter-le-drapeau-russe-sous-larctique-dans-le-cadre-dune-revendication-territoriale-majeure\/\",\"name\":\"Vladimir Poutine a fait planter le drapeau russe sous l&#39;Arctique dans le cadre d&#39;une revendication territoriale majeure\",\"isPartOf\":{\"@id\":\"https:\/\/www.svalbard.fr\/actualites\/#website\"},\"datePublished\":\"2026-01-07T11:57:28+00:00\",\"dateModified\":\"2026-01-07T11:57:30+00:00\",\"breadcrumb\":{\"@id\":\"https:\/\/www.svalbard.fr\/actualites\/vladimir-poutine-a-fait-planter-le-drapeau-russe-sous-larctique-dans-le-cadre-dune-revendication-territoriale-majeure\/#breadcrumb\"},\"inLanguage\":\"fr-FR\",\"potentialAction\":[{\"@type\":\"ReadAction\",\"target\":[\"https:\/\/www.svalbard.fr\/actualites\/vladimir-poutine-a-fait-planter-le-drapeau-russe-sous-larctique-dans-le-cadre-dune-revendication-territoriale-majeure\/\"]}]},{\"@type\":\"BreadcrumbList\",\"@id\":\"https:\/\/www.svalbard.fr\/actualites\/vladimir-poutine-a-fait-planter-le-drapeau-russe-sous-larctique-dans-le-cadre-dune-revendication-territoriale-majeure\/#breadcrumb\",\"itemListElement\":[{\"@type\":\"ListItem\",\"position\":1,\"name\":\"Accueil\",\"item\":\"https:\/\/www.svalbard.fr\/actualites\/\"},{\"@type\":\"ListItem\",\"position\":2,\"name\":\"Vladimir Poutine a fait planter le drapeau russe sous l&#39;Arctique dans le cadre d&#39;une revendication territoriale majeure\"}]},{\"@type\":\"WebSite\",\"@id\":\"https:\/\/www.svalbard.fr\/actualites\/#website\",\"url\":\"https:\/\/www.svalbard.fr\/actualites\/\",\"name\":\"www.Svalbard.fr\",\"description\":\"\",\"publisher\":{\"@id\":\"https:\/\/www.svalbard.fr\/actualites\/#organization\"},\"potentialAction\":[{\"@type\":\"SearchAction\",\"target\":{\"@type\":\"EntryPoint\",\"urlTemplate\":\"https:\/\/www.svalbard.fr\/actualites\/?s={search_term_string}\"},\"query-input\":\"required name=search_term_string\"}],\"inLanguage\":\"fr-FR\"},{\"@type\":\"Organization\",\"@id\":\"https:\/\/www.svalbard.fr\/actualites\/#organization\",\"name\":\"www.Svalbard.fr\",\"url\":\"https:\/\/www.svalbard.fr\/actualites\/\",\"logo\":{\"@type\":\"ImageObject\",\"inLanguage\":\"fr-FR\",\"@id\":\"https:\/\/www.svalbard.fr\/actualites\/#\/schema\/logo\/image\/\",\"url\":\"https:\/\/www.svalbard.fr\/actualites\/wp-content\/uploads\/2023\/09\/head-nom.jpg\",\"contentUrl\":\"https:\/\/www.svalbard.fr\/actualites\/wp-content\/uploads\/2023\/09\/head-nom.jpg\",\"width\":264,\"height\":35,\"caption\":\"www.Svalbard.fr\"},\"image\":{\"@id\":\"https:\/\/www.svalbard.fr\/actualites\/#\/schema\/logo\/image\/\"}},{\"@type\":\"Person\",\"@id\":\"https:\/\/www.svalbard.fr\/actualites\/#\/schema\/person\/a2f937d5712222366738fae98755c600\",\"name\":\"Hilmar\",\"image\":{\"@type\":\"ImageObject\",\"inLanguage\":\"fr-FR\",\"@id\":\"https:\/\/www.svalbard.fr\/actualites\/#\/schema\/person\/image\/\",\"url\":\"https:\/\/secure.gravatar.com\/avatar\/4daa437093476dbc32da415c112b6512?s=96&d=mm&r=g\",\"contentUrl\":\"https:\/\/secure.gravatar.com\/avatar\/4daa437093476dbc32da415c112b6512?s=96&d=mm&r=g\",\"caption\":\"Hilmar\"},\"description\":\"Hilmar est un passionn\u00e9 des r\u00e9gions polaires, sp\u00e9cialis\u00e9 dans la r\u00e9daction d'articles sur le Spitzberg et autres destinations arctiques. Il apporte son expertise et sa passion pour l'Arctique au sein de l'\u00e9quipe de r\u00e9daction de Svalbard depuis de nombreuses ann\u00e9es.\",\"sameAs\":[\"https:\/\/www.svalbard.fr\/\"]}]}<\/script>\n<!-- \/ Yoast SEO plugin. -->","yoast_head_json":{"title":"Vladimir Poutine a fait planter le drapeau russe sous l&#39;Arctique dans le cadre d&#39;une revendication territoriale majeure","robots":{"index":"index","follow":"follow","max-snippet":"max-snippet:-1","max-image-preview":"max-image-preview:large","max-video-preview":"max-video-preview:-1"},"canonical":"https:\/\/www.svalbard.fr\/actualites\/vladimir-poutine-a-fait-planter-le-drapeau-russe-sous-larctique-dans-le-cadre-dune-revendication-territoriale-majeure\/","og_locale":"fr_FR","og_type":"article","og_title":"Vladimir Poutine a fait planter le drapeau russe sous l&#39;Arctique dans le cadre d&#39;une revendication territoriale majeure","og_description":"Contrairement \u00e0 la grande majorit\u00e9 de la plan\u00e8te, l\u2019Extr\u00eame-Arctique est une zone internationalement neutre. Aucun pays n\u2019est propri\u00e9taire de l\u2019Arctique ; au lieu de cela,","og_url":"https:\/\/www.svalbard.fr\/actualites\/vladimir-poutine-a-fait-planter-le-drapeau-russe-sous-larctique-dans-le-cadre-dune-revendication-territoriale-majeure\/","og_site_name":"www.Svalbard.fr","article_published_time":"2026-01-07T11:57:28+00:00","article_modified_time":"2026-01-07T11:57:30+00:00","og_image":[{"width":1200,"height":630,"url":"https:\/\/www.svalbard.fr\/actualites\/wp-content\/uploads\/2026\/01\/Vladimir-Poutine-a-fait-planter-le-drapeau-russe-sous-l39Arctique.jpg","type":"image\/jpeg"}],"author":"Hilmar","twitter_card":"summary_large_image","twitter_misc":{"\u00c9crit par":"Hilmar","Dur\u00e9e de lecture estim\u00e9e":"4 minutes"},"schema":{"@context":"https:\/\/schema.org","@graph":[{"@type":"Article","@id":"https:\/\/www.svalbard.fr\/actualites\/vladimir-poutine-a-fait-planter-le-drapeau-russe-sous-larctique-dans-le-cadre-dune-revendication-territoriale-majeure\/#article","isPartOf":{"@id":"https:\/\/www.svalbard.fr\/actualites\/vladimir-poutine-a-fait-planter-le-drapeau-russe-sous-larctique-dans-le-cadre-dune-revendication-territoriale-majeure\/"},"author":{"name":"Hilmar","@id":"https:\/\/www.svalbard.fr\/actualites\/#\/schema\/person\/a2f937d5712222366738fae98755c600"},"headline":"Vladimir Poutine a fait planter le drapeau russe sous l&#39;Arctique dans le cadre d&#39;une revendication territoriale majeure","datePublished":"2026-01-07T11:57:28+00:00","dateModified":"2026-01-07T11:57:30+00:00","mainEntityOfPage":{"@id":"https:\/\/www.svalbard.fr\/actualites\/vladimir-poutine-a-fait-planter-le-drapeau-russe-sous-larctique-dans-le-cadre-dune-revendication-territoriale-majeure\/"},"wordCount":905,"publisher":{"@id":"https:\/\/www.svalbard.fr\/actualites\/#organization"},"keywords":["cadre","d39une","dans","drapeau","fait","l39Arctique","majeure","planter","Poutine","revendication","russe","sous","territoriale","Vladimir"],"inLanguage":"fr-FR"},{"@type":"WebPage","@id":"https:\/\/www.svalbard.fr\/actualites\/vladimir-poutine-a-fait-planter-le-drapeau-russe-sous-larctique-dans-le-cadre-dune-revendication-territoriale-majeure\/","url":"https:\/\/www.svalbard.fr\/actualites\/vladimir-poutine-a-fait-planter-le-drapeau-russe-sous-larctique-dans-le-cadre-dune-revendication-territoriale-majeure\/","name":"Vladimir Poutine a fait planter le drapeau russe sous l&#39;Arctique dans le cadre d&#39;une revendication territoriale majeure","isPartOf":{"@id":"https:\/\/www.svalbard.fr\/actualites\/#website"},"datePublished":"2026-01-07T11:57:28+00:00","dateModified":"2026-01-07T11:57:30+00:00","breadcrumb":{"@id":"https:\/\/www.svalbard.fr\/actualites\/vladimir-poutine-a-fait-planter-le-drapeau-russe-sous-larctique-dans-le-cadre-dune-revendication-territoriale-majeure\/#breadcrumb"},"inLanguage":"fr-FR","potentialAction":[{"@type":"ReadAction","target":["https:\/\/www.svalbard.fr\/actualites\/vladimir-poutine-a-fait-planter-le-drapeau-russe-sous-larctique-dans-le-cadre-dune-revendication-territoriale-majeure\/"]}]},{"@type":"BreadcrumbList","@id":"https:\/\/www.svalbard.fr\/actualites\/vladimir-poutine-a-fait-planter-le-drapeau-russe-sous-larctique-dans-le-cadre-dune-revendication-territoriale-majeure\/#breadcrumb","itemListElement":[{"@type":"ListItem","position":1,"name":"Accueil","item":"https:\/\/www.svalbard.fr\/actualites\/"},{"@type":"ListItem","position":2,"name":"Vladimir Poutine a fait planter le drapeau russe sous l&#39;Arctique dans le cadre d&#39;une revendication territoriale majeure"}]},{"@type":"WebSite","@id":"https:\/\/www.svalbard.fr\/actualites\/#website","url":"https:\/\/www.svalbard.fr\/actualites\/","name":"www.Svalbard.fr","description":"","publisher":{"@id":"https:\/\/www.svalbard.fr\/actualites\/#organization"},"potentialAction":[{"@type":"SearchAction","target":{"@type":"EntryPoint","urlTemplate":"https:\/\/www.svalbard.fr\/actualites\/?s={search_term_string}"},"query-input":"required name=search_term_string"}],"inLanguage":"fr-FR"},{"@type":"Organization","@id":"https:\/\/www.svalbard.fr\/actualites\/#organization","name":"www.Svalbard.fr","url":"https:\/\/www.svalbard.fr\/actualites\/","logo":{"@type":"ImageObject","inLanguage":"fr-FR","@id":"https:\/\/www.svalbard.fr\/actualites\/#\/schema\/logo\/image\/","url":"https:\/\/www.svalbard.fr\/actualites\/wp-content\/uploads\/2023\/09\/head-nom.jpg","contentUrl":"https:\/\/www.svalbard.fr\/actualites\/wp-content\/uploads\/2023\/09\/head-nom.jpg","width":264,"height":35,"caption":"www.Svalbard.fr"},"image":{"@id":"https:\/\/www.svalbard.fr\/actualites\/#\/schema\/logo\/image\/"}},{"@type":"Person","@id":"https:\/\/www.svalbard.fr\/actualites\/#\/schema\/person\/a2f937d5712222366738fae98755c600","name":"Hilmar","image":{"@type":"ImageObject","inLanguage":"fr-FR","@id":"https:\/\/www.svalbard.fr\/actualites\/#\/schema\/person\/image\/","url":"https:\/\/secure.gravatar.com\/avatar\/4daa437093476dbc32da415c112b6512?s=96&d=mm&r=g","contentUrl":"https:\/\/secure.gravatar.com\/avatar\/4daa437093476dbc32da415c112b6512?s=96&d=mm&r=g","caption":"Hilmar"},"description":"Hilmar est un passionn\u00e9 des r\u00e9gions polaires, sp\u00e9cialis\u00e9 dans la r\u00e9daction d'articles sur le Spitzberg et autres destinations arctiques. Il apporte son expertise et sa passion pour l'Arctique au sein de l'\u00e9quipe de r\u00e9daction de Svalbard depuis de nombreuses ann\u00e9es.","sameAs":["https:\/\/www.svalbard.fr\/"]}]}},"_links":{"self":[{"href":"https:\/\/www.svalbard.fr\/actualites\/wp-json\/wp\/v2\/posts\/5169"}],"collection":[{"href":"https:\/\/www.svalbard.fr\/actualites\/wp-json\/wp\/v2\/posts"}],"about":[{"href":"https:\/\/www.svalbard.fr\/actualites\/wp-json\/wp\/v2\/types\/post"}],"author":[{"embeddable":true,"href":"https:\/\/www.svalbard.fr\/actualites\/wp-json\/wp\/v2\/users\/1"}],"replies":[{"embeddable":true,"href":"https:\/\/www.svalbard.fr\/actualites\/wp-json\/wp\/v2\/comments?post=5169"}],"version-history":[{"count":1,"href":"https:\/\/www.svalbard.fr\/actualites\/wp-json\/wp\/v2\/posts\/5169\/revisions"}],"predecessor-version":[{"id":5171,"href":"https:\/\/www.svalbard.fr\/actualites\/wp-json\/wp\/v2\/posts\/5169\/revisions\/5171"}],"wp:featuredmedia":[{"embeddable":true,"href":"https:\/\/www.svalbard.fr\/actualites\/wp-json\/wp\/v2\/media\/5170"}],"wp:attachment":[{"href":"https:\/\/www.svalbard.fr\/actualites\/wp-json\/wp\/v2\/media?parent=5169"}],"wp:term":[{"taxonomy":"category","embeddable":true,"href":"https:\/\/www.svalbard.fr\/actualites\/wp-json\/wp\/v2\/categories?post=5169"},{"taxonomy":"post_tag","embeddable":true,"href":"https:\/\/www.svalbard.fr\/actualites\/wp-json\/wp\/v2\/tags?post=5169"}],"curies":[{"name":"wp","href":"https:\/\/api.w.org\/{rel}","templated":true}]}}