{"id":5174,"date":"2026-01-08T18:56:56","date_gmt":"2026-01-08T17:56:56","guid":{"rendered":"https:\/\/www.svalbard.fr\/actualites\/les-15-pays-deurope-qui-ont-deja-mis-en-place-la-conscription-selon-les-britanniques-nont-pas-lair-bien\/"},"modified":"2026-01-08T18:56:58","modified_gmt":"2026-01-08T17:56:58","slug":"les-15-pays-deurope-qui-ont-deja-mis-en-place-la-conscription-selon-les-britanniques-nont-pas-lair-bien","status":"publish","type":"post","link":"https:\/\/www.svalbard.fr\/actualites\/les-15-pays-deurope-qui-ont-deja-mis-en-place-la-conscription-selon-les-britanniques-nont-pas-lair-bien\/","title":{"rendered":"Les 15 pays d&#39;Europe qui ont d\u00e9j\u00e0 mis en place la conscription, selon les Britanniques, n&#39;ont \u00ab pas l&#39;air bien \u00bb"},"content":{"rendered":"<div>\n<p>Alors que les craintes s\u00e9curitaires grandissent dans toute l\u2019Europe en 2026, le service militaire obligatoire n\u2019est plus une relique de la guerre froide. Des pays nordiques \u00e0 la M\u00e9diterran\u00e9e, un nombre croissant de pays soit n&#39;ont jamais aboli la conscription, soit l&#39;ont activement r\u00e9tablie en r\u00e9ponse aux tensions croissantes, notamment apr\u00e8s l&#39;invasion de l&#39;Ukraine par la Russie.<\/p>\n<p>Alors que le Royaume-Uni s\u2019appuie actuellement sur un mod\u00e8le d\u2019arm\u00e9e enti\u00e8rement professionnel, les experts de la d\u00e9fense et les anciens chefs militaires avertissent de plus en plus que la Grande-Bretagne pourrait un jour \u00eatre contrainte de reconsid\u00e9rer sa d\u00e9cision. <span style=\"box-sizing: border-box; margin: 0px; padding: 0px;\">Plus t\u00f4t ce mois-ci, le professeur Richard Vinen, historien au King&#39;s College de Londres et auteur d&#39;une \u00e9tude d\u00e9finitive sur le service national d&#39;apr\u00e8s-guerre, a d\u00e9clar\u00e9 au Daily Express : \u00ab Je n&#39;ai aucune envie de vivre moi-m\u00eame une guerre mondiale.<\/span> Mais \u00e7a ne s&#39;annonce pas bien.\u00a0\u00bb<\/p>\n<p data-mce-linkchecker-status=\"valid\">Voici les 15 pays europ\u00e9ens qui ont d\u00e9j\u00e0 mis en place une forme de conscription.<\/p>\n<\/div>\n","protected":false},"excerpt":{"rendered":"<p>Alors que les craintes s\u00e9curitaires grandissent dans toute l\u2019Europe en 2026, le service militaire obligatoire n\u2019est plus une relique de la guerre froide. Des pays<\/p>\n","protected":false},"author":1,"featured_media":5175,"comment_status":"closed","ping_status":"","sticky":false,"template":"","format":"standard","meta":{"footnotes":""},"categories":[2277],"tags":[1296,317,5513,1158,969,5517,3,1122,5515,122,313,287,2045,104,247],"yoast_head":"<!-- This site is optimized with the Yoast SEO plugin v21.0 - https:\/\/yoast.com\/wordpress\/plugins\/seo\/ -->\n<title>Les 15 pays d&#039;Europe qui ont d\u00e9j\u00e0 mis en place la conscription, selon les Britanniques, n&#039;ont \u00ab pas l&#039;air bien \u00bb<\/title>\n<meta name=\"robots\" content=\"index, follow, max-snippet:-1, max-image-preview:large, max-video-preview:-1\" \/>\n<link rel=\"canonical\" href=\"https:\/\/www.svalbard.fr\/actualites\/les-15-pays-deurope-qui-ont-deja-mis-en-place-la-conscription-selon-les-britanniques-nont-pas-lair-bien\/\" \/>\n<meta property=\"og:locale\" content=\"fr_FR\" \/>\n<meta property=\"og:type\" content=\"article\" \/>\n<meta property=\"og:title\" content=\"Les 15 pays d&#039;Europe qui ont d\u00e9j\u00e0 mis en place la conscription, selon les Britanniques, n&#039;ont \u00ab pas l&#039;air bien \u00bb\" \/>\n<meta property=\"og:description\" content=\"Alors que les craintes s\u00e9curitaires grandissent dans toute l\u2019Europe en 2026, le service militaire obligatoire n\u2019est plus une relique de la guerre froide. Des pays\" \/>\n<meta property=\"og:url\" content=\"https:\/\/www.svalbard.fr\/actualites\/les-15-pays-deurope-qui-ont-deja-mis-en-place-la-conscription-selon-les-britanniques-nont-pas-lair-bien\/\" \/>\n<meta property=\"og:site_name\" content=\"www.Svalbard.fr\" \/>\n<meta property=\"article:published_time\" content=\"2026-01-08T17:56:56+00:00\" \/>\n<meta property=\"article:modified_time\" content=\"2026-01-08T17:56:58+00:00\" \/>\n<meta property=\"og:image\" content=\"https:\/\/www.svalbard.fr\/actualites\/wp-content\/uploads\/2026\/01\/Les-15-pays-d39Europe-qui-ont-deja-mis-en-place.jpg\" \/>\n\t<meta property=\"og:image:width\" content=\"1200\" \/>\n\t<meta property=\"og:image:height\" content=\"630\" \/>\n\t<meta property=\"og:image:type\" content=\"image\/jpeg\" \/>\n<meta name=\"author\" content=\"Hilmar\" \/>\n<meta name=\"twitter:card\" content=\"summary_large_image\" \/>\n<meta name=\"twitter:label1\" content=\"\u00c9crit par\" \/>\n\t<meta name=\"twitter:data1\" content=\"Hilmar\" \/>\n\t<meta name=\"twitter:label2\" content=\"Dur\u00e9e de lecture estim\u00e9e\" \/>\n\t<meta name=\"twitter:data2\" content=\"1 minute\" \/>\n<script type=\"application\/ld+json\" class=\"yoast-schema-graph\">{\"@context\":\"https:\/\/schema.org\",\"@graph\":[{\"@type\":\"Article\",\"@id\":\"https:\/\/www.svalbard.fr\/actualites\/les-15-pays-deurope-qui-ont-deja-mis-en-place-la-conscription-selon-les-britanniques-nont-pas-lair-bien\/#article\",\"isPartOf\":{\"@id\":\"https:\/\/www.svalbard.fr\/actualites\/les-15-pays-deurope-qui-ont-deja-mis-en-place-la-conscription-selon-les-britanniques-nont-pas-lair-bien\/\"},\"author\":{\"name\":\"Hilmar\",\"@id\":\"https:\/\/www.svalbard.fr\/actualites\/#\/schema\/person\/a2f937d5712222366738fae98755c600\"},\"headline\":\"Les 15 pays d&#39;Europe qui ont d\u00e9j\u00e0 mis en place la conscription, selon les Britanniques, n&#39;ont \u00ab pas l&#39;air bien \u00bb\",\"datePublished\":\"2026-01-08T17:56:56+00:00\",\"dateModified\":\"2026-01-08T17:56:58+00:00\",\"mainEntityOfPage\":{\"@id\":\"https:\/\/www.svalbard.fr\/actualites\/les-15-pays-deurope-qui-ont-deja-mis-en-place-la-conscription-selon-les-britanniques-nont-pas-lair-bien\/\"},\"wordCount\":207,\"publisher\":{\"@id\":\"https:\/\/www.svalbard.fr\/actualites\/#organization\"},\"keywords\":[\"bien\",\"britanniques\",\"conscription\",\"d39Europe\",\"d\u00e9j\u00e0\",\"l39air\",\"Les\",\"mis\",\"n39ont\",\"ont\",\"pas\",\"pays\",\"place\",\"qui\",\"selon\"],\"inLanguage\":\"fr-FR\"},{\"@type\":\"WebPage\",\"@id\":\"https:\/\/www.svalbard.fr\/actualites\/les-15-pays-deurope-qui-ont-deja-mis-en-place-la-conscription-selon-les-britanniques-nont-pas-lair-bien\/\",\"url\":\"https:\/\/www.svalbard.fr\/actualites\/les-15-pays-deurope-qui-ont-deja-mis-en-place-la-conscription-selon-les-britanniques-nont-pas-lair-bien\/\",\"name\":\"Les 15 pays d&#39;Europe qui ont d\u00e9j\u00e0 mis en place la conscription, selon les Britanniques, n&#39;ont \u00ab pas l&#39;air bien \u00bb\",\"isPartOf\":{\"@id\":\"https:\/\/www.svalbard.fr\/actualites\/#website\"},\"datePublished\":\"2026-01-08T17:56:56+00:00\",\"dateModified\":\"2026-01-08T17:56:58+00:00\",\"breadcrumb\":{\"@id\":\"https:\/\/www.svalbard.fr\/actualites\/les-15-pays-deurope-qui-ont-deja-mis-en-place-la-conscription-selon-les-britanniques-nont-pas-lair-bien\/#breadcrumb\"},\"inLanguage\":\"fr-FR\",\"potentialAction\":[{\"@type\":\"ReadAction\",\"target\":[\"https:\/\/www.svalbard.fr\/actualites\/les-15-pays-deurope-qui-ont-deja-mis-en-place-la-conscription-selon-les-britanniques-nont-pas-lair-bien\/\"]}]},{\"@type\":\"BreadcrumbList\",\"@id\":\"https:\/\/www.svalbard.fr\/actualites\/les-15-pays-deurope-qui-ont-deja-mis-en-place-la-conscription-selon-les-britanniques-nont-pas-lair-bien\/#breadcrumb\",\"itemListElement\":[{\"@type\":\"ListItem\",\"position\":1,\"name\":\"Accueil\",\"item\":\"https:\/\/www.svalbard.fr\/actualites\/\"},{\"@type\":\"ListItem\",\"position\":2,\"name\":\"Les 15 pays d&#39;Europe qui ont d\u00e9j\u00e0 mis en place la conscription, selon les Britanniques, n&#39;ont \u00ab pas l&#39;air bien \u00bb\"}]},{\"@type\":\"WebSite\",\"@id\":\"https:\/\/www.svalbard.fr\/actualites\/#website\",\"url\":\"https:\/\/www.svalbard.fr\/actualites\/\",\"name\":\"www.Svalbard.fr\",\"description\":\"\",\"publisher\":{\"@id\":\"https:\/\/www.svalbard.fr\/actualites\/#organization\"},\"potentialAction\":[{\"@type\":\"SearchAction\",\"target\":{\"@type\":\"EntryPoint\",\"urlTemplate\":\"https:\/\/www.svalbard.fr\/actualites\/?s={search_term_string}\"},\"query-input\":\"required name=search_term_string\"}],\"inLanguage\":\"fr-FR\"},{\"@type\":\"Organization\",\"@id\":\"https:\/\/www.svalbard.fr\/actualites\/#organization\",\"name\":\"www.Svalbard.fr\",\"url\":\"https:\/\/www.svalbard.fr\/actualites\/\",\"logo\":{\"@type\":\"ImageObject\",\"inLanguage\":\"fr-FR\",\"@id\":\"https:\/\/www.svalbard.fr\/actualites\/#\/schema\/logo\/image\/\",\"url\":\"https:\/\/www.svalbard.fr\/actualites\/wp-content\/uploads\/2023\/09\/head-nom.jpg\",\"contentUrl\":\"https:\/\/www.svalbard.fr\/actualites\/wp-content\/uploads\/2023\/09\/head-nom.jpg\",\"width\":264,\"height\":35,\"caption\":\"www.Svalbard.fr\"},\"image\":{\"@id\":\"https:\/\/www.svalbard.fr\/actualites\/#\/schema\/logo\/image\/\"}},{\"@type\":\"Person\",\"@id\":\"https:\/\/www.svalbard.fr\/actualites\/#\/schema\/person\/a2f937d5712222366738fae98755c600\",\"name\":\"Hilmar\",\"image\":{\"@type\":\"ImageObject\",\"inLanguage\":\"fr-FR\",\"@id\":\"https:\/\/www.svalbard.fr\/actualites\/#\/schema\/person\/image\/\",\"url\":\"https:\/\/secure.gravatar.com\/avatar\/4daa437093476dbc32da415c112b6512?s=96&d=mm&r=g\",\"contentUrl\":\"https:\/\/secure.gravatar.com\/avatar\/4daa437093476dbc32da415c112b6512?s=96&d=mm&r=g\",\"caption\":\"Hilmar\"},\"description\":\"Hilmar est un passionn\u00e9 des r\u00e9gions polaires, sp\u00e9cialis\u00e9 dans la r\u00e9daction d'articles sur le Spitzberg et autres destinations arctiques. Il apporte son expertise et sa passion pour l'Arctique au sein de l'\u00e9quipe de r\u00e9daction de Svalbard depuis de nombreuses ann\u00e9es.\",\"sameAs\":[\"https:\/\/www.svalbard.fr\/\"]}]}<\/script>\n<!-- \/ Yoast SEO plugin. -->","yoast_head_json":{"title":"Les 15 pays d&#39;Europe qui ont d\u00e9j\u00e0 mis en place la conscription, selon les Britanniques, n&#39;ont \u00ab pas l&#39;air bien \u00bb","robots":{"index":"index","follow":"follow","max-snippet":"max-snippet:-1","max-image-preview":"max-image-preview:large","max-video-preview":"max-video-preview:-1"},"canonical":"https:\/\/www.svalbard.fr\/actualites\/les-15-pays-deurope-qui-ont-deja-mis-en-place-la-conscription-selon-les-britanniques-nont-pas-lair-bien\/","og_locale":"fr_FR","og_type":"article","og_title":"Les 15 pays d&#39;Europe qui ont d\u00e9j\u00e0 mis en place la conscription, selon les Britanniques, n&#39;ont \u00ab pas l&#39;air bien \u00bb","og_description":"Alors que les craintes s\u00e9curitaires grandissent dans toute l\u2019Europe en 2026, le service militaire obligatoire n\u2019est plus une relique de la guerre froide. Des pays","og_url":"https:\/\/www.svalbard.fr\/actualites\/les-15-pays-deurope-qui-ont-deja-mis-en-place-la-conscription-selon-les-britanniques-nont-pas-lair-bien\/","og_site_name":"www.Svalbard.fr","article_published_time":"2026-01-08T17:56:56+00:00","article_modified_time":"2026-01-08T17:56:58+00:00","og_image":[{"width":1200,"height":630,"url":"https:\/\/www.svalbard.fr\/actualites\/wp-content\/uploads\/2026\/01\/Les-15-pays-d39Europe-qui-ont-deja-mis-en-place.jpg","type":"image\/jpeg"}],"author":"Hilmar","twitter_card":"summary_large_image","twitter_misc":{"\u00c9crit par":"Hilmar","Dur\u00e9e de lecture estim\u00e9e":"1 minute"},"schema":{"@context":"https:\/\/schema.org","@graph":[{"@type":"Article","@id":"https:\/\/www.svalbard.fr\/actualites\/les-15-pays-deurope-qui-ont-deja-mis-en-place-la-conscription-selon-les-britanniques-nont-pas-lair-bien\/#article","isPartOf":{"@id":"https:\/\/www.svalbard.fr\/actualites\/les-15-pays-deurope-qui-ont-deja-mis-en-place-la-conscription-selon-les-britanniques-nont-pas-lair-bien\/"},"author":{"name":"Hilmar","@id":"https:\/\/www.svalbard.fr\/actualites\/#\/schema\/person\/a2f937d5712222366738fae98755c600"},"headline":"Les 15 pays d&#39;Europe qui ont d\u00e9j\u00e0 mis en place la conscription, selon les Britanniques, n&#39;ont \u00ab pas l&#39;air bien \u00bb","datePublished":"2026-01-08T17:56:56+00:00","dateModified":"2026-01-08T17:56:58+00:00","mainEntityOfPage":{"@id":"https:\/\/www.svalbard.fr\/actualites\/les-15-pays-deurope-qui-ont-deja-mis-en-place-la-conscription-selon-les-britanniques-nont-pas-lair-bien\/"},"wordCount":207,"publisher":{"@id":"https:\/\/www.svalbard.fr\/actualites\/#organization"},"keywords":["bien","britanniques","conscription","d39Europe","d\u00e9j\u00e0","l39air","Les","mis","n39ont","ont","pas","pays","place","qui","selon"],"inLanguage":"fr-FR"},{"@type":"WebPage","@id":"https:\/\/www.svalbard.fr\/actualites\/les-15-pays-deurope-qui-ont-deja-mis-en-place-la-conscription-selon-les-britanniques-nont-pas-lair-bien\/","url":"https:\/\/www.svalbard.fr\/actualites\/les-15-pays-deurope-qui-ont-deja-mis-en-place-la-conscription-selon-les-britanniques-nont-pas-lair-bien\/","name":"Les 15 pays d&#39;Europe qui ont d\u00e9j\u00e0 mis en place la conscription, selon les Britanniques, n&#39;ont \u00ab pas l&#39;air bien \u00bb","isPartOf":{"@id":"https:\/\/www.svalbard.fr\/actualites\/#website"},"datePublished":"2026-01-08T17:56:56+00:00","dateModified":"2026-01-08T17:56:58+00:00","breadcrumb":{"@id":"https:\/\/www.svalbard.fr\/actualites\/les-15-pays-deurope-qui-ont-deja-mis-en-place-la-conscription-selon-les-britanniques-nont-pas-lair-bien\/#breadcrumb"},"inLanguage":"fr-FR","potentialAction":[{"@type":"ReadAction","target":["https:\/\/www.svalbard.fr\/actualites\/les-15-pays-deurope-qui-ont-deja-mis-en-place-la-conscription-selon-les-britanniques-nont-pas-lair-bien\/"]}]},{"@type":"BreadcrumbList","@id":"https:\/\/www.svalbard.fr\/actualites\/les-15-pays-deurope-qui-ont-deja-mis-en-place-la-conscription-selon-les-britanniques-nont-pas-lair-bien\/#breadcrumb","itemListElement":[{"@type":"ListItem","position":1,"name":"Accueil","item":"https:\/\/www.svalbard.fr\/actualites\/"},{"@type":"ListItem","position":2,"name":"Les 15 pays d&#39;Europe qui ont d\u00e9j\u00e0 mis en place la conscription, selon les Britanniques, n&#39;ont \u00ab pas l&#39;air bien \u00bb"}]},{"@type":"WebSite","@id":"https:\/\/www.svalbard.fr\/actualites\/#website","url":"https:\/\/www.svalbard.fr\/actualites\/","name":"www.Svalbard.fr","description":"","publisher":{"@id":"https:\/\/www.svalbard.fr\/actualites\/#organization"},"potentialAction":[{"@type":"SearchAction","target":{"@type":"EntryPoint","urlTemplate":"https:\/\/www.svalbard.fr\/actualites\/?s={search_term_string}"},"query-input":"required name=search_term_string"}],"inLanguage":"fr-FR"},{"@type":"Organization","@id":"https:\/\/www.svalbard.fr\/actualites\/#organization","name":"www.Svalbard.fr","url":"https:\/\/www.svalbard.fr\/actualites\/","logo":{"@type":"ImageObject","inLanguage":"fr-FR","@id":"https:\/\/www.svalbard.fr\/actualites\/#\/schema\/logo\/image\/","url":"https:\/\/www.svalbard.fr\/actualites\/wp-content\/uploads\/2023\/09\/head-nom.jpg","contentUrl":"https:\/\/www.svalbard.fr\/actualites\/wp-content\/uploads\/2023\/09\/head-nom.jpg","width":264,"height":35,"caption":"www.Svalbard.fr"},"image":{"@id":"https:\/\/www.svalbard.fr\/actualites\/#\/schema\/logo\/image\/"}},{"@type":"Person","@id":"https:\/\/www.svalbard.fr\/actualites\/#\/schema\/person\/a2f937d5712222366738fae98755c600","name":"Hilmar","image":{"@type":"ImageObject","inLanguage":"fr-FR","@id":"https:\/\/www.svalbard.fr\/actualites\/#\/schema\/person\/image\/","url":"https:\/\/secure.gravatar.com\/avatar\/4daa437093476dbc32da415c112b6512?s=96&d=mm&r=g","contentUrl":"https:\/\/secure.gravatar.com\/avatar\/4daa437093476dbc32da415c112b6512?s=96&d=mm&r=g","caption":"Hilmar"},"description":"Hilmar est un passionn\u00e9 des r\u00e9gions polaires, sp\u00e9cialis\u00e9 dans la r\u00e9daction d'articles sur le Spitzberg et autres destinations arctiques. Il apporte son expertise et sa passion pour l'Arctique au sein de l'\u00e9quipe de r\u00e9daction de Svalbard depuis de nombreuses ann\u00e9es.","sameAs":["https:\/\/www.svalbard.fr\/"]}]}},"_links":{"self":[{"href":"https:\/\/www.svalbard.fr\/actualites\/wp-json\/wp\/v2\/posts\/5174"}],"collection":[{"href":"https:\/\/www.svalbard.fr\/actualites\/wp-json\/wp\/v2\/posts"}],"about":[{"href":"https:\/\/www.svalbard.fr\/actualites\/wp-json\/wp\/v2\/types\/post"}],"author":[{"embeddable":true,"href":"https:\/\/www.svalbard.fr\/actualites\/wp-json\/wp\/v2\/users\/1"}],"replies":[{"embeddable":true,"href":"https:\/\/www.svalbard.fr\/actualites\/wp-json\/wp\/v2\/comments?post=5174"}],"version-history":[{"count":1,"href":"https:\/\/www.svalbard.fr\/actualites\/wp-json\/wp\/v2\/posts\/5174\/revisions"}],"predecessor-version":[{"id":5176,"href":"https:\/\/www.svalbard.fr\/actualites\/wp-json\/wp\/v2\/posts\/5174\/revisions\/5176"}],"wp:featuredmedia":[{"embeddable":true,"href":"https:\/\/www.svalbard.fr\/actualites\/wp-json\/wp\/v2\/media\/5175"}],"wp:attachment":[{"href":"https:\/\/www.svalbard.fr\/actualites\/wp-json\/wp\/v2\/media?parent=5174"}],"wp:term":[{"taxonomy":"category","embeddable":true,"href":"https:\/\/www.svalbard.fr\/actualites\/wp-json\/wp\/v2\/categories?post=5174"},{"taxonomy":"post_tag","embeddable":true,"href":"https:\/\/www.svalbard.fr\/actualites\/wp-json\/wp\/v2\/tags?post=5174"}],"curies":[{"name":"wp","href":"https:\/\/api.w.org\/{rel}","templated":true}]}}