{"id":5177,"date":"2026-01-09T07:57:09","date_gmt":"2026-01-09T06:57:09","guid":{"rendered":"https:\/\/www.svalbard.fr\/actualites\/les-defis-de-la-politique-etrangere-norvegienne-en-2026\/"},"modified":"2026-01-09T07:57:09","modified_gmt":"2026-01-09T06:57:09","slug":"les-defis-de-la-politique-etrangere-norvegienne-en-2026","status":"publish","type":"post","link":"https:\/\/www.svalbard.fr\/actualites\/les-defis-de-la-politique-etrangere-norvegienne-en-2026\/","title":{"rendered":"Les d\u00e9fis de la politique \u00e9trang\u00e8re norv\u00e9gienne en 2026"},"content":{"rendered":"<div itemprop=\"text\">\n\t\t\t<span id=\"dpsp-post-content-markup\" data-image-pin-it=\"false\"><\/span><\/p>\n<p class=\"intro\">La Norv\u00e8ge se dirige vers ce que d\u2019\u00e9minents chercheurs d\u00e9crivent comme \u00ab une ann\u00e9e d\u00e9cisive \u00bb pour la s\u00e9curit\u00e9 europ\u00e9enne et la coop\u00e9ration internationale.<\/p>\n<p>Selon une nouvelle \u00e9valuation de l&#39;Institut norv\u00e9gien des affaires internationales (NUPI), 2026 mettra \u00e0 l&#39;\u00e9preuve la r\u00e9silience de l&#39;Europe, de l&#39;alliance transatlantique et des priorit\u00e9s de politique \u00e9trang\u00e8re de la Norv\u00e8ge d&#39;une mani\u00e8re jamais vue depuis des d\u00e9cennies.<\/p>\n<figure class=\"wp-block-image size-large\"><img data-lazyloaded=\"1\" data-placeholder-resp=\"768x432\" fetchpriority=\"high\" decoding=\"async\" width=\"768\" height=\"432\" src=\"https:\/\/www.svalbard.fr\/actualites\/wp-content\/uploads\/2026\/01\/Les-defis-de-la-politique-etrangere-norvegienne-en-2026.jpg\" alt=\"Illustration du monde depuis l\u2019espace.\" class=\"wp-image-85261\"  data-><noscript><img fetchpriority=\"high\" decoding=\"async\" width=\"768\" height=\"432\" src=\"https:\/\/www.svalbard.fr\/actualites\/wp-content\/uploads\/2026\/01\/Les-defis-de-la-politique-etrangere-norvegienne-en-2026.jpg\" alt=\"Illustration du monde depuis l\u2019espace.\" class=\"wp-image-85261\"  ><\/noscript><\/figure>\n<p>Au c\u0153ur de l\u2019analyse du NUPI se trouve une question primordiale\u00a0: <em>La relation entre l\u2019Europe et les \u00c9tats-Unis r\u00e9sistera-t-elle aux pressions \u00e0 venir ?<\/em><\/p>\n<p>Alors que la guerre se poursuit sur le continent europ\u00e9en, que la rivalit\u00e9 entre les grandes puissances s\u2019intensifie et que l\u2019incertitude grandit quant aux alliances de longue date, la Norv\u00e8ge se trouve de plus en plus expos\u00e9e \u00e0 l\u2019instabilit\u00e9 mondiale.<\/p>\n<p>\u00ab Ce sera une ann\u00e9e d\u00e9cisive pour l&#39;Europe \u00bb, d\u00e9clare Kari M. Osland, directrice du NUPI. Elle souligne un paysage international plus grave et impr\u00e9visible, o\u00f9 l&#39;affaiblissement de la confiance transatlantique et la concurrence g\u00e9opolitique accrue mettent en p\u00e9ril la s\u00e9curit\u00e9 europ\u00e9enne et accroissent la vuln\u00e9rabilit\u00e9 de la Norv\u00e8ge.<\/p>\n<h2 class=\"wp-block-heading\">Cinq th\u00e8mes qui fa\u00e7onnent la politique \u00e9trang\u00e8re de la Norv\u00e8ge<\/h2>\n<p>En tant que base de la Conf\u00e9rence norv\u00e9gienne sur la politique \u00e9trang\u00e8re qui se tiendra \u00e0 Oslo plus tard ce mois-ci, le NUPI a identifi\u00e9 cinq th\u00e8mes qui domineront les d\u00e9bats sur la politique \u00e9trang\u00e8re tout au long de 2026.<\/p>\n<h3 class=\"wp-block-heading\">Ukraine<\/h3>\n<p>Le premier est le <strong>fin de la guerre en Ukraine<\/strong>. Alors que le conflit se poursuit, l\u2019attention se tourne de plus en plus vers la mani\u00e8re dont il pourrait se terminer et vers le type d\u2019ordre de s\u00e9curit\u00e9 qui \u00e9mergera par la suite.<\/p>\n<p>Les cons\u00e9quences politiques, \u00e9conomiques et militaires de tout r\u00e8glement, ou d&#39;une instabilit\u00e9 prolong\u00e9e, fa\u00e7onneront l&#39;Europe pendant des ann\u00e9es et affecteront directement l&#39;environnement strat\u00e9gique de la Norv\u00e8ge.<\/p>\n<h3 class=\"wp-block-heading\">Changer la politique mondiale<\/h3>\n<p>\u00c9troitement li\u00e9 est le <strong>retour de la politique du pouvoir<\/strong>. L\u2019ordre international fond\u00e9 sur des r\u00e8gles qui guide la s\u00e9curit\u00e9 europ\u00e9enne depuis la fin de la guerre froide est sous la pression d\u2019\u00c9tats dispos\u00e9s \u00e0 utiliser leur puissance militaire, \u00e9conomique et politique pour faire avancer leurs int\u00e9r\u00eats.<\/p>\n<figure class=\"wp-block-image size-large\"><img loading=\"lazy\" data-lazyloaded=\"1\" data-placeholder-resp=\"768x768\" decoding=\"async\" width=\"768\" height=\"768\" src=\"https:\/\/www.svalbard.fr\/actualites\/wp-content\/uploads\/2026\/01\/1767941829_123_Les-defis-de-la-politique-etrangere-norvegienne-en-2026.jpg\" alt=\"La Norv\u00e8ge est mise en \u00e9vidence sur une carte de l&#39;h\u00e9misph\u00e8re nord.\" class=\"wp-image-85262\"  data-><noscript><img loading=\"lazy\" decoding=\"async\" width=\"768\" height=\"768\" src=\"https:\/\/www.svalbard.fr\/actualites\/wp-content\/uploads\/2026\/01\/1767941829_123_Les-defis-de-la-politique-etrangere-norvegienne-en-2026.jpg\" alt=\"La Norv\u00e8ge est mise en \u00e9vidence sur une carte de l&#39;h\u00e9misph\u00e8re nord.\" class=\"wp-image-85262\"  ><\/noscript><\/figure>\n<p>Les alliances qui semblaient stables depuis des d\u00e9cennies, notamment l\u2019OTAN et les principaux partenariats bilat\u00e9raux, sont d\u00e9sormais mises \u00e0 l\u2019\u00e9preuve.<\/p>\n<h3 class=\"wp-block-heading\">Plus de relation privil\u00e9gi\u00e9e ?<\/h3>\n<p>Le troisi\u00e8me th\u00e8me est un <strong>crise de confiance transatlantique<\/strong>. Les relations entre l\u2019Europe et les \u00c9tats-Unis restent fondamentales pour tous les autres d\u00e9fis de politique \u00e9trang\u00e8re, mais elles sont soumises \u00e0 des tensions consid\u00e9rables.<\/p>\n<p>Depuis la premi\u00e8re administration Trump, les dirigeants europ\u00e9ens se demandent si la politique \u00e9trang\u00e8re am\u00e9ricaine pourrait conduire \u00e0 un affaiblissement durable de l\u2019OTAN.<\/p>\n<p>Les d\u00e9clarations sugg\u00e9rant que les \u00c9tats-Unis \u00ab ont besoin \u00bb du Groenland ont encore plus perturb\u00e9 les capitales europ\u00e9ennes, obligeant les dirigeants \u00e0 trouver un \u00e9quilibre entre le respect de la souverainet\u00e9 et du droit international et leur d\u00e9pendance s\u00e9curitaire \u00e0 l\u2019\u00e9gard de Washington.<\/p>\n<p>Malgr\u00e9 une m\u00e9fiance politique croissante, le NUPI note que la coop\u00e9ration militaire au sein de l\u2019OTAN se poursuit largement selon les lignes \u00e9tablies. Cette tension entre incertitude politique et continuit\u00e9 op\u00e9rationnelle est susceptible de d\u00e9finir la relation transatlantique en 2026.<\/p>\n<h3 class=\"wp-block-heading\">Mont\u00e9e des tensions dans l\u2019Arctique<\/h3>\n<p>Le <strong>La transformation de l&#39;Arctique<\/strong> d\u2019une r\u00e9gion de faible tension et de coop\u00e9ration pragmatique \u00e0 une r\u00e9gion de rivalit\u00e9 strat\u00e9gique est une autre pr\u00e9occupation majeure.<\/p>\n<p>Le renforcement militaire de la Russie dans le Grand Nord, combin\u00e9 au regain d&#39;int\u00e9r\u00eat international pour les ressources et les routes maritimes de l&#39;Arctique, a plac\u00e9 la Norv\u00e8ge au centre d&#39;une r\u00e9gion plus contest\u00e9e.<\/p>\n<p>Les d\u00e9veloppements autour du Groenland ont encore soulign\u00e9 \u00e0 quel point l\u2019Arctique est d\u00e9sormais fermement ancr\u00e9 dans la politique de puissance mondiale.<\/p>\n<p>Pour la Norv\u00e8ge, avec sa longue c\u00f4te arctique et sa proximit\u00e9 avec la Russie, ce changement a de profondes implications pour la d\u00e9fense, la diplomatie et la coop\u00e9ration r\u00e9gionale.<\/p>\n<h3 class=\"wp-block-heading\">Technologie, \u00e9conomie et r\u00e9silience d\u00e9mocratique<\/h3>\n<p>Le cinqui\u00e8me th\u00e8me se concentre sur <strong>s\u00e9curit\u00e9 technologique et \u00e9conomique<\/strong>. Les d\u00e9mocraties sont confront\u00e9es \u00e0 des pressions provenant de multiples directions : concurrence technologique rapide, influence croissante des grandes entreprises technologiques, coercition \u00e9conomique, guerre hybride et campagnes de d\u00e9sinformation.<\/p>\n<p>Dans le m\u00eame temps, les soci\u00e9t\u00e9s europ\u00e9ennes sont aux prises avec une polarisation politique et des choix \u00e9conomiques difficiles, ce qui complique les efforts visant \u00e0 pr\u00e9senter un front uni au niveau international.<\/p>\n<p>Ces d\u00e9fis brouillent les fronti\u00e8res entre la politique int\u00e9rieure et la politique \u00e9trang\u00e8re, pla\u00e7ant des questions telles que l&#39;infrastructure num\u00e9rique, les cha\u00eenes d&#39;approvisionnement et la r\u00e9silience \u00e9conomique au c\u0153ur de la strat\u00e9gie internationale de la Norv\u00e8ge.<\/p>\n<h2 class=\"wp-block-heading\">La place de la Norv\u00e8ge dans un monde incertain<\/h2>\n<p>Les cinq th\u00e8mes convergent vers un seul dilemme : comment la Norv\u00e8ge, en tant que petit pays mais strat\u00e9giquement important, devrait naviguer dans un monde marqu\u00e9 par la m\u00e9fiance et des risques accrus.<\/p>\n<p>Les questions sur l\u2019avenir de l\u2019Ukraine, la durabilit\u00e9 de l\u2019alliance transatlantique et la mont\u00e9e des tensions dans l\u2019Arctique ne sont plus abstraites. Ils influenceront directement la s\u00e9curit\u00e9, l\u2019\u00e9conomie et la marge de man\u0153uvre diplomatique de la Norv\u00e8ge.<\/p>\n<p>Ces questions seront au centre du d\u00e9bat lorsque les d\u00e9cideurs politiques, les chercheurs et le public se r\u00e9uniront lors de la Conf\u00e9rence norv\u00e9gienne sur la politique \u00e9trang\u00e8re \u00e0 Oslo le 27 janvier.<\/p>\n<p>Selon Osland, l&#39;objectif est de favoriser un d\u00e9bat \u00e9clair\u00e9 et d&#39;apporter des informations fond\u00e9es sur la recherche dans une conversation nationale sur le r\u00f4le de la Norv\u00e8ge dans un monde en \u00e9volution rapide.<\/p>\n<p>Alors que 2026 commence, le message du NUPI est clair : l&#39;ann\u00e9e \u00e0 venir ne sera pas seulement un nouveau chapitre de la politique internationale, mais un moment d\u00e9terminant pour l&#39;Europe et pour la politique \u00e9trang\u00e8re norv\u00e9gienne.<\/p>\n<\/p><\/div>\n","protected":false},"excerpt":{"rendered":"<p>La Norv\u00e8ge se dirige vers ce que d\u2019\u00e9minents chercheurs d\u00e9crivent comme \u00ab une ann\u00e9e d\u00e9cisive \u00bb pour la s\u00e9curit\u00e9 europ\u00e9enne et la coop\u00e9ration internationale. Selon<\/p>\n","protected":false},"author":1,"featured_media":5178,"comment_status":"","ping_status":"","sticky":false,"template":"","format":"standard","meta":{"footnotes":""},"categories":[2277],"tags":[1071,5519,3,277,1692],"yoast_head":"<!-- This site is optimized with the Yoast SEO plugin v21.0 - https:\/\/yoast.com\/wordpress\/plugins\/seo\/ -->\n<title>Les d\u00e9fis de la politique \u00e9trang\u00e8re norv\u00e9gienne en 2026<\/title>\n<meta name=\"robots\" content=\"index, follow, max-snippet:-1, max-image-preview:large, max-video-preview:-1\" \/>\n<link rel=\"canonical\" href=\"https:\/\/www.svalbard.fr\/actualites\/les-defis-de-la-politique-etrangere-norvegienne-en-2026\/\" \/>\n<meta property=\"og:locale\" content=\"fr_FR\" \/>\n<meta property=\"og:type\" content=\"article\" \/>\n<meta property=\"og:title\" content=\"Les d\u00e9fis de la politique \u00e9trang\u00e8re norv\u00e9gienne en 2026\" \/>\n<meta property=\"og:description\" content=\"La Norv\u00e8ge se dirige vers ce que d\u2019\u00e9minents chercheurs d\u00e9crivent comme \u00ab une ann\u00e9e d\u00e9cisive \u00bb pour la s\u00e9curit\u00e9 europ\u00e9enne et la coop\u00e9ration internationale. Selon\" \/>\n<meta property=\"og:url\" content=\"https:\/\/www.svalbard.fr\/actualites\/les-defis-de-la-politique-etrangere-norvegienne-en-2026\/\" \/>\n<meta property=\"og:site_name\" content=\"www.Svalbard.fr\" \/>\n<meta property=\"article:published_time\" content=\"2026-01-09T06:57:09+00:00\" \/>\n<meta property=\"og:image\" content=\"https:\/\/www.svalbard.fr\/actualites\/wp-content\/uploads\/2026\/01\/Les-defis-de-la-politique-etrangere-norvegienne-en-2026.jpg\" \/>\n<meta name=\"author\" content=\"Hilmar\" \/>\n<meta name=\"twitter:card\" content=\"summary_large_image\" \/>\n<meta name=\"twitter:label1\" content=\"\u00c9crit par\" \/>\n\t<meta name=\"twitter:data1\" content=\"Hilmar\" \/>\n\t<meta name=\"twitter:label2\" content=\"Dur\u00e9e de lecture estim\u00e9e\" \/>\n\t<meta name=\"twitter:data2\" content=\"5 minutes\" \/>\n<script type=\"application\/ld+json\" class=\"yoast-schema-graph\">{\"@context\":\"https:\/\/schema.org\",\"@graph\":[{\"@type\":\"Article\",\"@id\":\"https:\/\/www.svalbard.fr\/actualites\/les-defis-de-la-politique-etrangere-norvegienne-en-2026\/#article\",\"isPartOf\":{\"@id\":\"https:\/\/www.svalbard.fr\/actualites\/les-defis-de-la-politique-etrangere-norvegienne-en-2026\/\"},\"author\":{\"name\":\"Hilmar\",\"@id\":\"https:\/\/www.svalbard.fr\/actualites\/#\/schema\/person\/a2f937d5712222366738fae98755c600\"},\"headline\":\"Les d\u00e9fis de la politique \u00e9trang\u00e8re norv\u00e9gienne en 2026\",\"datePublished\":\"2026-01-09T06:57:09+00:00\",\"dateModified\":\"2026-01-09T06:57:09+00:00\",\"mainEntityOfPage\":{\"@id\":\"https:\/\/www.svalbard.fr\/actualites\/les-defis-de-la-politique-etrangere-norvegienne-en-2026\/\"},\"wordCount\":1086,\"publisher\":{\"@id\":\"https:\/\/www.svalbard.fr\/actualites\/#organization\"},\"keywords\":[\"d\u00e9fis\",\"\u00e9trang\u00e8re\",\"Les\",\"norv\u00e9gienne\",\"politique\"],\"inLanguage\":\"fr-FR\"},{\"@type\":\"WebPage\",\"@id\":\"https:\/\/www.svalbard.fr\/actualites\/les-defis-de-la-politique-etrangere-norvegienne-en-2026\/\",\"url\":\"https:\/\/www.svalbard.fr\/actualites\/les-defis-de-la-politique-etrangere-norvegienne-en-2026\/\",\"name\":\"Les d\u00e9fis de la politique \u00e9trang\u00e8re norv\u00e9gienne en 2026\",\"isPartOf\":{\"@id\":\"https:\/\/www.svalbard.fr\/actualites\/#website\"},\"datePublished\":\"2026-01-09T06:57:09+00:00\",\"dateModified\":\"2026-01-09T06:57:09+00:00\",\"breadcrumb\":{\"@id\":\"https:\/\/www.svalbard.fr\/actualites\/les-defis-de-la-politique-etrangere-norvegienne-en-2026\/#breadcrumb\"},\"inLanguage\":\"fr-FR\",\"potentialAction\":[{\"@type\":\"ReadAction\",\"target\":[\"https:\/\/www.svalbard.fr\/actualites\/les-defis-de-la-politique-etrangere-norvegienne-en-2026\/\"]}]},{\"@type\":\"BreadcrumbList\",\"@id\":\"https:\/\/www.svalbard.fr\/actualites\/les-defis-de-la-politique-etrangere-norvegienne-en-2026\/#breadcrumb\",\"itemListElement\":[{\"@type\":\"ListItem\",\"position\":1,\"name\":\"Accueil\",\"item\":\"https:\/\/www.svalbard.fr\/actualites\/\"},{\"@type\":\"ListItem\",\"position\":2,\"name\":\"Les d\u00e9fis de la politique \u00e9trang\u00e8re norv\u00e9gienne en 2026\"}]},{\"@type\":\"WebSite\",\"@id\":\"https:\/\/www.svalbard.fr\/actualites\/#website\",\"url\":\"https:\/\/www.svalbard.fr\/actualites\/\",\"name\":\"www.Svalbard.fr\",\"description\":\"\",\"publisher\":{\"@id\":\"https:\/\/www.svalbard.fr\/actualites\/#organization\"},\"potentialAction\":[{\"@type\":\"SearchAction\",\"target\":{\"@type\":\"EntryPoint\",\"urlTemplate\":\"https:\/\/www.svalbard.fr\/actualites\/?s={search_term_string}\"},\"query-input\":\"required name=search_term_string\"}],\"inLanguage\":\"fr-FR\"},{\"@type\":\"Organization\",\"@id\":\"https:\/\/www.svalbard.fr\/actualites\/#organization\",\"name\":\"www.Svalbard.fr\",\"url\":\"https:\/\/www.svalbard.fr\/actualites\/\",\"logo\":{\"@type\":\"ImageObject\",\"inLanguage\":\"fr-FR\",\"@id\":\"https:\/\/www.svalbard.fr\/actualites\/#\/schema\/logo\/image\/\",\"url\":\"https:\/\/www.svalbard.fr\/actualites\/wp-content\/uploads\/2023\/09\/head-nom.jpg\",\"contentUrl\":\"https:\/\/www.svalbard.fr\/actualites\/wp-content\/uploads\/2023\/09\/head-nom.jpg\",\"width\":264,\"height\":35,\"caption\":\"www.Svalbard.fr\"},\"image\":{\"@id\":\"https:\/\/www.svalbard.fr\/actualites\/#\/schema\/logo\/image\/\"}},{\"@type\":\"Person\",\"@id\":\"https:\/\/www.svalbard.fr\/actualites\/#\/schema\/person\/a2f937d5712222366738fae98755c600\",\"name\":\"Hilmar\",\"image\":{\"@type\":\"ImageObject\",\"inLanguage\":\"fr-FR\",\"@id\":\"https:\/\/www.svalbard.fr\/actualites\/#\/schema\/person\/image\/\",\"url\":\"https:\/\/secure.gravatar.com\/avatar\/4daa437093476dbc32da415c112b6512?s=96&d=mm&r=g\",\"contentUrl\":\"https:\/\/secure.gravatar.com\/avatar\/4daa437093476dbc32da415c112b6512?s=96&d=mm&r=g\",\"caption\":\"Hilmar\"},\"description\":\"Hilmar est un passionn\u00e9 des r\u00e9gions polaires, sp\u00e9cialis\u00e9 dans la r\u00e9daction d'articles sur le Spitzberg et autres destinations arctiques. Il apporte son expertise et sa passion pour l'Arctique au sein de l'\u00e9quipe de r\u00e9daction de Svalbard depuis de nombreuses ann\u00e9es.\",\"sameAs\":[\"https:\/\/www.svalbard.fr\/\"]}]}<\/script>\n<!-- \/ Yoast SEO plugin. -->","yoast_head_json":{"title":"Les d\u00e9fis de la politique \u00e9trang\u00e8re norv\u00e9gienne en 2026","robots":{"index":"index","follow":"follow","max-snippet":"max-snippet:-1","max-image-preview":"max-image-preview:large","max-video-preview":"max-video-preview:-1"},"canonical":"https:\/\/www.svalbard.fr\/actualites\/les-defis-de-la-politique-etrangere-norvegienne-en-2026\/","og_locale":"fr_FR","og_type":"article","og_title":"Les d\u00e9fis de la politique \u00e9trang\u00e8re norv\u00e9gienne en 2026","og_description":"La Norv\u00e8ge se dirige vers ce que d\u2019\u00e9minents chercheurs d\u00e9crivent comme \u00ab une ann\u00e9e d\u00e9cisive \u00bb pour la s\u00e9curit\u00e9 europ\u00e9enne et la coop\u00e9ration internationale. Selon","og_url":"https:\/\/www.svalbard.fr\/actualites\/les-defis-de-la-politique-etrangere-norvegienne-en-2026\/","og_site_name":"www.Svalbard.fr","article_published_time":"2026-01-09T06:57:09+00:00","og_image":[{"url":"https:\/\/www.svalbard.fr\/actualites\/wp-content\/uploads\/2026\/01\/Les-defis-de-la-politique-etrangere-norvegienne-en-2026.jpg"}],"author":"Hilmar","twitter_card":"summary_large_image","twitter_misc":{"\u00c9crit par":"Hilmar","Dur\u00e9e de lecture estim\u00e9e":"5 minutes"},"schema":{"@context":"https:\/\/schema.org","@graph":[{"@type":"Article","@id":"https:\/\/www.svalbard.fr\/actualites\/les-defis-de-la-politique-etrangere-norvegienne-en-2026\/#article","isPartOf":{"@id":"https:\/\/www.svalbard.fr\/actualites\/les-defis-de-la-politique-etrangere-norvegienne-en-2026\/"},"author":{"name":"Hilmar","@id":"https:\/\/www.svalbard.fr\/actualites\/#\/schema\/person\/a2f937d5712222366738fae98755c600"},"headline":"Les d\u00e9fis de la politique \u00e9trang\u00e8re norv\u00e9gienne en 2026","datePublished":"2026-01-09T06:57:09+00:00","dateModified":"2026-01-09T06:57:09+00:00","mainEntityOfPage":{"@id":"https:\/\/www.svalbard.fr\/actualites\/les-defis-de-la-politique-etrangere-norvegienne-en-2026\/"},"wordCount":1086,"publisher":{"@id":"https:\/\/www.svalbard.fr\/actualites\/#organization"},"keywords":["d\u00e9fis","\u00e9trang\u00e8re","Les","norv\u00e9gienne","politique"],"inLanguage":"fr-FR"},{"@type":"WebPage","@id":"https:\/\/www.svalbard.fr\/actualites\/les-defis-de-la-politique-etrangere-norvegienne-en-2026\/","url":"https:\/\/www.svalbard.fr\/actualites\/les-defis-de-la-politique-etrangere-norvegienne-en-2026\/","name":"Les d\u00e9fis de la politique \u00e9trang\u00e8re norv\u00e9gienne en 2026","isPartOf":{"@id":"https:\/\/www.svalbard.fr\/actualites\/#website"},"datePublished":"2026-01-09T06:57:09+00:00","dateModified":"2026-01-09T06:57:09+00:00","breadcrumb":{"@id":"https:\/\/www.svalbard.fr\/actualites\/les-defis-de-la-politique-etrangere-norvegienne-en-2026\/#breadcrumb"},"inLanguage":"fr-FR","potentialAction":[{"@type":"ReadAction","target":["https:\/\/www.svalbard.fr\/actualites\/les-defis-de-la-politique-etrangere-norvegienne-en-2026\/"]}]},{"@type":"BreadcrumbList","@id":"https:\/\/www.svalbard.fr\/actualites\/les-defis-de-la-politique-etrangere-norvegienne-en-2026\/#breadcrumb","itemListElement":[{"@type":"ListItem","position":1,"name":"Accueil","item":"https:\/\/www.svalbard.fr\/actualites\/"},{"@type":"ListItem","position":2,"name":"Les d\u00e9fis de la politique \u00e9trang\u00e8re norv\u00e9gienne en 2026"}]},{"@type":"WebSite","@id":"https:\/\/www.svalbard.fr\/actualites\/#website","url":"https:\/\/www.svalbard.fr\/actualites\/","name":"www.Svalbard.fr","description":"","publisher":{"@id":"https:\/\/www.svalbard.fr\/actualites\/#organization"},"potentialAction":[{"@type":"SearchAction","target":{"@type":"EntryPoint","urlTemplate":"https:\/\/www.svalbard.fr\/actualites\/?s={search_term_string}"},"query-input":"required name=search_term_string"}],"inLanguage":"fr-FR"},{"@type":"Organization","@id":"https:\/\/www.svalbard.fr\/actualites\/#organization","name":"www.Svalbard.fr","url":"https:\/\/www.svalbard.fr\/actualites\/","logo":{"@type":"ImageObject","inLanguage":"fr-FR","@id":"https:\/\/www.svalbard.fr\/actualites\/#\/schema\/logo\/image\/","url":"https:\/\/www.svalbard.fr\/actualites\/wp-content\/uploads\/2023\/09\/head-nom.jpg","contentUrl":"https:\/\/www.svalbard.fr\/actualites\/wp-content\/uploads\/2023\/09\/head-nom.jpg","width":264,"height":35,"caption":"www.Svalbard.fr"},"image":{"@id":"https:\/\/www.svalbard.fr\/actualites\/#\/schema\/logo\/image\/"}},{"@type":"Person","@id":"https:\/\/www.svalbard.fr\/actualites\/#\/schema\/person\/a2f937d5712222366738fae98755c600","name":"Hilmar","image":{"@type":"ImageObject","inLanguage":"fr-FR","@id":"https:\/\/www.svalbard.fr\/actualites\/#\/schema\/person\/image\/","url":"https:\/\/secure.gravatar.com\/avatar\/4daa437093476dbc32da415c112b6512?s=96&d=mm&r=g","contentUrl":"https:\/\/secure.gravatar.com\/avatar\/4daa437093476dbc32da415c112b6512?s=96&d=mm&r=g","caption":"Hilmar"},"description":"Hilmar est un passionn\u00e9 des r\u00e9gions polaires, sp\u00e9cialis\u00e9 dans la r\u00e9daction d'articles sur le Spitzberg et autres destinations arctiques. Il apporte son expertise et sa passion pour l'Arctique au sein de l'\u00e9quipe de r\u00e9daction de Svalbard depuis de nombreuses ann\u00e9es.","sameAs":["https:\/\/www.svalbard.fr\/"]}]}},"_links":{"self":[{"href":"https:\/\/www.svalbard.fr\/actualites\/wp-json\/wp\/v2\/posts\/5177"}],"collection":[{"href":"https:\/\/www.svalbard.fr\/actualites\/wp-json\/wp\/v2\/posts"}],"about":[{"href":"https:\/\/www.svalbard.fr\/actualites\/wp-json\/wp\/v2\/types\/post"}],"author":[{"embeddable":true,"href":"https:\/\/www.svalbard.fr\/actualites\/wp-json\/wp\/v2\/users\/1"}],"replies":[{"embeddable":true,"href":"https:\/\/www.svalbard.fr\/actualites\/wp-json\/wp\/v2\/comments?post=5177"}],"version-history":[{"count":0,"href":"https:\/\/www.svalbard.fr\/actualites\/wp-json\/wp\/v2\/posts\/5177\/revisions"}],"wp:featuredmedia":[{"embeddable":true,"href":"https:\/\/www.svalbard.fr\/actualites\/wp-json\/wp\/v2\/media\/5178"}],"wp:attachment":[{"href":"https:\/\/www.svalbard.fr\/actualites\/wp-json\/wp\/v2\/media?parent=5177"}],"wp:term":[{"taxonomy":"category","embeddable":true,"href":"https:\/\/www.svalbard.fr\/actualites\/wp-json\/wp\/v2\/categories?post=5177"},{"taxonomy":"post_tag","embeddable":true,"href":"https:\/\/www.svalbard.fr\/actualites\/wp-json\/wp\/v2\/tags?post=5177"}],"curies":[{"name":"wp","href":"https:\/\/api.w.org\/{rel}","templated":true}]}}