{"id":5188,"date":"2026-01-18T13:56:20","date_gmt":"2026-01-18T12:56:20","guid":{"rendered":"https:\/\/www.svalbard.fr\/actualites\/le-gouvernement-norvegien-ordonne-une-revision-majeure-du-systeme-de-protection-sociale-nav\/"},"modified":"2026-01-18T13:56:20","modified_gmt":"2026-01-18T12:56:20","slug":"le-gouvernement-norvegien-ordonne-une-revision-majeure-du-systeme-de-protection-sociale-nav","status":"publish","type":"post","link":"https:\/\/www.svalbard.fr\/actualites\/le-gouvernement-norvegien-ordonne-une-revision-majeure-du-systeme-de-protection-sociale-nav\/","title":{"rendered":"Le gouvernement norv\u00e9gien ordonne une r\u00e9vision majeure du syst\u00e8me de protection sociale NAV"},"content":{"rendered":"<div itemprop=\"text\">\n\t\t\t<span id=\"dpsp-post-content-markup\" data-image-pin-it=\"false\"><\/span><\/p>\n<p class=\"intro\">Le gouvernement norv\u00e9gien a annonc\u00e9 une vaste r\u00e9vision de l&#39;administration norv\u00e9gienne du travail et de la protection sociale, mieux connue sous le nom de NAV, la puissante agence responsable des allocations de ch\u00f4mage, des retraites, des indemnit\u00e9s de maladie et d&#39;une grande partie du filet de s\u00e9curit\u00e9 sociale du pays.<\/p>\n<p>Un groupe d&#39;experts sera nomm\u00e9 pour examiner si NAV fonctionne comme pr\u00e9vu aujourd&#39;hui et s&#39;il est \u00e9quip\u00e9 pour relever les d\u00e9fis des d\u00e9cennies \u00e0 venir.<\/p>\n<figure class=\"wp-block-image size-large\"><img data-lazyloaded=\"1\" data-placeholder-resp=\"768x432\" fetchpriority=\"high\" decoding=\"async\" width=\"768\" height=\"432\" src=\"https:\/\/www.svalbard.fr\/actualites\/wp-content\/uploads\/2026\/01\/Le-gouvernement-norvegien-ordonne-une-revision-majeure-du-systeme-de.jpg\" alt=\"Immeuble de bureaux NAV \u00e0 Ringsaker, Norv\u00e8ge. Photo : Kristin Spalder \/ Shutterstock.com.\" class=\"wp-image-85288\"  data-><noscript><img fetchpriority=\"high\" decoding=\"async\" width=\"768\" height=\"432\" src=\"https:\/\/www.svalbard.fr\/actualites\/wp-content\/uploads\/2026\/01\/Le-gouvernement-norvegien-ordonne-une-revision-majeure-du-systeme-de.jpg\" alt=\"Immeuble de bureaux NAV \u00e0 Ringsaker, Norv\u00e8ge. Photo : Kristin Spalder \/ Shutterstock.com.\" class=\"wp-image-85288\"  ><\/noscript><\/figure>\n<p>Cette r\u00e9vision intervient pr\u00e8s de 20 ans apr\u00e8s la grande r\u00e9forme du NAV qui a fusionn\u00e9 les services de l&#39;emploi, les services sociaux et certaines parties du syst\u00e8me national d&#39;assurance en une seule organisation.<\/p>\n<p>Le ministre du Travail et de l&#39;Inclusion, Kjersti Stenseng, a d\u00e9clar\u00e9 que le gouvernement admet que des probl\u00e8mes importants subsistent au sein du syst\u00e8me de protection sociale norv\u00e9gien.<\/p>\n<p>\u00ab\u00a0Tout ne fonctionne pas de mani\u00e8re optimale aujourd&#39;hui\u00a0\u00bb, a d\u00e9clar\u00e9 Stenseng dans un communiqu\u00e9 du gouvernement. \u00ab Cela doit changer si nous voulons atteindre notre objectif consistant \u00e0 amener plus de personnes \u00e0 travailler et moins de personnes d\u00e9pendant des prestations sociales. \u00bb<\/p>\n<h2 class=\"wp-block-heading\">Qu\u2019est-ce que la valeur liquidative et pourquoi est-ce important\u00a0?<\/h2>\n<p>NAV joue un r\u00f4le central dans la vie quotidienne en Norv\u00e8ge. Chaque ann\u00e9e, environ 2,9 millions de personnes interagissent avec l&#39;agence \u00e0 un moment ou \u00e0 un autre, que ce soit par le biais d&#39;une aide au ch\u00f4mage, d&#39;allocations de maladie, d&#39;indemnit\u00e9s d&#39;invalidit\u00e9, de cong\u00e9s parentaux ou de pensions.<\/p>\n<p>Pour de nombreux r\u00e9sidents \u00e9trangers, NAV est l\u2019un des organismes publics les plus importants (et souvent les plus frustrants !) avec lesquels ils traitent.<\/p>\n<p>Les longs d\u00e9lais de traitement des dossiers, les r\u00e8gles complexes et les communications incoh\u00e9rentes sont des plaintes courantes, m\u00eame si l&#39;agence est \u00e9galement charg\u00e9e de fournir certaines des prestations sociales les plus g\u00e9n\u00e9reuses de Norv\u00e8ge.<\/p>\n<p>Stenseng a soulign\u00e9 que la double mission de NAV rend la r\u00e9forme particuli\u00e8rement difficile. \u00ab La t\u00e2che principale de NAV est d&#39;amener davantage de personnes \u00e0 travailler \u00bb, a-t-elle d\u00e9clar\u00e9. \u00abEn m\u00eame temps, il faut veiller \u00e0 ce que ceux qui ont besoin d\u2019aide la re\u00e7oivent au bon moment.\u00bb<\/p>\n<h2 class=\"wp-block-heading\">Longs d\u00e9lais et r\u00e8gles complexes sous surveillance<\/h2>\n<p>Le gouvernement a invoqu\u00e9 plusieurs faiblesses de longue date pour justifier le lancement de cette r\u00e9vision. Ceux-ci incluent de longs d\u00e9lais de traitement des dossiers dans de multiples domaines de prestations, des r\u00e8gles de protection sociale difficiles \u00e0 comprendre et un contr\u00f4le interne faible soulign\u00e9 par les auditeurs de l&#39;\u00c9tat norv\u00e9gien.<\/p>\n<p>Bien que de nombreux \u00e9l\u00e9ments du NAV fonctionnent bien, Stenseng a d\u00e9clar\u00e9 que le tableau d\u2019ensemble montre la n\u00e9cessit\u00e9 d\u2019une r\u00e9\u00e9valuation globale du fonctionnement actuel de l\u2019administration du travail et de la protection sociale.<\/p>\n<p>Cette r\u00e9vision s&#39;inscrit \u00e9galement dans la strat\u00e9gie plus large du gouvernement \u00ab Plan pour la Norv\u00e8ge \u00bb, annonc\u00e9e fin 2025, qui vise \u00e0 cr\u00e9er un secteur public plus unifi\u00e9 et plus efficace qui fonctionne mieux pour les utilisateurs.<\/p>\n<h2 class=\"wp-block-heading\">La r\u00e9forme de la l\u00e9gislation sociale est d\u00e9j\u00e0 en cours<\/h2>\n<p>Parall\u00e8lement \u00e0 l&#39;examen des experts, le gouvernement a d\u00e9j\u00e0 cr\u00e9\u00e9 un groupe distinct charg\u00e9 de simplifier la l\u00e9gislation norv\u00e9gienne en mati\u00e8re d&#39;assurance nationale, connue sous le nom de <em>folketrygdloven<\/em>.<\/p>\n<p>L\u2019objectif est de rendre les r\u00e8gles sociales plus faciles \u00e0 comprendre et mieux adapt\u00e9es aux syst\u00e8mes num\u00e9riques. Selon le gouvernement, ces changements juridiques, combin\u00e9s aux conclusions du groupe d&#39;experts, constitueront la base du d\u00e9veloppement d&#39;un syst\u00e8me de travail et de protection sociale moderne pour l&#39;avenir.<\/p>\n<h2 class=\"wp-block-heading\">Pr\u00e9parer NAV pour une population vieillissante<\/h2>\n<p>Tandis que le groupe d&#39;experts d\u00e9crira la situation actuelle de NAV, il se concentrera principalement sur les ann\u00e9es \u00e0 venir. La Norv\u00e8ge, comme de nombreux pays europ\u00e9ens, est confront\u00e9e \u00e0 des changements d\u00e9mographiques majeurs.<\/p>\n<figure class=\"wp-block-image size-full\"><img loading=\"lazy\" data-lazyloaded=\"1\" data-placeholder-resp=\"840x577\" decoding=\"async\" width=\"840\" height=\"577\" src=\"https:\/\/www.svalbard.fr\/actualites\/wp-content\/uploads\/2026\/01\/1768740980_44_Le-gouvernement-norvegien-ordonne-une-revision-majeure-du-systeme-de.jpg\" alt=\"Une retraite dans un fjord norv\u00e9gien\" class=\"wp-image-22937\"  data-><noscript><img loading=\"lazy\" decoding=\"async\" width=\"840\" height=\"577\" src=\"https:\/\/www.svalbard.fr\/actualites\/wp-content\/uploads\/2026\/01\/1768740980_44_Le-gouvernement-norvegien-ordonne-une-revision-majeure-du-systeme-de.jpg\" alt=\"Une retraite dans un fjord norv\u00e9gien\" class=\"wp-image-22937\"  ><\/noscript><\/figure>\n<p>Le <strong>nombre de retrait\u00e9s<\/strong> on s&#39;attend \u00e0 ce que <strong>augmenter de 25% d\u2019ici 2035<\/strong>augmentant la pression sur le syst\u00e8me de protection sociale. Dans le m\u00eame temps, des p\u00e9nuries de main-d\u2019\u0153uvre sont attendues, m\u00eame si NAV continue de s\u2019appuyer sur le traitement manuel des dossiers pour de nombreuses d\u00e9cisions complexes en mati\u00e8re de prestations, malgr\u00e9 une num\u00e9risation accrue.<\/p>\n<p>Ces tendances soul\u00e8vent des questions fondamentales quant \u00e0 savoir si la structure organisationnelle actuelle, la r\u00e9partition des responsabilit\u00e9s et la coop\u00e9ration entre les services de l&#39;\u00c9tat et les municipalit\u00e9s sont toujours adapt\u00e9es \u00e0 leurs objectifs.<\/p>\n<h2 class=\"wp-block-heading\">Que se passe-t-il ensuite ?<\/h2>\n<p>Le groupe d&#39;experts sera nomm\u00e9 par le minist\u00e8re du Travail et de l&#39;Inclusion et comprendra des repr\u00e9sentants des syndicats et des principales organisations d&#39;int\u00e9r\u00eat. Un groupe de r\u00e9f\u00e9rence distinct sera \u00e9galement cr\u00e9\u00e9 pour garantir une contribution plus large des parties concern\u00e9es.<\/p>\n<p>Les travaux seront divis\u00e9s en deux phases. Premi\u00e8rement, le groupe produira un rapport bas\u00e9 sur la recherche, l\u2019analyse et l\u2019\u00e9valuation du syst\u00e8me actuel. Dans la deuxi\u00e8me phase, il \u00e9valuera les mesures concr\u00e8tes qui pourraient am\u00e9liorer les performances de NAV et sa capacit\u00e9 \u00e0 atteindre ses objectifs.<\/p>\n<p>Le groupe d&#39;experts dispose d&#39;environ 18 mois pour achever ses travaux. Les d\u00e9tails du mandat et de la composition du groupe n&#39;ont pas encore \u00e9t\u00e9 finalis\u00e9s.<\/p>\n<p>Pour les millions de personnes qui d\u00e9pendent du NAV \u00e0 diff\u00e9rents moments de leur vie, l&#39;examen pourrait fa\u00e7onner le fonctionnement du syst\u00e8me de protection sociale norv\u00e9gien pour les d\u00e9cennies \u00e0 venir et d\u00e9terminer si des frustrations de longue date conduisent finalement \u00e0 des changements significatifs.<\/p>\n<\/p><\/div>\n","protected":false},"excerpt":{"rendered":"<p>Le gouvernement norv\u00e9gien a annonc\u00e9 une vaste r\u00e9vision de l&#39;administration norv\u00e9gienne du travail et de la protection sociale, mieux connue sous le nom de NAV,<\/p>\n","protected":false},"author":1,"featured_media":5189,"comment_status":"","ping_status":"","sticky":false,"template":"","format":"standard","meta":{"footnotes":""},"categories":[2277],"tags":[152,1908,5545,184,5539,125,5541,5543,1603,18],"yoast_head":"<!-- This site is optimized with the Yoast SEO plugin v21.0 - https:\/\/yoast.com\/wordpress\/plugins\/seo\/ -->\n<title>Le gouvernement norv\u00e9gien ordonne une r\u00e9vision majeure du syst\u00e8me de protection sociale NAV<\/title>\n<meta name=\"robots\" content=\"index, follow, max-snippet:-1, max-image-preview:large, max-video-preview:-1\" \/>\n<link rel=\"canonical\" href=\"https:\/\/www.svalbard.fr\/actualites\/le-gouvernement-norvegien-ordonne-une-revision-majeure-du-systeme-de-protection-sociale-nav\/\" \/>\n<meta property=\"og:locale\" content=\"fr_FR\" \/>\n<meta property=\"og:type\" content=\"article\" \/>\n<meta property=\"og:title\" content=\"Le gouvernement norv\u00e9gien ordonne une r\u00e9vision majeure du syst\u00e8me de protection sociale NAV\" \/>\n<meta property=\"og:description\" content=\"Le gouvernement norv\u00e9gien a annonc\u00e9 une vaste r\u00e9vision de l&#039;administration norv\u00e9gienne du travail et de la protection sociale, mieux connue sous le nom de NAV,\" \/>\n<meta property=\"og:url\" content=\"https:\/\/www.svalbard.fr\/actualites\/le-gouvernement-norvegien-ordonne-une-revision-majeure-du-systeme-de-protection-sociale-nav\/\" \/>\n<meta property=\"og:site_name\" content=\"www.Svalbard.fr\" \/>\n<meta property=\"article:published_time\" content=\"2026-01-18T12:56:20+00:00\" \/>\n<meta property=\"og:image\" content=\"https:\/\/www.svalbard.fr\/actualites\/wp-content\/uploads\/2026\/01\/Le-gouvernement-norvegien-ordonne-une-revision-majeure-du-systeme-de.jpg\" \/>\n<meta name=\"author\" content=\"Hilmar\" \/>\n<meta name=\"twitter:card\" content=\"summary_large_image\" \/>\n<meta name=\"twitter:label1\" content=\"\u00c9crit par\" \/>\n\t<meta name=\"twitter:data1\" content=\"Hilmar\" \/>\n\t<meta name=\"twitter:label2\" content=\"Dur\u00e9e de lecture estim\u00e9e\" \/>\n\t<meta name=\"twitter:data2\" content=\"5 minutes\" \/>\n<script type=\"application\/ld+json\" class=\"yoast-schema-graph\">{\"@context\":\"https:\/\/schema.org\",\"@graph\":[{\"@type\":\"Article\",\"@id\":\"https:\/\/www.svalbard.fr\/actualites\/le-gouvernement-norvegien-ordonne-une-revision-majeure-du-systeme-de-protection-sociale-nav\/#article\",\"isPartOf\":{\"@id\":\"https:\/\/www.svalbard.fr\/actualites\/le-gouvernement-norvegien-ordonne-une-revision-majeure-du-systeme-de-protection-sociale-nav\/\"},\"author\":{\"name\":\"Hilmar\",\"@id\":\"https:\/\/www.svalbard.fr\/actualites\/#\/schema\/person\/a2f937d5712222366738fae98755c600\"},\"headline\":\"Le gouvernement norv\u00e9gien ordonne une r\u00e9vision majeure du syst\u00e8me de protection sociale NAV\",\"datePublished\":\"2026-01-18T12:56:20+00:00\",\"dateModified\":\"2026-01-18T12:56:20+00:00\",\"mainEntityOfPage\":{\"@id\":\"https:\/\/www.svalbard.fr\/actualites\/le-gouvernement-norvegien-ordonne-une-revision-majeure-du-systeme-de-protection-sociale-nav\/\"},\"wordCount\":999,\"publisher\":{\"@id\":\"https:\/\/www.svalbard.fr\/actualites\/#organization\"},\"keywords\":[\"gouvernement\",\"majeure\",\"NAV\",\"norv\u00e9gien\",\"ordonne\",\"protection\",\"r\u00e9vision\",\"sociale\",\"syst\u00e8me\",\"Une\"],\"inLanguage\":\"fr-FR\"},{\"@type\":\"WebPage\",\"@id\":\"https:\/\/www.svalbard.fr\/actualites\/le-gouvernement-norvegien-ordonne-une-revision-majeure-du-systeme-de-protection-sociale-nav\/\",\"url\":\"https:\/\/www.svalbard.fr\/actualites\/le-gouvernement-norvegien-ordonne-une-revision-majeure-du-systeme-de-protection-sociale-nav\/\",\"name\":\"Le gouvernement norv\u00e9gien ordonne une r\u00e9vision majeure du syst\u00e8me de protection sociale NAV\",\"isPartOf\":{\"@id\":\"https:\/\/www.svalbard.fr\/actualites\/#website\"},\"datePublished\":\"2026-01-18T12:56:20+00:00\",\"dateModified\":\"2026-01-18T12:56:20+00:00\",\"breadcrumb\":{\"@id\":\"https:\/\/www.svalbard.fr\/actualites\/le-gouvernement-norvegien-ordonne-une-revision-majeure-du-systeme-de-protection-sociale-nav\/#breadcrumb\"},\"inLanguage\":\"fr-FR\",\"potentialAction\":[{\"@type\":\"ReadAction\",\"target\":[\"https:\/\/www.svalbard.fr\/actualites\/le-gouvernement-norvegien-ordonne-une-revision-majeure-du-systeme-de-protection-sociale-nav\/\"]}]},{\"@type\":\"BreadcrumbList\",\"@id\":\"https:\/\/www.svalbard.fr\/actualites\/le-gouvernement-norvegien-ordonne-une-revision-majeure-du-systeme-de-protection-sociale-nav\/#breadcrumb\",\"itemListElement\":[{\"@type\":\"ListItem\",\"position\":1,\"name\":\"Accueil\",\"item\":\"https:\/\/www.svalbard.fr\/actualites\/\"},{\"@type\":\"ListItem\",\"position\":2,\"name\":\"Le gouvernement norv\u00e9gien ordonne une r\u00e9vision majeure du syst\u00e8me de protection sociale NAV\"}]},{\"@type\":\"WebSite\",\"@id\":\"https:\/\/www.svalbard.fr\/actualites\/#website\",\"url\":\"https:\/\/www.svalbard.fr\/actualites\/\",\"name\":\"www.Svalbard.fr\",\"description\":\"\",\"publisher\":{\"@id\":\"https:\/\/www.svalbard.fr\/actualites\/#organization\"},\"potentialAction\":[{\"@type\":\"SearchAction\",\"target\":{\"@type\":\"EntryPoint\",\"urlTemplate\":\"https:\/\/www.svalbard.fr\/actualites\/?s={search_term_string}\"},\"query-input\":\"required name=search_term_string\"}],\"inLanguage\":\"fr-FR\"},{\"@type\":\"Organization\",\"@id\":\"https:\/\/www.svalbard.fr\/actualites\/#organization\",\"name\":\"www.Svalbard.fr\",\"url\":\"https:\/\/www.svalbard.fr\/actualites\/\",\"logo\":{\"@type\":\"ImageObject\",\"inLanguage\":\"fr-FR\",\"@id\":\"https:\/\/www.svalbard.fr\/actualites\/#\/schema\/logo\/image\/\",\"url\":\"https:\/\/www.svalbard.fr\/actualites\/wp-content\/uploads\/2023\/09\/head-nom.jpg\",\"contentUrl\":\"https:\/\/www.svalbard.fr\/actualites\/wp-content\/uploads\/2023\/09\/head-nom.jpg\",\"width\":264,\"height\":35,\"caption\":\"www.Svalbard.fr\"},\"image\":{\"@id\":\"https:\/\/www.svalbard.fr\/actualites\/#\/schema\/logo\/image\/\"}},{\"@type\":\"Person\",\"@id\":\"https:\/\/www.svalbard.fr\/actualites\/#\/schema\/person\/a2f937d5712222366738fae98755c600\",\"name\":\"Hilmar\",\"image\":{\"@type\":\"ImageObject\",\"inLanguage\":\"fr-FR\",\"@id\":\"https:\/\/www.svalbard.fr\/actualites\/#\/schema\/person\/image\/\",\"url\":\"https:\/\/secure.gravatar.com\/avatar\/4daa437093476dbc32da415c112b6512?s=96&d=mm&r=g\",\"contentUrl\":\"https:\/\/secure.gravatar.com\/avatar\/4daa437093476dbc32da415c112b6512?s=96&d=mm&r=g\",\"caption\":\"Hilmar\"},\"description\":\"Hilmar est un passionn\u00e9 des r\u00e9gions polaires, sp\u00e9cialis\u00e9 dans la r\u00e9daction d'articles sur le Spitzberg et autres destinations arctiques. Il apporte son expertise et sa passion pour l'Arctique au sein de l'\u00e9quipe de r\u00e9daction de Svalbard depuis de nombreuses ann\u00e9es.\",\"sameAs\":[\"https:\/\/www.svalbard.fr\/\"]}]}<\/script>\n<!-- \/ Yoast SEO plugin. -->","yoast_head_json":{"title":"Le gouvernement norv\u00e9gien ordonne une r\u00e9vision majeure du syst\u00e8me de protection sociale NAV","robots":{"index":"index","follow":"follow","max-snippet":"max-snippet:-1","max-image-preview":"max-image-preview:large","max-video-preview":"max-video-preview:-1"},"canonical":"https:\/\/www.svalbard.fr\/actualites\/le-gouvernement-norvegien-ordonne-une-revision-majeure-du-systeme-de-protection-sociale-nav\/","og_locale":"fr_FR","og_type":"article","og_title":"Le gouvernement norv\u00e9gien ordonne une r\u00e9vision majeure du syst\u00e8me de protection sociale NAV","og_description":"Le gouvernement norv\u00e9gien a annonc\u00e9 une vaste r\u00e9vision de l&#39;administration norv\u00e9gienne du travail et de la protection sociale, mieux connue sous le nom de NAV,","og_url":"https:\/\/www.svalbard.fr\/actualites\/le-gouvernement-norvegien-ordonne-une-revision-majeure-du-systeme-de-protection-sociale-nav\/","og_site_name":"www.Svalbard.fr","article_published_time":"2026-01-18T12:56:20+00:00","og_image":[{"url":"https:\/\/www.svalbard.fr\/actualites\/wp-content\/uploads\/2026\/01\/Le-gouvernement-norvegien-ordonne-une-revision-majeure-du-systeme-de.jpg"}],"author":"Hilmar","twitter_card":"summary_large_image","twitter_misc":{"\u00c9crit par":"Hilmar","Dur\u00e9e de lecture estim\u00e9e":"5 minutes"},"schema":{"@context":"https:\/\/schema.org","@graph":[{"@type":"Article","@id":"https:\/\/www.svalbard.fr\/actualites\/le-gouvernement-norvegien-ordonne-une-revision-majeure-du-systeme-de-protection-sociale-nav\/#article","isPartOf":{"@id":"https:\/\/www.svalbard.fr\/actualites\/le-gouvernement-norvegien-ordonne-une-revision-majeure-du-systeme-de-protection-sociale-nav\/"},"author":{"name":"Hilmar","@id":"https:\/\/www.svalbard.fr\/actualites\/#\/schema\/person\/a2f937d5712222366738fae98755c600"},"headline":"Le gouvernement norv\u00e9gien ordonne une r\u00e9vision majeure du syst\u00e8me de protection sociale NAV","datePublished":"2026-01-18T12:56:20+00:00","dateModified":"2026-01-18T12:56:20+00:00","mainEntityOfPage":{"@id":"https:\/\/www.svalbard.fr\/actualites\/le-gouvernement-norvegien-ordonne-une-revision-majeure-du-systeme-de-protection-sociale-nav\/"},"wordCount":999,"publisher":{"@id":"https:\/\/www.svalbard.fr\/actualites\/#organization"},"keywords":["gouvernement","majeure","NAV","norv\u00e9gien","ordonne","protection","r\u00e9vision","sociale","syst\u00e8me","Une"],"inLanguage":"fr-FR"},{"@type":"WebPage","@id":"https:\/\/www.svalbard.fr\/actualites\/le-gouvernement-norvegien-ordonne-une-revision-majeure-du-systeme-de-protection-sociale-nav\/","url":"https:\/\/www.svalbard.fr\/actualites\/le-gouvernement-norvegien-ordonne-une-revision-majeure-du-systeme-de-protection-sociale-nav\/","name":"Le gouvernement norv\u00e9gien ordonne une r\u00e9vision majeure du syst\u00e8me de protection sociale NAV","isPartOf":{"@id":"https:\/\/www.svalbard.fr\/actualites\/#website"},"datePublished":"2026-01-18T12:56:20+00:00","dateModified":"2026-01-18T12:56:20+00:00","breadcrumb":{"@id":"https:\/\/www.svalbard.fr\/actualites\/le-gouvernement-norvegien-ordonne-une-revision-majeure-du-systeme-de-protection-sociale-nav\/#breadcrumb"},"inLanguage":"fr-FR","potentialAction":[{"@type":"ReadAction","target":["https:\/\/www.svalbard.fr\/actualites\/le-gouvernement-norvegien-ordonne-une-revision-majeure-du-systeme-de-protection-sociale-nav\/"]}]},{"@type":"BreadcrumbList","@id":"https:\/\/www.svalbard.fr\/actualites\/le-gouvernement-norvegien-ordonne-une-revision-majeure-du-systeme-de-protection-sociale-nav\/#breadcrumb","itemListElement":[{"@type":"ListItem","position":1,"name":"Accueil","item":"https:\/\/www.svalbard.fr\/actualites\/"},{"@type":"ListItem","position":2,"name":"Le gouvernement norv\u00e9gien ordonne une r\u00e9vision majeure du syst\u00e8me de protection sociale NAV"}]},{"@type":"WebSite","@id":"https:\/\/www.svalbard.fr\/actualites\/#website","url":"https:\/\/www.svalbard.fr\/actualites\/","name":"www.Svalbard.fr","description":"","publisher":{"@id":"https:\/\/www.svalbard.fr\/actualites\/#organization"},"potentialAction":[{"@type":"SearchAction","target":{"@type":"EntryPoint","urlTemplate":"https:\/\/www.svalbard.fr\/actualites\/?s={search_term_string}"},"query-input":"required name=search_term_string"}],"inLanguage":"fr-FR"},{"@type":"Organization","@id":"https:\/\/www.svalbard.fr\/actualites\/#organization","name":"www.Svalbard.fr","url":"https:\/\/www.svalbard.fr\/actualites\/","logo":{"@type":"ImageObject","inLanguage":"fr-FR","@id":"https:\/\/www.svalbard.fr\/actualites\/#\/schema\/logo\/image\/","url":"https:\/\/www.svalbard.fr\/actualites\/wp-content\/uploads\/2023\/09\/head-nom.jpg","contentUrl":"https:\/\/www.svalbard.fr\/actualites\/wp-content\/uploads\/2023\/09\/head-nom.jpg","width":264,"height":35,"caption":"www.Svalbard.fr"},"image":{"@id":"https:\/\/www.svalbard.fr\/actualites\/#\/schema\/logo\/image\/"}},{"@type":"Person","@id":"https:\/\/www.svalbard.fr\/actualites\/#\/schema\/person\/a2f937d5712222366738fae98755c600","name":"Hilmar","image":{"@type":"ImageObject","inLanguage":"fr-FR","@id":"https:\/\/www.svalbard.fr\/actualites\/#\/schema\/person\/image\/","url":"https:\/\/secure.gravatar.com\/avatar\/4daa437093476dbc32da415c112b6512?s=96&d=mm&r=g","contentUrl":"https:\/\/secure.gravatar.com\/avatar\/4daa437093476dbc32da415c112b6512?s=96&d=mm&r=g","caption":"Hilmar"},"description":"Hilmar est un passionn\u00e9 des r\u00e9gions polaires, sp\u00e9cialis\u00e9 dans la r\u00e9daction d'articles sur le Spitzberg et autres destinations arctiques. Il apporte son expertise et sa passion pour l'Arctique au sein de l'\u00e9quipe de r\u00e9daction de Svalbard depuis de nombreuses ann\u00e9es.","sameAs":["https:\/\/www.svalbard.fr\/"]}]}},"_links":{"self":[{"href":"https:\/\/www.svalbard.fr\/actualites\/wp-json\/wp\/v2\/posts\/5188"}],"collection":[{"href":"https:\/\/www.svalbard.fr\/actualites\/wp-json\/wp\/v2\/posts"}],"about":[{"href":"https:\/\/www.svalbard.fr\/actualites\/wp-json\/wp\/v2\/types\/post"}],"author":[{"embeddable":true,"href":"https:\/\/www.svalbard.fr\/actualites\/wp-json\/wp\/v2\/users\/1"}],"replies":[{"embeddable":true,"href":"https:\/\/www.svalbard.fr\/actualites\/wp-json\/wp\/v2\/comments?post=5188"}],"version-history":[{"count":0,"href":"https:\/\/www.svalbard.fr\/actualites\/wp-json\/wp\/v2\/posts\/5188\/revisions"}],"wp:featuredmedia":[{"embeddable":true,"href":"https:\/\/www.svalbard.fr\/actualites\/wp-json\/wp\/v2\/media\/5189"}],"wp:attachment":[{"href":"https:\/\/www.svalbard.fr\/actualites\/wp-json\/wp\/v2\/media?parent=5188"}],"wp:term":[{"taxonomy":"category","embeddable":true,"href":"https:\/\/www.svalbard.fr\/actualites\/wp-json\/wp\/v2\/categories?post=5188"},{"taxonomy":"post_tag","embeddable":true,"href":"https:\/\/www.svalbard.fr\/actualites\/wp-json\/wp\/v2\/tags?post=5188"}],"curies":[{"name":"wp","href":"https:\/\/api.w.org\/{rel}","templated":true}]}}