{"id":5190,"date":"2026-01-19T11:56:09","date_gmt":"2026-01-19T10:56:09","guid":{"rendered":"https:\/\/www.svalbard.fr\/actualites\/trump-fustige-son-allie-de-lotan-pour-son-refus-du-prix-nobel-alors-quil-lance-un-avertissement-de-paix-effrayant\/"},"modified":"2026-01-19T11:56:11","modified_gmt":"2026-01-19T10:56:11","slug":"trump-fustige-son-allie-de-lotan-pour-son-refus-du-prix-nobel-alors-quil-lance-un-avertissement-de-paix-effrayant","status":"publish","type":"post","link":"https:\/\/www.svalbard.fr\/actualites\/trump-fustige-son-allie-de-lotan-pour-son-refus-du-prix-nobel-alors-quil-lance-un-avertissement-de-paix-effrayant\/","title":{"rendered":"Trump \u00ab fustige son alli\u00e9 de l\u2019OTAN pour son refus du prix Nobel alors qu\u2019il lance un avertissement de paix effrayant \u00bb"},"content":{"rendered":"<div>\n<div class=\"photo changeSpace\">\n<p class=\"withoutCaption\"><picture><source type=\"image\/avif\" srcset=\"https:\/\/cdn.images.express.co.uk\/img\/dynamic\/78\/1200x712\/secondary\/in-flight-u-s-president-donald-trump-takes-questions-from-the-members-of-the-press-aboard-air-6682714.avif?r=1768814238126\" media=\"screen and (min-width:10000px)\"><source type=\"image\/webp\" srcset=\"https:\/\/cdn.images.express.co.uk\/img\/dynamic\/78\/1200x712\/secondary\/in-flight-u-s-president-donald-trump-takes-questions-from-the-members-of-the-press-aboard-air-6682714.webp?r=1768814238126\" media=\"screen and (min-width:10000px)\"><source type=\"image\/jpeg\" srcset=\"https:\/\/www.svalbard.fr\/actualites\/wp-content\/uploads\/2026\/01\/Trump-fustige-son-allie-de-lOTAN-pour-son-refus.jpeg\" media=\"screen and (min-width:10000px)\"><source type=\"image\/avif\" srcset=\"https:\/\/cdn.images.express.co.uk\/img\/dynamic\/78\/674x400\/secondary\/in-flight-u-s-president-donald-trump-takes-questions-from-the-members-of-the-press-aboard-air-6682714.avif?r=1768814238126\" media=\"screen and (min-width:100000px)\"><source type=\"image\/webp\" srcset=\"https:\/\/cdn.images.express.co.uk\/img\/dynamic\/78\/674x400\/secondary\/in-flight-u-s-president-donald-trump-takes-questions-from-the-members-of-the-press-aboard-air-6682714.webp?r=1768814238126\" media=\"screen and (min-width:100000px)\"><source type=\"image\/jpeg\" srcset=\"https:\/\/cdn.images.express.co.uk\/img\/dynamic\/78\/674x400\/secondary\/in-flight-u-s-president-donald-trump-takes-questions-from-the-members-of-the-press-aboard-air-6682714.jpg?r=1768814238126\" media=\"screen and (min-width:100000px)\"><source type=\"image\/avif\" srcset=\"https:\/\/cdn.images.express.co.uk\/img\/dynamic\/78\/940x\/secondary\/in-flight-u-s-president-donald-trump-takes-questions-from-the-members-of-the-press-aboard-air-6682714.avif?r=1768814238126\" media=\"screen and (min-width:1200px)\"><source type=\"image\/webp\" srcset=\"https:\/\/cdn.images.express.co.uk\/img\/dynamic\/78\/940x\/secondary\/in-flight-u-s-president-donald-trump-takes-questions-from-the-members-of-the-press-aboard-air-6682714.webp?r=1768814238126\" media=\"screen and (min-width:1200px)\"><source type=\"image\/jpeg\" srcset=\"https:\/\/cdn.images.express.co.uk\/img\/dynamic\/78\/940x\/secondary\/in-flight-u-s-president-donald-trump-takes-questions-from-the-members-of-the-press-aboard-air-6682714.jpg?r=1768814238126\" media=\"screen and (min-width:1200px)\"><source type=\"image\/avif\" srcset=\"https:\/\/cdn.images.express.co.uk\/img\/dynamic\/78\/590x\/secondary\/in-flight-u-s-president-donald-trump-takes-questions-from-the-members-of-the-press-aboard-air-6682714.avif?r=1768814238126\" media=\"screen\"><source type=\"image\/webp\" srcset=\"https:\/\/cdn.images.express.co.uk\/img\/dynamic\/78\/590x\/secondary\/in-flight-u-s-president-donald-trump-takes-questions-from-the-members-of-the-press-aboard-air-6682714.webp?r=1768814238126\" media=\"screen\"><\/source><\/source><\/source><\/source><\/source><\/source><\/source><\/source><\/source><\/source><\/source><\/picture><\/p>\n<p><span class=\"newsCaption\">Donald Trump n&#39;a pas re\u00e7u le prix Nobel de la paix l&#39;ann\u00e9e derni\u00e8re <span class=\"caption\">(Image : Getty)<\/span><span class=\"magnifier\" data-img=\"https:\/\/www.svalbard.fr\/actualites\/wp-content\/uploads\/2026\/01\/Trump-fustige-son-allie-de-lOTAN-pour-son-refus.jpeg\"\/><\/span><\/div>\n<div class=\"text-description\">\n<p>Donald Trump aurait d\u00e9clar\u00e9 au Premier ministre norv\u00e9gien qu&#39;il \u00ab ne se sentait plus oblig\u00e9 de penser uniquement \u00e0 la paix \u00bb dans une lettre cinglante divulgu\u00e9e aux m\u00e9dias am\u00e9ricains.<\/p>\n<\/div>\n<div class=\"text-description\">\n<p>Selon ce document, une lettre adress\u00e9e au Premier ministre norv\u00e9gien Jonas Gahr St\u00f8re, le pr\u00e9sident Trump semble \u00e9galement lier sa volont\u00e9 de s&#39;emparer du Groenland au fait qu&#39;il n&#39;a pas re\u00e7u le prix Nobel de la paix.<\/p>\n<\/div>\n<div class=\"text-description\">\n<p>Le document a \u00e9t\u00e9 publi\u00e9 par le tablo\u00efd norv\u00e9gien VG apr\u00e8s avoir \u00e9t\u00e9 publi\u00e9 sur X (Twitter) par le journaliste Nick Schifrin. \u00ab\u00a0Cher Jonas, depuis que votre pays a d\u00e9cid\u00e9 de ne pas m&#39;attribuer le prix Nobel de la paix pour avoir arr\u00eat\u00e9 huit guerres PLUS, je ne ressens plus l&#39;obligation de penser exclusivement \u00e0 la paix, m\u00eame si elle sera toujours dominante, mais je peux d\u00e9sormais penser \u00e0 ce qui est bon et juste pour les \u00c9tats-Unis\u00a0\u00bb, peut-on lire dans le message.<\/p>\n<\/div>\n<div class=\"text-description dont-miss\">\n<p> <strong>  En savoir plus:<\/strong>  Les menaces tarifaires de Donald Trump risquent une \u00ab dangereuse spirale descendante \u00bb, selon le Royaume-Uni et ses alli\u00e9s <\/p>\n<\/div>\n<div class=\"text-description dont-miss\">\n<p> <strong>  En savoir plus:<\/strong>  Le prix Nobel de la paix d\u00e9cern\u00e9 \u00e0 Trump critiqu\u00e9 : \u00ab Absurde \u00bb <\/p>\n<\/div>\n<div class=\"text-description\">\n<p>Le Premier ministre St\u00f8re a confirm\u00e9 \u00e0 VG que la lettre \u00e9tait authentique. Il a d\u00e9clar\u00e9 : \u00ab\u00a0Il s&#39;agit d&#39;un message que j&#39;ai re\u00e7u hier apr\u00e8s-midi du pr\u00e9sident Trump. Il est venu en r\u00e9ponse \u00e0 un court message de ma part adress\u00e9 au pr\u00e9sident Trump plus t\u00f4t dans la journ\u00e9e, en mon nom et celui du pr\u00e9sident finlandais, Alexander Stubb.\u00a0\u00bb<\/p>\n<\/div>\n<div class=\"text-description\">\n<p>Dans son message \u00e0 St\u00f8re, Trump a \u00e9galement d\u00e9clar\u00e9 : \u00ab Le Danemark ne peut pas prot\u00e9ger ce pays de la Russie ou de la Chine, et pourquoi ont-ils la \u00ab propri\u00e9t\u00e9 \u00bb de toute fa\u00e7on ? Il n&#39;y a aucun document \u00e9crit, c&#39;est juste qu&#39;un bateau y a d\u00e9barqu\u00e9 il y a des centaines d&#39;ann\u00e9es, mais nous avons aussi eu des bateaux qui y ont d\u00e9barqu\u00e9. J&#39;ai fait plus pour l&#39;OTAN que quiconque depuis sa cr\u00e9ation et maintenant l&#39;OTAN devrait faire quelque chose pour les \u00c9tats-Unis.<abbr\/><\/p>\n<\/div>\n<div class=\"text-description\">\n<p>\u00ab\u00a0Nous soutenons \u00e9galement le renforcement responsable par l&#39;OTAN du travail en faveur de la s\u00e9curit\u00e9 et de la stabilit\u00e9 dans l&#39;Arctique. Concernant le prix Nobel de la paix, j&#39;ai expliqu\u00e9 clairement \u00e0 plusieurs reprises \u00e0 Trump ce qui est bien connu, \u00e0 savoir que c&#39;est un comit\u00e9 Nobel ind\u00e9pendant, et non le gouvernement norv\u00e9gien, qui d\u00e9cerne le prix\u00a0\u00bb, a-t-il \u00e9galement d\u00e9clar\u00e9.<\/p>\n<\/div>\n<div class=\"text-description\">\n<p>St\u00f8re a pr\u00e9c\u00e9demment d\u00e9clar\u00e9 \u00ab nous avons fait part de notre position contre l&#39;augmentation des droits de douane contre la Norv\u00e8ge, la Finlande et d&#39;autres pays s\u00e9lectionn\u00e9s \u00bb et a expliqu\u00e9 que \u00ab la position de la Norv\u00e8ge sur le Groenland est ferme. Le Groenland fait partie du Royaume du Danemark et la Norv\u00e8ge soutient pleinement le Royaume du Danemark dans cette affaire \u00bb.<\/p>\n<\/div>\n<div class=\"photo changeSpace\">\n<p class=\"withoutCaption\"><picture><source type=\"image\/avif\" srcset=\"https:\/\/cdn.images.express.co.uk\/img\/dynamic\/78\/1200x712\/secondary\/washington-dc-president-donald-trump-meets-with-venezuelan-opposition-leader-maria-corina-6682780.avif?r=1768814238157\" media=\"screen and (min-width:10000px)\"><source type=\"image\/webp\" srcset=\"https:\/\/cdn.images.express.co.uk\/img\/dynamic\/78\/1200x712\/secondary\/washington-dc-president-donald-trump-meets-with-venezuelan-opposition-leader-maria-corina-6682780.webp?r=1768814238157\" media=\"screen and (min-width:10000px)\"><source type=\"image\/jpeg\" srcset=\"https:\/\/www.svalbard.fr\/actualites\/wp-content\/uploads\/2026\/01\/Trump-fustige-son-allie-de-lOTAN-pour-son-refus.jp.jpeg\" media=\"screen and (min-width:10000px)\"><source type=\"image\/avif\" srcset=\"https:\/\/cdn.images.express.co.uk\/img\/dynamic\/78\/674x400\/secondary\/washington-dc-president-donald-trump-meets-with-venezuelan-opposition-leader-maria-corina-6682780.avif?r=1768814238157\" media=\"screen and (min-width:100000px)\"><source type=\"image\/webp\" srcset=\"https:\/\/cdn.images.express.co.uk\/img\/dynamic\/78\/674x400\/secondary\/washington-dc-president-donald-trump-meets-with-venezuelan-opposition-leader-maria-corina-6682780.webp?r=1768814238157\" media=\"screen and (min-width:100000px)\"><source type=\"image\/jpeg\" srcset=\"https:\/\/cdn.images.express.co.uk\/img\/dynamic\/78\/674x400\/secondary\/washington-dc-president-donald-trump-meets-with-venezuelan-opposition-leader-maria-corina-6682780.jpg?r=1768814238157\" media=\"screen and (min-width:100000px)\"><source type=\"image\/avif\" srcset=\"https:\/\/cdn.images.express.co.uk\/img\/dynamic\/78\/940x\/secondary\/washington-dc-president-donald-trump-meets-with-venezuelan-opposition-leader-maria-corina-6682780.avif?r=1768814238157\" media=\"screen and (min-width:1200px)\"><source type=\"image\/webp\" srcset=\"https:\/\/cdn.images.express.co.uk\/img\/dynamic\/78\/940x\/secondary\/washington-dc-president-donald-trump-meets-with-venezuelan-opposition-leader-maria-corina-6682780.webp?r=1768814238157\" media=\"screen and (min-width:1200px)\"><source type=\"image\/jpeg\" srcset=\"https:\/\/cdn.images.express.co.uk\/img\/dynamic\/78\/940x\/secondary\/washington-dc-president-donald-trump-meets-with-venezuelan-opposition-leader-maria-corina-6682780.jpg?r=1768814238157\" media=\"screen and (min-width:1200px)\"><source type=\"image\/avif\" srcset=\"https:\/\/cdn.images.express.co.uk\/img\/dynamic\/78\/590x\/secondary\/washington-dc-president-donald-trump-meets-with-venezuelan-opposition-leader-maria-corina-6682780.avif?r=1768814238157\" media=\"screen\"><source type=\"image\/webp\" srcset=\"https:\/\/cdn.images.express.co.uk\/img\/dynamic\/78\/590x\/secondary\/washington-dc-president-donald-trump-meets-with-venezuelan-opposition-leader-maria-corina-6682780.webp?r=1768814238157\" media=\"screen\"><img decoding=\"async\" class=\"zoomEnabled\" src=\"https:\/\/www.svalbard.fr\/actualites\/wp-content\/uploads\/2026\/01\/Trump-fustige-son-allie-de-lOTAN-pour-son-refus.jp.jpeg\" alt=\"Le pr\u00e9sident Donald Trump rencontre la chef de l&#39;opposition v\u00e9n\u00e9zu\u00e9lienne Maria Corina Machado dans le bureau ovale\" title=\"Le pr\u00e9sident Donald Trump rencontre la chef de l&#39;opposition v\u00e9n\u00e9zu\u00e9lienne Maria Corina Machado dans le bureau ovale\" width=\"590\" height=\"885\" loading=\"lazy\"\/><\/source><\/source><\/source><\/source><\/source><\/source><\/source><\/source><\/source><\/source><\/source><\/picture><\/p>\n<p><span class=\"newsCaption\">Le pr\u00e9sident Donald Trump re\u00e7oit le prix Nobel de la paix des mains de la V\u00e9n\u00e9zu\u00e9lienne Maria Corina Machado. <span class=\"caption\">(Image : Getty)<\/span><span class=\"magnifier\" data-img=\"https:\/\/www.svalbard.fr\/actualites\/wp-content\/uploads\/2026\/01\/Trump-fustige-son-allie-de-lOTAN-pour-son-refus.jp.jpeg\"\/><\/span><\/div>\n<div class=\"text-description\">\n<p>Le pr\u00e9sident am\u00e9ricain a d\u00e9clar\u00e9 qu&#39;il imposerait au Royaume-Uni des droits de douane de 10 % \u00ab sur toutes les marchandises \u00bb envoy\u00e9es aux \u00c9tats-Unis \u00e0 partir du 1er f\u00e9vrier, augmentant jusqu&#39;\u00e0 25 % \u00e0 partir du 1er juin, jusqu&#39;\u00e0 ce qu&#39;un accord soit conclu pour que Washington ach\u00e8te le Groenland au Danemark.<\/p>\n<\/div>\n<div class=\"text-description\">\n<p>Il en va de m\u00eame pour le Danemark, la Norv\u00e8ge, la Su\u00e8de, la France, l&#39;Allemagne, les Pays-Bas et la Finlande. Lundi matin, M. Trump a d\u00e9clar\u00e9 que le Danemark n&#39;avait pas tenu compte des avertissements visant \u00e0 prot\u00e9ger le Groenland de la menace russe, a-t-il \u00e9galement d\u00e9clar\u00e9.<\/p>\n<\/div>\n<div class=\"text-description\">\n<p>Trump a \u00e9crit sur son site de r\u00e9seau social Truth Social : \u00ab\u00a0Depuis 20 ans, l&#39;OTAN dit au Danemark qu&#39;il faut \u00e9loigner la menace russe du Groenland. Malheureusement, le Danemark n&#39;a rien pu y faire. Il est maintenant temps, et ce sera fait.\u00a0\u00bb<\/p>\n<\/div>\n<div class=\"text-description\">\n<p>Sir Keir Starmer s&#39;exprimera \u00e0 Downing Street apr\u00e8s les menaces de Donald Trump d&#39;augmenter les tarifs douaniers jusqu&#39;\u00e0 ce qu&#39;un accord soit conclu pour que les \u00c9tats-Unis ach\u00e8tent le Groenland. Le Premier ministre a d\u00e9clar\u00e9 au pr\u00e9sident am\u00e9ricain qu\u2019il \u00e9tait \u00ab mal \u00bb d\u2019appliquer des droits de douane au Royaume-Uni et \u00e0 d\u2019autres alli\u00e9s europ\u00e9ens qui s\u2019opposent \u00e0 ses efforts de prise de contr\u00f4le du Groenland, un territoire semi-autonome du Danemark. Lundi, Sir Keir exposera l&#39;approche du Royaume-Uni en mati\u00e8re de collaboration avec ses alli\u00e9s et la mani\u00e8re dont le pays sera \u00ab dirig\u00e9 par nos valeurs \u00bb, selon une source gouvernementale.<\/p>\n<\/div>\n<\/div>\n","protected":false},"excerpt":{"rendered":"<p>Donald Trump n&#39;a pas re\u00e7u le prix Nobel de la paix l&#39;ann\u00e9e derni\u00e8re (Image : Getty) Donald Trump aurait d\u00e9clar\u00e9 au Premier ministre norv\u00e9gien qu&#39;il<\/p>\n","protected":false},"author":1,"featured_media":5191,"comment_status":"closed","ping_status":"","sticky":false,"template":"","format":"standard","meta":{"footnotes":""},"categories":[2277],"tags":[5409,24,759,760,5547,475,727,4973,4975,150,1548,884,5549,193,1420],"yoast_head":"<!-- This site is optimized with the Yoast SEO plugin v21.0 - https:\/\/yoast.com\/wordpress\/plugins\/seo\/ -->\n<title>Trump \u00ab fustige son alli\u00e9 de l\u2019OTAN pour son refus du prix Nobel alors qu\u2019il lance un avertissement de paix effrayant \u00bb<\/title>\n<meta name=\"robots\" content=\"index, follow, max-snippet:-1, max-image-preview:large, max-video-preview:-1\" \/>\n<link rel=\"canonical\" href=\"https:\/\/www.svalbard.fr\/actualites\/trump-fustige-son-allie-de-lotan-pour-son-refus-du-prix-nobel-alors-quil-lance-un-avertissement-de-paix-effrayant\/\" \/>\n<meta property=\"og:locale\" content=\"fr_FR\" \/>\n<meta property=\"og:type\" content=\"article\" \/>\n<meta property=\"og:title\" content=\"Trump \u00ab fustige son alli\u00e9 de l\u2019OTAN pour son refus du prix Nobel alors qu\u2019il lance un avertissement de paix effrayant \u00bb\" \/>\n<meta property=\"og:description\" content=\"Donald Trump n&#039;a pas re\u00e7u le prix Nobel de la paix l&#039;ann\u00e9e derni\u00e8re (Image : Getty) Donald Trump aurait d\u00e9clar\u00e9 au Premier ministre norv\u00e9gien qu&#039;il\" \/>\n<meta property=\"og:url\" content=\"https:\/\/www.svalbard.fr\/actualites\/trump-fustige-son-allie-de-lotan-pour-son-refus-du-prix-nobel-alors-quil-lance-un-avertissement-de-paix-effrayant\/\" \/>\n<meta property=\"og:site_name\" content=\"www.Svalbard.fr\" \/>\n<meta property=\"article:published_time\" content=\"2026-01-19T10:56:09+00:00\" \/>\n<meta property=\"article:modified_time\" content=\"2026-01-19T10:56:11+00:00\" \/>\n<meta property=\"og:image\" content=\"https:\/\/www.svalbard.fr\/actualites\/wp-content\/uploads\/2026\/01\/Trump-fustige-son-allie-de-lOTAN-pour-son-refus.jpg\" \/>\n\t<meta property=\"og:image:width\" content=\"1200\" \/>\n\t<meta property=\"og:image:height\" content=\"630\" \/>\n\t<meta property=\"og:image:type\" content=\"image\/jpeg\" \/>\n<meta name=\"author\" content=\"Hilmar\" \/>\n<meta name=\"twitter:card\" content=\"summary_large_image\" \/>\n<meta name=\"twitter:label1\" content=\"\u00c9crit par\" \/>\n\t<meta name=\"twitter:data1\" content=\"Hilmar\" \/>\n\t<meta name=\"twitter:label2\" content=\"Dur\u00e9e de lecture estim\u00e9e\" \/>\n\t<meta name=\"twitter:data2\" content=\"4 minutes\" \/>\n<script type=\"application\/ld+json\" class=\"yoast-schema-graph\">{\"@context\":\"https:\/\/schema.org\",\"@graph\":[{\"@type\":\"Article\",\"@id\":\"https:\/\/www.svalbard.fr\/actualites\/trump-fustige-son-allie-de-lotan-pour-son-refus-du-prix-nobel-alors-quil-lance-un-avertissement-de-paix-effrayant\/#article\",\"isPartOf\":{\"@id\":\"https:\/\/www.svalbard.fr\/actualites\/trump-fustige-son-allie-de-lotan-pour-son-refus-du-prix-nobel-alors-quil-lance-un-avertissement-de-paix-effrayant\/\"},\"author\":{\"name\":\"Hilmar\",\"@id\":\"https:\/\/www.svalbard.fr\/actualites\/#\/schema\/person\/a2f937d5712222366738fae98755c600\"},\"headline\":\"Trump \u00ab fustige son alli\u00e9 de l\u2019OTAN pour son refus du prix Nobel alors qu\u2019il lance un avertissement de paix effrayant \u00bb\",\"datePublished\":\"2026-01-19T10:56:09+00:00\",\"dateModified\":\"2026-01-19T10:56:11+00:00\",\"mainEntityOfPage\":{\"@id\":\"https:\/\/www.svalbard.fr\/actualites\/trump-fustige-son-allie-de-lotan-pour-son-refus-du-prix-nobel-alors-quil-lance-un-avertissement-de-paix-effrayant\/\"},\"wordCount\":842,\"publisher\":{\"@id\":\"https:\/\/www.svalbard.fr\/actualites\/#organization\"},\"keywords\":[\"alli\u00e9\",\"alors\",\"avertissement\",\"effrayant\",\"fustige\",\"lanc\u00e9\",\"LOTAN\",\"Nobel\",\"paix\",\"pour\",\"prix\",\"quil\",\"refus\",\"son\",\"Trump\"],\"inLanguage\":\"fr-FR\"},{\"@type\":\"WebPage\",\"@id\":\"https:\/\/www.svalbard.fr\/actualites\/trump-fustige-son-allie-de-lotan-pour-son-refus-du-prix-nobel-alors-quil-lance-un-avertissement-de-paix-effrayant\/\",\"url\":\"https:\/\/www.svalbard.fr\/actualites\/trump-fustige-son-allie-de-lotan-pour-son-refus-du-prix-nobel-alors-quil-lance-un-avertissement-de-paix-effrayant\/\",\"name\":\"Trump \u00ab fustige son alli\u00e9 de l\u2019OTAN pour son refus du prix Nobel alors qu\u2019il lance un avertissement de paix effrayant \u00bb\",\"isPartOf\":{\"@id\":\"https:\/\/www.svalbard.fr\/actualites\/#website\"},\"datePublished\":\"2026-01-19T10:56:09+00:00\",\"dateModified\":\"2026-01-19T10:56:11+00:00\",\"breadcrumb\":{\"@id\":\"https:\/\/www.svalbard.fr\/actualites\/trump-fustige-son-allie-de-lotan-pour-son-refus-du-prix-nobel-alors-quil-lance-un-avertissement-de-paix-effrayant\/#breadcrumb\"},\"inLanguage\":\"fr-FR\",\"potentialAction\":[{\"@type\":\"ReadAction\",\"target\":[\"https:\/\/www.svalbard.fr\/actualites\/trump-fustige-son-allie-de-lotan-pour-son-refus-du-prix-nobel-alors-quil-lance-un-avertissement-de-paix-effrayant\/\"]}]},{\"@type\":\"BreadcrumbList\",\"@id\":\"https:\/\/www.svalbard.fr\/actualites\/trump-fustige-son-allie-de-lotan-pour-son-refus-du-prix-nobel-alors-quil-lance-un-avertissement-de-paix-effrayant\/#breadcrumb\",\"itemListElement\":[{\"@type\":\"ListItem\",\"position\":1,\"name\":\"Accueil\",\"item\":\"https:\/\/www.svalbard.fr\/actualites\/\"},{\"@type\":\"ListItem\",\"position\":2,\"name\":\"Trump \u00ab fustige son alli\u00e9 de l\u2019OTAN pour son refus du prix Nobel alors qu\u2019il lance un avertissement de paix effrayant \u00bb\"}]},{\"@type\":\"WebSite\",\"@id\":\"https:\/\/www.svalbard.fr\/actualites\/#website\",\"url\":\"https:\/\/www.svalbard.fr\/actualites\/\",\"name\":\"www.Svalbard.fr\",\"description\":\"\",\"publisher\":{\"@id\":\"https:\/\/www.svalbard.fr\/actualites\/#organization\"},\"potentialAction\":[{\"@type\":\"SearchAction\",\"target\":{\"@type\":\"EntryPoint\",\"urlTemplate\":\"https:\/\/www.svalbard.fr\/actualites\/?s={search_term_string}\"},\"query-input\":\"required name=search_term_string\"}],\"inLanguage\":\"fr-FR\"},{\"@type\":\"Organization\",\"@id\":\"https:\/\/www.svalbard.fr\/actualites\/#organization\",\"name\":\"www.Svalbard.fr\",\"url\":\"https:\/\/www.svalbard.fr\/actualites\/\",\"logo\":{\"@type\":\"ImageObject\",\"inLanguage\":\"fr-FR\",\"@id\":\"https:\/\/www.svalbard.fr\/actualites\/#\/schema\/logo\/image\/\",\"url\":\"https:\/\/www.svalbard.fr\/actualites\/wp-content\/uploads\/2023\/09\/head-nom.jpg\",\"contentUrl\":\"https:\/\/www.svalbard.fr\/actualites\/wp-content\/uploads\/2023\/09\/head-nom.jpg\",\"width\":264,\"height\":35,\"caption\":\"www.Svalbard.fr\"},\"image\":{\"@id\":\"https:\/\/www.svalbard.fr\/actualites\/#\/schema\/logo\/image\/\"}},{\"@type\":\"Person\",\"@id\":\"https:\/\/www.svalbard.fr\/actualites\/#\/schema\/person\/a2f937d5712222366738fae98755c600\",\"name\":\"Hilmar\",\"image\":{\"@type\":\"ImageObject\",\"inLanguage\":\"fr-FR\",\"@id\":\"https:\/\/www.svalbard.fr\/actualites\/#\/schema\/person\/image\/\",\"url\":\"https:\/\/secure.gravatar.com\/avatar\/4daa437093476dbc32da415c112b6512?s=96&d=mm&r=g\",\"contentUrl\":\"https:\/\/secure.gravatar.com\/avatar\/4daa437093476dbc32da415c112b6512?s=96&d=mm&r=g\",\"caption\":\"Hilmar\"},\"description\":\"Hilmar est un passionn\u00e9 des r\u00e9gions polaires, sp\u00e9cialis\u00e9 dans la r\u00e9daction d'articles sur le Spitzberg et autres destinations arctiques. Il apporte son expertise et sa passion pour l'Arctique au sein de l'\u00e9quipe de r\u00e9daction de Svalbard depuis de nombreuses ann\u00e9es.\",\"sameAs\":[\"https:\/\/www.svalbard.fr\/\"]}]}<\/script>\n<!-- \/ Yoast SEO plugin. -->","yoast_head_json":{"title":"Trump \u00ab fustige son alli\u00e9 de l\u2019OTAN pour son refus du prix Nobel alors qu\u2019il lance un avertissement de paix effrayant \u00bb","robots":{"index":"index","follow":"follow","max-snippet":"max-snippet:-1","max-image-preview":"max-image-preview:large","max-video-preview":"max-video-preview:-1"},"canonical":"https:\/\/www.svalbard.fr\/actualites\/trump-fustige-son-allie-de-lotan-pour-son-refus-du-prix-nobel-alors-quil-lance-un-avertissement-de-paix-effrayant\/","og_locale":"fr_FR","og_type":"article","og_title":"Trump \u00ab fustige son alli\u00e9 de l\u2019OTAN pour son refus du prix Nobel alors qu\u2019il lance un avertissement de paix effrayant \u00bb","og_description":"Donald Trump n&#39;a pas re\u00e7u le prix Nobel de la paix l&#39;ann\u00e9e derni\u00e8re (Image : Getty) Donald Trump aurait d\u00e9clar\u00e9 au Premier ministre norv\u00e9gien qu&#39;il","og_url":"https:\/\/www.svalbard.fr\/actualites\/trump-fustige-son-allie-de-lotan-pour-son-refus-du-prix-nobel-alors-quil-lance-un-avertissement-de-paix-effrayant\/","og_site_name":"www.Svalbard.fr","article_published_time":"2026-01-19T10:56:09+00:00","article_modified_time":"2026-01-19T10:56:11+00:00","og_image":[{"width":1200,"height":630,"url":"https:\/\/www.svalbard.fr\/actualites\/wp-content\/uploads\/2026\/01\/Trump-fustige-son-allie-de-lOTAN-pour-son-refus.jpg","type":"image\/jpeg"}],"author":"Hilmar","twitter_card":"summary_large_image","twitter_misc":{"\u00c9crit par":"Hilmar","Dur\u00e9e de lecture estim\u00e9e":"4 minutes"},"schema":{"@context":"https:\/\/schema.org","@graph":[{"@type":"Article","@id":"https:\/\/www.svalbard.fr\/actualites\/trump-fustige-son-allie-de-lotan-pour-son-refus-du-prix-nobel-alors-quil-lance-un-avertissement-de-paix-effrayant\/#article","isPartOf":{"@id":"https:\/\/www.svalbard.fr\/actualites\/trump-fustige-son-allie-de-lotan-pour-son-refus-du-prix-nobel-alors-quil-lance-un-avertissement-de-paix-effrayant\/"},"author":{"name":"Hilmar","@id":"https:\/\/www.svalbard.fr\/actualites\/#\/schema\/person\/a2f937d5712222366738fae98755c600"},"headline":"Trump \u00ab fustige son alli\u00e9 de l\u2019OTAN pour son refus du prix Nobel alors qu\u2019il lance un avertissement de paix effrayant \u00bb","datePublished":"2026-01-19T10:56:09+00:00","dateModified":"2026-01-19T10:56:11+00:00","mainEntityOfPage":{"@id":"https:\/\/www.svalbard.fr\/actualites\/trump-fustige-son-allie-de-lotan-pour-son-refus-du-prix-nobel-alors-quil-lance-un-avertissement-de-paix-effrayant\/"},"wordCount":842,"publisher":{"@id":"https:\/\/www.svalbard.fr\/actualites\/#organization"},"keywords":["alli\u00e9","alors","avertissement","effrayant","fustige","lanc\u00e9","LOTAN","Nobel","paix","pour","prix","quil","refus","son","Trump"],"inLanguage":"fr-FR"},{"@type":"WebPage","@id":"https:\/\/www.svalbard.fr\/actualites\/trump-fustige-son-allie-de-lotan-pour-son-refus-du-prix-nobel-alors-quil-lance-un-avertissement-de-paix-effrayant\/","url":"https:\/\/www.svalbard.fr\/actualites\/trump-fustige-son-allie-de-lotan-pour-son-refus-du-prix-nobel-alors-quil-lance-un-avertissement-de-paix-effrayant\/","name":"Trump \u00ab fustige son alli\u00e9 de l\u2019OTAN pour son refus du prix Nobel alors qu\u2019il lance un avertissement de paix effrayant \u00bb","isPartOf":{"@id":"https:\/\/www.svalbard.fr\/actualites\/#website"},"datePublished":"2026-01-19T10:56:09+00:00","dateModified":"2026-01-19T10:56:11+00:00","breadcrumb":{"@id":"https:\/\/www.svalbard.fr\/actualites\/trump-fustige-son-allie-de-lotan-pour-son-refus-du-prix-nobel-alors-quil-lance-un-avertissement-de-paix-effrayant\/#breadcrumb"},"inLanguage":"fr-FR","potentialAction":[{"@type":"ReadAction","target":["https:\/\/www.svalbard.fr\/actualites\/trump-fustige-son-allie-de-lotan-pour-son-refus-du-prix-nobel-alors-quil-lance-un-avertissement-de-paix-effrayant\/"]}]},{"@type":"BreadcrumbList","@id":"https:\/\/www.svalbard.fr\/actualites\/trump-fustige-son-allie-de-lotan-pour-son-refus-du-prix-nobel-alors-quil-lance-un-avertissement-de-paix-effrayant\/#breadcrumb","itemListElement":[{"@type":"ListItem","position":1,"name":"Accueil","item":"https:\/\/www.svalbard.fr\/actualites\/"},{"@type":"ListItem","position":2,"name":"Trump \u00ab fustige son alli\u00e9 de l\u2019OTAN pour son refus du prix Nobel alors qu\u2019il lance un avertissement de paix effrayant \u00bb"}]},{"@type":"WebSite","@id":"https:\/\/www.svalbard.fr\/actualites\/#website","url":"https:\/\/www.svalbard.fr\/actualites\/","name":"www.Svalbard.fr","description":"","publisher":{"@id":"https:\/\/www.svalbard.fr\/actualites\/#organization"},"potentialAction":[{"@type":"SearchAction","target":{"@type":"EntryPoint","urlTemplate":"https:\/\/www.svalbard.fr\/actualites\/?s={search_term_string}"},"query-input":"required name=search_term_string"}],"inLanguage":"fr-FR"},{"@type":"Organization","@id":"https:\/\/www.svalbard.fr\/actualites\/#organization","name":"www.Svalbard.fr","url":"https:\/\/www.svalbard.fr\/actualites\/","logo":{"@type":"ImageObject","inLanguage":"fr-FR","@id":"https:\/\/www.svalbard.fr\/actualites\/#\/schema\/logo\/image\/","url":"https:\/\/www.svalbard.fr\/actualites\/wp-content\/uploads\/2023\/09\/head-nom.jpg","contentUrl":"https:\/\/www.svalbard.fr\/actualites\/wp-content\/uploads\/2023\/09\/head-nom.jpg","width":264,"height":35,"caption":"www.Svalbard.fr"},"image":{"@id":"https:\/\/www.svalbard.fr\/actualites\/#\/schema\/logo\/image\/"}},{"@type":"Person","@id":"https:\/\/www.svalbard.fr\/actualites\/#\/schema\/person\/a2f937d5712222366738fae98755c600","name":"Hilmar","image":{"@type":"ImageObject","inLanguage":"fr-FR","@id":"https:\/\/www.svalbard.fr\/actualites\/#\/schema\/person\/image\/","url":"https:\/\/secure.gravatar.com\/avatar\/4daa437093476dbc32da415c112b6512?s=96&d=mm&r=g","contentUrl":"https:\/\/secure.gravatar.com\/avatar\/4daa437093476dbc32da415c112b6512?s=96&d=mm&r=g","caption":"Hilmar"},"description":"Hilmar est un passionn\u00e9 des r\u00e9gions polaires, sp\u00e9cialis\u00e9 dans la r\u00e9daction d'articles sur le Spitzberg et autres destinations arctiques. Il apporte son expertise et sa passion pour l'Arctique au sein de l'\u00e9quipe de r\u00e9daction de Svalbard depuis de nombreuses ann\u00e9es.","sameAs":["https:\/\/www.svalbard.fr\/"]}]}},"_links":{"self":[{"href":"https:\/\/www.svalbard.fr\/actualites\/wp-json\/wp\/v2\/posts\/5190"}],"collection":[{"href":"https:\/\/www.svalbard.fr\/actualites\/wp-json\/wp\/v2\/posts"}],"about":[{"href":"https:\/\/www.svalbard.fr\/actualites\/wp-json\/wp\/v2\/types\/post"}],"author":[{"embeddable":true,"href":"https:\/\/www.svalbard.fr\/actualites\/wp-json\/wp\/v2\/users\/1"}],"replies":[{"embeddable":true,"href":"https:\/\/www.svalbard.fr\/actualites\/wp-json\/wp\/v2\/comments?post=5190"}],"version-history":[{"count":1,"href":"https:\/\/www.svalbard.fr\/actualites\/wp-json\/wp\/v2\/posts\/5190\/revisions"}],"predecessor-version":[{"id":5192,"href":"https:\/\/www.svalbard.fr\/actualites\/wp-json\/wp\/v2\/posts\/5190\/revisions\/5192"}],"wp:featuredmedia":[{"embeddable":true,"href":"https:\/\/www.svalbard.fr\/actualites\/wp-json\/wp\/v2\/media\/5191"}],"wp:attachment":[{"href":"https:\/\/www.svalbard.fr\/actualites\/wp-json\/wp\/v2\/media?parent=5190"}],"wp:term":[{"taxonomy":"category","embeddable":true,"href":"https:\/\/www.svalbard.fr\/actualites\/wp-json\/wp\/v2\/categories?post=5190"},{"taxonomy":"post_tag","embeddable":true,"href":"https:\/\/www.svalbard.fr\/actualites\/wp-json\/wp\/v2\/tags?post=5190"}],"curies":[{"name":"wp","href":"https:\/\/api.w.org\/{rel}","templated":true}]}}