{"id":5193,"date":"2026-01-20T11:57:17","date_gmt":"2026-01-20T10:57:17","guid":{"rendered":"https:\/\/www.svalbard.fr\/actualites\/cnn-sarrete-lorsque-trump-rompt-son-alerte-alors-que-les-fans-craignent-quil-soit-derange\/"},"modified":"2026-01-20T11:57:20","modified_gmt":"2026-01-20T10:57:20","slug":"cnn-sarrete-lorsque-trump-rompt-son-alerte-alors-que-les-fans-craignent-quil-soit-derange","status":"publish","type":"post","link":"https:\/\/www.svalbard.fr\/actualites\/cnn-sarrete-lorsque-trump-rompt-son-alerte-alors-que-les-fans-craignent-quil-soit-derange\/","title":{"rendered":"CNN s&#39;arr\u00eate lorsque Trump rompt son alerte alors que les fans craignent \u00ab\u00a0qu&#39;il soit d\u00e9rang\u00e9\u00a0\u00bb"},"content":{"rendered":"<div>\n<p>CNN s&#39;est arr\u00eat\u00e9e quelques minutes seulement apr\u00e8s le d\u00e9but de son \u00e9mission du soir lorsque Donald Trump s&#39;en est pris \u00e0 la Norv\u00e8ge apr\u00e8s qu&#39;il n&#39;ait pas re\u00e7u le prix Nobel de la paix l&#39;ann\u00e9e derni\u00e8re. Lundi 19 janvier, le leader r\u00e9publicain a adress\u00e9 un message au Premier ministre norv\u00e9gien, Jonas Gahr St\u00f8re, et lui a reproch\u00e9 de ne pas lui avoir d\u00e9cern\u00e9 la r\u00e9compense tant convoit\u00e9e. En r\u00e9ponse, St\u00f8re a insist\u00e9 sur le fait que c&#39;\u00e9tait un comit\u00e9 ind\u00e9pendant, et non le gouvernement norv\u00e9gien, qui \u00e9tait charg\u00e9 de d\u00e9cerner les prix.  <\/p>\n<\/div>\n<div>\n<p>Il a fulmin\u00e9 : \u00ab\u00a0Si quelqu&#39;un pense que la Norv\u00e8ge ne contr\u00f4le pas le prix Nobel, c&#39;est une blague. Ils ont un conseil d&#39;administration, mais il est contr\u00f4l\u00e9 par la Norv\u00e8ge. Et je me fiche de ce que dit la Norv\u00e8ge.\u00a0\u00bb<\/p>\n<\/div>\n<div>\n<p>Il n&#39;a pas fallu longtemps avant que les t\u00e9l\u00e9spectateurs se ruent sur les r\u00e9seaux sociaux pour partager en ligne leurs inqui\u00e9tudes concernant le dirigeant am\u00e9ricain, avec un utilisateur postant : \u00ab\u00a0Obama a remport\u00e9 ce prix et il n&#39;a pas litt\u00e9ralement bris\u00e9 le cerveau de cet homme.\u00a0\u00bb<\/p>\n<\/div>\n<div>\n<p>Un autre a accept\u00e9 : \u00ab\u00a0Il pleure encore \u00e0 ce sujet ? Et un enfant irritable. Un narcissique clinique. Comment quelqu&#39;un a-t-il pu tomber sous son &#39;charme&#39; ? Le roi du clown.\u00a0\u00bb Un troisi\u00e8me a pr\u00e9venu : \u00ab\u00a0Il est fou que la Norv\u00e8ge ne lui ait pas donn\u00e9 le prix, et maintenant c&#39;est la plan\u00e8te enti\u00e8re qui va payer pour cela&#8230; Faites sortir cet homme d\u00e9rang\u00e9 !\u00a0\u00bb<\/p>\n<\/div>\n<div>\n<p>Cela survient apr\u00e8s que Trump ait insist\u00e9 sur le fait que les \u00c9tats-Unis avaient besoin d\u2019un \u00ab contr\u00f4le complet et total du Groenland \u00bb \u2013 le territoire danois semi-autonome. Le Danemark est membre de l\u2019OTAN \u2013 une alliance de d\u00e9fense dont les \u00c9tats-Unis sont le partenaire le plus influent. Il n\u2019y a jamais eu d\u2019attaque d\u2019un membre contre un autre depuis la cr\u00e9ation de l\u2019alliance en 1949.<\/p>\n<\/div>\n<div>\n<p>Le Danemark a depuis averti que l\u2019action militaire am\u00e9ricaine au Groenland pourrait entra\u00eener la fin de l\u2019OTAN, malgr\u00e9 le soutien des dirigeants europ\u00e9ens.<\/p>\n<\/div>\n<div>\n<p>Suite \u00e0 son projet de s\u2019emparer du Groenland, Trump a menac\u00e9 d\u2019imposer \u00e0 partir du 1er f\u00e9vrier des droits de douane de 10 % sur les marchandises provenant de huit alli\u00e9s de l\u2019OTAN, dont le Royaume-Uni, \u00e0 partir du 1er f\u00e9vrier s\u2019ils continuent de s\u2019opposer \u00e0 ses projets pour le Groenland, ces taxes devant augmenter \u00e0 25 % d\u2019ici juin.<\/p>\n<\/div>\n","protected":false},"excerpt":{"rendered":"<p>CNN s&#39;est arr\u00eat\u00e9e quelques minutes seulement apr\u00e8s le d\u00e9but de son \u00e9mission du soir lorsque Donald Trump s&#39;en est pris \u00e0 la Norv\u00e8ge apr\u00e8s qu&#39;il<\/p>\n","protected":false},"author":1,"featured_media":5194,"comment_status":"closed","ping_status":"","sticky":false,"template":"","format":"standard","meta":{"footnotes":""},"categories":[2277],"tags":[5175,24,5551,5557,1182,1244,3,5555,1707,1490,5553,5525,193,1420],"yoast_head":"<!-- This site is optimized with the Yoast SEO plugin v21.0 - https:\/\/yoast.com\/wordpress\/plugins\/seo\/ -->\n<title>CNN s&#039;arr\u00eate lorsque Trump rompt son alerte alors que les fans craignent &quot;qu&#039;il soit d\u00e9rang\u00e9&quot;<\/title>\n<meta name=\"robots\" content=\"index, follow, max-snippet:-1, max-image-preview:large, max-video-preview:-1\" \/>\n<link rel=\"canonical\" href=\"https:\/\/www.svalbard.fr\/actualites\/cnn-sarrete-lorsque-trump-rompt-son-alerte-alors-que-les-fans-craignent-quil-soit-derange\/\" \/>\n<meta property=\"og:locale\" content=\"fr_FR\" \/>\n<meta property=\"og:type\" content=\"article\" \/>\n<meta property=\"og:title\" content=\"CNN s&#039;arr\u00eate lorsque Trump rompt son alerte alors que les fans craignent &quot;qu&#039;il soit d\u00e9rang\u00e9&quot;\" \/>\n<meta property=\"og:description\" content=\"CNN s&#039;est arr\u00eat\u00e9e quelques minutes seulement apr\u00e8s le d\u00e9but de son \u00e9mission du soir lorsque Donald Trump s&#039;en est pris \u00e0 la Norv\u00e8ge apr\u00e8s qu&#039;il\" \/>\n<meta property=\"og:url\" content=\"https:\/\/www.svalbard.fr\/actualites\/cnn-sarrete-lorsque-trump-rompt-son-alerte-alors-que-les-fans-craignent-quil-soit-derange\/\" \/>\n<meta property=\"og:site_name\" content=\"www.Svalbard.fr\" \/>\n<meta property=\"article:published_time\" content=\"2026-01-20T10:57:17+00:00\" \/>\n<meta property=\"article:modified_time\" content=\"2026-01-20T10:57:20+00:00\" \/>\n<meta property=\"og:image\" content=\"https:\/\/www.svalbard.fr\/actualites\/wp-content\/uploads\/2026\/01\/CNN-s39arrete-lorsque-Trump-rompt-son-alerte-alors-que-les.jpg\" \/>\n\t<meta property=\"og:image:width\" content=\"1200\" \/>\n\t<meta property=\"og:image:height\" content=\"630\" \/>\n\t<meta property=\"og:image:type\" content=\"image\/jpeg\" \/>\n<meta name=\"author\" content=\"Hilmar\" \/>\n<meta name=\"twitter:card\" content=\"summary_large_image\" \/>\n<meta name=\"twitter:label1\" content=\"\u00c9crit par\" \/>\n\t<meta name=\"twitter:data1\" content=\"Hilmar\" \/>\n\t<meta name=\"twitter:label2\" content=\"Dur\u00e9e de lecture estim\u00e9e\" \/>\n\t<meta name=\"twitter:data2\" content=\"2 minutes\" \/>\n<script type=\"application\/ld+json\" class=\"yoast-schema-graph\">{\"@context\":\"https:\/\/schema.org\",\"@graph\":[{\"@type\":\"Article\",\"@id\":\"https:\/\/www.svalbard.fr\/actualites\/cnn-sarrete-lorsque-trump-rompt-son-alerte-alors-que-les-fans-craignent-quil-soit-derange\/#article\",\"isPartOf\":{\"@id\":\"https:\/\/www.svalbard.fr\/actualites\/cnn-sarrete-lorsque-trump-rompt-son-alerte-alors-que-les-fans-craignent-quil-soit-derange\/\"},\"author\":{\"name\":\"Hilmar\",\"@id\":\"https:\/\/www.svalbard.fr\/actualites\/#\/schema\/person\/a2f937d5712222366738fae98755c600\"},\"headline\":\"CNN s&#39;arr\u00eate lorsque Trump rompt son alerte alors que les fans craignent \u00ab\u00a0qu&#39;il soit d\u00e9rang\u00e9\u00a0\u00bb\",\"datePublished\":\"2026-01-20T10:57:17+00:00\",\"dateModified\":\"2026-01-20T10:57:20+00:00\",\"mainEntityOfPage\":{\"@id\":\"https:\/\/www.svalbard.fr\/actualites\/cnn-sarrete-lorsque-trump-rompt-son-alerte-alors-que-les-fans-craignent-quil-soit-derange\/\"},\"wordCount\":465,\"publisher\":{\"@id\":\"https:\/\/www.svalbard.fr\/actualites\/#organization\"},\"keywords\":[\"alerte\",\"alors\",\"CNN\",\"craignent\",\"d\u00e9rang\u00e9\",\"fans\",\"Les\",\"lorsque\",\"qu39il\",\"rompt\",\"s39arr\u00eate\",\"soit\",\"son\",\"Trump\"],\"inLanguage\":\"fr-FR\"},{\"@type\":\"WebPage\",\"@id\":\"https:\/\/www.svalbard.fr\/actualites\/cnn-sarrete-lorsque-trump-rompt-son-alerte-alors-que-les-fans-craignent-quil-soit-derange\/\",\"url\":\"https:\/\/www.svalbard.fr\/actualites\/cnn-sarrete-lorsque-trump-rompt-son-alerte-alors-que-les-fans-craignent-quil-soit-derange\/\",\"name\":\"CNN s&#39;arr\u00eate lorsque Trump rompt son alerte alors que les fans craignent \\\"qu&#39;il soit d\u00e9rang\u00e9\\\"\",\"isPartOf\":{\"@id\":\"https:\/\/www.svalbard.fr\/actualites\/#website\"},\"datePublished\":\"2026-01-20T10:57:17+00:00\",\"dateModified\":\"2026-01-20T10:57:20+00:00\",\"breadcrumb\":{\"@id\":\"https:\/\/www.svalbard.fr\/actualites\/cnn-sarrete-lorsque-trump-rompt-son-alerte-alors-que-les-fans-craignent-quil-soit-derange\/#breadcrumb\"},\"inLanguage\":\"fr-FR\",\"potentialAction\":[{\"@type\":\"ReadAction\",\"target\":[\"https:\/\/www.svalbard.fr\/actualites\/cnn-sarrete-lorsque-trump-rompt-son-alerte-alors-que-les-fans-craignent-quil-soit-derange\/\"]}]},{\"@type\":\"BreadcrumbList\",\"@id\":\"https:\/\/www.svalbard.fr\/actualites\/cnn-sarrete-lorsque-trump-rompt-son-alerte-alors-que-les-fans-craignent-quil-soit-derange\/#breadcrumb\",\"itemListElement\":[{\"@type\":\"ListItem\",\"position\":1,\"name\":\"Accueil\",\"item\":\"https:\/\/www.svalbard.fr\/actualites\/\"},{\"@type\":\"ListItem\",\"position\":2,\"name\":\"CNN s&#39;arr\u00eate lorsque Trump rompt son alerte alors que les fans craignent \u00ab\u00a0qu&#39;il soit d\u00e9rang\u00e9\u00a0\u00bb\"}]},{\"@type\":\"WebSite\",\"@id\":\"https:\/\/www.svalbard.fr\/actualites\/#website\",\"url\":\"https:\/\/www.svalbard.fr\/actualites\/\",\"name\":\"www.Svalbard.fr\",\"description\":\"\",\"publisher\":{\"@id\":\"https:\/\/www.svalbard.fr\/actualites\/#organization\"},\"potentialAction\":[{\"@type\":\"SearchAction\",\"target\":{\"@type\":\"EntryPoint\",\"urlTemplate\":\"https:\/\/www.svalbard.fr\/actualites\/?s={search_term_string}\"},\"query-input\":\"required name=search_term_string\"}],\"inLanguage\":\"fr-FR\"},{\"@type\":\"Organization\",\"@id\":\"https:\/\/www.svalbard.fr\/actualites\/#organization\",\"name\":\"www.Svalbard.fr\",\"url\":\"https:\/\/www.svalbard.fr\/actualites\/\",\"logo\":{\"@type\":\"ImageObject\",\"inLanguage\":\"fr-FR\",\"@id\":\"https:\/\/www.svalbard.fr\/actualites\/#\/schema\/logo\/image\/\",\"url\":\"https:\/\/www.svalbard.fr\/actualites\/wp-content\/uploads\/2023\/09\/head-nom.jpg\",\"contentUrl\":\"https:\/\/www.svalbard.fr\/actualites\/wp-content\/uploads\/2023\/09\/head-nom.jpg\",\"width\":264,\"height\":35,\"caption\":\"www.Svalbard.fr\"},\"image\":{\"@id\":\"https:\/\/www.svalbard.fr\/actualites\/#\/schema\/logo\/image\/\"}},{\"@type\":\"Person\",\"@id\":\"https:\/\/www.svalbard.fr\/actualites\/#\/schema\/person\/a2f937d5712222366738fae98755c600\",\"name\":\"Hilmar\",\"image\":{\"@type\":\"ImageObject\",\"inLanguage\":\"fr-FR\",\"@id\":\"https:\/\/www.svalbard.fr\/actualites\/#\/schema\/person\/image\/\",\"url\":\"https:\/\/secure.gravatar.com\/avatar\/4daa437093476dbc32da415c112b6512?s=96&d=mm&r=g\",\"contentUrl\":\"https:\/\/secure.gravatar.com\/avatar\/4daa437093476dbc32da415c112b6512?s=96&d=mm&r=g\",\"caption\":\"Hilmar\"},\"description\":\"Hilmar est un passionn\u00e9 des r\u00e9gions polaires, sp\u00e9cialis\u00e9 dans la r\u00e9daction d'articles sur le Spitzberg et autres destinations arctiques. Il apporte son expertise et sa passion pour l'Arctique au sein de l'\u00e9quipe de r\u00e9daction de Svalbard depuis de nombreuses ann\u00e9es.\",\"sameAs\":[\"https:\/\/www.svalbard.fr\/\"]}]}<\/script>\n<!-- \/ Yoast SEO plugin. -->","yoast_head_json":{"title":"CNN s&#39;arr\u00eate lorsque Trump rompt son alerte alors que les fans craignent \"qu&#39;il soit d\u00e9rang\u00e9\"","robots":{"index":"index","follow":"follow","max-snippet":"max-snippet:-1","max-image-preview":"max-image-preview:large","max-video-preview":"max-video-preview:-1"},"canonical":"https:\/\/www.svalbard.fr\/actualites\/cnn-sarrete-lorsque-trump-rompt-son-alerte-alors-que-les-fans-craignent-quil-soit-derange\/","og_locale":"fr_FR","og_type":"article","og_title":"CNN s&#39;arr\u00eate lorsque Trump rompt son alerte alors que les fans craignent \"qu&#39;il soit d\u00e9rang\u00e9\"","og_description":"CNN s&#39;est arr\u00eat\u00e9e quelques minutes seulement apr\u00e8s le d\u00e9but de son \u00e9mission du soir lorsque Donald Trump s&#39;en est pris \u00e0 la Norv\u00e8ge apr\u00e8s qu&#39;il","og_url":"https:\/\/www.svalbard.fr\/actualites\/cnn-sarrete-lorsque-trump-rompt-son-alerte-alors-que-les-fans-craignent-quil-soit-derange\/","og_site_name":"www.Svalbard.fr","article_published_time":"2026-01-20T10:57:17+00:00","article_modified_time":"2026-01-20T10:57:20+00:00","og_image":[{"width":1200,"height":630,"url":"https:\/\/www.svalbard.fr\/actualites\/wp-content\/uploads\/2026\/01\/CNN-s39arrete-lorsque-Trump-rompt-son-alerte-alors-que-les.jpg","type":"image\/jpeg"}],"author":"Hilmar","twitter_card":"summary_large_image","twitter_misc":{"\u00c9crit par":"Hilmar","Dur\u00e9e de lecture estim\u00e9e":"2 minutes"},"schema":{"@context":"https:\/\/schema.org","@graph":[{"@type":"Article","@id":"https:\/\/www.svalbard.fr\/actualites\/cnn-sarrete-lorsque-trump-rompt-son-alerte-alors-que-les-fans-craignent-quil-soit-derange\/#article","isPartOf":{"@id":"https:\/\/www.svalbard.fr\/actualites\/cnn-sarrete-lorsque-trump-rompt-son-alerte-alors-que-les-fans-craignent-quil-soit-derange\/"},"author":{"name":"Hilmar","@id":"https:\/\/www.svalbard.fr\/actualites\/#\/schema\/person\/a2f937d5712222366738fae98755c600"},"headline":"CNN s&#39;arr\u00eate lorsque Trump rompt son alerte alors que les fans craignent \u00ab\u00a0qu&#39;il soit d\u00e9rang\u00e9\u00a0\u00bb","datePublished":"2026-01-20T10:57:17+00:00","dateModified":"2026-01-20T10:57:20+00:00","mainEntityOfPage":{"@id":"https:\/\/www.svalbard.fr\/actualites\/cnn-sarrete-lorsque-trump-rompt-son-alerte-alors-que-les-fans-craignent-quil-soit-derange\/"},"wordCount":465,"publisher":{"@id":"https:\/\/www.svalbard.fr\/actualites\/#organization"},"keywords":["alerte","alors","CNN","craignent","d\u00e9rang\u00e9","fans","Les","lorsque","qu39il","rompt","s39arr\u00eate","soit","son","Trump"],"inLanguage":"fr-FR"},{"@type":"WebPage","@id":"https:\/\/www.svalbard.fr\/actualites\/cnn-sarrete-lorsque-trump-rompt-son-alerte-alors-que-les-fans-craignent-quil-soit-derange\/","url":"https:\/\/www.svalbard.fr\/actualites\/cnn-sarrete-lorsque-trump-rompt-son-alerte-alors-que-les-fans-craignent-quil-soit-derange\/","name":"CNN s&#39;arr\u00eate lorsque Trump rompt son alerte alors que les fans craignent \"qu&#39;il soit d\u00e9rang\u00e9\"","isPartOf":{"@id":"https:\/\/www.svalbard.fr\/actualites\/#website"},"datePublished":"2026-01-20T10:57:17+00:00","dateModified":"2026-01-20T10:57:20+00:00","breadcrumb":{"@id":"https:\/\/www.svalbard.fr\/actualites\/cnn-sarrete-lorsque-trump-rompt-son-alerte-alors-que-les-fans-craignent-quil-soit-derange\/#breadcrumb"},"inLanguage":"fr-FR","potentialAction":[{"@type":"ReadAction","target":["https:\/\/www.svalbard.fr\/actualites\/cnn-sarrete-lorsque-trump-rompt-son-alerte-alors-que-les-fans-craignent-quil-soit-derange\/"]}]},{"@type":"BreadcrumbList","@id":"https:\/\/www.svalbard.fr\/actualites\/cnn-sarrete-lorsque-trump-rompt-son-alerte-alors-que-les-fans-craignent-quil-soit-derange\/#breadcrumb","itemListElement":[{"@type":"ListItem","position":1,"name":"Accueil","item":"https:\/\/www.svalbard.fr\/actualites\/"},{"@type":"ListItem","position":2,"name":"CNN s&#39;arr\u00eate lorsque Trump rompt son alerte alors que les fans craignent \u00ab\u00a0qu&#39;il soit d\u00e9rang\u00e9\u00a0\u00bb"}]},{"@type":"WebSite","@id":"https:\/\/www.svalbard.fr\/actualites\/#website","url":"https:\/\/www.svalbard.fr\/actualites\/","name":"www.Svalbard.fr","description":"","publisher":{"@id":"https:\/\/www.svalbard.fr\/actualites\/#organization"},"potentialAction":[{"@type":"SearchAction","target":{"@type":"EntryPoint","urlTemplate":"https:\/\/www.svalbard.fr\/actualites\/?s={search_term_string}"},"query-input":"required name=search_term_string"}],"inLanguage":"fr-FR"},{"@type":"Organization","@id":"https:\/\/www.svalbard.fr\/actualites\/#organization","name":"www.Svalbard.fr","url":"https:\/\/www.svalbard.fr\/actualites\/","logo":{"@type":"ImageObject","inLanguage":"fr-FR","@id":"https:\/\/www.svalbard.fr\/actualites\/#\/schema\/logo\/image\/","url":"https:\/\/www.svalbard.fr\/actualites\/wp-content\/uploads\/2023\/09\/head-nom.jpg","contentUrl":"https:\/\/www.svalbard.fr\/actualites\/wp-content\/uploads\/2023\/09\/head-nom.jpg","width":264,"height":35,"caption":"www.Svalbard.fr"},"image":{"@id":"https:\/\/www.svalbard.fr\/actualites\/#\/schema\/logo\/image\/"}},{"@type":"Person","@id":"https:\/\/www.svalbard.fr\/actualites\/#\/schema\/person\/a2f937d5712222366738fae98755c600","name":"Hilmar","image":{"@type":"ImageObject","inLanguage":"fr-FR","@id":"https:\/\/www.svalbard.fr\/actualites\/#\/schema\/person\/image\/","url":"https:\/\/secure.gravatar.com\/avatar\/4daa437093476dbc32da415c112b6512?s=96&d=mm&r=g","contentUrl":"https:\/\/secure.gravatar.com\/avatar\/4daa437093476dbc32da415c112b6512?s=96&d=mm&r=g","caption":"Hilmar"},"description":"Hilmar est un passionn\u00e9 des r\u00e9gions polaires, sp\u00e9cialis\u00e9 dans la r\u00e9daction d'articles sur le Spitzberg et autres destinations arctiques. Il apporte son expertise et sa passion pour l'Arctique au sein de l'\u00e9quipe de r\u00e9daction de Svalbard depuis de nombreuses ann\u00e9es.","sameAs":["https:\/\/www.svalbard.fr\/"]}]}},"_links":{"self":[{"href":"https:\/\/www.svalbard.fr\/actualites\/wp-json\/wp\/v2\/posts\/5193"}],"collection":[{"href":"https:\/\/www.svalbard.fr\/actualites\/wp-json\/wp\/v2\/posts"}],"about":[{"href":"https:\/\/www.svalbard.fr\/actualites\/wp-json\/wp\/v2\/types\/post"}],"author":[{"embeddable":true,"href":"https:\/\/www.svalbard.fr\/actualites\/wp-json\/wp\/v2\/users\/1"}],"replies":[{"embeddable":true,"href":"https:\/\/www.svalbard.fr\/actualites\/wp-json\/wp\/v2\/comments?post=5193"}],"version-history":[{"count":1,"href":"https:\/\/www.svalbard.fr\/actualites\/wp-json\/wp\/v2\/posts\/5193\/revisions"}],"predecessor-version":[{"id":5195,"href":"https:\/\/www.svalbard.fr\/actualites\/wp-json\/wp\/v2\/posts\/5193\/revisions\/5195"}],"wp:featuredmedia":[{"embeddable":true,"href":"https:\/\/www.svalbard.fr\/actualites\/wp-json\/wp\/v2\/media\/5194"}],"wp:attachment":[{"href":"https:\/\/www.svalbard.fr\/actualites\/wp-json\/wp\/v2\/media?parent=5193"}],"wp:term":[{"taxonomy":"category","embeddable":true,"href":"https:\/\/www.svalbard.fr\/actualites\/wp-json\/wp\/v2\/categories?post=5193"},{"taxonomy":"post_tag","embeddable":true,"href":"https:\/\/www.svalbard.fr\/actualites\/wp-json\/wp\/v2\/tags?post=5193"}],"curies":[{"name":"wp","href":"https:\/\/api.w.org\/{rel}","templated":true}]}}