{"id":5204,"date":"2026-01-23T09:57:17","date_gmt":"2026-01-23T08:57:17","guid":{"rendered":"https:\/\/www.svalbard.fr\/actualites\/7-choses-a-savoir-sur-la-valeur-sentimentale-la-sensation-norvegienne-aux-oscars\/"},"modified":"2026-01-23T09:57:17","modified_gmt":"2026-01-23T08:57:17","slug":"7-choses-a-savoir-sur-la-valeur-sentimentale-la-sensation-norvegienne-aux-oscars","status":"publish","type":"post","link":"https:\/\/www.svalbard.fr\/actualites\/7-choses-a-savoir-sur-la-valeur-sentimentale-la-sensation-norvegienne-aux-oscars\/","title":{"rendered":"7 choses \u00e0 savoir sur la valeur sentimentale, la sensation norv\u00e9gienne aux Oscars"},"content":{"rendered":"<div itemprop=\"text\">\n\t\t\t<span id=\"dpsp-post-content-markup\" data-image-pin-it=\"false\"><\/span><\/p>\n<p class=\"intro\">Film norv\u00e9gien <em>Valeur sentimentale<\/em> est devenu l&#39;un des plus grands sujets de discussion culturelle du pays apr\u00e8s avoir re\u00e7u un nombre extraordinaire de neuf nominations aux Oscars.<\/p>\n<p>Le film est d\u00e9sormais en comp\u00e9tition dans certaines des cat\u00e9gories les plus prestigieuses des Oscars, pla\u00e7ant ainsi une histoire profond\u00e9ment norv\u00e9gienne sous les projecteurs du monde entier.<\/p>\n<figure class=\"wp-block-image size-large\"><img data-lazyloaded=\"1\" data-placeholder-resp=\"768x415\" fetchpriority=\"high\" decoding=\"async\" width=\"768\" height=\"415\" src=\"https:\/\/www.svalbard.fr\/actualites\/wp-content\/uploads\/2026\/01\/7-choses-a-savoir-sur-la-valeur-sentimentale-la-sensation.jpg\" alt=\"Image promotionnelle pour le film &#39;Sentimental Value&#39;. Photo : N\u00e9on.\" class=\"wp-image-85303\"  data-><noscript><img fetchpriority=\"high\" decoding=\"async\" width=\"768\" height=\"415\" src=\"https:\/\/www.svalbard.fr\/actualites\/wp-content\/uploads\/2026\/01\/7-choses-a-savoir-sur-la-valeur-sentimentale-la-sensation.jpg\" alt=\"Image promotionnelle pour le film &#39;Sentimental Value&#39;. Photo : N\u00e9on.\" class=\"wp-image-85303\"  ><\/noscript><\/figure>\n<p>Pour de nombreux Norv\u00e9giens, l&#39;attention se porte moins sur le glamour de la soir\u00e9e de remise des prix que sur ce que ce moment repr\u00e9sente pour le cin\u00e9ma norv\u00e9gien. Voici ce qu\u2019il faut savoir sur les films qui font la une des journaux \u00e0 travers le monde.<\/p>\n<h2 class=\"wp-block-heading\">1. Une rare perc\u00e9e aux Oscars pour un film norv\u00e9gien<\/h2>\n<p>Avec neuf nominations dont celles du meilleur film, du meilleur r\u00e9alisateur, de la meilleure actrice, du meilleur acteur dans un second r\u00f4le et du meilleur sc\u00e9nario original, <em>Valeur sentimentale<\/em> a atteint un niveau de reconnaissance rarement vu pour une production norv\u00e9gienne.<\/p>\n<p>Il est en concurrence directe avec les grandes sorties internationales et certains des noms les plus puissants du cin\u00e9ma contemporain.<\/p>\n<p>M\u00eame si la Norv\u00e8ge a connu du succ\u00e8s dans la cat\u00e9gorie du meilleur long m\u00e9trage international par le pass\u00e9, il est beaucoup moins courant qu&#39;un film en langue norv\u00e9gienne entre de cette mani\u00e8re dans les principales cat\u00e9gories des Oscars.<\/p>\n<p>L\u2019ampleur des nominations a fait du film un sujet de discussion national presque du jour au lendemain.<\/p>\n<h2 class=\"wp-block-heading\">2. Le moment le plus international de Joachim Trier \u00e0 ce jour<\/h2>\n<p>Le film est r\u00e9alis\u00e9 par <strong>Joachim Tr\u00e8ves<\/strong>l&#39;un des cin\u00e9astes norv\u00e9giens les plus respect\u00e9s au niveau international.<\/p>\n<p>Le Danois-Norv\u00e9gien a pass\u00e9 plus d&#39;une d\u00e9cennie \u00e0 se forger une r\u00e9putation pour ses histoires intimes et centr\u00e9es sur des personnages avec des films tels que <em>Reprise<\/em>, <em>Oslo, le 31 ao\u00fbt<\/em>et <em>La pire personne au monde<\/em>.<\/p>\n<p>Avec <em>Valeur sentimentale<\/em>Tr\u00e8ves semble avoir atteint un nouveau niveau de reconnaissance mondiale.<\/p>\n<p><iframe loading=\"lazy\" title=\"SENTIMENTAL VALUE - Official Trailer - In Theaters 11.7\" width=\"1200\" height=\"675\" src=\"https:\/\/www.youtube.com\/embed\/lKbcKQN5Yrw?feature=oembed\" frameborder=\"0\" allow=\"accelerometer; autoplay; clipboard-write; encrypted-media; gyroscope; picture-in-picture; web-share\" referrerpolicy=\"strict-origin-when-cross-origin\" allowfullscreen><\/iframe><\/p>\n<p>Les critiques ont souvent compar\u00e9 les th\u00e8mes et la retenue \u00e9motionnelle du film au travail de <strong>Ingmar Bergman<\/strong>en particulier dans son exploration de la famille, de la m\u00e9moire, du silence et des traumatismes \u00e9motionnels non r\u00e9solus.<\/p>\n<h2 class=\"wp-block-heading\">3. Renate Reinsve dirige un casting remarquable<\/h2>\n<p>Les stars du cin\u00e9ma <strong>Renate Reinsv\u00e9<\/strong> dans le r\u00f4le de Nora, une actrice de th\u00e9\u00e2tre \u00e0 succ\u00e8s qui traverse le chagrin, la pression professionnelle et une relation profond\u00e9ment compliqu\u00e9e avec son p\u00e8re.<\/p>\n<p>La performance de Reinsve lui a valu une nomination pour la meilleure actrice, suite \u00e0 sa perc\u00e9e internationale dans La pire personne du monde.<\/p>\n<p>Elle est rejointe par <strong>Inga Ibsdotter Lilleaas<\/strong> comme sa s\u0153ur cadette Agn\u00e8s, dont la pr\u00e9sence plus calme offre un contrepoint puissant \u00e0 la distance \u00e9motionnelle de Nora. Ensemble, les s\u0153urs forment le noyau \u00e9motionnel du film.<\/p>\n<h2 class=\"wp-block-heading\">4. Une nomination historique pour Stellan Skarsg\u00e5rd<\/h2>\n<p>L&#39;une des nominations dont on parle le plus est celle de <strong>Stellan Skarsgard<\/strong>qui incarne le p\u00e8re des s\u0153urs, Gustav. Dans le film, Gustav est un r\u00e9alisateur autrefois renomm\u00e9 dont les tentatives de r\u00e9conciliation passent par son travail plut\u00f4t que par son ouverture \u00e9motionnelle, un trait qui a fa\u00e7onn\u00e9 sa relation fractur\u00e9e avec ses filles.<\/p>\n<p>Cette nomination marque la premi\u00e8re nomination de Skarsg\u00e5rd aux Oscars et une \u00e9tape rare pour les artistes scandinaves dans la cat\u00e9gorie du meilleur acteur dans un second r\u00f4le. Bien qu&#39;il soit internationalement connu pour ses r\u00f4les dans tous les domaines, du cin\u00e9ma d&#39;art et essai aux grandes franchises hollywoodiennes, la reconnaissance de l&#39;Acad\u00e9mie est rest\u00e9e jusqu&#39;\u00e0 pr\u00e9sent insaisissable.<\/p>\n<p>S&#39;exprimant apr\u00e8s l&#39;annonce des nominations, Skarsg\u00e5rd a d\u00e9crit ce moment comme \u00e9tant profond\u00e9ment \u00e9mouvant, partageant la nouvelle avec sa femme et ses plus jeunes enfants alors qu&#39;il \u00e9tait chez lui en Su\u00e8de.<\/p>\n<p>Il a \u00e9galement not\u00e9 l&#39;ironie d&#39;\u00eatre nomin\u00e9 pour jouer un p\u00e8re absent, compte tenu de sa r\u00e9putation de patriarche d&#39;une grande famille d&#39;acteurs, dont plusieurs l&#39;ont suivi dans la profession.<\/p>\n<p>Les critiques ont lou\u00e9 la performance de Skarsg\u00e5rd pour son \u00e9quilibre entre chaleur, charme et maladresse \u00e9motionnelle. Gustav n&#39;est ni un m\u00e9chant ni un h\u00e9ros mais un personnage imparfait, souvent frustrant, dont l&#39;incapacit\u00e9 \u00e0 communiquer honn\u00eatement est aussi tragique que reconnaissable.<\/p>\n<p>Cette complexit\u00e9, sugg\u00e8rent de nombreux critiques, est au c\u0153ur de la raison pour laquelle la performance a si fortement r\u00e9sonn\u00e9 pendant la saison des r\u00e9compenses.<\/p>\n<h2 class=\"wp-block-heading\">5. Pourquoi une star am\u00e9ricaine est au c\u0153ur de l&#39;histoire<\/h2>\n<p>Acteur hollywoodien <strong>Elle Fanning<\/strong> incarne Rachel Kemp, une actrice am\u00e9ricaine interpr\u00e9t\u00e9e dans le r\u00f4le initialement \u00e9crit pour Nora apr\u00e8s qu&#39;elle ait refus\u00e9 de participer au film de retour de son p\u00e8re.<\/p>\n<p>La pr\u00e9sence de Rachel introduit un contraste culturel intentionnel, mettant en \u00e9vidence les diff\u00e9rences de langage, d&#39;expression \u00e9motionnelle et de tradition artistique.<\/p>\n<p>Plusieurs critiques ont not\u00e9 \u00e0 quel point l&#39;ouverture et l&#39;enthousiasme du personnage am\u00e9ricain se heurtent au paysage \u00e9motionnel nordique sobre, cr\u00e9ant des moments de tension qui alimentent une grande partie du drame subtil du film.<\/p>\n<h2 class=\"wp-block-heading\">6. Une histoire enracin\u00e9e dans la famille, la m\u00e9moire et l&#39;art<\/h2>\n<p>En son c\u0153ur, <em>Valeur sentimentale<\/em> est un drame familial. Il explore le chagrin suite au d\u00e9c\u00e8s de la m\u00e8re des s\u0153urs, les retomb\u00e9es \u00e9motionnelles de l&#39;absence parentale et la mani\u00e8re dont les artistes s&#39;inspirent de leur histoire personnelle, parfois au prix d&#39;un lourd tribut personnel.<\/p>\n<p>La maison familiale joue un r\u00f4le symbolique en tant que d\u00e9positaire de la m\u00e9moire et de l&#39;histoire non r\u00e9solue, tandis que la performance, tant sur sc\u00e8ne que sur film, devient un moyen pour les personnages d&#39;\u00e9viter ou d&#39;affronter leur pass\u00e9. Une grande partie du poids \u00e9motionnel du film r\u00e9side dans ce qui reste non-dit.<\/p>\n<h2 class=\"wp-block-heading\">7. \u00c9loges critiques, avec quelques d\u00e9bats<\/h2>\n<p>Alors que de nombreuses critiques ont salu\u00e9 <em>Valeur sentimentale<\/em> \u00e9tant donn\u00e9 qu&#39;il s&#39;agit de l&#39;\u0153uvre la plus aboutie et la plus aboutie de Joachim Trier, toutes les r\u00e9actions n&#39;ont pas \u00e9t\u00e9 enti\u00e8rement positives.<\/p>\n<p>Certaines critiques affirment que le film laisse finalement son p\u00e8re central s&#39;en sortir trop facilement, privil\u00e9giant la r\u00e9conciliation artistique plut\u00f4t que le jugement moral.<\/p>\n<p>Ce qui est clair, c\u2019est que le film a suscit\u00e9 de s\u00e9rieuses discussions. Qu&#39;il soit lou\u00e9 ou remis en question, il a retenu l&#39;attention du public et des critiques, ce qui est souvent un indicateur fort du succ\u00e8s de la saison des r\u00e9compenses.<\/p>\n<h2 class=\"wp-block-heading\">Un moment historique pour le cin\u00e9ma norv\u00e9gien<\/h2>\n<p>Quel que soit le nombre d&#39;Oscars qu&#39;il remporte finalement, <em>Valeur sentimentale<\/em> a d\u00e9j\u00e0 assur\u00e9 sa place dans l&#39;histoire du cin\u00e9ma norv\u00e9gien. Son succ\u00e8s d\u00e9montre que les histoires norv\u00e9giennes, racont\u00e9es en norv\u00e9gien et ancr\u00e9es dans les sensibilit\u00e9s nordiques, peuvent trouver un \u00e9cho sur la plus grande sc\u00e8ne cin\u00e9matographique du monde.<\/p>\n<p>Pour l&#39;industrie cin\u00e9matographique norv\u00e9gienne, ce moment est une question de visibilit\u00e9, de confiance et de possibilit\u00e9 que des histoires plus ancr\u00e9es localement trouvent un public mondial dans les ann\u00e9es \u00e0 venir.<\/p>\n<\/p><\/div>\n","protected":false},"excerpt":{"rendered":"<p>Film norv\u00e9gien Valeur sentimentale est devenu l&#39;un des plus grands sujets de discussion culturelle du pays apr\u00e8s avoir re\u00e7u un nombre extraordinaire de neuf nominations<\/p>\n","protected":false},"author":1,"featured_media":5205,"comment_status":"","ping_status":"","sticky":false,"template":"","format":"standard","meta":{"footnotes":""},"categories":[2277],"tags":[13,592,277,5579,708,5577,5575,28,1001],"yoast_head":"<!-- This site is optimized with the Yoast SEO plugin v21.0 - https:\/\/yoast.com\/wordpress\/plugins\/seo\/ -->\n<title>7 choses \u00e0 savoir sur la valeur sentimentale, la sensation norv\u00e9gienne aux Oscars<\/title>\n<meta name=\"robots\" content=\"index, follow, max-snippet:-1, max-image-preview:large, max-video-preview:-1\" \/>\n<link rel=\"canonical\" href=\"https:\/\/www.svalbard.fr\/actualites\/7-choses-a-savoir-sur-la-valeur-sentimentale-la-sensation-norvegienne-aux-oscars\/\" \/>\n<meta property=\"og:locale\" content=\"fr_FR\" \/>\n<meta property=\"og:type\" content=\"article\" \/>\n<meta property=\"og:title\" content=\"7 choses \u00e0 savoir sur la valeur sentimentale, la sensation norv\u00e9gienne aux Oscars\" \/>\n<meta property=\"og:description\" content=\"Film norv\u00e9gien Valeur sentimentale est devenu l&#039;un des plus grands sujets de discussion culturelle du pays apr\u00e8s avoir re\u00e7u un nombre extraordinaire de neuf nominations\" \/>\n<meta property=\"og:url\" content=\"https:\/\/www.svalbard.fr\/actualites\/7-choses-a-savoir-sur-la-valeur-sentimentale-la-sensation-norvegienne-aux-oscars\/\" \/>\n<meta property=\"og:site_name\" content=\"www.Svalbard.fr\" \/>\n<meta property=\"article:published_time\" content=\"2026-01-23T08:57:17+00:00\" \/>\n<meta property=\"og:image\" content=\"https:\/\/www.svalbard.fr\/actualites\/wp-content\/uploads\/2026\/01\/7-choses-a-savoir-sur-la-valeur-sentimentale-la-sensation.jpg\" \/>\n<meta name=\"author\" content=\"Hilmar\" \/>\n<meta name=\"twitter:card\" content=\"summary_large_image\" \/>\n<meta name=\"twitter:label1\" content=\"\u00c9crit par\" \/>\n\t<meta name=\"twitter:data1\" content=\"Hilmar\" \/>\n\t<meta name=\"twitter:label2\" content=\"Dur\u00e9e de lecture estim\u00e9e\" \/>\n\t<meta name=\"twitter:data2\" content=\"6 minutes\" \/>\n<script type=\"application\/ld+json\" class=\"yoast-schema-graph\">{\"@context\":\"https:\/\/schema.org\",\"@graph\":[{\"@type\":\"Article\",\"@id\":\"https:\/\/www.svalbard.fr\/actualites\/7-choses-a-savoir-sur-la-valeur-sentimentale-la-sensation-norvegienne-aux-oscars\/#article\",\"isPartOf\":{\"@id\":\"https:\/\/www.svalbard.fr\/actualites\/7-choses-a-savoir-sur-la-valeur-sentimentale-la-sensation-norvegienne-aux-oscars\/\"},\"author\":{\"name\":\"Hilmar\",\"@id\":\"https:\/\/www.svalbard.fr\/actualites\/#\/schema\/person\/a2f937d5712222366738fae98755c600\"},\"headline\":\"7 choses \u00e0 savoir sur la valeur sentimentale, la sensation norv\u00e9gienne aux Oscars\",\"datePublished\":\"2026-01-23T08:57:17+00:00\",\"dateModified\":\"2026-01-23T08:57:17+00:00\",\"mainEntityOfPage\":{\"@id\":\"https:\/\/www.svalbard.fr\/actualites\/7-choses-a-savoir-sur-la-valeur-sentimentale-la-sensation-norvegienne-aux-oscars\/\"},\"wordCount\":1279,\"publisher\":{\"@id\":\"https:\/\/www.svalbard.fr\/actualites\/#organization\"},\"keywords\":[\"aux\",\"choses\",\"norv\u00e9gienne\",\"Oscars\",\"savoir\",\"sensation\",\"sentimentale\",\"sur\",\"valeur\"],\"inLanguage\":\"fr-FR\"},{\"@type\":\"WebPage\",\"@id\":\"https:\/\/www.svalbard.fr\/actualites\/7-choses-a-savoir-sur-la-valeur-sentimentale-la-sensation-norvegienne-aux-oscars\/\",\"url\":\"https:\/\/www.svalbard.fr\/actualites\/7-choses-a-savoir-sur-la-valeur-sentimentale-la-sensation-norvegienne-aux-oscars\/\",\"name\":\"7 choses \u00e0 savoir sur la valeur sentimentale, la sensation norv\u00e9gienne aux Oscars\",\"isPartOf\":{\"@id\":\"https:\/\/www.svalbard.fr\/actualites\/#website\"},\"datePublished\":\"2026-01-23T08:57:17+00:00\",\"dateModified\":\"2026-01-23T08:57:17+00:00\",\"breadcrumb\":{\"@id\":\"https:\/\/www.svalbard.fr\/actualites\/7-choses-a-savoir-sur-la-valeur-sentimentale-la-sensation-norvegienne-aux-oscars\/#breadcrumb\"},\"inLanguage\":\"fr-FR\",\"potentialAction\":[{\"@type\":\"ReadAction\",\"target\":[\"https:\/\/www.svalbard.fr\/actualites\/7-choses-a-savoir-sur-la-valeur-sentimentale-la-sensation-norvegienne-aux-oscars\/\"]}]},{\"@type\":\"BreadcrumbList\",\"@id\":\"https:\/\/www.svalbard.fr\/actualites\/7-choses-a-savoir-sur-la-valeur-sentimentale-la-sensation-norvegienne-aux-oscars\/#breadcrumb\",\"itemListElement\":[{\"@type\":\"ListItem\",\"position\":1,\"name\":\"Accueil\",\"item\":\"https:\/\/www.svalbard.fr\/actualites\/\"},{\"@type\":\"ListItem\",\"position\":2,\"name\":\"7 choses \u00e0 savoir sur la valeur sentimentale, la sensation norv\u00e9gienne aux Oscars\"}]},{\"@type\":\"WebSite\",\"@id\":\"https:\/\/www.svalbard.fr\/actualites\/#website\",\"url\":\"https:\/\/www.svalbard.fr\/actualites\/\",\"name\":\"www.Svalbard.fr\",\"description\":\"\",\"publisher\":{\"@id\":\"https:\/\/www.svalbard.fr\/actualites\/#organization\"},\"potentialAction\":[{\"@type\":\"SearchAction\",\"target\":{\"@type\":\"EntryPoint\",\"urlTemplate\":\"https:\/\/www.svalbard.fr\/actualites\/?s={search_term_string}\"},\"query-input\":\"required name=search_term_string\"}],\"inLanguage\":\"fr-FR\"},{\"@type\":\"Organization\",\"@id\":\"https:\/\/www.svalbard.fr\/actualites\/#organization\",\"name\":\"www.Svalbard.fr\",\"url\":\"https:\/\/www.svalbard.fr\/actualites\/\",\"logo\":{\"@type\":\"ImageObject\",\"inLanguage\":\"fr-FR\",\"@id\":\"https:\/\/www.svalbard.fr\/actualites\/#\/schema\/logo\/image\/\",\"url\":\"https:\/\/www.svalbard.fr\/actualites\/wp-content\/uploads\/2023\/09\/head-nom.jpg\",\"contentUrl\":\"https:\/\/www.svalbard.fr\/actualites\/wp-content\/uploads\/2023\/09\/head-nom.jpg\",\"width\":264,\"height\":35,\"caption\":\"www.Svalbard.fr\"},\"image\":{\"@id\":\"https:\/\/www.svalbard.fr\/actualites\/#\/schema\/logo\/image\/\"}},{\"@type\":\"Person\",\"@id\":\"https:\/\/www.svalbard.fr\/actualites\/#\/schema\/person\/a2f937d5712222366738fae98755c600\",\"name\":\"Hilmar\",\"image\":{\"@type\":\"ImageObject\",\"inLanguage\":\"fr-FR\",\"@id\":\"https:\/\/www.svalbard.fr\/actualites\/#\/schema\/person\/image\/\",\"url\":\"https:\/\/secure.gravatar.com\/avatar\/4daa437093476dbc32da415c112b6512?s=96&d=mm&r=g\",\"contentUrl\":\"https:\/\/secure.gravatar.com\/avatar\/4daa437093476dbc32da415c112b6512?s=96&d=mm&r=g\",\"caption\":\"Hilmar\"},\"description\":\"Hilmar est un passionn\u00e9 des r\u00e9gions polaires, sp\u00e9cialis\u00e9 dans la r\u00e9daction d'articles sur le Spitzberg et autres destinations arctiques. Il apporte son expertise et sa passion pour l'Arctique au sein de l'\u00e9quipe de r\u00e9daction de Svalbard depuis de nombreuses ann\u00e9es.\",\"sameAs\":[\"https:\/\/www.svalbard.fr\/\"]}]}<\/script>\n<!-- \/ Yoast SEO plugin. -->","yoast_head_json":{"title":"7 choses \u00e0 savoir sur la valeur sentimentale, la sensation norv\u00e9gienne aux Oscars","robots":{"index":"index","follow":"follow","max-snippet":"max-snippet:-1","max-image-preview":"max-image-preview:large","max-video-preview":"max-video-preview:-1"},"canonical":"https:\/\/www.svalbard.fr\/actualites\/7-choses-a-savoir-sur-la-valeur-sentimentale-la-sensation-norvegienne-aux-oscars\/","og_locale":"fr_FR","og_type":"article","og_title":"7 choses \u00e0 savoir sur la valeur sentimentale, la sensation norv\u00e9gienne aux Oscars","og_description":"Film norv\u00e9gien Valeur sentimentale est devenu l&#39;un des plus grands sujets de discussion culturelle du pays apr\u00e8s avoir re\u00e7u un nombre extraordinaire de neuf nominations","og_url":"https:\/\/www.svalbard.fr\/actualites\/7-choses-a-savoir-sur-la-valeur-sentimentale-la-sensation-norvegienne-aux-oscars\/","og_site_name":"www.Svalbard.fr","article_published_time":"2026-01-23T08:57:17+00:00","og_image":[{"url":"https:\/\/www.svalbard.fr\/actualites\/wp-content\/uploads\/2026\/01\/7-choses-a-savoir-sur-la-valeur-sentimentale-la-sensation.jpg"}],"author":"Hilmar","twitter_card":"summary_large_image","twitter_misc":{"\u00c9crit par":"Hilmar","Dur\u00e9e de lecture estim\u00e9e":"6 minutes"},"schema":{"@context":"https:\/\/schema.org","@graph":[{"@type":"Article","@id":"https:\/\/www.svalbard.fr\/actualites\/7-choses-a-savoir-sur-la-valeur-sentimentale-la-sensation-norvegienne-aux-oscars\/#article","isPartOf":{"@id":"https:\/\/www.svalbard.fr\/actualites\/7-choses-a-savoir-sur-la-valeur-sentimentale-la-sensation-norvegienne-aux-oscars\/"},"author":{"name":"Hilmar","@id":"https:\/\/www.svalbard.fr\/actualites\/#\/schema\/person\/a2f937d5712222366738fae98755c600"},"headline":"7 choses \u00e0 savoir sur la valeur sentimentale, la sensation norv\u00e9gienne aux Oscars","datePublished":"2026-01-23T08:57:17+00:00","dateModified":"2026-01-23T08:57:17+00:00","mainEntityOfPage":{"@id":"https:\/\/www.svalbard.fr\/actualites\/7-choses-a-savoir-sur-la-valeur-sentimentale-la-sensation-norvegienne-aux-oscars\/"},"wordCount":1279,"publisher":{"@id":"https:\/\/www.svalbard.fr\/actualites\/#organization"},"keywords":["aux","choses","norv\u00e9gienne","Oscars","savoir","sensation","sentimentale","sur","valeur"],"inLanguage":"fr-FR"},{"@type":"WebPage","@id":"https:\/\/www.svalbard.fr\/actualites\/7-choses-a-savoir-sur-la-valeur-sentimentale-la-sensation-norvegienne-aux-oscars\/","url":"https:\/\/www.svalbard.fr\/actualites\/7-choses-a-savoir-sur-la-valeur-sentimentale-la-sensation-norvegienne-aux-oscars\/","name":"7 choses \u00e0 savoir sur la valeur sentimentale, la sensation norv\u00e9gienne aux Oscars","isPartOf":{"@id":"https:\/\/www.svalbard.fr\/actualites\/#website"},"datePublished":"2026-01-23T08:57:17+00:00","dateModified":"2026-01-23T08:57:17+00:00","breadcrumb":{"@id":"https:\/\/www.svalbard.fr\/actualites\/7-choses-a-savoir-sur-la-valeur-sentimentale-la-sensation-norvegienne-aux-oscars\/#breadcrumb"},"inLanguage":"fr-FR","potentialAction":[{"@type":"ReadAction","target":["https:\/\/www.svalbard.fr\/actualites\/7-choses-a-savoir-sur-la-valeur-sentimentale-la-sensation-norvegienne-aux-oscars\/"]}]},{"@type":"BreadcrumbList","@id":"https:\/\/www.svalbard.fr\/actualites\/7-choses-a-savoir-sur-la-valeur-sentimentale-la-sensation-norvegienne-aux-oscars\/#breadcrumb","itemListElement":[{"@type":"ListItem","position":1,"name":"Accueil","item":"https:\/\/www.svalbard.fr\/actualites\/"},{"@type":"ListItem","position":2,"name":"7 choses \u00e0 savoir sur la valeur sentimentale, la sensation norv\u00e9gienne aux Oscars"}]},{"@type":"WebSite","@id":"https:\/\/www.svalbard.fr\/actualites\/#website","url":"https:\/\/www.svalbard.fr\/actualites\/","name":"www.Svalbard.fr","description":"","publisher":{"@id":"https:\/\/www.svalbard.fr\/actualites\/#organization"},"potentialAction":[{"@type":"SearchAction","target":{"@type":"EntryPoint","urlTemplate":"https:\/\/www.svalbard.fr\/actualites\/?s={search_term_string}"},"query-input":"required name=search_term_string"}],"inLanguage":"fr-FR"},{"@type":"Organization","@id":"https:\/\/www.svalbard.fr\/actualites\/#organization","name":"www.Svalbard.fr","url":"https:\/\/www.svalbard.fr\/actualites\/","logo":{"@type":"ImageObject","inLanguage":"fr-FR","@id":"https:\/\/www.svalbard.fr\/actualites\/#\/schema\/logo\/image\/","url":"https:\/\/www.svalbard.fr\/actualites\/wp-content\/uploads\/2023\/09\/head-nom.jpg","contentUrl":"https:\/\/www.svalbard.fr\/actualites\/wp-content\/uploads\/2023\/09\/head-nom.jpg","width":264,"height":35,"caption":"www.Svalbard.fr"},"image":{"@id":"https:\/\/www.svalbard.fr\/actualites\/#\/schema\/logo\/image\/"}},{"@type":"Person","@id":"https:\/\/www.svalbard.fr\/actualites\/#\/schema\/person\/a2f937d5712222366738fae98755c600","name":"Hilmar","image":{"@type":"ImageObject","inLanguage":"fr-FR","@id":"https:\/\/www.svalbard.fr\/actualites\/#\/schema\/person\/image\/","url":"https:\/\/secure.gravatar.com\/avatar\/4daa437093476dbc32da415c112b6512?s=96&d=mm&r=g","contentUrl":"https:\/\/secure.gravatar.com\/avatar\/4daa437093476dbc32da415c112b6512?s=96&d=mm&r=g","caption":"Hilmar"},"description":"Hilmar est un passionn\u00e9 des r\u00e9gions polaires, sp\u00e9cialis\u00e9 dans la r\u00e9daction d'articles sur le Spitzberg et autres destinations arctiques. Il apporte son expertise et sa passion pour l'Arctique au sein de l'\u00e9quipe de r\u00e9daction de Svalbard depuis de nombreuses ann\u00e9es.","sameAs":["https:\/\/www.svalbard.fr\/"]}]}},"_links":{"self":[{"href":"https:\/\/www.svalbard.fr\/actualites\/wp-json\/wp\/v2\/posts\/5204"}],"collection":[{"href":"https:\/\/www.svalbard.fr\/actualites\/wp-json\/wp\/v2\/posts"}],"about":[{"href":"https:\/\/www.svalbard.fr\/actualites\/wp-json\/wp\/v2\/types\/post"}],"author":[{"embeddable":true,"href":"https:\/\/www.svalbard.fr\/actualites\/wp-json\/wp\/v2\/users\/1"}],"replies":[{"embeddable":true,"href":"https:\/\/www.svalbard.fr\/actualites\/wp-json\/wp\/v2\/comments?post=5204"}],"version-history":[{"count":0,"href":"https:\/\/www.svalbard.fr\/actualites\/wp-json\/wp\/v2\/posts\/5204\/revisions"}],"wp:featuredmedia":[{"embeddable":true,"href":"https:\/\/www.svalbard.fr\/actualites\/wp-json\/wp\/v2\/media\/5205"}],"wp:attachment":[{"href":"https:\/\/www.svalbard.fr\/actualites\/wp-json\/wp\/v2\/media?parent=5204"}],"wp:term":[{"taxonomy":"category","embeddable":true,"href":"https:\/\/www.svalbard.fr\/actualites\/wp-json\/wp\/v2\/categories?post=5204"},{"taxonomy":"post_tag","embeddable":true,"href":"https:\/\/www.svalbard.fr\/actualites\/wp-json\/wp\/v2\/tags?post=5204"}],"curies":[{"name":"wp","href":"https:\/\/api.w.org\/{rel}","templated":true}]}}