{"id":5218,"date":"2026-02-01T11:56:15","date_gmt":"2026-02-01T10:56:15","guid":{"rendered":"https:\/\/www.svalbard.fr\/actualites\/un-ferry-direct-entre-le-royaume-uni-et-un-incroyable-pays-europeen-pourrait-rouvrir-apres-18-ans\/"},"modified":"2026-02-01T11:56:18","modified_gmt":"2026-02-01T10:56:18","slug":"un-ferry-direct-entre-le-royaume-uni-et-un-incroyable-pays-europeen-pourrait-rouvrir-apres-18-ans","status":"publish","type":"post","link":"https:\/\/www.svalbard.fr\/actualites\/un-ferry-direct-entre-le-royaume-uni-et-un-incroyable-pays-europeen-pourrait-rouvrir-apres-18-ans\/","title":{"rendered":"Un ferry direct entre le Royaume-Uni et un incroyable pays europ\u00e9en pourrait rouvrir apr\u00e8s 18 ans"},"content":{"rendered":"<div>\n<div class=\"photo changeSpace\">\n<p class=\"withoutCaption\"><picture><source type=\"image\/avif\" srcset=\"https:\/\/cdn.images.express.co.uk\/img\/dynamic\/199\/1200x712\/secondary\/6709146.avif?r=1769768628258\" media=\"screen and (min-width:10000px)\"><source type=\"image\/webp\" srcset=\"https:\/\/cdn.images.express.co.uk\/img\/dynamic\/199\/1200x712\/secondary\/6709146.webp?r=1769768628258\" media=\"screen and (min-width:10000px)\"><source type=\"image\/jpeg\" srcset=\"https:\/\/www.svalbard.fr\/actualites\/wp-content\/uploads\/2026\/02\/Un-ferry-direct-entre-le-Royaume-Uni-et-un-incroyable-pays.jpg\" media=\"screen and (min-width:10000px)\"><source type=\"image\/avif\" srcset=\"https:\/\/cdn.images.express.co.uk\/img\/dynamic\/199\/674x400\/secondary\/6709146.avif?r=1769768628258\" media=\"screen and (min-width:100000px)\"><source type=\"image\/webp\" srcset=\"https:\/\/cdn.images.express.co.uk\/img\/dynamic\/199\/674x400\/secondary\/6709146.webp?r=1769768628258\" media=\"screen and (min-width:100000px)\"><source type=\"image\/jpeg\" srcset=\"https:\/\/cdn.images.express.co.uk\/img\/dynamic\/199\/674x400\/secondary\/6709146.jpg?r=1769768628258\" media=\"screen and (min-width:100000px)\"><source type=\"image\/avif\" srcset=\"https:\/\/cdn.images.express.co.uk\/img\/dynamic\/199\/940x\/secondary\/6709146.avif?r=1769768628258\" media=\"screen and (min-width:1200px)\"><source type=\"image\/webp\" srcset=\"https:\/\/cdn.images.express.co.uk\/img\/dynamic\/199\/940x\/secondary\/6709146.webp?r=1769768628258\" media=\"screen and (min-width:1200px)\"><source type=\"image\/jpeg\" srcset=\"https:\/\/cdn.images.express.co.uk\/img\/dynamic\/199\/940x\/secondary\/6709146.jpg?r=1769768628258\" media=\"screen and (min-width:1200px)\"><source type=\"image\/avif\" srcset=\"https:\/\/cdn.images.express.co.uk\/img\/dynamic\/199\/590x\/secondary\/6709146.avif?r=1769768628258\" media=\"screen\"><source type=\"image\/webp\" srcset=\"https:\/\/cdn.images.express.co.uk\/img\/dynamic\/199\/590x\/secondary\/6709146.webp?r=1769768628258\" media=\"screen\"><\/source><\/source><\/source><\/source><\/source><\/source><\/source><\/source><\/source><\/source><\/source><\/picture><\/p>\n<p><span class=\"newsCaption\">Le service populaire entre la ville portuaire britannique et Bergen (photo) a pris fin il y a pr\u00e8s de 20 ans. <span class=\"caption\">(Image : Getty Images\/iStockphoto)<\/span><span class=\"magnifier\" data-img=\"https:\/\/www.svalbard.fr\/actualites\/wp-content\/uploads\/2026\/02\/Un-ferry-direct-entre-le-Royaume-Uni-et-un-incroyable-pays.jpg\"\/><\/span><\/div>\n<div class=\"text-description\">\n<p>Une ville portuaire britannique explore \u00ab tous les moyens \u00bb de ramener un service de ferry bien-aim\u00e9 vers la Norv\u00e8ge, pr\u00e8s de deux d\u00e9cennies apr\u00e8s sa suppression. Newcastle poss\u00e9dait autrefois un ferry direct traversant la mer du Nord jusqu&#39;\u00e0 Bergen, sur la c\u00f4te sud-ouest du pays scandinave.<\/p>\n<\/div>\n<div class=\"text-description\">\n<p>G\u00e9r\u00e9 par l&#39;op\u00e9rateur de ferry DFDS, le service de couchettes permettait aux habitants de The Toon de profiter de l&#39;air marin en route vers l&#39;une des plus belles villes d&#39;Europe. Le trajet durait entre 19 et 22 heures, selon qu&#39;il comprenait ou non un arr\u00eat \u00e0 Stavanger, mais il \u00e9tait extr\u00eamement populaire. Mais le service a pris fin en septembre 2008, DFDS attribuant cette d\u00e9cision \u00e0 la flamb\u00e9e des prix du carburant et au ralentissement \u00e9conomique de l&#39;\u00e9poque.<\/p>\n<\/div>\n<div class=\"text-description dont-miss\">\n<p><strong>  EN SAVOIR PLUS:<\/strong>  Date d&#39;ouverture annonc\u00e9e pour le nouveau ferry du Royaume-Uni vers l&#39;Europe &#8211; 3 fois par semaine <\/p>\n<p><strong>  EN SAVOIR PLUS:<\/strong>  La plus longue route de ferry d&#39;Europe part du Royaume-Uni et dure deux jours <\/p>\n<\/div>\n<div class=\"photo changeSpace\">\n<p class=\"withoutCaption\"><picture><source type=\"image\/avif\" srcset=\"https:\/\/cdn.images.express.co.uk\/img\/dynamic\/199\/1200x712\/secondary\/view-from-the-bergen-railway-route-from-myrdal-to-the-town-of-flam-vestland-norway-6709400.avif?r=1769768628270\" media=\"screen and (min-width:10000px)\"><source type=\"image\/webp\" srcset=\"https:\/\/cdn.images.express.co.uk\/img\/dynamic\/199\/1200x712\/secondary\/view-from-the-bergen-railway-route-from-myrdal-to-the-town-of-flam-vestland-norway-6709400.webp?r=1769768628270\" media=\"screen and (min-width:10000px)\"><source type=\"image\/jpeg\" srcset=\"https:\/\/www.svalbard.fr\/actualites\/wp-content\/uploads\/2026\/02\/1769943375_941_Un-ferry-direct-entre-le-Royaume-Uni-et-un-incroyable-pays.jpg\" media=\"screen and (min-width:10000px)\"><source type=\"image\/avif\" srcset=\"https:\/\/cdn.images.express.co.uk\/img\/dynamic\/199\/674x400\/secondary\/view-from-the-bergen-railway-route-from-myrdal-to-the-town-of-flam-vestland-norway-6709400.avif?r=1769768628270\" media=\"screen and (min-width:100000px)\"><source type=\"image\/webp\" srcset=\"https:\/\/cdn.images.express.co.uk\/img\/dynamic\/199\/674x400\/secondary\/view-from-the-bergen-railway-route-from-myrdal-to-the-town-of-flam-vestland-norway-6709400.webp?r=1769768628270\" media=\"screen and (min-width:100000px)\"><source type=\"image\/jpeg\" srcset=\"https:\/\/cdn.images.express.co.uk\/img\/dynamic\/199\/674x400\/secondary\/view-from-the-bergen-railway-route-from-myrdal-to-the-town-of-flam-vestland-norway-6709400.jpg?r=1769768628270\" media=\"screen and (min-width:100000px)\"><source type=\"image\/avif\" srcset=\"https:\/\/cdn.images.express.co.uk\/img\/dynamic\/199\/940x\/secondary\/view-from-the-bergen-railway-route-from-myrdal-to-the-town-of-flam-vestland-norway-6709400.avif?r=1769768628270\" media=\"screen and (min-width:1200px)\"><source type=\"image\/webp\" srcset=\"https:\/\/cdn.images.express.co.uk\/img\/dynamic\/199\/940x\/secondary\/view-from-the-bergen-railway-route-from-myrdal-to-the-town-of-flam-vestland-norway-6709400.webp?r=1769768628270\" media=\"screen and (min-width:1200px)\"><source type=\"image\/jpeg\" srcset=\"https:\/\/cdn.images.express.co.uk\/img\/dynamic\/199\/940x\/secondary\/view-from-the-bergen-railway-route-from-myrdal-to-the-town-of-flam-vestland-norway-6709400.jpg?r=1769768628270\" media=\"screen and (min-width:1200px)\"><source type=\"image\/avif\" srcset=\"https:\/\/cdn.images.express.co.uk\/img\/dynamic\/199\/590x\/secondary\/view-from-the-bergen-railway-route-from-myrdal-to-the-town-of-flam-vestland-norway-6709400.avif?r=1769768628270\" media=\"screen\"><source type=\"image\/webp\" srcset=\"https:\/\/cdn.images.express.co.uk\/img\/dynamic\/199\/590x\/secondary\/view-from-the-bergen-railway-route-from-myrdal-to-the-town-of-flam-vestland-norway-6709400.webp?r=1769768628270\" media=\"screen\"><img decoding=\"async\" class=\"zoomEnabled\" src=\"https:\/\/www.svalbard.fr\/actualites\/wp-content\/uploads\/2026\/02\/1769943375_941_Un-ferry-direct-entre-le-Royaume-Uni-et-un-incroyable-pays.jpg\" alt=\"Bergen en Norv\u00e8ge\" title=\"Bergen en Norv\u00e8ge\" width=\"590\" height=\"393\" loading=\"lazy\"\/><\/source><\/source><\/source><\/source><\/source><\/source><\/source><\/source><\/source><\/source><\/source><\/picture><\/p>\n<p><span class=\"newsCaption\">Bergen en Norv\u00e8ge <span class=\"caption\">(Image : Getty)<\/span><span class=\"magnifier\" data-img=\"https:\/\/www.svalbard.fr\/actualites\/wp-content\/uploads\/2026\/02\/1769943375_941_Un-ferry-direct-entre-le-Royaume-Uni-et-un-incroyable-pays.jpg\"\/><\/span><\/div>\n<div class=\"text-description\">\n<p>Avant son dernier d\u00e9part, les responsables de Bergen ont d\u00e9clar\u00e9 que ce serait un \u00ab\u00a0d\u00e9sastre total pour Bergen et la r\u00e9gion du Fjord\u00a0\u00bb, citant l&#39;importance des visiteurs britanniques pour l&#39;\u00e9conomie locale.<\/p>\n<\/div>\n<div class=\"text-description\">\n<p>Il \u00e9tait \u00e9galement pr\u00e9vu que l\u2019\u00e9conomie du Nord-Est perdrait 10 millions de livres sterling par an en raison du tourisme \u00e9tranger, rapportait BBC News \u00e0 l\u2019\u00e9poque.<\/p>\n<\/div>\n<div class=\"text-description\">\n<p>Les vols entre les deux villes op\u00e9r\u00e9s par Jet2 devraient d\u00e9buter en avril, avec une dur\u00e9e de vol d&#39;\u00e0 peine une heure et 25 minutes, mais beaucoup souhaitent voir le retour des voyages en bateau, plus respectueux de l&#39;environnement.<\/p>\n<\/div>\n<div class=\"text-description\">\n<p>Ces espoirs ont \u00e9t\u00e9 l\u00e9g\u00e8rement stimul\u00e9s la semaine derni\u00e8re, la pr\u00e9sidente du conseil municipal de Newcastle, Karen Kilgour, ayant r\u00e9affirm\u00e9 le d\u00e9sir des deux villes de le voir revenir, tout en saluant l&#39;impact de la nouvelle route a\u00e9rienne, tout en notant que les op\u00e9rateurs ne consid\u00e8rent actuellement pas le ferry comme \u00e9conomiquement viable.<\/p>\n<\/div>\n<div class=\"text-description\">\n<p>S&#39;exprimant lors d&#39;une r\u00e9union pl\u00e9ni\u00e8re du conseil, elle esp\u00e9rait que la nouvelle route Jet2 se r\u00e9v\u00e9lerait \u00ab\u00a0suffisamment populaire pour permettre \u00e0 la compagnie de proposer des options de vol tout au long de l&#39;ann\u00e9e reliant nos deux grandes villes\u00a0\u00bb, rapporte Chronicle Live.<\/p>\n<\/div>\n<div class=\"photo changeSpace\">\n<p class=\"withoutCaption\"><picture><source type=\"image\/avif\" srcset=\"https:\/\/cdn.images.express.co.uk\/img\/dynamic\/199\/1200x712\/secondary\/aerial-photograph-showing-the-swing-bridge-tyne-bridge-and-the-gateshead-millennium-bridge-6709404.avif?r=1769768628276\" media=\"screen and (min-width:10000px)\"><source type=\"image\/webp\" srcset=\"https:\/\/cdn.images.express.co.uk\/img\/dynamic\/199\/1200x712\/secondary\/aerial-photograph-showing-the-swing-bridge-tyne-bridge-and-the-gateshead-millennium-bridge-6709404.webp?r=1769768628276\" media=\"screen and (min-width:10000px)\"><source type=\"image\/jpeg\" srcset=\"https:\/\/www.svalbard.fr\/actualites\/wp-content\/uploads\/2026\/02\/Un-ferry-direct-entre-le-Royaume-Uni-et-un-incroyable-pays.j.jpeg\" media=\"screen and (min-width:10000px)\"><source type=\"image\/avif\" srcset=\"https:\/\/cdn.images.express.co.uk\/img\/dynamic\/199\/674x400\/secondary\/aerial-photograph-showing-the-swing-bridge-tyne-bridge-and-the-gateshead-millennium-bridge-6709404.avif?r=1769768628276\" media=\"screen and (min-width:100000px)\"><source type=\"image\/webp\" srcset=\"https:\/\/cdn.images.express.co.uk\/img\/dynamic\/199\/674x400\/secondary\/aerial-photograph-showing-the-swing-bridge-tyne-bridge-and-the-gateshead-millennium-bridge-6709404.webp?r=1769768628276\" media=\"screen and (min-width:100000px)\"><source type=\"image\/jpeg\" srcset=\"https:\/\/cdn.images.express.co.uk\/img\/dynamic\/199\/674x400\/secondary\/aerial-photograph-showing-the-swing-bridge-tyne-bridge-and-the-gateshead-millennium-bridge-6709404.jpg?r=1769768628276\" media=\"screen and (min-width:100000px)\"><source type=\"image\/avif\" srcset=\"https:\/\/cdn.images.express.co.uk\/img\/dynamic\/199\/940x\/secondary\/aerial-photograph-showing-the-swing-bridge-tyne-bridge-and-the-gateshead-millennium-bridge-6709404.avif?r=1769768628276\" media=\"screen and (min-width:1200px)\"><source type=\"image\/webp\" srcset=\"https:\/\/cdn.images.express.co.uk\/img\/dynamic\/199\/940x\/secondary\/aerial-photograph-showing-the-swing-bridge-tyne-bridge-and-the-gateshead-millennium-bridge-6709404.webp?r=1769768628276\" media=\"screen and (min-width:1200px)\"><source type=\"image\/jpeg\" srcset=\"https:\/\/cdn.images.express.co.uk\/img\/dynamic\/199\/940x\/secondary\/aerial-photograph-showing-the-swing-bridge-tyne-bridge-and-the-gateshead-millennium-bridge-6709404.jpg?r=1769768628276\" media=\"screen and (min-width:1200px)\"><source type=\"image\/avif\" srcset=\"https:\/\/cdn.images.express.co.uk\/img\/dynamic\/199\/590x\/secondary\/aerial-photograph-showing-the-swing-bridge-tyne-bridge-and-the-gateshead-millennium-bridge-6709404.avif?r=1769768628276\" media=\"screen\"><source type=\"image\/webp\" srcset=\"https:\/\/cdn.images.express.co.uk\/img\/dynamic\/199\/590x\/secondary\/aerial-photograph-showing-the-swing-bridge-tyne-bridge-and-the-gateshead-millennium-bridge-6709404.webp?r=1769768628276\" media=\"screen\"><img decoding=\"async\" class=\"zoomEnabled\" src=\"https:\/\/www.svalbard.fr\/actualites\/wp-content\/uploads\/2026\/02\/Un-ferry-direct-entre-le-Royaume-Uni-et-un-incroyable-pays.j.jpeg\" alt=\"Photographie a\u00e9rienne montrant le pont tournant, le pont Tyne et le pont Gateshead Millennium traversant la rivi\u00e8re Tyne, Newcastle upon Tyne, Angleterre, Uni\" title=\"Photographie a\u00e9rienne montrant le pont tournant, le pont Tyne et le pont Gateshead Millennium traversant la rivi\u00e8re Tyne, Newcastle upon Tyne, Angleterre, Uni\" width=\"590\" height=\"442\" loading=\"lazy\"\/><\/source><\/source><\/source><\/source><\/source><\/source><\/source><\/source><\/source><\/source><\/source><\/picture><\/p>\n<p><span class=\"newsCaption\">Newcastle est jumel\u00e9e avec la ville portuaire norv\u00e9gienne. <span class=\"caption\">(Image : Getty)<\/span><span class=\"magnifier\" data-img=\"https:\/\/www.svalbard.fr\/actualites\/wp-content\/uploads\/2026\/02\/Un-ferry-direct-entre-le-Royaume-Uni-et-un-incroyable-pays.j.jpeg\"\/><\/span><\/div>\n<div class=\"text-description\">\n<p>\u00ab Non seulement cela renforcera nos liens \u00e9conomiques \u00e0 travers des secteurs strat\u00e9giques de l&#39;\u00e9nergie offshore, mais permettra \u00e9galement aux touristes de profiter des escapades en ville.<\/p>\n<\/div>\n<div class=\"text-description\">\n<p>\u00ab\u00a0Nous serions \u00e9galement ravis de voir le retour du ferry, qui a cess\u00e9 de fonctionner en 2008. Nous savons que de nombreuses personnes dans les deux villes ont de bons souvenirs de leurs voyages en mer pour visiter Newcastle et Bergen.\u00a0\u00bb<\/p>\n<\/div>\n<div class=\"text-description\">\n<p>\u00ab\u00a0Et m\u00eame si, \u00e0 ce stade, les op\u00e9rateurs consid\u00e8rent que l&#39;itin\u00e9raire n&#39;est pas \u00e9conomiquement viable, nous continuerons \u00e0 travailler avec nos partenaires et nos amis de Bergen pour explorer toutes les fa\u00e7ons de le r\u00e9tablir\u00a0\u00bb, a-t-elle poursuivi.<\/p>\n<\/div>\n<div class=\"text-description\">\n<p>\u00ab\u00a0Bergen reste un partenaire strat\u00e9gique dans notre travail international et nous avons l&#39;intention non seulement de maintenir mais d&#39;approfondir cette relation dans les mois \u00e0 venir.\u00a0\u00bb<\/p>\n<\/div>\n<div class=\"text-description\">\n<p>Il est entendu que tout projet de r\u00e9introduction d&#39;une route de ferry se heurterait \u00e0 la complication suppl\u00e9mentaire de devoir disposer d&#39;un centre de contr\u00f4le des passeports plus grand \u00e0 Bergen pour pouvoir fonctionner.<\/p>\n<\/div>\n<div class=\"text-description\">\n<p>Les deux villes entretiennent des liens historiques profonds. Depuis la Seconde Guerre mondiale, Bergen offre \u00e0 Newcastle un arbre de No\u00ebl depuis des ann\u00e9es pour honorer le lien \u00e9troit qu&#39;ils ont nou\u00e9 dans leur lutte contre l&#39;Allemagne nazie.<\/p>\n<\/div>\n<div class=\"text-description\">\n<p>Le geste a finalement \u00e9t\u00e9 abandonn\u00e9 en raison de questions sur le co\u00fbt environnemental du transport de l&#39;arbre, bien que Bergen propose toujours une d\u00e9coration festive en reconnaissance de leur relation de longue date.<\/p>\n<\/div>\n<div class=\"text-description\">\n<p>En 1968, Olav V, alors roi de Norv\u00e8ge, a ouvert le centre civique de Newcastle alors qu&#39;un accord de ville jumelle \u00e9tait sign\u00e9 avec Bergen.<\/p>\n<\/div>\n<\/div>\n","protected":false},"excerpt":{"rendered":"<p>Le service populaire entre la ville portuaire britannique et Bergen (photo) a pris fin il y a pr\u00e8s de 20 ans. (Image : Getty Images\/iStockphoto)<\/p>\n","protected":false},"author":1,"featured_media":5219,"comment_status":"closed","ping_status":"","sticky":false,"template":"","format":"standard","meta":{"footnotes":""},"categories":[2277],"tags":[141,73,5401,201,196,1010,473,287,972,5609,182],"yoast_head":"<!-- This site is optimized with the Yoast SEO plugin v21.0 - https:\/\/yoast.com\/wordpress\/plugins\/seo\/ -->\n<title>Un ferry direct entre le Royaume-Uni et un incroyable pays europ\u00e9en pourrait rouvrir apr\u00e8s 18 ans<\/title>\n<meta name=\"robots\" content=\"index, follow, max-snippet:-1, max-image-preview:large, max-video-preview:-1\" \/>\n<link rel=\"canonical\" href=\"https:\/\/www.svalbard.fr\/actualites\/un-ferry-direct-entre-le-royaume-uni-et-un-incroyable-pays-europeen-pourrait-rouvrir-apres-18-ans\/\" \/>\n<meta property=\"og:locale\" content=\"fr_FR\" \/>\n<meta property=\"og:type\" content=\"article\" \/>\n<meta property=\"og:title\" content=\"Un ferry direct entre le Royaume-Uni et un incroyable pays europ\u00e9en pourrait rouvrir apr\u00e8s 18 ans\" \/>\n<meta property=\"og:description\" content=\"Le service populaire entre la ville portuaire britannique et Bergen (photo) a pris fin il y a pr\u00e8s de 20 ans. (Image : Getty Images\/iStockphoto)\" \/>\n<meta property=\"og:url\" content=\"https:\/\/www.svalbard.fr\/actualites\/un-ferry-direct-entre-le-royaume-uni-et-un-incroyable-pays-europeen-pourrait-rouvrir-apres-18-ans\/\" \/>\n<meta property=\"og:site_name\" content=\"www.Svalbard.fr\" \/>\n<meta property=\"article:published_time\" content=\"2026-02-01T10:56:15+00:00\" \/>\n<meta property=\"article:modified_time\" content=\"2026-02-01T10:56:18+00:00\" \/>\n<meta property=\"og:image\" content=\"https:\/\/www.svalbard.fr\/actualites\/wp-content\/uploads\/2026\/02\/1769943376_Un-ferry-direct-entre-le-Royaume-Uni-et-un-incroyable-pays.jpg\" \/>\n\t<meta property=\"og:image:width\" content=\"1200\" \/>\n\t<meta property=\"og:image:height\" content=\"630\" \/>\n\t<meta property=\"og:image:type\" content=\"image\/jpeg\" \/>\n<meta name=\"author\" content=\"Hilmar\" \/>\n<meta name=\"twitter:card\" content=\"summary_large_image\" \/>\n<meta name=\"twitter:label1\" content=\"\u00c9crit par\" \/>\n\t<meta name=\"twitter:data1\" content=\"Hilmar\" \/>\n\t<meta name=\"twitter:label2\" content=\"Dur\u00e9e de lecture estim\u00e9e\" \/>\n\t<meta name=\"twitter:data2\" content=\"4 minutes\" \/>\n<script type=\"application\/ld+json\" class=\"yoast-schema-graph\">{\"@context\":\"https:\/\/schema.org\",\"@graph\":[{\"@type\":\"Article\",\"@id\":\"https:\/\/www.svalbard.fr\/actualites\/un-ferry-direct-entre-le-royaume-uni-et-un-incroyable-pays-europeen-pourrait-rouvrir-apres-18-ans\/#article\",\"isPartOf\":{\"@id\":\"https:\/\/www.svalbard.fr\/actualites\/un-ferry-direct-entre-le-royaume-uni-et-un-incroyable-pays-europeen-pourrait-rouvrir-apres-18-ans\/\"},\"author\":{\"name\":\"Hilmar\",\"@id\":\"https:\/\/www.svalbard.fr\/actualites\/#\/schema\/person\/a2f937d5712222366738fae98755c600\"},\"headline\":\"Un ferry direct entre le Royaume-Uni et un incroyable pays europ\u00e9en pourrait rouvrir apr\u00e8s 18 ans\",\"datePublished\":\"2026-02-01T10:56:15+00:00\",\"dateModified\":\"2026-02-01T10:56:18+00:00\",\"mainEntityOfPage\":{\"@id\":\"https:\/\/www.svalbard.fr\/actualites\/un-ferry-direct-entre-le-royaume-uni-et-un-incroyable-pays-europeen-pourrait-rouvrir-apres-18-ans\/\"},\"wordCount\":736,\"publisher\":{\"@id\":\"https:\/\/www.svalbard.fr\/actualites\/#organization\"},\"keywords\":[\"ans\",\"apr\u00e8s\",\"DIRECT\",\"entre\",\"europ\u00e9en\",\"ferry\",\"incroyable\",\"pays\",\"pourrait\",\"rouvrir\",\"RoyaumeUni\"],\"inLanguage\":\"fr-FR\"},{\"@type\":\"WebPage\",\"@id\":\"https:\/\/www.svalbard.fr\/actualites\/un-ferry-direct-entre-le-royaume-uni-et-un-incroyable-pays-europeen-pourrait-rouvrir-apres-18-ans\/\",\"url\":\"https:\/\/www.svalbard.fr\/actualites\/un-ferry-direct-entre-le-royaume-uni-et-un-incroyable-pays-europeen-pourrait-rouvrir-apres-18-ans\/\",\"name\":\"Un ferry direct entre le Royaume-Uni et un incroyable pays europ\u00e9en pourrait rouvrir apr\u00e8s 18 ans\",\"isPartOf\":{\"@id\":\"https:\/\/www.svalbard.fr\/actualites\/#website\"},\"datePublished\":\"2026-02-01T10:56:15+00:00\",\"dateModified\":\"2026-02-01T10:56:18+00:00\",\"breadcrumb\":{\"@id\":\"https:\/\/www.svalbard.fr\/actualites\/un-ferry-direct-entre-le-royaume-uni-et-un-incroyable-pays-europeen-pourrait-rouvrir-apres-18-ans\/#breadcrumb\"},\"inLanguage\":\"fr-FR\",\"potentialAction\":[{\"@type\":\"ReadAction\",\"target\":[\"https:\/\/www.svalbard.fr\/actualites\/un-ferry-direct-entre-le-royaume-uni-et-un-incroyable-pays-europeen-pourrait-rouvrir-apres-18-ans\/\"]}]},{\"@type\":\"BreadcrumbList\",\"@id\":\"https:\/\/www.svalbard.fr\/actualites\/un-ferry-direct-entre-le-royaume-uni-et-un-incroyable-pays-europeen-pourrait-rouvrir-apres-18-ans\/#breadcrumb\",\"itemListElement\":[{\"@type\":\"ListItem\",\"position\":1,\"name\":\"Accueil\",\"item\":\"https:\/\/www.svalbard.fr\/actualites\/\"},{\"@type\":\"ListItem\",\"position\":2,\"name\":\"Un ferry direct entre le Royaume-Uni et un incroyable pays europ\u00e9en pourrait rouvrir apr\u00e8s 18 ans\"}]},{\"@type\":\"WebSite\",\"@id\":\"https:\/\/www.svalbard.fr\/actualites\/#website\",\"url\":\"https:\/\/www.svalbard.fr\/actualites\/\",\"name\":\"www.Svalbard.fr\",\"description\":\"\",\"publisher\":{\"@id\":\"https:\/\/www.svalbard.fr\/actualites\/#organization\"},\"potentialAction\":[{\"@type\":\"SearchAction\",\"target\":{\"@type\":\"EntryPoint\",\"urlTemplate\":\"https:\/\/www.svalbard.fr\/actualites\/?s={search_term_string}\"},\"query-input\":\"required name=search_term_string\"}],\"inLanguage\":\"fr-FR\"},{\"@type\":\"Organization\",\"@id\":\"https:\/\/www.svalbard.fr\/actualites\/#organization\",\"name\":\"www.Svalbard.fr\",\"url\":\"https:\/\/www.svalbard.fr\/actualites\/\",\"logo\":{\"@type\":\"ImageObject\",\"inLanguage\":\"fr-FR\",\"@id\":\"https:\/\/www.svalbard.fr\/actualites\/#\/schema\/logo\/image\/\",\"url\":\"https:\/\/www.svalbard.fr\/actualites\/wp-content\/uploads\/2023\/09\/head-nom.jpg\",\"contentUrl\":\"https:\/\/www.svalbard.fr\/actualites\/wp-content\/uploads\/2023\/09\/head-nom.jpg\",\"width\":264,\"height\":35,\"caption\":\"www.Svalbard.fr\"},\"image\":{\"@id\":\"https:\/\/www.svalbard.fr\/actualites\/#\/schema\/logo\/image\/\"}},{\"@type\":\"Person\",\"@id\":\"https:\/\/www.svalbard.fr\/actualites\/#\/schema\/person\/a2f937d5712222366738fae98755c600\",\"name\":\"Hilmar\",\"image\":{\"@type\":\"ImageObject\",\"inLanguage\":\"fr-FR\",\"@id\":\"https:\/\/www.svalbard.fr\/actualites\/#\/schema\/person\/image\/\",\"url\":\"https:\/\/secure.gravatar.com\/avatar\/4daa437093476dbc32da415c112b6512?s=96&d=mm&r=g\",\"contentUrl\":\"https:\/\/secure.gravatar.com\/avatar\/4daa437093476dbc32da415c112b6512?s=96&d=mm&r=g\",\"caption\":\"Hilmar\"},\"description\":\"Hilmar est un passionn\u00e9 des r\u00e9gions polaires, sp\u00e9cialis\u00e9 dans la r\u00e9daction d'articles sur le Spitzberg et autres destinations arctiques. Il apporte son expertise et sa passion pour l'Arctique au sein de l'\u00e9quipe de r\u00e9daction de Svalbard depuis de nombreuses ann\u00e9es.\",\"sameAs\":[\"https:\/\/www.svalbard.fr\/\"]}]}<\/script>\n<!-- \/ Yoast SEO plugin. -->","yoast_head_json":{"title":"Un ferry direct entre le Royaume-Uni et un incroyable pays europ\u00e9en pourrait rouvrir apr\u00e8s 18 ans","robots":{"index":"index","follow":"follow","max-snippet":"max-snippet:-1","max-image-preview":"max-image-preview:large","max-video-preview":"max-video-preview:-1"},"canonical":"https:\/\/www.svalbard.fr\/actualites\/un-ferry-direct-entre-le-royaume-uni-et-un-incroyable-pays-europeen-pourrait-rouvrir-apres-18-ans\/","og_locale":"fr_FR","og_type":"article","og_title":"Un ferry direct entre le Royaume-Uni et un incroyable pays europ\u00e9en pourrait rouvrir apr\u00e8s 18 ans","og_description":"Le service populaire entre la ville portuaire britannique et Bergen (photo) a pris fin il y a pr\u00e8s de 20 ans. (Image : Getty Images\/iStockphoto)","og_url":"https:\/\/www.svalbard.fr\/actualites\/un-ferry-direct-entre-le-royaume-uni-et-un-incroyable-pays-europeen-pourrait-rouvrir-apres-18-ans\/","og_site_name":"www.Svalbard.fr","article_published_time":"2026-02-01T10:56:15+00:00","article_modified_time":"2026-02-01T10:56:18+00:00","og_image":[{"width":1200,"height":630,"url":"https:\/\/www.svalbard.fr\/actualites\/wp-content\/uploads\/2026\/02\/1769943376_Un-ferry-direct-entre-le-Royaume-Uni-et-un-incroyable-pays.jpg","type":"image\/jpeg"}],"author":"Hilmar","twitter_card":"summary_large_image","twitter_misc":{"\u00c9crit par":"Hilmar","Dur\u00e9e de lecture estim\u00e9e":"4 minutes"},"schema":{"@context":"https:\/\/schema.org","@graph":[{"@type":"Article","@id":"https:\/\/www.svalbard.fr\/actualites\/un-ferry-direct-entre-le-royaume-uni-et-un-incroyable-pays-europeen-pourrait-rouvrir-apres-18-ans\/#article","isPartOf":{"@id":"https:\/\/www.svalbard.fr\/actualites\/un-ferry-direct-entre-le-royaume-uni-et-un-incroyable-pays-europeen-pourrait-rouvrir-apres-18-ans\/"},"author":{"name":"Hilmar","@id":"https:\/\/www.svalbard.fr\/actualites\/#\/schema\/person\/a2f937d5712222366738fae98755c600"},"headline":"Un ferry direct entre le Royaume-Uni et un incroyable pays europ\u00e9en pourrait rouvrir apr\u00e8s 18 ans","datePublished":"2026-02-01T10:56:15+00:00","dateModified":"2026-02-01T10:56:18+00:00","mainEntityOfPage":{"@id":"https:\/\/www.svalbard.fr\/actualites\/un-ferry-direct-entre-le-royaume-uni-et-un-incroyable-pays-europeen-pourrait-rouvrir-apres-18-ans\/"},"wordCount":736,"publisher":{"@id":"https:\/\/www.svalbard.fr\/actualites\/#organization"},"keywords":["ans","apr\u00e8s","DIRECT","entre","europ\u00e9en","ferry","incroyable","pays","pourrait","rouvrir","RoyaumeUni"],"inLanguage":"fr-FR"},{"@type":"WebPage","@id":"https:\/\/www.svalbard.fr\/actualites\/un-ferry-direct-entre-le-royaume-uni-et-un-incroyable-pays-europeen-pourrait-rouvrir-apres-18-ans\/","url":"https:\/\/www.svalbard.fr\/actualites\/un-ferry-direct-entre-le-royaume-uni-et-un-incroyable-pays-europeen-pourrait-rouvrir-apres-18-ans\/","name":"Un ferry direct entre le Royaume-Uni et un incroyable pays europ\u00e9en pourrait rouvrir apr\u00e8s 18 ans","isPartOf":{"@id":"https:\/\/www.svalbard.fr\/actualites\/#website"},"datePublished":"2026-02-01T10:56:15+00:00","dateModified":"2026-02-01T10:56:18+00:00","breadcrumb":{"@id":"https:\/\/www.svalbard.fr\/actualites\/un-ferry-direct-entre-le-royaume-uni-et-un-incroyable-pays-europeen-pourrait-rouvrir-apres-18-ans\/#breadcrumb"},"inLanguage":"fr-FR","potentialAction":[{"@type":"ReadAction","target":["https:\/\/www.svalbard.fr\/actualites\/un-ferry-direct-entre-le-royaume-uni-et-un-incroyable-pays-europeen-pourrait-rouvrir-apres-18-ans\/"]}]},{"@type":"BreadcrumbList","@id":"https:\/\/www.svalbard.fr\/actualites\/un-ferry-direct-entre-le-royaume-uni-et-un-incroyable-pays-europeen-pourrait-rouvrir-apres-18-ans\/#breadcrumb","itemListElement":[{"@type":"ListItem","position":1,"name":"Accueil","item":"https:\/\/www.svalbard.fr\/actualites\/"},{"@type":"ListItem","position":2,"name":"Un ferry direct entre le Royaume-Uni et un incroyable pays europ\u00e9en pourrait rouvrir apr\u00e8s 18 ans"}]},{"@type":"WebSite","@id":"https:\/\/www.svalbard.fr\/actualites\/#website","url":"https:\/\/www.svalbard.fr\/actualites\/","name":"www.Svalbard.fr","description":"","publisher":{"@id":"https:\/\/www.svalbard.fr\/actualites\/#organization"},"potentialAction":[{"@type":"SearchAction","target":{"@type":"EntryPoint","urlTemplate":"https:\/\/www.svalbard.fr\/actualites\/?s={search_term_string}"},"query-input":"required name=search_term_string"}],"inLanguage":"fr-FR"},{"@type":"Organization","@id":"https:\/\/www.svalbard.fr\/actualites\/#organization","name":"www.Svalbard.fr","url":"https:\/\/www.svalbard.fr\/actualites\/","logo":{"@type":"ImageObject","inLanguage":"fr-FR","@id":"https:\/\/www.svalbard.fr\/actualites\/#\/schema\/logo\/image\/","url":"https:\/\/www.svalbard.fr\/actualites\/wp-content\/uploads\/2023\/09\/head-nom.jpg","contentUrl":"https:\/\/www.svalbard.fr\/actualites\/wp-content\/uploads\/2023\/09\/head-nom.jpg","width":264,"height":35,"caption":"www.Svalbard.fr"},"image":{"@id":"https:\/\/www.svalbard.fr\/actualites\/#\/schema\/logo\/image\/"}},{"@type":"Person","@id":"https:\/\/www.svalbard.fr\/actualites\/#\/schema\/person\/a2f937d5712222366738fae98755c600","name":"Hilmar","image":{"@type":"ImageObject","inLanguage":"fr-FR","@id":"https:\/\/www.svalbard.fr\/actualites\/#\/schema\/person\/image\/","url":"https:\/\/secure.gravatar.com\/avatar\/4daa437093476dbc32da415c112b6512?s=96&d=mm&r=g","contentUrl":"https:\/\/secure.gravatar.com\/avatar\/4daa437093476dbc32da415c112b6512?s=96&d=mm&r=g","caption":"Hilmar"},"description":"Hilmar est un passionn\u00e9 des r\u00e9gions polaires, sp\u00e9cialis\u00e9 dans la r\u00e9daction d'articles sur le Spitzberg et autres destinations arctiques. Il apporte son expertise et sa passion pour l'Arctique au sein de l'\u00e9quipe de r\u00e9daction de Svalbard depuis de nombreuses ann\u00e9es.","sameAs":["https:\/\/www.svalbard.fr\/"]}]}},"_links":{"self":[{"href":"https:\/\/www.svalbard.fr\/actualites\/wp-json\/wp\/v2\/posts\/5218"}],"collection":[{"href":"https:\/\/www.svalbard.fr\/actualites\/wp-json\/wp\/v2\/posts"}],"about":[{"href":"https:\/\/www.svalbard.fr\/actualites\/wp-json\/wp\/v2\/types\/post"}],"author":[{"embeddable":true,"href":"https:\/\/www.svalbard.fr\/actualites\/wp-json\/wp\/v2\/users\/1"}],"replies":[{"embeddable":true,"href":"https:\/\/www.svalbard.fr\/actualites\/wp-json\/wp\/v2\/comments?post=5218"}],"version-history":[{"count":1,"href":"https:\/\/www.svalbard.fr\/actualites\/wp-json\/wp\/v2\/posts\/5218\/revisions"}],"predecessor-version":[{"id":5220,"href":"https:\/\/www.svalbard.fr\/actualites\/wp-json\/wp\/v2\/posts\/5218\/revisions\/5220"}],"wp:featuredmedia":[{"embeddable":true,"href":"https:\/\/www.svalbard.fr\/actualites\/wp-json\/wp\/v2\/media\/5219"}],"wp:attachment":[{"href":"https:\/\/www.svalbard.fr\/actualites\/wp-json\/wp\/v2\/media?parent=5218"}],"wp:term":[{"taxonomy":"category","embeddable":true,"href":"https:\/\/www.svalbard.fr\/actualites\/wp-json\/wp\/v2\/categories?post=5218"},{"taxonomy":"post_tag","embeddable":true,"href":"https:\/\/www.svalbard.fr\/actualites\/wp-json\/wp\/v2\/tags?post=5218"}],"curies":[{"name":"wp","href":"https:\/\/api.w.org\/{rel}","templated":true}]}}