{"id":5221,"date":"2026-02-01T14:57:28","date_gmt":"2026-02-01T13:57:28","guid":{"rendered":"https:\/\/www.svalbard.fr\/actualites\/film-chef-doeuvre-sur-la-seconde-guerre-mondiale-sur-netflix-avec-une-note-de-100-pour-les-tomates-pourries\/"},"modified":"2026-02-01T14:57:30","modified_gmt":"2026-02-01T13:57:30","slug":"film-chef-doeuvre-sur-la-seconde-guerre-mondiale-sur-netflix-avec-une-note-de-100-pour-les-tomates-pourries","status":"publish","type":"post","link":"https:\/\/www.svalbard.fr\/actualites\/film-chef-doeuvre-sur-la-seconde-guerre-mondiale-sur-netflix-avec-une-note-de-100-pour-les-tomates-pourries\/","title":{"rendered":"Film \u00ab\u00a0chef-d&#39;\u0153uvre\u00a0\u00bb sur la Seconde Guerre mondiale sur Netflix avec une note de 100\u00a0% pour les tomates pourries"},"content":{"rendered":"<div>\n<p>Un film \u00ab\u00a0chef-d&#39;\u0153uvre\u00a0\u00bb sur la Seconde Guerre mondiale avec une note exceptionnelle de 100 % sur Rotten Tomatoes est maintenant diffus\u00e9 sur Netflix, et les fans ne peuvent pas en avoir assez. Les t\u00e9l\u00e9spectateurs ont d\u00e9clar\u00e9 que l&#39;acteur principal \u00e9tait \u00ab\u00a0ph\u00e9nom\u00e9nal\u00a0\u00bb, que le film lui-m\u00eame \u00e9tait \u00ab\u00a0fantastique \u00e0 tous points de vue\u00a0\u00bb et qu&#39;ils \u00e9taient oblig\u00e9s d&#39;en apprendre davantage sur l&#39;homme derri\u00e8re l&#39;histoire vraie, Gunnar S\u00f8nsteby, ou \u00ab\u00a0Agent 24\u00a0\u00bb.<\/p>\n<\/div>\n<div>\n<p data-mce-linkchecker-status=\"valid\">Le film raconte l&#39;histoire extraordinaire de la fa\u00e7on dont S\u00f8nsteby est pass\u00e9 du statut de jeune apprenti \u00e0 celui de h\u00e9ros de guerre le plus d\u00e9cor\u00e9 de Norv\u00e8ge apr\u00e8s avoir fait le choix courageux de r\u00e9sister le jour o\u00f9 les nazis ont envahi la Norv\u00e8ge. Gr\u00e2ce \u00e0 des actes de sabotage audacieux, il est finalement devenu le chef du groupe de r\u00e9sistance f\u00e9roce connu sous le nom de \u00ab Gang d&#39;Oslo \u00bb et est devenu la seule personne \u00e0 recevoir la Croix de guerre \u00e0 trois \u00e9p\u00e9es, la plus haute d\u00e9coration militaire de Norv\u00e8ge.<\/p>\n<\/div>\n<div>\n<p>Les critiques ont \u00e9t\u00e9 unanimes dans leurs \u00e9loges du film, Num\u00e9ro 24, qui d\u00e9tient actuellement une note de 100 % Rotten Tomatoes, un critique le qualifiant de \u00ab triomphe modeste \u00bb et un autre le d\u00e9crivant comme \u00ab tendu de la meilleure des mani\u00e8res \u00bb.<\/p>\n<\/div>\n<div>\n<p>Le public a fait \u00e9cho \u00e0 cette r\u00e9ponse, lui attribuant une note de 95\u00a0%. Les t\u00e9l\u00e9spectateurs se sont particuli\u00e8rement prononc\u00e9s \u00e0 propos de l&#39;acteur principal, Sjur Vatne Brean, dont la performance a \u00e9t\u00e9 d\u00e9crite comme une \u00ab masterclass de subtilit\u00e9 \u00bb.<\/p>\n<\/div>\n<div>\n<p>Le critique d&#39;audience a d\u00e9clar\u00e9 : \u00ab\u00a0L&#39;acteur principal est ph\u00e9nom\u00e9nal. En tant qu&#39;homme \u00e0 la concentration laser et aux mots peu nombreux, Gunnar commande l&#39;\u00e9cran \u00e0 travers les expressions les plus petites et les plus retenues, et chacune d&#39;entre elles atterrit. C&#39;est une classe de ma\u00eetre en subtilit\u00e9, et il livre une performance captivante et cr\u00e9dible.\u00a0\u00bb<\/p>\n<\/div>\n<div>\n<p>Le film cr\u00e9e des tensions gr\u00e2ce \u00e0 un contr\u00f4le minutieux plut\u00f4t que de s&#39;appuyer sur des d\u00e9cors bourr\u00e9s d&#39;action, et examine les cons\u00e9quences psychologiques de la guerre, soulignant les risques extraordinaires que prennent les citoyens.<\/p>\n<\/div>\n<div>\n<p>Un autre t\u00e9l\u00e9spectateur a d\u00e9clar\u00e9 que c&#39;\u00e9tait le premier film \u00e0 attribuer cinq \u00e9toiles, tandis qu&#39;un troisi\u00e8me a ajout\u00e9 : \u00ab\u00a0Un film vraiment incroyable. \u00c0 tel point que cela m&#39;a oblig\u00e9 \u00e0 cr\u00e9er un compte juste pour pouvoir lui attribuer 5 \u00e9toiles. Incroyablement bon.\u00a0\u00bb<\/p>\n<\/div>\n<div>\n<p>Alors que le site de critiques Next Movie Stop le consid\u00e9rait comme un \u00ab chef-d&#39;\u0153uvre \u00bb qui montre le \u00ab monde fascinant \u00bb de l&#39;Agent 24.<\/p>\n<\/div>\n<div>\n<p>Le film est d\u00e9sormais diffus\u00e9 sur Netflix.<\/p>\n<\/div>\n","protected":false},"excerpt":{"rendered":"<p>Un film \u00ab\u00a0chef-d&#39;\u0153uvre\u00a0\u00bb sur la Seconde Guerre mondiale avec une note exceptionnelle de 100 % sur Rotten Tomatoes est maintenant diffus\u00e9 sur Netflix, et les<\/p>\n","protected":false},"author":1,"featured_media":5222,"comment_status":"closed","ping_status":"","sticky":false,"template":"","format":"standard","meta":{"footnotes":""},"categories":[2277],"tags":[66,5305,2257,299,3,304,1882,1605,150,5613,4725,28,5611,18],"yoast_head":"<!-- This site is optimized with the Yoast SEO plugin v21.0 - https:\/\/yoast.com\/wordpress\/plugins\/seo\/ -->\n<title>Film \u00ab\u00a0chef-d&#039;\u0153uvre\u00a0\u00bb sur la Seconde Guerre mondiale sur Netflix avec une note de 100\u00a0% pour les tomates pourries<\/title>\n<meta name=\"robots\" content=\"index, follow, max-snippet:-1, max-image-preview:large, max-video-preview:-1\" \/>\n<link rel=\"canonical\" href=\"https:\/\/www.svalbard.fr\/actualites\/film-chef-doeuvre-sur-la-seconde-guerre-mondiale-sur-netflix-avec-une-note-de-100-pour-les-tomates-pourries\/\" \/>\n<meta property=\"og:locale\" content=\"fr_FR\" \/>\n<meta property=\"og:type\" content=\"article\" \/>\n<meta property=\"og:title\" content=\"Film \u00ab\u00a0chef-d&#039;\u0153uvre\u00a0\u00bb sur la Seconde Guerre mondiale sur Netflix avec une note de 100\u00a0% pour les tomates pourries\" \/>\n<meta property=\"og:description\" content=\"Un film \u00ab\u00a0chef-d&#039;\u0153uvre\u00a0\u00bb sur la Seconde Guerre mondiale avec une note exceptionnelle de 100 % sur Rotten Tomatoes est maintenant diffus\u00e9 sur Netflix, et les\" \/>\n<meta property=\"og:url\" content=\"https:\/\/www.svalbard.fr\/actualites\/film-chef-doeuvre-sur-la-seconde-guerre-mondiale-sur-netflix-avec-une-note-de-100-pour-les-tomates-pourries\/\" \/>\n<meta property=\"og:site_name\" content=\"www.Svalbard.fr\" \/>\n<meta property=\"article:published_time\" content=\"2026-02-01T13:57:28+00:00\" \/>\n<meta property=\"article:modified_time\" content=\"2026-02-01T13:57:30+00:00\" \/>\n<meta property=\"og:image\" content=\"https:\/\/www.svalbard.fr\/actualites\/wp-content\/uploads\/2026\/02\/Film-chef-d39oeuvre-sur-la-Seconde-Guerre-mondiale-sur-Netflix-avec.jpg\" \/>\n\t<meta property=\"og:image:width\" content=\"1200\" \/>\n\t<meta property=\"og:image:height\" content=\"630\" \/>\n\t<meta property=\"og:image:type\" content=\"image\/jpeg\" \/>\n<meta name=\"author\" content=\"Hilmar\" \/>\n<meta name=\"twitter:card\" content=\"summary_large_image\" \/>\n<meta name=\"twitter:label1\" content=\"\u00c9crit par\" \/>\n\t<meta name=\"twitter:data1\" content=\"Hilmar\" \/>\n\t<meta name=\"twitter:label2\" content=\"Dur\u00e9e de lecture estim\u00e9e\" \/>\n\t<meta name=\"twitter:data2\" content=\"2 minutes\" \/>\n<script type=\"application\/ld+json\" class=\"yoast-schema-graph\">{\"@context\":\"https:\/\/schema.org\",\"@graph\":[{\"@type\":\"Article\",\"@id\":\"https:\/\/www.svalbard.fr\/actualites\/film-chef-doeuvre-sur-la-seconde-guerre-mondiale-sur-netflix-avec-une-note-de-100-pour-les-tomates-pourries\/#article\",\"isPartOf\":{\"@id\":\"https:\/\/www.svalbard.fr\/actualites\/film-chef-doeuvre-sur-la-seconde-guerre-mondiale-sur-netflix-avec-une-note-de-100-pour-les-tomates-pourries\/\"},\"author\":{\"name\":\"Hilmar\",\"@id\":\"https:\/\/www.svalbard.fr\/actualites\/#\/schema\/person\/a2f937d5712222366738fae98755c600\"},\"headline\":\"Film \u00ab\u00a0chef-d&#39;\u0153uvre\u00a0\u00bb sur la Seconde Guerre mondiale sur Netflix avec une note de 100\u00a0% pour les tomates pourries\",\"datePublished\":\"2026-02-01T13:57:28+00:00\",\"dateModified\":\"2026-02-01T13:57:30+00:00\",\"mainEntityOfPage\":{\"@id\":\"https:\/\/www.svalbard.fr\/actualites\/film-chef-doeuvre-sur-la-seconde-guerre-mondiale-sur-netflix-avec-une-note-de-100-pour-les-tomates-pourries\/\"},\"wordCount\":473,\"publisher\":{\"@id\":\"https:\/\/www.svalbard.fr\/actualites\/#organization\"},\"keywords\":[\"avec\",\"chefd39\u0153uvre\",\"film\",\"guerre\",\"Les\",\"mondiale\",\"Netflix\",\"not\u00e9\",\"pour\",\"pourries\",\"Seconde\",\"sur\",\"tomates\",\"Une\"],\"inLanguage\":\"fr-FR\"},{\"@type\":\"WebPage\",\"@id\":\"https:\/\/www.svalbard.fr\/actualites\/film-chef-doeuvre-sur-la-seconde-guerre-mondiale-sur-netflix-avec-une-note-de-100-pour-les-tomates-pourries\/\",\"url\":\"https:\/\/www.svalbard.fr\/actualites\/film-chef-doeuvre-sur-la-seconde-guerre-mondiale-sur-netflix-avec-une-note-de-100-pour-les-tomates-pourries\/\",\"name\":\"Film \u00ab\u00a0chef-d&#39;\u0153uvre\u00a0\u00bb sur la Seconde Guerre mondiale sur Netflix avec une note de 100\u00a0% pour les tomates pourries\",\"isPartOf\":{\"@id\":\"https:\/\/www.svalbard.fr\/actualites\/#website\"},\"datePublished\":\"2026-02-01T13:57:28+00:00\",\"dateModified\":\"2026-02-01T13:57:30+00:00\",\"breadcrumb\":{\"@id\":\"https:\/\/www.svalbard.fr\/actualites\/film-chef-doeuvre-sur-la-seconde-guerre-mondiale-sur-netflix-avec-une-note-de-100-pour-les-tomates-pourries\/#breadcrumb\"},\"inLanguage\":\"fr-FR\",\"potentialAction\":[{\"@type\":\"ReadAction\",\"target\":[\"https:\/\/www.svalbard.fr\/actualites\/film-chef-doeuvre-sur-la-seconde-guerre-mondiale-sur-netflix-avec-une-note-de-100-pour-les-tomates-pourries\/\"]}]},{\"@type\":\"BreadcrumbList\",\"@id\":\"https:\/\/www.svalbard.fr\/actualites\/film-chef-doeuvre-sur-la-seconde-guerre-mondiale-sur-netflix-avec-une-note-de-100-pour-les-tomates-pourries\/#breadcrumb\",\"itemListElement\":[{\"@type\":\"ListItem\",\"position\":1,\"name\":\"Accueil\",\"item\":\"https:\/\/www.svalbard.fr\/actualites\/\"},{\"@type\":\"ListItem\",\"position\":2,\"name\":\"Film \u00ab\u00a0chef-d&#39;\u0153uvre\u00a0\u00bb sur la Seconde Guerre mondiale sur Netflix avec une note de 100\u00a0% pour les tomates pourries\"}]},{\"@type\":\"WebSite\",\"@id\":\"https:\/\/www.svalbard.fr\/actualites\/#website\",\"url\":\"https:\/\/www.svalbard.fr\/actualites\/\",\"name\":\"www.Svalbard.fr\",\"description\":\"\",\"publisher\":{\"@id\":\"https:\/\/www.svalbard.fr\/actualites\/#organization\"},\"potentialAction\":[{\"@type\":\"SearchAction\",\"target\":{\"@type\":\"EntryPoint\",\"urlTemplate\":\"https:\/\/www.svalbard.fr\/actualites\/?s={search_term_string}\"},\"query-input\":\"required name=search_term_string\"}],\"inLanguage\":\"fr-FR\"},{\"@type\":\"Organization\",\"@id\":\"https:\/\/www.svalbard.fr\/actualites\/#organization\",\"name\":\"www.Svalbard.fr\",\"url\":\"https:\/\/www.svalbard.fr\/actualites\/\",\"logo\":{\"@type\":\"ImageObject\",\"inLanguage\":\"fr-FR\",\"@id\":\"https:\/\/www.svalbard.fr\/actualites\/#\/schema\/logo\/image\/\",\"url\":\"https:\/\/www.svalbard.fr\/actualites\/wp-content\/uploads\/2023\/09\/head-nom.jpg\",\"contentUrl\":\"https:\/\/www.svalbard.fr\/actualites\/wp-content\/uploads\/2023\/09\/head-nom.jpg\",\"width\":264,\"height\":35,\"caption\":\"www.Svalbard.fr\"},\"image\":{\"@id\":\"https:\/\/www.svalbard.fr\/actualites\/#\/schema\/logo\/image\/\"}},{\"@type\":\"Person\",\"@id\":\"https:\/\/www.svalbard.fr\/actualites\/#\/schema\/person\/a2f937d5712222366738fae98755c600\",\"name\":\"Hilmar\",\"image\":{\"@type\":\"ImageObject\",\"inLanguage\":\"fr-FR\",\"@id\":\"https:\/\/www.svalbard.fr\/actualites\/#\/schema\/person\/image\/\",\"url\":\"https:\/\/secure.gravatar.com\/avatar\/4daa437093476dbc32da415c112b6512?s=96&d=mm&r=g\",\"contentUrl\":\"https:\/\/secure.gravatar.com\/avatar\/4daa437093476dbc32da415c112b6512?s=96&d=mm&r=g\",\"caption\":\"Hilmar\"},\"description\":\"Hilmar est un passionn\u00e9 des r\u00e9gions polaires, sp\u00e9cialis\u00e9 dans la r\u00e9daction d'articles sur le Spitzberg et autres destinations arctiques. Il apporte son expertise et sa passion pour l'Arctique au sein de l'\u00e9quipe de r\u00e9daction de Svalbard depuis de nombreuses ann\u00e9es.\",\"sameAs\":[\"https:\/\/www.svalbard.fr\/\"]}]}<\/script>\n<!-- \/ Yoast SEO plugin. -->","yoast_head_json":{"title":"Film \u00ab\u00a0chef-d&#39;\u0153uvre\u00a0\u00bb sur la Seconde Guerre mondiale sur Netflix avec une note de 100\u00a0% pour les tomates pourries","robots":{"index":"index","follow":"follow","max-snippet":"max-snippet:-1","max-image-preview":"max-image-preview:large","max-video-preview":"max-video-preview:-1"},"canonical":"https:\/\/www.svalbard.fr\/actualites\/film-chef-doeuvre-sur-la-seconde-guerre-mondiale-sur-netflix-avec-une-note-de-100-pour-les-tomates-pourries\/","og_locale":"fr_FR","og_type":"article","og_title":"Film \u00ab\u00a0chef-d&#39;\u0153uvre\u00a0\u00bb sur la Seconde Guerre mondiale sur Netflix avec une note de 100\u00a0% pour les tomates pourries","og_description":"Un film \u00ab\u00a0chef-d&#39;\u0153uvre\u00a0\u00bb sur la Seconde Guerre mondiale avec une note exceptionnelle de 100 % sur Rotten Tomatoes est maintenant diffus\u00e9 sur Netflix, et les","og_url":"https:\/\/www.svalbard.fr\/actualites\/film-chef-doeuvre-sur-la-seconde-guerre-mondiale-sur-netflix-avec-une-note-de-100-pour-les-tomates-pourries\/","og_site_name":"www.Svalbard.fr","article_published_time":"2026-02-01T13:57:28+00:00","article_modified_time":"2026-02-01T13:57:30+00:00","og_image":[{"width":1200,"height":630,"url":"https:\/\/www.svalbard.fr\/actualites\/wp-content\/uploads\/2026\/02\/Film-chef-d39oeuvre-sur-la-Seconde-Guerre-mondiale-sur-Netflix-avec.jpg","type":"image\/jpeg"}],"author":"Hilmar","twitter_card":"summary_large_image","twitter_misc":{"\u00c9crit par":"Hilmar","Dur\u00e9e de lecture estim\u00e9e":"2 minutes"},"schema":{"@context":"https:\/\/schema.org","@graph":[{"@type":"Article","@id":"https:\/\/www.svalbard.fr\/actualites\/film-chef-doeuvre-sur-la-seconde-guerre-mondiale-sur-netflix-avec-une-note-de-100-pour-les-tomates-pourries\/#article","isPartOf":{"@id":"https:\/\/www.svalbard.fr\/actualites\/film-chef-doeuvre-sur-la-seconde-guerre-mondiale-sur-netflix-avec-une-note-de-100-pour-les-tomates-pourries\/"},"author":{"name":"Hilmar","@id":"https:\/\/www.svalbard.fr\/actualites\/#\/schema\/person\/a2f937d5712222366738fae98755c600"},"headline":"Film \u00ab\u00a0chef-d&#39;\u0153uvre\u00a0\u00bb sur la Seconde Guerre mondiale sur Netflix avec une note de 100\u00a0% pour les tomates pourries","datePublished":"2026-02-01T13:57:28+00:00","dateModified":"2026-02-01T13:57:30+00:00","mainEntityOfPage":{"@id":"https:\/\/www.svalbard.fr\/actualites\/film-chef-doeuvre-sur-la-seconde-guerre-mondiale-sur-netflix-avec-une-note-de-100-pour-les-tomates-pourries\/"},"wordCount":473,"publisher":{"@id":"https:\/\/www.svalbard.fr\/actualites\/#organization"},"keywords":["avec","chefd39\u0153uvre","film","guerre","Les","mondiale","Netflix","not\u00e9","pour","pourries","Seconde","sur","tomates","Une"],"inLanguage":"fr-FR"},{"@type":"WebPage","@id":"https:\/\/www.svalbard.fr\/actualites\/film-chef-doeuvre-sur-la-seconde-guerre-mondiale-sur-netflix-avec-une-note-de-100-pour-les-tomates-pourries\/","url":"https:\/\/www.svalbard.fr\/actualites\/film-chef-doeuvre-sur-la-seconde-guerre-mondiale-sur-netflix-avec-une-note-de-100-pour-les-tomates-pourries\/","name":"Film \u00ab\u00a0chef-d&#39;\u0153uvre\u00a0\u00bb sur la Seconde Guerre mondiale sur Netflix avec une note de 100\u00a0% pour les tomates pourries","isPartOf":{"@id":"https:\/\/www.svalbard.fr\/actualites\/#website"},"datePublished":"2026-02-01T13:57:28+00:00","dateModified":"2026-02-01T13:57:30+00:00","breadcrumb":{"@id":"https:\/\/www.svalbard.fr\/actualites\/film-chef-doeuvre-sur-la-seconde-guerre-mondiale-sur-netflix-avec-une-note-de-100-pour-les-tomates-pourries\/#breadcrumb"},"inLanguage":"fr-FR","potentialAction":[{"@type":"ReadAction","target":["https:\/\/www.svalbard.fr\/actualites\/film-chef-doeuvre-sur-la-seconde-guerre-mondiale-sur-netflix-avec-une-note-de-100-pour-les-tomates-pourries\/"]}]},{"@type":"BreadcrumbList","@id":"https:\/\/www.svalbard.fr\/actualites\/film-chef-doeuvre-sur-la-seconde-guerre-mondiale-sur-netflix-avec-une-note-de-100-pour-les-tomates-pourries\/#breadcrumb","itemListElement":[{"@type":"ListItem","position":1,"name":"Accueil","item":"https:\/\/www.svalbard.fr\/actualites\/"},{"@type":"ListItem","position":2,"name":"Film \u00ab\u00a0chef-d&#39;\u0153uvre\u00a0\u00bb sur la Seconde Guerre mondiale sur Netflix avec une note de 100\u00a0% pour les tomates pourries"}]},{"@type":"WebSite","@id":"https:\/\/www.svalbard.fr\/actualites\/#website","url":"https:\/\/www.svalbard.fr\/actualites\/","name":"www.Svalbard.fr","description":"","publisher":{"@id":"https:\/\/www.svalbard.fr\/actualites\/#organization"},"potentialAction":[{"@type":"SearchAction","target":{"@type":"EntryPoint","urlTemplate":"https:\/\/www.svalbard.fr\/actualites\/?s={search_term_string}"},"query-input":"required name=search_term_string"}],"inLanguage":"fr-FR"},{"@type":"Organization","@id":"https:\/\/www.svalbard.fr\/actualites\/#organization","name":"www.Svalbard.fr","url":"https:\/\/www.svalbard.fr\/actualites\/","logo":{"@type":"ImageObject","inLanguage":"fr-FR","@id":"https:\/\/www.svalbard.fr\/actualites\/#\/schema\/logo\/image\/","url":"https:\/\/www.svalbard.fr\/actualites\/wp-content\/uploads\/2023\/09\/head-nom.jpg","contentUrl":"https:\/\/www.svalbard.fr\/actualites\/wp-content\/uploads\/2023\/09\/head-nom.jpg","width":264,"height":35,"caption":"www.Svalbard.fr"},"image":{"@id":"https:\/\/www.svalbard.fr\/actualites\/#\/schema\/logo\/image\/"}},{"@type":"Person","@id":"https:\/\/www.svalbard.fr\/actualites\/#\/schema\/person\/a2f937d5712222366738fae98755c600","name":"Hilmar","image":{"@type":"ImageObject","inLanguage":"fr-FR","@id":"https:\/\/www.svalbard.fr\/actualites\/#\/schema\/person\/image\/","url":"https:\/\/secure.gravatar.com\/avatar\/4daa437093476dbc32da415c112b6512?s=96&d=mm&r=g","contentUrl":"https:\/\/secure.gravatar.com\/avatar\/4daa437093476dbc32da415c112b6512?s=96&d=mm&r=g","caption":"Hilmar"},"description":"Hilmar est un passionn\u00e9 des r\u00e9gions polaires, sp\u00e9cialis\u00e9 dans la r\u00e9daction d'articles sur le Spitzberg et autres destinations arctiques. Il apporte son expertise et sa passion pour l'Arctique au sein de l'\u00e9quipe de r\u00e9daction de Svalbard depuis de nombreuses ann\u00e9es.","sameAs":["https:\/\/www.svalbard.fr\/"]}]}},"_links":{"self":[{"href":"https:\/\/www.svalbard.fr\/actualites\/wp-json\/wp\/v2\/posts\/5221"}],"collection":[{"href":"https:\/\/www.svalbard.fr\/actualites\/wp-json\/wp\/v2\/posts"}],"about":[{"href":"https:\/\/www.svalbard.fr\/actualites\/wp-json\/wp\/v2\/types\/post"}],"author":[{"embeddable":true,"href":"https:\/\/www.svalbard.fr\/actualites\/wp-json\/wp\/v2\/users\/1"}],"replies":[{"embeddable":true,"href":"https:\/\/www.svalbard.fr\/actualites\/wp-json\/wp\/v2\/comments?post=5221"}],"version-history":[{"count":1,"href":"https:\/\/www.svalbard.fr\/actualites\/wp-json\/wp\/v2\/posts\/5221\/revisions"}],"predecessor-version":[{"id":5223,"href":"https:\/\/www.svalbard.fr\/actualites\/wp-json\/wp\/v2\/posts\/5221\/revisions\/5223"}],"wp:featuredmedia":[{"embeddable":true,"href":"https:\/\/www.svalbard.fr\/actualites\/wp-json\/wp\/v2\/media\/5222"}],"wp:attachment":[{"href":"https:\/\/www.svalbard.fr\/actualites\/wp-json\/wp\/v2\/media?parent=5221"}],"wp:term":[{"taxonomy":"category","embeddable":true,"href":"https:\/\/www.svalbard.fr\/actualites\/wp-json\/wp\/v2\/categories?post=5221"},{"taxonomy":"post_tag","embeddable":true,"href":"https:\/\/www.svalbard.fr\/actualites\/wp-json\/wp\/v2\/tags?post=5221"}],"curies":[{"name":"wp","href":"https:\/\/api.w.org\/{rel}","templated":true}]}}