{"id":5245,"date":"2026-02-11T11:56:08","date_gmt":"2026-02-11T10:56:08","guid":{"rendered":"https:\/\/www.svalbard.fr\/actualites\/la-petite-amie-de-sturla-holm-laegreid-riposte-lors-des-aveux-de-tricherie-en-direct-a-la-television-aux-jeux-olympiques-dhiver\/"},"modified":"2026-02-11T11:56:10","modified_gmt":"2026-02-11T10:56:10","slug":"la-petite-amie-de-sturla-holm-laegreid-riposte-lors-des-aveux-de-tricherie-en-direct-a-la-television-aux-jeux-olympiques-dhiver","status":"publish","type":"post","link":"https:\/\/www.svalbard.fr\/actualites\/la-petite-amie-de-sturla-holm-laegreid-riposte-lors-des-aveux-de-tricherie-en-direct-a-la-television-aux-jeux-olympiques-dhiver\/","title":{"rendered":"La petite amie de Sturla Holm Laegreid riposte lors des aveux de tricherie en direct \u00e0 la t\u00e9l\u00e9vision aux Jeux olympiques d&#39;hiver"},"content":{"rendered":"<div>\n<p>Le Norv\u00e9gien de 28 ans a remport\u00e9 mardi la m\u00e9daille de bronze dans la course individuelle masculine de 20 km aux Jeux olympiques d&#39;hiver. Il en a profit\u00e9 pour faire une d\u00e9claration d&#39;amour publique. <\/p>\n<\/div>\n<div>\n<p>\u00ab\u00a0Il y a six mois, j&#39;ai rencontr\u00e9 l&#39;amour de ma vie. La personne la plus belle et la plus gentille du monde\u00a0\u00bb, a-t-il d\u00e9clar\u00e9 \u00e0 la cha\u00eene norv\u00e9gienne NRK.<\/p>\n<\/div>\n<div>\n<p>\u00ab\u00a0Il y a trois mois, j&#39;ai commis ma plus grosse erreur et je l&#39;ai tromp\u00e9e, et je le lui ai dit il y a une semaine. Cela a \u00e9t\u00e9 la pire semaine de ma vie. Je lui ai dit il y a une semaine, et puis \u00e7a s&#39;est termin\u00e9, bien s\u00fbr. Je ne suis pas pr\u00eat \u00e0 abandonner.<\/p>\n<\/div>\n<div>\n<p>\u00ab\u00a0J&#39;esp\u00e8re que commettre un suicide social montre peut-\u00eatre \u00e0 quel point je l&#39;aime. Je prends les cons\u00e9quences de ce que j&#39;ai fait. Je le regrette de tout mon c\u0153ur.\u00a0\u00bb<\/p>\n<\/div>\n<div>\n<p>Mais il a re\u00e7u une r\u00e9ponse de sa petite amie, qui souhaite rester anonyme. \u00ab\u00a0C&#39;est difficile de pardonner. M\u00eame apr\u00e8s une d\u00e9claration d&#39;amour devant le monde entier\u00a0\u00bb, a-t-elle d\u00e9clar\u00e9 au m\u00e9dia norv\u00e9gien VG.<\/p>\n<\/div>\n<div>\n<p>\u00ab\u00a0Je n&#39;ai pas choisi d&#39;\u00eatre mis dans cette position, et \u00e7a fait mal de devoir y \u00eatre. Nous avons eu des contacts et il conna\u00eet mes opinions \u00e0 ce sujet.<\/p>\n<\/div>\n<div>\n<p>\u00ab\u00a0\u00c0 ma famille et \u00e0 mes amis qui m&#39;ont embrass\u00e9 et soutenu pendant cette p\u00e9riode. Aussi \u00e0 tous ceux qui ont pens\u00e9 \u00e0 moi et ont sympathis\u00e9, sans savoir qui je suis.\u00a0\u00bb<\/p>\n<\/div>\n<div>\n<p>Apr\u00e8s ses aveux, Laegried a d\u00e9clar\u00e9 lors d&#39;une conf\u00e9rence de presse : \u00ab\u00a0Je suis heureux parce que peut-\u00eatre qu&#39;elle ne l&#39;a pas vu et peut-\u00eatre qu&#39;elle le verra au bon moment. J&#39;esp\u00e8re que je n&#39;aggraverai pas la situation pour elle.\u00a0\u00bb<\/p>\n<\/div>\n<div>\n<p>La m\u00e9daille de bronze \u00e9tait la premi\u00e8re m\u00e9daille olympique individuelle du Norv\u00e9gien dans ce sport, bien qu&#39;il fasse partie de l&#39;\u00e9quipe norv\u00e9gienne qui a remport\u00e9 l&#39;or dans l&#39;\u00e9preuve de relais \u00e0 P\u00e9kin il y a quatre ans. Il cherchera \u00e0 d\u00e9fendre ce titre lors de la finale qui aura lieu \u00e0 Milan Cortina lundi prochain. <\/p>\n<\/div>\n<div>\n<p>Laegreid compte \u00e9galement 14 m\u00e9dailles aux championnats du monde, dont sept d\u2019or. En Coupe du monde, il compte 28 m\u00e9dailles d&#39;or, 29 d&#39;argent et 16 de bronze.  <\/p>\n<\/div>\n","protected":false},"excerpt":{"rendered":"<p>Le Norv\u00e9gien de 28 ans a remport\u00e9 mardi la m\u00e9daille de bronze dans la course individuelle masculine de 20 km aux Jeux olympiques d&#39;hiver. Il<\/p>\n","protected":false},"author":1,"featured_media":5246,"comment_status":"closed","ping_status":"","sticky":false,"template":"","format":"standard","meta":{"footnotes":""},"categories":[2277],"tags":[1526,13,5673,1966,8,5401,5667,1517,5669,1133,1518,453,5671,5665,5677,5675],"yoast_head":"<!-- This site is optimized with the Yoast SEO plugin v21.0 - https:\/\/yoast.com\/wordpress\/plugins\/seo\/ -->\n<title>La petite amie de Sturla Holm Laegreid riposte lors des aveux de tricherie en direct \u00e0 la t\u00e9l\u00e9vision aux Jeux olympiques d&#039;hiver<\/title>\n<meta name=\"robots\" content=\"index, follow, max-snippet:-1, max-image-preview:large, max-video-preview:-1\" \/>\n<link rel=\"canonical\" href=\"https:\/\/www.svalbard.fr\/actualites\/la-petite-amie-de-sturla-holm-laegreid-riposte-lors-des-aveux-de-tricherie-en-direct-a-la-television-aux-jeux-olympiques-dhiver\/\" \/>\n<meta property=\"og:locale\" content=\"fr_FR\" \/>\n<meta property=\"og:type\" content=\"article\" \/>\n<meta property=\"og:title\" content=\"La petite amie de Sturla Holm Laegreid riposte lors des aveux de tricherie en direct \u00e0 la t\u00e9l\u00e9vision aux Jeux olympiques d&#039;hiver\" \/>\n<meta property=\"og:description\" content=\"Le Norv\u00e9gien de 28 ans a remport\u00e9 mardi la m\u00e9daille de bronze dans la course individuelle masculine de 20 km aux Jeux olympiques d&#039;hiver. Il\" \/>\n<meta property=\"og:url\" content=\"https:\/\/www.svalbard.fr\/actualites\/la-petite-amie-de-sturla-holm-laegreid-riposte-lors-des-aveux-de-tricherie-en-direct-a-la-television-aux-jeux-olympiques-dhiver\/\" \/>\n<meta property=\"og:site_name\" content=\"www.Svalbard.fr\" \/>\n<meta property=\"article:published_time\" content=\"2026-02-11T10:56:08+00:00\" \/>\n<meta property=\"article:modified_time\" content=\"2026-02-11T10:56:10+00:00\" \/>\n<meta property=\"og:image\" content=\"https:\/\/www.svalbard.fr\/actualites\/wp-content\/uploads\/2026\/02\/La-petite-amie-de-Sturla-Holm-Laegreid-riposte-lors-des.jpg\" \/>\n\t<meta property=\"og:image:width\" content=\"1200\" \/>\n\t<meta property=\"og:image:height\" content=\"630\" \/>\n\t<meta property=\"og:image:type\" content=\"image\/jpeg\" \/>\n<meta name=\"author\" content=\"Hilmar\" \/>\n<meta name=\"twitter:card\" content=\"summary_large_image\" \/>\n<meta name=\"twitter:label1\" content=\"\u00c9crit par\" \/>\n\t<meta name=\"twitter:data1\" content=\"Hilmar\" \/>\n\t<meta name=\"twitter:label2\" content=\"Dur\u00e9e de lecture estim\u00e9e\" \/>\n\t<meta name=\"twitter:data2\" content=\"2 minutes\" \/>\n<script type=\"application\/ld+json\" class=\"yoast-schema-graph\">{\"@context\":\"https:\/\/schema.org\",\"@graph\":[{\"@type\":\"Article\",\"@id\":\"https:\/\/www.svalbard.fr\/actualites\/la-petite-amie-de-sturla-holm-laegreid-riposte-lors-des-aveux-de-tricherie-en-direct-a-la-television-aux-jeux-olympiques-dhiver\/#article\",\"isPartOf\":{\"@id\":\"https:\/\/www.svalbard.fr\/actualites\/la-petite-amie-de-sturla-holm-laegreid-riposte-lors-des-aveux-de-tricherie-en-direct-a-la-television-aux-jeux-olympiques-dhiver\/\"},\"author\":{\"name\":\"Hilmar\",\"@id\":\"https:\/\/www.svalbard.fr\/actualites\/#\/schema\/person\/a2f937d5712222366738fae98755c600\"},\"headline\":\"La petite amie de Sturla Holm Laegreid riposte lors des aveux de tricherie en direct \u00e0 la t\u00e9l\u00e9vision aux Jeux olympiques d&#39;hiver\",\"datePublished\":\"2026-02-11T10:56:08+00:00\",\"dateModified\":\"2026-02-11T10:56:10+00:00\",\"mainEntityOfPage\":{\"@id\":\"https:\/\/www.svalbard.fr\/actualites\/la-petite-amie-de-sturla-holm-laegreid-riposte-lors-des-aveux-de-tricherie-en-direct-a-la-television-aux-jeux-olympiques-dhiver\/\"},\"wordCount\":439,\"publisher\":{\"@id\":\"https:\/\/www.svalbard.fr\/actualites\/#organization\"},\"keywords\":[\"amie\",\"aux\",\"aveux\",\"d39hiver\",\"des\",\"DIRECT\",\"Holm\",\"Jeux\",\"Laegreid\",\"lors\",\"olympiques\",\"petite\",\"riposte\",\"Sturla\",\"t\u00e9l\u00e9vision\",\"tricherie\"],\"inLanguage\":\"fr-FR\"},{\"@type\":\"WebPage\",\"@id\":\"https:\/\/www.svalbard.fr\/actualites\/la-petite-amie-de-sturla-holm-laegreid-riposte-lors-des-aveux-de-tricherie-en-direct-a-la-television-aux-jeux-olympiques-dhiver\/\",\"url\":\"https:\/\/www.svalbard.fr\/actualites\/la-petite-amie-de-sturla-holm-laegreid-riposte-lors-des-aveux-de-tricherie-en-direct-a-la-television-aux-jeux-olympiques-dhiver\/\",\"name\":\"La petite amie de Sturla Holm Laegreid riposte lors des aveux de tricherie en direct \u00e0 la t\u00e9l\u00e9vision aux Jeux olympiques d&#39;hiver\",\"isPartOf\":{\"@id\":\"https:\/\/www.svalbard.fr\/actualites\/#website\"},\"datePublished\":\"2026-02-11T10:56:08+00:00\",\"dateModified\":\"2026-02-11T10:56:10+00:00\",\"breadcrumb\":{\"@id\":\"https:\/\/www.svalbard.fr\/actualites\/la-petite-amie-de-sturla-holm-laegreid-riposte-lors-des-aveux-de-tricherie-en-direct-a-la-television-aux-jeux-olympiques-dhiver\/#breadcrumb\"},\"inLanguage\":\"fr-FR\",\"potentialAction\":[{\"@type\":\"ReadAction\",\"target\":[\"https:\/\/www.svalbard.fr\/actualites\/la-petite-amie-de-sturla-holm-laegreid-riposte-lors-des-aveux-de-tricherie-en-direct-a-la-television-aux-jeux-olympiques-dhiver\/\"]}]},{\"@type\":\"BreadcrumbList\",\"@id\":\"https:\/\/www.svalbard.fr\/actualites\/la-petite-amie-de-sturla-holm-laegreid-riposte-lors-des-aveux-de-tricherie-en-direct-a-la-television-aux-jeux-olympiques-dhiver\/#breadcrumb\",\"itemListElement\":[{\"@type\":\"ListItem\",\"position\":1,\"name\":\"Accueil\",\"item\":\"https:\/\/www.svalbard.fr\/actualites\/\"},{\"@type\":\"ListItem\",\"position\":2,\"name\":\"La petite amie de Sturla Holm Laegreid riposte lors des aveux de tricherie en direct \u00e0 la t\u00e9l\u00e9vision aux Jeux olympiques d&#39;hiver\"}]},{\"@type\":\"WebSite\",\"@id\":\"https:\/\/www.svalbard.fr\/actualites\/#website\",\"url\":\"https:\/\/www.svalbard.fr\/actualites\/\",\"name\":\"www.Svalbard.fr\",\"description\":\"\",\"publisher\":{\"@id\":\"https:\/\/www.svalbard.fr\/actualites\/#organization\"},\"potentialAction\":[{\"@type\":\"SearchAction\",\"target\":{\"@type\":\"EntryPoint\",\"urlTemplate\":\"https:\/\/www.svalbard.fr\/actualites\/?s={search_term_string}\"},\"query-input\":\"required name=search_term_string\"}],\"inLanguage\":\"fr-FR\"},{\"@type\":\"Organization\",\"@id\":\"https:\/\/www.svalbard.fr\/actualites\/#organization\",\"name\":\"www.Svalbard.fr\",\"url\":\"https:\/\/www.svalbard.fr\/actualites\/\",\"logo\":{\"@type\":\"ImageObject\",\"inLanguage\":\"fr-FR\",\"@id\":\"https:\/\/www.svalbard.fr\/actualites\/#\/schema\/logo\/image\/\",\"url\":\"https:\/\/www.svalbard.fr\/actualites\/wp-content\/uploads\/2023\/09\/head-nom.jpg\",\"contentUrl\":\"https:\/\/www.svalbard.fr\/actualites\/wp-content\/uploads\/2023\/09\/head-nom.jpg\",\"width\":264,\"height\":35,\"caption\":\"www.Svalbard.fr\"},\"image\":{\"@id\":\"https:\/\/www.svalbard.fr\/actualites\/#\/schema\/logo\/image\/\"}},{\"@type\":\"Person\",\"@id\":\"https:\/\/www.svalbard.fr\/actualites\/#\/schema\/person\/a2f937d5712222366738fae98755c600\",\"name\":\"Hilmar\",\"image\":{\"@type\":\"ImageObject\",\"inLanguage\":\"fr-FR\",\"@id\":\"https:\/\/www.svalbard.fr\/actualites\/#\/schema\/person\/image\/\",\"url\":\"https:\/\/secure.gravatar.com\/avatar\/4daa437093476dbc32da415c112b6512?s=96&d=mm&r=g\",\"contentUrl\":\"https:\/\/secure.gravatar.com\/avatar\/4daa437093476dbc32da415c112b6512?s=96&d=mm&r=g\",\"caption\":\"Hilmar\"},\"description\":\"Hilmar est un passionn\u00e9 des r\u00e9gions polaires, sp\u00e9cialis\u00e9 dans la r\u00e9daction d'articles sur le Spitzberg et autres destinations arctiques. Il apporte son expertise et sa passion pour l'Arctique au sein de l'\u00e9quipe de r\u00e9daction de Svalbard depuis de nombreuses ann\u00e9es.\",\"sameAs\":[\"https:\/\/www.svalbard.fr\/\"]}]}<\/script>\n<!-- \/ Yoast SEO plugin. -->","yoast_head_json":{"title":"La petite amie de Sturla Holm Laegreid riposte lors des aveux de tricherie en direct \u00e0 la t\u00e9l\u00e9vision aux Jeux olympiques d&#39;hiver","robots":{"index":"index","follow":"follow","max-snippet":"max-snippet:-1","max-image-preview":"max-image-preview:large","max-video-preview":"max-video-preview:-1"},"canonical":"https:\/\/www.svalbard.fr\/actualites\/la-petite-amie-de-sturla-holm-laegreid-riposte-lors-des-aveux-de-tricherie-en-direct-a-la-television-aux-jeux-olympiques-dhiver\/","og_locale":"fr_FR","og_type":"article","og_title":"La petite amie de Sturla Holm Laegreid riposte lors des aveux de tricherie en direct \u00e0 la t\u00e9l\u00e9vision aux Jeux olympiques d&#39;hiver","og_description":"Le Norv\u00e9gien de 28 ans a remport\u00e9 mardi la m\u00e9daille de bronze dans la course individuelle masculine de 20 km aux Jeux olympiques d&#39;hiver. Il","og_url":"https:\/\/www.svalbard.fr\/actualites\/la-petite-amie-de-sturla-holm-laegreid-riposte-lors-des-aveux-de-tricherie-en-direct-a-la-television-aux-jeux-olympiques-dhiver\/","og_site_name":"www.Svalbard.fr","article_published_time":"2026-02-11T10:56:08+00:00","article_modified_time":"2026-02-11T10:56:10+00:00","og_image":[{"width":1200,"height":630,"url":"https:\/\/www.svalbard.fr\/actualites\/wp-content\/uploads\/2026\/02\/La-petite-amie-de-Sturla-Holm-Laegreid-riposte-lors-des.jpg","type":"image\/jpeg"}],"author":"Hilmar","twitter_card":"summary_large_image","twitter_misc":{"\u00c9crit par":"Hilmar","Dur\u00e9e de lecture estim\u00e9e":"2 minutes"},"schema":{"@context":"https:\/\/schema.org","@graph":[{"@type":"Article","@id":"https:\/\/www.svalbard.fr\/actualites\/la-petite-amie-de-sturla-holm-laegreid-riposte-lors-des-aveux-de-tricherie-en-direct-a-la-television-aux-jeux-olympiques-dhiver\/#article","isPartOf":{"@id":"https:\/\/www.svalbard.fr\/actualites\/la-petite-amie-de-sturla-holm-laegreid-riposte-lors-des-aveux-de-tricherie-en-direct-a-la-television-aux-jeux-olympiques-dhiver\/"},"author":{"name":"Hilmar","@id":"https:\/\/www.svalbard.fr\/actualites\/#\/schema\/person\/a2f937d5712222366738fae98755c600"},"headline":"La petite amie de Sturla Holm Laegreid riposte lors des aveux de tricherie en direct \u00e0 la t\u00e9l\u00e9vision aux Jeux olympiques d&#39;hiver","datePublished":"2026-02-11T10:56:08+00:00","dateModified":"2026-02-11T10:56:10+00:00","mainEntityOfPage":{"@id":"https:\/\/www.svalbard.fr\/actualites\/la-petite-amie-de-sturla-holm-laegreid-riposte-lors-des-aveux-de-tricherie-en-direct-a-la-television-aux-jeux-olympiques-dhiver\/"},"wordCount":439,"publisher":{"@id":"https:\/\/www.svalbard.fr\/actualites\/#organization"},"keywords":["amie","aux","aveux","d39hiver","des","DIRECT","Holm","Jeux","Laegreid","lors","olympiques","petite","riposte","Sturla","t\u00e9l\u00e9vision","tricherie"],"inLanguage":"fr-FR"},{"@type":"WebPage","@id":"https:\/\/www.svalbard.fr\/actualites\/la-petite-amie-de-sturla-holm-laegreid-riposte-lors-des-aveux-de-tricherie-en-direct-a-la-television-aux-jeux-olympiques-dhiver\/","url":"https:\/\/www.svalbard.fr\/actualites\/la-petite-amie-de-sturla-holm-laegreid-riposte-lors-des-aveux-de-tricherie-en-direct-a-la-television-aux-jeux-olympiques-dhiver\/","name":"La petite amie de Sturla Holm Laegreid riposte lors des aveux de tricherie en direct \u00e0 la t\u00e9l\u00e9vision aux Jeux olympiques d&#39;hiver","isPartOf":{"@id":"https:\/\/www.svalbard.fr\/actualites\/#website"},"datePublished":"2026-02-11T10:56:08+00:00","dateModified":"2026-02-11T10:56:10+00:00","breadcrumb":{"@id":"https:\/\/www.svalbard.fr\/actualites\/la-petite-amie-de-sturla-holm-laegreid-riposte-lors-des-aveux-de-tricherie-en-direct-a-la-television-aux-jeux-olympiques-dhiver\/#breadcrumb"},"inLanguage":"fr-FR","potentialAction":[{"@type":"ReadAction","target":["https:\/\/www.svalbard.fr\/actualites\/la-petite-amie-de-sturla-holm-laegreid-riposte-lors-des-aveux-de-tricherie-en-direct-a-la-television-aux-jeux-olympiques-dhiver\/"]}]},{"@type":"BreadcrumbList","@id":"https:\/\/www.svalbard.fr\/actualites\/la-petite-amie-de-sturla-holm-laegreid-riposte-lors-des-aveux-de-tricherie-en-direct-a-la-television-aux-jeux-olympiques-dhiver\/#breadcrumb","itemListElement":[{"@type":"ListItem","position":1,"name":"Accueil","item":"https:\/\/www.svalbard.fr\/actualites\/"},{"@type":"ListItem","position":2,"name":"La petite amie de Sturla Holm Laegreid riposte lors des aveux de tricherie en direct \u00e0 la t\u00e9l\u00e9vision aux Jeux olympiques d&#39;hiver"}]},{"@type":"WebSite","@id":"https:\/\/www.svalbard.fr\/actualites\/#website","url":"https:\/\/www.svalbard.fr\/actualites\/","name":"www.Svalbard.fr","description":"","publisher":{"@id":"https:\/\/www.svalbard.fr\/actualites\/#organization"},"potentialAction":[{"@type":"SearchAction","target":{"@type":"EntryPoint","urlTemplate":"https:\/\/www.svalbard.fr\/actualites\/?s={search_term_string}"},"query-input":"required name=search_term_string"}],"inLanguage":"fr-FR"},{"@type":"Organization","@id":"https:\/\/www.svalbard.fr\/actualites\/#organization","name":"www.Svalbard.fr","url":"https:\/\/www.svalbard.fr\/actualites\/","logo":{"@type":"ImageObject","inLanguage":"fr-FR","@id":"https:\/\/www.svalbard.fr\/actualites\/#\/schema\/logo\/image\/","url":"https:\/\/www.svalbard.fr\/actualites\/wp-content\/uploads\/2023\/09\/head-nom.jpg","contentUrl":"https:\/\/www.svalbard.fr\/actualites\/wp-content\/uploads\/2023\/09\/head-nom.jpg","width":264,"height":35,"caption":"www.Svalbard.fr"},"image":{"@id":"https:\/\/www.svalbard.fr\/actualites\/#\/schema\/logo\/image\/"}},{"@type":"Person","@id":"https:\/\/www.svalbard.fr\/actualites\/#\/schema\/person\/a2f937d5712222366738fae98755c600","name":"Hilmar","image":{"@type":"ImageObject","inLanguage":"fr-FR","@id":"https:\/\/www.svalbard.fr\/actualites\/#\/schema\/person\/image\/","url":"https:\/\/secure.gravatar.com\/avatar\/4daa437093476dbc32da415c112b6512?s=96&d=mm&r=g","contentUrl":"https:\/\/secure.gravatar.com\/avatar\/4daa437093476dbc32da415c112b6512?s=96&d=mm&r=g","caption":"Hilmar"},"description":"Hilmar est un passionn\u00e9 des r\u00e9gions polaires, sp\u00e9cialis\u00e9 dans la r\u00e9daction d'articles sur le Spitzberg et autres destinations arctiques. Il apporte son expertise et sa passion pour l'Arctique au sein de l'\u00e9quipe de r\u00e9daction de Svalbard depuis de nombreuses ann\u00e9es.","sameAs":["https:\/\/www.svalbard.fr\/"]}]}},"_links":{"self":[{"href":"https:\/\/www.svalbard.fr\/actualites\/wp-json\/wp\/v2\/posts\/5245"}],"collection":[{"href":"https:\/\/www.svalbard.fr\/actualites\/wp-json\/wp\/v2\/posts"}],"about":[{"href":"https:\/\/www.svalbard.fr\/actualites\/wp-json\/wp\/v2\/types\/post"}],"author":[{"embeddable":true,"href":"https:\/\/www.svalbard.fr\/actualites\/wp-json\/wp\/v2\/users\/1"}],"replies":[{"embeddable":true,"href":"https:\/\/www.svalbard.fr\/actualites\/wp-json\/wp\/v2\/comments?post=5245"}],"version-history":[{"count":1,"href":"https:\/\/www.svalbard.fr\/actualites\/wp-json\/wp\/v2\/posts\/5245\/revisions"}],"predecessor-version":[{"id":5247,"href":"https:\/\/www.svalbard.fr\/actualites\/wp-json\/wp\/v2\/posts\/5245\/revisions\/5247"}],"wp:featuredmedia":[{"embeddable":true,"href":"https:\/\/www.svalbard.fr\/actualites\/wp-json\/wp\/v2\/media\/5246"}],"wp:attachment":[{"href":"https:\/\/www.svalbard.fr\/actualites\/wp-json\/wp\/v2\/media?parent=5245"}],"wp:term":[{"taxonomy":"category","embeddable":true,"href":"https:\/\/www.svalbard.fr\/actualites\/wp-json\/wp\/v2\/categories?post=5245"},{"taxonomy":"post_tag","embeddable":true,"href":"https:\/\/www.svalbard.fr\/actualites\/wp-json\/wp\/v2\/tags?post=5245"}],"curies":[{"name":"wp","href":"https:\/\/api.w.org\/{rel}","templated":true}]}}