{"id":5248,"date":"2026-02-11T17:56:12","date_gmt":"2026-02-11T16:56:12","guid":{"rendered":"https:\/\/www.svalbard.fr\/actualites\/la-norvege-se-prepare-a-une-invasion-russe-alors-quun-responsable-militaire-craint-que-nous-ne-soyons-les-prochains\/"},"modified":"2026-02-11T17:56:14","modified_gmt":"2026-02-11T16:56:14","slug":"la-norvege-se-prepare-a-une-invasion-russe-alors-quun-responsable-militaire-craint-que-nous-ne-soyons-les-prochains","status":"publish","type":"post","link":"https:\/\/www.svalbard.fr\/actualites\/la-norvege-se-prepare-a-une-invasion-russe-alors-quun-responsable-militaire-craint-que-nous-ne-soyons-les-prochains\/","title":{"rendered":"La Norv\u00e8ge se pr\u00e9pare \u00e0 une invasion russe alors qu\u2019un responsable militaire craint que \u00ab nous ne soyons les prochains \u00bb"},"content":{"rendered":"<div>\n<p>Le chef de l&#39;arm\u00e9e norv\u00e9gienne a averti que Poutine pourrait ensuite jeter son d\u00e9volu sur ce pays. Le g\u00e9n\u00e9ral Eirik Kristoffersen, chef de la d\u00e9fense norv\u00e9gienne, a d\u00e9clar\u00e9 que la Russie pourrait tenter de s&#39;emparer d&#39;une partie du territoire de la nation nordique en raison de ses installations nucl\u00e9aires stationn\u00e9es dans l&#39;extr\u00eame nord.<\/p>\n<\/div>\n<div>\n<p>M. Kristoffersen, 56 ans, a d\u00e9clar\u00e9 que m\u00eame s&#39;il ne croit pas que la Russie pr\u00e9pare une invasion \u00e0 grande \u00e9chelle comme sa guerre en Ukraine, une partie importante de l&#39;arsenal nucl\u00e9aire russe est stationn\u00e9e dans la p\u00e9ninsule de Kola, pr\u00e8s de la fronti\u00e8re norv\u00e9gienne. Ces \u00e9l\u00e9ments seraient cruciaux si la Russie entrait ailleurs en conflit avec l\u2019OTAN. \u00abIl a pr\u00e9venu que Moscou pourrait se concentrer sur la d\u00e9fense de ses installations nucl\u00e9aires, les d\u00e9crivant comme \u00ables seuls atouts qui lui restent\u00bb.<\/p>\n<\/div>\n<div>\n<p>\u00ab\u00a0Nous ne retirons pas cela de la table, car la Russie a toujours la possibilit\u00e9 de le faire afin de s&#39;assurer que ses capacit\u00e9s nucl\u00e9aires, ses capacit\u00e9s de deuxi\u00e8me frappe, sont prot\u00e9g\u00e9es. C&#39;est en quelque sorte le sc\u00e9nario que nous envisageons dans le Grand Nord\u00a0\u00bb, a d\u00e9clar\u00e9 le haut responsable de la d\u00e9fense.<\/p>\n<\/div>\n<div>\n<p>La nation \u00ab n\u2019exclut pas un accaparement de terres par la Russie dans le cadre de son plan visant \u00e0 prot\u00e9ger ses propres capacit\u00e9s nucl\u00e9aires, qui est la seule chose qui lui reste et qui menace r\u00e9ellement les \u00c9tats-Unis \u00bb, a d\u00e9clar\u00e9 le g\u00e9n\u00e9ral Kristoffersen au Guardian.<\/p>\n<\/div>\n<div>\n<p>Il a ajout\u00e9 que m\u00eame si la Russie a \u00e9t\u00e9 active dans la r\u00e9gion, ses actions dans cette r\u00e9gion ont \u00e9t\u00e9 bien moins agressives que ses op\u00e9rations dans la mer Baltique.\u00bb<\/p>\n<\/div>\n<div>\n<p>\u00ab\u00a0Jusqu&#39;\u00e0 pr\u00e9sent, tous les cas de violations de l&#39;espace a\u00e9rien dans notre r\u00e9gion sont li\u00e9s \u00e0 des malentendus. La Russie utilise activement le brouillage GPS et nous pensons que ces interf\u00e9rences affectent \u00e9galement leurs avions\u00a0\u00bb, a-t-il d\u00e9clar\u00e9.<\/p>\n<\/div>\n<div>\n<p>M. Kristoffersen a \u00e9galement vivement critiqu\u00e9 les r\u00e9centes remarques de Donald Trump concernant le Groenland, ainsi que l&#39;affirmation \u00ab inacceptable \u00bb du pr\u00e9sident am\u00e9ricain selon laquelle les pays alli\u00e9s n&#39;avaient pas jou\u00e9 un r\u00f4le de premi\u00e8re ligne en Afghanistan, alors que les troupes am\u00e9ricaines avaient men\u00e9 la plupart des combats.<\/p>\n<\/div>\n<div>\n<p>\u00ab\u00a0Ce qu&#39;il a dit n&#39;avait aucun sens, et je sais que tous mes amis am\u00e9ricains d&#39;Afghanistan le savent\u00a0\u00bb, a d\u00e9clar\u00e9 M. Kristoffersen, 56 ans, officier de carri\u00e8re de l&#39;arm\u00e9e qui a effectu\u00e9 plusieurs missions en Afghanistan.<\/p>\n<\/div>\n<div>\n<p>\u00ab\u00a0Nous \u00e9tions d\u00e9finitivement en premi\u00e8re ligne. Nous avons effectu\u00e9 toute la gamme des missions, de l&#39;arrestation des dirigeants talibans \u00e0 la formation des Afghans en passant par la surveillance.\u00a0\u00bb<\/p>\n<\/div>\n<div>\n<p>Cela intervient apr\u00e8s que l&#39;Union europ\u00e9enne a d\u00e9clar\u00e9 qu&#39;elle \u00e9laborait son propre \u00ab plan de paix durable \u00bb visant \u00e0 faire pression sur la Russie et \u00e0 mettre fin \u00e0 la guerre de quatre ans en Ukraine.<\/p>\n<\/div>\n","protected":false},"excerpt":{"rendered":"<p>Le chef de l&#39;arm\u00e9e norv\u00e9gienne a averti que Poutine pourrait ensuite jeter son d\u00e9volu sur ce pays. Le g\u00e9n\u00e9ral Eirik Kristoffersen, chef de la d\u00e9fense<\/p>\n","protected":false},"author":1,"featured_media":5249,"comment_status":"closed","ping_status":"","sticky":false,"template":"","format":"standard","meta":{"footnotes":""},"categories":[2277],"tags":[24,2074,5681,3,5685,6,554,5679,5689,605,5683,722,5687,18],"yoast_head":"<!-- This site is optimized with the Yoast SEO plugin v21.0 - https:\/\/yoast.com\/wordpress\/plugins\/seo\/ -->\n<title>La Norv\u00e8ge se pr\u00e9pare \u00e0 une invasion russe alors qu\u2019un responsable militaire craint que \u00ab nous ne soyons les prochains \u00bb<\/title>\n<meta name=\"robots\" content=\"index, follow, max-snippet:-1, max-image-preview:large, max-video-preview:-1\" \/>\n<link rel=\"canonical\" href=\"https:\/\/www.svalbard.fr\/actualites\/la-norvege-se-prepare-a-une-invasion-russe-alors-quun-responsable-militaire-craint-que-nous-ne-soyons-les-prochains\/\" \/>\n<meta property=\"og:locale\" content=\"fr_FR\" \/>\n<meta property=\"og:type\" content=\"article\" \/>\n<meta property=\"og:title\" content=\"La Norv\u00e8ge se pr\u00e9pare \u00e0 une invasion russe alors qu\u2019un responsable militaire craint que \u00ab nous ne soyons les prochains \u00bb\" \/>\n<meta property=\"og:description\" content=\"Le chef de l&#039;arm\u00e9e norv\u00e9gienne a averti que Poutine pourrait ensuite jeter son d\u00e9volu sur ce pays. Le g\u00e9n\u00e9ral Eirik Kristoffersen, chef de la d\u00e9fense\" \/>\n<meta property=\"og:url\" content=\"https:\/\/www.svalbard.fr\/actualites\/la-norvege-se-prepare-a-une-invasion-russe-alors-quun-responsable-militaire-craint-que-nous-ne-soyons-les-prochains\/\" \/>\n<meta property=\"og:site_name\" content=\"www.Svalbard.fr\" \/>\n<meta property=\"article:published_time\" content=\"2026-02-11T16:56:12+00:00\" \/>\n<meta property=\"article:modified_time\" content=\"2026-02-11T16:56:14+00:00\" \/>\n<meta property=\"og:image\" content=\"https:\/\/www.svalbard.fr\/actualites\/wp-content\/uploads\/2026\/02\/La-Norvege-se-prepare-a-une-invasion-russe-alors-quun.jpg\" \/>\n\t<meta property=\"og:image:width\" content=\"1200\" \/>\n\t<meta property=\"og:image:height\" content=\"630\" \/>\n\t<meta property=\"og:image:type\" content=\"image\/jpeg\" \/>\n<meta name=\"author\" content=\"Hilmar\" \/>\n<meta name=\"twitter:card\" content=\"summary_large_image\" \/>\n<meta name=\"twitter:label1\" content=\"\u00c9crit par\" \/>\n\t<meta name=\"twitter:data1\" content=\"Hilmar\" \/>\n\t<meta name=\"twitter:label2\" content=\"Dur\u00e9e de lecture estim\u00e9e\" \/>\n\t<meta name=\"twitter:data2\" content=\"3 minutes\" \/>\n<script type=\"application\/ld+json\" class=\"yoast-schema-graph\">{\"@context\":\"https:\/\/schema.org\",\"@graph\":[{\"@type\":\"Article\",\"@id\":\"https:\/\/www.svalbard.fr\/actualites\/la-norvege-se-prepare-a-une-invasion-russe-alors-quun-responsable-militaire-craint-que-nous-ne-soyons-les-prochains\/#article\",\"isPartOf\":{\"@id\":\"https:\/\/www.svalbard.fr\/actualites\/la-norvege-se-prepare-a-une-invasion-russe-alors-quun-responsable-militaire-craint-que-nous-ne-soyons-les-prochains\/\"},\"author\":{\"name\":\"Hilmar\",\"@id\":\"https:\/\/www.svalbard.fr\/actualites\/#\/schema\/person\/a2f937d5712222366738fae98755c600\"},\"headline\":\"La Norv\u00e8ge se pr\u00e9pare \u00e0 une invasion russe alors qu\u2019un responsable militaire craint que \u00ab nous ne soyons les prochains \u00bb\",\"datePublished\":\"2026-02-11T16:56:12+00:00\",\"dateModified\":\"2026-02-11T16:56:14+00:00\",\"mainEntityOfPage\":{\"@id\":\"https:\/\/www.svalbard.fr\/actualites\/la-norvege-se-prepare-a-une-invasion-russe-alors-quun-responsable-militaire-craint-que-nous-ne-soyons-les-prochains\/\"},\"wordCount\":548,\"publisher\":{\"@id\":\"https:\/\/www.svalbard.fr\/actualites\/#organization\"},\"keywords\":[\"alors\",\"Craint\",\"invasion\",\"Les\",\"militaire\",\"Norv\u00e8ge\",\"nous\",\"pr\u00e9pare\",\"prochains\",\"quun\",\"responsable\",\"russe\",\"soyons\",\"Une\"],\"inLanguage\":\"fr-FR\"},{\"@type\":\"WebPage\",\"@id\":\"https:\/\/www.svalbard.fr\/actualites\/la-norvege-se-prepare-a-une-invasion-russe-alors-quun-responsable-militaire-craint-que-nous-ne-soyons-les-prochains\/\",\"url\":\"https:\/\/www.svalbard.fr\/actualites\/la-norvege-se-prepare-a-une-invasion-russe-alors-quun-responsable-militaire-craint-que-nous-ne-soyons-les-prochains\/\",\"name\":\"La Norv\u00e8ge se pr\u00e9pare \u00e0 une invasion russe alors qu\u2019un responsable militaire craint que \u00ab nous ne soyons les prochains \u00bb\",\"isPartOf\":{\"@id\":\"https:\/\/www.svalbard.fr\/actualites\/#website\"},\"datePublished\":\"2026-02-11T16:56:12+00:00\",\"dateModified\":\"2026-02-11T16:56:14+00:00\",\"breadcrumb\":{\"@id\":\"https:\/\/www.svalbard.fr\/actualites\/la-norvege-se-prepare-a-une-invasion-russe-alors-quun-responsable-militaire-craint-que-nous-ne-soyons-les-prochains\/#breadcrumb\"},\"inLanguage\":\"fr-FR\",\"potentialAction\":[{\"@type\":\"ReadAction\",\"target\":[\"https:\/\/www.svalbard.fr\/actualites\/la-norvege-se-prepare-a-une-invasion-russe-alors-quun-responsable-militaire-craint-que-nous-ne-soyons-les-prochains\/\"]}]},{\"@type\":\"BreadcrumbList\",\"@id\":\"https:\/\/www.svalbard.fr\/actualites\/la-norvege-se-prepare-a-une-invasion-russe-alors-quun-responsable-militaire-craint-que-nous-ne-soyons-les-prochains\/#breadcrumb\",\"itemListElement\":[{\"@type\":\"ListItem\",\"position\":1,\"name\":\"Accueil\",\"item\":\"https:\/\/www.svalbard.fr\/actualites\/\"},{\"@type\":\"ListItem\",\"position\":2,\"name\":\"La Norv\u00e8ge se pr\u00e9pare \u00e0 une invasion russe alors qu\u2019un responsable militaire craint que \u00ab nous ne soyons les prochains \u00bb\"}]},{\"@type\":\"WebSite\",\"@id\":\"https:\/\/www.svalbard.fr\/actualites\/#website\",\"url\":\"https:\/\/www.svalbard.fr\/actualites\/\",\"name\":\"www.Svalbard.fr\",\"description\":\"\",\"publisher\":{\"@id\":\"https:\/\/www.svalbard.fr\/actualites\/#organization\"},\"potentialAction\":[{\"@type\":\"SearchAction\",\"target\":{\"@type\":\"EntryPoint\",\"urlTemplate\":\"https:\/\/www.svalbard.fr\/actualites\/?s={search_term_string}\"},\"query-input\":\"required name=search_term_string\"}],\"inLanguage\":\"fr-FR\"},{\"@type\":\"Organization\",\"@id\":\"https:\/\/www.svalbard.fr\/actualites\/#organization\",\"name\":\"www.Svalbard.fr\",\"url\":\"https:\/\/www.svalbard.fr\/actualites\/\",\"logo\":{\"@type\":\"ImageObject\",\"inLanguage\":\"fr-FR\",\"@id\":\"https:\/\/www.svalbard.fr\/actualites\/#\/schema\/logo\/image\/\",\"url\":\"https:\/\/www.svalbard.fr\/actualites\/wp-content\/uploads\/2023\/09\/head-nom.jpg\",\"contentUrl\":\"https:\/\/www.svalbard.fr\/actualites\/wp-content\/uploads\/2023\/09\/head-nom.jpg\",\"width\":264,\"height\":35,\"caption\":\"www.Svalbard.fr\"},\"image\":{\"@id\":\"https:\/\/www.svalbard.fr\/actualites\/#\/schema\/logo\/image\/\"}},{\"@type\":\"Person\",\"@id\":\"https:\/\/www.svalbard.fr\/actualites\/#\/schema\/person\/a2f937d5712222366738fae98755c600\",\"name\":\"Hilmar\",\"image\":{\"@type\":\"ImageObject\",\"inLanguage\":\"fr-FR\",\"@id\":\"https:\/\/www.svalbard.fr\/actualites\/#\/schema\/person\/image\/\",\"url\":\"https:\/\/secure.gravatar.com\/avatar\/4daa437093476dbc32da415c112b6512?s=96&d=mm&r=g\",\"contentUrl\":\"https:\/\/secure.gravatar.com\/avatar\/4daa437093476dbc32da415c112b6512?s=96&d=mm&r=g\",\"caption\":\"Hilmar\"},\"description\":\"Hilmar est un passionn\u00e9 des r\u00e9gions polaires, sp\u00e9cialis\u00e9 dans la r\u00e9daction d'articles sur le Spitzberg et autres destinations arctiques. Il apporte son expertise et sa passion pour l'Arctique au sein de l'\u00e9quipe de r\u00e9daction de Svalbard depuis de nombreuses ann\u00e9es.\",\"sameAs\":[\"https:\/\/www.svalbard.fr\/\"]}]}<\/script>\n<!-- \/ Yoast SEO plugin. -->","yoast_head_json":{"title":"La Norv\u00e8ge se pr\u00e9pare \u00e0 une invasion russe alors qu\u2019un responsable militaire craint que \u00ab nous ne soyons les prochains \u00bb","robots":{"index":"index","follow":"follow","max-snippet":"max-snippet:-1","max-image-preview":"max-image-preview:large","max-video-preview":"max-video-preview:-1"},"canonical":"https:\/\/www.svalbard.fr\/actualites\/la-norvege-se-prepare-a-une-invasion-russe-alors-quun-responsable-militaire-craint-que-nous-ne-soyons-les-prochains\/","og_locale":"fr_FR","og_type":"article","og_title":"La Norv\u00e8ge se pr\u00e9pare \u00e0 une invasion russe alors qu\u2019un responsable militaire craint que \u00ab nous ne soyons les prochains \u00bb","og_description":"Le chef de l&#39;arm\u00e9e norv\u00e9gienne a averti que Poutine pourrait ensuite jeter son d\u00e9volu sur ce pays. Le g\u00e9n\u00e9ral Eirik Kristoffersen, chef de la d\u00e9fense","og_url":"https:\/\/www.svalbard.fr\/actualites\/la-norvege-se-prepare-a-une-invasion-russe-alors-quun-responsable-militaire-craint-que-nous-ne-soyons-les-prochains\/","og_site_name":"www.Svalbard.fr","article_published_time":"2026-02-11T16:56:12+00:00","article_modified_time":"2026-02-11T16:56:14+00:00","og_image":[{"width":1200,"height":630,"url":"https:\/\/www.svalbard.fr\/actualites\/wp-content\/uploads\/2026\/02\/La-Norvege-se-prepare-a-une-invasion-russe-alors-quun.jpg","type":"image\/jpeg"}],"author":"Hilmar","twitter_card":"summary_large_image","twitter_misc":{"\u00c9crit par":"Hilmar","Dur\u00e9e de lecture estim\u00e9e":"3 minutes"},"schema":{"@context":"https:\/\/schema.org","@graph":[{"@type":"Article","@id":"https:\/\/www.svalbard.fr\/actualites\/la-norvege-se-prepare-a-une-invasion-russe-alors-quun-responsable-militaire-craint-que-nous-ne-soyons-les-prochains\/#article","isPartOf":{"@id":"https:\/\/www.svalbard.fr\/actualites\/la-norvege-se-prepare-a-une-invasion-russe-alors-quun-responsable-militaire-craint-que-nous-ne-soyons-les-prochains\/"},"author":{"name":"Hilmar","@id":"https:\/\/www.svalbard.fr\/actualites\/#\/schema\/person\/a2f937d5712222366738fae98755c600"},"headline":"La Norv\u00e8ge se pr\u00e9pare \u00e0 une invasion russe alors qu\u2019un responsable militaire craint que \u00ab nous ne soyons les prochains \u00bb","datePublished":"2026-02-11T16:56:12+00:00","dateModified":"2026-02-11T16:56:14+00:00","mainEntityOfPage":{"@id":"https:\/\/www.svalbard.fr\/actualites\/la-norvege-se-prepare-a-une-invasion-russe-alors-quun-responsable-militaire-craint-que-nous-ne-soyons-les-prochains\/"},"wordCount":548,"publisher":{"@id":"https:\/\/www.svalbard.fr\/actualites\/#organization"},"keywords":["alors","Craint","invasion","Les","militaire","Norv\u00e8ge","nous","pr\u00e9pare","prochains","quun","responsable","russe","soyons","Une"],"inLanguage":"fr-FR"},{"@type":"WebPage","@id":"https:\/\/www.svalbard.fr\/actualites\/la-norvege-se-prepare-a-une-invasion-russe-alors-quun-responsable-militaire-craint-que-nous-ne-soyons-les-prochains\/","url":"https:\/\/www.svalbard.fr\/actualites\/la-norvege-se-prepare-a-une-invasion-russe-alors-quun-responsable-militaire-craint-que-nous-ne-soyons-les-prochains\/","name":"La Norv\u00e8ge se pr\u00e9pare \u00e0 une invasion russe alors qu\u2019un responsable militaire craint que \u00ab nous ne soyons les prochains \u00bb","isPartOf":{"@id":"https:\/\/www.svalbard.fr\/actualites\/#website"},"datePublished":"2026-02-11T16:56:12+00:00","dateModified":"2026-02-11T16:56:14+00:00","breadcrumb":{"@id":"https:\/\/www.svalbard.fr\/actualites\/la-norvege-se-prepare-a-une-invasion-russe-alors-quun-responsable-militaire-craint-que-nous-ne-soyons-les-prochains\/#breadcrumb"},"inLanguage":"fr-FR","potentialAction":[{"@type":"ReadAction","target":["https:\/\/www.svalbard.fr\/actualites\/la-norvege-se-prepare-a-une-invasion-russe-alors-quun-responsable-militaire-craint-que-nous-ne-soyons-les-prochains\/"]}]},{"@type":"BreadcrumbList","@id":"https:\/\/www.svalbard.fr\/actualites\/la-norvege-se-prepare-a-une-invasion-russe-alors-quun-responsable-militaire-craint-que-nous-ne-soyons-les-prochains\/#breadcrumb","itemListElement":[{"@type":"ListItem","position":1,"name":"Accueil","item":"https:\/\/www.svalbard.fr\/actualites\/"},{"@type":"ListItem","position":2,"name":"La Norv\u00e8ge se pr\u00e9pare \u00e0 une invasion russe alors qu\u2019un responsable militaire craint que \u00ab nous ne soyons les prochains \u00bb"}]},{"@type":"WebSite","@id":"https:\/\/www.svalbard.fr\/actualites\/#website","url":"https:\/\/www.svalbard.fr\/actualites\/","name":"www.Svalbard.fr","description":"","publisher":{"@id":"https:\/\/www.svalbard.fr\/actualites\/#organization"},"potentialAction":[{"@type":"SearchAction","target":{"@type":"EntryPoint","urlTemplate":"https:\/\/www.svalbard.fr\/actualites\/?s={search_term_string}"},"query-input":"required name=search_term_string"}],"inLanguage":"fr-FR"},{"@type":"Organization","@id":"https:\/\/www.svalbard.fr\/actualites\/#organization","name":"www.Svalbard.fr","url":"https:\/\/www.svalbard.fr\/actualites\/","logo":{"@type":"ImageObject","inLanguage":"fr-FR","@id":"https:\/\/www.svalbard.fr\/actualites\/#\/schema\/logo\/image\/","url":"https:\/\/www.svalbard.fr\/actualites\/wp-content\/uploads\/2023\/09\/head-nom.jpg","contentUrl":"https:\/\/www.svalbard.fr\/actualites\/wp-content\/uploads\/2023\/09\/head-nom.jpg","width":264,"height":35,"caption":"www.Svalbard.fr"},"image":{"@id":"https:\/\/www.svalbard.fr\/actualites\/#\/schema\/logo\/image\/"}},{"@type":"Person","@id":"https:\/\/www.svalbard.fr\/actualites\/#\/schema\/person\/a2f937d5712222366738fae98755c600","name":"Hilmar","image":{"@type":"ImageObject","inLanguage":"fr-FR","@id":"https:\/\/www.svalbard.fr\/actualites\/#\/schema\/person\/image\/","url":"https:\/\/secure.gravatar.com\/avatar\/4daa437093476dbc32da415c112b6512?s=96&d=mm&r=g","contentUrl":"https:\/\/secure.gravatar.com\/avatar\/4daa437093476dbc32da415c112b6512?s=96&d=mm&r=g","caption":"Hilmar"},"description":"Hilmar est un passionn\u00e9 des r\u00e9gions polaires, sp\u00e9cialis\u00e9 dans la r\u00e9daction d'articles sur le Spitzberg et autres destinations arctiques. Il apporte son expertise et sa passion pour l'Arctique au sein de l'\u00e9quipe de r\u00e9daction de Svalbard depuis de nombreuses ann\u00e9es.","sameAs":["https:\/\/www.svalbard.fr\/"]}]}},"_links":{"self":[{"href":"https:\/\/www.svalbard.fr\/actualites\/wp-json\/wp\/v2\/posts\/5248"}],"collection":[{"href":"https:\/\/www.svalbard.fr\/actualites\/wp-json\/wp\/v2\/posts"}],"about":[{"href":"https:\/\/www.svalbard.fr\/actualites\/wp-json\/wp\/v2\/types\/post"}],"author":[{"embeddable":true,"href":"https:\/\/www.svalbard.fr\/actualites\/wp-json\/wp\/v2\/users\/1"}],"replies":[{"embeddable":true,"href":"https:\/\/www.svalbard.fr\/actualites\/wp-json\/wp\/v2\/comments?post=5248"}],"version-history":[{"count":1,"href":"https:\/\/www.svalbard.fr\/actualites\/wp-json\/wp\/v2\/posts\/5248\/revisions"}],"predecessor-version":[{"id":5250,"href":"https:\/\/www.svalbard.fr\/actualites\/wp-json\/wp\/v2\/posts\/5248\/revisions\/5250"}],"wp:featuredmedia":[{"embeddable":true,"href":"https:\/\/www.svalbard.fr\/actualites\/wp-json\/wp\/v2\/media\/5249"}],"wp:attachment":[{"href":"https:\/\/www.svalbard.fr\/actualites\/wp-json\/wp\/v2\/media?parent=5248"}],"wp:term":[{"taxonomy":"category","embeddable":true,"href":"https:\/\/www.svalbard.fr\/actualites\/wp-json\/wp\/v2\/categories?post=5248"},{"taxonomy":"post_tag","embeddable":true,"href":"https:\/\/www.svalbard.fr\/actualites\/wp-json\/wp\/v2\/tags?post=5248"}],"curies":[{"name":"wp","href":"https:\/\/api.w.org\/{rel}","templated":true}]}}