{"id":5251,"date":"2026-02-12T05:56:11","date_gmt":"2026-02-12T04:56:11","guid":{"rendered":"https:\/\/www.svalbard.fr\/actualites\/ville-la-plus-verte-du-monde-ou-95-vivent-a-moins-de-300-m-dun-parc\/"},"modified":"2026-02-12T05:56:14","modified_gmt":"2026-02-12T04:56:14","slug":"ville-la-plus-verte-du-monde-ou-95-vivent-a-moins-de-300-m-dun-parc","status":"publish","type":"post","link":"https:\/\/www.svalbard.fr\/actualites\/ville-la-plus-verte-du-monde-ou-95-vivent-a-moins-de-300-m-dun-parc\/","title":{"rendered":"Ville la plus verte du monde o\u00f9 95 % vivent \u00e0 moins de 300 m d&#39;un parc"},"content":{"rendered":"<div>\n<p>Quand vous pensez \u00e0 la vie urbaine, les gratte-ciel imposants et le b\u00e9ton vous viennent probablement \u00e0 l\u2019esprit. Mais ce n&#39;est pas le cas de toutes les villes.<\/p>\n<\/div>\n<div>\n<p>De nombreux endroits \u00e0 travers le monde sont inond\u00e9s d\u2019espaces verts et de parcs qui brisent la monotonie grise des villes. En fait, la ville la plus verte du monde n\u2019est qu\u2019\u00e0 quelques minutes d\u2019avion du Royaume-Uni. Selon les experts en voyages d&#39;Iglu Cruise, Oslo en Norv\u00e8ge est la ville la plus verte du monde.<\/p>\n<\/div>\n<div>\n<p>Ils ont analys\u00e9 un certain nombre de villes \u00e0 travers le monde et ont class\u00e9 chacune d&#39;entre elles en fonction de leur pourcentage de verdure, d&#39;espaces verts accessibles et de la qualit\u00e9 de l&#39;air pour cr\u00e9er l&#39;indice des villes vertes. En t\u00eate de liste se trouve Oslo avec une note globale de 77,3 sur 100. <\/p>\n<\/div>\n<div>\n<p>La ville jouit d&#39;une qualit\u00e9 de l&#39;air \u00e9lev\u00e9e et du pourcentage le plus \u00e9lev\u00e9 d&#39;espaces verts et de parcs publics. En fait. 95 % des habitants d&#39;Oslo vivent \u00e0 moins de 300 m\u00e8tres \u00e0 pied d&#39;un espace vert. Cela fait d&#39;Oslo l&#39;une des capitales europ\u00e9ennes les plus accessibles \u00e0 pied.<\/p>\n<\/div>\n<div>\n<p>Les visiteurs de la ville peuvent se promener dans l&#39;un de ses nombreux \u00ab parcs de poche \u00bb, d&#39;anciens espaces de stationnement transform\u00e9s par des b\u00e9n\u00e9voles de la communaut\u00e9 en espaces verts dans les zones les plus b\u00e2ties de la ville. <\/p>\n<\/div>\n<div>\n<p>Il y a aussi de grands parcs \u2013 le parc du Palais Royal et Vigeland sont deux choix populaires. Vigeland abrite \u00e9galement le plus grand parc de sculptures au monde cr\u00e9\u00e9 par un seul artiste.<\/p>\n<\/div>\n<div>\n<p>En dehors de la ville, la verdure luxuriante perdure. Un train facile de 20 minutes vous emm\u00e8nera hors de la ville et dans la for\u00eat d&#39;Oslomarka et ses superbes sentiers de randonn\u00e9e autour du lac Sognsvann. <\/p>\n<\/div>\n<div>\n<p>Oslo n&#39;est pas seulement id\u00e9ale pour les visiteurs et les r\u00e9sidents, elle l&#39;est \u00e9galement pour les pollinisateurs. La ville abrite la premi\u00e8re \u00ab autoroute des abeilles \u00bb au monde. Il s&#39;agit d&#39;un couloir de fleurs indig\u00e8nes et d&#39;h\u00f4tels \u00e0 abeilles qui parcourent les rues de la ville pour encourager les insectes \u00e0 s&#39;y installer.<\/p>\n<\/div>\n","protected":false},"excerpt":{"rendered":"<p>Quand vous pensez \u00e0 la vie urbaine, les gratte-ciel imposants et le b\u00e9ton vous viennent probablement \u00e0 l\u2019esprit. Mais ce n&#39;est pas le cas de<\/p>\n","protected":false},"author":1,"featured_media":5252,"comment_status":"closed","ping_status":"","sticky":false,"template":"","format":"standard","meta":{"footnotes":""},"categories":[2277],"tags":[1196,703,307,129,501,4613,103,976],"yoast_head":"<!-- This site is optimized with the Yoast SEO plugin v21.0 - https:\/\/yoast.com\/wordpress\/plugins\/seo\/ -->\n<title>Ville la plus verte du monde o\u00f9 95 % vivent \u00e0 moins de 300 m d&#039;un parc<\/title>\n<meta name=\"robots\" content=\"index, follow, max-snippet:-1, max-image-preview:large, max-video-preview:-1\" \/>\n<link rel=\"canonical\" href=\"https:\/\/www.svalbard.fr\/actualites\/ville-la-plus-verte-du-monde-ou-95-vivent-a-moins-de-300-m-dun-parc\/\" \/>\n<meta property=\"og:locale\" content=\"fr_FR\" \/>\n<meta property=\"og:type\" content=\"article\" \/>\n<meta property=\"og:title\" content=\"Ville la plus verte du monde o\u00f9 95 % vivent \u00e0 moins de 300 m d&#039;un parc\" \/>\n<meta property=\"og:description\" content=\"Quand vous pensez \u00e0 la vie urbaine, les gratte-ciel imposants et le b\u00e9ton vous viennent probablement \u00e0 l\u2019esprit. Mais ce n&#039;est pas le cas de\" \/>\n<meta property=\"og:url\" content=\"https:\/\/www.svalbard.fr\/actualites\/ville-la-plus-verte-du-monde-ou-95-vivent-a-moins-de-300-m-dun-parc\/\" \/>\n<meta property=\"og:site_name\" content=\"www.Svalbard.fr\" \/>\n<meta property=\"article:published_time\" content=\"2026-02-12T04:56:11+00:00\" \/>\n<meta property=\"article:modified_time\" content=\"2026-02-12T04:56:14+00:00\" \/>\n<meta property=\"og:image\" content=\"https:\/\/www.svalbard.fr\/actualites\/wp-content\/uploads\/2026\/02\/Ville-la-plus-verte-du-monde-ou-95-vivent.jpg\" \/>\n\t<meta property=\"og:image:width\" content=\"1200\" \/>\n\t<meta property=\"og:image:height\" content=\"630\" \/>\n\t<meta property=\"og:image:type\" content=\"image\/jpeg\" \/>\n<meta name=\"author\" content=\"Hilmar\" \/>\n<meta name=\"twitter:card\" content=\"summary_large_image\" \/>\n<meta name=\"twitter:label1\" content=\"\u00c9crit par\" \/>\n\t<meta name=\"twitter:data1\" content=\"Hilmar\" \/>\n\t<meta name=\"twitter:label2\" content=\"Dur\u00e9e de lecture estim\u00e9e\" \/>\n\t<meta name=\"twitter:data2\" content=\"2 minutes\" \/>\n<script type=\"application\/ld+json\" class=\"yoast-schema-graph\">{\"@context\":\"https:\/\/schema.org\",\"@graph\":[{\"@type\":\"Article\",\"@id\":\"https:\/\/www.svalbard.fr\/actualites\/ville-la-plus-verte-du-monde-ou-95-vivent-a-moins-de-300-m-dun-parc\/#article\",\"isPartOf\":{\"@id\":\"https:\/\/www.svalbard.fr\/actualites\/ville-la-plus-verte-du-monde-ou-95-vivent-a-moins-de-300-m-dun-parc\/\"},\"author\":{\"name\":\"Hilmar\",\"@id\":\"https:\/\/www.svalbard.fr\/actualites\/#\/schema\/person\/a2f937d5712222366738fae98755c600\"},\"headline\":\"Ville la plus verte du monde o\u00f9 95 % vivent \u00e0 moins de 300 m d&#39;un parc\",\"datePublished\":\"2026-02-12T04:56:11+00:00\",\"dateModified\":\"2026-02-12T04:56:14+00:00\",\"mainEntityOfPage\":{\"@id\":\"https:\/\/www.svalbard.fr\/actualites\/ville-la-plus-verte-du-monde-ou-95-vivent-a-moins-de-300-m-dun-parc\/\"},\"wordCount\":394,\"publisher\":{\"@id\":\"https:\/\/www.svalbard.fr\/actualites\/#organization\"},\"keywords\":[\"d39un\",\"moins\",\"monde\",\"O\u00f9\",\"parc\",\"verte\",\"ville\",\"vivent\"],\"inLanguage\":\"fr-FR\"},{\"@type\":\"WebPage\",\"@id\":\"https:\/\/www.svalbard.fr\/actualites\/ville-la-plus-verte-du-monde-ou-95-vivent-a-moins-de-300-m-dun-parc\/\",\"url\":\"https:\/\/www.svalbard.fr\/actualites\/ville-la-plus-verte-du-monde-ou-95-vivent-a-moins-de-300-m-dun-parc\/\",\"name\":\"Ville la plus verte du monde o\u00f9 95 % vivent \u00e0 moins de 300 m d&#39;un parc\",\"isPartOf\":{\"@id\":\"https:\/\/www.svalbard.fr\/actualites\/#website\"},\"datePublished\":\"2026-02-12T04:56:11+00:00\",\"dateModified\":\"2026-02-12T04:56:14+00:00\",\"breadcrumb\":{\"@id\":\"https:\/\/www.svalbard.fr\/actualites\/ville-la-plus-verte-du-monde-ou-95-vivent-a-moins-de-300-m-dun-parc\/#breadcrumb\"},\"inLanguage\":\"fr-FR\",\"potentialAction\":[{\"@type\":\"ReadAction\",\"target\":[\"https:\/\/www.svalbard.fr\/actualites\/ville-la-plus-verte-du-monde-ou-95-vivent-a-moins-de-300-m-dun-parc\/\"]}]},{\"@type\":\"BreadcrumbList\",\"@id\":\"https:\/\/www.svalbard.fr\/actualites\/ville-la-plus-verte-du-monde-ou-95-vivent-a-moins-de-300-m-dun-parc\/#breadcrumb\",\"itemListElement\":[{\"@type\":\"ListItem\",\"position\":1,\"name\":\"Accueil\",\"item\":\"https:\/\/www.svalbard.fr\/actualites\/\"},{\"@type\":\"ListItem\",\"position\":2,\"name\":\"Ville la plus verte du monde o\u00f9 95 % vivent \u00e0 moins de 300 m d&#39;un parc\"}]},{\"@type\":\"WebSite\",\"@id\":\"https:\/\/www.svalbard.fr\/actualites\/#website\",\"url\":\"https:\/\/www.svalbard.fr\/actualites\/\",\"name\":\"www.Svalbard.fr\",\"description\":\"\",\"publisher\":{\"@id\":\"https:\/\/www.svalbard.fr\/actualites\/#organization\"},\"potentialAction\":[{\"@type\":\"SearchAction\",\"target\":{\"@type\":\"EntryPoint\",\"urlTemplate\":\"https:\/\/www.svalbard.fr\/actualites\/?s={search_term_string}\"},\"query-input\":\"required name=search_term_string\"}],\"inLanguage\":\"fr-FR\"},{\"@type\":\"Organization\",\"@id\":\"https:\/\/www.svalbard.fr\/actualites\/#organization\",\"name\":\"www.Svalbard.fr\",\"url\":\"https:\/\/www.svalbard.fr\/actualites\/\",\"logo\":{\"@type\":\"ImageObject\",\"inLanguage\":\"fr-FR\",\"@id\":\"https:\/\/www.svalbard.fr\/actualites\/#\/schema\/logo\/image\/\",\"url\":\"https:\/\/www.svalbard.fr\/actualites\/wp-content\/uploads\/2023\/09\/head-nom.jpg\",\"contentUrl\":\"https:\/\/www.svalbard.fr\/actualites\/wp-content\/uploads\/2023\/09\/head-nom.jpg\",\"width\":264,\"height\":35,\"caption\":\"www.Svalbard.fr\"},\"image\":{\"@id\":\"https:\/\/www.svalbard.fr\/actualites\/#\/schema\/logo\/image\/\"}},{\"@type\":\"Person\",\"@id\":\"https:\/\/www.svalbard.fr\/actualites\/#\/schema\/person\/a2f937d5712222366738fae98755c600\",\"name\":\"Hilmar\",\"image\":{\"@type\":\"ImageObject\",\"inLanguage\":\"fr-FR\",\"@id\":\"https:\/\/www.svalbard.fr\/actualites\/#\/schema\/person\/image\/\",\"url\":\"https:\/\/secure.gravatar.com\/avatar\/4daa437093476dbc32da415c112b6512?s=96&d=mm&r=g\",\"contentUrl\":\"https:\/\/secure.gravatar.com\/avatar\/4daa437093476dbc32da415c112b6512?s=96&d=mm&r=g\",\"caption\":\"Hilmar\"},\"description\":\"Hilmar est un passionn\u00e9 des r\u00e9gions polaires, sp\u00e9cialis\u00e9 dans la r\u00e9daction d'articles sur le Spitzberg et autres destinations arctiques. Il apporte son expertise et sa passion pour l'Arctique au sein de l'\u00e9quipe de r\u00e9daction de Svalbard depuis de nombreuses ann\u00e9es.\",\"sameAs\":[\"https:\/\/www.svalbard.fr\/\"]}]}<\/script>\n<!-- \/ Yoast SEO plugin. -->","yoast_head_json":{"title":"Ville la plus verte du monde o\u00f9 95 % vivent \u00e0 moins de 300 m d&#39;un parc","robots":{"index":"index","follow":"follow","max-snippet":"max-snippet:-1","max-image-preview":"max-image-preview:large","max-video-preview":"max-video-preview:-1"},"canonical":"https:\/\/www.svalbard.fr\/actualites\/ville-la-plus-verte-du-monde-ou-95-vivent-a-moins-de-300-m-dun-parc\/","og_locale":"fr_FR","og_type":"article","og_title":"Ville la plus verte du monde o\u00f9 95 % vivent \u00e0 moins de 300 m d&#39;un parc","og_description":"Quand vous pensez \u00e0 la vie urbaine, les gratte-ciel imposants et le b\u00e9ton vous viennent probablement \u00e0 l\u2019esprit. Mais ce n&#39;est pas le cas de","og_url":"https:\/\/www.svalbard.fr\/actualites\/ville-la-plus-verte-du-monde-ou-95-vivent-a-moins-de-300-m-dun-parc\/","og_site_name":"www.Svalbard.fr","article_published_time":"2026-02-12T04:56:11+00:00","article_modified_time":"2026-02-12T04:56:14+00:00","og_image":[{"width":1200,"height":630,"url":"https:\/\/www.svalbard.fr\/actualites\/wp-content\/uploads\/2026\/02\/Ville-la-plus-verte-du-monde-ou-95-vivent.jpg","type":"image\/jpeg"}],"author":"Hilmar","twitter_card":"summary_large_image","twitter_misc":{"\u00c9crit par":"Hilmar","Dur\u00e9e de lecture estim\u00e9e":"2 minutes"},"schema":{"@context":"https:\/\/schema.org","@graph":[{"@type":"Article","@id":"https:\/\/www.svalbard.fr\/actualites\/ville-la-plus-verte-du-monde-ou-95-vivent-a-moins-de-300-m-dun-parc\/#article","isPartOf":{"@id":"https:\/\/www.svalbard.fr\/actualites\/ville-la-plus-verte-du-monde-ou-95-vivent-a-moins-de-300-m-dun-parc\/"},"author":{"name":"Hilmar","@id":"https:\/\/www.svalbard.fr\/actualites\/#\/schema\/person\/a2f937d5712222366738fae98755c600"},"headline":"Ville la plus verte du monde o\u00f9 95 % vivent \u00e0 moins de 300 m d&#39;un parc","datePublished":"2026-02-12T04:56:11+00:00","dateModified":"2026-02-12T04:56:14+00:00","mainEntityOfPage":{"@id":"https:\/\/www.svalbard.fr\/actualites\/ville-la-plus-verte-du-monde-ou-95-vivent-a-moins-de-300-m-dun-parc\/"},"wordCount":394,"publisher":{"@id":"https:\/\/www.svalbard.fr\/actualites\/#organization"},"keywords":["d39un","moins","monde","O\u00f9","parc","verte","ville","vivent"],"inLanguage":"fr-FR"},{"@type":"WebPage","@id":"https:\/\/www.svalbard.fr\/actualites\/ville-la-plus-verte-du-monde-ou-95-vivent-a-moins-de-300-m-dun-parc\/","url":"https:\/\/www.svalbard.fr\/actualites\/ville-la-plus-verte-du-monde-ou-95-vivent-a-moins-de-300-m-dun-parc\/","name":"Ville la plus verte du monde o\u00f9 95 % vivent \u00e0 moins de 300 m d&#39;un parc","isPartOf":{"@id":"https:\/\/www.svalbard.fr\/actualites\/#website"},"datePublished":"2026-02-12T04:56:11+00:00","dateModified":"2026-02-12T04:56:14+00:00","breadcrumb":{"@id":"https:\/\/www.svalbard.fr\/actualites\/ville-la-plus-verte-du-monde-ou-95-vivent-a-moins-de-300-m-dun-parc\/#breadcrumb"},"inLanguage":"fr-FR","potentialAction":[{"@type":"ReadAction","target":["https:\/\/www.svalbard.fr\/actualites\/ville-la-plus-verte-du-monde-ou-95-vivent-a-moins-de-300-m-dun-parc\/"]}]},{"@type":"BreadcrumbList","@id":"https:\/\/www.svalbard.fr\/actualites\/ville-la-plus-verte-du-monde-ou-95-vivent-a-moins-de-300-m-dun-parc\/#breadcrumb","itemListElement":[{"@type":"ListItem","position":1,"name":"Accueil","item":"https:\/\/www.svalbard.fr\/actualites\/"},{"@type":"ListItem","position":2,"name":"Ville la plus verte du monde o\u00f9 95 % vivent \u00e0 moins de 300 m d&#39;un parc"}]},{"@type":"WebSite","@id":"https:\/\/www.svalbard.fr\/actualites\/#website","url":"https:\/\/www.svalbard.fr\/actualites\/","name":"www.Svalbard.fr","description":"","publisher":{"@id":"https:\/\/www.svalbard.fr\/actualites\/#organization"},"potentialAction":[{"@type":"SearchAction","target":{"@type":"EntryPoint","urlTemplate":"https:\/\/www.svalbard.fr\/actualites\/?s={search_term_string}"},"query-input":"required name=search_term_string"}],"inLanguage":"fr-FR"},{"@type":"Organization","@id":"https:\/\/www.svalbard.fr\/actualites\/#organization","name":"www.Svalbard.fr","url":"https:\/\/www.svalbard.fr\/actualites\/","logo":{"@type":"ImageObject","inLanguage":"fr-FR","@id":"https:\/\/www.svalbard.fr\/actualites\/#\/schema\/logo\/image\/","url":"https:\/\/www.svalbard.fr\/actualites\/wp-content\/uploads\/2023\/09\/head-nom.jpg","contentUrl":"https:\/\/www.svalbard.fr\/actualites\/wp-content\/uploads\/2023\/09\/head-nom.jpg","width":264,"height":35,"caption":"www.Svalbard.fr"},"image":{"@id":"https:\/\/www.svalbard.fr\/actualites\/#\/schema\/logo\/image\/"}},{"@type":"Person","@id":"https:\/\/www.svalbard.fr\/actualites\/#\/schema\/person\/a2f937d5712222366738fae98755c600","name":"Hilmar","image":{"@type":"ImageObject","inLanguage":"fr-FR","@id":"https:\/\/www.svalbard.fr\/actualites\/#\/schema\/person\/image\/","url":"https:\/\/secure.gravatar.com\/avatar\/4daa437093476dbc32da415c112b6512?s=96&d=mm&r=g","contentUrl":"https:\/\/secure.gravatar.com\/avatar\/4daa437093476dbc32da415c112b6512?s=96&d=mm&r=g","caption":"Hilmar"},"description":"Hilmar est un passionn\u00e9 des r\u00e9gions polaires, sp\u00e9cialis\u00e9 dans la r\u00e9daction d'articles sur le Spitzberg et autres destinations arctiques. Il apporte son expertise et sa passion pour l'Arctique au sein de l'\u00e9quipe de r\u00e9daction de Svalbard depuis de nombreuses ann\u00e9es.","sameAs":["https:\/\/www.svalbard.fr\/"]}]}},"_links":{"self":[{"href":"https:\/\/www.svalbard.fr\/actualites\/wp-json\/wp\/v2\/posts\/5251"}],"collection":[{"href":"https:\/\/www.svalbard.fr\/actualites\/wp-json\/wp\/v2\/posts"}],"about":[{"href":"https:\/\/www.svalbard.fr\/actualites\/wp-json\/wp\/v2\/types\/post"}],"author":[{"embeddable":true,"href":"https:\/\/www.svalbard.fr\/actualites\/wp-json\/wp\/v2\/users\/1"}],"replies":[{"embeddable":true,"href":"https:\/\/www.svalbard.fr\/actualites\/wp-json\/wp\/v2\/comments?post=5251"}],"version-history":[{"count":1,"href":"https:\/\/www.svalbard.fr\/actualites\/wp-json\/wp\/v2\/posts\/5251\/revisions"}],"predecessor-version":[{"id":5253,"href":"https:\/\/www.svalbard.fr\/actualites\/wp-json\/wp\/v2\/posts\/5251\/revisions\/5253"}],"wp:featuredmedia":[{"embeddable":true,"href":"https:\/\/www.svalbard.fr\/actualites\/wp-json\/wp\/v2\/media\/5252"}],"wp:attachment":[{"href":"https:\/\/www.svalbard.fr\/actualites\/wp-json\/wp\/v2\/media?parent=5251"}],"wp:term":[{"taxonomy":"category","embeddable":true,"href":"https:\/\/www.svalbard.fr\/actualites\/wp-json\/wp\/v2\/categories?post=5251"},{"taxonomy":"post_tag","embeddable":true,"href":"https:\/\/www.svalbard.fr\/actualites\/wp-json\/wp\/v2\/tags?post=5251"}],"curies":[{"name":"wp","href":"https:\/\/api.w.org\/{rel}","templated":true}]}}