{"id":5274,"date":"2026-02-19T15:56:06","date_gmt":"2026-02-19T14:56:06","guid":{"rendered":"https:\/\/www.svalbard.fr\/actualites\/parc-national-des-lofotodden-ce-que-cela-signifie-pour-les-lofoten-aujourdhui\/"},"modified":"2026-02-19T15:56:06","modified_gmt":"2026-02-19T14:56:06","slug":"parc-national-des-lofotodden-ce-que-cela-signifie-pour-les-lofoten-aujourdhui","status":"publish","type":"post","link":"https:\/\/www.svalbard.fr\/actualites\/parc-national-des-lofotodden-ce-que-cela-signifie-pour-les-lofoten-aujourdhui\/","title":{"rendered":"Parc national des Lofotodden\u00a0: ce que cela signifie pour les Lofoten aujourd&#39;hui"},"content":{"rendered":"<div itemprop=\"text\">\n\t\t\t<span id=\"dpsp-post-content-markup\" data-image-pin-it=\"false\"><\/span><\/p>\n<p class=\"intro\">Le plus jeune parc national continental de Norv\u00e8ge a \u00e9t\u00e9 controvers\u00e9 lors de sa cr\u00e9ation. Des ann\u00e9es plus tard, quelque chose a-t-il vraiment chang\u00e9 ?<\/p>\n<p>En 2018, le gouvernement norv\u00e9gien a officiellement cr\u00e9\u00e9 le parc national des Lofotodden, \u00e0 la limite ext\u00e9rieure de l&#39;archipel des Lofoten.<\/p>\n<figure class=\"wp-block-image size-large\"><img data-lazyloaded=\"1\" data-placeholder-resp=\"768x432\" fetchpriority=\"high\" decoding=\"async\" width=\"768\" height=\"432\" src=\"https:\/\/www.svalbard.fr\/actualites\/wp-content\/uploads\/2026\/02\/Parc-national-des-Lofotodden-ce-que-cela-signifie-pour-les.jpg\" alt=\"Randonneur sur la plage de Bunes \u00e0 Lofoten.\" class=\"wp-image-85534\"  data-><noscript><img fetchpriority=\"high\" decoding=\"async\" width=\"768\" height=\"432\" src=\"https:\/\/www.svalbard.fr\/actualites\/wp-content\/uploads\/2026\/02\/Parc-national-des-Lofotodden-ce-que-cela-signifie-pour-les.jpg\" alt=\"Randonneur sur la plage de Bunes \u00e0 Lofoten.\" class=\"wp-image-85534\"  ><\/noscript><\/figure>\n<p>L\u2019annonce s\u2019est accompagn\u00e9e d\u2019un langage dramatique sur la sauvegarde des sommets \u00e9troits, des fjords profonds, des mers ouvertes et des traces culturelles anciennes. Cela a \u00e9galement suscit\u00e9 une controverse.<\/p>\n<p>Aujourd&#39;hui, les Lofoten sont fermement \u00e9tablies comme l&#39;une des destinations les plus visit\u00e9es de Norv\u00e8ge.<\/p>\n<p>L\u2019histoire de Lofotodden ressemble d\u00e9sormais moins \u00e0 une actualit\u00e9 qu\u2019\u00e0 une question bien plus vaste : comment la Norv\u00e8ge devrait-elle prot\u00e9ger ses paysages les plus fragiles tout en g\u00e9rant un tourisme en constante croissance ?<\/p>\n<h2 class=\"wp-block-heading\">O\u00f9 se trouve le parc national des Lofotodden ?<\/h2>\n<p>Le parc national des Lofotodden s&#39;\u00e9tend sur plus de 100 kilom\u00e8tres carr\u00e9s \u00e0 la pointe ouest des \u00eeles Lofoten, principalement dans les municipalit\u00e9s de Moskenes et Flakstad.<\/p>\n<p>C&#39;est l&#39;extr\u00e9mit\u00e9 sauvage des \u00eeles. Des pics de granit d\u00e9chiquet\u00e9s s&#39;\u00e9l\u00e8vent presque verticalement depuis la mer. Les plages apparaissent soudain entre les falaises. Les villages de p\u00eacheurs s&#39;accrochent au rivage. Les sentiers sillonnent les lignes de cr\u00eates expos\u00e9es o\u00f9 le vent et la m\u00e9t\u00e9o semblent proches et imm\u00e9diats.<\/p>\n<p>La r\u00e9gion contient \u00e9galement des traces d&#39;\u00e9tablissements humains remontant \u00e0 des milliers d&#39;ann\u00e9es, notamment des \u0153uvres d&#39;art rupestre \u00e0 Kollhellaren et Bukkhammerhola. En bref, c\u2019est exactement le genre d\u2019endroit que la Norv\u00e8ge a tendance \u00e0 prot\u00e9ger.<\/p>\n<h2 class=\"wp-block-heading\">Pourquoi \u00e9tait-ce controvers\u00e9 ?<\/h2>\n<p>Lorsque le parc a \u00e9t\u00e9 officiellement cr\u00e9\u00e9, il ne b\u00e9n\u00e9ficiait pas d\u2019un soutien massif au niveau local.<\/p>\n<p>Lors d&#39;un r\u00e9f\u00e9rendum local deux ans plus t\u00f4t, une majorit\u00e9 d&#39;habitants avait vot\u00e9 contre la proposition. Bien que les politiciens locaux de Moskenes et de Flakstad aient finalement soutenu le statut de parc national, de nombreux habitants \u00e9taient sceptiques.<\/p>\n<p>Les pr\u00e9occupations n\u2019\u00e9taient pas abstraites.<\/p>\n<figure class=\"wp-block-image size-large\"><img loading=\"lazy\" data-lazyloaded=\"1\" data-placeholder-resp=\"768x512\" decoding=\"async\" width=\"768\" height=\"512\" src=\"https:\/\/www.svalbard.fr\/actualites\/wp-content\/uploads\/2026\/02\/1771512965_814_Parc-national-des-Lofotodden-ce-que-cela-signifie-pour-les.jpg\" alt=\"Plage de Kvalvika aux Lofoten vue depuis le sentier Ryten.\" class=\"wp-image-76527\"  data-><noscript><img loading=\"lazy\" decoding=\"async\" width=\"768\" height=\"512\" src=\"https:\/\/www.svalbard.fr\/actualites\/wp-content\/uploads\/2026\/02\/1771512965_814_Parc-national-des-Lofotodden-ce-que-cela-signifie-pour-les.jpg\" alt=\"Plage de Kvalvika aux Lofoten vue depuis le sentier Ryten.\" class=\"wp-image-76527\"  ><\/noscript><\/figure>\n<p>La p\u00eache reste l&#39;\u00e9pine dorsale de ces communaut\u00e9s. De nombreux habitants craignaient que le statut officiel de parc national ne fasse pencher davantage la balance en faveur du tourisme au d\u00e9triment des industries traditionnelles. D\u2019autres s\u2019inqui\u00e8tent des nouvelles restrictions sur l\u2019utilisation des terres, le d\u00e9veloppement des infrastructures ou les transports.<\/p>\n<p>Il y avait aussi un scepticisme plus large, ancr\u00e9 dans l\u2019exp\u00e9rience. Dans d\u2019autres r\u00e9gions de Norv\u00e8ge, certaines communaut\u00e9s ont fait valoir que le statut de parc national peut compliquer les d\u00e9cisions en mati\u00e8re de d\u00e9veloppement d\u2019entreprises ou de gestion des terres.<\/p>\n<p>Le gouvernement avait alors insist\u00e9 sur le fait qu&#39;aucune nouvelle restriction significative ne serait impos\u00e9e aux r\u00e9sidents et qu&#39;un financement pour l&#39;administration et l&#39;entretien suivrait.<\/p>\n<p>Ola Elvestuen, alors ministre du Climat et de l&#39;Environnement, a d\u00e9clar\u00e9 \u00e0 NRK que les Lofoten avaient une valeur de conservation nationale et internationale \u00e9vidente. Il a d\u00e9crit la zone comme ayant \u00ab des paysages et des habitats naturels que l\u2019on ne trouve pas dans d\u2019autres zones prot\u00e9g\u00e9es norv\u00e9giennes \u00bb.<\/p>\n<h2 class=\"wp-block-heading\">Le statut de parc national a-t-il chang\u00e9 aux Lofoten ?<\/h2>\n<p>C\u2019est l\u00e0 que l\u2019histoire devient plus nuanc\u00e9e.<\/p>\n<p>La croissance explosive du nombre de visiteurs aux Lofoten au cours de la derni\u00e8re d\u00e9cennie n&#39;a pas \u00e9t\u00e9 motiv\u00e9e uniquement par la d\u00e9signation de parc national. L&#39;exposition aux m\u00e9dias sociaux, l&#39;am\u00e9lioration des liaisons de transport, le marketing international et la r\u00e9putation mondiale de la Norv\u00e8ge pour ses paysages spectaculaires ont tous jou\u00e9 un r\u00f4le.<\/p>\n<p>Mais le parc national des Lofotodden est d\u00e9sormais au c\u0153ur de ce d\u00e9bat.<\/p>\n<p>Le parc a fourni un cadre plus clair pour la conservation. Il renforce la protection contre les d\u00e9veloppements majeurs et formalise la surveillance environnementale \u00e0 long terme. Mais dans la pratique, la vie quotidienne dans la r\u00e9gion est rest\u00e9e la m\u00eame qu\u2019auparavant.<\/p>\n<figure class=\"wp-block-image size-large\"><img loading=\"lazy\" data-lazyloaded=\"1\" data-placeholder-resp=\"768x512\" decoding=\"async\" width=\"768\" height=\"512\" src=\"https:\/\/www.svalbard.fr\/actualites\/wp-content\/uploads\/2026\/02\/1771512965_854_Parc-national-des-Lofotodden-ce-que-cela-signifie-pour-les.jpg\" alt=\"Plage de Bunes aux Lofoten.\" class=\"wp-image-76528\"  data-><noscript><img loading=\"lazy\" decoding=\"async\" width=\"768\" height=\"512\" src=\"https:\/\/www.svalbard.fr\/actualites\/wp-content\/uploads\/2026\/02\/1771512965_854_Parc-national-des-Lofotodden-ce-que-cela-signifie-pour-les.jpg\" alt=\"Plage de Bunes aux Lofoten.\" class=\"wp-image-76528\"  ><\/noscript><\/figure>\n<p>La p\u00eache continue. Les petites communaut\u00e9s perdurent. Les randonneurs parcourent les sommets. Les planches de surf font toujours la queue \u00e0 Unstad. Les camping-cars font toujours la queue pour admirer le coucher du soleil.<\/p>\n<p>Le plus grand d\u00e9fi est plut\u00f4t de g\u00e9rer la pression des visiteurs plut\u00f4t que de restreindre les moyens de subsistance locaux.<\/p>\n<h2 class=\"wp-block-heading\">Parcs nationaux et surtourisme<\/h2>\n<p>Les Lofoten sont devenues ces derni\u00e8res ann\u00e9es une \u00e9tude de cas en mati\u00e8re de surtourisme en Norv\u00e8ge.<\/p>\n<p>L&#39;\u00e9t\u00e9 apporte son lot de trafic intense sur les routes \u00e9troites. Le stationnement informel s\u2019\u00e9tend aux zones fragiles. Les randonn\u00e9es populaires souffrent de l&#39;\u00e9rosion. Des tensions \u00e9clatent parfois entre les r\u00e9sidents et les visiteurs peu familiers avec les coutumes locales et les limites des infrastructures.<\/p>\n<p>Le statut de parc national ne r\u00e9sout pas \u00e0 lui seul ces probl\u00e8mes. Il s&#39;agit d&#39;un outil de conservation et non d&#39;un syst\u00e8me de gestion des visiteurs.<\/p>\n<p>Cependant, cela complique la t\u00e2che du d\u00e9veloppement commercial \u00e0 grande \u00e9chelle visant \u00e0 remodeler les paysages les plus sensibles. En ce sens, Lofotodden agit comme une police d\u2019assurance \u00e0 long terme. Les montagnes et les c\u00f4tes \u00e0 l\u2019int\u00e9rieur de ses fronti\u00e8res sont beaucoup moins susceptibles de conna\u00eetre \u00e0 l\u2019avenir des constructions majeures, un d\u00e9veloppement de stations baln\u00e9aires ou une activit\u00e9 industrielle.<\/p>\n<p>Cela compte dans une r\u00e9gion o\u00f9 le paysage lui-m\u00eame est la principale attraction.<\/p>\n<h2 class=\"wp-block-heading\">Combien de parcs nationaux la Norv\u00e8ge poss\u00e8de-t-elle ?<\/h2>\n<p>Lofotodden est aujourd&#39;hui l&#39;un des 48 parcs nationaux de Norv\u00e8ge. La majorit\u00e9 est situ\u00e9e sur le continent, avec plusieurs autres au Svalbard.<\/p>\n<p>Au total, environ 10 pour cent de la Norv\u00e8ge continentale est prot\u00e9g\u00e9e en tant que parc national. Ces zones sont pr\u00e9serv\u00e9es pour les g\u00e9n\u00e9rations futures, mais ce ne sont pas des mus\u00e9es de nature sauvage. La randonn\u00e9e, la p\u00eache, la chasse et les activit\u00e9s de plein air traditionnelles sont autoris\u00e9es \u00e0 condition qu&#39;elles ne nuisent pas \u00e0 l&#39;environnement.<\/p>\n<p>Cela refl\u00e8te la philosophie plus large du \u00ab\u00a0friluftsliv\u00a0\u00bb de la Norv\u00e8ge\u00a0: acc\u00e8s et protection coexistent.<\/p>\n<h2 class=\"wp-block-heading\">Visiter le parc national des Lofotodden<\/h2>\n<p>Le parc national des Lofotodden est gratuit et ouvert toute l&#39;ann\u00e9e, mais les conditions varient consid\u00e9rablement selon la saison.<\/p>\n<figure class=\"wp-block-image size-large\"><img loading=\"lazy\" data-lazyloaded=\"1\" data-placeholder-resp=\"768x432\" decoding=\"async\" width=\"768\" height=\"432\" src=\"https:\/\/www.svalbard.fr\/actualites\/wp-content\/uploads\/2026\/02\/1771512966_69_Parc-national-des-Lofotodden-ce-que-cela-signifie-pour-les.jpg\" alt=\"Le cadre spectaculaire de Reine, juste \u00e0 l&#39;ext\u00e9rieur du parc national des Lofotodden.\" class=\"wp-image-85519\"  data-><noscript><img loading=\"lazy\" decoding=\"async\" width=\"768\" height=\"432\" src=\"https:\/\/www.svalbard.fr\/actualites\/wp-content\/uploads\/2026\/02\/1771512966_69_Parc-national-des-Lofotodden-ce-que-cela-signifie-pour-les.jpg\" alt=\"Le cadre spectaculaire de Reine, juste \u00e0 l&#39;ext\u00e9rieur du parc national des Lofotodden.\" class=\"wp-image-85519\"  ><\/noscript><\/figure>\n<p>Il n&#39;y a pas de portes d&#39;entr\u00e9e ni de centres de visiteurs marquant une limite claire. Au contraire, le parc se fond dans le paysage environnant. La plupart des gens y acc\u00e8dent via des sentiers pr\u00e8s de Reine, S\u00f8rv\u00e5gen, Fredvang et d&#39;autres petites communaut\u00e9s de Moskenes et Flakstad.<\/p>\n<p>Certaines des randonn\u00e9es les plus populaires dans et autour du parc comprennent des itin\u00e9raires vers les plages de Bunes et de Kvalvika, ainsi que des promenades spectaculaires sur les cr\u00eates offrant une vue sur la mer de Norv\u00e8ge. Les sentiers peuvent \u00eatre raides, rocheux et expos\u00e9s. M\u00eame en \u00e9t\u00e9, le temps peut changer rapidement.<\/p>\n<p>Les visites hivernales sont possibles mais n\u00e9cessitent de l&#39;exp\u00e9rience. La glace, la neige et les heures de clart\u00e9 limit\u00e9es rendent de nombreux itin\u00e9raires difficiles. Cependant, en dehors de la haute saison estivale, vous pouvez trouver de longues \u00e9tendues de sentiers enti\u00e8rement r\u00e9serv\u00e9es \u00e0 vous-m\u00eame.<\/p>\n<p>Il n&#39;y a pas d&#39;installations \u00e0 grande \u00e9chelle dans le parc, mais il y a un centre d&#39;accueil \u00e0 Reine.<\/p>\n<p>Apportez tout ce dont vous avez besoin, y compris de l&#39;eau, et emportez tous les d\u00e9chets avec vous. Le camping sauvage est autoris\u00e9 par les r\u00e8gles norv\u00e9giennes en mati\u00e8re de droit de se d\u00e9placer, mais les campeurs doivent respecter les exigences de distance par rapport aux maisons et aux terres agricoles.<\/p>\n<p>Le stationnement peut \u00eatre limit\u00e9 aux points de d\u00e9part des sentiers populaires en \u00e9t\u00e9. Si vous voyagez en camping-car, utilisez les zones de stationnement d\u00e9sign\u00e9es et \u00e9vitez de bloquer les routes \u00e9troites du village.<\/p>\n<p>N\u2019oubliez surtout pas qu\u2019il s\u2019agit d\u2019un paysage en activit\u00e9 et prot\u00e9g\u00e9. Les bateaux de p\u00eache op\u00e8rent toujours \u00e0 partir des ports voisins et les petites communaut\u00e9s fonctionnent toute l&#39;ann\u00e9e. Un peu de consid\u00e9ration va tr\u00e8s loin.<\/p>\n<h2 class=\"wp-block-heading\">Alors, \u00e9tait-ce la bonne d\u00e9cision ?<\/h2>\n<p>Cela d\u00e9pend \u00e0 qui vous demandez.<\/p>\n<p>Pour les d\u00e9fenseurs de l\u2019environnement, la r\u00e9ponse est presque certainement oui. Le paysage ext\u00e9rieur des Lofoten est unique en Norv\u00e8ge, tant g\u00e9ologiquement que visuellement. La protection formelle garantit que le caract\u00e8re unique ne peut pas \u00eatre facilement compromis.<\/p>\n<p>Pour certains locaux, le scepticisme n\u2019a jamais compl\u00e8tement disparu. Le tourisme s\u2019est d\u00e9velopp\u00e9 quel que soit le statut du parc, et les pressions qui en d\u00e9coulent restent bien r\u00e9elles.<\/p>\n<p>Pourtant, pr\u00e8s d\u2019une d\u00e9cennie plus tard, le parc national des Lofotodden ne ressemble plus \u00e0 un foyer politique. Cela semble \u00e9tabli. Normale. Une partie du paysage administratif.<\/p>\n<p>Et c\u2019est peut-\u00eatre le signe le plus clair de tous. Les parcs nationaux norv\u00e9giens ont tendance \u00e0 passer au second plan une fois cr\u00e9\u00e9s. Ils fa\u00e7onnent discr\u00e8tement les d\u00e9cisions \u00e0 long terme sans dominer la vie quotidienne.<\/p>\n<p>Aux Lofoten, o\u00f9 les montagnes s&#39;\u00e9l\u00e8vent brusquement de la mer et o\u00f9 le temps change sans avertissement, cette protection silencieuse peut s&#39;av\u00e9rer plus importante d&#39;ann\u00e9e en ann\u00e9e.<\/p>\n<\/p><\/div>\n","protected":false},"excerpt":{"rendered":"<p>Le plus jeune parc national continental de Norv\u00e8ge a \u00e9t\u00e9 controvers\u00e9 lors de sa cr\u00e9ation. Des ann\u00e9es plus tard, quelque chose a-t-il vraiment chang\u00e9 ?<\/p>\n","protected":false},"author":1,"featured_media":5275,"comment_status":"","ping_status":"","sticky":false,"template":"","format":"standard","meta":{"footnotes":""},"categories":[2277],"tags":[1052,282,8,3,1028,5727,502,501,150,283],"yoast_head":"<!-- This site is optimized with the Yoast SEO plugin v21.0 - https:\/\/yoast.com\/wordpress\/plugins\/seo\/ -->\n<title>Parc national des Lofotodden\u00a0: ce que cela signifie pour les Lofoten aujourd&#039;hui<\/title>\n<meta name=\"robots\" content=\"index, follow, max-snippet:-1, max-image-preview:large, max-video-preview:-1\" \/>\n<link rel=\"canonical\" href=\"https:\/\/www.svalbard.fr\/actualites\/parc-national-des-lofotodden-ce-que-cela-signifie-pour-les-lofoten-aujourdhui\/\" \/>\n<meta property=\"og:locale\" content=\"fr_FR\" \/>\n<meta property=\"og:type\" content=\"article\" \/>\n<meta property=\"og:title\" content=\"Parc national des Lofotodden\u00a0: ce que cela signifie pour les Lofoten aujourd&#039;hui\" \/>\n<meta property=\"og:description\" content=\"Le plus jeune parc national continental de Norv\u00e8ge a \u00e9t\u00e9 controvers\u00e9 lors de sa cr\u00e9ation. Des ann\u00e9es plus tard, quelque chose a-t-il vraiment chang\u00e9 ?\" \/>\n<meta property=\"og:url\" content=\"https:\/\/www.svalbard.fr\/actualites\/parc-national-des-lofotodden-ce-que-cela-signifie-pour-les-lofoten-aujourdhui\/\" \/>\n<meta property=\"og:site_name\" content=\"www.Svalbard.fr\" \/>\n<meta property=\"article:published_time\" content=\"2026-02-19T14:56:06+00:00\" \/>\n<meta property=\"og:image\" content=\"https:\/\/www.svalbard.fr\/actualites\/wp-content\/uploads\/2026\/02\/Parc-national-des-Lofotodden-ce-que-cela-signifie-pour-les.jpg\" \/>\n<meta name=\"author\" content=\"Hilmar\" \/>\n<meta name=\"twitter:card\" content=\"summary_large_image\" \/>\n<meta name=\"twitter:label1\" content=\"\u00c9crit par\" \/>\n\t<meta name=\"twitter:data1\" content=\"Hilmar\" \/>\n\t<meta name=\"twitter:label2\" content=\"Dur\u00e9e de lecture estim\u00e9e\" \/>\n\t<meta name=\"twitter:data2\" content=\"8 minutes\" \/>\n<script type=\"application\/ld+json\" class=\"yoast-schema-graph\">{\"@context\":\"https:\/\/schema.org\",\"@graph\":[{\"@type\":\"Article\",\"@id\":\"https:\/\/www.svalbard.fr\/actualites\/parc-national-des-lofotodden-ce-que-cela-signifie-pour-les-lofoten-aujourdhui\/#article\",\"isPartOf\":{\"@id\":\"https:\/\/www.svalbard.fr\/actualites\/parc-national-des-lofotodden-ce-que-cela-signifie-pour-les-lofoten-aujourdhui\/\"},\"author\":{\"name\":\"Hilmar\",\"@id\":\"https:\/\/www.svalbard.fr\/actualites\/#\/schema\/person\/a2f937d5712222366738fae98755c600\"},\"headline\":\"Parc national des Lofotodden\u00a0: ce que cela signifie pour les Lofoten aujourd&#39;hui\",\"datePublished\":\"2026-02-19T14:56:06+00:00\",\"dateModified\":\"2026-02-19T14:56:06+00:00\",\"mainEntityOfPage\":{\"@id\":\"https:\/\/www.svalbard.fr\/actualites\/parc-national-des-lofotodden-ce-que-cela-signifie-pour-les-lofoten-aujourdhui\/\"},\"wordCount\":1635,\"publisher\":{\"@id\":\"https:\/\/www.svalbard.fr\/actualites\/#organization\"},\"keywords\":[\"aujourd39hui\",\"cela\",\"des\",\"Les\",\"Lofoten\",\"Lofotodden\",\"national\",\"parc\",\"pour\",\"signifie\"],\"inLanguage\":\"fr-FR\"},{\"@type\":\"WebPage\",\"@id\":\"https:\/\/www.svalbard.fr\/actualites\/parc-national-des-lofotodden-ce-que-cela-signifie-pour-les-lofoten-aujourdhui\/\",\"url\":\"https:\/\/www.svalbard.fr\/actualites\/parc-national-des-lofotodden-ce-que-cela-signifie-pour-les-lofoten-aujourdhui\/\",\"name\":\"Parc national des Lofotodden\u00a0: ce que cela signifie pour les Lofoten aujourd&#39;hui\",\"isPartOf\":{\"@id\":\"https:\/\/www.svalbard.fr\/actualites\/#website\"},\"datePublished\":\"2026-02-19T14:56:06+00:00\",\"dateModified\":\"2026-02-19T14:56:06+00:00\",\"breadcrumb\":{\"@id\":\"https:\/\/www.svalbard.fr\/actualites\/parc-national-des-lofotodden-ce-que-cela-signifie-pour-les-lofoten-aujourdhui\/#breadcrumb\"},\"inLanguage\":\"fr-FR\",\"potentialAction\":[{\"@type\":\"ReadAction\",\"target\":[\"https:\/\/www.svalbard.fr\/actualites\/parc-national-des-lofotodden-ce-que-cela-signifie-pour-les-lofoten-aujourdhui\/\"]}]},{\"@type\":\"BreadcrumbList\",\"@id\":\"https:\/\/www.svalbard.fr\/actualites\/parc-national-des-lofotodden-ce-que-cela-signifie-pour-les-lofoten-aujourdhui\/#breadcrumb\",\"itemListElement\":[{\"@type\":\"ListItem\",\"position\":1,\"name\":\"Accueil\",\"item\":\"https:\/\/www.svalbard.fr\/actualites\/\"},{\"@type\":\"ListItem\",\"position\":2,\"name\":\"Parc national des Lofotodden\u00a0: ce que cela signifie pour les Lofoten aujourd&#39;hui\"}]},{\"@type\":\"WebSite\",\"@id\":\"https:\/\/www.svalbard.fr\/actualites\/#website\",\"url\":\"https:\/\/www.svalbard.fr\/actualites\/\",\"name\":\"www.Svalbard.fr\",\"description\":\"\",\"publisher\":{\"@id\":\"https:\/\/www.svalbard.fr\/actualites\/#organization\"},\"potentialAction\":[{\"@type\":\"SearchAction\",\"target\":{\"@type\":\"EntryPoint\",\"urlTemplate\":\"https:\/\/www.svalbard.fr\/actualites\/?s={search_term_string}\"},\"query-input\":\"required name=search_term_string\"}],\"inLanguage\":\"fr-FR\"},{\"@type\":\"Organization\",\"@id\":\"https:\/\/www.svalbard.fr\/actualites\/#organization\",\"name\":\"www.Svalbard.fr\",\"url\":\"https:\/\/www.svalbard.fr\/actualites\/\",\"logo\":{\"@type\":\"ImageObject\",\"inLanguage\":\"fr-FR\",\"@id\":\"https:\/\/www.svalbard.fr\/actualites\/#\/schema\/logo\/image\/\",\"url\":\"https:\/\/www.svalbard.fr\/actualites\/wp-content\/uploads\/2023\/09\/head-nom.jpg\",\"contentUrl\":\"https:\/\/www.svalbard.fr\/actualites\/wp-content\/uploads\/2023\/09\/head-nom.jpg\",\"width\":264,\"height\":35,\"caption\":\"www.Svalbard.fr\"},\"image\":{\"@id\":\"https:\/\/www.svalbard.fr\/actualites\/#\/schema\/logo\/image\/\"}},{\"@type\":\"Person\",\"@id\":\"https:\/\/www.svalbard.fr\/actualites\/#\/schema\/person\/a2f937d5712222366738fae98755c600\",\"name\":\"Hilmar\",\"image\":{\"@type\":\"ImageObject\",\"inLanguage\":\"fr-FR\",\"@id\":\"https:\/\/www.svalbard.fr\/actualites\/#\/schema\/person\/image\/\",\"url\":\"https:\/\/secure.gravatar.com\/avatar\/4daa437093476dbc32da415c112b6512?s=96&d=mm&r=g\",\"contentUrl\":\"https:\/\/secure.gravatar.com\/avatar\/4daa437093476dbc32da415c112b6512?s=96&d=mm&r=g\",\"caption\":\"Hilmar\"},\"description\":\"Hilmar est un passionn\u00e9 des r\u00e9gions polaires, sp\u00e9cialis\u00e9 dans la r\u00e9daction d'articles sur le Spitzberg et autres destinations arctiques. Il apporte son expertise et sa passion pour l'Arctique au sein de l'\u00e9quipe de r\u00e9daction de Svalbard depuis de nombreuses ann\u00e9es.\",\"sameAs\":[\"https:\/\/www.svalbard.fr\/\"]}]}<\/script>\n<!-- \/ Yoast SEO plugin. -->","yoast_head_json":{"title":"Parc national des Lofotodden\u00a0: ce que cela signifie pour les Lofoten aujourd&#39;hui","robots":{"index":"index","follow":"follow","max-snippet":"max-snippet:-1","max-image-preview":"max-image-preview:large","max-video-preview":"max-video-preview:-1"},"canonical":"https:\/\/www.svalbard.fr\/actualites\/parc-national-des-lofotodden-ce-que-cela-signifie-pour-les-lofoten-aujourdhui\/","og_locale":"fr_FR","og_type":"article","og_title":"Parc national des Lofotodden\u00a0: ce que cela signifie pour les Lofoten aujourd&#39;hui","og_description":"Le plus jeune parc national continental de Norv\u00e8ge a \u00e9t\u00e9 controvers\u00e9 lors de sa cr\u00e9ation. Des ann\u00e9es plus tard, quelque chose a-t-il vraiment chang\u00e9 ?","og_url":"https:\/\/www.svalbard.fr\/actualites\/parc-national-des-lofotodden-ce-que-cela-signifie-pour-les-lofoten-aujourdhui\/","og_site_name":"www.Svalbard.fr","article_published_time":"2026-02-19T14:56:06+00:00","og_image":[{"url":"https:\/\/www.svalbard.fr\/actualites\/wp-content\/uploads\/2026\/02\/Parc-national-des-Lofotodden-ce-que-cela-signifie-pour-les.jpg"}],"author":"Hilmar","twitter_card":"summary_large_image","twitter_misc":{"\u00c9crit par":"Hilmar","Dur\u00e9e de lecture estim\u00e9e":"8 minutes"},"schema":{"@context":"https:\/\/schema.org","@graph":[{"@type":"Article","@id":"https:\/\/www.svalbard.fr\/actualites\/parc-national-des-lofotodden-ce-que-cela-signifie-pour-les-lofoten-aujourdhui\/#article","isPartOf":{"@id":"https:\/\/www.svalbard.fr\/actualites\/parc-national-des-lofotodden-ce-que-cela-signifie-pour-les-lofoten-aujourdhui\/"},"author":{"name":"Hilmar","@id":"https:\/\/www.svalbard.fr\/actualites\/#\/schema\/person\/a2f937d5712222366738fae98755c600"},"headline":"Parc national des Lofotodden\u00a0: ce que cela signifie pour les Lofoten aujourd&#39;hui","datePublished":"2026-02-19T14:56:06+00:00","dateModified":"2026-02-19T14:56:06+00:00","mainEntityOfPage":{"@id":"https:\/\/www.svalbard.fr\/actualites\/parc-national-des-lofotodden-ce-que-cela-signifie-pour-les-lofoten-aujourdhui\/"},"wordCount":1635,"publisher":{"@id":"https:\/\/www.svalbard.fr\/actualites\/#organization"},"keywords":["aujourd39hui","cela","des","Les","Lofoten","Lofotodden","national","parc","pour","signifie"],"inLanguage":"fr-FR"},{"@type":"WebPage","@id":"https:\/\/www.svalbard.fr\/actualites\/parc-national-des-lofotodden-ce-que-cela-signifie-pour-les-lofoten-aujourdhui\/","url":"https:\/\/www.svalbard.fr\/actualites\/parc-national-des-lofotodden-ce-que-cela-signifie-pour-les-lofoten-aujourdhui\/","name":"Parc national des Lofotodden\u00a0: ce que cela signifie pour les Lofoten aujourd&#39;hui","isPartOf":{"@id":"https:\/\/www.svalbard.fr\/actualites\/#website"},"datePublished":"2026-02-19T14:56:06+00:00","dateModified":"2026-02-19T14:56:06+00:00","breadcrumb":{"@id":"https:\/\/www.svalbard.fr\/actualites\/parc-national-des-lofotodden-ce-que-cela-signifie-pour-les-lofoten-aujourdhui\/#breadcrumb"},"inLanguage":"fr-FR","potentialAction":[{"@type":"ReadAction","target":["https:\/\/www.svalbard.fr\/actualites\/parc-national-des-lofotodden-ce-que-cela-signifie-pour-les-lofoten-aujourdhui\/"]}]},{"@type":"BreadcrumbList","@id":"https:\/\/www.svalbard.fr\/actualites\/parc-national-des-lofotodden-ce-que-cela-signifie-pour-les-lofoten-aujourdhui\/#breadcrumb","itemListElement":[{"@type":"ListItem","position":1,"name":"Accueil","item":"https:\/\/www.svalbard.fr\/actualites\/"},{"@type":"ListItem","position":2,"name":"Parc national des Lofotodden\u00a0: ce que cela signifie pour les Lofoten aujourd&#39;hui"}]},{"@type":"WebSite","@id":"https:\/\/www.svalbard.fr\/actualites\/#website","url":"https:\/\/www.svalbard.fr\/actualites\/","name":"www.Svalbard.fr","description":"","publisher":{"@id":"https:\/\/www.svalbard.fr\/actualites\/#organization"},"potentialAction":[{"@type":"SearchAction","target":{"@type":"EntryPoint","urlTemplate":"https:\/\/www.svalbard.fr\/actualites\/?s={search_term_string}"},"query-input":"required name=search_term_string"}],"inLanguage":"fr-FR"},{"@type":"Organization","@id":"https:\/\/www.svalbard.fr\/actualites\/#organization","name":"www.Svalbard.fr","url":"https:\/\/www.svalbard.fr\/actualites\/","logo":{"@type":"ImageObject","inLanguage":"fr-FR","@id":"https:\/\/www.svalbard.fr\/actualites\/#\/schema\/logo\/image\/","url":"https:\/\/www.svalbard.fr\/actualites\/wp-content\/uploads\/2023\/09\/head-nom.jpg","contentUrl":"https:\/\/www.svalbard.fr\/actualites\/wp-content\/uploads\/2023\/09\/head-nom.jpg","width":264,"height":35,"caption":"www.Svalbard.fr"},"image":{"@id":"https:\/\/www.svalbard.fr\/actualites\/#\/schema\/logo\/image\/"}},{"@type":"Person","@id":"https:\/\/www.svalbard.fr\/actualites\/#\/schema\/person\/a2f937d5712222366738fae98755c600","name":"Hilmar","image":{"@type":"ImageObject","inLanguage":"fr-FR","@id":"https:\/\/www.svalbard.fr\/actualites\/#\/schema\/person\/image\/","url":"https:\/\/secure.gravatar.com\/avatar\/4daa437093476dbc32da415c112b6512?s=96&d=mm&r=g","contentUrl":"https:\/\/secure.gravatar.com\/avatar\/4daa437093476dbc32da415c112b6512?s=96&d=mm&r=g","caption":"Hilmar"},"description":"Hilmar est un passionn\u00e9 des r\u00e9gions polaires, sp\u00e9cialis\u00e9 dans la r\u00e9daction d'articles sur le Spitzberg et autres destinations arctiques. Il apporte son expertise et sa passion pour l'Arctique au sein de l'\u00e9quipe de r\u00e9daction de Svalbard depuis de nombreuses ann\u00e9es.","sameAs":["https:\/\/www.svalbard.fr\/"]}]}},"_links":{"self":[{"href":"https:\/\/www.svalbard.fr\/actualites\/wp-json\/wp\/v2\/posts\/5274"}],"collection":[{"href":"https:\/\/www.svalbard.fr\/actualites\/wp-json\/wp\/v2\/posts"}],"about":[{"href":"https:\/\/www.svalbard.fr\/actualites\/wp-json\/wp\/v2\/types\/post"}],"author":[{"embeddable":true,"href":"https:\/\/www.svalbard.fr\/actualites\/wp-json\/wp\/v2\/users\/1"}],"replies":[{"embeddable":true,"href":"https:\/\/www.svalbard.fr\/actualites\/wp-json\/wp\/v2\/comments?post=5274"}],"version-history":[{"count":0,"href":"https:\/\/www.svalbard.fr\/actualites\/wp-json\/wp\/v2\/posts\/5274\/revisions"}],"wp:featuredmedia":[{"embeddable":true,"href":"https:\/\/www.svalbard.fr\/actualites\/wp-json\/wp\/v2\/media\/5275"}],"wp:attachment":[{"href":"https:\/\/www.svalbard.fr\/actualites\/wp-json\/wp\/v2\/media?parent=5274"}],"wp:term":[{"taxonomy":"category","embeddable":true,"href":"https:\/\/www.svalbard.fr\/actualites\/wp-json\/wp\/v2\/categories?post=5274"},{"taxonomy":"post_tag","embeddable":true,"href":"https:\/\/www.svalbard.fr\/actualites\/wp-json\/wp\/v2\/tags?post=5274"}],"curies":[{"name":"wp","href":"https:\/\/api.w.org\/{rel}","templated":true}]}}