{"id":5284,"date":"2026-02-21T15:56:23","date_gmt":"2026-02-21T14:56:23","guid":{"rendered":"https:\/\/www.svalbard.fr\/actualites\/lascension-feerique-de-bodo-glimt\/"},"modified":"2026-02-21T15:56:23","modified_gmt":"2026-02-21T14:56:23","slug":"lascension-feerique-de-bodo-glimt","status":"publish","type":"post","link":"https:\/\/www.svalbard.fr\/actualites\/lascension-feerique-de-bodo-glimt\/","title":{"rendered":"L&#39;ascension f\u00e9erique de Bod\u00f8\/Glimt"},"content":{"rendered":"<div itemprop=\"text\">\n\t\t\t<span id=\"dpsp-post-content-markup\" data-image-pin-it=\"false\"><\/span><\/p>\n<p class=\"intro\">Comment ce petit club arctique norv\u00e9gien a ma\u00eetris\u00e9 l&#39;art de faire les choses diff\u00e9remment \u00e0 l&#39;\u00e8re du football moderne, marqu\u00e9 par la richesse souveraine et les superclubs.<\/p>\n<p>Je me souviens encore d&#39;avoir jou\u00e9 \u00e0 Aspmyra le 13 mars 2016 pour Bod\u00f8\/Glimt contre Sogndal. C&#39;\u00e9tait le week-end d&#39;ouverture de la saison de championnat. Glimt a gagn\u00e9 2-0. Un d\u00e9but solide, une ambiance conviviale.<\/p>\n<figure class=\"wp-block-image size-large\"><img data-lazyloaded=\"1\" data-placeholder-resp=\"768x432\" fetchpriority=\"high\" decoding=\"async\" width=\"768\" height=\"432\" src=\"https:\/\/www.svalbard.fr\/actualites\/wp-content\/uploads\/2026\/02\/L39ascension-feerique-de-BodoGlimt.jpg\" alt=\"Match au stade Aspmyra de Bod\u00f8. Photo : David Nikel.\" class=\"wp-image-85539\"  data-><noscript><img fetchpriority=\"high\" decoding=\"async\" width=\"768\" height=\"432\" src=\"https:\/\/www.svalbard.fr\/actualites\/wp-content\/uploads\/2026\/02\/L39ascension-feerique-de-BodoGlimt.jpg\" alt=\"Match au stade Aspmyra de Bod\u00f8. Photo : David Nikel.\" class=\"wp-image-85539\"  ><\/noscript><\/figure>\n<p>Si vous vous \u00e9tiez pench\u00e9 vers moi cet apr\u00e8s-midi et m&#39;aviez dit : \u00ab Dans moins de dix ans, ce club battra Manchester City, l&#39;Atl\u00e9tico de Madrid et l&#39;Inter Milan en Ligue des Champions en l&#39;espace de quelques semaines \u00bb, je n&#39;aurais pas simplement ri. J&#39;aurais rugi.<\/p>\n<p>Pourtant, nous y sommes. Une victoire 3-1 a donn\u00e9 \u00e0 Glimt une v\u00e9ritable chance de se qualifier pour les huiti\u00e8mes de finale de l&#39;UEFA Champions League.<\/p>\n<p>En tant que supporter de V\u00e5lerenga, j\u2019ai vu cette progression avec autant de frustration, de jalousie et d\u2019admiration. Je les ai vus d\u00e9manteler mon \u00e9quipe plus de fois que je ne voudrais le compter.<\/p>\n<p>Et pourtant, je me souviens aussi de notre victoire 6-0 \u00e0 Valle et de cette victoire fin 2025 qui a finalement co\u00fbt\u00e9 le titre de champion \u00e0 Glimt. Le football norv\u00e9gien a une longue m\u00e9moire et, comme tous les fans, j&#39;adore m&#39;accrocher \u00e0 des pailles !<\/p>\n<p>Mais dans un monde du football de plus en plus domin\u00e9 par les richesses souveraines, les propri\u00e9taires milliardaires et les empires multiclubs, la question la plus int\u00e9ressante est la suivante :<\/p>\n<p>Comment un club relativement petit du nord du cercle polaire arctique a-t-il r\u00e9ussi \u00e0 construire quelque chose d&#39;aussi formidable ?<\/p>\n<h2 class=\"wp-block-heading\">La rel\u00e9gation de 2016 qui a tout chang\u00e9<\/h2>\n<p>La r\u00e9ponse ne commence pas avec Manchester City. Cela commence par un \u00e9chec.<\/p>\n<figure class=\"wp-block-image size-large\"><img loading=\"lazy\" data-lazyloaded=\"1\" data-placeholder-resp=\"768x576\" decoding=\"async\" width=\"768\" height=\"576\" src=\"https:\/\/www.svalbard.fr\/actualites\/wp-content\/uploads\/2026\/02\/1771685783_361_L39ascension-feerique-de-BodoGlimt.jpg\" alt=\"Bod\u00f8\/Glimt contre Sogndal en mars 2016. Photo : David Nikel.\" class=\"wp-image-85537\"  data-><noscript><img loading=\"lazy\" decoding=\"async\" width=\"768\" height=\"576\" src=\"https:\/\/www.svalbard.fr\/actualites\/wp-content\/uploads\/2026\/02\/1771685783_361_L39ascension-feerique-de-BodoGlimt.jpg\" alt=\"Bod\u00f8\/Glimt contre Sogndal en mars 2016. Photo : David Nikel.\" class=\"wp-image-85537\"  ><\/noscript><\/figure>\n<p>Plus tard en 2016, Bod\u00f8\/Glimt ont \u00e9t\u00e9 rel\u00e9gu\u00e9s de l&#39;Eliteserien, la Premier League norv\u00e9gienne. Pour de nombreux clubs, la rel\u00e9gation d\u00e9clenche la panique : recrutements pr\u00e9cipit\u00e9s, r\u00e9flexion \u00e0 court terme, porte tournante des managers. Au lieu de cela, Glimt l&#39;a utilis\u00e9 comme r\u00e9initialisation.<\/p>\n<p>Le club s&#39;est engag\u00e9 dans un projet sportif \u00e0 long terme. Ils ont align\u00e9 le recrutement, l\u2019entra\u00eenement et le d\u00e9veloppement des joueurs autour d\u2019une identit\u00e9 clairement d\u00e9finie. Le langage qui appara\u00eet \u00e0 plusieurs reprises dans les reportages norv\u00e9giens est \u00ab stein p\u00e5 stein \u00bb \u2013 pierre par pierre. Ce n\u2019\u00e9tait pas une saison miracle. Il s&#39;agissait de travaux de construction.<\/p>\n<p>La promotion est arriv\u00e9e rapidement. Le titre de champion en 2020, le premier du club, a suivi. Mais les fondations ont \u00e9t\u00e9 pos\u00e9es l\u2019ann\u00e9e o\u00f9 elles ont \u00e9t\u00e9 d\u00e9truites, et non l\u2019ann\u00e9e o\u00f9 elles ont soulev\u00e9 l\u2019argenterie.<\/p>\n<h2 class=\"wp-block-heading\">Une identit\u00e9 claire, appliqu\u00e9e sans rel\u00e2che<\/h2>\n<p>Sous la direction de l&#39;entra\u00eeneur-chef Kjetil Knutsen, Bod\u00f8\/Glimt a d\u00e9velopp\u00e9 l&#39;une des identit\u00e9s footballistiques les plus claires de Scandinavie.<\/p>\n<p>Rythme \u00e9lev\u00e9. Pressing agressif. Transitions rapides. Des joueurs larges qui \u00e9tirent le terrain. Les milieux de terrain sont entra\u00een\u00e9s \u00e0 comprendre les distances et les mouvements.<\/p>\n<p>Ce qui le rend remarquable, ce n\u2019est pas seulement son efficacit\u00e9, mais aussi l\u2019obstination avec laquelle il est appliqu\u00e9. Glimt ne change pas radicalement de personnalit\u00e9 en fonction de l&#39;adversaire. Ils peaufinent. Ils adaptent les d\u00e9tails. Mais le noyau demeure.<\/p>\n<p>Cette coh\u00e9rence signifie que de nouveaux acteurs entrent dans un syst\u00e8me plut\u00f4t que d\u2019\u00eatre invit\u00e9s \u00e0 en inventer un. Cela signifie \u00e9galement que les adversaires seront confront\u00e9s \u00e0 la m\u00eame intensit\u00e9, qu&#39;ils viennent de Troms\u00f8 ou de Turin.<\/p>\n<p>Un \u00e9l\u00e9ment cl\u00e9 du succ\u00e8s de Glimt au-del\u00e0 d&#39;une seule saison est la fa\u00e7on dont ils ont r\u00e9ussi \u00e0 conserver Kjetil Knutsen, malgr\u00e9 l&#39;int\u00e9r\u00eat de grands clubs \u00e9trangers comme le Celtic. Cette coh\u00e9rence a \u00e9t\u00e9 essentielle.<\/p>\n<h2 class=\"wp-block-heading\">Vendre des \u00e9toiles sans vendre l&#39;\u00e2me<\/h2>\n<p>Autrefois, l\u2019hypoth\u00e8se r\u00e9pandue dans le football norv\u00e9gien \u00e9tait que le succ\u00e8s serait in\u00e9vitablement suivi d\u2019un effondrement. Vendez vos meilleurs joueurs et le mod\u00e8le s\u2019effondre. Glimt a r\u00e9fut\u00e9 \u00e0 plusieurs reprises cette th\u00e9orie.<\/p>\n<figure class=\"wp-block-image size-full\"><img loading=\"lazy\" data-lazyloaded=\"1\" data-placeholder-resp=\"900x1200\" decoding=\"async\" width=\"900\" height=\"1200\" src=\"https:\/\/www.svalbard.fr\/actualites\/wp-content\/uploads\/2026\/02\/1771685783_51_L39ascension-feerique-de-BodoGlimt.jpg\" alt=\"Grande photo de Patrick Berg \u00e0 l&#39;ext\u00e9rieur du stade Aspmyra de Bod\u00f8\/Glimt. Photo : David Nikel.\" class=\"wp-image-85540\"  data-><noscript><img loading=\"lazy\" decoding=\"async\" width=\"900\" height=\"1200\" src=\"https:\/\/www.svalbard.fr\/actualites\/wp-content\/uploads\/2026\/02\/1771685783_51_L39ascension-feerique-de-BodoGlimt.jpg\" alt=\"Grande photo de Patrick Berg \u00e0 l&#39;ext\u00e9rieur du stade Aspmyra de Bod\u00f8\/Glimt. Photo : David Nikel.\" class=\"wp-image-85540\"  ><\/noscript><\/figure>\n<p>Des personnalit\u00e9s cl\u00e9s sont parties vers des ligues plus importantes. Pourtant l\u2019\u00e9quipe continue de fonctionner. C\u2019est parce que le recrutement est une priorit\u00e9 syst\u00e8me. Le club recherche des joueurs qui r\u00e9pondent aux exigences physiques et tactiques du mod\u00e8le. La clart\u00e9 des r\u00f4les compte plus que la r\u00e9putation.<\/p>\n<p>Le fait que le mod\u00e8le fonctionne est \u00e9vident pour les acteurs qui en sont sortis. Un certain nombre d&#39;entre eux sont partis pour des ligues plus importantes, n&#39;ont pas r\u00e9ussi \u00e0 reproduire leur forme, puis sont retourn\u00e9s \u00e0 Glimt et ont prosp\u00e9r\u00e9 \u00e0 nouveau. Patrick Berg, Jens Petter Hauge et H\u00e5kon Evjen offrent des exemples parlants.<\/p>\n<h2 class=\"wp-block-heading\">L\u2019Europe a chang\u00e9 la confiance en soi<\/h2>\n<p>Les nuits europ\u00e9ennes ont tout acc\u00e9l\u00e9r\u00e9.<\/p>\n<p>La victoire 6-1 contre la Roma en 2021 a \u00e9t\u00e9 le premier moment o\u00f9 le . Mais ce qui a suivi depuis a \u00e9t\u00e9 plus important que ce simple choc.<\/p>\n<p>Les phases de groupes europ\u00e9ennes r\u00e9guli\u00e8res ont apport\u00e9 de l&#39;exp\u00e9rience. L\u2019exp\u00e9rience a apport\u00e9 le calme. Les r\u00e9compenses en argent ont apport\u00e9 la stabilit\u00e9 financi\u00e8re et de meilleures infrastructures. De meilleures infrastructures soutiennent le mod\u00e8le sportif. C\u2019est devenu une boucle de r\u00e9troaction.<\/p>\n<p>Au moment o\u00f9 Glimt est entr\u00e9 sur le terrain contre Manchester City en Ligue des champions, ils n\u2019\u00e9taient pas des outsiders aux yeux \u00e9carquill\u00e9s. C\u2019\u00e9tait une \u00e9quipe habitu\u00e9e \u00e0 se tester contre une opposition d\u2019\u00e9lite.<\/p>\n<p>Battre l&#39;Atl\u00e9tico Madrid \u00e0 l&#39;ext\u00e9rieur a mis fin au r\u00e9cit paresseux selon lequel Glimt n&#39;est dangereux que sur le gazon artificiel d&#39;Aspmyra. Battre l&#39;Inter, finaliste de l&#39;ann\u00e9e derni\u00e8re, \u00e0 domicile pour organiser ce qui sera s\u00fbrement un match retour dramatique a d\u00e9montr\u00e9 autre chose : c&#39;est d\u00e9sormais un club qui esp\u00e8re \u00eatre comp\u00e9titif.<\/p>\n<h2 class=\"wp-block-heading\">Aspmyra et le facteur arctique<\/h2>\n<p>Il serait na\u00eff de pr\u00e9tendre que la g\u00e9ographie ne joue aucun r\u00f4le. Aspmyra est compacte. La foule est proche. Le climat arctique peut \u00eatre impitoyable. Les \u00e9quipes visiteurs ne sont pas toujours \u00e0 l\u2019aise.<\/p>\n<p>J&#39;ai assist\u00e9 \u00e0 Aspmyra deux fois en tant que fan \u00e0 l&#39;ext\u00e9rieur et je n&#39;ai pas appr\u00e9ci\u00e9 l&#39;exp\u00e9rience, quel que soit le r\u00e9sultat. C&#39;est un environnement loin d&#39;\u00eatre confortable, avec des installations extr\u00eamement limit\u00e9es.<\/p>\n<figure class=\"wp-block-image size-large\"><img loading=\"lazy\" data-lazyloaded=\"1\" data-placeholder-resp=\"768x432\" decoding=\"async\" width=\"768\" height=\"432\" src=\"https:\/\/www.svalbard.fr\/actualites\/wp-content\/uploads\/2026\/02\/1771685783_481_L39ascension-feerique-de-BodoGlimt.jpg\" alt=\"Stade Aspmyra \u00e0 Bod\u00f8. Photo : David Nikel.\" class=\"wp-image-85538\"  data-><noscript><img loading=\"lazy\" decoding=\"async\" width=\"768\" height=\"432\" src=\"https:\/\/www.svalbard.fr\/actualites\/wp-content\/uploads\/2026\/02\/1771685783_481_L39ascension-feerique-de-BodoGlimt.jpg\" alt=\"Stade Aspmyra \u00e0 Bod\u00f8. Photo : David Nikel.\" class=\"wp-image-85538\"  ><\/noscript><\/figure>\n<p>Mais Madrid n&#39;est pas Bod\u00f8. Lorsque Glimt s&#39;impose \u00e0 l&#39;ext\u00e9rieur en Europe, l&#39;explication doit aller plus loin que le refroidissement \u00e9olien et le gazon synth\u00e9tique.<\/p>\n<p>Le v\u00e9ritable avantage est culturel. Le club s\u2019est habitu\u00e9 \u00e0 \u00eatre sous-estim\u00e9. Il a fait du \u00ab petit club du Nord \u00bb une identit\u00e9 plut\u00f4t qu\u2019une excuse.<\/p>\n<p>Une question int\u00e9ressante pour l&#39;avenir est de savoir comment le nouveau stade pr\u00e9vu \u00e0 Bod\u00f8\/Glimt va changer les choses. Il sera encore relativement petit, mais le confort suppl\u00e9mentaire pourrait-il r\u00e9ellement \u00eatre un avantage pour les \u00e9quipes visiteuses ?<\/p>\n<h2 class=\"wp-block-heading\">Un mod\u00e8le diff\u00e9rent \u00e0 l\u2019\u00e8re des milliardaires<\/h2>\n<p>Le football europ\u00e9en moderne se sent souvent ferm\u00e9 et les richesses concentr\u00e9es au sommet. Les m\u00eames clubs dominent les derni\u00e8res \u00e9tapes des grandes comp\u00e9titions. Bod\u00f8\/Glimt n\u2019ont pas compl\u00e8tement d\u00e9truit cette structure, mais ils l\u2019ont \u00e9tir\u00e9e.<\/p>\n<p>Bien s\u00fbr, ce serait une erreur de pr\u00e9tendre qu\u2019il n\u2019y a pas d\u2019argent \u00e0 Bod\u00f8. Les sponsorings, les revenus de diffusion et les prix en argent des courses europ\u00e9ennes ont afflu\u00e9 ces derni\u00e8res ann\u00e9es. Mais cet argent est utilis\u00e9 \u00e0 bon escient.<\/p>\n<p>Ils montrent que la clart\u00e9 des objectifs peut rivaliser avec le chaos et que la continuit\u00e9 peut survivre au battage m\u00e9diatique. Qu\u2019un collectif bien entra\u00een\u00e9 peut d\u00e9stabiliser des escouades rassembl\u00e9es par centaines de millions.<\/p>\n<p>Pour ceux d\u2019entre nous qui suivent de pr\u00e8s le football norv\u00e9gien, cette hausse n\u2019a pas \u00e9t\u00e9 soudaine. Nous l\u2019avons vu se d\u00e9velopper d\u2019ann\u00e9e en ann\u00e9e. Nous avons ressenti de l&#39;irritation lorsqu&#39;ils ont d\u00e9mantel\u00e9 nos propres \u00e9quipes. Nous avons reconnu \u00e0 contrec\u0153ur \u00e0 quel point ils semblent coh\u00e9rents.<\/p>\n<p>Mais m\u00eame dans tout ce contexte, il y a toujours quelque chose de l\u00e9g\u00e8rement surr\u00e9aliste \u00e0 voir un club de Bod\u00f8 \u00e9changer des coups avec l&#39;\u00e9lite europ\u00e9enne.<\/p>\n<p>En cet apr\u00e8s-midi de mars 2016, cela aurait paru absurde. Maintenant, cela semble presque logique, et c&#39;est peut-\u00eatre la partie la plus \u00e9tonnante de toutes, peu importe ce qui se passera \u00e0 San Siro la semaine prochaine.<\/p>\n<p><strong>J&#39;envisage un projet pour raconter l&#39;histoire de Glimt de mani\u00e8re beaucoup plus approfondie. Faites-moi savoir dans les commentaires si vous seriez int\u00e9ress\u00e9 !<\/strong><\/p>\n<\/p><\/div>\n","protected":false},"excerpt":{"rendered":"<p>Comment ce petit club arctique norv\u00e9gien a ma\u00eetris\u00e9 l&#39;art de faire les choses diff\u00e9remment \u00e0 l&#39;\u00e8re du football moderne, marqu\u00e9 par la richesse souveraine et<\/p>\n","protected":false},"author":1,"featured_media":5285,"comment_status":"","ping_status":"","sticky":false,"template":"","format":"standard","meta":{"footnotes":""},"categories":[2277],"tags":[1903,5743,5741],"yoast_head":"<!-- This site is optimized with the Yoast SEO plugin v21.0 - https:\/\/yoast.com\/wordpress\/plugins\/seo\/ -->\n<title>L&#039;ascension f\u00e9erique de Bod\u00f8\/Glimt<\/title>\n<meta name=\"robots\" content=\"index, follow, max-snippet:-1, max-image-preview:large, max-video-preview:-1\" \/>\n<link rel=\"canonical\" href=\"https:\/\/www.svalbard.fr\/actualites\/lascension-feerique-de-bodo-glimt\/\" \/>\n<meta property=\"og:locale\" content=\"fr_FR\" \/>\n<meta property=\"og:type\" content=\"article\" \/>\n<meta property=\"og:title\" content=\"L&#039;ascension f\u00e9erique de Bod\u00f8\/Glimt\" \/>\n<meta property=\"og:description\" content=\"Comment ce petit club arctique norv\u00e9gien a ma\u00eetris\u00e9 l&#039;art de faire les choses diff\u00e9remment \u00e0 l&#039;\u00e8re du football moderne, marqu\u00e9 par la richesse souveraine et\" \/>\n<meta property=\"og:url\" content=\"https:\/\/www.svalbard.fr\/actualites\/lascension-feerique-de-bodo-glimt\/\" \/>\n<meta property=\"og:site_name\" content=\"www.Svalbard.fr\" \/>\n<meta property=\"article:published_time\" content=\"2026-02-21T14:56:23+00:00\" \/>\n<meta property=\"og:image\" content=\"https:\/\/www.svalbard.fr\/actualites\/wp-content\/uploads\/2026\/02\/L39ascension-feerique-de-BodoGlimt.jpg\" \/>\n<meta name=\"author\" content=\"Hilmar\" \/>\n<meta name=\"twitter:card\" content=\"summary_large_image\" \/>\n<meta name=\"twitter:label1\" content=\"\u00c9crit par\" \/>\n\t<meta name=\"twitter:data1\" content=\"Hilmar\" \/>\n\t<meta name=\"twitter:label2\" content=\"Dur\u00e9e de lecture estim\u00e9e\" \/>\n\t<meta name=\"twitter:data2\" content=\"8 minutes\" \/>\n<script type=\"application\/ld+json\" class=\"yoast-schema-graph\">{\"@context\":\"https:\/\/schema.org\",\"@graph\":[{\"@type\":\"Article\",\"@id\":\"https:\/\/www.svalbard.fr\/actualites\/lascension-feerique-de-bodo-glimt\/#article\",\"isPartOf\":{\"@id\":\"https:\/\/www.svalbard.fr\/actualites\/lascension-feerique-de-bodo-glimt\/\"},\"author\":{\"name\":\"Hilmar\",\"@id\":\"https:\/\/www.svalbard.fr\/actualites\/#\/schema\/person\/a2f937d5712222366738fae98755c600\"},\"headline\":\"L&#39;ascension f\u00e9erique de Bod\u00f8\/Glimt\",\"datePublished\":\"2026-02-21T14:56:23+00:00\",\"dateModified\":\"2026-02-21T14:56:23+00:00\",\"mainEntityOfPage\":{\"@id\":\"https:\/\/www.svalbard.fr\/actualites\/lascension-feerique-de-bodo-glimt\/\"},\"wordCount\":1519,\"publisher\":{\"@id\":\"https:\/\/www.svalbard.fr\/actualites\/#organization\"},\"keywords\":[\"Bod\u00f8Glimt\",\"f\u00e9erique\",\"L39ascension\"],\"inLanguage\":\"fr-FR\"},{\"@type\":\"WebPage\",\"@id\":\"https:\/\/www.svalbard.fr\/actualites\/lascension-feerique-de-bodo-glimt\/\",\"url\":\"https:\/\/www.svalbard.fr\/actualites\/lascension-feerique-de-bodo-glimt\/\",\"name\":\"L&#39;ascension f\u00e9erique de Bod\u00f8\/Glimt\",\"isPartOf\":{\"@id\":\"https:\/\/www.svalbard.fr\/actualites\/#website\"},\"datePublished\":\"2026-02-21T14:56:23+00:00\",\"dateModified\":\"2026-02-21T14:56:23+00:00\",\"breadcrumb\":{\"@id\":\"https:\/\/www.svalbard.fr\/actualites\/lascension-feerique-de-bodo-glimt\/#breadcrumb\"},\"inLanguage\":\"fr-FR\",\"potentialAction\":[{\"@type\":\"ReadAction\",\"target\":[\"https:\/\/www.svalbard.fr\/actualites\/lascension-feerique-de-bodo-glimt\/\"]}]},{\"@type\":\"BreadcrumbList\",\"@id\":\"https:\/\/www.svalbard.fr\/actualites\/lascension-feerique-de-bodo-glimt\/#breadcrumb\",\"itemListElement\":[{\"@type\":\"ListItem\",\"position\":1,\"name\":\"Accueil\",\"item\":\"https:\/\/www.svalbard.fr\/actualites\/\"},{\"@type\":\"ListItem\",\"position\":2,\"name\":\"L&#39;ascension f\u00e9erique de Bod\u00f8\/Glimt\"}]},{\"@type\":\"WebSite\",\"@id\":\"https:\/\/www.svalbard.fr\/actualites\/#website\",\"url\":\"https:\/\/www.svalbard.fr\/actualites\/\",\"name\":\"www.Svalbard.fr\",\"description\":\"\",\"publisher\":{\"@id\":\"https:\/\/www.svalbard.fr\/actualites\/#organization\"},\"potentialAction\":[{\"@type\":\"SearchAction\",\"target\":{\"@type\":\"EntryPoint\",\"urlTemplate\":\"https:\/\/www.svalbard.fr\/actualites\/?s={search_term_string}\"},\"query-input\":\"required name=search_term_string\"}],\"inLanguage\":\"fr-FR\"},{\"@type\":\"Organization\",\"@id\":\"https:\/\/www.svalbard.fr\/actualites\/#organization\",\"name\":\"www.Svalbard.fr\",\"url\":\"https:\/\/www.svalbard.fr\/actualites\/\",\"logo\":{\"@type\":\"ImageObject\",\"inLanguage\":\"fr-FR\",\"@id\":\"https:\/\/www.svalbard.fr\/actualites\/#\/schema\/logo\/image\/\",\"url\":\"https:\/\/www.svalbard.fr\/actualites\/wp-content\/uploads\/2023\/09\/head-nom.jpg\",\"contentUrl\":\"https:\/\/www.svalbard.fr\/actualites\/wp-content\/uploads\/2023\/09\/head-nom.jpg\",\"width\":264,\"height\":35,\"caption\":\"www.Svalbard.fr\"},\"image\":{\"@id\":\"https:\/\/www.svalbard.fr\/actualites\/#\/schema\/logo\/image\/\"}},{\"@type\":\"Person\",\"@id\":\"https:\/\/www.svalbard.fr\/actualites\/#\/schema\/person\/a2f937d5712222366738fae98755c600\",\"name\":\"Hilmar\",\"image\":{\"@type\":\"ImageObject\",\"inLanguage\":\"fr-FR\",\"@id\":\"https:\/\/www.svalbard.fr\/actualites\/#\/schema\/person\/image\/\",\"url\":\"https:\/\/secure.gravatar.com\/avatar\/4daa437093476dbc32da415c112b6512?s=96&d=mm&r=g\",\"contentUrl\":\"https:\/\/secure.gravatar.com\/avatar\/4daa437093476dbc32da415c112b6512?s=96&d=mm&r=g\",\"caption\":\"Hilmar\"},\"description\":\"Hilmar est un passionn\u00e9 des r\u00e9gions polaires, sp\u00e9cialis\u00e9 dans la r\u00e9daction d'articles sur le Spitzberg et autres destinations arctiques. Il apporte son expertise et sa passion pour l'Arctique au sein de l'\u00e9quipe de r\u00e9daction de Svalbard depuis de nombreuses ann\u00e9es.\",\"sameAs\":[\"https:\/\/www.svalbard.fr\/\"]}]}<\/script>\n<!-- \/ Yoast SEO plugin. -->","yoast_head_json":{"title":"L&#39;ascension f\u00e9erique de Bod\u00f8\/Glimt","robots":{"index":"index","follow":"follow","max-snippet":"max-snippet:-1","max-image-preview":"max-image-preview:large","max-video-preview":"max-video-preview:-1"},"canonical":"https:\/\/www.svalbard.fr\/actualites\/lascension-feerique-de-bodo-glimt\/","og_locale":"fr_FR","og_type":"article","og_title":"L&#39;ascension f\u00e9erique de Bod\u00f8\/Glimt","og_description":"Comment ce petit club arctique norv\u00e9gien a ma\u00eetris\u00e9 l&#39;art de faire les choses diff\u00e9remment \u00e0 l&#39;\u00e8re du football moderne, marqu\u00e9 par la richesse souveraine et","og_url":"https:\/\/www.svalbard.fr\/actualites\/lascension-feerique-de-bodo-glimt\/","og_site_name":"www.Svalbard.fr","article_published_time":"2026-02-21T14:56:23+00:00","og_image":[{"url":"https:\/\/www.svalbard.fr\/actualites\/wp-content\/uploads\/2026\/02\/L39ascension-feerique-de-BodoGlimt.jpg"}],"author":"Hilmar","twitter_card":"summary_large_image","twitter_misc":{"\u00c9crit par":"Hilmar","Dur\u00e9e de lecture estim\u00e9e":"8 minutes"},"schema":{"@context":"https:\/\/schema.org","@graph":[{"@type":"Article","@id":"https:\/\/www.svalbard.fr\/actualites\/lascension-feerique-de-bodo-glimt\/#article","isPartOf":{"@id":"https:\/\/www.svalbard.fr\/actualites\/lascension-feerique-de-bodo-glimt\/"},"author":{"name":"Hilmar","@id":"https:\/\/www.svalbard.fr\/actualites\/#\/schema\/person\/a2f937d5712222366738fae98755c600"},"headline":"L&#39;ascension f\u00e9erique de Bod\u00f8\/Glimt","datePublished":"2026-02-21T14:56:23+00:00","dateModified":"2026-02-21T14:56:23+00:00","mainEntityOfPage":{"@id":"https:\/\/www.svalbard.fr\/actualites\/lascension-feerique-de-bodo-glimt\/"},"wordCount":1519,"publisher":{"@id":"https:\/\/www.svalbard.fr\/actualites\/#organization"},"keywords":["Bod\u00f8Glimt","f\u00e9erique","L39ascension"],"inLanguage":"fr-FR"},{"@type":"WebPage","@id":"https:\/\/www.svalbard.fr\/actualites\/lascension-feerique-de-bodo-glimt\/","url":"https:\/\/www.svalbard.fr\/actualites\/lascension-feerique-de-bodo-glimt\/","name":"L&#39;ascension f\u00e9erique de Bod\u00f8\/Glimt","isPartOf":{"@id":"https:\/\/www.svalbard.fr\/actualites\/#website"},"datePublished":"2026-02-21T14:56:23+00:00","dateModified":"2026-02-21T14:56:23+00:00","breadcrumb":{"@id":"https:\/\/www.svalbard.fr\/actualites\/lascension-feerique-de-bodo-glimt\/#breadcrumb"},"inLanguage":"fr-FR","potentialAction":[{"@type":"ReadAction","target":["https:\/\/www.svalbard.fr\/actualites\/lascension-feerique-de-bodo-glimt\/"]}]},{"@type":"BreadcrumbList","@id":"https:\/\/www.svalbard.fr\/actualites\/lascension-feerique-de-bodo-glimt\/#breadcrumb","itemListElement":[{"@type":"ListItem","position":1,"name":"Accueil","item":"https:\/\/www.svalbard.fr\/actualites\/"},{"@type":"ListItem","position":2,"name":"L&#39;ascension f\u00e9erique de Bod\u00f8\/Glimt"}]},{"@type":"WebSite","@id":"https:\/\/www.svalbard.fr\/actualites\/#website","url":"https:\/\/www.svalbard.fr\/actualites\/","name":"www.Svalbard.fr","description":"","publisher":{"@id":"https:\/\/www.svalbard.fr\/actualites\/#organization"},"potentialAction":[{"@type":"SearchAction","target":{"@type":"EntryPoint","urlTemplate":"https:\/\/www.svalbard.fr\/actualites\/?s={search_term_string}"},"query-input":"required name=search_term_string"}],"inLanguage":"fr-FR"},{"@type":"Organization","@id":"https:\/\/www.svalbard.fr\/actualites\/#organization","name":"www.Svalbard.fr","url":"https:\/\/www.svalbard.fr\/actualites\/","logo":{"@type":"ImageObject","inLanguage":"fr-FR","@id":"https:\/\/www.svalbard.fr\/actualites\/#\/schema\/logo\/image\/","url":"https:\/\/www.svalbard.fr\/actualites\/wp-content\/uploads\/2023\/09\/head-nom.jpg","contentUrl":"https:\/\/www.svalbard.fr\/actualites\/wp-content\/uploads\/2023\/09\/head-nom.jpg","width":264,"height":35,"caption":"www.Svalbard.fr"},"image":{"@id":"https:\/\/www.svalbard.fr\/actualites\/#\/schema\/logo\/image\/"}},{"@type":"Person","@id":"https:\/\/www.svalbard.fr\/actualites\/#\/schema\/person\/a2f937d5712222366738fae98755c600","name":"Hilmar","image":{"@type":"ImageObject","inLanguage":"fr-FR","@id":"https:\/\/www.svalbard.fr\/actualites\/#\/schema\/person\/image\/","url":"https:\/\/secure.gravatar.com\/avatar\/4daa437093476dbc32da415c112b6512?s=96&d=mm&r=g","contentUrl":"https:\/\/secure.gravatar.com\/avatar\/4daa437093476dbc32da415c112b6512?s=96&d=mm&r=g","caption":"Hilmar"},"description":"Hilmar est un passionn\u00e9 des r\u00e9gions polaires, sp\u00e9cialis\u00e9 dans la r\u00e9daction d'articles sur le Spitzberg et autres destinations arctiques. Il apporte son expertise et sa passion pour l'Arctique au sein de l'\u00e9quipe de r\u00e9daction de Svalbard depuis de nombreuses ann\u00e9es.","sameAs":["https:\/\/www.svalbard.fr\/"]}]}},"_links":{"self":[{"href":"https:\/\/www.svalbard.fr\/actualites\/wp-json\/wp\/v2\/posts\/5284"}],"collection":[{"href":"https:\/\/www.svalbard.fr\/actualites\/wp-json\/wp\/v2\/posts"}],"about":[{"href":"https:\/\/www.svalbard.fr\/actualites\/wp-json\/wp\/v2\/types\/post"}],"author":[{"embeddable":true,"href":"https:\/\/www.svalbard.fr\/actualites\/wp-json\/wp\/v2\/users\/1"}],"replies":[{"embeddable":true,"href":"https:\/\/www.svalbard.fr\/actualites\/wp-json\/wp\/v2\/comments?post=5284"}],"version-history":[{"count":0,"href":"https:\/\/www.svalbard.fr\/actualites\/wp-json\/wp\/v2\/posts\/5284\/revisions"}],"wp:featuredmedia":[{"embeddable":true,"href":"https:\/\/www.svalbard.fr\/actualites\/wp-json\/wp\/v2\/media\/5285"}],"wp:attachment":[{"href":"https:\/\/www.svalbard.fr\/actualites\/wp-json\/wp\/v2\/media?parent=5284"}],"wp:term":[{"taxonomy":"category","embeddable":true,"href":"https:\/\/www.svalbard.fr\/actualites\/wp-json\/wp\/v2\/categories?post=5284"},{"taxonomy":"post_tag","embeddable":true,"href":"https:\/\/www.svalbard.fr\/actualites\/wp-json\/wp\/v2\/tags?post=5284"}],"curies":[{"name":"wp","href":"https:\/\/api.w.org\/{rel}","templated":true}]}}