{"id":5291,"date":"2026-02-23T15:58:11","date_gmt":"2026-02-23T14:58:11","guid":{"rendered":"https:\/\/www.svalbard.fr\/actualites\/les-chiffres-sont-la-le-boom-des-coolcations-en-scandinavie-est-reel\/"},"modified":"2026-02-23T15:58:11","modified_gmt":"2026-02-23T14:58:11","slug":"les-chiffres-sont-la-le-boom-des-coolcations-en-scandinavie-est-reel","status":"publish","type":"post","link":"https:\/\/www.svalbard.fr\/actualites\/les-chiffres-sont-la-le-boom-des-coolcations-en-scandinavie-est-reel\/","title":{"rendered":"Les chiffres sont l\u00e0\u00a0: le boom des coolcations en Scandinavie est r\u00e9el"},"content":{"rendered":"<div itemprop=\"text\">\n\t\t\t<span id=\"dpsp-post-content-markup\" data-image-pin-it=\"false\"><\/span><\/p>\n<p class=\"intro\">Il y a quelques ann\u00e9es, \u00ab coolcation \u00bb sonnait comme un mot \u00e0 la mode dans l\u2019industrie du voyage.<\/p>\n<p>Aujourd\u2019hui, alors que nous arrivons au d\u00e9but de l\u2019ann\u00e9e 2026, alors que la plupart des pays nordiques ont publi\u00e9 leurs chiffres du tourisme pour 2025, cela ressemble beaucoup plus \u00e0 un changement structurel dans la mani\u00e8re dont les Europ\u00e9ens et les voyageurs long-courriers choisissent leurs vacances d\u2019\u00e9t\u00e9.<\/p>\n<figure class=\"wp-block-image size-large\"><img data-lazyloaded=\"1\" data-placeholder-resp=\"768x432\" fetchpriority=\"high\" decoding=\"async\" width=\"768\" height=\"432\" src=\"https:\/\/www.svalbard.fr\/actualites\/wp-content\/uploads\/2026\/02\/Les-chiffres-sont-la-le-boom-des-coolcations-en-Scandinavie.jpg\" alt=\"Une petite navigation vers le pont de Troms\u00f8 pendant l&#39;hiver norv\u00e9gien. Photo : David Nikel.\" class=\"wp-image-85571\"  data-><noscript><img fetchpriority=\"high\" decoding=\"async\" width=\"768\" height=\"432\" src=\"https:\/\/www.svalbard.fr\/actualites\/wp-content\/uploads\/2026\/02\/Les-chiffres-sont-la-le-boom-des-coolcations-en-Scandinavie.jpg\" alt=\"Une petite navigation vers le pont de Troms\u00f8 pendant l&#39;hiver norv\u00e9gien. Photo : David Nikel.\" class=\"wp-image-85571\"  ><\/noscript><\/figure>\n<p>Chez Life in Norv\u00e8ge, nous parlons depuis longtemps de l&#39;\u00e9volution des modes de voyage\u00a0: le tourisme des aurores bor\u00e9ales se g\u00e9n\u00e9ralise, les navires de croisi\u00e8re se dirigent plus au nord et les villes arctiques autrefois calmes se r\u00e9inventent en tant que destinations toute l&#39;ann\u00e9e.<\/p>\n<p>La tendance coolcation s\u2019ajoute \u00e0 tout cela. Mais contrairement \u00e0 certaines tendances, il ne s\u2019agit pas l\u00e0 d\u2019un simple battage publicitaire. Les statistiques de toute la r\u00e9gion nordique montrent une croissance r\u00e9elle et mesurable.<\/p>\n<h2 class=\"wp-block-heading\">Qu&#39;est-ce qu&#39;une Coolcation et pourquoi maintenant ?<\/h2>\n<p>Le terme \u00ab coolcation \u00bb est apparu dans les m\u00e9dias touristiques grand public vers 2023, combinant \u00ab cool \u00bb et \u00ab vacances \u00bb.<\/p>\n<p>Au d\u00e9but, cela ressemblait \u00e0 une strat\u00e9gie de marque intelligente. Pourtant, alors que le sud de l\u2019Europe a subi des vagues de chaleur r\u00e9p\u00e9t\u00e9es en 2023 et 2024, un v\u00e9ritable changement de comportement a commenc\u00e9 \u00e0 se produire.<\/p>\n<p>L&#39;id\u00e9e est simple. Au lieu d&#39;affluer vers les stations baln\u00e9aires m\u00e9diterran\u00e9ennes en juillet et ao\u00fbt, les voyageurs se dirigent vers le nord \u00e0 la recherche de temp\u00e9ratures plus douces, d&#39;un air plus pur, de plus d&#39;espace et d&#39;exp\u00e9riences bas\u00e9es sur la nature.<\/p>\n<p>En Europe, cela signifie souvent la Scandinavie et la r\u00e9gion nordique au sens large.<\/p>\n<p>Et les donn\u00e9es climatiques ajoutent du contexte. 2024 a \u00e9t\u00e9 confirm\u00e9e comme l&#39;ann\u00e9e la plus chaude jamais enregistr\u00e9e en Europe, avec des \u00e9pisodes de chaleur extr\u00eame r\u00e9p\u00e9t\u00e9s dans les r\u00e9gions du sud et du sud-est.<\/p>\n<p>Pour de nombreuses familles en Espagne, en Italie et en France, une destination estivale \u00ab cool \u00bb n\u2019est plus une nouveaut\u00e9. C&#39;est un choix pratique.<\/p>\n<h2 class=\"wp-block-heading\">Chiffres records de la Norv\u00e8ge et transformation de Troms\u00f8<\/h2>\n<p>La Norv\u00e8ge a \u00e9t\u00e9 l\u2019un des principaux b\u00e9n\u00e9ficiaires de ce changement. M\u00eame si les chiffres nationaux consolid\u00e9s finaux pour 2025 confirment la croissance continue des nuit\u00e9es \u00e9trang\u00e8res, ce sont les r\u00e9partitions r\u00e9gionales qui sont r\u00e9v\u00e9latrices.<\/p>\n<p>Le nord de la Norv\u00e8ge, en particulier, a connu une augmentation soutenue non seulement du tourisme li\u00e9 aux aurores bor\u00e9ales en hiver, mais aussi au cours des saisons interm\u00e9diaires et estivales.<\/p>\n<p>Troms\u00f8 se d\u00e9marque. D\u00e9j\u00e0 transform\u00e9e au cours de la derni\u00e8re d\u00e9cennie d&#39;une ville universitaire arctique relativement calme en un haut lieu hivernal international, Troms\u00f8 a de nouveau \u00e9tabli de nouveaux records de visiteurs en 2025.<\/p>\n<p>La connectivit\u00e9 a\u00e9rienne internationale accrue, l&#39;augmentation des escales de croisi\u00e8re et la forte occupation des h\u00f4tels tout au long de l&#39;\u00e9t\u00e9 et de l&#39;automne ont pouss\u00e9 le nombre total de nuit\u00e9es \u00e0 des sommets historiques.<\/p>\n<figure class=\"wp-block-image size-large\"><img loading=\"lazy\" data-lazyloaded=\"1\" data-placeholder-resp=\"768x432\" decoding=\"async\" width=\"768\" height=\"432\" src=\"https:\/\/www.svalbard.fr\/actualites\/wp-content\/uploads\/2025\/09\/1757144978_669_Comment-planifier-une-croisiere-au-nord-des-lumieres-en-Norvege.jpg\" alt=\"Troms\u00f8 en hiver. Photo : David Nikel.\" class=\"wp-image-84541\"  data-><noscript><img loading=\"lazy\" decoding=\"async\" width=\"768\" height=\"432\" src=\"https:\/\/www.svalbard.fr\/actualites\/wp-content\/uploads\/2025\/09\/1757144978_669_Comment-planifier-une-croisiere-au-nord-des-lumieres-en-Norvege.jpg\" alt=\"Troms\u00f8 en hiver. Photo : David Nikel.\" class=\"wp-image-84541\"  ><\/noscript><\/figure>\n<p>Ce qui est frappant, ce n\u2019est pas seulement le volume, mais aussi le changement de saisonnalit\u00e9. La croissance ne se limite plus aux mois de pointe des aurores bor\u00e9ales. Les randonn\u00e9es estivales, les exp\u00e9riences au soleil de minuit, le kayak dans les fjords et les visites de la faune attirent des visiteurs qui auraient pu autrefois choisir la M\u00e9diterran\u00e9e.<\/p>\n<p>Les compagnies a\u00e9riennes ont r\u00e9pondu. Les routes nouvelles et \u00e9largies depuis le sud de l\u2019Europe et les march\u00e9s long-courriers continuent d\u2019attirer les voyageurs vers le nord. Et contrairement aux booms touristiques pr\u00e9c\u00e9dents, celui-ci est moins une question de nouveaut\u00e9 que de r\u00e9silience climatique.<\/p>\n<h2 class=\"wp-block-heading\">La Finlande et l&#39;essor de la Laponie du Nord<\/h2>\n<p>Il ne s&#39;agit pas seulement de la Norv\u00e8ge. Selon Visit Finland, 2025 a \u00e9t\u00e9 une ann\u00e9e record pour le tourisme \u00e9tranger.<\/p>\n<p>Les nuit\u00e9es h\u00f4teli\u00e8res des visiteurs internationaux ont atteint un niveau record de 7,2 millions, en hausse de 12 % sur un an. Le nombre total de touristes \u00e9trangers s&#39;est \u00e9lev\u00e9 \u00e0 5,1 millions, avec une croissance particuli\u00e8rement forte en provenance du Japon, de la Chine, de l&#39;Inde, de Taiwan, des \u00c9tats-Unis, de l&#39;Australie, du Royaume-Uni, de l&#39;Allemagne, de l&#39;Italie et de la France.<\/p>\n<p>Surtout, la croissance a \u00e9t\u00e9 la plus forte parmi les voyageurs d\u2019agr\u00e9ment et d\u2019affaires les plus d\u00e9pensiers. Et cela \u00e9tait visible en dehors de la haute saison traditionnelle.<\/p>\n<p>En Laponie finlandaise, les nuit\u00e9es estivales ont augment\u00e9 dans le cadre d&#39;une strat\u00e9gie d\u00e9lib\u00e9r\u00e9e visant \u00e0 cr\u00e9er un tourisme tout au long de l&#39;ann\u00e9e. La saison hivernale s&#39;est \u00e9galement \u00e9tendue jusqu&#39;en avril et octobre.<\/p>\n<p>Cette combinaison, un hiver plus long et un \u00e9t\u00e9 plus fort, correspond parfaitement au r\u00e9cit coolcation. Les visiteurs ne courent plus apr\u00e8s la neige. Ils recherchent la mod\u00e9ration. De l&#39;air frais. Temp\u00e9ratures g\u00e9rables. Espace.<\/p>\n<h2 class=\"wp-block-heading\">L&#39;Islande et l&#39;appel de l&#39;Atlantique Nord<\/h2>\n<div class=\"gb-container gb-container-65c6443c\">\n<p>En Islande, l&#39;attrait repose depuis longtemps sur les paysages spectaculaires et la flexibilit\u00e9 des saisons interm\u00e9diaires. Mais m\u00eame l\u00e0-bas, les voyages estivaux sont rest\u00e9s robustes alors que le sud de l\u2019Europe est aux prises avec une chaleur extr\u00eame.<\/p>\n<\/div>\n<p>Les flux de visiteurs restent fortement internationaux et la position de l&#39;Islande en tant que plaque tournante entre l&#39;Am\u00e9rique du Nord et l&#39;Europe continue d&#39;attirer les voyageurs long-courriers vers la r\u00e9gion nordique.<\/p>\n<p>Pour de nombreux Am\u00e9ricains, combiner l\u2019Islande avec la Norv\u00e8ge ou la Finlande constitue d\u00e9sormais un itin\u00e9raire \u00ab\u00a0cool\u00a0\u00bb logique entre deux pays. Cela deviendra plus facile plus tard cette ann\u00e9e avec l\u2019introduction de liaisons am\u00e9lior\u00e9es entre Reykjavik et la Norv\u00e8ge.<\/p>\n<h2 class=\"wp-block-heading\">Un Nord plus chaud\u00a0: le paradoxe climatique<\/h2>\n<p>Voici l&#39;ironie. La r\u00e9gion nordique se r\u00e9chauffe \u00e9galement.<\/p>\n<figure class=\"wp-block-image size-large\"><img loading=\"lazy\" data-lazyloaded=\"1\" data-placeholder-resp=\"768x512\" decoding=\"async\" width=\"768\" height=\"512\" src=\"https:\/\/www.svalbard.fr\/actualites\/wp-content\/uploads\/2026\/02\/1771858691_356_Les-chiffres-sont-la-le-boom-des-coolcations-en-Scandinavie.jpg\" alt=\"\u00cele de Hailuoto en Finlande.\" class=\"wp-image-82248\"  data-><noscript><img loading=\"lazy\" decoding=\"async\" width=\"768\" height=\"512\" src=\"https:\/\/www.svalbard.fr\/actualites\/wp-content\/uploads\/2026\/02\/1771858691_356_Les-chiffres-sont-la-le-boom-des-coolcations-en-Scandinavie.jpg\" alt=\"\u00cele de Hailuoto en Finlande.\" class=\"wp-image-82248\"  ><\/noscript><\/figure>\n<p>La Norv\u00e8ge a connu des \u00e9t\u00e9s plus chauds que la moyenne ces derni\u00e8res ann\u00e9es. Le sud de la Norv\u00e8ge a connu des vagues de chaleur, tandis que m\u00eame les r\u00e9gions arctiques ont enregistr\u00e9 des temp\u00e9ratures inhabituellement \u00e9lev\u00e9es. Les glaciers reculent. Les saisons de neige deviennent moins pr\u00e9visibles \u00e0 basse altitude.<\/p>\n<p>Un s\u00e9jour cool en Scandinavie sera plus frais qu&#39;\u00e0 Rome ou \u00e0 S\u00e9ville en juillet. Mais ce n\u2019est pas forc\u00e9ment cool dans l\u2019absolu.<\/p>\n<p>Ce paradoxe est au c\u0153ur de la tendance. Les voyageurs r\u00e9agissent \u00e0 des diff\u00e9rences climatiques relatives et non \u00e0 une stabilit\u00e9 absolue. Le Nord semble plus s\u00fbr, plus calme et plus respirable.<\/p>\n<p>Pourtant, la trajectoire climatique \u00e0 long terme soul\u00e8ve des questions difficiles concernant les infrastructures, la pression environnementale et la durabilit\u00e9.<\/p>\n<h2 class=\"wp-block-heading\">Est-ce un tourisme durable ou simplement un surtourisme qui se d\u00e9place vers le Nord\u00a0?<\/h2>\n<p>Pour la Norv\u00e8ge, le d\u00e9bat semble familier. Des endroits comme les Lofoten, Geiranger et Preikestolen \u00e9taient d\u00e9j\u00e0 aux prises avec la pression des visiteurs avant que le r\u00e9cit coolcation ne d\u00e9colle. L\u2019introduction pr\u00e9vue d\u2019une modeste taxe touristique refl\u00e8te la reconnaissance du fait que la croissance doit \u00eatre g\u00e9r\u00e9e.<\/p>\n<p>L&#39;expansion rapide de Troms\u00f8 a d\u00e9clench\u00e9 des d\u00e9bats locaux sur le logement, les locations \u00e0 court terme, la capacit\u00e9 des navires de croisi\u00e8re et l&#39;impact environnemental.<\/p>\n<p>Contrairement \u00e0 Barcelone ou Venise, le probl\u00e8me n\u2019est pas la surpopulation du centre-ville au sens traditionnel du terme. Cela met \u00e0 rude \u00e9preuve les \u00e9cosyst\u00e8mes fragiles de l\u2019Arctique et les infrastructures des petites villes.<\/p>\n<p>L\u2019avantage nordique a toujours \u00e9t\u00e9 l\u2019espace et la nature. Si ces qualit\u00e9s sont compromises, l\u2019attrait de la coolcation s\u2019affaiblit.<\/p>\n<h2 class=\"wp-block-heading\">Un changement structurel, pas une tendance passag\u00e8re<\/h2>\n<p>Ce qui diff\u00e9rencie cela d\u2019une mode de voyage typique, ce sont les donn\u00e9es.<\/p>\n<p>Il y a une croissance constante d\u2019une ann\u00e9e sur l\u2019autre dans le sud de l\u2019Europe. Record de nuit\u00e9es d\u2019invit\u00e9s \u00e9trangers en Finlande. Extension des routes a\u00e9riennes vers les destinations arctiques. Visiteurs long-courriers d\u00e9pensiers ciblant les r\u00e9gions du nord. La saisonnalit\u00e9 s\u2019aplatit \u00e0 mesure que le printemps et l\u2019automne deviennent des p\u00e9riodes de voyage viables.<\/p>\n<p>Dans l\u2019ensemble, cela sugg\u00e8re un ajustement structurel des sch\u00e9mas de voyage europ\u00e9ens.<\/p>\n<p>Les coolcations ne remplacent pas enti\u00e8rement les vacances en M\u00e9diterran\u00e9e. Mais ils occupent une part importante des d\u00e9cisions de voyage estivales, en particulier parmi les familles et les voyageurs plus \u00e2g\u00e9s, de plus en plus conscients du climat.<\/p>\n<p>Pour la Norv\u00e8ge et ses voisins nordiques, cela repr\u00e9sente \u00e0 la fois une opportunit\u00e9 et une responsabilit\u00e9. La r\u00e9gion se pr\u00e9sente depuis des ann\u00e9es comme \u00e9tant sauvage, propre et peu fr\u00e9quent\u00e9e. Aujourd\u2019hui, le monde y pr\u00eate davantage attention.<\/p>\n<p>La question pour 2026 et au-del\u00e0 n\u2019est pas de savoir si les coolcations sont r\u00e9elles. Les chiffres montrent que oui. La vraie question est de savoir si la r\u00e9gion nordique peut rester cool, dans tous les sens du terme.<\/p>\n<\/p><\/div>\n","protected":false},"excerpt":{"rendered":"<p>Il y a quelques ann\u00e9es, \u00ab coolcation \u00bb sonnait comme un mot \u00e0 la mode dans l\u2019industrie du voyage. Aujourd\u2019hui, alors que nous arrivons au<\/p>\n","protected":false},"author":1,"featured_media":5292,"comment_status":"","ping_status":"","sticky":false,"template":"","format":"standard","meta":{"footnotes":""},"categories":[2277],"tags":[1502,575,5749,8,154,1179,3,5751,342,336],"yoast_head":"<!-- This site is optimized with the Yoast SEO plugin v21.0 - https:\/\/yoast.com\/wordpress\/plugins\/seo\/ -->\n<title>Les chiffres sont l\u00e0\u00a0: le boom des coolcations en Scandinavie est r\u00e9el<\/title>\n<meta name=\"robots\" content=\"index, follow, max-snippet:-1, max-image-preview:large, max-video-preview:-1\" \/>\n<link rel=\"canonical\" href=\"https:\/\/www.svalbard.fr\/actualites\/les-chiffres-sont-la-le-boom-des-coolcations-en-scandinavie-est-reel\/\" \/>\n<meta property=\"og:locale\" content=\"fr_FR\" \/>\n<meta property=\"og:type\" content=\"article\" \/>\n<meta property=\"og:title\" content=\"Les chiffres sont l\u00e0\u00a0: le boom des coolcations en Scandinavie est r\u00e9el\" \/>\n<meta property=\"og:description\" content=\"Il y a quelques ann\u00e9es, \u00ab coolcation \u00bb sonnait comme un mot \u00e0 la mode dans l\u2019industrie du voyage. Aujourd\u2019hui, alors que nous arrivons au\" \/>\n<meta property=\"og:url\" content=\"https:\/\/www.svalbard.fr\/actualites\/les-chiffres-sont-la-le-boom-des-coolcations-en-scandinavie-est-reel\/\" \/>\n<meta property=\"og:site_name\" content=\"www.Svalbard.fr\" \/>\n<meta property=\"article:published_time\" content=\"2026-02-23T14:58:11+00:00\" \/>\n<meta property=\"og:image\" content=\"https:\/\/www.svalbard.fr\/actualites\/wp-content\/uploads\/2026\/02\/Les-chiffres-sont-la-le-boom-des-coolcations-en-Scandinavie.jpg\" \/>\n<meta name=\"author\" content=\"Hilmar\" \/>\n<meta name=\"twitter:card\" content=\"summary_large_image\" \/>\n<meta name=\"twitter:label1\" content=\"\u00c9crit par\" \/>\n\t<meta name=\"twitter:data1\" content=\"Hilmar\" \/>\n\t<meta name=\"twitter:label2\" content=\"Dur\u00e9e de lecture estim\u00e9e\" \/>\n\t<meta name=\"twitter:data2\" content=\"8 minutes\" \/>\n<script type=\"application\/ld+json\" class=\"yoast-schema-graph\">{\"@context\":\"https:\/\/schema.org\",\"@graph\":[{\"@type\":\"Article\",\"@id\":\"https:\/\/www.svalbard.fr\/actualites\/les-chiffres-sont-la-le-boom-des-coolcations-en-scandinavie-est-reel\/#article\",\"isPartOf\":{\"@id\":\"https:\/\/www.svalbard.fr\/actualites\/les-chiffres-sont-la-le-boom-des-coolcations-en-scandinavie-est-reel\/\"},\"author\":{\"name\":\"Hilmar\",\"@id\":\"https:\/\/www.svalbard.fr\/actualites\/#\/schema\/person\/a2f937d5712222366738fae98755c600\"},\"headline\":\"Les chiffres sont l\u00e0\u00a0: le boom des coolcations en Scandinavie est r\u00e9el\",\"datePublished\":\"2026-02-23T14:58:11+00:00\",\"dateModified\":\"2026-02-23T14:58:11+00:00\",\"mainEntityOfPage\":{\"@id\":\"https:\/\/www.svalbard.fr\/actualites\/les-chiffres-sont-la-le-boom-des-coolcations-en-scandinavie-est-reel\/\"},\"wordCount\":1578,\"publisher\":{\"@id\":\"https:\/\/www.svalbard.fr\/actualites\/#organization\"},\"keywords\":[\"boom\",\"chiffres\",\"coolcations\",\"des\",\"est\",\"l\u00e0\",\"Les\",\"r\u00e9el\",\"Scandinavie\",\"sont\"],\"inLanguage\":\"fr-FR\"},{\"@type\":\"WebPage\",\"@id\":\"https:\/\/www.svalbard.fr\/actualites\/les-chiffres-sont-la-le-boom-des-coolcations-en-scandinavie-est-reel\/\",\"url\":\"https:\/\/www.svalbard.fr\/actualites\/les-chiffres-sont-la-le-boom-des-coolcations-en-scandinavie-est-reel\/\",\"name\":\"Les chiffres sont l\u00e0\u00a0: le boom des coolcations en Scandinavie est r\u00e9el\",\"isPartOf\":{\"@id\":\"https:\/\/www.svalbard.fr\/actualites\/#website\"},\"datePublished\":\"2026-02-23T14:58:11+00:00\",\"dateModified\":\"2026-02-23T14:58:11+00:00\",\"breadcrumb\":{\"@id\":\"https:\/\/www.svalbard.fr\/actualites\/les-chiffres-sont-la-le-boom-des-coolcations-en-scandinavie-est-reel\/#breadcrumb\"},\"inLanguage\":\"fr-FR\",\"potentialAction\":[{\"@type\":\"ReadAction\",\"target\":[\"https:\/\/www.svalbard.fr\/actualites\/les-chiffres-sont-la-le-boom-des-coolcations-en-scandinavie-est-reel\/\"]}]},{\"@type\":\"BreadcrumbList\",\"@id\":\"https:\/\/www.svalbard.fr\/actualites\/les-chiffres-sont-la-le-boom-des-coolcations-en-scandinavie-est-reel\/#breadcrumb\",\"itemListElement\":[{\"@type\":\"ListItem\",\"position\":1,\"name\":\"Accueil\",\"item\":\"https:\/\/www.svalbard.fr\/actualites\/\"},{\"@type\":\"ListItem\",\"position\":2,\"name\":\"Les chiffres sont l\u00e0\u00a0: le boom des coolcations en Scandinavie est r\u00e9el\"}]},{\"@type\":\"WebSite\",\"@id\":\"https:\/\/www.svalbard.fr\/actualites\/#website\",\"url\":\"https:\/\/www.svalbard.fr\/actualites\/\",\"name\":\"www.Svalbard.fr\",\"description\":\"\",\"publisher\":{\"@id\":\"https:\/\/www.svalbard.fr\/actualites\/#organization\"},\"potentialAction\":[{\"@type\":\"SearchAction\",\"target\":{\"@type\":\"EntryPoint\",\"urlTemplate\":\"https:\/\/www.svalbard.fr\/actualites\/?s={search_term_string}\"},\"query-input\":\"required name=search_term_string\"}],\"inLanguage\":\"fr-FR\"},{\"@type\":\"Organization\",\"@id\":\"https:\/\/www.svalbard.fr\/actualites\/#organization\",\"name\":\"www.Svalbard.fr\",\"url\":\"https:\/\/www.svalbard.fr\/actualites\/\",\"logo\":{\"@type\":\"ImageObject\",\"inLanguage\":\"fr-FR\",\"@id\":\"https:\/\/www.svalbard.fr\/actualites\/#\/schema\/logo\/image\/\",\"url\":\"https:\/\/www.svalbard.fr\/actualites\/wp-content\/uploads\/2023\/09\/head-nom.jpg\",\"contentUrl\":\"https:\/\/www.svalbard.fr\/actualites\/wp-content\/uploads\/2023\/09\/head-nom.jpg\",\"width\":264,\"height\":35,\"caption\":\"www.Svalbard.fr\"},\"image\":{\"@id\":\"https:\/\/www.svalbard.fr\/actualites\/#\/schema\/logo\/image\/\"}},{\"@type\":\"Person\",\"@id\":\"https:\/\/www.svalbard.fr\/actualites\/#\/schema\/person\/a2f937d5712222366738fae98755c600\",\"name\":\"Hilmar\",\"image\":{\"@type\":\"ImageObject\",\"inLanguage\":\"fr-FR\",\"@id\":\"https:\/\/www.svalbard.fr\/actualites\/#\/schema\/person\/image\/\",\"url\":\"https:\/\/secure.gravatar.com\/avatar\/4daa437093476dbc32da415c112b6512?s=96&d=mm&r=g\",\"contentUrl\":\"https:\/\/secure.gravatar.com\/avatar\/4daa437093476dbc32da415c112b6512?s=96&d=mm&r=g\",\"caption\":\"Hilmar\"},\"description\":\"Hilmar est un passionn\u00e9 des r\u00e9gions polaires, sp\u00e9cialis\u00e9 dans la r\u00e9daction d'articles sur le Spitzberg et autres destinations arctiques. Il apporte son expertise et sa passion pour l'Arctique au sein de l'\u00e9quipe de r\u00e9daction de Svalbard depuis de nombreuses ann\u00e9es.\",\"sameAs\":[\"https:\/\/www.svalbard.fr\/\"]}]}<\/script>\n<!-- \/ Yoast SEO plugin. -->","yoast_head_json":{"title":"Les chiffres sont l\u00e0\u00a0: le boom des coolcations en Scandinavie est r\u00e9el","robots":{"index":"index","follow":"follow","max-snippet":"max-snippet:-1","max-image-preview":"max-image-preview:large","max-video-preview":"max-video-preview:-1"},"canonical":"https:\/\/www.svalbard.fr\/actualites\/les-chiffres-sont-la-le-boom-des-coolcations-en-scandinavie-est-reel\/","og_locale":"fr_FR","og_type":"article","og_title":"Les chiffres sont l\u00e0\u00a0: le boom des coolcations en Scandinavie est r\u00e9el","og_description":"Il y a quelques ann\u00e9es, \u00ab coolcation \u00bb sonnait comme un mot \u00e0 la mode dans l\u2019industrie du voyage. Aujourd\u2019hui, alors que nous arrivons au","og_url":"https:\/\/www.svalbard.fr\/actualites\/les-chiffres-sont-la-le-boom-des-coolcations-en-scandinavie-est-reel\/","og_site_name":"www.Svalbard.fr","article_published_time":"2026-02-23T14:58:11+00:00","og_image":[{"url":"https:\/\/www.svalbard.fr\/actualites\/wp-content\/uploads\/2026\/02\/Les-chiffres-sont-la-le-boom-des-coolcations-en-Scandinavie.jpg"}],"author":"Hilmar","twitter_card":"summary_large_image","twitter_misc":{"\u00c9crit par":"Hilmar","Dur\u00e9e de lecture estim\u00e9e":"8 minutes"},"schema":{"@context":"https:\/\/schema.org","@graph":[{"@type":"Article","@id":"https:\/\/www.svalbard.fr\/actualites\/les-chiffres-sont-la-le-boom-des-coolcations-en-scandinavie-est-reel\/#article","isPartOf":{"@id":"https:\/\/www.svalbard.fr\/actualites\/les-chiffres-sont-la-le-boom-des-coolcations-en-scandinavie-est-reel\/"},"author":{"name":"Hilmar","@id":"https:\/\/www.svalbard.fr\/actualites\/#\/schema\/person\/a2f937d5712222366738fae98755c600"},"headline":"Les chiffres sont l\u00e0\u00a0: le boom des coolcations en Scandinavie est r\u00e9el","datePublished":"2026-02-23T14:58:11+00:00","dateModified":"2026-02-23T14:58:11+00:00","mainEntityOfPage":{"@id":"https:\/\/www.svalbard.fr\/actualites\/les-chiffres-sont-la-le-boom-des-coolcations-en-scandinavie-est-reel\/"},"wordCount":1578,"publisher":{"@id":"https:\/\/www.svalbard.fr\/actualites\/#organization"},"keywords":["boom","chiffres","coolcations","des","est","l\u00e0","Les","r\u00e9el","Scandinavie","sont"],"inLanguage":"fr-FR"},{"@type":"WebPage","@id":"https:\/\/www.svalbard.fr\/actualites\/les-chiffres-sont-la-le-boom-des-coolcations-en-scandinavie-est-reel\/","url":"https:\/\/www.svalbard.fr\/actualites\/les-chiffres-sont-la-le-boom-des-coolcations-en-scandinavie-est-reel\/","name":"Les chiffres sont l\u00e0\u00a0: le boom des coolcations en Scandinavie est r\u00e9el","isPartOf":{"@id":"https:\/\/www.svalbard.fr\/actualites\/#website"},"datePublished":"2026-02-23T14:58:11+00:00","dateModified":"2026-02-23T14:58:11+00:00","breadcrumb":{"@id":"https:\/\/www.svalbard.fr\/actualites\/les-chiffres-sont-la-le-boom-des-coolcations-en-scandinavie-est-reel\/#breadcrumb"},"inLanguage":"fr-FR","potentialAction":[{"@type":"ReadAction","target":["https:\/\/www.svalbard.fr\/actualites\/les-chiffres-sont-la-le-boom-des-coolcations-en-scandinavie-est-reel\/"]}]},{"@type":"BreadcrumbList","@id":"https:\/\/www.svalbard.fr\/actualites\/les-chiffres-sont-la-le-boom-des-coolcations-en-scandinavie-est-reel\/#breadcrumb","itemListElement":[{"@type":"ListItem","position":1,"name":"Accueil","item":"https:\/\/www.svalbard.fr\/actualites\/"},{"@type":"ListItem","position":2,"name":"Les chiffres sont l\u00e0\u00a0: le boom des coolcations en Scandinavie est r\u00e9el"}]},{"@type":"WebSite","@id":"https:\/\/www.svalbard.fr\/actualites\/#website","url":"https:\/\/www.svalbard.fr\/actualites\/","name":"www.Svalbard.fr","description":"","publisher":{"@id":"https:\/\/www.svalbard.fr\/actualites\/#organization"},"potentialAction":[{"@type":"SearchAction","target":{"@type":"EntryPoint","urlTemplate":"https:\/\/www.svalbard.fr\/actualites\/?s={search_term_string}"},"query-input":"required name=search_term_string"}],"inLanguage":"fr-FR"},{"@type":"Organization","@id":"https:\/\/www.svalbard.fr\/actualites\/#organization","name":"www.Svalbard.fr","url":"https:\/\/www.svalbard.fr\/actualites\/","logo":{"@type":"ImageObject","inLanguage":"fr-FR","@id":"https:\/\/www.svalbard.fr\/actualites\/#\/schema\/logo\/image\/","url":"https:\/\/www.svalbard.fr\/actualites\/wp-content\/uploads\/2023\/09\/head-nom.jpg","contentUrl":"https:\/\/www.svalbard.fr\/actualites\/wp-content\/uploads\/2023\/09\/head-nom.jpg","width":264,"height":35,"caption":"www.Svalbard.fr"},"image":{"@id":"https:\/\/www.svalbard.fr\/actualites\/#\/schema\/logo\/image\/"}},{"@type":"Person","@id":"https:\/\/www.svalbard.fr\/actualites\/#\/schema\/person\/a2f937d5712222366738fae98755c600","name":"Hilmar","image":{"@type":"ImageObject","inLanguage":"fr-FR","@id":"https:\/\/www.svalbard.fr\/actualites\/#\/schema\/person\/image\/","url":"https:\/\/secure.gravatar.com\/avatar\/4daa437093476dbc32da415c112b6512?s=96&d=mm&r=g","contentUrl":"https:\/\/secure.gravatar.com\/avatar\/4daa437093476dbc32da415c112b6512?s=96&d=mm&r=g","caption":"Hilmar"},"description":"Hilmar est un passionn\u00e9 des r\u00e9gions polaires, sp\u00e9cialis\u00e9 dans la r\u00e9daction d'articles sur le Spitzberg et autres destinations arctiques. Il apporte son expertise et sa passion pour l'Arctique au sein de l'\u00e9quipe de r\u00e9daction de Svalbard depuis de nombreuses ann\u00e9es.","sameAs":["https:\/\/www.svalbard.fr\/"]}]}},"_links":{"self":[{"href":"https:\/\/www.svalbard.fr\/actualites\/wp-json\/wp\/v2\/posts\/5291"}],"collection":[{"href":"https:\/\/www.svalbard.fr\/actualites\/wp-json\/wp\/v2\/posts"}],"about":[{"href":"https:\/\/www.svalbard.fr\/actualites\/wp-json\/wp\/v2\/types\/post"}],"author":[{"embeddable":true,"href":"https:\/\/www.svalbard.fr\/actualites\/wp-json\/wp\/v2\/users\/1"}],"replies":[{"embeddable":true,"href":"https:\/\/www.svalbard.fr\/actualites\/wp-json\/wp\/v2\/comments?post=5291"}],"version-history":[{"count":0,"href":"https:\/\/www.svalbard.fr\/actualites\/wp-json\/wp\/v2\/posts\/5291\/revisions"}],"wp:featuredmedia":[{"embeddable":true,"href":"https:\/\/www.svalbard.fr\/actualites\/wp-json\/wp\/v2\/media\/5292"}],"wp:attachment":[{"href":"https:\/\/www.svalbard.fr\/actualites\/wp-json\/wp\/v2\/media?parent=5291"}],"wp:term":[{"taxonomy":"category","embeddable":true,"href":"https:\/\/www.svalbard.fr\/actualites\/wp-json\/wp\/v2\/categories?post=5291"},{"taxonomy":"post_tag","embeddable":true,"href":"https:\/\/www.svalbard.fr\/actualites\/wp-json\/wp\/v2\/tags?post=5291"}],"curies":[{"name":"wp","href":"https:\/\/api.w.org\/{rel}","templated":true}]}}