{"id":5293,"date":"2026-02-24T23:56:13","date_gmt":"2026-02-24T22:56:13","guid":{"rendered":"https:\/\/www.svalbard.fr\/actualites\/le-roi-harald-de-norvege-a-ete-transporte-durgence-a-lhopital-suite-a-la-publication-dune-mise-a-jour-urgente-sur-son-etat-de-sante\/"},"modified":"2026-02-24T23:56:16","modified_gmt":"2026-02-24T22:56:16","slug":"le-roi-harald-de-norvege-a-ete-transporte-durgence-a-lhopital-suite-a-la-publication-dune-mise-a-jour-urgente-sur-son-etat-de-sante","status":"publish","type":"post","link":"https:\/\/www.svalbard.fr\/actualites\/le-roi-harald-de-norvege-a-ete-transporte-durgence-a-lhopital-suite-a-la-publication-dune-mise-a-jour-urgente-sur-son-etat-de-sante\/","title":{"rendered":"Le roi Harald de Norv\u00e8ge a \u00e9t\u00e9 transport\u00e9 d&#39;urgence \u00e0 l&#39;h\u00f4pital suite \u00e0 la publication d&#39;une mise \u00e0 jour urgente sur son \u00e9tat de sant\u00e9."},"content":{"rendered":"<div>\n<p>La Cour royale norv\u00e9gienne a confirm\u00e9 que le roi Harald, 89 ans, avait \u00e9t\u00e9 transport\u00e9 d&#39;urgence \u00e0 l&#39;h\u00f4pital pour d\u00e9shydratation et infection. Un porte-parole de la famille royale a d\u00e9clar\u00e9 que le monarque \u00e9tait en \u00ab bon \u00bb \u00e9tat \u00e0 Tenerife.<\/p>\n<\/div>\n<div>\n<p>Un communiqu\u00e9 publi\u00e9 par la Maison royale de Norv\u00e8ge indique : \u00ab\u00a0Sa Majest\u00e9 le Roi (Harald V) a \u00e9t\u00e9 admis ce soir \u00e0 l&#39;h\u00f4pital universitaire Hospiten Sur de Tenerife. Le roi est soign\u00e9 pour une infection et une d\u00e9shydratation, et son \u00e9tat est, dans ces circonstances, bon.\u00a0\u00bb La famille royale a confirm\u00e9 que son m\u00e9decin personnel se rendrait \u00e0 Tenerife pour aider le service de sant\u00e9 local, et a d\u00e9clar\u00e9 qu&#39;une mise \u00e0 jour serait fournie une fois que le m\u00e9decin aurait \u00ab\u00a0\u00e9valu\u00e9 la situation\u00a0\u00bb.<\/p>\n<\/div>\n<div>\n<p>Le roi Harald et la reine Sonja de Norv\u00e8ge profitaient d&#39;un s\u00e9jour priv\u00e9 sur l&#39;\u00eele espagnole pour leurs vacances d&#39;hiver.<\/p>\n<\/div>\n<div>\n<p>Il r\u00e8gne depuis 1991, succ\u00e9dant \u00e0 son p\u00e8re tout aussi populaire, le roi Olav V, \u00e9lu Norv\u00e9gien du si\u00e8cle en 1999.<\/p>\n<\/div>\n<div>\n<p>L&#39;\u00e9pouse de l&#39;h\u00e9ritier du tr\u00f4ne, la princesse h\u00e9riti\u00e8re Mette-Marit, figurait des centaines de fois dans les dossiers entre 2011 et 2014, apr\u00e8s qu&#39;Epstein ait \u00e9t\u00e9 reconnu coupable de sollicitation de prostitution avec une mineure. L\u2019implication dans les dossiers n\u2019indique aucun acte r\u00e9pr\u00e9hensible.<\/p>\n<\/div>\n<div>\n<p>La princesse a publi\u00e9 une d\u00e9claration disant: \u00ab\u00a0J&#39;ai fait preuve d&#39;un manque de jugement et je regrette d&#39;avoir eu un quelconque contact avec Epstein. C&#39;est tout simplement embarrassant.\u00a0\u00bb<\/p>\n<\/div>\n<div>\n<p>Elle a exprim\u00e9 sa \u00ab profonde sympathie et solidarit\u00e9 avec les victimes des exactions commises par Jeffrey Epstein \u00bb.<\/p>\n<\/div>\n<div>\n<p>L&#39;examen minutieux de Mette-Marit intervient alors que son fils, issu d&#39;une relation ant\u00e9rieure avant son mariage avec le prince h\u00e9ritier Haakon, devait \u00eatre jug\u00e9 pour des all\u00e9gations de 38 crimes, dont quatre viols et agressions.<\/p>\n<\/div>\n<div>\n<p>Marius Borg H\u00f8iby a plaid\u00e9 non coupable des infractions les plus graves, notamment des viols pr\u00e9sum\u00e9s. Il risque jusqu&#39;\u00e0 16 ans de prison s&#39;il est reconnu coupable. Son proc\u00e8s est en cours.<\/p>\n<\/div>\n","protected":false},"excerpt":{"rendered":"<p>La Cour royale norv\u00e9gienne a confirm\u00e9 que le roi Harald, 89 ans, avait \u00e9t\u00e9 transport\u00e9 d&#39;urgence \u00e0 l&#39;h\u00f4pital pour d\u00e9shydratation et infection. Un porte-parole de<\/p>\n","protected":false},"author":1,"featured_media":5294,"comment_status":"closed","ping_status":"","sticky":false,"template":"","format":"standard","meta":{"footnotes":""},"categories":[2277],"tags":[1496,2006,1309,185,508,632,2007,688,6,5755,507,957,193,1495,28,5753,5757],"yoast_head":"<!-- This site is optimized with the Yoast SEO plugin v21.0 - https:\/\/yoast.com\/wordpress\/plugins\/seo\/ -->\n<title>Le roi Harald de Norv\u00e8ge a \u00e9t\u00e9 transport\u00e9 d&#039;urgence \u00e0 l&#039;h\u00f4pital suite \u00e0 la publication d&#039;une mise \u00e0 jour urgente sur son \u00e9tat de sant\u00e9.<\/title>\n<meta name=\"robots\" content=\"index, follow, max-snippet:-1, max-image-preview:large, max-video-preview:-1\" \/>\n<link rel=\"canonical\" href=\"https:\/\/www.svalbard.fr\/actualites\/le-roi-harald-de-norvege-a-ete-transporte-durgence-a-lhopital-suite-a-la-publication-dune-mise-a-jour-urgente-sur-son-etat-de-sante\/\" \/>\n<meta property=\"og:locale\" content=\"fr_FR\" \/>\n<meta property=\"og:type\" content=\"article\" \/>\n<meta property=\"og:title\" content=\"Le roi Harald de Norv\u00e8ge a \u00e9t\u00e9 transport\u00e9 d&#039;urgence \u00e0 l&#039;h\u00f4pital suite \u00e0 la publication d&#039;une mise \u00e0 jour urgente sur son \u00e9tat de sant\u00e9.\" \/>\n<meta property=\"og:description\" content=\"La Cour royale norv\u00e9gienne a confirm\u00e9 que le roi Harald, 89 ans, avait \u00e9t\u00e9 transport\u00e9 d&#039;urgence \u00e0 l&#039;h\u00f4pital pour d\u00e9shydratation et infection. Un porte-parole de\" \/>\n<meta property=\"og:url\" content=\"https:\/\/www.svalbard.fr\/actualites\/le-roi-harald-de-norvege-a-ete-transporte-durgence-a-lhopital-suite-a-la-publication-dune-mise-a-jour-urgente-sur-son-etat-de-sante\/\" \/>\n<meta property=\"og:site_name\" content=\"www.Svalbard.fr\" \/>\n<meta property=\"article:published_time\" content=\"2026-02-24T22:56:13+00:00\" \/>\n<meta property=\"article:modified_time\" content=\"2026-02-24T22:56:16+00:00\" \/>\n<meta property=\"og:image\" content=\"https:\/\/www.svalbard.fr\/actualites\/wp-content\/uploads\/2026\/02\/Le-roi-Harald-de-Norvege-a-ete-transporte-d39urgence-a.jpg\" \/>\n\t<meta property=\"og:image:width\" content=\"1200\" \/>\n\t<meta property=\"og:image:height\" content=\"630\" \/>\n\t<meta property=\"og:image:type\" content=\"image\/jpeg\" \/>\n<meta name=\"author\" content=\"Hilmar\" \/>\n<meta name=\"twitter:card\" content=\"summary_large_image\" \/>\n<meta name=\"twitter:label1\" content=\"\u00c9crit par\" \/>\n\t<meta name=\"twitter:data1\" content=\"Hilmar\" \/>\n\t<meta name=\"twitter:label2\" content=\"Dur\u00e9e de lecture estim\u00e9e\" \/>\n\t<meta name=\"twitter:data2\" content=\"2 minutes\" \/>\n<script type=\"application\/ld+json\" class=\"yoast-schema-graph\">{\"@context\":\"https:\/\/schema.org\",\"@graph\":[{\"@type\":\"Article\",\"@id\":\"https:\/\/www.svalbard.fr\/actualites\/le-roi-harald-de-norvege-a-ete-transporte-durgence-a-lhopital-suite-a-la-publication-dune-mise-a-jour-urgente-sur-son-etat-de-sante\/#article\",\"isPartOf\":{\"@id\":\"https:\/\/www.svalbard.fr\/actualites\/le-roi-harald-de-norvege-a-ete-transporte-durgence-a-lhopital-suite-a-la-publication-dune-mise-a-jour-urgente-sur-son-etat-de-sante\/\"},\"author\":{\"name\":\"Hilmar\",\"@id\":\"https:\/\/www.svalbard.fr\/actualites\/#\/schema\/person\/a2f937d5712222366738fae98755c600\"},\"headline\":\"Le roi Harald de Norv\u00e8ge a \u00e9t\u00e9 transport\u00e9 d&#39;urgence \u00e0 l&#39;h\u00f4pital suite \u00e0 la publication d&#39;une mise \u00e0 jour urgente sur son \u00e9tat de sant\u00e9.\",\"datePublished\":\"2026-02-24T22:56:13+00:00\",\"dateModified\":\"2026-02-24T22:56:16+00:00\",\"mainEntityOfPage\":{\"@id\":\"https:\/\/www.svalbard.fr\/actualites\/le-roi-harald-de-norvege-a-ete-transporte-durgence-a-lhopital-suite-a-la-publication-dune-mise-a-jour-urgente-sur-son-etat-de-sante\/\"},\"wordCount\":383,\"publisher\":{\"@id\":\"https:\/\/www.svalbard.fr\/actualites\/#organization\"},\"keywords\":[\"d39une\",\"d39urgence\",\"\u00c9tat\",\"\u00e9t\u00e9\",\"Harald\",\"jour\",\"l39h\u00f4pital\",\"mise\",\"Norv\u00e8ge\",\"publication\",\"roi\",\"sant\u00e9\",\"son\",\"suite\",\"sur\",\"transport\u00e9\",\"urgente\"],\"inLanguage\":\"fr-FR\"},{\"@type\":\"WebPage\",\"@id\":\"https:\/\/www.svalbard.fr\/actualites\/le-roi-harald-de-norvege-a-ete-transporte-durgence-a-lhopital-suite-a-la-publication-dune-mise-a-jour-urgente-sur-son-etat-de-sante\/\",\"url\":\"https:\/\/www.svalbard.fr\/actualites\/le-roi-harald-de-norvege-a-ete-transporte-durgence-a-lhopital-suite-a-la-publication-dune-mise-a-jour-urgente-sur-son-etat-de-sante\/\",\"name\":\"Le roi Harald de Norv\u00e8ge a \u00e9t\u00e9 transport\u00e9 d&#39;urgence \u00e0 l&#39;h\u00f4pital suite \u00e0 la publication d&#39;une mise \u00e0 jour urgente sur son \u00e9tat de sant\u00e9.\",\"isPartOf\":{\"@id\":\"https:\/\/www.svalbard.fr\/actualites\/#website\"},\"datePublished\":\"2026-02-24T22:56:13+00:00\",\"dateModified\":\"2026-02-24T22:56:16+00:00\",\"breadcrumb\":{\"@id\":\"https:\/\/www.svalbard.fr\/actualites\/le-roi-harald-de-norvege-a-ete-transporte-durgence-a-lhopital-suite-a-la-publication-dune-mise-a-jour-urgente-sur-son-etat-de-sante\/#breadcrumb\"},\"inLanguage\":\"fr-FR\",\"potentialAction\":[{\"@type\":\"ReadAction\",\"target\":[\"https:\/\/www.svalbard.fr\/actualites\/le-roi-harald-de-norvege-a-ete-transporte-durgence-a-lhopital-suite-a-la-publication-dune-mise-a-jour-urgente-sur-son-etat-de-sante\/\"]}]},{\"@type\":\"BreadcrumbList\",\"@id\":\"https:\/\/www.svalbard.fr\/actualites\/le-roi-harald-de-norvege-a-ete-transporte-durgence-a-lhopital-suite-a-la-publication-dune-mise-a-jour-urgente-sur-son-etat-de-sante\/#breadcrumb\",\"itemListElement\":[{\"@type\":\"ListItem\",\"position\":1,\"name\":\"Accueil\",\"item\":\"https:\/\/www.svalbard.fr\/actualites\/\"},{\"@type\":\"ListItem\",\"position\":2,\"name\":\"Le roi Harald de Norv\u00e8ge a \u00e9t\u00e9 transport\u00e9 d&#39;urgence \u00e0 l&#39;h\u00f4pital suite \u00e0 la publication d&#39;une mise \u00e0 jour urgente sur son \u00e9tat de sant\u00e9.\"}]},{\"@type\":\"WebSite\",\"@id\":\"https:\/\/www.svalbard.fr\/actualites\/#website\",\"url\":\"https:\/\/www.svalbard.fr\/actualites\/\",\"name\":\"www.Svalbard.fr\",\"description\":\"\",\"publisher\":{\"@id\":\"https:\/\/www.svalbard.fr\/actualites\/#organization\"},\"potentialAction\":[{\"@type\":\"SearchAction\",\"target\":{\"@type\":\"EntryPoint\",\"urlTemplate\":\"https:\/\/www.svalbard.fr\/actualites\/?s={search_term_string}\"},\"query-input\":\"required name=search_term_string\"}],\"inLanguage\":\"fr-FR\"},{\"@type\":\"Organization\",\"@id\":\"https:\/\/www.svalbard.fr\/actualites\/#organization\",\"name\":\"www.Svalbard.fr\",\"url\":\"https:\/\/www.svalbard.fr\/actualites\/\",\"logo\":{\"@type\":\"ImageObject\",\"inLanguage\":\"fr-FR\",\"@id\":\"https:\/\/www.svalbard.fr\/actualites\/#\/schema\/logo\/image\/\",\"url\":\"https:\/\/www.svalbard.fr\/actualites\/wp-content\/uploads\/2023\/09\/head-nom.jpg\",\"contentUrl\":\"https:\/\/www.svalbard.fr\/actualites\/wp-content\/uploads\/2023\/09\/head-nom.jpg\",\"width\":264,\"height\":35,\"caption\":\"www.Svalbard.fr\"},\"image\":{\"@id\":\"https:\/\/www.svalbard.fr\/actualites\/#\/schema\/logo\/image\/\"}},{\"@type\":\"Person\",\"@id\":\"https:\/\/www.svalbard.fr\/actualites\/#\/schema\/person\/a2f937d5712222366738fae98755c600\",\"name\":\"Hilmar\",\"image\":{\"@type\":\"ImageObject\",\"inLanguage\":\"fr-FR\",\"@id\":\"https:\/\/www.svalbard.fr\/actualites\/#\/schema\/person\/image\/\",\"url\":\"https:\/\/secure.gravatar.com\/avatar\/4daa437093476dbc32da415c112b6512?s=96&d=mm&r=g\",\"contentUrl\":\"https:\/\/secure.gravatar.com\/avatar\/4daa437093476dbc32da415c112b6512?s=96&d=mm&r=g\",\"caption\":\"Hilmar\"},\"description\":\"Hilmar est un passionn\u00e9 des r\u00e9gions polaires, sp\u00e9cialis\u00e9 dans la r\u00e9daction d'articles sur le Spitzberg et autres destinations arctiques. Il apporte son expertise et sa passion pour l'Arctique au sein de l'\u00e9quipe de r\u00e9daction de Svalbard depuis de nombreuses ann\u00e9es.\",\"sameAs\":[\"https:\/\/www.svalbard.fr\/\"]}]}<\/script>\n<!-- \/ Yoast SEO plugin. -->","yoast_head_json":{"title":"Le roi Harald de Norv\u00e8ge a \u00e9t\u00e9 transport\u00e9 d&#39;urgence \u00e0 l&#39;h\u00f4pital suite \u00e0 la publication d&#39;une mise \u00e0 jour urgente sur son \u00e9tat de sant\u00e9.","robots":{"index":"index","follow":"follow","max-snippet":"max-snippet:-1","max-image-preview":"max-image-preview:large","max-video-preview":"max-video-preview:-1"},"canonical":"https:\/\/www.svalbard.fr\/actualites\/le-roi-harald-de-norvege-a-ete-transporte-durgence-a-lhopital-suite-a-la-publication-dune-mise-a-jour-urgente-sur-son-etat-de-sante\/","og_locale":"fr_FR","og_type":"article","og_title":"Le roi Harald de Norv\u00e8ge a \u00e9t\u00e9 transport\u00e9 d&#39;urgence \u00e0 l&#39;h\u00f4pital suite \u00e0 la publication d&#39;une mise \u00e0 jour urgente sur son \u00e9tat de sant\u00e9.","og_description":"La Cour royale norv\u00e9gienne a confirm\u00e9 que le roi Harald, 89 ans, avait \u00e9t\u00e9 transport\u00e9 d&#39;urgence \u00e0 l&#39;h\u00f4pital pour d\u00e9shydratation et infection. Un porte-parole de","og_url":"https:\/\/www.svalbard.fr\/actualites\/le-roi-harald-de-norvege-a-ete-transporte-durgence-a-lhopital-suite-a-la-publication-dune-mise-a-jour-urgente-sur-son-etat-de-sante\/","og_site_name":"www.Svalbard.fr","article_published_time":"2026-02-24T22:56:13+00:00","article_modified_time":"2026-02-24T22:56:16+00:00","og_image":[{"width":1200,"height":630,"url":"https:\/\/www.svalbard.fr\/actualites\/wp-content\/uploads\/2026\/02\/Le-roi-Harald-de-Norvege-a-ete-transporte-d39urgence-a.jpg","type":"image\/jpeg"}],"author":"Hilmar","twitter_card":"summary_large_image","twitter_misc":{"\u00c9crit par":"Hilmar","Dur\u00e9e de lecture estim\u00e9e":"2 minutes"},"schema":{"@context":"https:\/\/schema.org","@graph":[{"@type":"Article","@id":"https:\/\/www.svalbard.fr\/actualites\/le-roi-harald-de-norvege-a-ete-transporte-durgence-a-lhopital-suite-a-la-publication-dune-mise-a-jour-urgente-sur-son-etat-de-sante\/#article","isPartOf":{"@id":"https:\/\/www.svalbard.fr\/actualites\/le-roi-harald-de-norvege-a-ete-transporte-durgence-a-lhopital-suite-a-la-publication-dune-mise-a-jour-urgente-sur-son-etat-de-sante\/"},"author":{"name":"Hilmar","@id":"https:\/\/www.svalbard.fr\/actualites\/#\/schema\/person\/a2f937d5712222366738fae98755c600"},"headline":"Le roi Harald de Norv\u00e8ge a \u00e9t\u00e9 transport\u00e9 d&#39;urgence \u00e0 l&#39;h\u00f4pital suite \u00e0 la publication d&#39;une mise \u00e0 jour urgente sur son \u00e9tat de sant\u00e9.","datePublished":"2026-02-24T22:56:13+00:00","dateModified":"2026-02-24T22:56:16+00:00","mainEntityOfPage":{"@id":"https:\/\/www.svalbard.fr\/actualites\/le-roi-harald-de-norvege-a-ete-transporte-durgence-a-lhopital-suite-a-la-publication-dune-mise-a-jour-urgente-sur-son-etat-de-sante\/"},"wordCount":383,"publisher":{"@id":"https:\/\/www.svalbard.fr\/actualites\/#organization"},"keywords":["d39une","d39urgence","\u00c9tat","\u00e9t\u00e9","Harald","jour","l39h\u00f4pital","mise","Norv\u00e8ge","publication","roi","sant\u00e9","son","suite","sur","transport\u00e9","urgente"],"inLanguage":"fr-FR"},{"@type":"WebPage","@id":"https:\/\/www.svalbard.fr\/actualites\/le-roi-harald-de-norvege-a-ete-transporte-durgence-a-lhopital-suite-a-la-publication-dune-mise-a-jour-urgente-sur-son-etat-de-sante\/","url":"https:\/\/www.svalbard.fr\/actualites\/le-roi-harald-de-norvege-a-ete-transporte-durgence-a-lhopital-suite-a-la-publication-dune-mise-a-jour-urgente-sur-son-etat-de-sante\/","name":"Le roi Harald de Norv\u00e8ge a \u00e9t\u00e9 transport\u00e9 d&#39;urgence \u00e0 l&#39;h\u00f4pital suite \u00e0 la publication d&#39;une mise \u00e0 jour urgente sur son \u00e9tat de sant\u00e9.","isPartOf":{"@id":"https:\/\/www.svalbard.fr\/actualites\/#website"},"datePublished":"2026-02-24T22:56:13+00:00","dateModified":"2026-02-24T22:56:16+00:00","breadcrumb":{"@id":"https:\/\/www.svalbard.fr\/actualites\/le-roi-harald-de-norvege-a-ete-transporte-durgence-a-lhopital-suite-a-la-publication-dune-mise-a-jour-urgente-sur-son-etat-de-sante\/#breadcrumb"},"inLanguage":"fr-FR","potentialAction":[{"@type":"ReadAction","target":["https:\/\/www.svalbard.fr\/actualites\/le-roi-harald-de-norvege-a-ete-transporte-durgence-a-lhopital-suite-a-la-publication-dune-mise-a-jour-urgente-sur-son-etat-de-sante\/"]}]},{"@type":"BreadcrumbList","@id":"https:\/\/www.svalbard.fr\/actualites\/le-roi-harald-de-norvege-a-ete-transporte-durgence-a-lhopital-suite-a-la-publication-dune-mise-a-jour-urgente-sur-son-etat-de-sante\/#breadcrumb","itemListElement":[{"@type":"ListItem","position":1,"name":"Accueil","item":"https:\/\/www.svalbard.fr\/actualites\/"},{"@type":"ListItem","position":2,"name":"Le roi Harald de Norv\u00e8ge a \u00e9t\u00e9 transport\u00e9 d&#39;urgence \u00e0 l&#39;h\u00f4pital suite \u00e0 la publication d&#39;une mise \u00e0 jour urgente sur son \u00e9tat de sant\u00e9."}]},{"@type":"WebSite","@id":"https:\/\/www.svalbard.fr\/actualites\/#website","url":"https:\/\/www.svalbard.fr\/actualites\/","name":"www.Svalbard.fr","description":"","publisher":{"@id":"https:\/\/www.svalbard.fr\/actualites\/#organization"},"potentialAction":[{"@type":"SearchAction","target":{"@type":"EntryPoint","urlTemplate":"https:\/\/www.svalbard.fr\/actualites\/?s={search_term_string}"},"query-input":"required name=search_term_string"}],"inLanguage":"fr-FR"},{"@type":"Organization","@id":"https:\/\/www.svalbard.fr\/actualites\/#organization","name":"www.Svalbard.fr","url":"https:\/\/www.svalbard.fr\/actualites\/","logo":{"@type":"ImageObject","inLanguage":"fr-FR","@id":"https:\/\/www.svalbard.fr\/actualites\/#\/schema\/logo\/image\/","url":"https:\/\/www.svalbard.fr\/actualites\/wp-content\/uploads\/2023\/09\/head-nom.jpg","contentUrl":"https:\/\/www.svalbard.fr\/actualites\/wp-content\/uploads\/2023\/09\/head-nom.jpg","width":264,"height":35,"caption":"www.Svalbard.fr"},"image":{"@id":"https:\/\/www.svalbard.fr\/actualites\/#\/schema\/logo\/image\/"}},{"@type":"Person","@id":"https:\/\/www.svalbard.fr\/actualites\/#\/schema\/person\/a2f937d5712222366738fae98755c600","name":"Hilmar","image":{"@type":"ImageObject","inLanguage":"fr-FR","@id":"https:\/\/www.svalbard.fr\/actualites\/#\/schema\/person\/image\/","url":"https:\/\/secure.gravatar.com\/avatar\/4daa437093476dbc32da415c112b6512?s=96&d=mm&r=g","contentUrl":"https:\/\/secure.gravatar.com\/avatar\/4daa437093476dbc32da415c112b6512?s=96&d=mm&r=g","caption":"Hilmar"},"description":"Hilmar est un passionn\u00e9 des r\u00e9gions polaires, sp\u00e9cialis\u00e9 dans la r\u00e9daction d'articles sur le Spitzberg et autres destinations arctiques. Il apporte son expertise et sa passion pour l'Arctique au sein de l'\u00e9quipe de r\u00e9daction de Svalbard depuis de nombreuses ann\u00e9es.","sameAs":["https:\/\/www.svalbard.fr\/"]}]}},"_links":{"self":[{"href":"https:\/\/www.svalbard.fr\/actualites\/wp-json\/wp\/v2\/posts\/5293"}],"collection":[{"href":"https:\/\/www.svalbard.fr\/actualites\/wp-json\/wp\/v2\/posts"}],"about":[{"href":"https:\/\/www.svalbard.fr\/actualites\/wp-json\/wp\/v2\/types\/post"}],"author":[{"embeddable":true,"href":"https:\/\/www.svalbard.fr\/actualites\/wp-json\/wp\/v2\/users\/1"}],"replies":[{"embeddable":true,"href":"https:\/\/www.svalbard.fr\/actualites\/wp-json\/wp\/v2\/comments?post=5293"}],"version-history":[{"count":1,"href":"https:\/\/www.svalbard.fr\/actualites\/wp-json\/wp\/v2\/posts\/5293\/revisions"}],"predecessor-version":[{"id":5295,"href":"https:\/\/www.svalbard.fr\/actualites\/wp-json\/wp\/v2\/posts\/5293\/revisions\/5295"}],"wp:featuredmedia":[{"embeddable":true,"href":"https:\/\/www.svalbard.fr\/actualites\/wp-json\/wp\/v2\/media\/5294"}],"wp:attachment":[{"href":"https:\/\/www.svalbard.fr\/actualites\/wp-json\/wp\/v2\/media?parent=5293"}],"wp:term":[{"taxonomy":"category","embeddable":true,"href":"https:\/\/www.svalbard.fr\/actualites\/wp-json\/wp\/v2\/categories?post=5293"},{"taxonomy":"post_tag","embeddable":true,"href":"https:\/\/www.svalbard.fr\/actualites\/wp-json\/wp\/v2\/tags?post=5293"}],"curies":[{"name":"wp","href":"https:\/\/api.w.org\/{rel}","templated":true}]}}