{"id":5296,"date":"2026-02-25T23:56:05","date_gmt":"2026-02-25T22:56:05","guid":{"rendered":"https:\/\/www.svalbard.fr\/actualites\/lancien-premier-ministre-nomme-dans-les-dossiers-epstein-transporte-durgence-a-lhopital\/"},"modified":"2026-02-25T23:56:08","modified_gmt":"2026-02-25T22:56:08","slug":"lancien-premier-ministre-nomme-dans-les-dossiers-epstein-transporte-durgence-a-lhopital","status":"publish","type":"post","link":"https:\/\/www.svalbard.fr\/actualites\/lancien-premier-ministre-nomme-dans-les-dossiers-epstein-transporte-durgence-a-lhopital\/","title":{"rendered":"L&#39;ancien Premier ministre nomm\u00e9 dans les dossiers Epstein transport\u00e9 d&#39;urgence \u00e0 l&#39;h\u00f4pital"},"content":{"rendered":"<div>\n<p>L&#39;ancien Premier ministre norv\u00e9gien a \u00e9t\u00e9 hospitalis\u00e9 d&#39;urgence apr\u00e8s une tentative de suicide.<\/p>\n<\/div>\n<div>\n<p>Thorbj\u00f8rn Jagland a \u00e9t\u00e9 hospitalis\u00e9 mardi 24 f\u00e9vrier, quelques jours seulement apr\u00e8s avoir \u00e9t\u00e9 inculp\u00e9 de graves d\u00e9lits de corruption, li\u00e9s \u00e0 son association avec le p\u00e9dophile Epstein. Les informations selon lesquelles Jagland aurait tent\u00e9 de se suicider ont \u00e9t\u00e9 d\u00e9menties par son avocat.<\/p>\n<\/div>\n<div>\n<p>Jagland a \u00e9t\u00e9 accus\u00e9 de \u00ab corruption flagrante \u00bb apr\u00e8s que des documents r\u00e9cemment publi\u00e9s aient r\u00e9v\u00e9l\u00e9 une relation transactionnelle entre l&#39;ex-Premier ministre et un p\u00e9dophile condamn\u00e9, entre 2011 et 2018. Certains m\u00e9dias norv\u00e9giens ont fait \u00e9tat d&#39;une tentative de suicide, mais l&#39;\u00e9quipe juridique de l&#39;homme d&#39;\u00c9tat de premier plan a insist\u00e9 sur le fait qu&#39;il avait \u00e9t\u00e9 transport\u00e9 d&#39;urgence \u00e0 l&#39;h\u00f4pital en raison d&#39;un stress extr\u00eame plut\u00f4t que d&#39;un acte d\u00e9lib\u00e9r\u00e9.<\/p>\n<\/div>\n<div>\n<p><strong>  Pour un soutien \u00e9motionnel, vous pouvez appeler la ligne d&#39;assistance t\u00e9l\u00e9phonique des Samaritains 24 heures sur 24 au 116\u00a0123, par e-mail **<em>jo@samaritans.org<\/em>visitez une succursale des Samaritains en personne ou rendez-vous sur le site Web des Samaritains. <\/strong><\/p>\n<\/div>\n<div>\n<p>Une enqu\u00eate sur la relation et l&#39;ex-dirigeant a \u00e9t\u00e9 ouverte par les autorit\u00e9s norv\u00e9giennes pour corruption potentielle &#8211; Jagland a reconnu \u00ab\u00a0un mauvais jugement\u00a0\u00bb. L&#39;avocat de l&#39;ancien Premier ministre, Anders Brosveet, a r\u00e9prim\u00e9 les affirmations de certains m\u00e9dias norv\u00e9giens, dont iNyheter, et a fermement ni\u00e9 que Jagland ait subi une \u00ab\u00a0tentative de suicide\u00a0\u00bb.<\/p>\n<\/div>\n<div>\n<p>Selon Brosveet, Jagland a \u00e9t\u00e9 transport\u00e9 \u00e0 l&#39;h\u00f4pital suite \u00e0 un stress extr\u00eame et aux risques m\u00e9dicaux provoqu\u00e9s par l&#39;enqu\u00eate criminelle et la pression m\u00e9diatique. Jagland a ni\u00e9 toute responsabilit\u00e9 p\u00e9nale et a pr\u00e9c\u00e9demment d\u00e9clar\u00e9 qu&#39;il \u00e9tait pr\u00eat \u00e0 coop\u00e9rer \u00e0 l&#39;enqu\u00eate.<\/p>\n<\/div>\n<div>\n<p>Les documents contenus dans les dossiers d&#39;Epstein semblent montrer que Jagland avait pr\u00e9vu un voyage en famille sur l&#39;\u00eele priv\u00e9e d&#39;Epstein en 2014, mais celui-ci a \u00e9t\u00e9 annul\u00e9 lorsque le p\u00e9dophile est tomb\u00e9 malade. Un autre \u00e9change semble montrer que l&#39;ex-Premier ministre essayait d&#39;aider Epstein \u00e0 obtenir un pr\u00eat bancaire, mais il n&#39;est pas clair si cela a abouti, selon le site d&#39;information norv\u00e9gien NRK.<\/p>\n<\/div>\n<div>\n<p><strong>  *** Assurez-vous que nos derniers titres d&#39;actualit\u00e9 apparaissent toujours en haut de votre recherche Google en faisant de nous une source pr\u00e9f\u00e9r\u00e9e. Cliquez ici pour nous activer ou nous ajouter comme source pr\u00e9f\u00e9r\u00e9e dans vos param\u00e8tres de recherche Google. *** <\/strong><\/p>\n<\/div>\n<div>\n<p>Jagland a \u00e9t\u00e9 Premier ministre en Norv\u00e8ge entre 1996 et 1997, et pr\u00e9sident du Comit\u00e9 Nobel norv\u00e9gien entre 2009 et 2015. L&#39;accusation port\u00e9e contre Jagland a \u00e9t\u00e9 port\u00e9e contre l&#39;ancien Premier ministre apr\u00e8s la lev\u00e9e de son immunit\u00e9 du Conseil de l&#39;Europe, qu&#39;il a dirig\u00e9 entre 2009 et 2018.<\/p>\n<\/div>\n<div>\n<p>La police norv\u00e9gienne n&#39;a pas confirm\u00e9 si cette all\u00e9gation faisait l&#39;objet d&#39;une enqu\u00eate. \u00catre mentionn\u00e9 dans les dossiers Epstein ne constitue pas une accusation d\u2019acte r\u00e9pr\u00e9hensible.<\/p>\n<\/div>\n","protected":false},"excerpt":{"rendered":"<p>L&#39;ancien Premier ministre norv\u00e9gien a \u00e9t\u00e9 hospitalis\u00e9 d&#39;urgence apr\u00e8s une tentative de suicide. Thorbj\u00f8rn Jagland a \u00e9t\u00e9 hospitalis\u00e9 mardi 24 f\u00e9vrier, quelques jours seulement apr\u00e8s<\/p>\n","protected":false},"author":1,"featured_media":5297,"comment_status":"closed","ping_status":"","sticky":false,"template":"","format":"standard","meta":{"footnotes":""},"categories":[2277],"tags":[2006,54,5761,5619,5759,2007,3,5703,1797,831,5753],"yoast_head":"<!-- This site is optimized with the Yoast SEO plugin v21.0 - https:\/\/yoast.com\/wordpress\/plugins\/seo\/ -->\n<title>L&#039;ancien Premier ministre nomm\u00e9 dans les dossiers Epstein transport\u00e9 d&#039;urgence \u00e0 l&#039;h\u00f4pital<\/title>\n<meta name=\"robots\" content=\"index, follow, max-snippet:-1, max-image-preview:large, max-video-preview:-1\" \/>\n<link rel=\"canonical\" href=\"https:\/\/www.svalbard.fr\/actualites\/lancien-premier-ministre-nomme-dans-les-dossiers-epstein-transporte-durgence-a-lhopital\/\" \/>\n<meta property=\"og:locale\" content=\"fr_FR\" \/>\n<meta property=\"og:type\" content=\"article\" \/>\n<meta property=\"og:title\" content=\"L&#039;ancien Premier ministre nomm\u00e9 dans les dossiers Epstein transport\u00e9 d&#039;urgence \u00e0 l&#039;h\u00f4pital\" \/>\n<meta property=\"og:description\" content=\"L&#039;ancien Premier ministre norv\u00e9gien a \u00e9t\u00e9 hospitalis\u00e9 d&#039;urgence apr\u00e8s une tentative de suicide. Thorbj\u00f8rn Jagland a \u00e9t\u00e9 hospitalis\u00e9 mardi 24 f\u00e9vrier, quelques jours seulement apr\u00e8s\" \/>\n<meta property=\"og:url\" content=\"https:\/\/www.svalbard.fr\/actualites\/lancien-premier-ministre-nomme-dans-les-dossiers-epstein-transporte-durgence-a-lhopital\/\" \/>\n<meta property=\"og:site_name\" content=\"www.Svalbard.fr\" \/>\n<meta property=\"article:published_time\" content=\"2026-02-25T22:56:05+00:00\" \/>\n<meta property=\"article:modified_time\" content=\"2026-02-25T22:56:08+00:00\" \/>\n<meta property=\"og:image\" content=\"https:\/\/www.svalbard.fr\/actualites\/wp-content\/uploads\/2026\/02\/L39ancien-Premier-ministre-nomme-dans-les-dossiers-Epstein-transporte-d39urgence.jpg\" \/>\n\t<meta property=\"og:image:width\" content=\"1200\" \/>\n\t<meta property=\"og:image:height\" content=\"630\" \/>\n\t<meta property=\"og:image:type\" content=\"image\/jpeg\" \/>\n<meta name=\"author\" content=\"Hilmar\" \/>\n<meta name=\"twitter:card\" content=\"summary_large_image\" \/>\n<meta name=\"twitter:label1\" content=\"\u00c9crit par\" \/>\n\t<meta name=\"twitter:data1\" content=\"Hilmar\" \/>\n\t<meta name=\"twitter:label2\" content=\"Dur\u00e9e de lecture estim\u00e9e\" \/>\n\t<meta name=\"twitter:data2\" content=\"3 minutes\" \/>\n<script type=\"application\/ld+json\" class=\"yoast-schema-graph\">{\"@context\":\"https:\/\/schema.org\",\"@graph\":[{\"@type\":\"Article\",\"@id\":\"https:\/\/www.svalbard.fr\/actualites\/lancien-premier-ministre-nomme-dans-les-dossiers-epstein-transporte-durgence-a-lhopital\/#article\",\"isPartOf\":{\"@id\":\"https:\/\/www.svalbard.fr\/actualites\/lancien-premier-ministre-nomme-dans-les-dossiers-epstein-transporte-durgence-a-lhopital\/\"},\"author\":{\"name\":\"Hilmar\",\"@id\":\"https:\/\/www.svalbard.fr\/actualites\/#\/schema\/person\/a2f937d5712222366738fae98755c600\"},\"headline\":\"L&#39;ancien Premier ministre nomm\u00e9 dans les dossiers Epstein transport\u00e9 d&#39;urgence \u00e0 l&#39;h\u00f4pital\",\"datePublished\":\"2026-02-25T22:56:05+00:00\",\"dateModified\":\"2026-02-25T22:56:08+00:00\",\"mainEntityOfPage\":{\"@id\":\"https:\/\/www.svalbard.fr\/actualites\/lancien-premier-ministre-nomme-dans-les-dossiers-epstein-transporte-durgence-a-lhopital\/\"},\"wordCount\":536,\"publisher\":{\"@id\":\"https:\/\/www.svalbard.fr\/actualites\/#organization\"},\"keywords\":[\"d39urgence\",\"dans\",\"dossiers\",\"Epstein\",\"L39ancien\",\"l39h\u00f4pital\",\"Les\",\"ministre\",\"nomm\u00e9\",\"Premier\",\"transport\u00e9\"],\"inLanguage\":\"fr-FR\"},{\"@type\":\"WebPage\",\"@id\":\"https:\/\/www.svalbard.fr\/actualites\/lancien-premier-ministre-nomme-dans-les-dossiers-epstein-transporte-durgence-a-lhopital\/\",\"url\":\"https:\/\/www.svalbard.fr\/actualites\/lancien-premier-ministre-nomme-dans-les-dossiers-epstein-transporte-durgence-a-lhopital\/\",\"name\":\"L&#39;ancien Premier ministre nomm\u00e9 dans les dossiers Epstein transport\u00e9 d&#39;urgence \u00e0 l&#39;h\u00f4pital\",\"isPartOf\":{\"@id\":\"https:\/\/www.svalbard.fr\/actualites\/#website\"},\"datePublished\":\"2026-02-25T22:56:05+00:00\",\"dateModified\":\"2026-02-25T22:56:08+00:00\",\"breadcrumb\":{\"@id\":\"https:\/\/www.svalbard.fr\/actualites\/lancien-premier-ministre-nomme-dans-les-dossiers-epstein-transporte-durgence-a-lhopital\/#breadcrumb\"},\"inLanguage\":\"fr-FR\",\"potentialAction\":[{\"@type\":\"ReadAction\",\"target\":[\"https:\/\/www.svalbard.fr\/actualites\/lancien-premier-ministre-nomme-dans-les-dossiers-epstein-transporte-durgence-a-lhopital\/\"]}]},{\"@type\":\"BreadcrumbList\",\"@id\":\"https:\/\/www.svalbard.fr\/actualites\/lancien-premier-ministre-nomme-dans-les-dossiers-epstein-transporte-durgence-a-lhopital\/#breadcrumb\",\"itemListElement\":[{\"@type\":\"ListItem\",\"position\":1,\"name\":\"Accueil\",\"item\":\"https:\/\/www.svalbard.fr\/actualites\/\"},{\"@type\":\"ListItem\",\"position\":2,\"name\":\"L&#39;ancien Premier ministre nomm\u00e9 dans les dossiers Epstein transport\u00e9 d&#39;urgence \u00e0 l&#39;h\u00f4pital\"}]},{\"@type\":\"WebSite\",\"@id\":\"https:\/\/www.svalbard.fr\/actualites\/#website\",\"url\":\"https:\/\/www.svalbard.fr\/actualites\/\",\"name\":\"www.Svalbard.fr\",\"description\":\"\",\"publisher\":{\"@id\":\"https:\/\/www.svalbard.fr\/actualites\/#organization\"},\"potentialAction\":[{\"@type\":\"SearchAction\",\"target\":{\"@type\":\"EntryPoint\",\"urlTemplate\":\"https:\/\/www.svalbard.fr\/actualites\/?s={search_term_string}\"},\"query-input\":\"required name=search_term_string\"}],\"inLanguage\":\"fr-FR\"},{\"@type\":\"Organization\",\"@id\":\"https:\/\/www.svalbard.fr\/actualites\/#organization\",\"name\":\"www.Svalbard.fr\",\"url\":\"https:\/\/www.svalbard.fr\/actualites\/\",\"logo\":{\"@type\":\"ImageObject\",\"inLanguage\":\"fr-FR\",\"@id\":\"https:\/\/www.svalbard.fr\/actualites\/#\/schema\/logo\/image\/\",\"url\":\"https:\/\/www.svalbard.fr\/actualites\/wp-content\/uploads\/2023\/09\/head-nom.jpg\",\"contentUrl\":\"https:\/\/www.svalbard.fr\/actualites\/wp-content\/uploads\/2023\/09\/head-nom.jpg\",\"width\":264,\"height\":35,\"caption\":\"www.Svalbard.fr\"},\"image\":{\"@id\":\"https:\/\/www.svalbard.fr\/actualites\/#\/schema\/logo\/image\/\"}},{\"@type\":\"Person\",\"@id\":\"https:\/\/www.svalbard.fr\/actualites\/#\/schema\/person\/a2f937d5712222366738fae98755c600\",\"name\":\"Hilmar\",\"image\":{\"@type\":\"ImageObject\",\"inLanguage\":\"fr-FR\",\"@id\":\"https:\/\/www.svalbard.fr\/actualites\/#\/schema\/person\/image\/\",\"url\":\"https:\/\/secure.gravatar.com\/avatar\/4daa437093476dbc32da415c112b6512?s=96&d=mm&r=g\",\"contentUrl\":\"https:\/\/secure.gravatar.com\/avatar\/4daa437093476dbc32da415c112b6512?s=96&d=mm&r=g\",\"caption\":\"Hilmar\"},\"description\":\"Hilmar est un passionn\u00e9 des r\u00e9gions polaires, sp\u00e9cialis\u00e9 dans la r\u00e9daction d'articles sur le Spitzberg et autres destinations arctiques. Il apporte son expertise et sa passion pour l'Arctique au sein de l'\u00e9quipe de r\u00e9daction de Svalbard depuis de nombreuses ann\u00e9es.\",\"sameAs\":[\"https:\/\/www.svalbard.fr\/\"]}]}<\/script>\n<!-- \/ Yoast SEO plugin. -->","yoast_head_json":{"title":"L&#39;ancien Premier ministre nomm\u00e9 dans les dossiers Epstein transport\u00e9 d&#39;urgence \u00e0 l&#39;h\u00f4pital","robots":{"index":"index","follow":"follow","max-snippet":"max-snippet:-1","max-image-preview":"max-image-preview:large","max-video-preview":"max-video-preview:-1"},"canonical":"https:\/\/www.svalbard.fr\/actualites\/lancien-premier-ministre-nomme-dans-les-dossiers-epstein-transporte-durgence-a-lhopital\/","og_locale":"fr_FR","og_type":"article","og_title":"L&#39;ancien Premier ministre nomm\u00e9 dans les dossiers Epstein transport\u00e9 d&#39;urgence \u00e0 l&#39;h\u00f4pital","og_description":"L&#39;ancien Premier ministre norv\u00e9gien a \u00e9t\u00e9 hospitalis\u00e9 d&#39;urgence apr\u00e8s une tentative de suicide. Thorbj\u00f8rn Jagland a \u00e9t\u00e9 hospitalis\u00e9 mardi 24 f\u00e9vrier, quelques jours seulement apr\u00e8s","og_url":"https:\/\/www.svalbard.fr\/actualites\/lancien-premier-ministre-nomme-dans-les-dossiers-epstein-transporte-durgence-a-lhopital\/","og_site_name":"www.Svalbard.fr","article_published_time":"2026-02-25T22:56:05+00:00","article_modified_time":"2026-02-25T22:56:08+00:00","og_image":[{"width":1200,"height":630,"url":"https:\/\/www.svalbard.fr\/actualites\/wp-content\/uploads\/2026\/02\/L39ancien-Premier-ministre-nomme-dans-les-dossiers-Epstein-transporte-d39urgence.jpg","type":"image\/jpeg"}],"author":"Hilmar","twitter_card":"summary_large_image","twitter_misc":{"\u00c9crit par":"Hilmar","Dur\u00e9e de lecture estim\u00e9e":"3 minutes"},"schema":{"@context":"https:\/\/schema.org","@graph":[{"@type":"Article","@id":"https:\/\/www.svalbard.fr\/actualites\/lancien-premier-ministre-nomme-dans-les-dossiers-epstein-transporte-durgence-a-lhopital\/#article","isPartOf":{"@id":"https:\/\/www.svalbard.fr\/actualites\/lancien-premier-ministre-nomme-dans-les-dossiers-epstein-transporte-durgence-a-lhopital\/"},"author":{"name":"Hilmar","@id":"https:\/\/www.svalbard.fr\/actualites\/#\/schema\/person\/a2f937d5712222366738fae98755c600"},"headline":"L&#39;ancien Premier ministre nomm\u00e9 dans les dossiers Epstein transport\u00e9 d&#39;urgence \u00e0 l&#39;h\u00f4pital","datePublished":"2026-02-25T22:56:05+00:00","dateModified":"2026-02-25T22:56:08+00:00","mainEntityOfPage":{"@id":"https:\/\/www.svalbard.fr\/actualites\/lancien-premier-ministre-nomme-dans-les-dossiers-epstein-transporte-durgence-a-lhopital\/"},"wordCount":536,"publisher":{"@id":"https:\/\/www.svalbard.fr\/actualites\/#organization"},"keywords":["d39urgence","dans","dossiers","Epstein","L39ancien","l39h\u00f4pital","Les","ministre","nomm\u00e9","Premier","transport\u00e9"],"inLanguage":"fr-FR"},{"@type":"WebPage","@id":"https:\/\/www.svalbard.fr\/actualites\/lancien-premier-ministre-nomme-dans-les-dossiers-epstein-transporte-durgence-a-lhopital\/","url":"https:\/\/www.svalbard.fr\/actualites\/lancien-premier-ministre-nomme-dans-les-dossiers-epstein-transporte-durgence-a-lhopital\/","name":"L&#39;ancien Premier ministre nomm\u00e9 dans les dossiers Epstein transport\u00e9 d&#39;urgence \u00e0 l&#39;h\u00f4pital","isPartOf":{"@id":"https:\/\/www.svalbard.fr\/actualites\/#website"},"datePublished":"2026-02-25T22:56:05+00:00","dateModified":"2026-02-25T22:56:08+00:00","breadcrumb":{"@id":"https:\/\/www.svalbard.fr\/actualites\/lancien-premier-ministre-nomme-dans-les-dossiers-epstein-transporte-durgence-a-lhopital\/#breadcrumb"},"inLanguage":"fr-FR","potentialAction":[{"@type":"ReadAction","target":["https:\/\/www.svalbard.fr\/actualites\/lancien-premier-ministre-nomme-dans-les-dossiers-epstein-transporte-durgence-a-lhopital\/"]}]},{"@type":"BreadcrumbList","@id":"https:\/\/www.svalbard.fr\/actualites\/lancien-premier-ministre-nomme-dans-les-dossiers-epstein-transporte-durgence-a-lhopital\/#breadcrumb","itemListElement":[{"@type":"ListItem","position":1,"name":"Accueil","item":"https:\/\/www.svalbard.fr\/actualites\/"},{"@type":"ListItem","position":2,"name":"L&#39;ancien Premier ministre nomm\u00e9 dans les dossiers Epstein transport\u00e9 d&#39;urgence \u00e0 l&#39;h\u00f4pital"}]},{"@type":"WebSite","@id":"https:\/\/www.svalbard.fr\/actualites\/#website","url":"https:\/\/www.svalbard.fr\/actualites\/","name":"www.Svalbard.fr","description":"","publisher":{"@id":"https:\/\/www.svalbard.fr\/actualites\/#organization"},"potentialAction":[{"@type":"SearchAction","target":{"@type":"EntryPoint","urlTemplate":"https:\/\/www.svalbard.fr\/actualites\/?s={search_term_string}"},"query-input":"required name=search_term_string"}],"inLanguage":"fr-FR"},{"@type":"Organization","@id":"https:\/\/www.svalbard.fr\/actualites\/#organization","name":"www.Svalbard.fr","url":"https:\/\/www.svalbard.fr\/actualites\/","logo":{"@type":"ImageObject","inLanguage":"fr-FR","@id":"https:\/\/www.svalbard.fr\/actualites\/#\/schema\/logo\/image\/","url":"https:\/\/www.svalbard.fr\/actualites\/wp-content\/uploads\/2023\/09\/head-nom.jpg","contentUrl":"https:\/\/www.svalbard.fr\/actualites\/wp-content\/uploads\/2023\/09\/head-nom.jpg","width":264,"height":35,"caption":"www.Svalbard.fr"},"image":{"@id":"https:\/\/www.svalbard.fr\/actualites\/#\/schema\/logo\/image\/"}},{"@type":"Person","@id":"https:\/\/www.svalbard.fr\/actualites\/#\/schema\/person\/a2f937d5712222366738fae98755c600","name":"Hilmar","image":{"@type":"ImageObject","inLanguage":"fr-FR","@id":"https:\/\/www.svalbard.fr\/actualites\/#\/schema\/person\/image\/","url":"https:\/\/secure.gravatar.com\/avatar\/4daa437093476dbc32da415c112b6512?s=96&d=mm&r=g","contentUrl":"https:\/\/secure.gravatar.com\/avatar\/4daa437093476dbc32da415c112b6512?s=96&d=mm&r=g","caption":"Hilmar"},"description":"Hilmar est un passionn\u00e9 des r\u00e9gions polaires, sp\u00e9cialis\u00e9 dans la r\u00e9daction d'articles sur le Spitzberg et autres destinations arctiques. Il apporte son expertise et sa passion pour l'Arctique au sein de l'\u00e9quipe de r\u00e9daction de Svalbard depuis de nombreuses ann\u00e9es.","sameAs":["https:\/\/www.svalbard.fr\/"]}]}},"_links":{"self":[{"href":"https:\/\/www.svalbard.fr\/actualites\/wp-json\/wp\/v2\/posts\/5296"}],"collection":[{"href":"https:\/\/www.svalbard.fr\/actualites\/wp-json\/wp\/v2\/posts"}],"about":[{"href":"https:\/\/www.svalbard.fr\/actualites\/wp-json\/wp\/v2\/types\/post"}],"author":[{"embeddable":true,"href":"https:\/\/www.svalbard.fr\/actualites\/wp-json\/wp\/v2\/users\/1"}],"replies":[{"embeddable":true,"href":"https:\/\/www.svalbard.fr\/actualites\/wp-json\/wp\/v2\/comments?post=5296"}],"version-history":[{"count":1,"href":"https:\/\/www.svalbard.fr\/actualites\/wp-json\/wp\/v2\/posts\/5296\/revisions"}],"predecessor-version":[{"id":5298,"href":"https:\/\/www.svalbard.fr\/actualites\/wp-json\/wp\/v2\/posts\/5296\/revisions\/5298"}],"wp:featuredmedia":[{"embeddable":true,"href":"https:\/\/www.svalbard.fr\/actualites\/wp-json\/wp\/v2\/media\/5297"}],"wp:attachment":[{"href":"https:\/\/www.svalbard.fr\/actualites\/wp-json\/wp\/v2\/media?parent=5296"}],"wp:term":[{"taxonomy":"category","embeddable":true,"href":"https:\/\/www.svalbard.fr\/actualites\/wp-json\/wp\/v2\/categories?post=5296"},{"taxonomy":"post_tag","embeddable":true,"href":"https:\/\/www.svalbard.fr\/actualites\/wp-json\/wp\/v2\/tags?post=5296"}],"curies":[{"name":"wp","href":"https:\/\/api.w.org\/{rel}","templated":true}]}}