{"id":5306,"date":"2026-02-28T09:56:06","date_gmt":"2026-02-28T08:56:06","guid":{"rendered":"https:\/\/www.svalbard.fr\/actualites\/la-suede-offre-des-iles-privees-pendant-un-an-mais-il-y-a-un-piege\/"},"modified":"2026-02-28T09:56:06","modified_gmt":"2026-02-28T08:56:06","slug":"la-suede-offre-des-iles-privees-pendant-un-an-mais-il-y-a-un-piege","status":"publish","type":"post","link":"https:\/\/www.svalbard.fr\/actualites\/la-suede-offre-des-iles-privees-pendant-un-an-mais-il-y-a-un-piege\/","title":{"rendered":"La Su\u00e8de offre des \u00eeles priv\u00e9es pendant un an, mais il y a un pi\u00e8ge"},"content":{"rendered":"<div itemprop=\"text\">\n\t\t\t<span id=\"dpsp-post-content-markup\" data-image-pin-it=\"false\"><\/span><\/p>\n<p class=\"intro\">\u00c0 l\u2019heure o\u00f9 une grande partie de l\u2019Europe d\u00e9bat des taxes touristiques, des plafonds d\u2019entr\u00e9e et des limites de croisi\u00e8re, la Su\u00e8de adopte une approche tr\u00e8s diff\u00e9rente.<\/p>\n<p>Au lieu de restreindre les visiteurs, l&#39;office national du tourisme du pays offre \u00e0 cinq candidats internationaux la possibilit\u00e9 \u00ab d&#39;adopter \u00bb une \u00eele su\u00e9doise inhabit\u00e9e pendant un an.<\/p>\n<figure class=\"wp-block-image size-large\"><img data-lazyloaded=\"1\" data-placeholder-resp=\"768x432\" fetchpriority=\"high\" decoding=\"async\" width=\"768\" height=\"432\" src=\"https:\/\/www.svalbard.fr\/actualites\/wp-content\/uploads\/2026\/02\/La-Suede-offre-des-iles-privees-pendant-un-an-mais.jpg\" alt=\"\u00cele dans un archipel su\u00e9dois.\" class=\"wp-image-85592\"  data-><noscript><img fetchpriority=\"high\" decoding=\"async\" width=\"768\" height=\"432\" src=\"https:\/\/www.svalbard.fr\/actualites\/wp-content\/uploads\/2026\/02\/La-Suede-offre-des-iles-privees-pendant-un-an-mais.jpg\" alt=\"\u00cele dans un archipel su\u00e9dois.\" class=\"wp-image-85592\"  ><\/noscript><\/figure>\n<p>L&#39;initiative, intitul\u00e9e Votre \u00eele su\u00e9doise, promet des droits d&#39;utilisation flexibles sur cinq \u00eeles isol\u00e9es dispers\u00e9es dans les vastes archipels et eaux int\u00e9rieures de la Su\u00e8de.<\/p>\n<p>Les gagnants recevront des vols aller-retour vers la Su\u00e8de et un certificat symbolique accordant la garde pendant 12 mois. Cela ressemble \u00e0 un fantasme de naufrag\u00e9. Mais la r\u00e9alit\u00e9 est un peu plus nuanc\u00e9e.<\/p>\n<h2 class=\"wp-block-heading\">Un pays b\u00e2ti sur l\u2019espace ouvert<\/h2>\n<p>Visit Su\u00e8de a lanc\u00e9 la campagne en partenariat avec l&#39;Office national de la propri\u00e9t\u00e9 de Su\u00e8de, qui g\u00e8re les sites naturels et historiques appartenant \u00e0 l&#39;\u00c9tat.<\/p>\n<p>La Su\u00e8de rappelle souvent au monde qu&#39;elle compte plus d&#39;\u00eeles que tout autre pays : environ 267 000 au total. Seulement 1 000 environ sont habit\u00e9s.<\/p>\n<p>\u00ab\u00a0La Su\u00e8de compte plus d&#39;\u00eeles que n&#39;importe quel autre pays au monde, et nous aimerions inviter les gens \u00e0 profiter de ce qui pourrait \u00eatre la forme de luxe la plus authentique : la paix et la tranquillit\u00e9 de la nature sur votre propre \u00eele\u00a0\u00bb, a d\u00e9clar\u00e9 Susanne Andersson, PDG de Visit Su\u00e8de, dans un communiqu\u00e9 annon\u00e7ant l&#39;initiative.<\/p>\n<p>La campagne met \u00e9galement en lumi\u00e8re la pierre angulaire de la culture su\u00e9doise : l&#39;Allemansr\u00e4tten, ou le droit d&#39;acc\u00e8s du public.<\/p>\n<p>Le m\u00eame concept que les r\u00e8gles norv\u00e9giennes du droit de se d\u00e9placer, ce principe vieux de plusieurs si\u00e8cles permet \u00e0 quiconque de se d\u00e9placer librement sur la plupart des terres, y compris de camper temporairement sur de nombreuses \u00eeles, \u00e0 condition de respecter la nature et la faune.<\/p>\n<p>En d\u2019autres termes, la Su\u00e8de fait la promotion de l\u2019ouverture \u00e0 un moment o\u00f9 d\u2019autres resserrent les barri\u00e8res.<\/p>\n<h2 class=\"wp-block-heading\">Les cinq \u00eeles su\u00e9doises<\/h2>\n<p>Les cinq \u00eeles s\u00e9lectionn\u00e9es offrent un aper\u00e7u de la g\u00e9ographie su\u00e9doise, s&#39;\u00e9tendant des eaux douces int\u00e9rieures aux environnements expos\u00e9s de la Baltique et de la c\u00f4te ouest.<\/p>\n<p>L&#39;un d&#39;entre eux est situ\u00e9 au bord du lac V\u00e4nern, pr\u00e8s de Lidk\u00f6ping, entour\u00e9 d&#39;une for\u00eat de pins et d&#39;\u00e9pic\u00e9as et en vue du ch\u00e2teau de L\u00e4ck\u00f6. Plus au nord, pr\u00e8s d&#39;Ume\u00e5, une autre \u00eele se trouve dans des eaux saum\u00e2tres calmes fa\u00e7onn\u00e9es par le soul\u00e8vement des terres apr\u00e8s la p\u00e9riode glaciaire, offrant un cadre baltique plus calme et plus isol\u00e9.<\/p>\n<p>Plus pr\u00e8s de Stockholm, deux \u00eeles repr\u00e9sentent le terrain classique de l&#39;archipel\u00a0: des formations rocheuses de granit lisses, des vues d\u00e9gag\u00e9es sur la mer et peu d&#39;abris naturels, dont une dans l&#39;archipel de Stockholm et une autre pr\u00e8s de Nyn\u00e4shamn.<\/p>\n<p>Ce sont les skerries par excellence de l\u2019imagerie des cartes postales su\u00e9doises, d\u00e9finies davantage par le vent, le sel et l\u2019horizon que par la for\u00eat.<\/p>\n<p>Sur la c\u00f4te ouest, pr\u00e8s de Falkenberg, la derni\u00e8re \u00eele offre un environnement enti\u00e8rement marin le long du Kattegat, avec des roches p\u00e2les, une v\u00e9g\u00e9tation clairsem\u00e9e et un ciel large.<\/p>\n<p>Ensemble, les cinq sites refl\u00e8tent ce que Visit Su\u00e8de appelle \u00ab la crudit\u00e9 et la simplicit\u00e9 \u00bb. C&#39;est un contraste d\u00e9lib\u00e9r\u00e9 avec l&#39;id\u00e9e d&#39;un luxe raffin\u00e9 et enti\u00e8rement desservi sur une \u00eele priv\u00e9e.<\/p>\n<h2 class=\"wp-block-heading\">Ce que vous gagnez r\u00e9ellement<\/h2>\n<p>Malgr\u00e9 les gros titres, les gagnants n&#39;obtiennent ni propri\u00e9t\u00e9, ni droits de d\u00e9veloppement, ni acc\u00e8s exclusif. Les \u00eeles restent des terres publiques. Sous <em>allemansr\u00e4tten<\/em>d&#39;autres visiteurs peuvent toujours y acc\u00e9der l\u00e9galement.<\/p>\n<p>Il n&#39;y a ni \u00e9lectricit\u00e9, ni plomberie, ni logement permanent. Les gagnants sont autoris\u00e9s \u00e0 camper et \u00e0 faire de courtes visites, mais ne sont pas cens\u00e9s y vivre \u00e0 temps plein. Le transport interne en Su\u00e8de, y compris l&#39;acc\u00e8s en bateau \u00e0 l&#39;\u00eele, n&#39;est pas inclus dans le prix.<\/p>\n<p>En pratique, le prix fonctionne comme <strong>garde symbolique<\/strong>. L&#39;office du tourisme le d\u00e9crit comme une invitation \u00e0 \u00ab ralentir \u00bb plut\u00f4t qu&#39;\u00e0 d\u00e9m\u00e9nager.<\/p>\n<p>Les candidats doivent soumettre une vid\u00e9o d\u2019une minute maximum expliquant pourquoi ils veulent une \u00eele et comment ils l\u2019utiliseraient. Publier publiquement sur Instagram ou TikTok avec les hashtags de la campagne peut renforcer une candidature.<\/p>\n<p>La date limite est le 17 avril 2026 et les gagnants seront annonc\u00e9s au d\u00e9but de l&#39;\u00e9t\u00e9.<\/p>\n<p>Notamment, <strong>Les citoyens su\u00e9dois et les milliardaires sont exclus<\/strong>. C\u2019est un clin d\u2019\u0153il aux valeurs \u00e9galitaires nordiques, m\u00eame si la v\u00e9rification de la richesse repose en grande partie sur l\u2019auto-d\u00e9claration.<\/p>\n<h2 class=\"wp-block-heading\">Une image de marque intelligente \u00e0 l\u2019\u00e8re du surtourisme<\/h2>\n<p>Partout en Europe, les destinations de Barcelone \u00e0 Venise sont aux prises avec le surtourisme. Le message de la Su\u00e8de est presque inverse : nous avons de l&#39;espace.<\/p>\n<p>Plut\u00f4t que de vendre des villas de luxe ou des exclusivit\u00e9s priv\u00e9es, la campagne recadre \u00ab l\u2019\u00eele priv\u00e9e \u00bb comme \u00e9tant \u00e9motionnelle plut\u00f4t que mat\u00e9rielle. Il s&#39;appuie fortement sur le r\u00e9cit culturel su\u00e9dois de simplicit\u00e9, d&#39;acc\u00e8s \u00e0 la nature et de richesse discr\u00e8te.<\/p>\n<p>Pour les voyageurs, l\u2019attrait est \u00e9vident. L\u2019id\u00e9e d\u2019avoir un affleurement accident\u00e9 de la Baltique ou une \u00eele lacustre bois\u00e9e pour soi, m\u00eame pour un week-end, puise directement dans les d\u00e9sirs post-pand\u00e9miques de silence, d\u2019espace et de d\u00e9sintoxication num\u00e9rique.<\/p>\n<p>Mais le d\u00e9tail le plus intelligent est peut-\u00eatre le suivant : m\u00eame si vous ne gagnez pas, la campagne renforce l&#39;id\u00e9e que les paysages su\u00e9dois sont accessibles \u00e0 tous.<\/p>\n<p>Dans un march\u00e9 touristique de plus en plus caract\u00e9ris\u00e9 par la raret\u00e9 et les restrictions, la Su\u00e8de commercialise l&#39;abondance.<\/p>\n<\/p><\/div>\n","protected":false},"excerpt":{"rendered":"<p>\u00c0 l\u2019heure o\u00f9 une grande partie de l\u2019Europe d\u00e9bat des taxes touristiques, des plafonds d\u2019entr\u00e9e et des limites de croisi\u00e8re, la Su\u00e8de adopte une approche<\/p>\n","protected":false},"author":1,"featured_media":5307,"comment_status":"","ping_status":"","sticky":false,"template":"","format":"standard","meta":{"footnotes":""},"categories":[2277],"tags":[8,98,360,476,197,5775,5773,765],"yoast_head":"<!-- This site is optimized with the Yoast SEO plugin v21.0 - https:\/\/yoast.com\/wordpress\/plugins\/seo\/ -->\n<title>La Su\u00e8de offre des \u00eeles priv\u00e9es pendant un an, mais il y a un pi\u00e8ge<\/title>\n<meta name=\"robots\" content=\"index, follow, max-snippet:-1, max-image-preview:large, max-video-preview:-1\" \/>\n<link rel=\"canonical\" href=\"https:\/\/www.svalbard.fr\/actualites\/la-suede-offre-des-iles-privees-pendant-un-an-mais-il-y-a-un-piege\/\" \/>\n<meta property=\"og:locale\" content=\"fr_FR\" \/>\n<meta property=\"og:type\" content=\"article\" \/>\n<meta property=\"og:title\" content=\"La Su\u00e8de offre des \u00eeles priv\u00e9es pendant un an, mais il y a un pi\u00e8ge\" \/>\n<meta property=\"og:description\" content=\"\u00c0 l\u2019heure o\u00f9 une grande partie de l\u2019Europe d\u00e9bat des taxes touristiques, des plafonds d\u2019entr\u00e9e et des limites de croisi\u00e8re, la Su\u00e8de adopte une approche\" \/>\n<meta property=\"og:url\" content=\"https:\/\/www.svalbard.fr\/actualites\/la-suede-offre-des-iles-privees-pendant-un-an-mais-il-y-a-un-piege\/\" \/>\n<meta property=\"og:site_name\" content=\"www.Svalbard.fr\" \/>\n<meta property=\"article:published_time\" content=\"2026-02-28T08:56:06+00:00\" \/>\n<meta property=\"og:image\" content=\"https:\/\/www.svalbard.fr\/actualites\/wp-content\/uploads\/2026\/02\/La-Suede-offre-des-iles-privees-pendant-un-an-mais.jpg\" \/>\n<meta name=\"author\" content=\"Hilmar\" \/>\n<meta name=\"twitter:card\" content=\"summary_large_image\" \/>\n<meta name=\"twitter:label1\" content=\"\u00c9crit par\" \/>\n\t<meta name=\"twitter:data1\" content=\"Hilmar\" \/>\n\t<meta name=\"twitter:label2\" content=\"Dur\u00e9e de lecture estim\u00e9e\" \/>\n\t<meta name=\"twitter:data2\" content=\"5 minutes\" \/>\n<script type=\"application\/ld+json\" class=\"yoast-schema-graph\">{\"@context\":\"https:\/\/schema.org\",\"@graph\":[{\"@type\":\"Article\",\"@id\":\"https:\/\/www.svalbard.fr\/actualites\/la-suede-offre-des-iles-privees-pendant-un-an-mais-il-y-a-un-piege\/#article\",\"isPartOf\":{\"@id\":\"https:\/\/www.svalbard.fr\/actualites\/la-suede-offre-des-iles-privees-pendant-un-an-mais-il-y-a-un-piege\/\"},\"author\":{\"name\":\"Hilmar\",\"@id\":\"https:\/\/www.svalbard.fr\/actualites\/#\/schema\/person\/a2f937d5712222366738fae98755c600\"},\"headline\":\"La Su\u00e8de offre des \u00eeles priv\u00e9es pendant un an, mais il y a un pi\u00e8ge\",\"datePublished\":\"2026-02-28T08:56:06+00:00\",\"dateModified\":\"2026-02-28T08:56:06+00:00\",\"mainEntityOfPage\":{\"@id\":\"https:\/\/www.svalbard.fr\/actualites\/la-suede-offre-des-iles-privees-pendant-un-an-mais-il-y-a-un-piege\/\"},\"wordCount\":1067,\"publisher\":{\"@id\":\"https:\/\/www.svalbard.fr\/actualites\/#organization\"},\"keywords\":[\"des\",\"\u00eeles\",\"mais\",\"offre\",\"Pendant\",\"pi\u00e8ge\",\"priv\u00e9es\",\"Su\u00e8de\"],\"inLanguage\":\"fr-FR\"},{\"@type\":\"WebPage\",\"@id\":\"https:\/\/www.svalbard.fr\/actualites\/la-suede-offre-des-iles-privees-pendant-un-an-mais-il-y-a-un-piege\/\",\"url\":\"https:\/\/www.svalbard.fr\/actualites\/la-suede-offre-des-iles-privees-pendant-un-an-mais-il-y-a-un-piege\/\",\"name\":\"La Su\u00e8de offre des \u00eeles priv\u00e9es pendant un an, mais il y a un pi\u00e8ge\",\"isPartOf\":{\"@id\":\"https:\/\/www.svalbard.fr\/actualites\/#website\"},\"datePublished\":\"2026-02-28T08:56:06+00:00\",\"dateModified\":\"2026-02-28T08:56:06+00:00\",\"breadcrumb\":{\"@id\":\"https:\/\/www.svalbard.fr\/actualites\/la-suede-offre-des-iles-privees-pendant-un-an-mais-il-y-a-un-piege\/#breadcrumb\"},\"inLanguage\":\"fr-FR\",\"potentialAction\":[{\"@type\":\"ReadAction\",\"target\":[\"https:\/\/www.svalbard.fr\/actualites\/la-suede-offre-des-iles-privees-pendant-un-an-mais-il-y-a-un-piege\/\"]}]},{\"@type\":\"BreadcrumbList\",\"@id\":\"https:\/\/www.svalbard.fr\/actualites\/la-suede-offre-des-iles-privees-pendant-un-an-mais-il-y-a-un-piege\/#breadcrumb\",\"itemListElement\":[{\"@type\":\"ListItem\",\"position\":1,\"name\":\"Accueil\",\"item\":\"https:\/\/www.svalbard.fr\/actualites\/\"},{\"@type\":\"ListItem\",\"position\":2,\"name\":\"La Su\u00e8de offre des \u00eeles priv\u00e9es pendant un an, mais il y a un pi\u00e8ge\"}]},{\"@type\":\"WebSite\",\"@id\":\"https:\/\/www.svalbard.fr\/actualites\/#website\",\"url\":\"https:\/\/www.svalbard.fr\/actualites\/\",\"name\":\"www.Svalbard.fr\",\"description\":\"\",\"publisher\":{\"@id\":\"https:\/\/www.svalbard.fr\/actualites\/#organization\"},\"potentialAction\":[{\"@type\":\"SearchAction\",\"target\":{\"@type\":\"EntryPoint\",\"urlTemplate\":\"https:\/\/www.svalbard.fr\/actualites\/?s={search_term_string}\"},\"query-input\":\"required name=search_term_string\"}],\"inLanguage\":\"fr-FR\"},{\"@type\":\"Organization\",\"@id\":\"https:\/\/www.svalbard.fr\/actualites\/#organization\",\"name\":\"www.Svalbard.fr\",\"url\":\"https:\/\/www.svalbard.fr\/actualites\/\",\"logo\":{\"@type\":\"ImageObject\",\"inLanguage\":\"fr-FR\",\"@id\":\"https:\/\/www.svalbard.fr\/actualites\/#\/schema\/logo\/image\/\",\"url\":\"https:\/\/www.svalbard.fr\/actualites\/wp-content\/uploads\/2023\/09\/head-nom.jpg\",\"contentUrl\":\"https:\/\/www.svalbard.fr\/actualites\/wp-content\/uploads\/2023\/09\/head-nom.jpg\",\"width\":264,\"height\":35,\"caption\":\"www.Svalbard.fr\"},\"image\":{\"@id\":\"https:\/\/www.svalbard.fr\/actualites\/#\/schema\/logo\/image\/\"}},{\"@type\":\"Person\",\"@id\":\"https:\/\/www.svalbard.fr\/actualites\/#\/schema\/person\/a2f937d5712222366738fae98755c600\",\"name\":\"Hilmar\",\"image\":{\"@type\":\"ImageObject\",\"inLanguage\":\"fr-FR\",\"@id\":\"https:\/\/www.svalbard.fr\/actualites\/#\/schema\/person\/image\/\",\"url\":\"https:\/\/secure.gravatar.com\/avatar\/4daa437093476dbc32da415c112b6512?s=96&d=mm&r=g\",\"contentUrl\":\"https:\/\/secure.gravatar.com\/avatar\/4daa437093476dbc32da415c112b6512?s=96&d=mm&r=g\",\"caption\":\"Hilmar\"},\"description\":\"Hilmar est un passionn\u00e9 des r\u00e9gions polaires, sp\u00e9cialis\u00e9 dans la r\u00e9daction d'articles sur le Spitzberg et autres destinations arctiques. Il apporte son expertise et sa passion pour l'Arctique au sein de l'\u00e9quipe de r\u00e9daction de Svalbard depuis de nombreuses ann\u00e9es.\",\"sameAs\":[\"https:\/\/www.svalbard.fr\/\"]}]}<\/script>\n<!-- \/ Yoast SEO plugin. -->","yoast_head_json":{"title":"La Su\u00e8de offre des \u00eeles priv\u00e9es pendant un an, mais il y a un pi\u00e8ge","robots":{"index":"index","follow":"follow","max-snippet":"max-snippet:-1","max-image-preview":"max-image-preview:large","max-video-preview":"max-video-preview:-1"},"canonical":"https:\/\/www.svalbard.fr\/actualites\/la-suede-offre-des-iles-privees-pendant-un-an-mais-il-y-a-un-piege\/","og_locale":"fr_FR","og_type":"article","og_title":"La Su\u00e8de offre des \u00eeles priv\u00e9es pendant un an, mais il y a un pi\u00e8ge","og_description":"\u00c0 l\u2019heure o\u00f9 une grande partie de l\u2019Europe d\u00e9bat des taxes touristiques, des plafonds d\u2019entr\u00e9e et des limites de croisi\u00e8re, la Su\u00e8de adopte une approche","og_url":"https:\/\/www.svalbard.fr\/actualites\/la-suede-offre-des-iles-privees-pendant-un-an-mais-il-y-a-un-piege\/","og_site_name":"www.Svalbard.fr","article_published_time":"2026-02-28T08:56:06+00:00","og_image":[{"url":"https:\/\/www.svalbard.fr\/actualites\/wp-content\/uploads\/2026\/02\/La-Suede-offre-des-iles-privees-pendant-un-an-mais.jpg"}],"author":"Hilmar","twitter_card":"summary_large_image","twitter_misc":{"\u00c9crit par":"Hilmar","Dur\u00e9e de lecture estim\u00e9e":"5 minutes"},"schema":{"@context":"https:\/\/schema.org","@graph":[{"@type":"Article","@id":"https:\/\/www.svalbard.fr\/actualites\/la-suede-offre-des-iles-privees-pendant-un-an-mais-il-y-a-un-piege\/#article","isPartOf":{"@id":"https:\/\/www.svalbard.fr\/actualites\/la-suede-offre-des-iles-privees-pendant-un-an-mais-il-y-a-un-piege\/"},"author":{"name":"Hilmar","@id":"https:\/\/www.svalbard.fr\/actualites\/#\/schema\/person\/a2f937d5712222366738fae98755c600"},"headline":"La Su\u00e8de offre des \u00eeles priv\u00e9es pendant un an, mais il y a un pi\u00e8ge","datePublished":"2026-02-28T08:56:06+00:00","dateModified":"2026-02-28T08:56:06+00:00","mainEntityOfPage":{"@id":"https:\/\/www.svalbard.fr\/actualites\/la-suede-offre-des-iles-privees-pendant-un-an-mais-il-y-a-un-piege\/"},"wordCount":1067,"publisher":{"@id":"https:\/\/www.svalbard.fr\/actualites\/#organization"},"keywords":["des","\u00eeles","mais","offre","Pendant","pi\u00e8ge","priv\u00e9es","Su\u00e8de"],"inLanguage":"fr-FR"},{"@type":"WebPage","@id":"https:\/\/www.svalbard.fr\/actualites\/la-suede-offre-des-iles-privees-pendant-un-an-mais-il-y-a-un-piege\/","url":"https:\/\/www.svalbard.fr\/actualites\/la-suede-offre-des-iles-privees-pendant-un-an-mais-il-y-a-un-piege\/","name":"La Su\u00e8de offre des \u00eeles priv\u00e9es pendant un an, mais il y a un pi\u00e8ge","isPartOf":{"@id":"https:\/\/www.svalbard.fr\/actualites\/#website"},"datePublished":"2026-02-28T08:56:06+00:00","dateModified":"2026-02-28T08:56:06+00:00","breadcrumb":{"@id":"https:\/\/www.svalbard.fr\/actualites\/la-suede-offre-des-iles-privees-pendant-un-an-mais-il-y-a-un-piege\/#breadcrumb"},"inLanguage":"fr-FR","potentialAction":[{"@type":"ReadAction","target":["https:\/\/www.svalbard.fr\/actualites\/la-suede-offre-des-iles-privees-pendant-un-an-mais-il-y-a-un-piege\/"]}]},{"@type":"BreadcrumbList","@id":"https:\/\/www.svalbard.fr\/actualites\/la-suede-offre-des-iles-privees-pendant-un-an-mais-il-y-a-un-piege\/#breadcrumb","itemListElement":[{"@type":"ListItem","position":1,"name":"Accueil","item":"https:\/\/www.svalbard.fr\/actualites\/"},{"@type":"ListItem","position":2,"name":"La Su\u00e8de offre des \u00eeles priv\u00e9es pendant un an, mais il y a un pi\u00e8ge"}]},{"@type":"WebSite","@id":"https:\/\/www.svalbard.fr\/actualites\/#website","url":"https:\/\/www.svalbard.fr\/actualites\/","name":"www.Svalbard.fr","description":"","publisher":{"@id":"https:\/\/www.svalbard.fr\/actualites\/#organization"},"potentialAction":[{"@type":"SearchAction","target":{"@type":"EntryPoint","urlTemplate":"https:\/\/www.svalbard.fr\/actualites\/?s={search_term_string}"},"query-input":"required name=search_term_string"}],"inLanguage":"fr-FR"},{"@type":"Organization","@id":"https:\/\/www.svalbard.fr\/actualites\/#organization","name":"www.Svalbard.fr","url":"https:\/\/www.svalbard.fr\/actualites\/","logo":{"@type":"ImageObject","inLanguage":"fr-FR","@id":"https:\/\/www.svalbard.fr\/actualites\/#\/schema\/logo\/image\/","url":"https:\/\/www.svalbard.fr\/actualites\/wp-content\/uploads\/2023\/09\/head-nom.jpg","contentUrl":"https:\/\/www.svalbard.fr\/actualites\/wp-content\/uploads\/2023\/09\/head-nom.jpg","width":264,"height":35,"caption":"www.Svalbard.fr"},"image":{"@id":"https:\/\/www.svalbard.fr\/actualites\/#\/schema\/logo\/image\/"}},{"@type":"Person","@id":"https:\/\/www.svalbard.fr\/actualites\/#\/schema\/person\/a2f937d5712222366738fae98755c600","name":"Hilmar","image":{"@type":"ImageObject","inLanguage":"fr-FR","@id":"https:\/\/www.svalbard.fr\/actualites\/#\/schema\/person\/image\/","url":"https:\/\/secure.gravatar.com\/avatar\/4daa437093476dbc32da415c112b6512?s=96&d=mm&r=g","contentUrl":"https:\/\/secure.gravatar.com\/avatar\/4daa437093476dbc32da415c112b6512?s=96&d=mm&r=g","caption":"Hilmar"},"description":"Hilmar est un passionn\u00e9 des r\u00e9gions polaires, sp\u00e9cialis\u00e9 dans la r\u00e9daction d'articles sur le Spitzberg et autres destinations arctiques. Il apporte son expertise et sa passion pour l'Arctique au sein de l'\u00e9quipe de r\u00e9daction de Svalbard depuis de nombreuses ann\u00e9es.","sameAs":["https:\/\/www.svalbard.fr\/"]}]}},"_links":{"self":[{"href":"https:\/\/www.svalbard.fr\/actualites\/wp-json\/wp\/v2\/posts\/5306"}],"collection":[{"href":"https:\/\/www.svalbard.fr\/actualites\/wp-json\/wp\/v2\/posts"}],"about":[{"href":"https:\/\/www.svalbard.fr\/actualites\/wp-json\/wp\/v2\/types\/post"}],"author":[{"embeddable":true,"href":"https:\/\/www.svalbard.fr\/actualites\/wp-json\/wp\/v2\/users\/1"}],"replies":[{"embeddable":true,"href":"https:\/\/www.svalbard.fr\/actualites\/wp-json\/wp\/v2\/comments?post=5306"}],"version-history":[{"count":0,"href":"https:\/\/www.svalbard.fr\/actualites\/wp-json\/wp\/v2\/posts\/5306\/revisions"}],"wp:featuredmedia":[{"embeddable":true,"href":"https:\/\/www.svalbard.fr\/actualites\/wp-json\/wp\/v2\/media\/5307"}],"wp:attachment":[{"href":"https:\/\/www.svalbard.fr\/actualites\/wp-json\/wp\/v2\/media?parent=5306"}],"wp:term":[{"taxonomy":"category","embeddable":true,"href":"https:\/\/www.svalbard.fr\/actualites\/wp-json\/wp\/v2\/categories?post=5306"},{"taxonomy":"post_tag","embeddable":true,"href":"https:\/\/www.svalbard.fr\/actualites\/wp-json\/wp\/v2\/tags?post=5306"}],"curies":[{"name":"wp","href":"https:\/\/api.w.org\/{rel}","templated":true}]}}