{"id":5308,"date":"2026-02-28T14:56:25","date_gmt":"2026-02-28T13:56:25","guid":{"rendered":"https:\/\/www.svalbard.fr\/actualites\/tout-nouveau-train-reliant-3-villes-scandinaves-sympas-cet-ete-billets-a-partir-de-1220\/"},"modified":"2026-02-28T14:56:28","modified_gmt":"2026-02-28T13:56:28","slug":"tout-nouveau-train-reliant-3-villes-scandinaves-sympas-cet-ete-billets-a-partir-de-1220","status":"publish","type":"post","link":"https:\/\/www.svalbard.fr\/actualites\/tout-nouveau-train-reliant-3-villes-scandinaves-sympas-cet-ete-billets-a-partir-de-1220\/","title":{"rendered":"Tout nouveau train reliant 3 villes scandinaves sympas cet \u00e9t\u00e9 &#8211; billets \u00e0 partir de 12,20 \u00a3"},"content":{"rendered":"<div>\n<div class=\"photo changeSpace\">\n<p class=\"withoutCaption\"><picture><source type=\"image\/avif\" srcset=\"https:\/\/cdn.images.express.co.uk\/img\/dynamic\/25\/1200x712\/secondary\/malmo-skyline-with-historic-brick-tower-and-hamnkanalen-canal-sweden-6767869.avif?r=1772105425188\" media=\"screen and (min-width:10000px)\"><source type=\"image\/webp\" srcset=\"https:\/\/cdn.images.express.co.uk\/img\/dynamic\/25\/1200x712\/secondary\/malmo-skyline-with-historic-brick-tower-and-hamnkanalen-canal-sweden-6767869.webp?r=1772105425188\" media=\"screen and (min-width:10000px)\"><source type=\"image\/jpeg\" srcset=\"https:\/\/www.svalbard.fr\/actualites\/wp-content\/uploads\/2026\/02\/Tout-nouveau-train-reliant-3-villes-scandinaves-sympas-cet-ete.jpg\" media=\"screen and (min-width:10000px)\"><source type=\"image\/avif\" srcset=\"https:\/\/cdn.images.express.co.uk\/img\/dynamic\/25\/674x400\/secondary\/malmo-skyline-with-historic-brick-tower-and-hamnkanalen-canal-sweden-6767869.avif?r=1772105425188\" media=\"screen and (min-width:100000px)\"><source type=\"image\/webp\" srcset=\"https:\/\/cdn.images.express.co.uk\/img\/dynamic\/25\/674x400\/secondary\/malmo-skyline-with-historic-brick-tower-and-hamnkanalen-canal-sweden-6767869.webp?r=1772105425188\" media=\"screen and (min-width:100000px)\"><source type=\"image\/jpeg\" srcset=\"https:\/\/cdn.images.express.co.uk\/img\/dynamic\/25\/674x400\/secondary\/malmo-skyline-with-historic-brick-tower-and-hamnkanalen-canal-sweden-6767869.jpg?r=1772105425188\" media=\"screen and (min-width:100000px)\"><source type=\"image\/avif\" srcset=\"https:\/\/cdn.images.express.co.uk\/img\/dynamic\/25\/940x\/secondary\/malmo-skyline-with-historic-brick-tower-and-hamnkanalen-canal-sweden-6767869.avif?r=1772105425188\" media=\"screen and (min-width:1200px)\"><source type=\"image\/webp\" srcset=\"https:\/\/cdn.images.express.co.uk\/img\/dynamic\/25\/940x\/secondary\/malmo-skyline-with-historic-brick-tower-and-hamnkanalen-canal-sweden-6767869.webp?r=1772105425188\" media=\"screen and (min-width:1200px)\"><source type=\"image\/jpeg\" srcset=\"https:\/\/cdn.images.express.co.uk\/img\/dynamic\/25\/940x\/secondary\/malmo-skyline-with-historic-brick-tower-and-hamnkanalen-canal-sweden-6767869.jpg?r=1772105425188\" media=\"screen and (min-width:1200px)\"><source type=\"image\/avif\" srcset=\"https:\/\/cdn.images.express.co.uk\/img\/dynamic\/25\/590x\/secondary\/malmo-skyline-with-historic-brick-tower-and-hamnkanalen-canal-sweden-6767869.avif?r=1772105425188\" media=\"screen\"><source type=\"image\/webp\" srcset=\"https:\/\/cdn.images.express.co.uk\/img\/dynamic\/25\/590x\/secondary\/malmo-skyline-with-historic-brick-tower-and-hamnkanalen-canal-sweden-6767869.webp?r=1772105425188\" media=\"screen\"><\/source><\/source><\/source><\/source><\/source><\/source><\/source><\/source><\/source><\/source><\/source><\/picture><\/p>\n<p><span class=\"newsCaption\">Commencez votre voyage dans la ville de Malm\u00f6, dans le sud de la Su\u00e8de. <span class=\"caption\">(Image : Getty)<\/span><span class=\"magnifier\" data-img=\"https:\/\/www.svalbard.fr\/actualites\/wp-content\/uploads\/2026\/02\/Tout-nouveau-train-reliant-3-villes-scandinaves-sympas-cet-ete.jpg\"\/><\/span><\/div>\n<div class=\"text-description\">\n<p>Si vous recherchez une escapade \u00ab coolcation \u00bb cet \u00e9t\u00e9, un tout nouveau service de train est lanc\u00e9 reliant trois villes scandinaves ultra branch\u00e9es.<\/p>\n<\/div>\n<div class=\"text-description\">\n<p>La Scandinavie est une r\u00e9gion id\u00e9ale si vous avez envie de vacances multi-destinations int\u00e9ressantes et un tout nouveau train direct devrait relier la Su\u00e8de et la Norv\u00e8ge \u00e0 temps pour la saison estivale.<\/p>\n<\/div>\n<div class=\"text-description\">\n<p>Deux services seront assur\u00e9s chaque jour et les billets commencent \u00e0 seulement 14 \u20ac (12,20 \u00a3) et le voyage inaugural a \u00e9t\u00e9 fix\u00e9 au 15 juin.<\/p>\n<\/div>\n<div class=\"text-description\">\n<p>Gr\u00e2ce \u00e0 l&#39;op\u00e9rateur su\u00e9dois Sn\u00e4llt\u00e5get, le train circulera quotidiennement \u2013 \u200b\u200bet dans les deux sens, s&#39;aventurant le long de la magnifique c\u00f4te ouest de la Su\u00e8de.<\/p>\n<\/div>\n<div class=\"text-description\">\n<p>Le nouveau trac\u00e9 ferroviaire est l\u2019occasion id\u00e9ale d\u2019explorer la magie du Nord et de visiter trois villes super cool.<\/p>\n<\/div>\n<div class=\"photo changeSpace\">\n<p class=\"withoutCaption\"><picture><source type=\"image\/avif\" srcset=\"https:\/\/cdn.images.express.co.uk\/img\/dynamic\/25\/1200x712\/secondary\/gothenburg-city-panorama-6767881.avif?r=1772105425198\" media=\"screen and (min-width:10000px)\"><source type=\"image\/webp\" srcset=\"https:\/\/cdn.images.express.co.uk\/img\/dynamic\/25\/1200x712\/secondary\/gothenburg-city-panorama-6767881.webp?r=1772105425198\" media=\"screen and (min-width:10000px)\"><source type=\"image\/jpeg\" srcset=\"https:\/\/www.svalbard.fr\/actualites\/wp-content\/uploads\/2026\/02\/1772286985_113_Tout-nouveau-train-reliant-3-villes-scandinaves-sympas-cet-ete.jpg\" media=\"screen and (min-width:10000px)\"><source type=\"image\/avif\" srcset=\"https:\/\/cdn.images.express.co.uk\/img\/dynamic\/25\/674x400\/secondary\/gothenburg-city-panorama-6767881.avif?r=1772105425198\" media=\"screen and (min-width:100000px)\"><source type=\"image\/webp\" srcset=\"https:\/\/cdn.images.express.co.uk\/img\/dynamic\/25\/674x400\/secondary\/gothenburg-city-panorama-6767881.webp?r=1772105425198\" media=\"screen and (min-width:100000px)\"><source type=\"image\/jpeg\" srcset=\"https:\/\/cdn.images.express.co.uk\/img\/dynamic\/25\/674x400\/secondary\/gothenburg-city-panorama-6767881.jpg?r=1772105425198\" media=\"screen and (min-width:100000px)\"><source type=\"image\/avif\" srcset=\"https:\/\/cdn.images.express.co.uk\/img\/dynamic\/25\/940x\/secondary\/gothenburg-city-panorama-6767881.avif?r=1772105425198\" media=\"screen and (min-width:1200px)\"><source type=\"image\/webp\" srcset=\"https:\/\/cdn.images.express.co.uk\/img\/dynamic\/25\/940x\/secondary\/gothenburg-city-panorama-6767881.webp?r=1772105425198\" media=\"screen and (min-width:1200px)\"><source type=\"image\/jpeg\" srcset=\"https:\/\/cdn.images.express.co.uk\/img\/dynamic\/25\/940x\/secondary\/gothenburg-city-panorama-6767881.jpg?r=1772105425198\" media=\"screen and (min-width:1200px)\"><source type=\"image\/avif\" srcset=\"https:\/\/cdn.images.express.co.uk\/img\/dynamic\/25\/590x\/secondary\/gothenburg-city-panorama-6767881.avif?r=1772105425198\" media=\"screen\"><source type=\"image\/webp\" srcset=\"https:\/\/cdn.images.express.co.uk\/img\/dynamic\/25\/590x\/secondary\/gothenburg-city-panorama-6767881.webp?r=1772105425198\" media=\"screen\"><img decoding=\"async\" class=\"zoomEnabled\" src=\"https:\/\/www.svalbard.fr\/actualites\/wp-content\/uploads\/2026\/02\/1772286985_113_Tout-nouveau-train-reliant-3-villes-scandinaves-sympas-cet-ete.jpg\" alt=\"Panorama de la ville de G\u00f6teborg\" title=\"Panorama de la ville de G\u00f6teborg\" width=\"590\" height=\"393\" loading=\"lazy\"\/><\/source><\/source><\/source><\/source><\/source><\/source><\/source><\/source><\/source><\/source><\/source><\/picture><\/p>\n<p><span class=\"newsCaption\">La magnifique G\u00f6teborg est la deuxi\u00e8me grande ville su\u00e9doise en route vers Olso. <span class=\"caption\">(Image : Getty)<\/span><span class=\"magnifier\" data-img=\"https:\/\/www.svalbard.fr\/actualites\/wp-content\/uploads\/2026\/02\/1772286985_113_Tout-nouveau-train-reliant-3-villes-scandinaves-sympas-cet-ete.jpg\"\/><\/span><\/div>\n<div class=\"text-description\">\n<p>L&#39;itin\u00e9raire s&#39;\u00e9tendra entre Malm\u00f6, dans le sud de la Su\u00e8de, et Oslo, en Norv\u00e8ge, via G\u00f6teborg. Krogen, le restaurant de l&#39;op\u00e9rateur, sera pr\u00e9sent \u00e0 bord de tous les trains au d\u00e9part de Malm\u00f6.<\/p>\n<\/div>\n<div class=\"text-description\">\n<p>Le trajet de six heures et demie permettra aux passagers de rejoindre Malm\u00f6, G\u00f6teborg et Oslo par une route directe.<\/p>\n<\/div>\n<div class=\"text-description\">\n<p>Le service en direction nord quittera la gare centrale de Malm\u00f6 \u00e0 6 h 38 et arrivera dans la capitale norv\u00e9gienne \u00e0 13 h 13, tandis que les services en direction sud partiront \u00e0 14 h 48 et reviendront \u00e0 Malm\u00f6 \u00e0 21 h 25.<\/p>\n<\/div>\n<div class=\"text-description\">\n<p>Le train fera escale \u00e0 Lund, Helsingborg, Halmstad et Varberg, Trollh\u00e4ttan en Su\u00e8de puis \u00e0 Sarpsborg et Fredrikstad en Norv\u00e8ge.<\/p>\n<\/div>\n<div class=\"text-description\">\n<p>Sans s&#39;arr\u00eater \u00e0 la gare centrale de G\u00f6teborg, les voyageurs peuvent facilement monter \u00e0 bord des trains de banlieue V\u00e4sttrafik depuis M\u00f6lndal et Gamlestaden, par lesquels passe \u00e9galement ce service.<\/p>\n<\/div>\n<div class=\"text-description\">\n<p>Et si vous souhaitez aller plus au sud en Europe continentale, vous pourrez changer \u00e0 Malm\u00f6 pour des correspondances vers Copenhague, Hambourg et Berlin.<\/p>\n<\/div>\n<div class=\"text-description\">\n<p>Selon euronews, les billets sont disponibles jusqu&#39;au 28 octobre et le tarif de d\u00e9part est de 149 SEK, soit environ 14 \u20ac (12 \u00a3).<\/p>\n<\/div>\n<div class=\"photo changeSpace\">\n<p class=\"withoutCaption\"><picture><source type=\"image\/avif\" srcset=\"https:\/\/cdn.images.express.co.uk\/img\/dynamic\/25\/1200x712\/secondary\/modern-waterfront-architecture-reflected-on-fjord-water-during-sunny-winter-sunset-in-barcode-6767874.avif?r=1772105425206\" media=\"screen and (min-width:10000px)\"><source type=\"image\/webp\" srcset=\"https:\/\/cdn.images.express.co.uk\/img\/dynamic\/25\/1200x712\/secondary\/modern-waterfront-architecture-reflected-on-fjord-water-during-sunny-winter-sunset-in-barcode-6767874.webp?r=1772105425206\" media=\"screen and (min-width:10000px)\"><source type=\"image\/jpeg\" srcset=\"https:\/\/www.svalbard.fr\/actualites\/wp-content\/uploads\/2026\/02\/Tout-nouveau-train-reliant-3-villes-scandinaves-sympas-cet-ete.jpeg\" media=\"screen and (min-width:10000px)\"><source type=\"image\/avif\" srcset=\"https:\/\/cdn.images.express.co.uk\/img\/dynamic\/25\/674x400\/secondary\/modern-waterfront-architecture-reflected-on-fjord-water-during-sunny-winter-sunset-in-barcode-6767874.avif?r=1772105425206\" media=\"screen and (min-width:100000px)\"><source type=\"image\/webp\" srcset=\"https:\/\/cdn.images.express.co.uk\/img\/dynamic\/25\/674x400\/secondary\/modern-waterfront-architecture-reflected-on-fjord-water-during-sunny-winter-sunset-in-barcode-6767874.webp?r=1772105425206\" media=\"screen and (min-width:100000px)\"><source type=\"image\/jpeg\" srcset=\"https:\/\/cdn.images.express.co.uk\/img\/dynamic\/25\/674x400\/secondary\/modern-waterfront-architecture-reflected-on-fjord-water-during-sunny-winter-sunset-in-barcode-6767874.jpg?r=1772105425206\" media=\"screen and (min-width:100000px)\"><source type=\"image\/avif\" srcset=\"https:\/\/cdn.images.express.co.uk\/img\/dynamic\/25\/940x\/secondary\/modern-waterfront-architecture-reflected-on-fjord-water-during-sunny-winter-sunset-in-barcode-6767874.avif?r=1772105425206\" media=\"screen and (min-width:1200px)\"><source type=\"image\/webp\" srcset=\"https:\/\/cdn.images.express.co.uk\/img\/dynamic\/25\/940x\/secondary\/modern-waterfront-architecture-reflected-on-fjord-water-during-sunny-winter-sunset-in-barcode-6767874.webp?r=1772105425206\" media=\"screen and (min-width:1200px)\"><source type=\"image\/jpeg\" srcset=\"https:\/\/cdn.images.express.co.uk\/img\/dynamic\/25\/940x\/secondary\/modern-waterfront-architecture-reflected-on-fjord-water-during-sunny-winter-sunset-in-barcode-6767874.jpg?r=1772105425206\" media=\"screen and (min-width:1200px)\"><source type=\"image\/avif\" srcset=\"https:\/\/cdn.images.express.co.uk\/img\/dynamic\/25\/590x\/secondary\/modern-waterfront-architecture-reflected-on-fjord-water-during-sunny-winter-sunset-in-barcode-6767874.avif?r=1772105425206\" media=\"screen\"><source type=\"image\/webp\" srcset=\"https:\/\/cdn.images.express.co.uk\/img\/dynamic\/25\/590x\/secondary\/modern-waterfront-architecture-reflected-on-fjord-water-during-sunny-winter-sunset-in-barcode-6767874.webp?r=1772105425206\" media=\"screen\"><img decoding=\"async\" class=\"zoomEnabled\" src=\"https:\/\/www.svalbard.fr\/actualites\/wp-content\/uploads\/2026\/02\/Tout-nouveau-train-reliant-3-villes-scandinaves-sympas-cet-ete.jpeg\" alt=\"Architecture moderne du front de mer \u00e0 Oslo.\" title=\"Architecture moderne du front de mer \u00e0 Oslo.\" width=\"590\" height=\"394\" loading=\"lazy\"\/><\/source><\/source><\/source><\/source><\/source><\/source><\/source><\/source><\/source><\/source><\/source><\/picture><\/p>\n<p><span class=\"newsCaption\">Terminez six heures et demie plus tard dans la capitale norv\u00e9gienne, Oslo. <span class=\"caption\">(Image : Getty)<\/span><span class=\"magnifier\" data-img=\"https:\/\/www.svalbard.fr\/actualites\/wp-content\/uploads\/2026\/02\/Tout-nouveau-train-reliant-3-villes-scandinaves-sympas-cet-ete.jpeg\"\/><\/span><\/div>\n<div class=\"text-description\">\n<p>Selon Simon Calder, r\u00e9dacteur en chef de l&#39;Independent&#39;s Travel : \u00ab Les billets comprennent deux bagages \u00e0 main et un objet personnel plus petit. Il n&#39;est cependant pas possible d&#39;emporter un v\u00e9lo non pliable dans le train.<\/p>\n<\/div>\n<div class=\"text-description\">\n<p>\u00ab\u00a0Les enfants et les animaux domestiques sont les bienvenus \u00e0 bord avec un animal par passager factur\u00e9 29,80 SEK (2,40 \u00a3).<\/p>\n<\/div>\n<div class=\"text-description\">\n<p>\u00ab\u00a0A bord, les voyageurs dans les deux sens auront acc\u00e8s au restaurant \u00e0 bord, Krogen, o\u00f9 la compagnie ferroviaire recommande de r\u00e9server une table et de pr\u00e9-commander un repas lors de l&#39;achat d&#39;un billet de train.<\/p>\n<\/div>\n<div class=\"text-description\">\n<p>\u00ab\u00a0Bien que le menu de cet itin\u00e9raire n&#39;ait pas encore \u00e9t\u00e9 annonc\u00e9, d&#39;autres voyages proposent des plats chauds tels que des p\u00e2tes aux champignons, un gratin de b\u0153uf et de pommes de terre aux airelles et un r\u00f4ti de b\u0153uf cuit pendant la nuit \u00e0 partir de 159 SEK (13 \u00a3).<\/p>\n<\/div>\n<div class=\"text-description\">\n<p>\u00ab\u00a0Le petit-d\u00e9jeuner comprend un ensemble de petits pains au fromage, de brioches \u00e0 la cannelle, de jus et de boissons chaudes pour 99 SEK (8 \u00a3) sur r\u00e9servation pr\u00e9alable.\u00a0\u00bb<\/p>\n<\/div>\n<div class=\"text-description\">\n<p>Parall\u00e8lement \u00e0 son train de nuit Malm\u00f6-Berlin, Sn\u00e4llt\u00e5get propose \u00e9galement un service de nuit vers l&#39;Autriche depuis Stockholm, J\u00e4mtland et H\u00e4rjedalen, dans le nord de la Su\u00e8de rurale.<\/p>\n<\/div>\n<\/div>\n","protected":false},"excerpt":{"rendered":"<p>Commencez votre voyage dans la ville de Malm\u00f6, dans le sud de la Su\u00e8de. (Image : Getty) Si vous recherchez une escapade \u00ab coolcation \u00bb<\/p>\n","protected":false},"author":1,"featured_media":5309,"comment_status":"closed","ping_status":"","sticky":false,"template":"","format":"standard","meta":{"footnotes":""},"categories":[2277],"tags":[5779,520,185,500,5781,2199,546,5777,872,144,942],"yoast_head":"<!-- This site is optimized with the Yoast SEO plugin v21.0 - https:\/\/yoast.com\/wordpress\/plugins\/seo\/ -->\n<title>Tout nouveau train reliant 3 villes scandinaves sympas cet \u00e9t\u00e9 - billets \u00e0 partir de 12,20 \u00a3<\/title>\n<meta name=\"robots\" content=\"index, follow, max-snippet:-1, max-image-preview:large, max-video-preview:-1\" \/>\n<link rel=\"canonical\" href=\"https:\/\/www.svalbard.fr\/actualites\/tout-nouveau-train-reliant-3-villes-scandinaves-sympas-cet-ete-billets-a-partir-de-1220\/\" \/>\n<meta property=\"og:locale\" content=\"fr_FR\" \/>\n<meta property=\"og:type\" content=\"article\" \/>\n<meta property=\"og:title\" content=\"Tout nouveau train reliant 3 villes scandinaves sympas cet \u00e9t\u00e9 - billets \u00e0 partir de 12,20 \u00a3\" \/>\n<meta property=\"og:description\" content=\"Commencez votre voyage dans la ville de Malm\u00f6, dans le sud de la Su\u00e8de. (Image : Getty) Si vous recherchez une escapade \u00ab coolcation \u00bb\" \/>\n<meta property=\"og:url\" content=\"https:\/\/www.svalbard.fr\/actualites\/tout-nouveau-train-reliant-3-villes-scandinaves-sympas-cet-ete-billets-a-partir-de-1220\/\" \/>\n<meta property=\"og:site_name\" content=\"www.Svalbard.fr\" \/>\n<meta property=\"article:published_time\" content=\"2026-02-28T13:56:25+00:00\" \/>\n<meta property=\"article:modified_time\" content=\"2026-02-28T13:56:28+00:00\" \/>\n<meta property=\"og:image\" content=\"https:\/\/www.svalbard.fr\/actualites\/wp-content\/uploads\/2026\/02\/1772286986_Tout-nouveau-train-reliant-3-villes-scandinaves-sympas-cet-ete.jpg\" \/>\n\t<meta property=\"og:image:width\" content=\"1200\" \/>\n\t<meta property=\"og:image:height\" content=\"630\" \/>\n\t<meta property=\"og:image:type\" content=\"image\/jpeg\" \/>\n<meta name=\"author\" content=\"Hilmar\" \/>\n<meta name=\"twitter:card\" content=\"summary_large_image\" \/>\n<meta name=\"twitter:label1\" content=\"\u00c9crit par\" \/>\n\t<meta name=\"twitter:data1\" content=\"Hilmar\" \/>\n\t<meta name=\"twitter:label2\" content=\"Dur\u00e9e de lecture estim\u00e9e\" \/>\n\t<meta name=\"twitter:data2\" content=\"3 minutes\" \/>\n<script type=\"application\/ld+json\" class=\"yoast-schema-graph\">{\"@context\":\"https:\/\/schema.org\",\"@graph\":[{\"@type\":\"Article\",\"@id\":\"https:\/\/www.svalbard.fr\/actualites\/tout-nouveau-train-reliant-3-villes-scandinaves-sympas-cet-ete-billets-a-partir-de-1220\/#article\",\"isPartOf\":{\"@id\":\"https:\/\/www.svalbard.fr\/actualites\/tout-nouveau-train-reliant-3-villes-scandinaves-sympas-cet-ete-billets-a-partir-de-1220\/\"},\"author\":{\"name\":\"Hilmar\",\"@id\":\"https:\/\/www.svalbard.fr\/actualites\/#\/schema\/person\/a2f937d5712222366738fae98755c600\"},\"headline\":\"Tout nouveau train reliant 3 villes scandinaves sympas cet \u00e9t\u00e9 &#8211; billets \u00e0 partir de 12,20 \u00a3\",\"datePublished\":\"2026-02-28T13:56:25+00:00\",\"dateModified\":\"2026-02-28T13:56:28+00:00\",\"mainEntityOfPage\":{\"@id\":\"https:\/\/www.svalbard.fr\/actualites\/tout-nouveau-train-reliant-3-villes-scandinaves-sympas-cet-ete-billets-a-partir-de-1220\/\"},\"wordCount\":606,\"publisher\":{\"@id\":\"https:\/\/www.svalbard.fr\/actualites\/#organization\"},\"keywords\":[\"billets\",\"cet\",\"\u00e9t\u00e9\",\"nouveau\",\"partir\",\"reliant\",\"scandinaves\",\"sympas\",\"tout\",\"train\",\"villes\"],\"inLanguage\":\"fr-FR\"},{\"@type\":\"WebPage\",\"@id\":\"https:\/\/www.svalbard.fr\/actualites\/tout-nouveau-train-reliant-3-villes-scandinaves-sympas-cet-ete-billets-a-partir-de-1220\/\",\"url\":\"https:\/\/www.svalbard.fr\/actualites\/tout-nouveau-train-reliant-3-villes-scandinaves-sympas-cet-ete-billets-a-partir-de-1220\/\",\"name\":\"Tout nouveau train reliant 3 villes scandinaves sympas cet \u00e9t\u00e9 - billets \u00e0 partir de 12,20 \u00a3\",\"isPartOf\":{\"@id\":\"https:\/\/www.svalbard.fr\/actualites\/#website\"},\"datePublished\":\"2026-02-28T13:56:25+00:00\",\"dateModified\":\"2026-02-28T13:56:28+00:00\",\"breadcrumb\":{\"@id\":\"https:\/\/www.svalbard.fr\/actualites\/tout-nouveau-train-reliant-3-villes-scandinaves-sympas-cet-ete-billets-a-partir-de-1220\/#breadcrumb\"},\"inLanguage\":\"fr-FR\",\"potentialAction\":[{\"@type\":\"ReadAction\",\"target\":[\"https:\/\/www.svalbard.fr\/actualites\/tout-nouveau-train-reliant-3-villes-scandinaves-sympas-cet-ete-billets-a-partir-de-1220\/\"]}]},{\"@type\":\"BreadcrumbList\",\"@id\":\"https:\/\/www.svalbard.fr\/actualites\/tout-nouveau-train-reliant-3-villes-scandinaves-sympas-cet-ete-billets-a-partir-de-1220\/#breadcrumb\",\"itemListElement\":[{\"@type\":\"ListItem\",\"position\":1,\"name\":\"Accueil\",\"item\":\"https:\/\/www.svalbard.fr\/actualites\/\"},{\"@type\":\"ListItem\",\"position\":2,\"name\":\"Tout nouveau train reliant 3 villes scandinaves sympas cet \u00e9t\u00e9 &#8211; billets \u00e0 partir de 12,20 \u00a3\"}]},{\"@type\":\"WebSite\",\"@id\":\"https:\/\/www.svalbard.fr\/actualites\/#website\",\"url\":\"https:\/\/www.svalbard.fr\/actualites\/\",\"name\":\"www.Svalbard.fr\",\"description\":\"\",\"publisher\":{\"@id\":\"https:\/\/www.svalbard.fr\/actualites\/#organization\"},\"potentialAction\":[{\"@type\":\"SearchAction\",\"target\":{\"@type\":\"EntryPoint\",\"urlTemplate\":\"https:\/\/www.svalbard.fr\/actualites\/?s={search_term_string}\"},\"query-input\":\"required name=search_term_string\"}],\"inLanguage\":\"fr-FR\"},{\"@type\":\"Organization\",\"@id\":\"https:\/\/www.svalbard.fr\/actualites\/#organization\",\"name\":\"www.Svalbard.fr\",\"url\":\"https:\/\/www.svalbard.fr\/actualites\/\",\"logo\":{\"@type\":\"ImageObject\",\"inLanguage\":\"fr-FR\",\"@id\":\"https:\/\/www.svalbard.fr\/actualites\/#\/schema\/logo\/image\/\",\"url\":\"https:\/\/www.svalbard.fr\/actualites\/wp-content\/uploads\/2023\/09\/head-nom.jpg\",\"contentUrl\":\"https:\/\/www.svalbard.fr\/actualites\/wp-content\/uploads\/2023\/09\/head-nom.jpg\",\"width\":264,\"height\":35,\"caption\":\"www.Svalbard.fr\"},\"image\":{\"@id\":\"https:\/\/www.svalbard.fr\/actualites\/#\/schema\/logo\/image\/\"}},{\"@type\":\"Person\",\"@id\":\"https:\/\/www.svalbard.fr\/actualites\/#\/schema\/person\/a2f937d5712222366738fae98755c600\",\"name\":\"Hilmar\",\"image\":{\"@type\":\"ImageObject\",\"inLanguage\":\"fr-FR\",\"@id\":\"https:\/\/www.svalbard.fr\/actualites\/#\/schema\/person\/image\/\",\"url\":\"https:\/\/secure.gravatar.com\/avatar\/4daa437093476dbc32da415c112b6512?s=96&d=mm&r=g\",\"contentUrl\":\"https:\/\/secure.gravatar.com\/avatar\/4daa437093476dbc32da415c112b6512?s=96&d=mm&r=g\",\"caption\":\"Hilmar\"},\"description\":\"Hilmar est un passionn\u00e9 des r\u00e9gions polaires, sp\u00e9cialis\u00e9 dans la r\u00e9daction d'articles sur le Spitzberg et autres destinations arctiques. Il apporte son expertise et sa passion pour l'Arctique au sein de l'\u00e9quipe de r\u00e9daction de Svalbard depuis de nombreuses ann\u00e9es.\",\"sameAs\":[\"https:\/\/www.svalbard.fr\/\"]}]}<\/script>\n<!-- \/ Yoast SEO plugin. -->","yoast_head_json":{"title":"Tout nouveau train reliant 3 villes scandinaves sympas cet \u00e9t\u00e9 - billets \u00e0 partir de 12,20 \u00a3","robots":{"index":"index","follow":"follow","max-snippet":"max-snippet:-1","max-image-preview":"max-image-preview:large","max-video-preview":"max-video-preview:-1"},"canonical":"https:\/\/www.svalbard.fr\/actualites\/tout-nouveau-train-reliant-3-villes-scandinaves-sympas-cet-ete-billets-a-partir-de-1220\/","og_locale":"fr_FR","og_type":"article","og_title":"Tout nouveau train reliant 3 villes scandinaves sympas cet \u00e9t\u00e9 - billets \u00e0 partir de 12,20 \u00a3","og_description":"Commencez votre voyage dans la ville de Malm\u00f6, dans le sud de la Su\u00e8de. (Image : Getty) Si vous recherchez une escapade \u00ab coolcation \u00bb","og_url":"https:\/\/www.svalbard.fr\/actualites\/tout-nouveau-train-reliant-3-villes-scandinaves-sympas-cet-ete-billets-a-partir-de-1220\/","og_site_name":"www.Svalbard.fr","article_published_time":"2026-02-28T13:56:25+00:00","article_modified_time":"2026-02-28T13:56:28+00:00","og_image":[{"width":1200,"height":630,"url":"https:\/\/www.svalbard.fr\/actualites\/wp-content\/uploads\/2026\/02\/1772286986_Tout-nouveau-train-reliant-3-villes-scandinaves-sympas-cet-ete.jpg","type":"image\/jpeg"}],"author":"Hilmar","twitter_card":"summary_large_image","twitter_misc":{"\u00c9crit par":"Hilmar","Dur\u00e9e de lecture estim\u00e9e":"3 minutes"},"schema":{"@context":"https:\/\/schema.org","@graph":[{"@type":"Article","@id":"https:\/\/www.svalbard.fr\/actualites\/tout-nouveau-train-reliant-3-villes-scandinaves-sympas-cet-ete-billets-a-partir-de-1220\/#article","isPartOf":{"@id":"https:\/\/www.svalbard.fr\/actualites\/tout-nouveau-train-reliant-3-villes-scandinaves-sympas-cet-ete-billets-a-partir-de-1220\/"},"author":{"name":"Hilmar","@id":"https:\/\/www.svalbard.fr\/actualites\/#\/schema\/person\/a2f937d5712222366738fae98755c600"},"headline":"Tout nouveau train reliant 3 villes scandinaves sympas cet \u00e9t\u00e9 &#8211; billets \u00e0 partir de 12,20 \u00a3","datePublished":"2026-02-28T13:56:25+00:00","dateModified":"2026-02-28T13:56:28+00:00","mainEntityOfPage":{"@id":"https:\/\/www.svalbard.fr\/actualites\/tout-nouveau-train-reliant-3-villes-scandinaves-sympas-cet-ete-billets-a-partir-de-1220\/"},"wordCount":606,"publisher":{"@id":"https:\/\/www.svalbard.fr\/actualites\/#organization"},"keywords":["billets","cet","\u00e9t\u00e9","nouveau","partir","reliant","scandinaves","sympas","tout","train","villes"],"inLanguage":"fr-FR"},{"@type":"WebPage","@id":"https:\/\/www.svalbard.fr\/actualites\/tout-nouveau-train-reliant-3-villes-scandinaves-sympas-cet-ete-billets-a-partir-de-1220\/","url":"https:\/\/www.svalbard.fr\/actualites\/tout-nouveau-train-reliant-3-villes-scandinaves-sympas-cet-ete-billets-a-partir-de-1220\/","name":"Tout nouveau train reliant 3 villes scandinaves sympas cet \u00e9t\u00e9 - billets \u00e0 partir de 12,20 \u00a3","isPartOf":{"@id":"https:\/\/www.svalbard.fr\/actualites\/#website"},"datePublished":"2026-02-28T13:56:25+00:00","dateModified":"2026-02-28T13:56:28+00:00","breadcrumb":{"@id":"https:\/\/www.svalbard.fr\/actualites\/tout-nouveau-train-reliant-3-villes-scandinaves-sympas-cet-ete-billets-a-partir-de-1220\/#breadcrumb"},"inLanguage":"fr-FR","potentialAction":[{"@type":"ReadAction","target":["https:\/\/www.svalbard.fr\/actualites\/tout-nouveau-train-reliant-3-villes-scandinaves-sympas-cet-ete-billets-a-partir-de-1220\/"]}]},{"@type":"BreadcrumbList","@id":"https:\/\/www.svalbard.fr\/actualites\/tout-nouveau-train-reliant-3-villes-scandinaves-sympas-cet-ete-billets-a-partir-de-1220\/#breadcrumb","itemListElement":[{"@type":"ListItem","position":1,"name":"Accueil","item":"https:\/\/www.svalbard.fr\/actualites\/"},{"@type":"ListItem","position":2,"name":"Tout nouveau train reliant 3 villes scandinaves sympas cet \u00e9t\u00e9 &#8211; billets \u00e0 partir de 12,20 \u00a3"}]},{"@type":"WebSite","@id":"https:\/\/www.svalbard.fr\/actualites\/#website","url":"https:\/\/www.svalbard.fr\/actualites\/","name":"www.Svalbard.fr","description":"","publisher":{"@id":"https:\/\/www.svalbard.fr\/actualites\/#organization"},"potentialAction":[{"@type":"SearchAction","target":{"@type":"EntryPoint","urlTemplate":"https:\/\/www.svalbard.fr\/actualites\/?s={search_term_string}"},"query-input":"required name=search_term_string"}],"inLanguage":"fr-FR"},{"@type":"Organization","@id":"https:\/\/www.svalbard.fr\/actualites\/#organization","name":"www.Svalbard.fr","url":"https:\/\/www.svalbard.fr\/actualites\/","logo":{"@type":"ImageObject","inLanguage":"fr-FR","@id":"https:\/\/www.svalbard.fr\/actualites\/#\/schema\/logo\/image\/","url":"https:\/\/www.svalbard.fr\/actualites\/wp-content\/uploads\/2023\/09\/head-nom.jpg","contentUrl":"https:\/\/www.svalbard.fr\/actualites\/wp-content\/uploads\/2023\/09\/head-nom.jpg","width":264,"height":35,"caption":"www.Svalbard.fr"},"image":{"@id":"https:\/\/www.svalbard.fr\/actualites\/#\/schema\/logo\/image\/"}},{"@type":"Person","@id":"https:\/\/www.svalbard.fr\/actualites\/#\/schema\/person\/a2f937d5712222366738fae98755c600","name":"Hilmar","image":{"@type":"ImageObject","inLanguage":"fr-FR","@id":"https:\/\/www.svalbard.fr\/actualites\/#\/schema\/person\/image\/","url":"https:\/\/secure.gravatar.com\/avatar\/4daa437093476dbc32da415c112b6512?s=96&d=mm&r=g","contentUrl":"https:\/\/secure.gravatar.com\/avatar\/4daa437093476dbc32da415c112b6512?s=96&d=mm&r=g","caption":"Hilmar"},"description":"Hilmar est un passionn\u00e9 des r\u00e9gions polaires, sp\u00e9cialis\u00e9 dans la r\u00e9daction d'articles sur le Spitzberg et autres destinations arctiques. Il apporte son expertise et sa passion pour l'Arctique au sein de l'\u00e9quipe de r\u00e9daction de Svalbard depuis de nombreuses ann\u00e9es.","sameAs":["https:\/\/www.svalbard.fr\/"]}]}},"_links":{"self":[{"href":"https:\/\/www.svalbard.fr\/actualites\/wp-json\/wp\/v2\/posts\/5308"}],"collection":[{"href":"https:\/\/www.svalbard.fr\/actualites\/wp-json\/wp\/v2\/posts"}],"about":[{"href":"https:\/\/www.svalbard.fr\/actualites\/wp-json\/wp\/v2\/types\/post"}],"author":[{"embeddable":true,"href":"https:\/\/www.svalbard.fr\/actualites\/wp-json\/wp\/v2\/users\/1"}],"replies":[{"embeddable":true,"href":"https:\/\/www.svalbard.fr\/actualites\/wp-json\/wp\/v2\/comments?post=5308"}],"version-history":[{"count":1,"href":"https:\/\/www.svalbard.fr\/actualites\/wp-json\/wp\/v2\/posts\/5308\/revisions"}],"predecessor-version":[{"id":5310,"href":"https:\/\/www.svalbard.fr\/actualites\/wp-json\/wp\/v2\/posts\/5308\/revisions\/5310"}],"wp:featuredmedia":[{"embeddable":true,"href":"https:\/\/www.svalbard.fr\/actualites\/wp-json\/wp\/v2\/media\/5309"}],"wp:attachment":[{"href":"https:\/\/www.svalbard.fr\/actualites\/wp-json\/wp\/v2\/media?parent=5308"}],"wp:term":[{"taxonomy":"category","embeddable":true,"href":"https:\/\/www.svalbard.fr\/actualites\/wp-json\/wp\/v2\/categories?post=5308"},{"taxonomy":"post_tag","embeddable":true,"href":"https:\/\/www.svalbard.fr\/actualites\/wp-json\/wp\/v2\/tags?post=5308"}],"curies":[{"name":"wp","href":"https:\/\/api.w.org\/{rel}","templated":true}]}}