{"id":5311,"date":"2026-03-01T14:57:13","date_gmt":"2026-03-01T13:57:13","guid":{"rendered":"https:\/\/www.svalbard.fr\/actualites\/la-jolie-ville-lune-des-plus-vertes-deurope-ressemble-a-un-parc-national\/"},"modified":"2026-03-01T14:57:16","modified_gmt":"2026-03-01T13:57:16","slug":"la-jolie-ville-lune-des-plus-vertes-deurope-ressemble-a-un-parc-national","status":"publish","type":"post","link":"https:\/\/www.svalbard.fr\/actualites\/la-jolie-ville-lune-des-plus-vertes-deurope-ressemble-a-un-parc-national\/","title":{"rendered":"La jolie ville, l&#39;une des plus vertes d&#39;Europe, ressemble \u00e0 un parc national"},"content":{"rendered":"<div>\n<div class=\"photo changeSpace\">\n<p class=\"withoutCaption\"><picture><source type=\"image\/avif\" srcset=\"https:\/\/cdn.images.express.co.uk\/img\/dynamic\/25\/1200x712\/secondary\/Oslo-from-above-6771281.avif?r=1772219727927\" media=\"screen and (min-width:10000px)\"><source type=\"image\/webp\" srcset=\"https:\/\/cdn.images.express.co.uk\/img\/dynamic\/25\/1200x712\/secondary\/Oslo-from-above-6771281.webp?r=1772219727927\" media=\"screen and (min-width:10000px)\"><source type=\"image\/jpeg\" srcset=\"https:\/\/cdn.images.express.co.uk\/img\/dynamic\/25\/1200x712\/secondary\/Oslo-from-above-6771281.jpg?r=1772219727927\" media=\"screen and (min-width:10000px)\"><source type=\"image\/avif\" srcset=\"https:\/\/cdn.images.express.co.uk\/img\/dynamic\/25\/674x400\/secondary\/Oslo-from-above-6771281.avif?r=1772219727927\" media=\"screen and (min-width:100000px)\"><source type=\"image\/webp\" srcset=\"https:\/\/cdn.images.express.co.uk\/img\/dynamic\/25\/674x400\/secondary\/Oslo-from-above-6771281.webp?r=1772219727927\" media=\"screen and (min-width:100000px)\"><source type=\"image\/jpeg\" srcset=\"https:\/\/cdn.images.express.co.uk\/img\/dynamic\/25\/674x400\/secondary\/Oslo-from-above-6771281.jpg?r=1772219727927\" media=\"screen and (min-width:100000px)\"><source type=\"image\/avif\" srcset=\"https:\/\/cdn.images.express.co.uk\/img\/dynamic\/25\/940x\/secondary\/Oslo-from-above-6771281.avif?r=1772219727927\" media=\"screen and (min-width:1200px)\"><source type=\"image\/webp\" srcset=\"https:\/\/cdn.images.express.co.uk\/img\/dynamic\/25\/940x\/secondary\/Oslo-from-above-6771281.webp?r=1772219727927\" media=\"screen and (min-width:1200px)\"><source type=\"image\/jpeg\" srcset=\"https:\/\/cdn.images.express.co.uk\/img\/dynamic\/25\/940x\/secondary\/Oslo-from-above-6771281.jpg?r=1772219727927\" media=\"screen and (min-width:1200px)\"><source type=\"image\/avif\" srcset=\"https:\/\/cdn.images.express.co.uk\/img\/dynamic\/25\/590x\/secondary\/Oslo-from-above-6771281.avif?r=1772219727927\" media=\"screen\"><source type=\"image\/webp\" srcset=\"https:\/\/cdn.images.express.co.uk\/img\/dynamic\/25\/590x\/secondary\/Oslo-from-above-6771281.webp?r=1772219727927\" media=\"screen\"><\/source><\/source><\/source><\/source><\/source><\/source><\/source><\/source><\/source><\/source><\/source><\/picture><\/p>\n<p><span class=\"newsCaption\">Oslo est une destination magnifique pour les touristes <span class=\"caption\">(Image : Getty Images)<\/span><span class=\"magnifier\" data-img=\"https:\/\/cdn.images.express.co.uk\/img\/dynamic\/25\/1200x712\/secondary\/Oslo-from-above-6771281.jpg?r=1772219727927\"\/><\/span><\/div>\n<div class=\"text-description\">\n<p>Une superbe ville europ\u00e9enne est arriv\u00e9e en t\u00eate du classement des villes les plus vertes et se trouve \u00e0 seulement deux heures du Royaume-Uni. Connue pour ses magnifiques parcs et son atmosph\u00e8re d\u00e9tendue, la ville a obtenu des scores \u00e9lev\u00e9s pour la qualit\u00e9 de son air, ses espaces verts et ses parcs publics. Les besoins de voyage des Britanniques \u00e0 la recherche de vacances \u00e9voluent et un terme de recherche en particulier a augment\u00e9 de 9 900 % au cours de la derni\u00e8re ann\u00e9e : la \u00ab ville la plus verte du monde \u00bb.<\/p>\n<\/div>\n<div class=\"text-description\">\n<p>Des recherches sugg\u00e8rent que les gens choisissent des villes \u00e0 visiter qui allient exploration, d\u00e9tente en plein air et espaces verts ouverts. Si cela semble \u00eatre une combinaison trop belle pour \u00eatre vraie, il s&#39;av\u00e8re que ce n&#39;est pas le cas de nombreuses villes \u00e0 travers le monde class\u00e9es comme \u00ab riches en nature \u00bb. Oslo, la capitale de la Norv\u00e8ge, est arriv\u00e9e premi\u00e8re avec un score vert de 77,3.<\/p>\n<\/div>\n<div class=\"photo changeSpace\">\n<p class=\"withoutCaption\"><picture><source type=\"image\/avif\" srcset=\"https:\/\/cdn.images.express.co.uk\/img\/dynamic\/25\/1200x712\/secondary\/Norway-6771284.avif?r=1772219727950\" media=\"screen and (min-width:10000px)\"><source type=\"image\/webp\" srcset=\"https:\/\/cdn.images.express.co.uk\/img\/dynamic\/25\/1200x712\/secondary\/Norway-6771284.webp?r=1772219727950\" media=\"screen and (min-width:10000px)\"><source type=\"image\/jpeg\" srcset=\"https:\/\/cdn.images.express.co.uk\/img\/dynamic\/25\/1200x712\/secondary\/Norway-6771284.jpg?r=1772219727950\" media=\"screen and (min-width:10000px)\"><source type=\"image\/avif\" srcset=\"https:\/\/cdn.images.express.co.uk\/img\/dynamic\/25\/674x400\/secondary\/Norway-6771284.avif?r=1772219727950\" media=\"screen and (min-width:100000px)\"><source type=\"image\/webp\" srcset=\"https:\/\/cdn.images.express.co.uk\/img\/dynamic\/25\/674x400\/secondary\/Norway-6771284.webp?r=1772219727950\" media=\"screen and (min-width:100000px)\"><source type=\"image\/jpeg\" srcset=\"https:\/\/cdn.images.express.co.uk\/img\/dynamic\/25\/674x400\/secondary\/Norway-6771284.jpg?r=1772219727950\" media=\"screen and (min-width:100000px)\"><source type=\"image\/avif\" srcset=\"https:\/\/cdn.images.express.co.uk\/img\/dynamic\/25\/940x\/secondary\/Norway-6771284.avif?r=1772219727950\" media=\"screen and (min-width:1200px)\"><source type=\"image\/webp\" srcset=\"https:\/\/cdn.images.express.co.uk\/img\/dynamic\/25\/940x\/secondary\/Norway-6771284.webp?r=1772219727950\" media=\"screen and (min-width:1200px)\"><source type=\"image\/jpeg\" srcset=\"https:\/\/cdn.images.express.co.uk\/img\/dynamic\/25\/940x\/secondary\/Norway-6771284.jpg?r=1772219727950\" media=\"screen and (min-width:1200px)\"><source type=\"image\/avif\" srcset=\"https:\/\/cdn.images.express.co.uk\/img\/dynamic\/25\/590x\/secondary\/Norway-6771284.avif?r=1772219727950\" media=\"screen\"><source type=\"image\/webp\" srcset=\"https:\/\/cdn.images.express.co.uk\/img\/dynamic\/25\/590x\/secondary\/Norway-6771284.webp?r=1772219727950\" media=\"screen\"><img decoding=\"async\" src=\"https:\/\/www.svalbard.fr\/actualites\/wp-content\/uploads\/2026\/03\/1772373432_108_La-jolie-ville-l39une-des-plus-vertes-d39Europe-ressemble-a.jpg\" class=\"zoomEnabled\" data-img=\"https:\/\/cdn.images.express.co.uk\/img\/dynamic\/25\/1200x712\/secondary\/Norway-6771284.jpg?r=1772219727950\" alt=\"Un drapeau en Norv\u00e8ge\" title=\"Un drapeau en Norv\u00e8ge\" width=\"590\" height=\"393\" loading=\"lazy\"\/><\/source><\/source><\/source><\/source><\/source><\/source><\/source><\/source><\/source><\/source><\/source><\/picture><\/p>\n<p><span class=\"newsCaption\">La Norv\u00e8ge est connue pour ses magnifiques paysages <span class=\"caption\">(Image : Getty Images)<\/span><span class=\"magnifier\" data-img=\"https:\/\/cdn.images.express.co.uk\/img\/dynamic\/25\/1200x712\/secondary\/Norway-6771284.jpg?r=1772219727950\"\/><\/span><\/div>\n<div class=\"text-description dont-miss\">\n<p><strong>  En savoir plus:<\/strong>  L&#39;ancien Premier ministre nomm\u00e9 dans les dossiers Epstein transport\u00e9 d&#39;urgence \u00e0 l&#39;h\u00f4pital <\/p>\n<p><strong>  En savoir plus:<\/strong>  Le roi rompt avec la tradition royale avec une d\u00e9cision cl\u00e9 alors que le scandale familial gronde <\/p>\n<\/div>\n<div class=\"text-description\">\n<p>Les professionnels du voyage d&#39;Iglu Cruise ont d\u00e9velopp\u00e9 un indice des villes vertes qui r\u00e9pertorie les 10 meilleures villes o\u00f9 nature et vie urbaine se combinent.<\/p>\n<\/div>\n<div class=\"text-description\">\n<p>En se basant sur la quantit\u00e9 de verdure dans chaque ville, la qualit\u00e9 de l&#39;air et les espaces verts publics accessibles, ils ont d\u00e9couvert qu&#39;une ville europ\u00e9enne arrive en t\u00eate du classement \u2013 \u200b\u200bet qu&#39;elle n&#39;est qu&#39;\u00e0 deux heures de vol.<\/p>\n<\/div>\n<div class=\"text-description\">\n<p>Un nombre stup\u00e9fiant de 95\u00a0% des habitants d&#39;Oslo vivent \u00e0 moins de 300\u00a0m\u00e8tres \u00e0 pied d&#39;un espace vert, ce qui en fait l&#39;une des capitales les plus accessibles \u00e0 pied d&#39;Europe et une ville qui donne l&#39;impression de vivre dans un parc national.<\/p>\n<\/div>\n<div class=\"text-description\">\n<p>La ville dispose \u00e9galement d&#39;un programme d&#39;initiative appel\u00e9 \u00ab\u00a0parcs de poche\u00a0\u00bb qui a \u00e9t\u00e9 d\u00e9velopp\u00e9 gr\u00e2ce aux efforts men\u00e9s par la communaut\u00e9 pour transformer d&#39;anciens espaces de stationnement en espaces verts.<\/p>\n<\/div>\n<div class=\"text-description\">\n<p>En outre, Oslo poss\u00e8de la premi\u00e8re \u00ab autoroute des abeilles \u00bb au monde : un couloir de fleurs et d&#39;h\u00f4tels \u00e0 abeilles traversant les rues de la ville, offrant aux touristes une exp\u00e9rience unique de la magnifique nature norv\u00e9gienne \u00e0 quelques minutes seulement.<\/p>\n<\/div>\n<div class=\"text-description\">\n<p>La ville poss\u00e8de \u00e9galement des sites r\u00e9put\u00e9s, notamment le parc du Palais Royal et le parc Vigeland, qui est le plus grand parc de sculptures au monde cr\u00e9\u00e9 par un seul artiste.<\/p>\n<\/div>\n<div class=\"text-description\">\n<p>Les visiteurs peuvent prendre le m\u00e9tro en 20 minutes depuis le centre-ville jusqu&#39;\u00e0 la for\u00eat d&#39;Oslomarka et les sentiers autour du lac Sognsvann.<\/p>\n<\/div>\n<div class=\"text-description\">\n<p><strong>Assurez-vous que nos derniers titres d&#39;actualit\u00e9 apparaissent toujours en haut de votre recherche Google en faisant de nous une source pr\u00e9f\u00e9r\u00e9e. Cliquez ici pour nous activer ou nous ajouter comme source pr\u00e9f\u00e9r\u00e9e dans vos param\u00e8tres de recherche Google.<\/strong><\/p>\n<\/div>\n<div class=\"photo changeSpace\">\n<p class=\"withoutCaption\"><picture><source type=\"image\/avif\" srcset=\"https:\/\/cdn.images.express.co.uk\/img\/dynamic\/25\/1200x712\/secondary\/Oslo-Norway-6771286.avif?r=1772219727964\" media=\"screen and (min-width:10000px)\"><source type=\"image\/webp\" srcset=\"https:\/\/cdn.images.express.co.uk\/img\/dynamic\/25\/1200x712\/secondary\/Oslo-Norway-6771286.webp?r=1772219727964\" media=\"screen and (min-width:10000px)\"><source type=\"image\/jpeg\" srcset=\"https:\/\/cdn.images.express.co.uk\/img\/dynamic\/25\/1200x712\/secondary\/Oslo-Norway-6771286.jpg?r=1772219727964\" media=\"screen and (min-width:10000px)\"><source type=\"image\/avif\" srcset=\"https:\/\/cdn.images.express.co.uk\/img\/dynamic\/25\/674x400\/secondary\/Oslo-Norway-6771286.avif?r=1772219727964\" media=\"screen and (min-width:100000px)\"><source type=\"image\/webp\" srcset=\"https:\/\/cdn.images.express.co.uk\/img\/dynamic\/25\/674x400\/secondary\/Oslo-Norway-6771286.webp?r=1772219727964\" media=\"screen and (min-width:100000px)\"><source type=\"image\/jpeg\" srcset=\"https:\/\/cdn.images.express.co.uk\/img\/dynamic\/25\/674x400\/secondary\/Oslo-Norway-6771286.jpg?r=1772219727964\" media=\"screen and (min-width:100000px)\"><source type=\"image\/avif\" srcset=\"https:\/\/cdn.images.express.co.uk\/img\/dynamic\/25\/940x\/secondary\/Oslo-Norway-6771286.avif?r=1772219727964\" media=\"screen and (min-width:1200px)\"><source type=\"image\/webp\" srcset=\"https:\/\/cdn.images.express.co.uk\/img\/dynamic\/25\/940x\/secondary\/Oslo-Norway-6771286.webp?r=1772219727964\" media=\"screen and (min-width:1200px)\"><source type=\"image\/jpeg\" srcset=\"https:\/\/cdn.images.express.co.uk\/img\/dynamic\/25\/940x\/secondary\/Oslo-Norway-6771286.jpg?r=1772219727964\" media=\"screen and (min-width:1200px)\"><source type=\"image\/avif\" srcset=\"https:\/\/cdn.images.express.co.uk\/img\/dynamic\/25\/590x\/secondary\/Oslo-Norway-6771286.avif?r=1772219727964\" media=\"screen\"><source type=\"image\/webp\" srcset=\"https:\/\/cdn.images.express.co.uk\/img\/dynamic\/25\/590x\/secondary\/Oslo-Norway-6771286.webp?r=1772219727964\" media=\"screen\"><img decoding=\"async\" src=\"https:\/\/www.svalbard.fr\/actualites\/wp-content\/uploads\/2026\/03\/1772373433_93_La-jolie-ville-l39une-des-plus-vertes-d39Europe-ressemble-a.jpg\" class=\"zoomEnabled\" data-img=\"https:\/\/cdn.images.express.co.uk\/img\/dynamic\/25\/1200x712\/secondary\/Oslo-Norway-6771286.jpg?r=1772219727964\" alt=\"Oslo, Norv\u00e8ge\" title=\"Oslo, Norv\u00e8ge\" width=\"590\" height=\"393\" loading=\"lazy\"\/><\/source><\/source><\/source><\/source><\/source><\/source><\/source><\/source><\/source><\/source><\/source><\/picture><\/p>\n<p><span class=\"newsCaption\">La ville est un immense p\u00f4le \u00e9conomique et culturel pour la Norv\u00e8ge <span class=\"caption\">(Image : Getty Images)<\/span><span class=\"magnifier\" data-img=\"https:\/\/cdn.images.express.co.uk\/img\/dynamic\/25\/1200x712\/secondary\/Oslo-Norway-6771286.jpg?r=1772219727964\"\/><\/span><\/div>\n<div class=\"text-description\">\n<p>On y trouve \u00e9galement des sites r\u00e9put\u00e9s comme le parc du Palais Royal et le parc Vigeland, le plus grand parc de sculptures au monde, cr\u00e9\u00e9 par un seul artiste. \u00c0 20 minutes en m\u00e9tro du centre-ville, vous rejoindrez la for\u00eat d&#39;Oslomarka et les sentiers autour du lac Sognsvann.<\/p>\n<\/div>\n<div class=\"text-description\">\n<p>Il existe \u00e9galement un certain nombre de plages impressionnantes \u00e0 Oslo, principalement situ\u00e9es sur la p\u00e9ninsule de Bygdoy, qui offre des rivages sablonneux, des espaces verts et est facilement accessible depuis le centre-ville.<\/p>\n<\/div>\n<div class=\"text-description\">\n<p>La plage la plus populaire est la tr\u00e8s anim\u00e9e Huk, qui poss\u00e8de des \u00e9tendues de sable, des pelouses herbeuses et un terrain de beach-volley. Pour une exp\u00e9rience plus calme, les visiteurs peuvent se rendre \u00e0 Paradisbukta ou \u00e0 Tjuvholmen urbain, des plages id\u00e9ales pour nager, bronzer et se promener le long du fjord d&#39;Oslo en \u00e9t\u00e9.<\/p>\n<\/div>\n<div class=\"text-description\">\n<p>Parmi les autres villes vertes d&#39;Europe figurent Vilnius en Lituanie, Helsinki en Finlande et Vienne en Autriche aux deuxi\u00e8me, troisi\u00e8me et quatri\u00e8me places, tandis que Reading \u00e9tait la seule ville du Royaume-Uni \u00e0 la neuvi\u00e8me place.<\/p>\n<\/div>\n<div class=\"text-description\">\n<p>Canberra et Sydney en Australie et Singapour ont hiss\u00e9 le drapeau international aux cinqui\u00e8me, sixi\u00e8me et huiti\u00e8me places, Stockholm en Su\u00e8de en septi\u00e8me position et Munich en Allemagne compl\u00e9tant la liste \u00e0 dix.<\/p>\n<\/div>\n<p><iframe data-src=\"https:\/\/xd.wayin.com\/display\/container\/dc\/855f394c-9b29-44c9-8710-ab95045044f5?mode=responsive\" title=\"Poll related to the topic\" frameborder=\"0\" scrolling=\"no\" width=\"100%\" height=\"900\" data-lazy-function=\"cheetah\" id=\"ngxFrame259241\" allowtransparency=\"true\"><\/iframe><\/p>\n<\/div>\n","protected":false},"excerpt":{"rendered":"<p>Oslo est une destination magnifique pour les touristes (Image : Getty Images) Une superbe ville europ\u00e9enne est arriv\u00e9e en t\u00eate du classement des villes les<\/p>\n","protected":false},"author":1,"featured_media":5312,"comment_status":"closed","ping_status":"","sticky":false,"template":"","format":"standard","meta":{"footnotes":""},"categories":[2277],"tags":[1158,8,946,1103,502,501,40,5783,103],"yoast_head":"<!-- This site is optimized with the Yoast SEO plugin v21.0 - https:\/\/yoast.com\/wordpress\/plugins\/seo\/ -->\n<title>La jolie ville, l&#039;une des plus vertes d&#039;Europe, ressemble \u00e0 un parc national<\/title>\n<meta name=\"robots\" content=\"index, follow, max-snippet:-1, max-image-preview:large, max-video-preview:-1\" \/>\n<link rel=\"canonical\" href=\"https:\/\/www.svalbard.fr\/actualites\/la-jolie-ville-lune-des-plus-vertes-deurope-ressemble-a-un-parc-national\/\" \/>\n<meta property=\"og:locale\" content=\"fr_FR\" \/>\n<meta property=\"og:type\" content=\"article\" \/>\n<meta property=\"og:title\" content=\"La jolie ville, l&#039;une des plus vertes d&#039;Europe, ressemble \u00e0 un parc national\" \/>\n<meta property=\"og:description\" content=\"Oslo est une destination magnifique pour les touristes (Image : Getty Images) Une superbe ville europ\u00e9enne est arriv\u00e9e en t\u00eate du classement des villes les\" \/>\n<meta property=\"og:url\" content=\"https:\/\/www.svalbard.fr\/actualites\/la-jolie-ville-lune-des-plus-vertes-deurope-ressemble-a-un-parc-national\/\" \/>\n<meta property=\"og:site_name\" content=\"www.Svalbard.fr\" \/>\n<meta property=\"article:published_time\" content=\"2026-03-01T13:57:13+00:00\" \/>\n<meta property=\"article:modified_time\" content=\"2026-03-01T13:57:16+00:00\" \/>\n<meta property=\"og:image\" content=\"https:\/\/www.svalbard.fr\/actualites\/wp-content\/uploads\/2026\/03\/1772373434_La-jolie-ville-l39une-des-plus-vertes-d39Europe-ressemble-a.jpg\" \/>\n\t<meta property=\"og:image:width\" content=\"1200\" \/>\n\t<meta property=\"og:image:height\" content=\"630\" \/>\n\t<meta property=\"og:image:type\" content=\"image\/jpeg\" \/>\n<meta name=\"author\" content=\"Hilmar\" \/>\n<meta name=\"twitter:card\" content=\"summary_large_image\" \/>\n<meta name=\"twitter:label1\" content=\"\u00c9crit par\" \/>\n\t<meta name=\"twitter:data1\" content=\"Hilmar\" \/>\n\t<meta name=\"twitter:label2\" content=\"Dur\u00e9e de lecture estim\u00e9e\" \/>\n\t<meta name=\"twitter:data2\" content=\"4 minutes\" \/>\n<script type=\"application\/ld+json\" class=\"yoast-schema-graph\">{\"@context\":\"https:\/\/schema.org\",\"@graph\":[{\"@type\":\"Article\",\"@id\":\"https:\/\/www.svalbard.fr\/actualites\/la-jolie-ville-lune-des-plus-vertes-deurope-ressemble-a-un-parc-national\/#article\",\"isPartOf\":{\"@id\":\"https:\/\/www.svalbard.fr\/actualites\/la-jolie-ville-lune-des-plus-vertes-deurope-ressemble-a-un-parc-national\/\"},\"author\":{\"name\":\"Hilmar\",\"@id\":\"https:\/\/www.svalbard.fr\/actualites\/#\/schema\/person\/a2f937d5712222366738fae98755c600\"},\"headline\":\"La jolie ville, l&#39;une des plus vertes d&#39;Europe, ressemble \u00e0 un parc national\",\"datePublished\":\"2026-03-01T13:57:13+00:00\",\"dateModified\":\"2026-03-01T13:57:16+00:00\",\"mainEntityOfPage\":{\"@id\":\"https:\/\/www.svalbard.fr\/actualites\/la-jolie-ville-lune-des-plus-vertes-deurope-ressemble-a-un-parc-national\/\"},\"wordCount\":793,\"publisher\":{\"@id\":\"https:\/\/www.svalbard.fr\/actualites\/#organization\"},\"keywords\":[\"d39Europe\",\"des\",\"jolie\",\"l39une\",\"national\",\"parc\",\"ressemble\",\"vertes\",\"ville\"],\"inLanguage\":\"fr-FR\"},{\"@type\":\"WebPage\",\"@id\":\"https:\/\/www.svalbard.fr\/actualites\/la-jolie-ville-lune-des-plus-vertes-deurope-ressemble-a-un-parc-national\/\",\"url\":\"https:\/\/www.svalbard.fr\/actualites\/la-jolie-ville-lune-des-plus-vertes-deurope-ressemble-a-un-parc-national\/\",\"name\":\"La jolie ville, l&#39;une des plus vertes d&#39;Europe, ressemble \u00e0 un parc national\",\"isPartOf\":{\"@id\":\"https:\/\/www.svalbard.fr\/actualites\/#website\"},\"datePublished\":\"2026-03-01T13:57:13+00:00\",\"dateModified\":\"2026-03-01T13:57:16+00:00\",\"breadcrumb\":{\"@id\":\"https:\/\/www.svalbard.fr\/actualites\/la-jolie-ville-lune-des-plus-vertes-deurope-ressemble-a-un-parc-national\/#breadcrumb\"},\"inLanguage\":\"fr-FR\",\"potentialAction\":[{\"@type\":\"ReadAction\",\"target\":[\"https:\/\/www.svalbard.fr\/actualites\/la-jolie-ville-lune-des-plus-vertes-deurope-ressemble-a-un-parc-national\/\"]}]},{\"@type\":\"BreadcrumbList\",\"@id\":\"https:\/\/www.svalbard.fr\/actualites\/la-jolie-ville-lune-des-plus-vertes-deurope-ressemble-a-un-parc-national\/#breadcrumb\",\"itemListElement\":[{\"@type\":\"ListItem\",\"position\":1,\"name\":\"Accueil\",\"item\":\"https:\/\/www.svalbard.fr\/actualites\/\"},{\"@type\":\"ListItem\",\"position\":2,\"name\":\"La jolie ville, l&#39;une des plus vertes d&#39;Europe, ressemble \u00e0 un parc national\"}]},{\"@type\":\"WebSite\",\"@id\":\"https:\/\/www.svalbard.fr\/actualites\/#website\",\"url\":\"https:\/\/www.svalbard.fr\/actualites\/\",\"name\":\"www.Svalbard.fr\",\"description\":\"\",\"publisher\":{\"@id\":\"https:\/\/www.svalbard.fr\/actualites\/#organization\"},\"potentialAction\":[{\"@type\":\"SearchAction\",\"target\":{\"@type\":\"EntryPoint\",\"urlTemplate\":\"https:\/\/www.svalbard.fr\/actualites\/?s={search_term_string}\"},\"query-input\":\"required name=search_term_string\"}],\"inLanguage\":\"fr-FR\"},{\"@type\":\"Organization\",\"@id\":\"https:\/\/www.svalbard.fr\/actualites\/#organization\",\"name\":\"www.Svalbard.fr\",\"url\":\"https:\/\/www.svalbard.fr\/actualites\/\",\"logo\":{\"@type\":\"ImageObject\",\"inLanguage\":\"fr-FR\",\"@id\":\"https:\/\/www.svalbard.fr\/actualites\/#\/schema\/logo\/image\/\",\"url\":\"https:\/\/www.svalbard.fr\/actualites\/wp-content\/uploads\/2023\/09\/head-nom.jpg\",\"contentUrl\":\"https:\/\/www.svalbard.fr\/actualites\/wp-content\/uploads\/2023\/09\/head-nom.jpg\",\"width\":264,\"height\":35,\"caption\":\"www.Svalbard.fr\"},\"image\":{\"@id\":\"https:\/\/www.svalbard.fr\/actualites\/#\/schema\/logo\/image\/\"}},{\"@type\":\"Person\",\"@id\":\"https:\/\/www.svalbard.fr\/actualites\/#\/schema\/person\/a2f937d5712222366738fae98755c600\",\"name\":\"Hilmar\",\"image\":{\"@type\":\"ImageObject\",\"inLanguage\":\"fr-FR\",\"@id\":\"https:\/\/www.svalbard.fr\/actualites\/#\/schema\/person\/image\/\",\"url\":\"https:\/\/secure.gravatar.com\/avatar\/4daa437093476dbc32da415c112b6512?s=96&d=mm&r=g\",\"contentUrl\":\"https:\/\/secure.gravatar.com\/avatar\/4daa437093476dbc32da415c112b6512?s=96&d=mm&r=g\",\"caption\":\"Hilmar\"},\"description\":\"Hilmar est un passionn\u00e9 des r\u00e9gions polaires, sp\u00e9cialis\u00e9 dans la r\u00e9daction d'articles sur le Spitzberg et autres destinations arctiques. Il apporte son expertise et sa passion pour l'Arctique au sein de l'\u00e9quipe de r\u00e9daction de Svalbard depuis de nombreuses ann\u00e9es.\",\"sameAs\":[\"https:\/\/www.svalbard.fr\/\"]}]}<\/script>\n<!-- \/ Yoast SEO plugin. -->","yoast_head_json":{"title":"La jolie ville, l&#39;une des plus vertes d&#39;Europe, ressemble \u00e0 un parc national","robots":{"index":"index","follow":"follow","max-snippet":"max-snippet:-1","max-image-preview":"max-image-preview:large","max-video-preview":"max-video-preview:-1"},"canonical":"https:\/\/www.svalbard.fr\/actualites\/la-jolie-ville-lune-des-plus-vertes-deurope-ressemble-a-un-parc-national\/","og_locale":"fr_FR","og_type":"article","og_title":"La jolie ville, l&#39;une des plus vertes d&#39;Europe, ressemble \u00e0 un parc national","og_description":"Oslo est une destination magnifique pour les touristes (Image : Getty Images) Une superbe ville europ\u00e9enne est arriv\u00e9e en t\u00eate du classement des villes les","og_url":"https:\/\/www.svalbard.fr\/actualites\/la-jolie-ville-lune-des-plus-vertes-deurope-ressemble-a-un-parc-national\/","og_site_name":"www.Svalbard.fr","article_published_time":"2026-03-01T13:57:13+00:00","article_modified_time":"2026-03-01T13:57:16+00:00","og_image":[{"width":1200,"height":630,"url":"https:\/\/www.svalbard.fr\/actualites\/wp-content\/uploads\/2026\/03\/1772373434_La-jolie-ville-l39une-des-plus-vertes-d39Europe-ressemble-a.jpg","type":"image\/jpeg"}],"author":"Hilmar","twitter_card":"summary_large_image","twitter_misc":{"\u00c9crit par":"Hilmar","Dur\u00e9e de lecture estim\u00e9e":"4 minutes"},"schema":{"@context":"https:\/\/schema.org","@graph":[{"@type":"Article","@id":"https:\/\/www.svalbard.fr\/actualites\/la-jolie-ville-lune-des-plus-vertes-deurope-ressemble-a-un-parc-national\/#article","isPartOf":{"@id":"https:\/\/www.svalbard.fr\/actualites\/la-jolie-ville-lune-des-plus-vertes-deurope-ressemble-a-un-parc-national\/"},"author":{"name":"Hilmar","@id":"https:\/\/www.svalbard.fr\/actualites\/#\/schema\/person\/a2f937d5712222366738fae98755c600"},"headline":"La jolie ville, l&#39;une des plus vertes d&#39;Europe, ressemble \u00e0 un parc national","datePublished":"2026-03-01T13:57:13+00:00","dateModified":"2026-03-01T13:57:16+00:00","mainEntityOfPage":{"@id":"https:\/\/www.svalbard.fr\/actualites\/la-jolie-ville-lune-des-plus-vertes-deurope-ressemble-a-un-parc-national\/"},"wordCount":793,"publisher":{"@id":"https:\/\/www.svalbard.fr\/actualites\/#organization"},"keywords":["d39Europe","des","jolie","l39une","national","parc","ressemble","vertes","ville"],"inLanguage":"fr-FR"},{"@type":"WebPage","@id":"https:\/\/www.svalbard.fr\/actualites\/la-jolie-ville-lune-des-plus-vertes-deurope-ressemble-a-un-parc-national\/","url":"https:\/\/www.svalbard.fr\/actualites\/la-jolie-ville-lune-des-plus-vertes-deurope-ressemble-a-un-parc-national\/","name":"La jolie ville, l&#39;une des plus vertes d&#39;Europe, ressemble \u00e0 un parc national","isPartOf":{"@id":"https:\/\/www.svalbard.fr\/actualites\/#website"},"datePublished":"2026-03-01T13:57:13+00:00","dateModified":"2026-03-01T13:57:16+00:00","breadcrumb":{"@id":"https:\/\/www.svalbard.fr\/actualites\/la-jolie-ville-lune-des-plus-vertes-deurope-ressemble-a-un-parc-national\/#breadcrumb"},"inLanguage":"fr-FR","potentialAction":[{"@type":"ReadAction","target":["https:\/\/www.svalbard.fr\/actualites\/la-jolie-ville-lune-des-plus-vertes-deurope-ressemble-a-un-parc-national\/"]}]},{"@type":"BreadcrumbList","@id":"https:\/\/www.svalbard.fr\/actualites\/la-jolie-ville-lune-des-plus-vertes-deurope-ressemble-a-un-parc-national\/#breadcrumb","itemListElement":[{"@type":"ListItem","position":1,"name":"Accueil","item":"https:\/\/www.svalbard.fr\/actualites\/"},{"@type":"ListItem","position":2,"name":"La jolie ville, l&#39;une des plus vertes d&#39;Europe, ressemble \u00e0 un parc national"}]},{"@type":"WebSite","@id":"https:\/\/www.svalbard.fr\/actualites\/#website","url":"https:\/\/www.svalbard.fr\/actualites\/","name":"www.Svalbard.fr","description":"","publisher":{"@id":"https:\/\/www.svalbard.fr\/actualites\/#organization"},"potentialAction":[{"@type":"SearchAction","target":{"@type":"EntryPoint","urlTemplate":"https:\/\/www.svalbard.fr\/actualites\/?s={search_term_string}"},"query-input":"required name=search_term_string"}],"inLanguage":"fr-FR"},{"@type":"Organization","@id":"https:\/\/www.svalbard.fr\/actualites\/#organization","name":"www.Svalbard.fr","url":"https:\/\/www.svalbard.fr\/actualites\/","logo":{"@type":"ImageObject","inLanguage":"fr-FR","@id":"https:\/\/www.svalbard.fr\/actualites\/#\/schema\/logo\/image\/","url":"https:\/\/www.svalbard.fr\/actualites\/wp-content\/uploads\/2023\/09\/head-nom.jpg","contentUrl":"https:\/\/www.svalbard.fr\/actualites\/wp-content\/uploads\/2023\/09\/head-nom.jpg","width":264,"height":35,"caption":"www.Svalbard.fr"},"image":{"@id":"https:\/\/www.svalbard.fr\/actualites\/#\/schema\/logo\/image\/"}},{"@type":"Person","@id":"https:\/\/www.svalbard.fr\/actualites\/#\/schema\/person\/a2f937d5712222366738fae98755c600","name":"Hilmar","image":{"@type":"ImageObject","inLanguage":"fr-FR","@id":"https:\/\/www.svalbard.fr\/actualites\/#\/schema\/person\/image\/","url":"https:\/\/secure.gravatar.com\/avatar\/4daa437093476dbc32da415c112b6512?s=96&d=mm&r=g","contentUrl":"https:\/\/secure.gravatar.com\/avatar\/4daa437093476dbc32da415c112b6512?s=96&d=mm&r=g","caption":"Hilmar"},"description":"Hilmar est un passionn\u00e9 des r\u00e9gions polaires, sp\u00e9cialis\u00e9 dans la r\u00e9daction d'articles sur le Spitzberg et autres destinations arctiques. Il apporte son expertise et sa passion pour l'Arctique au sein de l'\u00e9quipe de r\u00e9daction de Svalbard depuis de nombreuses ann\u00e9es.","sameAs":["https:\/\/www.svalbard.fr\/"]}]}},"_links":{"self":[{"href":"https:\/\/www.svalbard.fr\/actualites\/wp-json\/wp\/v2\/posts\/5311"}],"collection":[{"href":"https:\/\/www.svalbard.fr\/actualites\/wp-json\/wp\/v2\/posts"}],"about":[{"href":"https:\/\/www.svalbard.fr\/actualites\/wp-json\/wp\/v2\/types\/post"}],"author":[{"embeddable":true,"href":"https:\/\/www.svalbard.fr\/actualites\/wp-json\/wp\/v2\/users\/1"}],"replies":[{"embeddable":true,"href":"https:\/\/www.svalbard.fr\/actualites\/wp-json\/wp\/v2\/comments?post=5311"}],"version-history":[{"count":1,"href":"https:\/\/www.svalbard.fr\/actualites\/wp-json\/wp\/v2\/posts\/5311\/revisions"}],"predecessor-version":[{"id":5313,"href":"https:\/\/www.svalbard.fr\/actualites\/wp-json\/wp\/v2\/posts\/5311\/revisions\/5313"}],"wp:featuredmedia":[{"embeddable":true,"href":"https:\/\/www.svalbard.fr\/actualites\/wp-json\/wp\/v2\/media\/5312"}],"wp:attachment":[{"href":"https:\/\/www.svalbard.fr\/actualites\/wp-json\/wp\/v2\/media?parent=5311"}],"wp:term":[{"taxonomy":"category","embeddable":true,"href":"https:\/\/www.svalbard.fr\/actualites\/wp-json\/wp\/v2\/categories?post=5311"},{"taxonomy":"post_tag","embeddable":true,"href":"https:\/\/www.svalbard.fr\/actualites\/wp-json\/wp\/v2\/tags?post=5311"}],"curies":[{"name":"wp","href":"https:\/\/api.w.org\/{rel}","templated":true}]}}