{"id":5314,"date":"2026-03-01T21:58:16","date_gmt":"2026-03-01T20:58:16","guid":{"rendered":"https:\/\/www.svalbard.fr\/actualites\/cest-peut-etre-le-telepherique-le-plus-spectaculaire-de-norvege\/"},"modified":"2026-03-01T21:58:16","modified_gmt":"2026-03-01T20:58:16","slug":"cest-peut-etre-le-telepherique-le-plus-spectaculaire-de-norvege","status":"publish","type":"post","link":"https:\/\/www.svalbard.fr\/actualites\/cest-peut-etre-le-telepherique-le-plus-spectaculaire-de-norvege\/","title":{"rendered":"C&#39;est peut-\u00eatre le t\u00e9l\u00e9ph\u00e9rique le plus spectaculaire de Norv\u00e8ge"},"content":{"rendered":"<div itemprop=\"text\">\n\t\t\t<span id=\"dpsp-post-content-markup\" data-image-pin-it=\"false\"><\/span><\/p>\n<p class=\"intro\">La t\u00e9l\u00e9cabine Romsdal \u00e0 \u00c5ndalsnes est ch\u00e8re, mais elle en vaut la peine pour la vue imprenable sur la capitale norv\u00e9gienne de l&#39;alpinisme.<\/p>\n<p>Il y a certaines vues en Norv\u00e8ge qui vous font taire. Pas parce que vous ne vous attendiez pas \u00e0 ce qu\u2019ils soient beaux. Vous l&#39;avez fait. Mais parce que vous n\u2019\u00e9tiez pas tout \u00e0 fait pr\u00e9par\u00e9 \u00e0 l\u2019ampleur de tout cela.<\/p>\n<figure class=\"wp-block-image size-large\"><img data-lazyloaded=\"1\" data-placeholder-resp=\"768x432\" fetchpriority=\"high\" decoding=\"async\" width=\"768\" height=\"432\" src=\"https:\/\/www.svalbard.fr\/actualites\/wp-content\/uploads\/2026\/03\/C39est-peut-etre-le-telepherique-le-plus-spectaculaire-de-Norvege.jpg\" alt=\"Personne admirant la vue depuis le sommet du t\u00e9l\u00e9ph\u00e9rique d&#39;\u00c5ndalsnes. Photo : David Nikel.\" class=\"wp-image-85601\"  data-><noscript><img fetchpriority=\"high\" decoding=\"async\" width=\"768\" height=\"432\" src=\"https:\/\/www.svalbard.fr\/actualites\/wp-content\/uploads\/2026\/03\/C39est-peut-etre-le-telepherique-le-plus-spectaculaire-de-Norvege.jpg\" alt=\"Personne admirant la vue depuis le sommet du t\u00e9l\u00e9ph\u00e9rique d&#39;\u00c5ndalsnes. Photo : David Nikel.\" class=\"wp-image-85601\"  ><\/noscript><\/figure>\n<p>Telle a \u00e9t\u00e9 ma r\u00e9action la premi\u00e8re fois que je suis descendu au sommet de la t\u00e9l\u00e9cabine de Romsdal \u00e0 \u00c5ndalsnes.<\/p>\n<p>Des montagnes dans toutes les directions. Le fjord s\u2019\u00e9tend comme une t\u00f4le d\u2019acier poli. La rivi\u00e8re Rauma se fraye un chemin \u00e0 travers la vall\u00e9e en contrebas. Un panorama complet \u00e0 360 degr\u00e9s qui semble \u00e0 la fois vaste et intime.<\/p>\n<p>C\u2019est tout simplement l\u2019un des points de vue sur les fjords les plus spectaculaires de Norv\u00e8ge. Oui, c&#39;est cher. Mais je le paierais \u00e0 nouveau sans h\u00e9siter. En fait, je l&#39;ai fait plusieurs fois.<\/p>\n<h2 class=\"wp-block-heading\">Du fjord au sommet en quelques minutes<\/h2>\n<p>\u00c5ndalsnes est connue depuis longtemps comme la capitale norv\u00e9gienne de l&#39;alpinisme. Les sommets d\u00e9chiquet\u00e9s de Romsdal s&#39;\u00e9l\u00e8vent de fa\u00e7on spectaculaire au fond de la vall\u00e9e, attirant des grimpeurs et des randonneurs du monde entier.<\/p>\n<p>Pendant des ann\u00e9es, si vous vouliez les meilleures vues a\u00e9riennes, vous deviez les gagner avec vos jambes. Depuis 2021, cela a chang\u00e9.<\/p>\n<figure class=\"wp-block-image size-large\"><img loading=\"lazy\" data-lazyloaded=\"1\" data-placeholder-resp=\"768x432\" decoding=\"async\" width=\"768\" height=\"432\" src=\"https:\/\/www.svalbard.fr\/actualites\/wp-content\/uploads\/2026\/03\/1772398695_238_C39est-peut-etre-le-telepherique-le-plus-spectaculaire-de-Norvege.jpg\" alt=\"Le bateau de croisi\u00e8re Ambassador Ambition a accost\u00e9 \u00e0 c\u00f4t\u00e9 de la station du t\u00e9l\u00e9ph\u00e9rique d&#39;\u00c5ndalsnes. Photo : David Nikel.\" class=\"wp-image-85602\"  data-><noscript><img loading=\"lazy\" decoding=\"async\" width=\"768\" height=\"432\" src=\"https:\/\/www.svalbard.fr\/actualites\/wp-content\/uploads\/2026\/03\/1772398695_238_C39est-peut-etre-le-telepherique-le-plus-spectaculaire-de-Norvege.jpg\" alt=\"Le bateau de croisi\u00e8re Ambassador Ambition a accost\u00e9 \u00e0 c\u00f4t\u00e9 de la station du t\u00e9l\u00e9ph\u00e9rique d&#39;\u00c5ndalsnes. Photo : David Nikel.\" class=\"wp-image-85602\"  ><\/noscript><\/figure>\n<p>La t\u00e9l\u00e9cabine Romsdal, comme on l&#39;appelle officiellement, vous emm\u00e8ne du centre-ville au sommet du mont Nesaksla, \u00e0 708 m\u00e8tres d&#39;altitude, en un peu plus de cinq minutes.<\/p>\n<p>La gare aval se trouve juste \u00e0 c\u00f4t\u00e9 de la gare ferroviaire et \u00e0 seulement quelques minutes \u00e0 pied du quai de croisi\u00e8re, ce qui en fait l&#39;une des exp\u00e9riences alpines les plus accessibles du pays.<\/p>\n<p>Alors que la cabane s&#39;\u00e9l\u00e8ve abruptement au bord du fjord, la ville se r\u00e9tr\u00e9cit rapidement sous vos pieds. La plupart des gens se tiennent debout, instinctivement attir\u00e9s par les fen\u00eatres tandis que la vue s&#39;agrandit \u00e0 chaque m\u00e8tre gagn\u00e9.<\/p>\n<p>Et puis vous sortez au sommet.<\/p>\n<h2 class=\"wp-block-heading\">Un panorama dans toutes les directions<\/h2>\n<p>C&#39;est l\u00e0 que \u00e7a vous frappe vraiment. D&#39;un c\u00f4t\u00e9, le Romsdalsfjord scintille sous des nuages \u200b\u200bchangeants.<\/p>\n<figure class=\"wp-block-image size-full\"><img loading=\"lazy\" data-lazyloaded=\"1\" data-placeholder-resp=\"900x1200\" decoding=\"async\" width=\"900\" height=\"1200\" src=\"https:\/\/www.svalbard.fr\/actualites\/wp-content\/uploads\/2026\/03\/1772398695_112_C39est-peut-etre-le-telepherique-le-plus-spectaculaire-de-Norvege.jpg\" alt=\"Le Romsdalsfjord en hiver vu depuis la t\u00e9l\u00e9cabine. Photo : David Nikel.\" class=\"wp-image-85604\"  data-><noscript><img loading=\"lazy\" decoding=\"async\" width=\"900\" height=\"1200\" src=\"https:\/\/www.svalbard.fr\/actualites\/wp-content\/uploads\/2026\/03\/1772398695_112_C39est-peut-etre-le-telepherique-le-plus-spectaculaire-de-Norvege.jpg\" alt=\"Le Romsdalsfjord en hiver vu depuis la t\u00e9l\u00e9cabine. Photo : David Nikel.\" class=\"wp-image-85604\"  ><\/noscript><\/figure>\n<p>Devant nous, la vall\u00e9e de Rauma s&#39;\u00e9tend \u00e0 l&#39;int\u00e9rieur des terres, encadr\u00e9e par un mur de pics dentel\u00e9s. Par temps clair, votre \u0153il voyage sans fin de sommet en sommet.<\/p>\n<p>M\u00eame lorsque le temps s&#39;am\u00e9liore, le paysage pr\u00e9sente un drame maussade qui semble typiquement norv\u00e9gien.<\/p>\n<p>Prenez le temps d&#39;explorer toutes les passerelles et plates-formes d&#39;observation. Chaque angle offre quelque chose de l\u00e9g\u00e8rement diff\u00e9rent. Apr\u00e8s la pluie, le sol peut \u00eatre glissant sous les pieds, alors soyez prudent. Mais promenez-vous. La magie r\u00e9side dans le fait de voir comment la perspective change.<\/p>\n<figure class=\"wp-block-image size-large\"><img loading=\"lazy\" data-lazyloaded=\"1\" data-placeholder-resp=\"768x576\" decoding=\"async\" width=\"768\" height=\"576\" src=\"https:\/\/www.svalbard.fr\/actualites\/wp-content\/uploads\/2026\/03\/1772398695_67_C39est-peut-etre-le-telepherique-le-plus-spectaculaire-de-Norvege.jpg\" alt=\"Vue d&#39;Isfjorden depuis la t\u00e9l\u00e9cabine de Romsdal. Photo : David Nikel.\" class=\"wp-image-85605\"  data-><noscript><img loading=\"lazy\" decoding=\"async\" width=\"768\" height=\"576\" src=\"https:\/\/www.svalbard.fr\/actualites\/wp-content\/uploads\/2026\/03\/1772398695_67_C39est-peut-etre-le-telepherique-le-plus-spectaculaire-de-Norvege.jpg\" alt=\"Vue d&#39;Isfjorden depuis la t\u00e9l\u00e9cabine de Romsdal. Photo : David Nikel.\" class=\"wp-image-85605\"  ><\/noscript><\/figure>\n<p>\u00ab \u00c0 couper le souffle \u00bb est un mot galvaud\u00e9 dans les \u00e9crits de voyage. Ici, je pense qu&#39;il m\u00e9rite sa place.<\/p>\n<h2 class=\"wp-block-heading\">Eggen\u00a0: d\u00e9jeuner avec vue<\/h2>\n<p>Au sommet, vous trouverez \u00e9galement le restaurant Eggen, un refuge de montagne moderne dot\u00e9 de baies vitr\u00e9es qui encadrent la vue comme un tableau vivant. C&#39;est un refuge bienvenu lorsque le vent se l\u00e8ve, ce qui arrive souvent.<\/p>\n<p>M\u00eame en \u00e9t\u00e9, il peut faire nettement plus frais au sommet qu&#39;en ville. J&#39;ai appris \u00e0 mes d\u00e9pens \u00e0 ne pas sous-estimer les conditions en montagne. Apportez au minimum une veste coupe-vent.<\/p>\n<p>Lors d\u2019une visite hivernale, le froid \u00e9tait mordant. Mordre correctement. Le genre qui trouve toute peau expos\u00e9e en quelques secondes. Pourtant, le paysage sous la neige, avec la faible lumi\u00e8re de type arctique projetant de longues ombres sur les sommets, \u00e9tait absolument envo\u00fbtant.<\/p>\n<figure class=\"wp-block-image size-large\"><img loading=\"lazy\" data-lazyloaded=\"1\" data-placeholder-resp=\"768x576\" decoding=\"async\" width=\"768\" height=\"576\" src=\"https:\/\/www.svalbard.fr\/actualites\/wp-content\/uploads\/2026\/03\/1772398696_892_C39est-peut-etre-le-telepherique-le-plus-spectaculaire-de-Norvege.jpg\" alt=\"David Nikel profite du froid d&#39;\u00c5ndalsnes.\" class=\"wp-image-85606\"  data-><noscript><img loading=\"lazy\" decoding=\"async\" width=\"768\" height=\"576\" src=\"https:\/\/www.svalbard.fr\/actualites\/wp-content\/uploads\/2026\/03\/1772398696_892_C39est-peut-etre-le-telepherique-le-plus-spectaculaire-de-Norvege.jpg\" alt=\"David Nikel profite du froid d&#39;\u00c5ndalsnes.\" class=\"wp-image-85606\"  ><\/noscript><\/figure>\n<p>Moins de visiteurs, des sentiers plus calmes et ce calme absolu que l\u2019on ne retrouve que les jours les plus froids. C&#39;\u00e9tait inconfortable, oui. Mais inoubliable.<\/p>\n<h2 class=\"wp-block-heading\">Est-ce que \u00e7a vaut le prix ?<\/h2>\n<p>Au moment de la r\u00e9daction de cet article, un billet aller-retour co\u00fbte 460 NOK pour les adultes (560 NOK en haute saison). Un aller simple est moins cher et de nombreux habitants choisissent de monter ou de descendre et de prendre la t\u00e9l\u00e9cabine pour l&#39;autre \u00e9tape.<\/p>\n<p>Il n&#39;y a aucun moyen de contourner ce probl\u00e8me. Ce n&#39;est pas bon march\u00e9. Mais ce pour quoi vous payez, c&#39;est l&#39;acc\u00e8s.<\/p>\n<p>Acc\u00e8s \u00e0 un point de vue qui n\u00e9cessiterait autrement une mont\u00e9e raide et soutenue. Acc\u00e9dez quel que soit votre niveau de forme physique, votre temps limit\u00e9 ou la m\u00e9t\u00e9o impr\u00e9visible. Acc\u00e8s \u00e0 l&#39;un des superbes panoramas de la Norv\u00e8ge des Fjords. Pour moi, cela vaut chaque couronne.<\/p>\n<h2 class=\"wp-block-heading\">Vous pr\u00e9f\u00e9rez gagner la vue ?<\/h2>\n<p>Si vous pr\u00e9f\u00e9rez le gagner de mani\u00e8re traditionnelle, vous le pouvez tout \u00e0 fait. La randonn\u00e9e jusqu&#39;\u00e0 Nesaksla est raide et exige un niveau de condition physique raisonnable, mais elle est populaire aupr\u00e8s des locaux. Pr\u00e9voyez au moins deux heures, probablement plus.<\/p>\n<figure class=\"wp-block-image size-full\"><img loading=\"lazy\" data-lazyloaded=\"1\" data-placeholder-resp=\"900x1600\" decoding=\"async\" width=\"900\" height=\"1600\" src=\"https:\/\/www.svalbard.fr\/actualites\/wp-content\/uploads\/2026\/03\/1772398696_492_C39est-peut-etre-le-telepherique-le-plus-spectaculaire-de-Norvege.jpg\" alt=\"Panneau de randonn\u00e9e \u00e0 Nesaksla. Photo : David Nikel.\" class=\"wp-image-85607\"  data-><noscript><img loading=\"lazy\" decoding=\"async\" width=\"900\" height=\"1600\" src=\"https:\/\/www.svalbard.fr\/actualites\/wp-content\/uploads\/2026\/03\/1772398696_492_C39est-peut-etre-le-telepherique-le-plus-spectaculaire-de-Norvege.jpg\" alt=\"Panneau de randonn\u00e9e \u00e0 Nesaksla. Photo : David Nikel.\" class=\"wp-image-85607\"  ><\/noscript><\/figure>\n<p>Une autre option consiste \u00e0 marcher jusqu&#39;au c\u00e9l\u00e8bre point de vue de Rampestreken, une plate-forme spectaculaire qui surplombe la vall\u00e9e. Depuis le sommet de la t\u00e9l\u00e9cabine, il faut compter environ 15 minutes \u00e0 pied. Depuis la ville, c&#39;est le m\u00eame chemin que de marcher jusqu&#39;au t\u00e9l\u00e9ph\u00e9rique.<\/p>\n<p>J&#39;ai fait les deux. La randonn\u00e9e procure une r\u00e9elle satisfaction. Prendre la t\u00e9l\u00e9cabine vous donne le temps et l&#39;\u00e9nergie d&#39;explorer le sommet plut\u00f4t que de vous effondrer sur le banc le plus proche. Il n&#39;y a pas de mauvais choix. Seulement des exp\u00e9riences diff\u00e9rentes.<\/p>\n<h2 class=\"wp-block-heading\">Conseils pratiques pour la t\u00e9l\u00e9cabine de Romsdal<\/h2>\n<p>La t\u00e9l\u00e9cabine circule quotidiennement pendant la haute saison estivale. En dehors de cette p\u00e9riode, il ne fonctionne pas tous les jours et les horaires d&#39;ouverture varient, alors v\u00e9rifiez toujours \u00e0 l&#39;avance si vous effectuez un voyage sp\u00e9cial.<\/p>\n<p>Habillez-vous pour la montagne, pas pour le fjord. M\u00eame s&#39;il fait chaud \u00e0 \u00c5ndalsnes, le sommet peut \u00eatre venteux et nettement plus froid.<\/p>\n<figure class=\"wp-block-image size-large\"><img loading=\"lazy\" data-lazyloaded=\"1\" data-placeholder-resp=\"768x576\" decoding=\"async\" width=\"768\" height=\"576\" src=\"https:\/\/www.svalbard.fr\/actualites\/wp-content\/uploads\/2026\/03\/1772398696_609_C39est-peut-etre-le-telepherique-le-plus-spectaculaire-de-Norvege.jpg\" alt=\"Lumi\u00e8re per\u00e7ant la brume de la vall\u00e9e \u00e0 \u00c5ndalsnes. Photo : David Nikel.\" class=\"wp-image-85608\"  data-><noscript><img loading=\"lazy\" decoding=\"async\" width=\"768\" height=\"576\" src=\"https:\/\/www.svalbard.fr\/actualites\/wp-content\/uploads\/2026\/03\/1772398696_609_C39est-peut-etre-le-telepherique-le-plus-spectaculaire-de-Norvege.jpg\" alt=\"Lumi\u00e8re per\u00e7ant la brume de la vall\u00e9e \u00e0 \u00c5ndalsnes. Photo : David Nikel.\" class=\"wp-image-85608\"  ><\/noscript><\/figure>\n<p>Et si des nuages \u200b\u200bbas obscurcissent la vue \u00e0 votre arriv\u00e9e, pas de panique. Le temps norv\u00e9gien change rapidement. Un caf\u00e9 \u00e0 l&#39;\u00e9tage pendant que vous attendez peut souvent \u00eatre r\u00e9compens\u00e9 par un ciel d\u00e9gag\u00e9 de fa\u00e7on spectaculaire.<\/p>\n<h2 class=\"wp-block-heading\">\u00c5ndalsnes au-del\u00e0 de cette vue<\/h2>\n<p>La t\u00e9l\u00e9cabine est peut-\u00eatre l&#39;attraction phare, mais \u00c5ndalsnes offre bien plus qu&#39;un simple point de vue.<\/p>\n<p>Vous pouvez emprunter le pittoresque chemin de fer de Rauma, faire un tour en bus jusqu&#39;aux imposantes falaises de Trollveggen ou simplement vous promener le long du fjord ou de la rivi\u00e8re en profitant de tout cela.<\/p>\n<p>La ville elle-m\u00eame est relativement moderne, ayant \u00e9t\u00e9 lourdement endommag\u00e9e pendant la Seconde Guerre mondiale. Ce n&#39;est pas un endroit avec de vieilles rues en bois orn\u00e9es. Mais comme base pour explorer la vall\u00e9e de Rauma, ou comme \u00e9tape de croisi\u00e8re, cela fonctionne parfaitement.<\/p>\n<p>Et par-dessus tout, la t\u00e9l\u00e9cabine de Romsdal vous rappelle exactement pourquoi cet endroit est important.<\/p>\n<p>Parce que lorsque vous vous tenez sur Nesaksla et que vous faites lentement un cercle complet, en admirant le fjord, la rivi\u00e8re et la montagne d&#39;un seul coup d&#39;\u0153il, vous r\u00e9alisez quelque chose. La Norv\u00e8ge ne fait pas petit. Et de l\u00e0-haut, on voit \u00e7a dans toutes les directions.<\/p>\n<\/p><\/div>\n","protected":false},"excerpt":{"rendered":"<p>La t\u00e9l\u00e9cabine Romsdal \u00e0 \u00c5ndalsnes est ch\u00e8re, mais elle en vaut la peine pour la vue imprenable sur la capitale norv\u00e9gienne de l&#39;alpinisme. Il y<\/p>\n","protected":false},"author":1,"featured_media":5315,"comment_status":"","ping_status":"","sticky":false,"template":"","format":"standard","meta":{"footnotes":""},"categories":[2277],"tags":[1161,6,5785,1248,5787],"yoast_head":"<!-- This site is optimized with the Yoast SEO plugin v21.0 - https:\/\/yoast.com\/wordpress\/plugins\/seo\/ -->\n<title>C&#039;est peut-\u00eatre le t\u00e9l\u00e9ph\u00e9rique le plus spectaculaire de Norv\u00e8ge<\/title>\n<meta name=\"robots\" content=\"index, follow, max-snippet:-1, max-image-preview:large, max-video-preview:-1\" \/>\n<link rel=\"canonical\" href=\"https:\/\/www.svalbard.fr\/actualites\/cest-peut-etre-le-telepherique-le-plus-spectaculaire-de-norvege\/\" \/>\n<meta property=\"og:locale\" content=\"fr_FR\" \/>\n<meta property=\"og:type\" content=\"article\" \/>\n<meta property=\"og:title\" content=\"C&#039;est peut-\u00eatre le t\u00e9l\u00e9ph\u00e9rique le plus spectaculaire de Norv\u00e8ge\" \/>\n<meta property=\"og:description\" content=\"La t\u00e9l\u00e9cabine Romsdal \u00e0 \u00c5ndalsnes est ch\u00e8re, mais elle en vaut la peine pour la vue imprenable sur la capitale norv\u00e9gienne de l&#039;alpinisme. Il y\" \/>\n<meta property=\"og:url\" content=\"https:\/\/www.svalbard.fr\/actualites\/cest-peut-etre-le-telepherique-le-plus-spectaculaire-de-norvege\/\" \/>\n<meta property=\"og:site_name\" content=\"www.Svalbard.fr\" \/>\n<meta property=\"article:published_time\" content=\"2026-03-01T20:58:16+00:00\" \/>\n<meta property=\"og:image\" content=\"https:\/\/www.svalbard.fr\/actualites\/wp-content\/uploads\/2026\/03\/C39est-peut-etre-le-telepherique-le-plus-spectaculaire-de-Norvege.jpg\" \/>\n<meta name=\"author\" content=\"Hilmar\" \/>\n<meta name=\"twitter:card\" content=\"summary_large_image\" \/>\n<meta name=\"twitter:label1\" content=\"\u00c9crit par\" \/>\n\t<meta name=\"twitter:data1\" content=\"Hilmar\" \/>\n\t<meta name=\"twitter:label2\" content=\"Dur\u00e9e de lecture estim\u00e9e\" \/>\n\t<meta name=\"twitter:data2\" content=\"6 minutes\" \/>\n<script type=\"application\/ld+json\" class=\"yoast-schema-graph\">{\"@context\":\"https:\/\/schema.org\",\"@graph\":[{\"@type\":\"Article\",\"@id\":\"https:\/\/www.svalbard.fr\/actualites\/cest-peut-etre-le-telepherique-le-plus-spectaculaire-de-norvege\/#article\",\"isPartOf\":{\"@id\":\"https:\/\/www.svalbard.fr\/actualites\/cest-peut-etre-le-telepherique-le-plus-spectaculaire-de-norvege\/\"},\"author\":{\"name\":\"Hilmar\",\"@id\":\"https:\/\/www.svalbard.fr\/actualites\/#\/schema\/person\/a2f937d5712222366738fae98755c600\"},\"headline\":\"C&#39;est peut-\u00eatre le t\u00e9l\u00e9ph\u00e9rique le plus spectaculaire de Norv\u00e8ge\",\"datePublished\":\"2026-03-01T20:58:16+00:00\",\"dateModified\":\"2026-03-01T20:58:16+00:00\",\"mainEntityOfPage\":{\"@id\":\"https:\/\/www.svalbard.fr\/actualites\/cest-peut-etre-le-telepherique-le-plus-spectaculaire-de-norvege\/\"},\"wordCount\":1301,\"publisher\":{\"@id\":\"https:\/\/www.svalbard.fr\/actualites\/#organization\"},\"keywords\":[\"c39est\",\"Norv\u00e8ge\",\"peut\u00eatre\",\"spectaculaire\",\"t\u00e9l\u00e9ph\u00e9rique\"],\"inLanguage\":\"fr-FR\"},{\"@type\":\"WebPage\",\"@id\":\"https:\/\/www.svalbard.fr\/actualites\/cest-peut-etre-le-telepherique-le-plus-spectaculaire-de-norvege\/\",\"url\":\"https:\/\/www.svalbard.fr\/actualites\/cest-peut-etre-le-telepherique-le-plus-spectaculaire-de-norvege\/\",\"name\":\"C&#39;est peut-\u00eatre le t\u00e9l\u00e9ph\u00e9rique le plus spectaculaire de Norv\u00e8ge\",\"isPartOf\":{\"@id\":\"https:\/\/www.svalbard.fr\/actualites\/#website\"},\"datePublished\":\"2026-03-01T20:58:16+00:00\",\"dateModified\":\"2026-03-01T20:58:16+00:00\",\"breadcrumb\":{\"@id\":\"https:\/\/www.svalbard.fr\/actualites\/cest-peut-etre-le-telepherique-le-plus-spectaculaire-de-norvege\/#breadcrumb\"},\"inLanguage\":\"fr-FR\",\"potentialAction\":[{\"@type\":\"ReadAction\",\"target\":[\"https:\/\/www.svalbard.fr\/actualites\/cest-peut-etre-le-telepherique-le-plus-spectaculaire-de-norvege\/\"]}]},{\"@type\":\"BreadcrumbList\",\"@id\":\"https:\/\/www.svalbard.fr\/actualites\/cest-peut-etre-le-telepherique-le-plus-spectaculaire-de-norvege\/#breadcrumb\",\"itemListElement\":[{\"@type\":\"ListItem\",\"position\":1,\"name\":\"Accueil\",\"item\":\"https:\/\/www.svalbard.fr\/actualites\/\"},{\"@type\":\"ListItem\",\"position\":2,\"name\":\"C&#39;est peut-\u00eatre le t\u00e9l\u00e9ph\u00e9rique le plus spectaculaire de Norv\u00e8ge\"}]},{\"@type\":\"WebSite\",\"@id\":\"https:\/\/www.svalbard.fr\/actualites\/#website\",\"url\":\"https:\/\/www.svalbard.fr\/actualites\/\",\"name\":\"www.Svalbard.fr\",\"description\":\"\",\"publisher\":{\"@id\":\"https:\/\/www.svalbard.fr\/actualites\/#organization\"},\"potentialAction\":[{\"@type\":\"SearchAction\",\"target\":{\"@type\":\"EntryPoint\",\"urlTemplate\":\"https:\/\/www.svalbard.fr\/actualites\/?s={search_term_string}\"},\"query-input\":\"required name=search_term_string\"}],\"inLanguage\":\"fr-FR\"},{\"@type\":\"Organization\",\"@id\":\"https:\/\/www.svalbard.fr\/actualites\/#organization\",\"name\":\"www.Svalbard.fr\",\"url\":\"https:\/\/www.svalbard.fr\/actualites\/\",\"logo\":{\"@type\":\"ImageObject\",\"inLanguage\":\"fr-FR\",\"@id\":\"https:\/\/www.svalbard.fr\/actualites\/#\/schema\/logo\/image\/\",\"url\":\"https:\/\/www.svalbard.fr\/actualites\/wp-content\/uploads\/2023\/09\/head-nom.jpg\",\"contentUrl\":\"https:\/\/www.svalbard.fr\/actualites\/wp-content\/uploads\/2023\/09\/head-nom.jpg\",\"width\":264,\"height\":35,\"caption\":\"www.Svalbard.fr\"},\"image\":{\"@id\":\"https:\/\/www.svalbard.fr\/actualites\/#\/schema\/logo\/image\/\"}},{\"@type\":\"Person\",\"@id\":\"https:\/\/www.svalbard.fr\/actualites\/#\/schema\/person\/a2f937d5712222366738fae98755c600\",\"name\":\"Hilmar\",\"image\":{\"@type\":\"ImageObject\",\"inLanguage\":\"fr-FR\",\"@id\":\"https:\/\/www.svalbard.fr\/actualites\/#\/schema\/person\/image\/\",\"url\":\"https:\/\/secure.gravatar.com\/avatar\/4daa437093476dbc32da415c112b6512?s=96&d=mm&r=g\",\"contentUrl\":\"https:\/\/secure.gravatar.com\/avatar\/4daa437093476dbc32da415c112b6512?s=96&d=mm&r=g\",\"caption\":\"Hilmar\"},\"description\":\"Hilmar est un passionn\u00e9 des r\u00e9gions polaires, sp\u00e9cialis\u00e9 dans la r\u00e9daction d'articles sur le Spitzberg et autres destinations arctiques. Il apporte son expertise et sa passion pour l'Arctique au sein de l'\u00e9quipe de r\u00e9daction de Svalbard depuis de nombreuses ann\u00e9es.\",\"sameAs\":[\"https:\/\/www.svalbard.fr\/\"]}]}<\/script>\n<!-- \/ Yoast SEO plugin. -->","yoast_head_json":{"title":"C&#39;est peut-\u00eatre le t\u00e9l\u00e9ph\u00e9rique le plus spectaculaire de Norv\u00e8ge","robots":{"index":"index","follow":"follow","max-snippet":"max-snippet:-1","max-image-preview":"max-image-preview:large","max-video-preview":"max-video-preview:-1"},"canonical":"https:\/\/www.svalbard.fr\/actualites\/cest-peut-etre-le-telepherique-le-plus-spectaculaire-de-norvege\/","og_locale":"fr_FR","og_type":"article","og_title":"C&#39;est peut-\u00eatre le t\u00e9l\u00e9ph\u00e9rique le plus spectaculaire de Norv\u00e8ge","og_description":"La t\u00e9l\u00e9cabine Romsdal \u00e0 \u00c5ndalsnes est ch\u00e8re, mais elle en vaut la peine pour la vue imprenable sur la capitale norv\u00e9gienne de l&#39;alpinisme. Il y","og_url":"https:\/\/www.svalbard.fr\/actualites\/cest-peut-etre-le-telepherique-le-plus-spectaculaire-de-norvege\/","og_site_name":"www.Svalbard.fr","article_published_time":"2026-03-01T20:58:16+00:00","og_image":[{"url":"https:\/\/www.svalbard.fr\/actualites\/wp-content\/uploads\/2026\/03\/C39est-peut-etre-le-telepherique-le-plus-spectaculaire-de-Norvege.jpg"}],"author":"Hilmar","twitter_card":"summary_large_image","twitter_misc":{"\u00c9crit par":"Hilmar","Dur\u00e9e de lecture estim\u00e9e":"6 minutes"},"schema":{"@context":"https:\/\/schema.org","@graph":[{"@type":"Article","@id":"https:\/\/www.svalbard.fr\/actualites\/cest-peut-etre-le-telepherique-le-plus-spectaculaire-de-norvege\/#article","isPartOf":{"@id":"https:\/\/www.svalbard.fr\/actualites\/cest-peut-etre-le-telepherique-le-plus-spectaculaire-de-norvege\/"},"author":{"name":"Hilmar","@id":"https:\/\/www.svalbard.fr\/actualites\/#\/schema\/person\/a2f937d5712222366738fae98755c600"},"headline":"C&#39;est peut-\u00eatre le t\u00e9l\u00e9ph\u00e9rique le plus spectaculaire de Norv\u00e8ge","datePublished":"2026-03-01T20:58:16+00:00","dateModified":"2026-03-01T20:58:16+00:00","mainEntityOfPage":{"@id":"https:\/\/www.svalbard.fr\/actualites\/cest-peut-etre-le-telepherique-le-plus-spectaculaire-de-norvege\/"},"wordCount":1301,"publisher":{"@id":"https:\/\/www.svalbard.fr\/actualites\/#organization"},"keywords":["c39est","Norv\u00e8ge","peut\u00eatre","spectaculaire","t\u00e9l\u00e9ph\u00e9rique"],"inLanguage":"fr-FR"},{"@type":"WebPage","@id":"https:\/\/www.svalbard.fr\/actualites\/cest-peut-etre-le-telepherique-le-plus-spectaculaire-de-norvege\/","url":"https:\/\/www.svalbard.fr\/actualites\/cest-peut-etre-le-telepherique-le-plus-spectaculaire-de-norvege\/","name":"C&#39;est peut-\u00eatre le t\u00e9l\u00e9ph\u00e9rique le plus spectaculaire de Norv\u00e8ge","isPartOf":{"@id":"https:\/\/www.svalbard.fr\/actualites\/#website"},"datePublished":"2026-03-01T20:58:16+00:00","dateModified":"2026-03-01T20:58:16+00:00","breadcrumb":{"@id":"https:\/\/www.svalbard.fr\/actualites\/cest-peut-etre-le-telepherique-le-plus-spectaculaire-de-norvege\/#breadcrumb"},"inLanguage":"fr-FR","potentialAction":[{"@type":"ReadAction","target":["https:\/\/www.svalbard.fr\/actualites\/cest-peut-etre-le-telepherique-le-plus-spectaculaire-de-norvege\/"]}]},{"@type":"BreadcrumbList","@id":"https:\/\/www.svalbard.fr\/actualites\/cest-peut-etre-le-telepherique-le-plus-spectaculaire-de-norvege\/#breadcrumb","itemListElement":[{"@type":"ListItem","position":1,"name":"Accueil","item":"https:\/\/www.svalbard.fr\/actualites\/"},{"@type":"ListItem","position":2,"name":"C&#39;est peut-\u00eatre le t\u00e9l\u00e9ph\u00e9rique le plus spectaculaire de Norv\u00e8ge"}]},{"@type":"WebSite","@id":"https:\/\/www.svalbard.fr\/actualites\/#website","url":"https:\/\/www.svalbard.fr\/actualites\/","name":"www.Svalbard.fr","description":"","publisher":{"@id":"https:\/\/www.svalbard.fr\/actualites\/#organization"},"potentialAction":[{"@type":"SearchAction","target":{"@type":"EntryPoint","urlTemplate":"https:\/\/www.svalbard.fr\/actualites\/?s={search_term_string}"},"query-input":"required name=search_term_string"}],"inLanguage":"fr-FR"},{"@type":"Organization","@id":"https:\/\/www.svalbard.fr\/actualites\/#organization","name":"www.Svalbard.fr","url":"https:\/\/www.svalbard.fr\/actualites\/","logo":{"@type":"ImageObject","inLanguage":"fr-FR","@id":"https:\/\/www.svalbard.fr\/actualites\/#\/schema\/logo\/image\/","url":"https:\/\/www.svalbard.fr\/actualites\/wp-content\/uploads\/2023\/09\/head-nom.jpg","contentUrl":"https:\/\/www.svalbard.fr\/actualites\/wp-content\/uploads\/2023\/09\/head-nom.jpg","width":264,"height":35,"caption":"www.Svalbard.fr"},"image":{"@id":"https:\/\/www.svalbard.fr\/actualites\/#\/schema\/logo\/image\/"}},{"@type":"Person","@id":"https:\/\/www.svalbard.fr\/actualites\/#\/schema\/person\/a2f937d5712222366738fae98755c600","name":"Hilmar","image":{"@type":"ImageObject","inLanguage":"fr-FR","@id":"https:\/\/www.svalbard.fr\/actualites\/#\/schema\/person\/image\/","url":"https:\/\/secure.gravatar.com\/avatar\/4daa437093476dbc32da415c112b6512?s=96&d=mm&r=g","contentUrl":"https:\/\/secure.gravatar.com\/avatar\/4daa437093476dbc32da415c112b6512?s=96&d=mm&r=g","caption":"Hilmar"},"description":"Hilmar est un passionn\u00e9 des r\u00e9gions polaires, sp\u00e9cialis\u00e9 dans la r\u00e9daction d'articles sur le Spitzberg et autres destinations arctiques. Il apporte son expertise et sa passion pour l'Arctique au sein de l'\u00e9quipe de r\u00e9daction de Svalbard depuis de nombreuses ann\u00e9es.","sameAs":["https:\/\/www.svalbard.fr\/"]}]}},"_links":{"self":[{"href":"https:\/\/www.svalbard.fr\/actualites\/wp-json\/wp\/v2\/posts\/5314"}],"collection":[{"href":"https:\/\/www.svalbard.fr\/actualites\/wp-json\/wp\/v2\/posts"}],"about":[{"href":"https:\/\/www.svalbard.fr\/actualites\/wp-json\/wp\/v2\/types\/post"}],"author":[{"embeddable":true,"href":"https:\/\/www.svalbard.fr\/actualites\/wp-json\/wp\/v2\/users\/1"}],"replies":[{"embeddable":true,"href":"https:\/\/www.svalbard.fr\/actualites\/wp-json\/wp\/v2\/comments?post=5314"}],"version-history":[{"count":0,"href":"https:\/\/www.svalbard.fr\/actualites\/wp-json\/wp\/v2\/posts\/5314\/revisions"}],"wp:featuredmedia":[{"embeddable":true,"href":"https:\/\/www.svalbard.fr\/actualites\/wp-json\/wp\/v2\/media\/5315"}],"wp:attachment":[{"href":"https:\/\/www.svalbard.fr\/actualites\/wp-json\/wp\/v2\/media?parent=5314"}],"wp:term":[{"taxonomy":"category","embeddable":true,"href":"https:\/\/www.svalbard.fr\/actualites\/wp-json\/wp\/v2\/categories?post=5314"},{"taxonomy":"post_tag","embeddable":true,"href":"https:\/\/www.svalbard.fr\/actualites\/wp-json\/wp\/v2\/tags?post=5314"}],"curies":[{"name":"wp","href":"https:\/\/api.w.org\/{rel}","templated":true}]}}