{"id":5322,"date":"2026-03-07T09:57:37","date_gmt":"2026-03-07T08:57:37","guid":{"rendered":"https:\/\/www.svalbard.fr\/actualites\/comment-la-montee-du-romantisme-national-a-contribue-a-creer-la-norvege-moderne\/"},"modified":"2026-03-07T09:57:37","modified_gmt":"2026-03-07T08:57:37","slug":"comment-la-montee-du-romantisme-national-a-contribue-a-creer-la-norvege-moderne","status":"publish","type":"post","link":"https:\/\/www.svalbard.fr\/actualites\/comment-la-montee-du-romantisme-national-a-contribue-a-creer-la-norvege-moderne\/","title":{"rendered":"Comment la mont\u00e9e du romantisme national a contribu\u00e9 \u00e0 cr\u00e9er la Norv\u00e8ge moderne"},"content":{"rendered":"<div itemprop=\"text\">\n\t\t\t<span id=\"dpsp-post-content-markup\" data-image-pin-it=\"false\"><\/span><\/p>\n<p class=\"intro\">Comment un pays sans pouvoir politique s&#39;est tourn\u00e9 vers la nature, le folklore et la langue pour construire une identit\u00e9 nationale qui fa\u00e7onne encore la Norv\u00e8ge aujourd&#39;hui.<\/p>\n<p>Au d\u00e9but du XIXe si\u00e8cle, la Norv\u00e8ge \u00e9tait confront\u00e9e \u00e0 un probl\u00e8me inhabituel pour une nation europ\u00e9enne. Elle avait un peuple, un paysage et un sentiment croissant de conscience politique, mais il lui manquait l\u2019infrastructure culturelle normalement utilis\u00e9e pour d\u00e9finir une nation.<\/p>\n<figure class=\"wp-block-image size-large\"><img data-lazyloaded=\"1\" data-placeholder-resp=\"768x432\" fetchpriority=\"high\" decoding=\"async\" width=\"768\" height=\"432\" src=\"https:\/\/www.svalbard.fr\/actualites\/wp-content\/uploads\/2026\/03\/Comment-la-montee-du-romantisme-national-a-contribue-a-creer.jpg\" alt=\"Illustration du mouvement romantique national norv\u00e9gien.\" class=\"wp-image-85421\"  data-><noscript><img fetchpriority=\"high\" decoding=\"async\" width=\"768\" height=\"432\" src=\"https:\/\/www.svalbard.fr\/actualites\/wp-content\/uploads\/2026\/03\/Comment-la-montee-du-romantisme-national-a-contribue-a-creer.jpg\" alt=\"Illustration du mouvement romantique national norv\u00e9gien.\" class=\"wp-image-85421\"  ><\/noscript><\/figure>\n<p>Il n\u2019y avait pas de cour royale, pas de classe d\u2019\u00e9lite de longue date et pas de langue \u00e9crite dominante qui ressemblait distinctement au norv\u00e9gien. Pendant des si\u00e8cles, l\u2019autorit\u00e9 politique et culturelle a \u00e9t\u00e9 exerc\u00e9e ailleurs.<\/p>\n<p>Lorsque la Norv\u00e8ge est entr\u00e9e dans le XIXe si\u00e8cle, elle l\u2019a fait avec des institutions mais sans une voix culturelle commune. Le romantisme national est apparu comme r\u00e9ponse.<\/p>\n<h2 class=\"wp-block-heading\">Une nation qui se r\u00e9veille sans plein pouvoir<\/h2>\n<p>Les guerres napol\u00e9oniennes ont remodel\u00e9 l\u2019Europe et le destin de la Norv\u00e8ge a chang\u00e9 presque du jour au lendemain. En 1814, le Danemark fut contraint de c\u00e9der la Norv\u00e8ge \u00e0 la Su\u00e8de. Pour la premi\u00e8re fois depuis des si\u00e8cles, la Norv\u00e8ge s&#39;est retrouv\u00e9e s\u00e9par\u00e9e de la domination danoise.<\/p>\n<p>Cette s\u00e9paration comptait. La Norv\u00e8ge a adopt\u00e9 sa propre constitution en 1814, \u00e9tablissant un parlement et un cadre juridique permettant la participation et le d\u00e9bat politiques.<\/p>\n<p>Pourtant, la souverainet\u00e9 reste limit\u00e9e. La Norv\u00e8ge est entr\u00e9e dans une nouvelle union avec la Su\u00e8de, conservant son autonomie interne mais manquant de contr\u00f4le total sur la politique \u00e9trang\u00e8re et la d\u00e9fense. Cela cr\u00e9ait une tension \u00e9trange et fertile.<\/p>\n<p>La Norv\u00e8ge n\u2019est plus une province, mais elle n\u2019est pas non plus totalement ind\u00e9pendante. L&#39;identit\u00e9 politique commen\u00e7ait \u00e0 prendre forme, mais l&#39;identit\u00e9 culturelle restait \u00e0 la tra\u00eene.<\/p>\n<figure class=\"wp-block-image size-large\"><img loading=\"lazy\" data-lazyloaded=\"1\" data-placeholder-resp=\"768x482\" decoding=\"async\" width=\"768\" height=\"482\" src=\"https:\/\/www.svalbard.fr\/actualites\/wp-content\/uploads\/2025\/10\/1760343772_102_La-Norvege-dans-les-guerres-napoleoniennes-le-tournant-oublie.jpg\" alt=\"Mus\u00e9e Eidsvoll 1814 en Norv\u00e8ge. Photo : David Nikel.\" class=\"wp-image-69322\"  data-><noscript><img loading=\"lazy\" decoding=\"async\" width=\"768\" height=\"482\" src=\"https:\/\/www.svalbard.fr\/actualites\/wp-content\/uploads\/2025\/10\/1760343772_102_La-Norvege-dans-les-guerres-napoleoniennes-le-tournant-oublie.jpg\" alt=\"Mus\u00e9e Eidsvoll 1814 en Norv\u00e8ge. Photo : David Nikel.\" class=\"wp-image-69322\"  ><\/noscript><\/figure>\n<p>La question \u00e0 laquelle \u00e9taient confront\u00e9s les intellectuels, artistes et penseurs norv\u00e9giens n&#39;\u00e9tait pas simplement <em>qui sommes-nous ?<\/em> mais <em>Comment pouvons-nous prouver que nous existons en tant que nation ?<\/em><\/p>\n<p>Le romantisme national offrait une r\u00e9ponse.<\/p>\n<h2 class=\"wp-block-heading\">Pourquoi le romantisme s&#39;est install\u00e9 en Norv\u00e8ge<\/h2>\n<p>Le romantisme a d\u00e9ferl\u00e9 sur l\u2019Europe \u00e0 la fin du XVIIIe et au d\u00e9but du XIXe si\u00e8cle en r\u00e9action contre le rationalisme des Lumi\u00e8res et la modernit\u00e9 industrielle. Il privil\u00e9giait l\u2019\u00e9motion sur la raison, la nature sur les machines et la tradition sur l\u2019abstraction.<\/p>\n<p>En Norv\u00e8ge, le romantisme a pris un caract\u00e8re diff\u00e9rent.<\/p>\n<p>Il ne s\u2019agit pas ici d\u2019une simple critique de la modernit\u00e9. C\u2019est devenu un outil de reconstruction culturelle. La Norv\u00e8ge manquait de nombreux symboles par lesquels les nations s\u2019affirmaient traditionnellement.<\/p>\n<p>Il n\u2019y avait pas de lign\u00e9e royale continue, pas de canon litt\u00e9raire unifi\u00e9 et pas de culture d\u2019\u00e9lite urbaine dominante sur laquelle s\u2019appuyer.<\/p>\n<p>Ce que la Norv\u00e8ge poss\u00e9dait, c&#39;\u00e9tait un paysage, une vie rurale, une tradition orale et une langue sous ses nombreuses formes parl\u00e9es. Le romantisme national en a fait un atout.<\/p>\n<p>Plut\u00f4t que d\u2019imiter les mod\u00e8les continentaux de nation, les penseurs norv\u00e9giens se sont tourn\u00e9s vers eux-m\u00eames. Ils consid\u00e9raient ce qui \u00e9tait autrefois consid\u00e9r\u00e9 comme p\u00e9riph\u00e9rique ou provincial comme le noyau de l\u2019identit\u00e9 nationale. Ce faisant, ils ont red\u00e9fini ce que signifiait \u00eatre norv\u00e9gien.<\/p>\n<h2 class=\"wp-block-heading\">La nature comme c\u0153ur de l&#39;identit\u00e9<\/h2>\n<p>Peu d\u2019\u00e9l\u00e9ments \u00e9taient aussi centraux dans le romantisme national norv\u00e9gien que la nature. Les montagnes, les fjords, les for\u00eats et les conditions m\u00e9t\u00e9orologiques n\u2019\u00e9taient pas simplement repr\u00e9sent\u00e9s comme des paysages. Ils sont devenus des symboles d\u2019endurance, d\u2019ind\u00e9pendance et de force morale.<\/p>\n<p>Le paysage spectaculaire a \u00e9t\u00e9 con\u00e7u comme quelque chose qui a fa\u00e7onn\u00e9 les gens eux-m\u00eames, favorisant la r\u00e9silience, l\u2019autonomie et la proximit\u00e9 avec la terre.<\/p>\n<p>Cette id\u00e9e avait des racines profondes. La g\u00e9ographie de la Norv\u00e8ge a longtemps influenc\u00e9 les mod\u00e8les d&#39;\u00e9tablissement, la vie \u00e9conomique et l&#39;organisation sociale. Le romantisme national a \u00e9lev\u00e9 ces r\u00e9alit\u00e9s au rang de vertus. Le terrain accident\u00e9 est devenu une preuve de caract\u00e8re. L&#39;isolement rural est devenu authenticit\u00e9.<\/p>\n<figure class=\"wp-block-image size-large\"><img loading=\"lazy\" data-lazyloaded=\"1\" data-placeholder-resp=\"768x432\" decoding=\"async\" width=\"768\" height=\"432\" src=\"https:\/\/www.svalbard.fr\/actualites\/wp-content\/uploads\/2026\/03\/1772873857_360_Comment-la-montee-du-romantisme-national-a-contribue-a-creer.jpg\" alt=\"Repr\u00e9sentation de la nuit d&#39;\u00e9t\u00e9 par Nikolai Astrup.\" class=\"wp-image-83775\"  data-><noscript><img loading=\"lazy\" decoding=\"async\" width=\"768\" height=\"432\" src=\"https:\/\/www.svalbard.fr\/actualites\/wp-content\/uploads\/2026\/03\/1772873857_360_Comment-la-montee-du-romantisme-national-a-contribue-a-creer.jpg\" alt=\"Repr\u00e9sentation de la nuit d&#39;\u00e9t\u00e9 par Nikolai Astrup.\" class=\"wp-image-83775\"  ><\/noscript><\/figure>\n<p>En art et en litt\u00e9rature, la nature \u00e9tait rarement neutre. Il \u00e9tait charg\u00e9 de sens, souvent pr\u00e9sent\u00e9 comme intemporel et intact, alors m\u00eame que le pays se modernisait lentement.<\/p>\n<p>Cette vision de la Norv\u00e8ge en tant que terre d\u00e9finie par son environnement reste remarquablement puissante aujourd\u2019hui, visible dans tout, du marketing touristique \u00e0 la rh\u00e9torique politique.<\/p>\n<h2 class=\"wp-block-heading\">Folklore et recherche d&#39;un pass\u00e9 norv\u00e9gien<\/h2>\n<p>Si la nature a fourni le d\u00e9cor, le folklore a fourni la voix.<\/p>\n<p>Tout au long du XIXe si\u00e8cle, les \u00e9rudits et les collectionneurs se sont efforc\u00e9s de pr\u00e9server les traditions orales norv\u00e9giennes. Des contes, l\u00e9gendes et chants populaires ont \u00e9t\u00e9 rassembl\u00e9s aupr\u00e8s des communaut\u00e9s rurales et pr\u00e9sent\u00e9s comme l\u2019expression d\u2019un h\u00e9ritage culturel commun ant\u00e9rieur \u00e0 la domination \u00e9trang\u00e8re.<\/p>\n<p>Les plus c\u00e9l\u00e8bres de ces collectionneurs \u00e9taient Peter Christen Asbj\u00f8rnsen et J\u00f8rgen Moe. Leurs recueils de contes populaires norv\u00e9giens sont devenus des textes fondateurs, d\u00e9terminant la mani\u00e8re dont des g\u00e9n\u00e9rations de Norv\u00e9giens ont imagin\u00e9 leur pass\u00e9.<\/p>\n<p>Ces histoires n&#39;\u00e9taient pas trait\u00e9es comme des curiosit\u00e9s. Ils ont \u00e9t\u00e9 pr\u00e9sent\u00e9s comme la preuve d\u2019un caract\u00e8re national distinct, pr\u00e9serv\u00e9 parmi les communaut\u00e9s rurales pendant des si\u00e8cles de subordination politique. Le folklore offrait une continuit\u00e9 l\u00e0 o\u00f9 l\u2019histoire officielle semblait fractur\u00e9e.<\/p>\n<p>Il s\u2019agissait surtout d\u2019un processus s\u00e9lectif. Certaines histoires et traditions ont \u00e9t\u00e9 valoris\u00e9es, d\u2019autres ignor\u00e9es. La Norv\u00e8ge issue de ces collections \u00e9tait coh\u00e9rente et reconnaissable, mais \u00e9galement soigneusement organis\u00e9e.<\/p>\n<h2 class=\"wp-block-heading\">Langue et question d&#39;appartenance<\/h2>\n<p>La langue est devenue l\u2019un des domaines les plus charg\u00e9s d\u2019\u00e9motion du romantisme national.<\/p>\n<p>Pendant des si\u00e8cles, le norv\u00e9gien \u00e9crit a largement suivi les normes danoises. La langue parl\u00e9e variait cependant consid\u00e9rablement selon les r\u00e9gions et conservait de fortes caract\u00e9ristiques locales. Le romantisme national a transform\u00e9 cette diversit\u00e9 en une ressource culturelle.<\/p>\n<p>Les \u00e9rudits et les r\u00e9formateurs affirmaient que la langue \u00e9tait au c\u0153ur de l\u2019identit\u00e9. Si la Norv\u00e8ge devait \u00eatre une nation, elle avait besoin de formes d\u2019expression \u00e9crite qui refl\u00e9taient le discours et l\u2019exp\u00e9rience norv\u00e9giennes plut\u00f4t que des normes import\u00e9es.<\/p>\n<p>Cette p\u00e9riode a jet\u00e9 les bases de r\u00e9formes et de d\u00e9bats linguistiques ult\u00e9rieurs, notamment le d\u00e9veloppement du nynorsk et la norv\u00e9gisation progressive du bokm\u00e5l. Bien que ces r\u00e9formes se soient d\u00e9roul\u00e9es sur plusieurs d\u00e9cennies, leurs racines intellectuelles \u00e9taient fermement ancr\u00e9es dans le mouvement romantique du XIXe si\u00e8cle.<\/p>\n<figure class=\"wp-block-image size-large\"><img loading=\"lazy\" data-lazyloaded=\"1\" data-placeholder-resp=\"768x576\" decoding=\"async\" width=\"768\" height=\"576\" src=\"https:\/\/www.svalbard.fr\/actualites\/wp-content\/uploads\/2025\/09\/1758383920_931_Ulvik-Norvege-Orchard-Village-sur-le-Hardangerfjord.jpg\" alt=\"Un po\u00e8me de Hauge \u00e9crit \u00e0 Nynorsk \u00e0 Ulvik, en Norv\u00e8ge. Photo : David Nikel.\" class=\"wp-image-84778\"  data-><noscript><img loading=\"lazy\" decoding=\"async\" width=\"768\" height=\"576\" src=\"https:\/\/www.svalbard.fr\/actualites\/wp-content\/uploads\/2025\/09\/1758383920_931_Ulvik-Norvege-Orchard-Village-sur-le-Hardangerfjord.jpg\" alt=\"Un po\u00e8me de Hauge \u00e9crit \u00e0 Nynorsk \u00e0 Ulvik, en Norv\u00e8ge. Photo : David Nikel.\" class=\"wp-image-84778\"  ><\/noscript><\/figure>\n<p>La langue n&#39;est plus seulement un moyen de communication. C&#39;est devenu un symbole d&#39;ind\u00e9pendance culturelle.<\/p>\n<h2 class=\"wp-block-heading\">Art, vie rurale et pass\u00e9 id\u00e9alis\u00e9<\/h2>\n<p>L\u2019art visuel a jou\u00e9 un r\u00f4le crucial dans la formation de l\u2019imagerie romantique nationale.<\/p>\n<p>Des peintres tels qu&#39;Adolph Tidemand et Hans Gude ont collabor\u00e9 pour cr\u00e9er des sc\u00e8nes de vie rurale dans des paysages spectaculaires. Leurs \u0153uvres repr\u00e9sentaient des mariages, des festivals et des moments quotidiens dans une Norv\u00e8ge intemporelle et enracin\u00e9e.<\/p>\n<p>Ces images ont aid\u00e9 \u00e0 d\u00e9finir \u00e0 quoi ressemblait le \u00ab norv\u00e9gien \u00bb.<\/p>\n<p>Les v\u00eatements paysans, les coutumes traditionnelles et les int\u00e9rieurs ruraux \u00e9taient \u00e9rig\u00e9s en symboles d\u2019authenticit\u00e9. La campagne est devenue le centre moral de la nation, alors m\u00eame que l\u2019urbanisation s\u2019acc\u00e9l\u00e9rait lentement.<\/p>\n<p>Ce n\u2019\u00e9tait pas du r\u00e9alisme documentaire. La pauvret\u00e9, les difficult\u00e9s et les in\u00e9galit\u00e9s sociales ont souvent \u00e9t\u00e9 att\u00e9nu\u00e9es ou omises. Le romantisme national pr\u00e9sentait une vision id\u00e9alis\u00e9e de la Norv\u00e8ge rurale, une vision qui servait des objectifs culturels et politiques.<\/p>\n<p>Il offrait une image partag\u00e9e de la nation \u00e0 une \u00e9poque o\u00f9 l\u2019unit\u00e9 comptait plus que l\u2019exactitude.<\/p>\n<h2 class=\"wp-block-heading\">Qui a \u00e9t\u00e9 laiss\u00e9 de c\u00f4t\u00e9<\/h2>\n<p>Le romantisme national \u00e9tait puissant, mais il n\u2019\u00e9tait pas inclusif. La vie urbaine a jou\u00e9 un r\u00f4le limit\u00e9 dans l\u2019histoire nationale, malgr\u00e9 la croissance des villes et des industries \u00e9mergentes.<\/p>\n<p>Plus important encore, le mouvement a largement marginalis\u00e9 le peuple sami, dont les cultures, les langues et les histoires ne correspondaient pas parfaitement \u00e0 la vision romanc\u00e9e d&#39;une nation norv\u00e9gienne homog\u00e8ne.<\/p>\n<p>Lorsque la culture s\u00e2me est apparue dans des contextes nationaux romantiques, elle \u00e9tait souvent exotis\u00e9e plut\u00f4t qu&#39;int\u00e9gr\u00e9e. Cette exclusion refl\u00e9tait des sch\u00e9mas plus larges d\u2019expansion \u00e9tatique et de hi\u00e9rarchie culturelle qui se sont poursuivis jusqu\u2019au XXe si\u00e8cle.<\/p>\n<p>Reconna\u00eetre ces omissions ne diminue en rien l\u2019importance du romantisme national. Il pr\u00e9cise sa fonction. Le mouvement visait moins \u00e0 d\u00e9crire la Norv\u00e8ge telle qu\u2019elle \u00e9tait qu\u2019\u00e0 d\u00e9finir la Norv\u00e8ge telle que ses \u00e9lites \u00e9mergentes voulaient qu\u2019elle soit.<\/p>\n<h2 class=\"wp-block-heading\">La longue ombre du romantisme national<\/h2>\n<p>\u00c0 la fin du XIXe si\u00e8cle, le romantisme national avait r\u00e9alis\u00e9 une grande partie de ce qu\u2019il s\u2019\u00e9tait fix\u00e9.<\/p>\n<p>La Norv\u00e8ge poss\u00e9dait une identit\u00e9 culturelle reconnaissable fond\u00e9e sur le paysage, la langue et la tradition. Lorsque l\u2019ind\u00e9pendance totale est arriv\u00e9e en 1905, elle est arriv\u00e9e dans un pays qui se consid\u00e9rait d\u00e9j\u00e0 comme une nation, m\u00eame si la souverainet\u00e9 politique \u00e9tait longtemps en retard par rapport \u00e0 la confiance culturelle.<\/p>\n<p>L\u2019h\u00e9ritage du romantisme national ne s\u2019arr\u00eate pas l\u00e0. Ses id\u00e9es continuent de fa\u00e7onner la fa\u00e7on dont les Norv\u00e9giens parlent de la nature, de la vie rurale et de l&#39;authenticit\u00e9. Ils influencent les d\u00e9bats sur le d\u00e9veloppement, la protection de l\u2019environnement et l\u2019appartenance culturelle.<\/p>\n<p>Le romantisme national a appris aux Norv\u00e9giens \u00e0 se voir eux-m\u00eames. Il offrait de la coh\u00e9rence l\u00e0 o\u00f9 l\u2019histoire avait apport\u00e9 la fragmentation, et du sens l\u00e0 o\u00f9 le pouvoir politique avait longtemps \u00e9t\u00e9 absent. Ce faisant, il a contribu\u00e9 \u00e0 cr\u00e9er la Norv\u00e8ge moderne.<\/p>\n<\/p><\/div>\n","protected":false},"excerpt":{"rendered":"<p>Comment un pays sans pouvoir politique s&#39;est tourn\u00e9 vers la nature, le folklore et la langue pour construire une identit\u00e9 nationale qui fa\u00e7onne encore la<\/p>\n","protected":false},"author":1,"featured_media":5323,"comment_status":"","ping_status":"","sticky":false,"template":"","format":"standard","meta":{"footnotes":""},"categories":[2277],"tags":[323,5797,5799,715,1124,502,6,5795],"yoast_head":"<!-- This site is optimized with the Yoast SEO plugin v21.0 - https:\/\/yoast.com\/wordpress\/plugins\/seo\/ -->\n<title>Comment la mont\u00e9e du romantisme national a contribu\u00e9 \u00e0 cr\u00e9er la Norv\u00e8ge moderne<\/title>\n<meta name=\"robots\" content=\"index, follow, max-snippet:-1, max-image-preview:large, max-video-preview:-1\" \/>\n<link rel=\"canonical\" href=\"https:\/\/www.svalbard.fr\/actualites\/comment-la-montee-du-romantisme-national-a-contribue-a-creer-la-norvege-moderne\/\" \/>\n<meta property=\"og:locale\" content=\"fr_FR\" \/>\n<meta property=\"og:type\" content=\"article\" \/>\n<meta property=\"og:title\" content=\"Comment la mont\u00e9e du romantisme national a contribu\u00e9 \u00e0 cr\u00e9er la Norv\u00e8ge moderne\" \/>\n<meta property=\"og:description\" content=\"Comment un pays sans pouvoir politique s&#039;est tourn\u00e9 vers la nature, le folklore et la langue pour construire une identit\u00e9 nationale qui fa\u00e7onne encore la\" \/>\n<meta property=\"og:url\" content=\"https:\/\/www.svalbard.fr\/actualites\/comment-la-montee-du-romantisme-national-a-contribue-a-creer-la-norvege-moderne\/\" \/>\n<meta property=\"og:site_name\" content=\"www.Svalbard.fr\" \/>\n<meta property=\"article:published_time\" content=\"2026-03-07T08:57:37+00:00\" \/>\n<meta property=\"og:image\" content=\"https:\/\/www.svalbard.fr\/actualites\/wp-content\/uploads\/2026\/03\/Comment-la-montee-du-romantisme-national-a-contribue-a-creer.jpg\" \/>\n<meta name=\"author\" content=\"Hilmar\" \/>\n<meta name=\"twitter:card\" content=\"summary_large_image\" \/>\n<meta name=\"twitter:label1\" content=\"\u00c9crit par\" \/>\n\t<meta name=\"twitter:data1\" content=\"Hilmar\" \/>\n\t<meta name=\"twitter:label2\" content=\"Dur\u00e9e de lecture estim\u00e9e\" \/>\n\t<meta name=\"twitter:data2\" content=\"9 minutes\" \/>\n<script type=\"application\/ld+json\" class=\"yoast-schema-graph\">{\"@context\":\"https:\/\/schema.org\",\"@graph\":[{\"@type\":\"Article\",\"@id\":\"https:\/\/www.svalbard.fr\/actualites\/comment-la-montee-du-romantisme-national-a-contribue-a-creer-la-norvege-moderne\/#article\",\"isPartOf\":{\"@id\":\"https:\/\/www.svalbard.fr\/actualites\/comment-la-montee-du-romantisme-national-a-contribue-a-creer-la-norvege-moderne\/\"},\"author\":{\"name\":\"Hilmar\",\"@id\":\"https:\/\/www.svalbard.fr\/actualites\/#\/schema\/person\/a2f937d5712222366738fae98755c600\"},\"headline\":\"Comment la mont\u00e9e du romantisme national a contribu\u00e9 \u00e0 cr\u00e9er la Norv\u00e8ge moderne\",\"datePublished\":\"2026-03-07T08:57:37+00:00\",\"dateModified\":\"2026-03-07T08:57:37+00:00\",\"mainEntityOfPage\":{\"@id\":\"https:\/\/www.svalbard.fr\/actualites\/comment-la-montee-du-romantisme-national-a-contribue-a-creer-la-norvege-moderne\/\"},\"wordCount\":1786,\"publisher\":{\"@id\":\"https:\/\/www.svalbard.fr\/actualites\/#organization\"},\"keywords\":[\"comment\",\"contribu\u00e9\",\"cr\u00e9er\",\"moderne\",\"mont\u00e9e\",\"national\",\"Norv\u00e8ge\",\"romantisme\"],\"inLanguage\":\"fr-FR\"},{\"@type\":\"WebPage\",\"@id\":\"https:\/\/www.svalbard.fr\/actualites\/comment-la-montee-du-romantisme-national-a-contribue-a-creer-la-norvege-moderne\/\",\"url\":\"https:\/\/www.svalbard.fr\/actualites\/comment-la-montee-du-romantisme-national-a-contribue-a-creer-la-norvege-moderne\/\",\"name\":\"Comment la mont\u00e9e du romantisme national a contribu\u00e9 \u00e0 cr\u00e9er la Norv\u00e8ge moderne\",\"isPartOf\":{\"@id\":\"https:\/\/www.svalbard.fr\/actualites\/#website\"},\"datePublished\":\"2026-03-07T08:57:37+00:00\",\"dateModified\":\"2026-03-07T08:57:37+00:00\",\"breadcrumb\":{\"@id\":\"https:\/\/www.svalbard.fr\/actualites\/comment-la-montee-du-romantisme-national-a-contribue-a-creer-la-norvege-moderne\/#breadcrumb\"},\"inLanguage\":\"fr-FR\",\"potentialAction\":[{\"@type\":\"ReadAction\",\"target\":[\"https:\/\/www.svalbard.fr\/actualites\/comment-la-montee-du-romantisme-national-a-contribue-a-creer-la-norvege-moderne\/\"]}]},{\"@type\":\"BreadcrumbList\",\"@id\":\"https:\/\/www.svalbard.fr\/actualites\/comment-la-montee-du-romantisme-national-a-contribue-a-creer-la-norvege-moderne\/#breadcrumb\",\"itemListElement\":[{\"@type\":\"ListItem\",\"position\":1,\"name\":\"Accueil\",\"item\":\"https:\/\/www.svalbard.fr\/actualites\/\"},{\"@type\":\"ListItem\",\"position\":2,\"name\":\"Comment la mont\u00e9e du romantisme national a contribu\u00e9 \u00e0 cr\u00e9er la Norv\u00e8ge moderne\"}]},{\"@type\":\"WebSite\",\"@id\":\"https:\/\/www.svalbard.fr\/actualites\/#website\",\"url\":\"https:\/\/www.svalbard.fr\/actualites\/\",\"name\":\"www.Svalbard.fr\",\"description\":\"\",\"publisher\":{\"@id\":\"https:\/\/www.svalbard.fr\/actualites\/#organization\"},\"potentialAction\":[{\"@type\":\"SearchAction\",\"target\":{\"@type\":\"EntryPoint\",\"urlTemplate\":\"https:\/\/www.svalbard.fr\/actualites\/?s={search_term_string}\"},\"query-input\":\"required name=search_term_string\"}],\"inLanguage\":\"fr-FR\"},{\"@type\":\"Organization\",\"@id\":\"https:\/\/www.svalbard.fr\/actualites\/#organization\",\"name\":\"www.Svalbard.fr\",\"url\":\"https:\/\/www.svalbard.fr\/actualites\/\",\"logo\":{\"@type\":\"ImageObject\",\"inLanguage\":\"fr-FR\",\"@id\":\"https:\/\/www.svalbard.fr\/actualites\/#\/schema\/logo\/image\/\",\"url\":\"https:\/\/www.svalbard.fr\/actualites\/wp-content\/uploads\/2023\/09\/head-nom.jpg\",\"contentUrl\":\"https:\/\/www.svalbard.fr\/actualites\/wp-content\/uploads\/2023\/09\/head-nom.jpg\",\"width\":264,\"height\":35,\"caption\":\"www.Svalbard.fr\"},\"image\":{\"@id\":\"https:\/\/www.svalbard.fr\/actualites\/#\/schema\/logo\/image\/\"}},{\"@type\":\"Person\",\"@id\":\"https:\/\/www.svalbard.fr\/actualites\/#\/schema\/person\/a2f937d5712222366738fae98755c600\",\"name\":\"Hilmar\",\"image\":{\"@type\":\"ImageObject\",\"inLanguage\":\"fr-FR\",\"@id\":\"https:\/\/www.svalbard.fr\/actualites\/#\/schema\/person\/image\/\",\"url\":\"https:\/\/secure.gravatar.com\/avatar\/4daa437093476dbc32da415c112b6512?s=96&d=mm&r=g\",\"contentUrl\":\"https:\/\/secure.gravatar.com\/avatar\/4daa437093476dbc32da415c112b6512?s=96&d=mm&r=g\",\"caption\":\"Hilmar\"},\"description\":\"Hilmar est un passionn\u00e9 des r\u00e9gions polaires, sp\u00e9cialis\u00e9 dans la r\u00e9daction d'articles sur le Spitzberg et autres destinations arctiques. Il apporte son expertise et sa passion pour l'Arctique au sein de l'\u00e9quipe de r\u00e9daction de Svalbard depuis de nombreuses ann\u00e9es.\",\"sameAs\":[\"https:\/\/www.svalbard.fr\/\"]}]}<\/script>\n<!-- \/ Yoast SEO plugin. -->","yoast_head_json":{"title":"Comment la mont\u00e9e du romantisme national a contribu\u00e9 \u00e0 cr\u00e9er la Norv\u00e8ge moderne","robots":{"index":"index","follow":"follow","max-snippet":"max-snippet:-1","max-image-preview":"max-image-preview:large","max-video-preview":"max-video-preview:-1"},"canonical":"https:\/\/www.svalbard.fr\/actualites\/comment-la-montee-du-romantisme-national-a-contribue-a-creer-la-norvege-moderne\/","og_locale":"fr_FR","og_type":"article","og_title":"Comment la mont\u00e9e du romantisme national a contribu\u00e9 \u00e0 cr\u00e9er la Norv\u00e8ge moderne","og_description":"Comment un pays sans pouvoir politique s&#39;est tourn\u00e9 vers la nature, le folklore et la langue pour construire une identit\u00e9 nationale qui fa\u00e7onne encore la","og_url":"https:\/\/www.svalbard.fr\/actualites\/comment-la-montee-du-romantisme-national-a-contribue-a-creer-la-norvege-moderne\/","og_site_name":"www.Svalbard.fr","article_published_time":"2026-03-07T08:57:37+00:00","og_image":[{"url":"https:\/\/www.svalbard.fr\/actualites\/wp-content\/uploads\/2026\/03\/Comment-la-montee-du-romantisme-national-a-contribue-a-creer.jpg"}],"author":"Hilmar","twitter_card":"summary_large_image","twitter_misc":{"\u00c9crit par":"Hilmar","Dur\u00e9e de lecture estim\u00e9e":"9 minutes"},"schema":{"@context":"https:\/\/schema.org","@graph":[{"@type":"Article","@id":"https:\/\/www.svalbard.fr\/actualites\/comment-la-montee-du-romantisme-national-a-contribue-a-creer-la-norvege-moderne\/#article","isPartOf":{"@id":"https:\/\/www.svalbard.fr\/actualites\/comment-la-montee-du-romantisme-national-a-contribue-a-creer-la-norvege-moderne\/"},"author":{"name":"Hilmar","@id":"https:\/\/www.svalbard.fr\/actualites\/#\/schema\/person\/a2f937d5712222366738fae98755c600"},"headline":"Comment la mont\u00e9e du romantisme national a contribu\u00e9 \u00e0 cr\u00e9er la Norv\u00e8ge moderne","datePublished":"2026-03-07T08:57:37+00:00","dateModified":"2026-03-07T08:57:37+00:00","mainEntityOfPage":{"@id":"https:\/\/www.svalbard.fr\/actualites\/comment-la-montee-du-romantisme-national-a-contribue-a-creer-la-norvege-moderne\/"},"wordCount":1786,"publisher":{"@id":"https:\/\/www.svalbard.fr\/actualites\/#organization"},"keywords":["comment","contribu\u00e9","cr\u00e9er","moderne","mont\u00e9e","national","Norv\u00e8ge","romantisme"],"inLanguage":"fr-FR"},{"@type":"WebPage","@id":"https:\/\/www.svalbard.fr\/actualites\/comment-la-montee-du-romantisme-national-a-contribue-a-creer-la-norvege-moderne\/","url":"https:\/\/www.svalbard.fr\/actualites\/comment-la-montee-du-romantisme-national-a-contribue-a-creer-la-norvege-moderne\/","name":"Comment la mont\u00e9e du romantisme national a contribu\u00e9 \u00e0 cr\u00e9er la Norv\u00e8ge moderne","isPartOf":{"@id":"https:\/\/www.svalbard.fr\/actualites\/#website"},"datePublished":"2026-03-07T08:57:37+00:00","dateModified":"2026-03-07T08:57:37+00:00","breadcrumb":{"@id":"https:\/\/www.svalbard.fr\/actualites\/comment-la-montee-du-romantisme-national-a-contribue-a-creer-la-norvege-moderne\/#breadcrumb"},"inLanguage":"fr-FR","potentialAction":[{"@type":"ReadAction","target":["https:\/\/www.svalbard.fr\/actualites\/comment-la-montee-du-romantisme-national-a-contribue-a-creer-la-norvege-moderne\/"]}]},{"@type":"BreadcrumbList","@id":"https:\/\/www.svalbard.fr\/actualites\/comment-la-montee-du-romantisme-national-a-contribue-a-creer-la-norvege-moderne\/#breadcrumb","itemListElement":[{"@type":"ListItem","position":1,"name":"Accueil","item":"https:\/\/www.svalbard.fr\/actualites\/"},{"@type":"ListItem","position":2,"name":"Comment la mont\u00e9e du romantisme national a contribu\u00e9 \u00e0 cr\u00e9er la Norv\u00e8ge moderne"}]},{"@type":"WebSite","@id":"https:\/\/www.svalbard.fr\/actualites\/#website","url":"https:\/\/www.svalbard.fr\/actualites\/","name":"www.Svalbard.fr","description":"","publisher":{"@id":"https:\/\/www.svalbard.fr\/actualites\/#organization"},"potentialAction":[{"@type":"SearchAction","target":{"@type":"EntryPoint","urlTemplate":"https:\/\/www.svalbard.fr\/actualites\/?s={search_term_string}"},"query-input":"required name=search_term_string"}],"inLanguage":"fr-FR"},{"@type":"Organization","@id":"https:\/\/www.svalbard.fr\/actualites\/#organization","name":"www.Svalbard.fr","url":"https:\/\/www.svalbard.fr\/actualites\/","logo":{"@type":"ImageObject","inLanguage":"fr-FR","@id":"https:\/\/www.svalbard.fr\/actualites\/#\/schema\/logo\/image\/","url":"https:\/\/www.svalbard.fr\/actualites\/wp-content\/uploads\/2023\/09\/head-nom.jpg","contentUrl":"https:\/\/www.svalbard.fr\/actualites\/wp-content\/uploads\/2023\/09\/head-nom.jpg","width":264,"height":35,"caption":"www.Svalbard.fr"},"image":{"@id":"https:\/\/www.svalbard.fr\/actualites\/#\/schema\/logo\/image\/"}},{"@type":"Person","@id":"https:\/\/www.svalbard.fr\/actualites\/#\/schema\/person\/a2f937d5712222366738fae98755c600","name":"Hilmar","image":{"@type":"ImageObject","inLanguage":"fr-FR","@id":"https:\/\/www.svalbard.fr\/actualites\/#\/schema\/person\/image\/","url":"https:\/\/secure.gravatar.com\/avatar\/4daa437093476dbc32da415c112b6512?s=96&d=mm&r=g","contentUrl":"https:\/\/secure.gravatar.com\/avatar\/4daa437093476dbc32da415c112b6512?s=96&d=mm&r=g","caption":"Hilmar"},"description":"Hilmar est un passionn\u00e9 des r\u00e9gions polaires, sp\u00e9cialis\u00e9 dans la r\u00e9daction d'articles sur le Spitzberg et autres destinations arctiques. Il apporte son expertise et sa passion pour l'Arctique au sein de l'\u00e9quipe de r\u00e9daction de Svalbard depuis de nombreuses ann\u00e9es.","sameAs":["https:\/\/www.svalbard.fr\/"]}]}},"_links":{"self":[{"href":"https:\/\/www.svalbard.fr\/actualites\/wp-json\/wp\/v2\/posts\/5322"}],"collection":[{"href":"https:\/\/www.svalbard.fr\/actualites\/wp-json\/wp\/v2\/posts"}],"about":[{"href":"https:\/\/www.svalbard.fr\/actualites\/wp-json\/wp\/v2\/types\/post"}],"author":[{"embeddable":true,"href":"https:\/\/www.svalbard.fr\/actualites\/wp-json\/wp\/v2\/users\/1"}],"replies":[{"embeddable":true,"href":"https:\/\/www.svalbard.fr\/actualites\/wp-json\/wp\/v2\/comments?post=5322"}],"version-history":[{"count":0,"href":"https:\/\/www.svalbard.fr\/actualites\/wp-json\/wp\/v2\/posts\/5322\/revisions"}],"wp:featuredmedia":[{"embeddable":true,"href":"https:\/\/www.svalbard.fr\/actualites\/wp-json\/wp\/v2\/media\/5323"}],"wp:attachment":[{"href":"https:\/\/www.svalbard.fr\/actualites\/wp-json\/wp\/v2\/media?parent=5322"}],"wp:term":[{"taxonomy":"category","embeddable":true,"href":"https:\/\/www.svalbard.fr\/actualites\/wp-json\/wp\/v2\/categories?post=5322"},{"taxonomy":"post_tag","embeddable":true,"href":"https:\/\/www.svalbard.fr\/actualites\/wp-json\/wp\/v2\/tags?post=5322"}],"curies":[{"name":"wp","href":"https:\/\/api.w.org\/{rel}","templated":true}]}}