{"id":5324,"date":"2026-03-08T08:56:08","date_gmt":"2026-03-08T07:56:08","guid":{"rendered":"https:\/\/www.svalbard.fr\/actualites\/une-explosion-secoue-lambassade-americaine-a-oslo-lors-de-la-derniere-attaque-contre-le-consulat-americain\/"},"modified":"2026-03-08T08:56:11","modified_gmt":"2026-03-08T07:56:11","slug":"une-explosion-secoue-lambassade-americaine-a-oslo-lors-de-la-derniere-attaque-contre-le-consulat-americain","status":"publish","type":"post","link":"https:\/\/www.svalbard.fr\/actualites\/une-explosion-secoue-lambassade-americaine-a-oslo-lors-de-la-derniere-attaque-contre-le-consulat-americain\/","title":{"rendered":"Une explosion secoue l&#39;ambassade am\u00e9ricaine \u00e0 Oslo lors de la derni\u00e8re attaque contre le consulat am\u00e9ricain"},"content":{"rendered":"<div>\n<p>La police a confirm\u00e9 que l&#39;ambassade am\u00e9ricaine \u00e0 Oslo, la capitale norv\u00e9gienne, avait \u00e9t\u00e9 secou\u00e9e par une explosion aux petites heures du dimanche 8 mars matin.<\/p>\n<\/div>\n<div>\n<p>Les autorit\u00e9s norv\u00e9giennes ont confirm\u00e9 que le b\u00e2timent avait subi des d\u00e9g\u00e2ts, mais on ne sait toujours pas si quelqu&#39;un a \u00e9t\u00e9 bless\u00e9 dans l&#39;explosion.<\/p>\n<\/div>\n<div>\n<p>Le porte-parole de la police d&#39;Oslo, Mikael Dellemyr, a confirm\u00e9 que les autorit\u00e9s avaient \u00e9t\u00e9 appel\u00e9es dans l&#39;enceinte am\u00e9ricaine vers 1 heure du matin, heure locale, \u00e0 la suite d&#39;une forte explosion et d&#39;une \u00e9paisse fum\u00e9e pr\u00e8s du b\u00e2timent consulaire.<\/p>\n<\/div>\n<div>\n<p>\u00ab\u00a0La police est en dialogue avec l&#39;ambassade\u00a0\u00bb, a-t-il d\u00e9clar\u00e9, ajoutant que la police resterait sur place \u00ab\u00a0pendant de nombreuses heures\u00a0\u00bb encore. Les \u00e9tudiants locaux qui sont pass\u00e9s devant les lieux ont d\u00e9crit la zone comme \u00e9tant engloutie par la fum\u00e9e imm\u00e9diatement apr\u00e8s l&#39;explosion.<\/p>\n<\/div>\n<div>\n<p><strong><em>Assurez-vous que nos derniers titres d&#39;actualit\u00e9 apparaissent toujours en haut de votre recherche Google en faisant de nous une source pr\u00e9f\u00e9r\u00e9e. Cliquez ici pour nous activer ou nous ajouter comme source pr\u00e9f\u00e9r\u00e9e dans vos param\u00e8tres de recherche Google.<\/em><\/strong><\/p>\n<\/div>\n<div>\n<p>\u00ab\u00a0Il y avait une tr\u00e8s \u00e9paisse couche de fum\u00e9e dans la rue\u00a0\u00bb, a d\u00e9clar\u00e9 Sebastian Toerstad, un \u00e9tudiant de 18 ans qui passait devant l&#39;ambassade au moment de l&#39;incident, selon CNN.<\/p>\n<\/div>\n<div>\n<p>La publication norv\u00e9gienne NRK rapporte que la police a combin\u00e9 l&#39;utilisation de \u00ab\u00a0chiens, de drones et d&#39;h\u00e9licopt\u00e8res pour retrouver un ou plusieurs auteurs potentiels\u00a0\u00bb en lien avec l&#39;explosion.<\/p>\n<\/div>\n<div>\n<p>L\u2019explosion de l\u2019ambassade fait suite \u00e0 de r\u00e9centes attaques contre des b\u00e2timents diplomatiques dans le monde entier, ainsi qu\u2019\u00e0 des attaques similaires en Arabie Saoudite. li\u00e9 au conflit en cours entre Isra\u00ebl, les \u00c9tats-Unis et l\u2019Iran.<\/p>\n<\/div>\n<div>\n<p>La police a exhort\u00e9 le public \u00e0 signaler tout renseignement ou observation inhabituelle dans la zone entre minuit et 2h00 du matin (23h00 GMT et 01h00 GMT).<\/p>\n<\/div>\n<div>\n<p>Cette attaque fait suite \u00e0 une s\u00e9rie de \u00ab frappes de repr\u00e9sailles \u00bb de T\u00e9h\u00e9ran contre des b\u00e2timents am\u00e9ricains au Kowe\u00eft et en Arabie Saoudite.<\/p>\n<\/div>\n","protected":false},"excerpt":{"rendered":"<p>La police a confirm\u00e9 que l&#39;ambassade am\u00e9ricaine \u00e0 Oslo, la capitale norv\u00e9gienne, avait \u00e9t\u00e9 secou\u00e9e par une explosion aux petites heures du dimanche 8 mars<\/p>\n","protected":false},"author":1,"featured_media":5325,"comment_status":"closed","ping_status":"","sticky":false,"template":"","format":"standard","meta":{"footnotes":""},"categories":[2277],"tags":[5809,5805,75,5807,228,59,5801,5803,1133,261,1853,18],"yoast_head":"<!-- This site is optimized with the Yoast SEO plugin v21.0 - https:\/\/yoast.com\/wordpress\/plugins\/seo\/ -->\n<title>Une explosion secoue l&#039;ambassade am\u00e9ricaine \u00e0 Oslo lors de la derni\u00e8re attaque contre le consulat am\u00e9ricain<\/title>\n<meta name=\"robots\" content=\"index, follow, max-snippet:-1, max-image-preview:large, max-video-preview:-1\" \/>\n<link rel=\"canonical\" href=\"https:\/\/www.svalbard.fr\/actualites\/une-explosion-secoue-lambassade-americaine-a-oslo-lors-de-la-derniere-attaque-contre-le-consulat-americain\/\" \/>\n<meta property=\"og:locale\" content=\"fr_FR\" \/>\n<meta property=\"og:type\" content=\"article\" \/>\n<meta property=\"og:title\" content=\"Une explosion secoue l&#039;ambassade am\u00e9ricaine \u00e0 Oslo lors de la derni\u00e8re attaque contre le consulat am\u00e9ricain\" \/>\n<meta property=\"og:description\" content=\"La police a confirm\u00e9 que l&#039;ambassade am\u00e9ricaine \u00e0 Oslo, la capitale norv\u00e9gienne, avait \u00e9t\u00e9 secou\u00e9e par une explosion aux petites heures du dimanche 8 mars\" \/>\n<meta property=\"og:url\" content=\"https:\/\/www.svalbard.fr\/actualites\/une-explosion-secoue-lambassade-americaine-a-oslo-lors-de-la-derniere-attaque-contre-le-consulat-americain\/\" \/>\n<meta property=\"og:site_name\" content=\"www.Svalbard.fr\" \/>\n<meta property=\"article:published_time\" content=\"2026-03-08T07:56:08+00:00\" \/>\n<meta property=\"article:modified_time\" content=\"2026-03-08T07:56:11+00:00\" \/>\n<meta property=\"og:image\" content=\"https:\/\/www.svalbard.fr\/actualites\/wp-content\/uploads\/2026\/03\/Une-explosion-secoue-l39ambassade-americaine-a-Oslo-lors-de-la.jpg\" \/>\n\t<meta property=\"og:image:width\" content=\"1200\" \/>\n\t<meta property=\"og:image:height\" content=\"630\" \/>\n\t<meta property=\"og:image:type\" content=\"image\/jpeg\" \/>\n<meta name=\"author\" content=\"Hilmar\" \/>\n<meta name=\"twitter:card\" content=\"summary_large_image\" \/>\n<meta name=\"twitter:label1\" content=\"\u00c9crit par\" \/>\n\t<meta name=\"twitter:data1\" content=\"Hilmar\" \/>\n\t<meta name=\"twitter:label2\" content=\"Dur\u00e9e de lecture estim\u00e9e\" \/>\n\t<meta name=\"twitter:data2\" content=\"2 minutes\" \/>\n<script type=\"application\/ld+json\" class=\"yoast-schema-graph\">{\"@context\":\"https:\/\/schema.org\",\"@graph\":[{\"@type\":\"Article\",\"@id\":\"https:\/\/www.svalbard.fr\/actualites\/une-explosion-secoue-lambassade-americaine-a-oslo-lors-de-la-derniere-attaque-contre-le-consulat-americain\/#article\",\"isPartOf\":{\"@id\":\"https:\/\/www.svalbard.fr\/actualites\/une-explosion-secoue-lambassade-americaine-a-oslo-lors-de-la-derniere-attaque-contre-le-consulat-americain\/\"},\"author\":{\"name\":\"Hilmar\",\"@id\":\"https:\/\/www.svalbard.fr\/actualites\/#\/schema\/person\/a2f937d5712222366738fae98755c600\"},\"headline\":\"Une explosion secoue l&#39;ambassade am\u00e9ricaine \u00e0 Oslo lors de la derni\u00e8re attaque contre le consulat am\u00e9ricain\",\"datePublished\":\"2026-03-08T07:56:08+00:00\",\"dateModified\":\"2026-03-08T07:56:11+00:00\",\"mainEntityOfPage\":{\"@id\":\"https:\/\/www.svalbard.fr\/actualites\/une-explosion-secoue-lambassade-americaine-a-oslo-lors-de-la-derniere-attaque-contre-le-consulat-americain\/\"},\"wordCount\":389,\"publisher\":{\"@id\":\"https:\/\/www.svalbard.fr\/actualites\/#organization\"},\"keywords\":[\"am\u00e9ricain\",\"am\u00e9ricaine\",\"attaqu\u00e9\",\"consulat\",\"contre\",\"derni\u00e8re\",\"explosion\",\"l39ambassade\",\"lors\",\"Oslo\",\"secoue\",\"Une\"],\"inLanguage\":\"fr-FR\"},{\"@type\":\"WebPage\",\"@id\":\"https:\/\/www.svalbard.fr\/actualites\/une-explosion-secoue-lambassade-americaine-a-oslo-lors-de-la-derniere-attaque-contre-le-consulat-americain\/\",\"url\":\"https:\/\/www.svalbard.fr\/actualites\/une-explosion-secoue-lambassade-americaine-a-oslo-lors-de-la-derniere-attaque-contre-le-consulat-americain\/\",\"name\":\"Une explosion secoue l&#39;ambassade am\u00e9ricaine \u00e0 Oslo lors de la derni\u00e8re attaque contre le consulat am\u00e9ricain\",\"isPartOf\":{\"@id\":\"https:\/\/www.svalbard.fr\/actualites\/#website\"},\"datePublished\":\"2026-03-08T07:56:08+00:00\",\"dateModified\":\"2026-03-08T07:56:11+00:00\",\"breadcrumb\":{\"@id\":\"https:\/\/www.svalbard.fr\/actualites\/une-explosion-secoue-lambassade-americaine-a-oslo-lors-de-la-derniere-attaque-contre-le-consulat-americain\/#breadcrumb\"},\"inLanguage\":\"fr-FR\",\"potentialAction\":[{\"@type\":\"ReadAction\",\"target\":[\"https:\/\/www.svalbard.fr\/actualites\/une-explosion-secoue-lambassade-americaine-a-oslo-lors-de-la-derniere-attaque-contre-le-consulat-americain\/\"]}]},{\"@type\":\"BreadcrumbList\",\"@id\":\"https:\/\/www.svalbard.fr\/actualites\/une-explosion-secoue-lambassade-americaine-a-oslo-lors-de-la-derniere-attaque-contre-le-consulat-americain\/#breadcrumb\",\"itemListElement\":[{\"@type\":\"ListItem\",\"position\":1,\"name\":\"Accueil\",\"item\":\"https:\/\/www.svalbard.fr\/actualites\/\"},{\"@type\":\"ListItem\",\"position\":2,\"name\":\"Une explosion secoue l&#39;ambassade am\u00e9ricaine \u00e0 Oslo lors de la derni\u00e8re attaque contre le consulat am\u00e9ricain\"}]},{\"@type\":\"WebSite\",\"@id\":\"https:\/\/www.svalbard.fr\/actualites\/#website\",\"url\":\"https:\/\/www.svalbard.fr\/actualites\/\",\"name\":\"www.Svalbard.fr\",\"description\":\"\",\"publisher\":{\"@id\":\"https:\/\/www.svalbard.fr\/actualites\/#organization\"},\"potentialAction\":[{\"@type\":\"SearchAction\",\"target\":{\"@type\":\"EntryPoint\",\"urlTemplate\":\"https:\/\/www.svalbard.fr\/actualites\/?s={search_term_string}\"},\"query-input\":\"required name=search_term_string\"}],\"inLanguage\":\"fr-FR\"},{\"@type\":\"Organization\",\"@id\":\"https:\/\/www.svalbard.fr\/actualites\/#organization\",\"name\":\"www.Svalbard.fr\",\"url\":\"https:\/\/www.svalbard.fr\/actualites\/\",\"logo\":{\"@type\":\"ImageObject\",\"inLanguage\":\"fr-FR\",\"@id\":\"https:\/\/www.svalbard.fr\/actualites\/#\/schema\/logo\/image\/\",\"url\":\"https:\/\/www.svalbard.fr\/actualites\/wp-content\/uploads\/2023\/09\/head-nom.jpg\",\"contentUrl\":\"https:\/\/www.svalbard.fr\/actualites\/wp-content\/uploads\/2023\/09\/head-nom.jpg\",\"width\":264,\"height\":35,\"caption\":\"www.Svalbard.fr\"},\"image\":{\"@id\":\"https:\/\/www.svalbard.fr\/actualites\/#\/schema\/logo\/image\/\"}},{\"@type\":\"Person\",\"@id\":\"https:\/\/www.svalbard.fr\/actualites\/#\/schema\/person\/a2f937d5712222366738fae98755c600\",\"name\":\"Hilmar\",\"image\":{\"@type\":\"ImageObject\",\"inLanguage\":\"fr-FR\",\"@id\":\"https:\/\/www.svalbard.fr\/actualites\/#\/schema\/person\/image\/\",\"url\":\"https:\/\/secure.gravatar.com\/avatar\/4daa437093476dbc32da415c112b6512?s=96&d=mm&r=g\",\"contentUrl\":\"https:\/\/secure.gravatar.com\/avatar\/4daa437093476dbc32da415c112b6512?s=96&d=mm&r=g\",\"caption\":\"Hilmar\"},\"description\":\"Hilmar est un passionn\u00e9 des r\u00e9gions polaires, sp\u00e9cialis\u00e9 dans la r\u00e9daction d'articles sur le Spitzberg et autres destinations arctiques. Il apporte son expertise et sa passion pour l'Arctique au sein de l'\u00e9quipe de r\u00e9daction de Svalbard depuis de nombreuses ann\u00e9es.\",\"sameAs\":[\"https:\/\/www.svalbard.fr\/\"]}]}<\/script>\n<!-- \/ Yoast SEO plugin. -->","yoast_head_json":{"title":"Une explosion secoue l&#39;ambassade am\u00e9ricaine \u00e0 Oslo lors de la derni\u00e8re attaque contre le consulat am\u00e9ricain","robots":{"index":"index","follow":"follow","max-snippet":"max-snippet:-1","max-image-preview":"max-image-preview:large","max-video-preview":"max-video-preview:-1"},"canonical":"https:\/\/www.svalbard.fr\/actualites\/une-explosion-secoue-lambassade-americaine-a-oslo-lors-de-la-derniere-attaque-contre-le-consulat-americain\/","og_locale":"fr_FR","og_type":"article","og_title":"Une explosion secoue l&#39;ambassade am\u00e9ricaine \u00e0 Oslo lors de la derni\u00e8re attaque contre le consulat am\u00e9ricain","og_description":"La police a confirm\u00e9 que l&#39;ambassade am\u00e9ricaine \u00e0 Oslo, la capitale norv\u00e9gienne, avait \u00e9t\u00e9 secou\u00e9e par une explosion aux petites heures du dimanche 8 mars","og_url":"https:\/\/www.svalbard.fr\/actualites\/une-explosion-secoue-lambassade-americaine-a-oslo-lors-de-la-derniere-attaque-contre-le-consulat-americain\/","og_site_name":"www.Svalbard.fr","article_published_time":"2026-03-08T07:56:08+00:00","article_modified_time":"2026-03-08T07:56:11+00:00","og_image":[{"width":1200,"height":630,"url":"https:\/\/www.svalbard.fr\/actualites\/wp-content\/uploads\/2026\/03\/Une-explosion-secoue-l39ambassade-americaine-a-Oslo-lors-de-la.jpg","type":"image\/jpeg"}],"author":"Hilmar","twitter_card":"summary_large_image","twitter_misc":{"\u00c9crit par":"Hilmar","Dur\u00e9e de lecture estim\u00e9e":"2 minutes"},"schema":{"@context":"https:\/\/schema.org","@graph":[{"@type":"Article","@id":"https:\/\/www.svalbard.fr\/actualites\/une-explosion-secoue-lambassade-americaine-a-oslo-lors-de-la-derniere-attaque-contre-le-consulat-americain\/#article","isPartOf":{"@id":"https:\/\/www.svalbard.fr\/actualites\/une-explosion-secoue-lambassade-americaine-a-oslo-lors-de-la-derniere-attaque-contre-le-consulat-americain\/"},"author":{"name":"Hilmar","@id":"https:\/\/www.svalbard.fr\/actualites\/#\/schema\/person\/a2f937d5712222366738fae98755c600"},"headline":"Une explosion secoue l&#39;ambassade am\u00e9ricaine \u00e0 Oslo lors de la derni\u00e8re attaque contre le consulat am\u00e9ricain","datePublished":"2026-03-08T07:56:08+00:00","dateModified":"2026-03-08T07:56:11+00:00","mainEntityOfPage":{"@id":"https:\/\/www.svalbard.fr\/actualites\/une-explosion-secoue-lambassade-americaine-a-oslo-lors-de-la-derniere-attaque-contre-le-consulat-americain\/"},"wordCount":389,"publisher":{"@id":"https:\/\/www.svalbard.fr\/actualites\/#organization"},"keywords":["am\u00e9ricain","am\u00e9ricaine","attaqu\u00e9","consulat","contre","derni\u00e8re","explosion","l39ambassade","lors","Oslo","secoue","Une"],"inLanguage":"fr-FR"},{"@type":"WebPage","@id":"https:\/\/www.svalbard.fr\/actualites\/une-explosion-secoue-lambassade-americaine-a-oslo-lors-de-la-derniere-attaque-contre-le-consulat-americain\/","url":"https:\/\/www.svalbard.fr\/actualites\/une-explosion-secoue-lambassade-americaine-a-oslo-lors-de-la-derniere-attaque-contre-le-consulat-americain\/","name":"Une explosion secoue l&#39;ambassade am\u00e9ricaine \u00e0 Oslo lors de la derni\u00e8re attaque contre le consulat am\u00e9ricain","isPartOf":{"@id":"https:\/\/www.svalbard.fr\/actualites\/#website"},"datePublished":"2026-03-08T07:56:08+00:00","dateModified":"2026-03-08T07:56:11+00:00","breadcrumb":{"@id":"https:\/\/www.svalbard.fr\/actualites\/une-explosion-secoue-lambassade-americaine-a-oslo-lors-de-la-derniere-attaque-contre-le-consulat-americain\/#breadcrumb"},"inLanguage":"fr-FR","potentialAction":[{"@type":"ReadAction","target":["https:\/\/www.svalbard.fr\/actualites\/une-explosion-secoue-lambassade-americaine-a-oslo-lors-de-la-derniere-attaque-contre-le-consulat-americain\/"]}]},{"@type":"BreadcrumbList","@id":"https:\/\/www.svalbard.fr\/actualites\/une-explosion-secoue-lambassade-americaine-a-oslo-lors-de-la-derniere-attaque-contre-le-consulat-americain\/#breadcrumb","itemListElement":[{"@type":"ListItem","position":1,"name":"Accueil","item":"https:\/\/www.svalbard.fr\/actualites\/"},{"@type":"ListItem","position":2,"name":"Une explosion secoue l&#39;ambassade am\u00e9ricaine \u00e0 Oslo lors de la derni\u00e8re attaque contre le consulat am\u00e9ricain"}]},{"@type":"WebSite","@id":"https:\/\/www.svalbard.fr\/actualites\/#website","url":"https:\/\/www.svalbard.fr\/actualites\/","name":"www.Svalbard.fr","description":"","publisher":{"@id":"https:\/\/www.svalbard.fr\/actualites\/#organization"},"potentialAction":[{"@type":"SearchAction","target":{"@type":"EntryPoint","urlTemplate":"https:\/\/www.svalbard.fr\/actualites\/?s={search_term_string}"},"query-input":"required name=search_term_string"}],"inLanguage":"fr-FR"},{"@type":"Organization","@id":"https:\/\/www.svalbard.fr\/actualites\/#organization","name":"www.Svalbard.fr","url":"https:\/\/www.svalbard.fr\/actualites\/","logo":{"@type":"ImageObject","inLanguage":"fr-FR","@id":"https:\/\/www.svalbard.fr\/actualites\/#\/schema\/logo\/image\/","url":"https:\/\/www.svalbard.fr\/actualites\/wp-content\/uploads\/2023\/09\/head-nom.jpg","contentUrl":"https:\/\/www.svalbard.fr\/actualites\/wp-content\/uploads\/2023\/09\/head-nom.jpg","width":264,"height":35,"caption":"www.Svalbard.fr"},"image":{"@id":"https:\/\/www.svalbard.fr\/actualites\/#\/schema\/logo\/image\/"}},{"@type":"Person","@id":"https:\/\/www.svalbard.fr\/actualites\/#\/schema\/person\/a2f937d5712222366738fae98755c600","name":"Hilmar","image":{"@type":"ImageObject","inLanguage":"fr-FR","@id":"https:\/\/www.svalbard.fr\/actualites\/#\/schema\/person\/image\/","url":"https:\/\/secure.gravatar.com\/avatar\/4daa437093476dbc32da415c112b6512?s=96&d=mm&r=g","contentUrl":"https:\/\/secure.gravatar.com\/avatar\/4daa437093476dbc32da415c112b6512?s=96&d=mm&r=g","caption":"Hilmar"},"description":"Hilmar est un passionn\u00e9 des r\u00e9gions polaires, sp\u00e9cialis\u00e9 dans la r\u00e9daction d'articles sur le Spitzberg et autres destinations arctiques. Il apporte son expertise et sa passion pour l'Arctique au sein de l'\u00e9quipe de r\u00e9daction de Svalbard depuis de nombreuses ann\u00e9es.","sameAs":["https:\/\/www.svalbard.fr\/"]}]}},"_links":{"self":[{"href":"https:\/\/www.svalbard.fr\/actualites\/wp-json\/wp\/v2\/posts\/5324"}],"collection":[{"href":"https:\/\/www.svalbard.fr\/actualites\/wp-json\/wp\/v2\/posts"}],"about":[{"href":"https:\/\/www.svalbard.fr\/actualites\/wp-json\/wp\/v2\/types\/post"}],"author":[{"embeddable":true,"href":"https:\/\/www.svalbard.fr\/actualites\/wp-json\/wp\/v2\/users\/1"}],"replies":[{"embeddable":true,"href":"https:\/\/www.svalbard.fr\/actualites\/wp-json\/wp\/v2\/comments?post=5324"}],"version-history":[{"count":1,"href":"https:\/\/www.svalbard.fr\/actualites\/wp-json\/wp\/v2\/posts\/5324\/revisions"}],"predecessor-version":[{"id":5326,"href":"https:\/\/www.svalbard.fr\/actualites\/wp-json\/wp\/v2\/posts\/5324\/revisions\/5326"}],"wp:featuredmedia":[{"embeddable":true,"href":"https:\/\/www.svalbard.fr\/actualites\/wp-json\/wp\/v2\/media\/5325"}],"wp:attachment":[{"href":"https:\/\/www.svalbard.fr\/actualites\/wp-json\/wp\/v2\/media?parent=5324"}],"wp:term":[{"taxonomy":"category","embeddable":true,"href":"https:\/\/www.svalbard.fr\/actualites\/wp-json\/wp\/v2\/categories?post=5324"},{"taxonomy":"post_tag","embeddable":true,"href":"https:\/\/www.svalbard.fr\/actualites\/wp-json\/wp\/v2\/tags?post=5324"}],"curies":[{"name":"wp","href":"https:\/\/api.w.org\/{rel}","templated":true}]}}