{"id":5330,"date":"2026-03-12T09:56:20","date_gmt":"2026-03-12T08:56:20","guid":{"rendered":"https:\/\/www.svalbard.fr\/actualites\/ce-silo-a-grains-est-desormais-un-musee-dart-de-premier-plan\/"},"modified":"2026-03-12T09:56:20","modified_gmt":"2026-03-12T08:56:20","slug":"ce-silo-a-grains-est-desormais-un-musee-dart-de-premier-plan","status":"publish","type":"post","link":"https:\/\/www.svalbard.fr\/actualites\/ce-silo-a-grains-est-desormais-un-musee-dart-de-premier-plan\/","title":{"rendered":"Ce silo \u00e0 grains est d\u00e9sormais un mus\u00e9e d&#39;art de premier plan"},"content":{"rendered":"<div itemprop=\"text\">\n\t\t\t<span id=\"dpsp-post-content-markup\" data-image-pin-it=\"false\"><\/span><\/p>\n<p class=\"intro\">Kunstsilo, situ\u00e9 sur le front de mer de Kristiansand, est rapidement pass\u00e9 du statut de monument industriel \u00e0 celui d&#39;ic\u00f4ne culturelle. C&#39;est son histoire.<\/p>\n<p>Ces derni\u00e8res ann\u00e9es, la Norv\u00e8ge a jou\u00e9 un r\u00f4le majeur pour attirer l\u2019attention sur la sc\u00e8ne artistique europ\u00e9enne. Le Mus\u00e9e national et MUNCH ont fait la une des journaux internationaux en remodelant le paysage culturel de la capitale.<\/p>\n<figure class=\"wp-block-image size-large\"><img data-lazyloaded=\"1\" data-placeholder-resp=\"768x432\" fetchpriority=\"high\" decoding=\"async\" width=\"768\" height=\"432\" src=\"https:\/\/www.svalbard.fr\/actualites\/wp-content\/uploads\/2026\/03\/Ce-silo-a-grains-est-desormais-un-musee-d39art-de.jpg\" alt=\"Ext\u00e9rieur du Kunstsilo \u00e0 Kristiansand, Norv\u00e8ge. Photo : David Nikel.\" class=\"wp-image-85630\"  data-><noscript><img fetchpriority=\"high\" decoding=\"async\" width=\"768\" height=\"432\" src=\"https:\/\/www.svalbard.fr\/actualites\/wp-content\/uploads\/2026\/03\/Ce-silo-a-grains-est-desormais-un-musee-d39art-de.jpg\" alt=\"Ext\u00e9rieur du Kunstsilo \u00e0 Kristiansand, Norv\u00e8ge. Photo : David Nikel.\" class=\"wp-image-85630\"  ><\/noscript><\/figure>\n<p>Mais au-del\u00e0 d\u2019Oslo, une autre ville se taille tranquillement sa propre place dans le monde de l\u2019art et de l\u2019architecture.<\/p>\n<p>Kristiansand, mieux connue en Norv\u00e8ge pour son zoo, ses plages de sable fin et son archipel estival, fait d\u00e9sormais des vagues pour une raison tr\u00e8s diff\u00e9rente.<\/p>\n<p>Son nouveau monument culturel, Kunstsilo, a transform\u00e9 un silo \u00e0 grains des ann\u00e9es 1930 en un remarquable mus\u00e9e d&#39;art contemporain. J&#39;ai visit\u00e9 pour voir si le battage m\u00e9diatique \u00e9tait justifi\u00e9.<\/p>\n<h2 class=\"wp-block-heading\">Regarder\u00a0: Mon voyage \u00e0 Kunstsilo<\/h2>\n<p>Lors d&#39;un r\u00e9cent voyage \u00e0 Kristiansand, j&#39;ai trouv\u00e9 le temps de visiter Kunstsilo et de r\u00e9aliser cette vid\u00e9o. J&#39;esp\u00e8re que vous appr\u00e9cierez ! Maintenant, continuez \u00e0 lire pour l\u2019histoire compl\u00e8te.<\/p>\n<h2 class=\"wp-block-heading\">Du magasin de c\u00e9r\u00e9ales au monument culturel<\/h2>\n<p>L\u2019histoire de Kunstsilo ne commence pas par l\u2019art, mais par la s\u00e9curit\u00e9 alimentaire.<\/p>\n<p>Comme me l&#39;a expliqu\u00e9 le directeur commercial Eldbj\u00f8rg Dahl lors de notre conversation : \u00ab\u00a0La Norv\u00e8ge avait besoin de silos \u00e0 grains dans les ann\u00e9es 1930 pour assurer \u00e0 sa population suffisamment de nourriture. Quatre ans apr\u00e8s sa construction en 1935, les architectes ont remport\u00e9 un prix d&#39;excellence architecturale dans le domaine du fonctionnalisme\u00a0\u00bb.<\/p>\n<p>Pendant des d\u00e9cennies, la structure en b\u00e9ton a constitu\u00e9 un \u00e9l\u00e9ment fonctionnel du port de Kristiansand. Puis le stockage des c\u00e9r\u00e9ales a cess\u00e9.<\/p>\n<p>En 2015, Nicolai Tangen, natif de Kristiansand et financier, a fait don \u00e0 la ville d&#39;environ 1 500 \u0153uvres d&#39;art moderniste nordique. L\u2019id\u00e9e est n\u00e9e de transformer le silo d\u00e9saffect\u00e9 en un nouveau foyer pour la collection.<\/p>\n<figure class=\"wp-block-image size-full\"><img loading=\"lazy\" data-lazyloaded=\"1\" data-placeholder-resp=\"840x1120\" decoding=\"async\" width=\"840\" height=\"1120\" src=\"https:\/\/www.svalbard.fr\/actualites\/wp-content\/uploads\/2026\/03\/1773305779_321_Ce-silo-a-grains-est-desormais-un-musee-d39art-de.jpg\" alt=\"Cage d&#39;escalier \u00e0 l&#39;int\u00e9rieur du Kunstsilo \u00e0 Kristiansand. Photo : David Nikel.\" class=\"wp-image-85634\"  data-><noscript><img loading=\"lazy\" decoding=\"async\" width=\"840\" height=\"1120\" src=\"https:\/\/www.svalbard.fr\/actualites\/wp-content\/uploads\/2026\/03\/1773305779_321_Ce-silo-a-grains-est-desormais-un-musee-d39art-de.jpg\" alt=\"Cage d&#39;escalier \u00e0 l&#39;int\u00e9rieur du Kunstsilo \u00e0 Kristiansand. Photo : David Nikel.\" class=\"wp-image-85634\"  ><\/noscript><\/figure>\n<p>Ce qui a suivi n\u2019\u00e9tait pas une cure de jouvence cosm\u00e9tique. Chaque tour de silo a d\u00fb \u00eatre renforc\u00e9e par une nouvelle couche ext\u00e9rieure de b\u00e9ton. Les ing\u00e9nieurs ont install\u00e9 des poutres pr\u00e9contraintes de deux m\u00e8tres de long avant de retirer 3 500 tonnes de b\u00e9ton arm\u00e9 pour sculpter ce qui est aujourd&#39;hui le spectaculaire Silo Hall.<\/p>\n<p>Deux nouveaux b\u00e2timents \u00e9l\u00e9gants ont \u00e9t\u00e9 construits de chaque c\u00f4t\u00e9 de la structure d&#39;origine, abritant des galeries et des installations modernes tout en pr\u00e9servant le c\u0153ur industriel du monument.<\/p>\n<h2 class=\"wp-block-heading\">Le facteur Wow \u00e0 l&#39;int\u00e9rieur<\/h2>\n<p>\u00ab\u00a0Lorsque vous entrez dans Kunstsilo, il y a un effet &#39;wow&#39;, que vous soyez int\u00e9ress\u00e9 par l&#39;art ou l&#39;architecture\u00a0\u00bb, a d\u00e9clar\u00e9 Dahl. Elle a raison.<\/p>\n<p>Depuis ma base au Radisson Blu Caledonien, il s&#39;agissait d&#39;une simple promenade de dix minutes le long du front de mer via Fiskebrygga. Kunstsilo se trouve \u00e0 c\u00f4t\u00e9 du tout aussi remarquable Kilden Performing Arts Centre, et ensemble, les deux b\u00e2timents ont remodel\u00e9 cette partie de la ville.<\/p>\n<figure class=\"wp-block-image size-full\"><img loading=\"lazy\" data-lazyloaded=\"1\" data-placeholder-resp=\"900x1600\" decoding=\"async\" width=\"900\" height=\"1600\" src=\"https:\/\/www.svalbard.fr\/actualites\/wp-content\/uploads\/2026\/03\/1773305779_482_Ce-silo-a-grains-est-desormais-un-musee-d39art-de.jpg\" alt=\"Hall du Silo Hall \u00e0 l\u2019int\u00e9rieur de Kunstsilo. Photo : David Nikel.\" class=\"wp-image-85631\"  data-><noscript><img loading=\"lazy\" decoding=\"async\" width=\"900\" height=\"1600\" src=\"https:\/\/www.svalbard.fr\/actualites\/wp-content\/uploads\/2026\/03\/1773305779_482_Ce-silo-a-grains-est-desormais-un-musee-d39art-de.jpg\" alt=\"Hall du Silo Hall \u00e0 l\u2019int\u00e9rieur de Kunstsilo. Photo : David Nikel.\" class=\"wp-image-85631\"  ><\/noscript><\/figure>\n<p>Entrez et vous levez instinctivement les yeux. Le Silo Hall est vaste, semblable \u00e0 une cath\u00e9drale, ses courbes en b\u00e9ton brut adoucies par la lumi\u00e8re tombant d&#39;en haut.<\/p>\n<p>J&#39;ai d&#39;abord pris l&#39;ascenseur jusqu&#39;au dernier \u00e9tage pour en appr\u00e9cier l&#39;ampleur avant de descendre par la belle cage d&#39;escalier l\u00e9g\u00e8rement vertigineuse qui traverse le b\u00e2timent.<\/p>\n<p>Une installation vid\u00e9o interactive a attir\u00e9 mon attention. Un \u00e9cran g\u00e9ant affichant des images changeantes \u00e9tait contr\u00f4l\u00e9 par un battement de c\u0153ur humain. Cela fait partie d&#39;un effort plus large visant \u00e0 rendre Kunstsilo accessible et engageant, et pas seulement contemplatif. Il y a des activit\u00e9s r\u00e9guli\u00e8res pour les enfants et de nombreux \u00e9l\u00e9ments interactifs int\u00e9gr\u00e9s aux expositions.<\/p>\n<h2 class=\"wp-block-heading\">La collection Tangen et le modernisme nordique<\/h2>\n<p>Malgr\u00e9 le drame architectural, c&#39;est la donation de Tangen qui d\u00e9finit v\u00e9ritablement l&#39;identit\u00e9 du mus\u00e9e.<\/p>\n<figure class=\"wp-block-image size-large\"><img loading=\"lazy\" data-lazyloaded=\"1\" data-placeholder-resp=\"768x432\" decoding=\"async\" width=\"768\" height=\"432\" src=\"https:\/\/www.svalbard.fr\/actualites\/wp-content\/uploads\/2026\/03\/1773305779_471_Ce-silo-a-grains-est-desormais-un-musee-d39art-de.jpg\" alt=\"Salle d&#39;exposition \u00e0 Kunstsilo. Photo : David Nikel.\" class=\"wp-image-85633\"  data-><noscript><img loading=\"lazy\" decoding=\"async\" width=\"768\" height=\"432\" src=\"https:\/\/www.svalbard.fr\/actualites\/wp-content\/uploads\/2026\/03\/1773305779_471_Ce-silo-a-grains-est-desormais-un-musee-d39art-de.jpg\" alt=\"Salle d&#39;exposition \u00e0 Kunstsilo. Photo : David Nikel.\" class=\"wp-image-85633\"  ><\/noscript><\/figure>\n<p>Tangen, aujourd&#39;hui PDG de Norges Bank Investment Management, a sembl\u00e9 v\u00e9ritablement \u00e9mu lors de l&#39;ouverture officielle. \u00ab\u00a0Lorsque nous avons fait don de cette collection, je ne pensais pas qu&#39;elle pouvait \u00eatre aussi merveilleuse. Elle a d\u00e9pass\u00e9 toutes les attentes\u00a0\u00bb, a-t-il d\u00e9clar\u00e9 en 2025.<\/p>\n<p>La collection plonge les visiteurs dans le modernisme nordique. Vous retrouverez la narration vibrante de Reidar Aulie aux c\u00f4t\u00e9s des abstractions audacieuses d&#39;Anna-Eva Bergman. Les \u0153uvres retracent la mani\u00e8re dont les artistes de la r\u00e9gion nordique ont r\u00e9agi \u00e0 la guerre, \u00e0 l&#39;industrialisation, \u00e0 la politique et \u00e0 l&#39;identit\u00e9 au XXe si\u00e8cle.<\/p>\n<p>L\u2019une des pi\u00e8ces dont on parle le plus est Gjerdel\u00f8a de Marianne Heske. L&#39;\u0153uvre, \u00e0 l&#39;origine une grange \u00e0 foin de Tafjord, a \u00e9t\u00e9 acclam\u00e9e \u00e0 Paris, mais a re\u00e7u un accueil plus sceptique en Norv\u00e8ge.<\/p>\n<figure class=\"wp-block-image size-full\"><img loading=\"lazy\" data-lazyloaded=\"1\" data-placeholder-resp=\"880x1564\" decoding=\"async\" width=\"880\" height=\"1564\" src=\"https:\/\/www.svalbard.fr\/actualites\/wp-content\/uploads\/2026\/03\/1773305779_774_Ce-silo-a-grains-est-desormais-un-musee-d39art-de.jpg\" alt=\"Gjerdel\u00f8a de Marianne Heske, expos\u00e9e \u00e0 Kunstsilo. Photo : David Nikel.\" class=\"wp-image-85635\"  data-><noscript><img loading=\"lazy\" decoding=\"async\" width=\"880\" height=\"1564\" src=\"https:\/\/www.svalbard.fr\/actualites\/wp-content\/uploads\/2026\/03\/1773305779_774_Ce-silo-a-grains-est-desormais-un-musee-d39art-de.jpg\" alt=\"Gjerdel\u00f8a de Marianne Heske, expos\u00e9e \u00e0 Kunstsilo. Photo : David Nikel.\" class=\"wp-image-85635\"  ><\/noscript><\/figure>\n<p>Aujourd&#39;hui, il se dresse fi\u00e8rement au Kunstsilo, accompagn\u00e9 d&#39;une version en r\u00e9sine synth\u00e9tique, suscitant de nouvelles conversations sur le lieu, l&#39;authenticit\u00e9 et la valeur artistique.<\/p>\n<h2 class=\"wp-block-heading\">Au-del\u00e0 de la collection permanente<\/h2>\n<p>Kunstsilo n&#39;est pas simplement une maison statique pour un seul don. Les expositions temporaires jouent un r\u00f4le central. Ceux-ci ont d\u00e9sormais chang\u00e9 depuis ma visite, mais ils devraient vous donner une id\u00e9e g\u00e9n\u00e9rale du genre de choses auxquelles vous pouvez tout de m\u00eame vous attendre.<\/p>\n<p>L&#39;un des moments forts a \u00e9t\u00e9 Playing with Fire, qui marque les d\u00e9buts norv\u00e9giens de l&#39;artiste britannique Edmund de Waal.<\/p>\n<p>Agissant \u00e0 la fois en tant que conservateur et artiste collaborateur, de Waal a pr\u00e9sent\u00e9 son travail aux c\u00f4t\u00e9s de celui du c\u00e9ramiste danois Axel Salto, en s&#39;appuyant sur la collection Tangen et la collection Royal Copenhagen de CLAY pour r\u00e9fl\u00e9chir sur l&#39;h\u00e9ritage de Salto.<\/p>\n<p>Au deuxi\u00e8me \u00e9tage, S-Lab propose des exp\u00e9riences num\u00e9riques immersives. Pour l&#39;ouverture, les visiteurs ont \u00e9t\u00e9 plac\u00e9s \u00e0 l&#39;int\u00e9rieur du tableau Tivoli (F\u00eate foraine) d&#39;Aulie de 1935 gr\u00e2ce \u00e0 une production num\u00e9rique.<\/p>\n<figure class=\"wp-block-image size-large\"><img loading=\"lazy\" data-lazyloaded=\"1\" data-placeholder-resp=\"768x432\" decoding=\"async\" width=\"768\" height=\"432\" src=\"https:\/\/www.svalbard.fr\/actualites\/wp-content\/uploads\/2026\/03\/1773305780_9_Ce-silo-a-grains-est-desormais-un-musee-d39art-de.jpg\" alt=\"L&#39;exposition interactive S-Lab \u00e0 Kunstsilo. Photo : David Nikel.\" class=\"wp-image-85636\"  data-><noscript><img loading=\"lazy\" decoding=\"async\" width=\"768\" height=\"432\" src=\"https:\/\/www.svalbard.fr\/actualites\/wp-content\/uploads\/2026\/03\/1773305780_9_Ce-silo-a-grains-est-desormais-un-musee-d39art-de.jpg\" alt=\"L&#39;exposition interactive S-Lab \u00e0 Kunstsilo. Photo : David Nikel.\" class=\"wp-image-85636\"  ><\/noscript><\/figure>\n<p>Plus r\u00e9cemment, Ocean Deep a explor\u00e9 des \u00e9cosyst\u00e8mes marins fragiles, m\u00ealant art et technologie d&#39;une mani\u00e8re qui semble particuli\u00e8rement pertinente pour une ville c\u00f4ti\u00e8re comme Kristiansand.<\/p>\n<h2 class=\"wp-block-heading\">Un quartier culturel rena\u00eet<\/h2>\n<p>L&#39;impact du Kunstsilo d\u00e9passe ses murs.<\/p>\n<p>\u00ab\u00a0Kunstsilo n&#39;est ouvert que depuis quelques mois, mais nous avons d\u00e9j\u00e0 accueilli pr\u00e8s de 200 000 visiteurs dans l&#39;espace d&#39;exposition. Nous avons \u00e9t\u00e9 \u00e9poustoufl\u00e9s par toute l&#39;attention internationale\u00a0\u00bb, m&#39;a dit Dahl lors de ma visite. Le mus\u00e9e est depuis rest\u00e9 sur la bonne voie pour accueillir pr\u00e8s d&#39;un quart de million de visiteurs au cours de sa premi\u00e8re ann\u00e9e.<\/p>\n<p>Pour une ville de la taille de Kristiansand, c&#39;est significatif. Le mus\u00e9e se trouve \u00e0 c\u00f4t\u00e9 de la fa\u00e7ade ondul\u00e9e en ch\u00eane de Kilden et forme ensemble le c\u0153ur d&#39;un quartier culturel revitalis\u00e9.<\/p>\n<p>Une promenade au bord de l&#39;eau relie la r\u00e9gion \u00e0 Fiskebrygga, autrefois le centre de l&#39;industrie de la p\u00eache et aujourd&#39;hui un centre anim\u00e9 de restaurants de fruits de mer et d&#39;\u00e9v\u00e9nements estivaux.<\/p>\n<figure class=\"wp-block-image size-large\"><img loading=\"lazy\" data-lazyloaded=\"1\" data-placeholder-resp=\"768x461\" decoding=\"async\" width=\"768\" height=\"461\" src=\"https:\/\/www.svalbard.fr\/actualites\/wp-content\/uploads\/2026\/03\/1773305780_650_Ce-silo-a-grains-est-desormais-un-musee-d39art-de.jpg\" alt=\"Ext\u00e9rieur du Kunstsilo vu de l&#39;autre c\u00f4t\u00e9 de l&#39;eau. Photo : David Nikel.\" class=\"wp-image-85632\"  data-><noscript><img loading=\"lazy\" decoding=\"async\" width=\"768\" height=\"461\" src=\"https:\/\/www.svalbard.fr\/actualites\/wp-content\/uploads\/2026\/03\/1773305780_650_Ce-silo-a-grains-est-desormais-un-musee-d39art-de.jpg\" alt=\"Ext\u00e9rieur du Kunstsilo vu de l&#39;autre c\u00f4t\u00e9 de l&#39;eau. Photo : David Nikel.\" class=\"wp-image-85632\"  ><\/noscript><\/figure>\n<p>Ensuite, il y a la nourriture \u00e0 l&#39;int\u00e9rieur m\u00eame du Kunstsilo. La brasserie du rez-de-chauss\u00e9e sert toute la journ\u00e9e un menu ax\u00e9 sur les ingr\u00e9dients locaux. Je peux personnellement recommander la soupe de poisson<\/p>\n<p>  Il y a aussi un bar au dernier \u00e9tage avec vue panoramique sur le port. Lors de ma visite, la m\u00e9t\u00e9o n\u2019\u00e9tait pas de mon c\u00f4t\u00e9, mais m\u00eame sous un ciel gris, le cadre me paraissait sp\u00e9cial.<\/p>\n<h2 class=\"wp-block-heading\">Pourquoi Kunstsilo est diff\u00e9rent<\/h2>\n<p>Il serait facile de consid\u00e9rer Kunstsilo comme un simple mus\u00e9e ouvert dans un pays qui a massivement investi dans la culture ces derni\u00e8res ann\u00e9es.<\/p>\n<p>Mais c\u2019est plus que \u00e7a.<\/p>\n<p>Il s\u2019agit d\u2019une d\u00e9claration sur la r\u00e9utilisation adaptative, sur l\u2019identit\u00e9 r\u00e9gionale et sur la volont\u00e9 de faire rayonner l\u2019art de classe mondiale au-del\u00e0 de la capitale. Kristiansand n&#39;est plus seulement une ville de vacances d&#39;\u00e9t\u00e9 pour les Norv\u00e9giens. Elle appara\u00eet comme une destination culturelle s\u00e9rieuse \u00e0 part enti\u00e8re.<\/p>\n<p>Pour les visiteurs planifiant un voyage le long de la c\u00f4te sud de la Norv\u00e8ge, Kunstsilo est une raison suffisante pour s&#39;arr\u00eater. M\u00eame si vous arrivez curieux de l&#39;architecture plut\u00f4t que de l&#39;art, il y a de fortes chances que vous repartiez en pensant aux deux.<\/p>\n<\/p><\/div>\n","protected":false},"excerpt":{"rendered":"<p>Kunstsilo, situ\u00e9 sur le front de mer de Kristiansand, est rapidement pass\u00e9 du statut de monument industriel \u00e0 celui d&#39;ic\u00f4ne culturelle. C&#39;est son histoire. Ces<\/p>\n","protected":false},"author":1,"featured_media":5331,"comment_status":"","ping_status":"","sticky":false,"template":"","format":"standard","meta":{"footnotes":""},"categories":[2277],"tags":[5825,1442,154,5823,1340,1163,831,5821],"yoast_head":"<!-- This site is optimized with the Yoast SEO plugin v21.0 - https:\/\/yoast.com\/wordpress\/plugins\/seo\/ -->\n<title>Ce silo \u00e0 grains est d\u00e9sormais un mus\u00e9e d&#039;art de premier plan<\/title>\n<meta name=\"robots\" content=\"index, follow, max-snippet:-1, max-image-preview:large, max-video-preview:-1\" \/>\n<link rel=\"canonical\" href=\"https:\/\/www.svalbard.fr\/actualites\/ce-silo-a-grains-est-desormais-un-musee-dart-de-premier-plan\/\" \/>\n<meta property=\"og:locale\" content=\"fr_FR\" \/>\n<meta property=\"og:type\" content=\"article\" \/>\n<meta property=\"og:title\" content=\"Ce silo \u00e0 grains est d\u00e9sormais un mus\u00e9e d&#039;art de premier plan\" \/>\n<meta property=\"og:description\" content=\"Kunstsilo, situ\u00e9 sur le front de mer de Kristiansand, est rapidement pass\u00e9 du statut de monument industriel \u00e0 celui d&#039;ic\u00f4ne culturelle. C&#039;est son histoire. Ces\" \/>\n<meta property=\"og:url\" content=\"https:\/\/www.svalbard.fr\/actualites\/ce-silo-a-grains-est-desormais-un-musee-dart-de-premier-plan\/\" \/>\n<meta property=\"og:site_name\" content=\"www.Svalbard.fr\" \/>\n<meta property=\"article:published_time\" content=\"2026-03-12T08:56:20+00:00\" \/>\n<meta property=\"og:image\" content=\"https:\/\/www.svalbard.fr\/actualites\/wp-content\/uploads\/2026\/03\/Ce-silo-a-grains-est-desormais-un-musee-d39art-de.jpg\" \/>\n<meta name=\"author\" content=\"Hilmar\" \/>\n<meta name=\"twitter:card\" content=\"summary_large_image\" \/>\n<meta name=\"twitter:label1\" content=\"\u00c9crit par\" \/>\n\t<meta name=\"twitter:data1\" content=\"Hilmar\" \/>\n\t<meta name=\"twitter:label2\" content=\"Dur\u00e9e de lecture estim\u00e9e\" \/>\n\t<meta name=\"twitter:data2\" content=\"7 minutes\" \/>\n<script type=\"application\/ld+json\" class=\"yoast-schema-graph\">{\"@context\":\"https:\/\/schema.org\",\"@graph\":[{\"@type\":\"Article\",\"@id\":\"https:\/\/www.svalbard.fr\/actualites\/ce-silo-a-grains-est-desormais-un-musee-dart-de-premier-plan\/#article\",\"isPartOf\":{\"@id\":\"https:\/\/www.svalbard.fr\/actualites\/ce-silo-a-grains-est-desormais-un-musee-dart-de-premier-plan\/\"},\"author\":{\"name\":\"Hilmar\",\"@id\":\"https:\/\/www.svalbard.fr\/actualites\/#\/schema\/person\/a2f937d5712222366738fae98755c600\"},\"headline\":\"Ce silo \u00e0 grains est d\u00e9sormais un mus\u00e9e d&#39;art de premier plan\",\"datePublished\":\"2026-03-12T08:56:20+00:00\",\"dateModified\":\"2026-03-12T08:56:20+00:00\",\"mainEntityOfPage\":{\"@id\":\"https:\/\/www.svalbard.fr\/actualites\/ce-silo-a-grains-est-desormais-un-musee-dart-de-premier-plan\/\"},\"wordCount\":1488,\"publisher\":{\"@id\":\"https:\/\/www.svalbard.fr\/actualites\/#organization\"},\"keywords\":[\"d39art\",\"d\u00e9sormais\",\"est\",\"grains\",\"Mus\u00e9e\",\"plan\",\"Premier\",\"silo\"],\"inLanguage\":\"fr-FR\"},{\"@type\":\"WebPage\",\"@id\":\"https:\/\/www.svalbard.fr\/actualites\/ce-silo-a-grains-est-desormais-un-musee-dart-de-premier-plan\/\",\"url\":\"https:\/\/www.svalbard.fr\/actualites\/ce-silo-a-grains-est-desormais-un-musee-dart-de-premier-plan\/\",\"name\":\"Ce silo \u00e0 grains est d\u00e9sormais un mus\u00e9e d&#39;art de premier plan\",\"isPartOf\":{\"@id\":\"https:\/\/www.svalbard.fr\/actualites\/#website\"},\"datePublished\":\"2026-03-12T08:56:20+00:00\",\"dateModified\":\"2026-03-12T08:56:20+00:00\",\"breadcrumb\":{\"@id\":\"https:\/\/www.svalbard.fr\/actualites\/ce-silo-a-grains-est-desormais-un-musee-dart-de-premier-plan\/#breadcrumb\"},\"inLanguage\":\"fr-FR\",\"potentialAction\":[{\"@type\":\"ReadAction\",\"target\":[\"https:\/\/www.svalbard.fr\/actualites\/ce-silo-a-grains-est-desormais-un-musee-dart-de-premier-plan\/\"]}]},{\"@type\":\"BreadcrumbList\",\"@id\":\"https:\/\/www.svalbard.fr\/actualites\/ce-silo-a-grains-est-desormais-un-musee-dart-de-premier-plan\/#breadcrumb\",\"itemListElement\":[{\"@type\":\"ListItem\",\"position\":1,\"name\":\"Accueil\",\"item\":\"https:\/\/www.svalbard.fr\/actualites\/\"},{\"@type\":\"ListItem\",\"position\":2,\"name\":\"Ce silo \u00e0 grains est d\u00e9sormais un mus\u00e9e d&#39;art de premier plan\"}]},{\"@type\":\"WebSite\",\"@id\":\"https:\/\/www.svalbard.fr\/actualites\/#website\",\"url\":\"https:\/\/www.svalbard.fr\/actualites\/\",\"name\":\"www.Svalbard.fr\",\"description\":\"\",\"publisher\":{\"@id\":\"https:\/\/www.svalbard.fr\/actualites\/#organization\"},\"potentialAction\":[{\"@type\":\"SearchAction\",\"target\":{\"@type\":\"EntryPoint\",\"urlTemplate\":\"https:\/\/www.svalbard.fr\/actualites\/?s={search_term_string}\"},\"query-input\":\"required name=search_term_string\"}],\"inLanguage\":\"fr-FR\"},{\"@type\":\"Organization\",\"@id\":\"https:\/\/www.svalbard.fr\/actualites\/#organization\",\"name\":\"www.Svalbard.fr\",\"url\":\"https:\/\/www.svalbard.fr\/actualites\/\",\"logo\":{\"@type\":\"ImageObject\",\"inLanguage\":\"fr-FR\",\"@id\":\"https:\/\/www.svalbard.fr\/actualites\/#\/schema\/logo\/image\/\",\"url\":\"https:\/\/www.svalbard.fr\/actualites\/wp-content\/uploads\/2023\/09\/head-nom.jpg\",\"contentUrl\":\"https:\/\/www.svalbard.fr\/actualites\/wp-content\/uploads\/2023\/09\/head-nom.jpg\",\"width\":264,\"height\":35,\"caption\":\"www.Svalbard.fr\"},\"image\":{\"@id\":\"https:\/\/www.svalbard.fr\/actualites\/#\/schema\/logo\/image\/\"}},{\"@type\":\"Person\",\"@id\":\"https:\/\/www.svalbard.fr\/actualites\/#\/schema\/person\/a2f937d5712222366738fae98755c600\",\"name\":\"Hilmar\",\"image\":{\"@type\":\"ImageObject\",\"inLanguage\":\"fr-FR\",\"@id\":\"https:\/\/www.svalbard.fr\/actualites\/#\/schema\/person\/image\/\",\"url\":\"https:\/\/secure.gravatar.com\/avatar\/4daa437093476dbc32da415c112b6512?s=96&d=mm&r=g\",\"contentUrl\":\"https:\/\/secure.gravatar.com\/avatar\/4daa437093476dbc32da415c112b6512?s=96&d=mm&r=g\",\"caption\":\"Hilmar\"},\"description\":\"Hilmar est un passionn\u00e9 des r\u00e9gions polaires, sp\u00e9cialis\u00e9 dans la r\u00e9daction d'articles sur le Spitzberg et autres destinations arctiques. Il apporte son expertise et sa passion pour l'Arctique au sein de l'\u00e9quipe de r\u00e9daction de Svalbard depuis de nombreuses ann\u00e9es.\",\"sameAs\":[\"https:\/\/www.svalbard.fr\/\"]}]}<\/script>\n<!-- \/ Yoast SEO plugin. -->","yoast_head_json":{"title":"Ce silo \u00e0 grains est d\u00e9sormais un mus\u00e9e d&#39;art de premier plan","robots":{"index":"index","follow":"follow","max-snippet":"max-snippet:-1","max-image-preview":"max-image-preview:large","max-video-preview":"max-video-preview:-1"},"canonical":"https:\/\/www.svalbard.fr\/actualites\/ce-silo-a-grains-est-desormais-un-musee-dart-de-premier-plan\/","og_locale":"fr_FR","og_type":"article","og_title":"Ce silo \u00e0 grains est d\u00e9sormais un mus\u00e9e d&#39;art de premier plan","og_description":"Kunstsilo, situ\u00e9 sur le front de mer de Kristiansand, est rapidement pass\u00e9 du statut de monument industriel \u00e0 celui d&#39;ic\u00f4ne culturelle. C&#39;est son histoire. Ces","og_url":"https:\/\/www.svalbard.fr\/actualites\/ce-silo-a-grains-est-desormais-un-musee-dart-de-premier-plan\/","og_site_name":"www.Svalbard.fr","article_published_time":"2026-03-12T08:56:20+00:00","og_image":[{"url":"https:\/\/www.svalbard.fr\/actualites\/wp-content\/uploads\/2026\/03\/Ce-silo-a-grains-est-desormais-un-musee-d39art-de.jpg"}],"author":"Hilmar","twitter_card":"summary_large_image","twitter_misc":{"\u00c9crit par":"Hilmar","Dur\u00e9e de lecture estim\u00e9e":"7 minutes"},"schema":{"@context":"https:\/\/schema.org","@graph":[{"@type":"Article","@id":"https:\/\/www.svalbard.fr\/actualites\/ce-silo-a-grains-est-desormais-un-musee-dart-de-premier-plan\/#article","isPartOf":{"@id":"https:\/\/www.svalbard.fr\/actualites\/ce-silo-a-grains-est-desormais-un-musee-dart-de-premier-plan\/"},"author":{"name":"Hilmar","@id":"https:\/\/www.svalbard.fr\/actualites\/#\/schema\/person\/a2f937d5712222366738fae98755c600"},"headline":"Ce silo \u00e0 grains est d\u00e9sormais un mus\u00e9e d&#39;art de premier plan","datePublished":"2026-03-12T08:56:20+00:00","dateModified":"2026-03-12T08:56:20+00:00","mainEntityOfPage":{"@id":"https:\/\/www.svalbard.fr\/actualites\/ce-silo-a-grains-est-desormais-un-musee-dart-de-premier-plan\/"},"wordCount":1488,"publisher":{"@id":"https:\/\/www.svalbard.fr\/actualites\/#organization"},"keywords":["d39art","d\u00e9sormais","est","grains","Mus\u00e9e","plan","Premier","silo"],"inLanguage":"fr-FR"},{"@type":"WebPage","@id":"https:\/\/www.svalbard.fr\/actualites\/ce-silo-a-grains-est-desormais-un-musee-dart-de-premier-plan\/","url":"https:\/\/www.svalbard.fr\/actualites\/ce-silo-a-grains-est-desormais-un-musee-dart-de-premier-plan\/","name":"Ce silo \u00e0 grains est d\u00e9sormais un mus\u00e9e d&#39;art de premier plan","isPartOf":{"@id":"https:\/\/www.svalbard.fr\/actualites\/#website"},"datePublished":"2026-03-12T08:56:20+00:00","dateModified":"2026-03-12T08:56:20+00:00","breadcrumb":{"@id":"https:\/\/www.svalbard.fr\/actualites\/ce-silo-a-grains-est-desormais-un-musee-dart-de-premier-plan\/#breadcrumb"},"inLanguage":"fr-FR","potentialAction":[{"@type":"ReadAction","target":["https:\/\/www.svalbard.fr\/actualites\/ce-silo-a-grains-est-desormais-un-musee-dart-de-premier-plan\/"]}]},{"@type":"BreadcrumbList","@id":"https:\/\/www.svalbard.fr\/actualites\/ce-silo-a-grains-est-desormais-un-musee-dart-de-premier-plan\/#breadcrumb","itemListElement":[{"@type":"ListItem","position":1,"name":"Accueil","item":"https:\/\/www.svalbard.fr\/actualites\/"},{"@type":"ListItem","position":2,"name":"Ce silo \u00e0 grains est d\u00e9sormais un mus\u00e9e d&#39;art de premier plan"}]},{"@type":"WebSite","@id":"https:\/\/www.svalbard.fr\/actualites\/#website","url":"https:\/\/www.svalbard.fr\/actualites\/","name":"www.Svalbard.fr","description":"","publisher":{"@id":"https:\/\/www.svalbard.fr\/actualites\/#organization"},"potentialAction":[{"@type":"SearchAction","target":{"@type":"EntryPoint","urlTemplate":"https:\/\/www.svalbard.fr\/actualites\/?s={search_term_string}"},"query-input":"required name=search_term_string"}],"inLanguage":"fr-FR"},{"@type":"Organization","@id":"https:\/\/www.svalbard.fr\/actualites\/#organization","name":"www.Svalbard.fr","url":"https:\/\/www.svalbard.fr\/actualites\/","logo":{"@type":"ImageObject","inLanguage":"fr-FR","@id":"https:\/\/www.svalbard.fr\/actualites\/#\/schema\/logo\/image\/","url":"https:\/\/www.svalbard.fr\/actualites\/wp-content\/uploads\/2023\/09\/head-nom.jpg","contentUrl":"https:\/\/www.svalbard.fr\/actualites\/wp-content\/uploads\/2023\/09\/head-nom.jpg","width":264,"height":35,"caption":"www.Svalbard.fr"},"image":{"@id":"https:\/\/www.svalbard.fr\/actualites\/#\/schema\/logo\/image\/"}},{"@type":"Person","@id":"https:\/\/www.svalbard.fr\/actualites\/#\/schema\/person\/a2f937d5712222366738fae98755c600","name":"Hilmar","image":{"@type":"ImageObject","inLanguage":"fr-FR","@id":"https:\/\/www.svalbard.fr\/actualites\/#\/schema\/person\/image\/","url":"https:\/\/secure.gravatar.com\/avatar\/4daa437093476dbc32da415c112b6512?s=96&d=mm&r=g","contentUrl":"https:\/\/secure.gravatar.com\/avatar\/4daa437093476dbc32da415c112b6512?s=96&d=mm&r=g","caption":"Hilmar"},"description":"Hilmar est un passionn\u00e9 des r\u00e9gions polaires, sp\u00e9cialis\u00e9 dans la r\u00e9daction d'articles sur le Spitzberg et autres destinations arctiques. Il apporte son expertise et sa passion pour l'Arctique au sein de l'\u00e9quipe de r\u00e9daction de Svalbard depuis de nombreuses ann\u00e9es.","sameAs":["https:\/\/www.svalbard.fr\/"]}]}},"_links":{"self":[{"href":"https:\/\/www.svalbard.fr\/actualites\/wp-json\/wp\/v2\/posts\/5330"}],"collection":[{"href":"https:\/\/www.svalbard.fr\/actualites\/wp-json\/wp\/v2\/posts"}],"about":[{"href":"https:\/\/www.svalbard.fr\/actualites\/wp-json\/wp\/v2\/types\/post"}],"author":[{"embeddable":true,"href":"https:\/\/www.svalbard.fr\/actualites\/wp-json\/wp\/v2\/users\/1"}],"replies":[{"embeddable":true,"href":"https:\/\/www.svalbard.fr\/actualites\/wp-json\/wp\/v2\/comments?post=5330"}],"version-history":[{"count":0,"href":"https:\/\/www.svalbard.fr\/actualites\/wp-json\/wp\/v2\/posts\/5330\/revisions"}],"wp:featuredmedia":[{"embeddable":true,"href":"https:\/\/www.svalbard.fr\/actualites\/wp-json\/wp\/v2\/media\/5331"}],"wp:attachment":[{"href":"https:\/\/www.svalbard.fr\/actualites\/wp-json\/wp\/v2\/media?parent=5330"}],"wp:term":[{"taxonomy":"category","embeddable":true,"href":"https:\/\/www.svalbard.fr\/actualites\/wp-json\/wp\/v2\/categories?post=5330"},{"taxonomy":"post_tag","embeddable":true,"href":"https:\/\/www.svalbard.fr\/actualites\/wp-json\/wp\/v2\/tags?post=5330"}],"curies":[{"name":"wp","href":"https:\/\/api.w.org\/{rel}","templated":true}]}}