{"id":5334,"date":"2026-03-16T18:56:13","date_gmt":"2026-03-16T17:56:13","guid":{"rendered":"https:\/\/www.svalbard.fr\/actualites\/havila-presente-une-option-descale-de-plusieurs-jours-aux-lofoten-sur-la-route-cotiere\/"},"modified":"2026-03-16T18:56:13","modified_gmt":"2026-03-16T17:56:13","slug":"havila-presente-une-option-descale-de-plusieurs-jours-aux-lofoten-sur-la-route-cotiere","status":"publish","type":"post","link":"https:\/\/www.svalbard.fr\/actualites\/havila-presente-une-option-descale-de-plusieurs-jours-aux-lofoten-sur-la-route-cotiere\/","title":{"rendered":"Havila pr\u00e9sente une option d&#39;escale de plusieurs jours aux Lofoten sur la route c\u00f4ti\u00e8re"},"content":{"rendered":"<div itemprop=\"text\">\n\t\t\t<span id=\"dpsp-post-content-markup\" data-image-pin-it=\"false\"><\/span><\/p>\n<p class=\"intro\">Un nouveau concept de voyage de Havila Voyages vise \u00e0 r\u00e9soudre l&#39;une des frustrations les plus courantes des voyageurs lors du c\u00e9l\u00e8bre voyage c\u00f4tier norv\u00e9gien : le manque de temps dans certaines des destinations les plus spectaculaires.<\/p>\n<p>La compagnie a annonc\u00e9 \u00ab Lofoten Coastal Stopover \u00bb, une nouvelle fonctionnalit\u00e9 permettant aux passagers de faire une pause de plusieurs jours dans leur voyage dans les \u00eeles Lofoten avant de continuer le long de la c\u00f4te norv\u00e9gienne.<\/p>\n<figure class=\"wp-block-image size-large\"><img data-lazyloaded=\"1\" data-placeholder-resp=\"768x432\" fetchpriority=\"high\" decoding=\"async\" width=\"768\" height=\"432\" src=\"https:\/\/www.svalbard.fr\/actualites\/wp-content\/uploads\/2026\/03\/Havila-presente-une-option-d39escale-de-plusieurs-jours-aux-Lofoten.jpg\" alt=\"Front de mer de Svolv\u00e6r dans les Lofoten. Photo : David Nikel.\" class=\"wp-image-85663\"  data-><noscript><img fetchpriority=\"high\" decoding=\"async\" width=\"768\" height=\"432\" src=\"https:\/\/www.svalbard.fr\/actualites\/wp-content\/uploads\/2026\/03\/Havila-presente-une-option-d39escale-de-plusieurs-jours-aux-Lofoten.jpg\" alt=\"Front de mer de Svolv\u00e6r dans les Lofoten. Photo : David Nikel.\" class=\"wp-image-85663\"  ><\/noscript><\/figure>\n<p>Au lieu de simplement passer par l&#39;horaire de navigation traditionnel, les clients voyageant vers le sud depuis Kirkenes pourront d\u00e9barquer \u00e0 Svolv\u00e6r, s\u00e9journer deux ou trois nuits au Thon Hotel Svolv\u00e6r, puis rejoindre le voyage c\u00f4tier sur le prochain navire Havila, en continuant vers le sud dans la m\u00eame cat\u00e9gorie de cabine.<\/p>\n<p>Les premiers d\u00e9parts utilisant le nouveau concept sont pr\u00e9vus pour <strong>mai 2026<\/strong>avec ouverture des r\u00e9servations la semaine 12 de 2026.<\/p>\n<h2 class=\"wp-block-heading\">Plus de temps dans l&#39;une des r\u00e9gions les plus populaires de Norv\u00e8ge<\/h2>\n<p>Pour de nombreux voyageurs, les Lofoten sont l\u2019un des points forts de la route c\u00f4ti\u00e8re.<\/p>\n<p>Cet archipel spectaculaire est connu pour ses montagnes escarp\u00e9es s&#39;\u00e9levant directement de la mer, ses villages de p\u00eacheurs traditionnels, sa faune arctique et ses ph\u00e9nom\u00e8nes saisonniers tels que le soleil de minuit et les aurores bor\u00e9ales.<\/p>\n<p>Pourtant, selon les horaires traditionnels, les navires font g\u00e9n\u00e9ralement escale dans les ports des Lofoten pour quelques heures seulement. Les navigations vers le sud s&#39;arr\u00eatent g\u00e9n\u00e9ralement bri\u00e8vement \u00e0 Stamsund et \u00e0 Svolv\u00e6r avant de continuer plus loin sur la c\u00f4te.<\/p>\n<p>Ce temps limit\u00e9 est depuis longtemps une critique courante parmi les voyageurs.<\/p>\n<p>Lors de mes propres appels de conseil en voyage avec des lecteurs planifiant des voyages en Norv\u00e8ge, les Lofoten apparaissent souvent comme un endroit que les gens souhaiteraient pouvoir explorer plus en profondeur plut\u00f4t que de simplement y passer.<\/p>\n<p>Les paysages de la r\u00e9gion et les petites communaut\u00e9s de p\u00eacheurs r\u00e9compensent une exploration lente, difficile \u00e0 r\u00e9aliser lors d&#39;une courte escale. Le nouveau concept d\u2019escale semble con\u00e7u pour r\u00e9pondre exactement \u00e0 cette pr\u00e9occupation.<\/p>\n<h2 class=\"wp-block-heading\">Une approche diff\u00e9rente du voyage c\u00f4tier<\/h2>\n<p>Avec le nouvel arrangement, les passagers quitteront temporairement le navire \u00e0 Svolv\u00e6r et passeront plusieurs jours \u00e0 explorer les Lofoten avant de poursuivre leur voyage vers le sud lors de la prochaine travers\u00e9e.<\/p>\n<figure class=\"wp-block-image size-large\"><img loading=\"lazy\" data-lazyloaded=\"1\" data-placeholder-resp=\"768x432\" decoding=\"async\" width=\"768\" height=\"432\" src=\"https:\/\/www.svalbard.fr\/actualites\/wp-content\/uploads\/2026\/03\/1773683773_525_Havila-presente-une-option-d39escale-de-plusieurs-jours-aux-Lofoten.jpg\" alt=\"Thon Hotel Svolv\u00e6r sur le front de mer. Photo de : Thon Hotels.\" class=\"wp-image-85662\"  data-><noscript><img loading=\"lazy\" decoding=\"async\" width=\"768\" height=\"432\" src=\"https:\/\/www.svalbard.fr\/actualites\/wp-content\/uploads\/2026\/03\/1773683773_525_Havila-presente-une-option-d39escale-de-plusieurs-jours-aux-Lofoten.jpg\" alt=\"Thon Hotel Svolv\u00e6r sur le front de mer. Photo de : Thon Hotels.\" class=\"wp-image-85662\"  ><\/noscript><\/figure>\n<p>Des activit\u00e9s telles que des safaris avec des aigles de mer, du kayak, de la randonn\u00e9e et des exp\u00e9riences culinaires locales peuvent \u00eatre r\u00e9serv\u00e9es pendant le s\u00e9jour.<\/p>\n<p>Le concept refl\u00e8te une tendance de voyage plus large parfois d\u00e9crite comme \u00ab l\u2019immersion de destination \u00bb, o\u00f9 les voyageurs pr\u00e9f\u00e8rent moins de lieux mais plus de temps dans chacun.<\/p>\n<p>Selon Bent Martini, PDG de Havila Voyages, la soci\u00e9t\u00e9 estime que les voyageurs recherchent de plus en plus de flexibilit\u00e9 et des exp\u00e9riences plus profondes lorsqu&#39;ils voyagent le long de la c\u00f4te norv\u00e9gienne.<\/p>\n<p>L&#39;escale aux Lofoten est le premier exemple de ce qui, selon Havila, pourrait devenir une initiative plus large, avec des s\u00e9jours terrestres int\u00e9gr\u00e9s similaires potentiellement introduits dans d&#39;autres destinations c\u00f4ti\u00e8res.<\/p>\n<h2 class=\"wp-block-heading\">Un d\u00e9fi familier sur la route c\u00f4ti\u00e8re<\/h2>\n<p>L\u2019id\u00e9e peut trouver un \u00e9cho aupr\u00e8s de nombreux voyageurs ayant d\u00e9j\u00e0 v\u00e9cu le c\u00e9l\u00e8bre voyage c\u00f4tier norv\u00e9gien.<\/p>\n<p>Quand j&#39;ai navigu\u00e9 \u00e0 fond <strong>Itin\u00e9raire Bergen\u2013Kirkenes\u2013Bergen<\/strong> avec Havila pendant l&#39;hiver d\u00e9but 2024, il y avait bien s\u00fbr des contraintes de temps sur certaines destinations. \u00c0 Svolv\u00e6r, par exemple, je n&#39;ai eu que le temps de participer \u00e0 une petite excursion \u00e0 la brasserie locale avant le nouveau d\u00e9part du navire.<\/p>\n<p>Le rythme fait partie de ce qui rend le voyage c\u00f4tier unique. Il fonctionne toujours principalement comme un service de ferry c\u00f4tier en activit\u00e9, s&#39;arr\u00eatant dans des dizaines de ports le long de la c\u00f4te norv\u00e9gienne.<\/p>\n<p>Mais ce calendrier op\u00e9rationnel limite in\u00e9vitablement le temps que les passagers peuvent passer \u00e0 chaque endroit.<\/p>\n<p>En int\u00e9grant un s\u00e9jour plus long directement dans l&#39;itin\u00e9raire, Havila exp\u00e9rimente un moyen de maintenir la continuit\u00e9 du voyage tout en donnant aux voyageurs plus de temps dans des destinations remarquables.<\/p>\n<h2 class=\"wp-block-heading\">Le vrai test sera les d\u00e9tails<\/h2>\n<p>Bien entendu, le succ\u00e8s du concept d\u00e9pendra de la mani\u00e8re dont il fonctionnera dans la pratique. Le prix, la disponibilit\u00e9 des cabines et la logistique de d\u00e9part et de retour du voyage pourraient tous influencer l\u2019attrait de l\u2019escale pour les voyageurs.<\/p>\n<p>Si le processus s&#39;av\u00e8re fluide et \u00e0 un prix comp\u00e9titif, le mod\u00e8le pourrait offrir un compromis convaincant entre un itin\u00e9raire de croisi\u00e8re traditionnel et un voyage terrestre et maritime plus flexible le long du littoral norv\u00e9gien.<\/p>\n<p>Pour les voyageurs d\u00e9sireux d\u2019explorer les Lofoten au-del\u00e0 d\u2019une rapide visite du port, cela peut offrir exactement ce que beaucoup demandent.<\/p>\n<\/p><\/div>\n","protected":false},"excerpt":{"rendered":"<p>Un nouveau concept de voyage de Havila Voyages vise \u00e0 r\u00e9soudre l&#39;une des frustrations les plus courantes des voyageurs lors du c\u00e9l\u00e8bre voyage c\u00f4tier norv\u00e9gien<\/p>\n","protected":false},"author":1,"featured_media":5335,"comment_status":"","ping_status":"","sticky":false,"template":"","format":"standard","meta":{"footnotes":""},"categories":[2277],"tags":[13,2031,5829,1016,42,1028,5827,5831,1828,380,28,18],"yoast_head":"<!-- This site is optimized with the Yoast SEO plugin v21.0 - https:\/\/yoast.com\/wordpress\/plugins\/seo\/ -->\n<title>Havila pr\u00e9sente une option d&#039;escale de plusieurs jours aux Lofoten sur la route c\u00f4ti\u00e8re<\/title>\n<meta name=\"robots\" content=\"index, follow, max-snippet:-1, max-image-preview:large, max-video-preview:-1\" \/>\n<link rel=\"canonical\" href=\"https:\/\/www.svalbard.fr\/actualites\/havila-presente-une-option-descale-de-plusieurs-jours-aux-lofoten-sur-la-route-cotiere\/\" \/>\n<meta property=\"og:locale\" content=\"fr_FR\" \/>\n<meta property=\"og:type\" content=\"article\" \/>\n<meta property=\"og:title\" content=\"Havila pr\u00e9sente une option d&#039;escale de plusieurs jours aux Lofoten sur la route c\u00f4ti\u00e8re\" \/>\n<meta property=\"og:description\" content=\"Un nouveau concept de voyage de Havila Voyages vise \u00e0 r\u00e9soudre l&#039;une des frustrations les plus courantes des voyageurs lors du c\u00e9l\u00e8bre voyage c\u00f4tier norv\u00e9gien\" \/>\n<meta property=\"og:url\" content=\"https:\/\/www.svalbard.fr\/actualites\/havila-presente-une-option-descale-de-plusieurs-jours-aux-lofoten-sur-la-route-cotiere\/\" \/>\n<meta property=\"og:site_name\" content=\"www.Svalbard.fr\" \/>\n<meta property=\"article:published_time\" content=\"2026-03-16T17:56:13+00:00\" \/>\n<meta property=\"og:image\" content=\"https:\/\/www.svalbard.fr\/actualites\/wp-content\/uploads\/2026\/03\/Havila-presente-une-option-d39escale-de-plusieurs-jours-aux-Lofoten.jpg\" \/>\n<meta name=\"author\" content=\"Hilmar\" \/>\n<meta name=\"twitter:card\" content=\"summary_large_image\" \/>\n<meta name=\"twitter:label1\" content=\"\u00c9crit par\" \/>\n\t<meta name=\"twitter:data1\" content=\"Hilmar\" \/>\n\t<meta name=\"twitter:label2\" content=\"Dur\u00e9e de lecture estim\u00e9e\" \/>\n\t<meta name=\"twitter:data2\" content=\"4 minutes\" \/>\n<script type=\"application\/ld+json\" class=\"yoast-schema-graph\">{\"@context\":\"https:\/\/schema.org\",\"@graph\":[{\"@type\":\"Article\",\"@id\":\"https:\/\/www.svalbard.fr\/actualites\/havila-presente-une-option-descale-de-plusieurs-jours-aux-lofoten-sur-la-route-cotiere\/#article\",\"isPartOf\":{\"@id\":\"https:\/\/www.svalbard.fr\/actualites\/havila-presente-une-option-descale-de-plusieurs-jours-aux-lofoten-sur-la-route-cotiere\/\"},\"author\":{\"name\":\"Hilmar\",\"@id\":\"https:\/\/www.svalbard.fr\/actualites\/#\/schema\/person\/a2f937d5712222366738fae98755c600\"},\"headline\":\"Havila pr\u00e9sente une option d&#39;escale de plusieurs jours aux Lofoten sur la route c\u00f4ti\u00e8re\",\"datePublished\":\"2026-03-16T17:56:13+00:00\",\"dateModified\":\"2026-03-16T17:56:13+00:00\",\"mainEntityOfPage\":{\"@id\":\"https:\/\/www.svalbard.fr\/actualites\/havila-presente-une-option-descale-de-plusieurs-jours-aux-lofoten-sur-la-route-cotiere\/\"},\"wordCount\":883,\"publisher\":{\"@id\":\"https:\/\/www.svalbard.fr\/actualites\/#organization\"},\"keywords\":[\"aux\",\"c\u00f4ti\u00e8re\",\"d39escale\",\"Havila\",\"jours\",\"Lofoten\",\"option\",\"plusieurs\",\"pr\u00e9sente\",\"route\",\"sur\",\"Une\"],\"inLanguage\":\"fr-FR\"},{\"@type\":\"WebPage\",\"@id\":\"https:\/\/www.svalbard.fr\/actualites\/havila-presente-une-option-descale-de-plusieurs-jours-aux-lofoten-sur-la-route-cotiere\/\",\"url\":\"https:\/\/www.svalbard.fr\/actualites\/havila-presente-une-option-descale-de-plusieurs-jours-aux-lofoten-sur-la-route-cotiere\/\",\"name\":\"Havila pr\u00e9sente une option d&#39;escale de plusieurs jours aux Lofoten sur la route c\u00f4ti\u00e8re\",\"isPartOf\":{\"@id\":\"https:\/\/www.svalbard.fr\/actualites\/#website\"},\"datePublished\":\"2026-03-16T17:56:13+00:00\",\"dateModified\":\"2026-03-16T17:56:13+00:00\",\"breadcrumb\":{\"@id\":\"https:\/\/www.svalbard.fr\/actualites\/havila-presente-une-option-descale-de-plusieurs-jours-aux-lofoten-sur-la-route-cotiere\/#breadcrumb\"},\"inLanguage\":\"fr-FR\",\"potentialAction\":[{\"@type\":\"ReadAction\",\"target\":[\"https:\/\/www.svalbard.fr\/actualites\/havila-presente-une-option-descale-de-plusieurs-jours-aux-lofoten-sur-la-route-cotiere\/\"]}]},{\"@type\":\"BreadcrumbList\",\"@id\":\"https:\/\/www.svalbard.fr\/actualites\/havila-presente-une-option-descale-de-plusieurs-jours-aux-lofoten-sur-la-route-cotiere\/#breadcrumb\",\"itemListElement\":[{\"@type\":\"ListItem\",\"position\":1,\"name\":\"Accueil\",\"item\":\"https:\/\/www.svalbard.fr\/actualites\/\"},{\"@type\":\"ListItem\",\"position\":2,\"name\":\"Havila pr\u00e9sente une option d&#39;escale de plusieurs jours aux Lofoten sur la route c\u00f4ti\u00e8re\"}]},{\"@type\":\"WebSite\",\"@id\":\"https:\/\/www.svalbard.fr\/actualites\/#website\",\"url\":\"https:\/\/www.svalbard.fr\/actualites\/\",\"name\":\"www.Svalbard.fr\",\"description\":\"\",\"publisher\":{\"@id\":\"https:\/\/www.svalbard.fr\/actualites\/#organization\"},\"potentialAction\":[{\"@type\":\"SearchAction\",\"target\":{\"@type\":\"EntryPoint\",\"urlTemplate\":\"https:\/\/www.svalbard.fr\/actualites\/?s={search_term_string}\"},\"query-input\":\"required name=search_term_string\"}],\"inLanguage\":\"fr-FR\"},{\"@type\":\"Organization\",\"@id\":\"https:\/\/www.svalbard.fr\/actualites\/#organization\",\"name\":\"www.Svalbard.fr\",\"url\":\"https:\/\/www.svalbard.fr\/actualites\/\",\"logo\":{\"@type\":\"ImageObject\",\"inLanguage\":\"fr-FR\",\"@id\":\"https:\/\/www.svalbard.fr\/actualites\/#\/schema\/logo\/image\/\",\"url\":\"https:\/\/www.svalbard.fr\/actualites\/wp-content\/uploads\/2023\/09\/head-nom.jpg\",\"contentUrl\":\"https:\/\/www.svalbard.fr\/actualites\/wp-content\/uploads\/2023\/09\/head-nom.jpg\",\"width\":264,\"height\":35,\"caption\":\"www.Svalbard.fr\"},\"image\":{\"@id\":\"https:\/\/www.svalbard.fr\/actualites\/#\/schema\/logo\/image\/\"}},{\"@type\":\"Person\",\"@id\":\"https:\/\/www.svalbard.fr\/actualites\/#\/schema\/person\/a2f937d5712222366738fae98755c600\",\"name\":\"Hilmar\",\"image\":{\"@type\":\"ImageObject\",\"inLanguage\":\"fr-FR\",\"@id\":\"https:\/\/www.svalbard.fr\/actualites\/#\/schema\/person\/image\/\",\"url\":\"https:\/\/secure.gravatar.com\/avatar\/4daa437093476dbc32da415c112b6512?s=96&d=mm&r=g\",\"contentUrl\":\"https:\/\/secure.gravatar.com\/avatar\/4daa437093476dbc32da415c112b6512?s=96&d=mm&r=g\",\"caption\":\"Hilmar\"},\"description\":\"Hilmar est un passionn\u00e9 des r\u00e9gions polaires, sp\u00e9cialis\u00e9 dans la r\u00e9daction d'articles sur le Spitzberg et autres destinations arctiques. Il apporte son expertise et sa passion pour l'Arctique au sein de l'\u00e9quipe de r\u00e9daction de Svalbard depuis de nombreuses ann\u00e9es.\",\"sameAs\":[\"https:\/\/www.svalbard.fr\/\"]}]}<\/script>\n<!-- \/ Yoast SEO plugin. -->","yoast_head_json":{"title":"Havila pr\u00e9sente une option d&#39;escale de plusieurs jours aux Lofoten sur la route c\u00f4ti\u00e8re","robots":{"index":"index","follow":"follow","max-snippet":"max-snippet:-1","max-image-preview":"max-image-preview:large","max-video-preview":"max-video-preview:-1"},"canonical":"https:\/\/www.svalbard.fr\/actualites\/havila-presente-une-option-descale-de-plusieurs-jours-aux-lofoten-sur-la-route-cotiere\/","og_locale":"fr_FR","og_type":"article","og_title":"Havila pr\u00e9sente une option d&#39;escale de plusieurs jours aux Lofoten sur la route c\u00f4ti\u00e8re","og_description":"Un nouveau concept de voyage de Havila Voyages vise \u00e0 r\u00e9soudre l&#39;une des frustrations les plus courantes des voyageurs lors du c\u00e9l\u00e8bre voyage c\u00f4tier norv\u00e9gien","og_url":"https:\/\/www.svalbard.fr\/actualites\/havila-presente-une-option-descale-de-plusieurs-jours-aux-lofoten-sur-la-route-cotiere\/","og_site_name":"www.Svalbard.fr","article_published_time":"2026-03-16T17:56:13+00:00","og_image":[{"url":"https:\/\/www.svalbard.fr\/actualites\/wp-content\/uploads\/2026\/03\/Havila-presente-une-option-d39escale-de-plusieurs-jours-aux-Lofoten.jpg"}],"author":"Hilmar","twitter_card":"summary_large_image","twitter_misc":{"\u00c9crit par":"Hilmar","Dur\u00e9e de lecture estim\u00e9e":"4 minutes"},"schema":{"@context":"https:\/\/schema.org","@graph":[{"@type":"Article","@id":"https:\/\/www.svalbard.fr\/actualites\/havila-presente-une-option-descale-de-plusieurs-jours-aux-lofoten-sur-la-route-cotiere\/#article","isPartOf":{"@id":"https:\/\/www.svalbard.fr\/actualites\/havila-presente-une-option-descale-de-plusieurs-jours-aux-lofoten-sur-la-route-cotiere\/"},"author":{"name":"Hilmar","@id":"https:\/\/www.svalbard.fr\/actualites\/#\/schema\/person\/a2f937d5712222366738fae98755c600"},"headline":"Havila pr\u00e9sente une option d&#39;escale de plusieurs jours aux Lofoten sur la route c\u00f4ti\u00e8re","datePublished":"2026-03-16T17:56:13+00:00","dateModified":"2026-03-16T17:56:13+00:00","mainEntityOfPage":{"@id":"https:\/\/www.svalbard.fr\/actualites\/havila-presente-une-option-descale-de-plusieurs-jours-aux-lofoten-sur-la-route-cotiere\/"},"wordCount":883,"publisher":{"@id":"https:\/\/www.svalbard.fr\/actualites\/#organization"},"keywords":["aux","c\u00f4ti\u00e8re","d39escale","Havila","jours","Lofoten","option","plusieurs","pr\u00e9sente","route","sur","Une"],"inLanguage":"fr-FR"},{"@type":"WebPage","@id":"https:\/\/www.svalbard.fr\/actualites\/havila-presente-une-option-descale-de-plusieurs-jours-aux-lofoten-sur-la-route-cotiere\/","url":"https:\/\/www.svalbard.fr\/actualites\/havila-presente-une-option-descale-de-plusieurs-jours-aux-lofoten-sur-la-route-cotiere\/","name":"Havila pr\u00e9sente une option d&#39;escale de plusieurs jours aux Lofoten sur la route c\u00f4ti\u00e8re","isPartOf":{"@id":"https:\/\/www.svalbard.fr\/actualites\/#website"},"datePublished":"2026-03-16T17:56:13+00:00","dateModified":"2026-03-16T17:56:13+00:00","breadcrumb":{"@id":"https:\/\/www.svalbard.fr\/actualites\/havila-presente-une-option-descale-de-plusieurs-jours-aux-lofoten-sur-la-route-cotiere\/#breadcrumb"},"inLanguage":"fr-FR","potentialAction":[{"@type":"ReadAction","target":["https:\/\/www.svalbard.fr\/actualites\/havila-presente-une-option-descale-de-plusieurs-jours-aux-lofoten-sur-la-route-cotiere\/"]}]},{"@type":"BreadcrumbList","@id":"https:\/\/www.svalbard.fr\/actualites\/havila-presente-une-option-descale-de-plusieurs-jours-aux-lofoten-sur-la-route-cotiere\/#breadcrumb","itemListElement":[{"@type":"ListItem","position":1,"name":"Accueil","item":"https:\/\/www.svalbard.fr\/actualites\/"},{"@type":"ListItem","position":2,"name":"Havila pr\u00e9sente une option d&#39;escale de plusieurs jours aux Lofoten sur la route c\u00f4ti\u00e8re"}]},{"@type":"WebSite","@id":"https:\/\/www.svalbard.fr\/actualites\/#website","url":"https:\/\/www.svalbard.fr\/actualites\/","name":"www.Svalbard.fr","description":"","publisher":{"@id":"https:\/\/www.svalbard.fr\/actualites\/#organization"},"potentialAction":[{"@type":"SearchAction","target":{"@type":"EntryPoint","urlTemplate":"https:\/\/www.svalbard.fr\/actualites\/?s={search_term_string}"},"query-input":"required name=search_term_string"}],"inLanguage":"fr-FR"},{"@type":"Organization","@id":"https:\/\/www.svalbard.fr\/actualites\/#organization","name":"www.Svalbard.fr","url":"https:\/\/www.svalbard.fr\/actualites\/","logo":{"@type":"ImageObject","inLanguage":"fr-FR","@id":"https:\/\/www.svalbard.fr\/actualites\/#\/schema\/logo\/image\/","url":"https:\/\/www.svalbard.fr\/actualites\/wp-content\/uploads\/2023\/09\/head-nom.jpg","contentUrl":"https:\/\/www.svalbard.fr\/actualites\/wp-content\/uploads\/2023\/09\/head-nom.jpg","width":264,"height":35,"caption":"www.Svalbard.fr"},"image":{"@id":"https:\/\/www.svalbard.fr\/actualites\/#\/schema\/logo\/image\/"}},{"@type":"Person","@id":"https:\/\/www.svalbard.fr\/actualites\/#\/schema\/person\/a2f937d5712222366738fae98755c600","name":"Hilmar","image":{"@type":"ImageObject","inLanguage":"fr-FR","@id":"https:\/\/www.svalbard.fr\/actualites\/#\/schema\/person\/image\/","url":"https:\/\/secure.gravatar.com\/avatar\/4daa437093476dbc32da415c112b6512?s=96&d=mm&r=g","contentUrl":"https:\/\/secure.gravatar.com\/avatar\/4daa437093476dbc32da415c112b6512?s=96&d=mm&r=g","caption":"Hilmar"},"description":"Hilmar est un passionn\u00e9 des r\u00e9gions polaires, sp\u00e9cialis\u00e9 dans la r\u00e9daction d'articles sur le Spitzberg et autres destinations arctiques. Il apporte son expertise et sa passion pour l'Arctique au sein de l'\u00e9quipe de r\u00e9daction de Svalbard depuis de nombreuses ann\u00e9es.","sameAs":["https:\/\/www.svalbard.fr\/"]}]}},"_links":{"self":[{"href":"https:\/\/www.svalbard.fr\/actualites\/wp-json\/wp\/v2\/posts\/5334"}],"collection":[{"href":"https:\/\/www.svalbard.fr\/actualites\/wp-json\/wp\/v2\/posts"}],"about":[{"href":"https:\/\/www.svalbard.fr\/actualites\/wp-json\/wp\/v2\/types\/post"}],"author":[{"embeddable":true,"href":"https:\/\/www.svalbard.fr\/actualites\/wp-json\/wp\/v2\/users\/1"}],"replies":[{"embeddable":true,"href":"https:\/\/www.svalbard.fr\/actualites\/wp-json\/wp\/v2\/comments?post=5334"}],"version-history":[{"count":0,"href":"https:\/\/www.svalbard.fr\/actualites\/wp-json\/wp\/v2\/posts\/5334\/revisions"}],"wp:featuredmedia":[{"embeddable":true,"href":"https:\/\/www.svalbard.fr\/actualites\/wp-json\/wp\/v2\/media\/5335"}],"wp:attachment":[{"href":"https:\/\/www.svalbard.fr\/actualites\/wp-json\/wp\/v2\/media?parent=5334"}],"wp:term":[{"taxonomy":"category","embeddable":true,"href":"https:\/\/www.svalbard.fr\/actualites\/wp-json\/wp\/v2\/categories?post=5334"},{"taxonomy":"post_tag","embeddable":true,"href":"https:\/\/www.svalbard.fr\/actualites\/wp-json\/wp\/v2\/tags?post=5334"}],"curies":[{"name":"wp","href":"https:\/\/api.w.org\/{rel}","templated":true}]}}