{"id":5339,"date":"2026-03-19T10:00:15","date_gmt":"2026-03-19T09:00:15","guid":{"rendered":"https:\/\/www.svalbard.fr\/actualites\/un-voyage-economique-a-gdansk-en-pologne\/"},"modified":"2026-03-19T10:00:15","modified_gmt":"2026-03-19T09:00:15","slug":"un-voyage-economique-a-gdansk-en-pologne","status":"publish","type":"post","link":"https:\/\/www.svalbard.fr\/actualites\/un-voyage-economique-a-gdansk-en-pologne\/","title":{"rendered":"Un voyage \u00e9conomique \u00e0 Gda\u0144sk, en Pologne"},"content":{"rendered":"<div itemprop=\"text\">\n\t\t\t<span id=\"dpsp-post-content-markup\" data-image-pin-it=\"false\"><\/span><\/p>\n<p class=\"intro\">Un voyage spontan\u00e9 de 24 heures de Trondheim \u00e0 Gda\u0144sk n&#39;a co\u00fbt\u00e9 que 1 000 NOK, mais a livr\u00e9 de puissants mus\u00e9es d&#39;histoire et l&#39;une des vieilles villes les plus atmosph\u00e9riques d&#39;Europe dans son manteau d&#39;hiver.<\/p>\n<p>La vieille ville de Gda\u0144sk semble presque th\u00e9\u00e2trale d\u00e8s la premi\u00e8re rencontre. De hautes et \u00e9troites maisons de marchands bordent les rues pav\u00e9es, les clochers des \u00e9glises s&#39;\u00e9l\u00e8vent \u00e0 une hauteur improbable au-dessus des toits et la rivi\u00e8re Mot\u0142awa serpente devant des entrep\u00f4ts et des grues qui font allusion \u00e0 des si\u00e8cles de commerce maritime.<\/p>\n<figure class=\"wp-block-image size-large\"><img data-lazyloaded=\"1\" data-placeholder-resp=\"768x432\" fetchpriority=\"high\" decoding=\"async\" width=\"768\" height=\"432\" src=\"https:\/\/www.svalbard.fr\/actualites\/wp-content\/uploads\/2026\/03\/Un-voyage-economique-a-Gdansk-en-Pologne.jpg\" alt=\"Vieille ville de Gdansk et rivi\u00e8re gel\u00e9e. Photo : David Nikel.\" class=\"wp-image-85342\"  data-><noscript><img fetchpriority=\"high\" decoding=\"async\" width=\"768\" height=\"432\" src=\"https:\/\/www.svalbard.fr\/actualites\/wp-content\/uploads\/2026\/03\/Un-voyage-economique-a-Gdansk-en-Pologne.jpg\" alt=\"Vieille ville de Gdansk et rivi\u00e8re gel\u00e9e. Photo : David Nikel.\" class=\"wp-image-85342\"  ><\/noscript><\/figure>\n<p>En hiver, avec la neige au sol et la glace au bord de l\u2019eau, l\u2019ambiance est encore plus atmosph\u00e9rique. C&#39;\u00e9tait mon introduction \u00e0 Gda\u0144sk, une ville que j&#39;avais \u00e0 peine envisag\u00e9 de visiter jusqu&#39;\u00e0 ce que je tombe par hasard sur un vol remarquablement bon march\u00e9.<\/p>\n<p>Je n&#39;avais que 24 heures. De Trondheim \u00e0 Gda\u0144sk et retour, y compris les vols, les transports et un h\u00f4tel de haute qualit\u00e9 au c\u0153ur de la vieille ville, le co\u00fbt total s&#39;est \u00e9lev\u00e9 \u00e0 environ 1 000 couronnes norv\u00e9giennes.<\/p>\n<p>Cela seul a fait du voyage une petite victoire, mais ce qui m&#39;a le plus surpris, c&#39;est tout ce que j&#39;ai r\u00e9ussi \u00e0 voir et \u00e0 exp\u00e9rimenter en si peu de temps.<\/p>\n<h2 class=\"wp-block-heading\">Une raison personnelle d&#39;y aller<\/h2>\n<p>Mon grand-p\u00e8re \u00e9tait polonais et, m\u00eame si j&#39;ai toujours \u00e9t\u00e9 curieux de conna\u00eetre son pays natal, je n&#39;ai visit\u00e9 la Pologne qu&#39;une seule fois auparavant. Lorsque j&#39;ai rep\u00e9r\u00e9 des vols directs Wizz Air de Trondheim \u00e0 Gda\u0144sk pour environ 360 NOK aller-retour, je n&#39;ai pas h\u00e9sit\u00e9. C&#39;\u00e9tait une r\u00e9servation instantan\u00e9e.<\/p>\n<p>Voler avec une compagnie ultra low-cost implique des compromis. Dans mon cas, j&#39;\u00e9tais limit\u00e9 \u00e0 un petit sac sous le si\u00e8ge, mais pour un voyage d&#39;une nuit, cela n&#39;a pos\u00e9 aucun probl\u00e8me. Le plus gros inconv\u00e9nient \u00e9tait l&#39;horaire des vols.<\/p>\n<p>Un d\u00e9part \u00e0 8h20 de l&#39;a\u00e9roport de Trondheim V\u00e6rnes \u00e9tait g\u00e9rable, mais le vol retour a quitt\u00e9 Gda\u0144sk \u00e0 5h40 le lendemain matin. C&#39;est p\u00e9nible, certes, mais cela me ram\u00e8nerait \u00e0 Trondheim suffisamment t\u00f4t pour \u00eatre \u00e0 mon bureau avant 9 heures du matin.<\/p>\n<p>Le vol aller \u00e9tait \u00e9tonnamment confortable. Je n&#39;avais pas pay\u00e9 pour la s\u00e9lection de si\u00e8ge ou l&#39;embarquement prioritaire, mais je me suis retrouv\u00e9 avec un si\u00e8ge vide \u00e0 c\u00f4t\u00e9 de moi.<\/p>\n<figure class=\"wp-block-image size-large\"><img loading=\"lazy\" data-lazyloaded=\"1\" data-placeholder-resp=\"768x432\" decoding=\"async\" width=\"768\" height=\"432\" src=\"https:\/\/www.svalbard.fr\/actualites\/wp-content\/uploads\/2026\/03\/1773910815_27_Un-voyage-economique-a-Gdansk-en-Pologne.jpg\" alt=\"Front de mer de Gdansk en hiver. Photo : David Nikel.\" class=\"wp-image-85345\"  data-><noscript><img loading=\"lazy\" decoding=\"async\" width=\"768\" height=\"432\" src=\"https:\/\/www.svalbard.fr\/actualites\/wp-content\/uploads\/2026\/03\/1773910815_27_Un-voyage-economique-a-Gdansk-en-Pologne.jpg\" alt=\"Front de mer de Gdansk en hiver. Photo : David Nikel.\" class=\"wp-image-85345\"  ><\/noscript><\/figure>\n<p>Le vol \u00e9tait \u00e0 moiti\u00e9 plein et principalement polonais, ce qui donnait imm\u00e9diatement l&#39;impression d&#39;\u00eatre un itin\u00e9raire destin\u00e9 aux locaux plut\u00f4t qu&#39;aux touristes.<\/p>\n<h2 class=\"wp-block-heading\">Premier arr\u00eat\u00a0: l&#39;histoire polonaise moderne<\/h2>\n<p>Plut\u00f4t que de me diriger directement vers le centre-ville, j&#39;ai pris un Uber depuis l&#39;a\u00e9roport jusqu&#39;au Centre europ\u00e9en de solidarit\u00e9, \u00e0 environ 20 minutes. Avec un temps limit\u00e9, mon plan \u00e9tait de commencer \u00e0 l&#39;ext\u00e9rieur de la vieille ville et d&#39;y entrer \u00e0 pied.<\/p>\n<p>L&#39;histoire de la Pologne au-del\u00e0 de la Seconde Guerre mondiale \u00e9tait pour moi une sorte de point mort, mais en tant que conf\u00e9rencier sur les destinations de navires de croisi\u00e8re travaillant sur les itin\u00e9raires de la Baltique, je savais que c&#39;\u00e9tait un sujet que je devais mieux comprendre.<\/p>\n<p>Le Centre europ\u00e9en de solidarit\u00e9 s&#39;est av\u00e9r\u00e9 \u00eatre l&#39;un des mus\u00e9es d&#39;histoire moderne les plus impressionnants que j&#39;ai visit\u00e9s depuis longtemps.<\/p>\n<p>Le mus\u00e9e raconte l&#39;histoire de <em>Solidarno\u015b\u0107<\/em>le mouvement syndical dirig\u00e9 par les travailleurs qui a \u00e9merg\u00e9 \u00e0 Gda\u0144sk dans les ann\u00e9es 1980 et a jou\u00e9 un r\u00f4le crucial dans l&#39;effondrement du r\u00e9gime communiste en Pologne.<\/p>\n<p>Le b\u00e2timent lui-m\u00eame est saisissant, d&#39;allure industrielle et d\u00e9lib\u00e9r\u00e9ment \u00e9vocateur de l&#39;architecture des chantiers navals. \u00c0 l\u2019int\u00e9rieur, l\u2019exposition est riche et immersive, avec des images d\u2019archives, des documents originaux, des paysages sonores et des images soigneusement choisies.<\/p>\n<figure class=\"wp-block-image size-large\"><img loading=\"lazy\" data-lazyloaded=\"1\" data-placeholder-resp=\"768x432\" decoding=\"async\" width=\"768\" height=\"432\" src=\"https:\/\/www.svalbard.fr\/actualites\/wp-content\/uploads\/2026\/03\/1773910815_60_Un-voyage-economique-a-Gdansk-en-Pologne.jpg\" alt=\"Ext\u00e9rieur du Centre europ\u00e9en de solidarit\u00e9 \u00e0 Gdansk, Pologne. Photo : David Nikel.\" class=\"wp-image-85344\"  data-><noscript><img loading=\"lazy\" decoding=\"async\" width=\"768\" height=\"432\" src=\"https:\/\/www.svalbard.fr\/actualites\/wp-content\/uploads\/2026\/03\/1773910815_60_Un-voyage-economique-a-Gdansk-en-Pologne.jpg\" alt=\"Ext\u00e9rieur du Centre europ\u00e9en de solidarit\u00e9 \u00e0 Gdansk, Pologne. Photo : David Nikel.\" class=\"wp-image-85344\"  ><\/noscript><\/figure>\n<p>Un excellent audioguide est disponible en deux versions : une visite compl\u00e8te de 2,5 heures et une option plus courte d&#39;une heure et demie. J&#39;ai opt\u00e9 pour la version abr\u00e9g\u00e9e, qui donne n\u00e9anmoins une forte impression de l&#39;ampleur, du courage et de l&#39;impact durable du mouvement.<\/p>\n<p>C&#39;est un mus\u00e9e r\u00e9fl\u00e9chi et puissant qui \u00e9vite le triomphalisme tout en vous laissant un sentiment d&#39;espoir.<\/p>\n<h2 class=\"wp-block-heading\">Le poids de la Seconde Guerre mondiale<\/h2>\n<p>\u00c0 environ 20 minutes \u00e0 pied se trouve le mus\u00e9e de la Seconde Guerre mondiale, abrit\u00e9 dans une autre \u0153uvre architecturale audacieuse.<\/p>\n<p>Une grande partie du mus\u00e9e se trouve profond\u00e9ment sous terre et, m\u00eame s&#39;il ne s&#39;agit pas litt\u00e9ralement d&#39;un bunker, la descente dans l&#39;espace d&#39;exposition ajoute au poids \u00e9motionnel de l&#39;exp\u00e9rience.<\/p>\n<p>Ce n\u2019est pas un mus\u00e9e dans lequel on se pr\u00e9cipite. Il jette un regard complet sur la guerre, avec un accent particulier sur la Pologne et l&#39;exp\u00e9rience civile, tout en pla\u00e7ant les \u00e9v\u00e9nements dans un contexte mondial plus large.<\/p>\n<p>L&#39;\u00e9quilibre entre explication factuelle et histoires personnelles est exceptionnellement bien g\u00e9r\u00e9.<\/p>\n<figure class=\"wp-block-image size-large\"><img loading=\"lazy\" data-lazyloaded=\"1\" data-placeholder-resp=\"768x432\" decoding=\"async\" width=\"768\" height=\"432\" src=\"https:\/\/www.svalbard.fr\/actualites\/wp-content\/uploads\/2026\/03\/1773910815_831_Un-voyage-economique-a-Gdansk-en-Pologne.jpg\" alt=\"Exposition au Mus\u00e9e de la Seconde Guerre mondiale \u00e0 Gdansk. Photo : David Nikel.\" class=\"wp-image-85346\"  data-><noscript><img loading=\"lazy\" decoding=\"async\" width=\"768\" height=\"432\" src=\"https:\/\/www.svalbard.fr\/actualites\/wp-content\/uploads\/2026\/03\/1773910815_831_Un-voyage-economique-a-Gdansk-en-Pologne.jpg\" alt=\"Exposition au Mus\u00e9e de la Seconde Guerre mondiale \u00e0 Gdansk. Photo : David Nikel.\" class=\"wp-image-85346\"  ><\/noscript><\/figure>\n<p>Cela semble \u00e9trange de parler de \u00ab points forts \u00bb dans un mus\u00e9e comme celui-ci, mais de nombreuses expositions sont profond\u00e9ment touchantes.<\/p>\n<p>L\u2019ampleur de la souffrance, des d\u00e9placements et de la destruction est mise \u00e0 nu d\u2019une mani\u00e8re parfois inconfortable et bouleversante, mais aussi essentielle. Vous repartez avec une compr\u00e9hension plus claire non seulement de ce qui s\u2019est pass\u00e9, mais aussi de la mani\u00e8re dont cela a profond\u00e9ment fa\u00e7onn\u00e9 l\u2019Europe moderne.<\/p>\n<p>Ensemble, le Centre europ\u00e9en de solidarit\u00e9 et le Mus\u00e9e de la Seconde Guerre mondiale racontent l\u2019histoire d\u2019un immense traumatisme suivi, des d\u00e9cennies plus tard, de r\u00e9silience et de renouveau.<\/p>\n<p>Si c\u2019\u00e9tait \u00e0 refaire, je pourrais inverser l\u2019ordre et visiter d\u2019abord le mus\u00e9e de la guerre, puis terminer sur la note plus pleine d\u2019espoir de Solidarit\u00e9. Mais avec seulement une journ\u00e9e \u00e0 perdre, la logistique l\u2019a emport\u00e9.<\/p>\n<h2 class=\"wp-block-heading\">Entrer dans la vieille ville de Gdansk<\/h2>\n<p>Alors que je poursuivais ma marche vers la vieille ville, la ville se transformait lentement. Les rues sont devenues plus \u00e9troites, les b\u00e2timents plus hauts et l&#39;atmosph\u00e8re plus enferm\u00e9e de la meilleure fa\u00e7on possible.<\/p>\n<p>Puis, presque soudainement, je me suis retrouv\u00e9 entour\u00e9 de ce qui ressemblait \u00e0 une version en bo\u00eete de chocolat d&#39;une ville europ\u00e9enne historique.<\/p>\n<figure class=\"wp-block-image size-large\"><img loading=\"lazy\" data-lazyloaded=\"1\" data-placeholder-resp=\"768x432\" decoding=\"async\" width=\"768\" height=\"432\" src=\"https:\/\/www.svalbard.fr\/actualites\/wp-content\/uploads\/2026\/03\/1773910815_503_Un-voyage-economique-a-Gdansk-en-Pologne.jpg\" alt=\"D\u0142ugi Targ dans le vieux Gda\u0144sk en hiver. Photo : David Nikel.\" class=\"wp-image-85348\"  data-><noscript><img loading=\"lazy\" decoding=\"async\" width=\"768\" height=\"432\" src=\"https:\/\/www.svalbard.fr\/actualites\/wp-content\/uploads\/2026\/03\/1773910815_503_Un-voyage-economique-a-Gdansk-en-Pologne.jpg\" alt=\"D\u0142ugi Targ dans le vieux Gda\u0144sk en hiver. Photo : David Nikel.\" class=\"wp-image-85348\"  ><\/noscript><\/figure>\n<p>La rivi\u00e8re Mot\u0142awa \u00e9tait partiellement gel\u00e9e, ce qui a \u00e9t\u00e9 une surprise et explique parfaitement pourquoi les croisi\u00e8res dans la Baltique sont avant tout une affaire d&#39;\u00e9t\u00e9. La neige recouvrait les places et les toits, ajoutant au sentiment d&#39;\u00eatre dans un endroit l\u00e9g\u00e8rement irr\u00e9el.<\/p>\n<p>Le temps \u00e9tait plus froid que pr\u00e9vu. Lorsque j&#39;ai quitt\u00e9 Trondheim ce matin-l\u00e0, il faisait moins seize degr\u00e9s, pour descendre \u00e0 environ moins treize degr\u00e9s plus tard dans la journ\u00e9e. \u00c0 Gda\u0144sk, il ne faisait que moins deux degr\u00e9s, mais l&#39;air humide rendait presque aussi froid.<\/p>\n<p>Le froid hivernal sec de Trondheim est bien plus indulgent. J&#39;\u00e9tais reconnaissant d&#39;avoir emball\u00e9 mes v\u00eatements les plus chauds.<\/p>\n<h2 class=\"wp-block-heading\">Rester au coeur de la ville<\/h2>\n<p>Je me suis enregistr\u00e9 au Radisson Blu Gda\u0144sk, un h\u00f4tel moderne nich\u00e9 dans la vieille ville.<\/p>\n<p>Ma chambre donnait sur D\u0142ugi Targ, la c\u00e9l\u00e8bre rue principale de la ville, et la vue \u00e0 elle seule justifiait ce choix. Regarder la rue se remplir lentement de monde \u00e0 l&#39;approche du soir \u00e9tait un moment fort en soi.<\/p>\n<p>Sur le plan architectural, cette partie de Gda\u0144sk est fascinante. Le style est souvent d\u00e9crit comme nord-europ\u00e9en ou hans\u00e9atique, refl\u00e9tant la longue histoire de la ville en tant que port commercial majeur au sein de la Ligue hans\u00e9atique.<\/p>\n<figure class=\"wp-block-image size-large\"><img loading=\"lazy\" data-lazyloaded=\"1\" data-placeholder-resp=\"768x432\" decoding=\"async\" width=\"768\" height=\"432\" src=\"https:\/\/www.svalbard.fr\/actualites\/wp-content\/uploads\/2026\/03\/1773910815_718_Un-voyage-economique-a-Gdansk-en-Pologne.jpg\" alt=\"Vue de D\u0142ugi Targ depuis le Radisson Blu Gdansk. Photo : David Nikel.\" class=\"wp-image-85347\"  data-><noscript><img loading=\"lazy\" decoding=\"async\" width=\"768\" height=\"432\" src=\"https:\/\/www.svalbard.fr\/actualites\/wp-content\/uploads\/2026\/03\/1773910815_718_Un-voyage-economique-a-Gdansk-en-Pologne.jpg\" alt=\"Vue de D\u0142ugi Targ depuis le Radisson Blu Gdansk. Photo : David Nikel.\" class=\"wp-image-85347\"  ><\/noscript><\/figure>\n<p>Si certaines parties me rappellent Riga et Tallinn, ce n\u2019est pas une co\u00efncidence. Les trois villes partagent cet h\u00e9ritage de ville marchande, m\u00eame si Gda\u0144sk semble un peu plus grandiose et monumentale par endroits.<\/p>\n<h2 class=\"wp-block-heading\">\u00c9glises, nourriture et lumi\u00e8re du soir<\/h2>\n<p>L&#39;\u00e9glise St Mary domine l&#39;horizon de la vieille ville et entrer \u00e0 l&#39;int\u00e9rieur est vraiment \u00e0 couper le souffle. L&#39;int\u00e9rieur est vaste et \u00e9lanc\u00e9, plus haut que pr\u00e9vu, bien que sa d\u00e9coration soit plus sobre que celle de nombreuses \u00e9glises du sud de l&#39;Europe.<\/p>\n<p>Vous pouvez payer pour monter dans la tour pour admirer la vue sur la ville, mais avec la baisse de temp\u00e9rature et la fatigue qui s&#39;installe, j&#39;ai gard\u00e9 cela pour une future visite estivale.<\/p>\n<p>Trouver un endroit o\u00f9 manger s&#39;est fait sans effort. Gda\u0144sk propose de tout, du pierogi polonais traditionnel \u00e0 la cuisine r\u00e9confortante internationale, et les prix \u00e9taient d&#39;une mani\u00e8re rafra\u00eechissante et raisonnable. Apr\u00e8s le d\u00eener, je suis retourn\u00e9 explorer la ville alors qu&#39;elle s&#39;illuminait.<\/p>\n<p>De l&#39;autre c\u00f4t\u00e9 de la rivi\u00e8re, l&#39;ancien quartier des entrep\u00f4ts a \u00e9t\u00e9 r\u00e9am\u00e9nag\u00e9 en une zone anim\u00e9e de bars et de restaurants. Il \u00e9tait occup\u00e9 m\u00eame par une froide soir\u00e9e d&#39;hiver et offrait certaines des meilleures opportunit\u00e9s de photos du voyage, avec vue sur la vieille ville illumin\u00e9e.<\/p>\n<h2 class=\"wp-block-heading\">Autres choses \u00e0 faire \u00e0 Dantzig<\/h2>\n<p>Avec plus de temps, j\u2019en aurais ajout\u00e9 beaucoup. L&#39;ambre est tr\u00e8s pris\u00e9 \u00e0 Gda\u0144sk, gr\u00e2ce aux riches gisements d&#39;ambre de la mer Baltique, et la ville est connue comme la capitale mondiale de l&#39;artisanat de l&#39;ambre. Il existe m\u00eame un mus\u00e9e de l&#39;ambre qui lui est d\u00e9di\u00e9.<\/p>\n<p>En \u00e9t\u00e9, les excursions en bateau le long de la rivi\u00e8re et vers la c\u00f4te sont populaires, et il existe de nombreux petits mus\u00e9es qui m\u00e9ritent d&#39;\u00eatre explor\u00e9s. Il s\u2019agissait davantage d\u2019un voyage de reconnaissance que d\u2019une visite compl\u00e8te.<\/p>\n<h2 class=\"wp-block-heading\">Retour \u00e0 la r\u00e9alit\u00e9<\/h2>\n<p>L\u2019inconv\u00e9nient d\u2019un voyage \u00e9conomique de 24 heures est l\u2019alarme matinale. Un Uber pr\u00e9-r\u00e9serv\u00e9 est venu me chercher vers 4h15 du matin et m&#39;a emmen\u00e9 \u00e0 l&#39;a\u00e9roport un peu plus d&#39;une heure avant le d\u00e9part. La s\u00e9curit\u00e9 \u00e9tait \u00e9tonnamment occup\u00e9e, donc le tampon suppl\u00e9mentaire \u00e9tait le bienvenu.<\/p>\n<p>L&#39;embarquement a commenc\u00e9 \u00e0 5h05 et nous sommes partis \u00e0 l&#39;heure pour atterrir t\u00f4t \u00e0 Trondheim. J&#39;\u00e9tais de retour \u00e0 mon bureau dans le centre-ville \u00e0 9 heures du matin, travaillant sur des vid\u00e9os avec les yeux tr\u00e8s larmoyants.<\/p>\n<p>C&#39;\u00e9tait ma premi\u00e8re visite \u00e0 Gda\u0144sk et ma premi\u00e8re exp\u00e9rience de vol avec Wizz Air. Je referais les deux avec plaisir. Pour les voyages courts, le rapport qualit\u00e9-prix est difficile \u00e0 battre, m\u00eame en tenant compte des frais de bagages.<\/p>\n<p>Malheureusement, Trondheim \u2013 Gda\u0144sk est la seule liaison Wizz Air depuis mon a\u00e9roport local, mais les voyageurs bas\u00e9s \u00e0 Oslo ou Bergen ont plus d&#39;options.<\/p>\n<p>Je serai de retour \u00e0 Gda\u0144sk deux fois cet \u00e9t\u00e9, accostant \u00e0 Gdynia, \u00e0 proximit\u00e9, tout en donnant des conf\u00e9rences sur les itin\u00e9raires de la mer Baltique. La prochaine fois, j&#39;ai l&#39;intention de ralentir, de gravir le clocher de l&#39;\u00e9glise et de d\u00e9couvrir la ville \u00e0 une saison tr\u00e8s diff\u00e9rente.<\/p>\n<\/p><\/div>\n","protected":false},"excerpt":{"rendered":"<p>Un voyage spontan\u00e9 de 24 heures de Trondheim \u00e0 Gda\u0144sk n&#39;a co\u00fbt\u00e9 que 1 000 NOK, mais a livr\u00e9 de puissants mus\u00e9es d&#39;histoire et l&#39;une<\/p>\n","protected":false},"author":1,"featured_media":5340,"comment_status":"","ping_status":"","sticky":false,"template":"","format":"standard","meta":{"footnotes":""},"categories":[2277],"tags":[350,5837,5839,294],"yoast_head":"<!-- This site is optimized with the Yoast SEO plugin v21.0 - https:\/\/yoast.com\/wordpress\/plugins\/seo\/ -->\n<title>Un voyage \u00e9conomique \u00e0 Gda\u0144sk, en Pologne<\/title>\n<meta name=\"robots\" content=\"index, follow, max-snippet:-1, max-image-preview:large, max-video-preview:-1\" \/>\n<link rel=\"canonical\" href=\"https:\/\/www.svalbard.fr\/actualites\/un-voyage-economique-a-gdansk-en-pologne\/\" \/>\n<meta property=\"og:locale\" content=\"fr_FR\" \/>\n<meta property=\"og:type\" content=\"article\" \/>\n<meta property=\"og:title\" content=\"Un voyage \u00e9conomique \u00e0 Gda\u0144sk, en Pologne\" \/>\n<meta property=\"og:description\" content=\"Un voyage spontan\u00e9 de 24 heures de Trondheim \u00e0 Gda\u0144sk n&#039;a co\u00fbt\u00e9 que 1 000 NOK, mais a livr\u00e9 de puissants mus\u00e9es d&#039;histoire et l&#039;une\" \/>\n<meta property=\"og:url\" content=\"https:\/\/www.svalbard.fr\/actualites\/un-voyage-economique-a-gdansk-en-pologne\/\" \/>\n<meta property=\"og:site_name\" content=\"www.Svalbard.fr\" \/>\n<meta property=\"article:published_time\" content=\"2026-03-19T09:00:15+00:00\" \/>\n<meta property=\"og:image\" content=\"https:\/\/www.svalbard.fr\/actualites\/wp-content\/uploads\/2026\/03\/Un-voyage-economique-a-Gdansk-en-Pologne.jpg\" \/>\n<meta name=\"author\" content=\"Hilmar\" \/>\n<meta name=\"twitter:card\" content=\"summary_large_image\" \/>\n<meta name=\"twitter:label1\" content=\"\u00c9crit par\" \/>\n\t<meta name=\"twitter:data1\" content=\"Hilmar\" \/>\n\t<meta name=\"twitter:label2\" content=\"Dur\u00e9e de lecture estim\u00e9e\" \/>\n\t<meta name=\"twitter:data2\" content=\"10 minutes\" \/>\n<script type=\"application\/ld+json\" class=\"yoast-schema-graph\">{\"@context\":\"https:\/\/schema.org\",\"@graph\":[{\"@type\":\"Article\",\"@id\":\"https:\/\/www.svalbard.fr\/actualites\/un-voyage-economique-a-gdansk-en-pologne\/#article\",\"isPartOf\":{\"@id\":\"https:\/\/www.svalbard.fr\/actualites\/un-voyage-economique-a-gdansk-en-pologne\/\"},\"author\":{\"name\":\"Hilmar\",\"@id\":\"https:\/\/www.svalbard.fr\/actualites\/#\/schema\/person\/a2f937d5712222366738fae98755c600\"},\"headline\":\"Un voyage \u00e9conomique \u00e0 Gda\u0144sk, en Pologne\",\"datePublished\":\"2026-03-19T09:00:15+00:00\",\"dateModified\":\"2026-03-19T09:00:15+00:00\",\"mainEntityOfPage\":{\"@id\":\"https:\/\/www.svalbard.fr\/actualites\/un-voyage-economique-a-gdansk-en-pologne\/\"},\"wordCount\":1943,\"publisher\":{\"@id\":\"https:\/\/www.svalbard.fr\/actualites\/#organization\"},\"keywords\":[\"\u00e9conomique\",\"Gda\u0144sk\",\"Pologne\",\"voyage\"],\"inLanguage\":\"fr-FR\"},{\"@type\":\"WebPage\",\"@id\":\"https:\/\/www.svalbard.fr\/actualites\/un-voyage-economique-a-gdansk-en-pologne\/\",\"url\":\"https:\/\/www.svalbard.fr\/actualites\/un-voyage-economique-a-gdansk-en-pologne\/\",\"name\":\"Un voyage \u00e9conomique \u00e0 Gda\u0144sk, en Pologne\",\"isPartOf\":{\"@id\":\"https:\/\/www.svalbard.fr\/actualites\/#website\"},\"datePublished\":\"2026-03-19T09:00:15+00:00\",\"dateModified\":\"2026-03-19T09:00:15+00:00\",\"breadcrumb\":{\"@id\":\"https:\/\/www.svalbard.fr\/actualites\/un-voyage-economique-a-gdansk-en-pologne\/#breadcrumb\"},\"inLanguage\":\"fr-FR\",\"potentialAction\":[{\"@type\":\"ReadAction\",\"target\":[\"https:\/\/www.svalbard.fr\/actualites\/un-voyage-economique-a-gdansk-en-pologne\/\"]}]},{\"@type\":\"BreadcrumbList\",\"@id\":\"https:\/\/www.svalbard.fr\/actualites\/un-voyage-economique-a-gdansk-en-pologne\/#breadcrumb\",\"itemListElement\":[{\"@type\":\"ListItem\",\"position\":1,\"name\":\"Accueil\",\"item\":\"https:\/\/www.svalbard.fr\/actualites\/\"},{\"@type\":\"ListItem\",\"position\":2,\"name\":\"Un voyage \u00e9conomique \u00e0 Gda\u0144sk, en Pologne\"}]},{\"@type\":\"WebSite\",\"@id\":\"https:\/\/www.svalbard.fr\/actualites\/#website\",\"url\":\"https:\/\/www.svalbard.fr\/actualites\/\",\"name\":\"www.Svalbard.fr\",\"description\":\"\",\"publisher\":{\"@id\":\"https:\/\/www.svalbard.fr\/actualites\/#organization\"},\"potentialAction\":[{\"@type\":\"SearchAction\",\"target\":{\"@type\":\"EntryPoint\",\"urlTemplate\":\"https:\/\/www.svalbard.fr\/actualites\/?s={search_term_string}\"},\"query-input\":\"required name=search_term_string\"}],\"inLanguage\":\"fr-FR\"},{\"@type\":\"Organization\",\"@id\":\"https:\/\/www.svalbard.fr\/actualites\/#organization\",\"name\":\"www.Svalbard.fr\",\"url\":\"https:\/\/www.svalbard.fr\/actualites\/\",\"logo\":{\"@type\":\"ImageObject\",\"inLanguage\":\"fr-FR\",\"@id\":\"https:\/\/www.svalbard.fr\/actualites\/#\/schema\/logo\/image\/\",\"url\":\"https:\/\/www.svalbard.fr\/actualites\/wp-content\/uploads\/2023\/09\/head-nom.jpg\",\"contentUrl\":\"https:\/\/www.svalbard.fr\/actualites\/wp-content\/uploads\/2023\/09\/head-nom.jpg\",\"width\":264,\"height\":35,\"caption\":\"www.Svalbard.fr\"},\"image\":{\"@id\":\"https:\/\/www.svalbard.fr\/actualites\/#\/schema\/logo\/image\/\"}},{\"@type\":\"Person\",\"@id\":\"https:\/\/www.svalbard.fr\/actualites\/#\/schema\/person\/a2f937d5712222366738fae98755c600\",\"name\":\"Hilmar\",\"image\":{\"@type\":\"ImageObject\",\"inLanguage\":\"fr-FR\",\"@id\":\"https:\/\/www.svalbard.fr\/actualites\/#\/schema\/person\/image\/\",\"url\":\"https:\/\/secure.gravatar.com\/avatar\/4daa437093476dbc32da415c112b6512?s=96&d=mm&r=g\",\"contentUrl\":\"https:\/\/secure.gravatar.com\/avatar\/4daa437093476dbc32da415c112b6512?s=96&d=mm&r=g\",\"caption\":\"Hilmar\"},\"description\":\"Hilmar est un passionn\u00e9 des r\u00e9gions polaires, sp\u00e9cialis\u00e9 dans la r\u00e9daction d'articles sur le Spitzberg et autres destinations arctiques. Il apporte son expertise et sa passion pour l'Arctique au sein de l'\u00e9quipe de r\u00e9daction de Svalbard depuis de nombreuses ann\u00e9es.\",\"sameAs\":[\"https:\/\/www.svalbard.fr\/\"]}]}<\/script>\n<!-- \/ Yoast SEO plugin. -->","yoast_head_json":{"title":"Un voyage \u00e9conomique \u00e0 Gda\u0144sk, en Pologne","robots":{"index":"index","follow":"follow","max-snippet":"max-snippet:-1","max-image-preview":"max-image-preview:large","max-video-preview":"max-video-preview:-1"},"canonical":"https:\/\/www.svalbard.fr\/actualites\/un-voyage-economique-a-gdansk-en-pologne\/","og_locale":"fr_FR","og_type":"article","og_title":"Un voyage \u00e9conomique \u00e0 Gda\u0144sk, en Pologne","og_description":"Un voyage spontan\u00e9 de 24 heures de Trondheim \u00e0 Gda\u0144sk n&#39;a co\u00fbt\u00e9 que 1 000 NOK, mais a livr\u00e9 de puissants mus\u00e9es d&#39;histoire et l&#39;une","og_url":"https:\/\/www.svalbard.fr\/actualites\/un-voyage-economique-a-gdansk-en-pologne\/","og_site_name":"www.Svalbard.fr","article_published_time":"2026-03-19T09:00:15+00:00","og_image":[{"url":"https:\/\/www.svalbard.fr\/actualites\/wp-content\/uploads\/2026\/03\/Un-voyage-economique-a-Gdansk-en-Pologne.jpg"}],"author":"Hilmar","twitter_card":"summary_large_image","twitter_misc":{"\u00c9crit par":"Hilmar","Dur\u00e9e de lecture estim\u00e9e":"10 minutes"},"schema":{"@context":"https:\/\/schema.org","@graph":[{"@type":"Article","@id":"https:\/\/www.svalbard.fr\/actualites\/un-voyage-economique-a-gdansk-en-pologne\/#article","isPartOf":{"@id":"https:\/\/www.svalbard.fr\/actualites\/un-voyage-economique-a-gdansk-en-pologne\/"},"author":{"name":"Hilmar","@id":"https:\/\/www.svalbard.fr\/actualites\/#\/schema\/person\/a2f937d5712222366738fae98755c600"},"headline":"Un voyage \u00e9conomique \u00e0 Gda\u0144sk, en Pologne","datePublished":"2026-03-19T09:00:15+00:00","dateModified":"2026-03-19T09:00:15+00:00","mainEntityOfPage":{"@id":"https:\/\/www.svalbard.fr\/actualites\/un-voyage-economique-a-gdansk-en-pologne\/"},"wordCount":1943,"publisher":{"@id":"https:\/\/www.svalbard.fr\/actualites\/#organization"},"keywords":["\u00e9conomique","Gda\u0144sk","Pologne","voyage"],"inLanguage":"fr-FR"},{"@type":"WebPage","@id":"https:\/\/www.svalbard.fr\/actualites\/un-voyage-economique-a-gdansk-en-pologne\/","url":"https:\/\/www.svalbard.fr\/actualites\/un-voyage-economique-a-gdansk-en-pologne\/","name":"Un voyage \u00e9conomique \u00e0 Gda\u0144sk, en Pologne","isPartOf":{"@id":"https:\/\/www.svalbard.fr\/actualites\/#website"},"datePublished":"2026-03-19T09:00:15+00:00","dateModified":"2026-03-19T09:00:15+00:00","breadcrumb":{"@id":"https:\/\/www.svalbard.fr\/actualites\/un-voyage-economique-a-gdansk-en-pologne\/#breadcrumb"},"inLanguage":"fr-FR","potentialAction":[{"@type":"ReadAction","target":["https:\/\/www.svalbard.fr\/actualites\/un-voyage-economique-a-gdansk-en-pologne\/"]}]},{"@type":"BreadcrumbList","@id":"https:\/\/www.svalbard.fr\/actualites\/un-voyage-economique-a-gdansk-en-pologne\/#breadcrumb","itemListElement":[{"@type":"ListItem","position":1,"name":"Accueil","item":"https:\/\/www.svalbard.fr\/actualites\/"},{"@type":"ListItem","position":2,"name":"Un voyage \u00e9conomique \u00e0 Gda\u0144sk, en Pologne"}]},{"@type":"WebSite","@id":"https:\/\/www.svalbard.fr\/actualites\/#website","url":"https:\/\/www.svalbard.fr\/actualites\/","name":"www.Svalbard.fr","description":"","publisher":{"@id":"https:\/\/www.svalbard.fr\/actualites\/#organization"},"potentialAction":[{"@type":"SearchAction","target":{"@type":"EntryPoint","urlTemplate":"https:\/\/www.svalbard.fr\/actualites\/?s={search_term_string}"},"query-input":"required name=search_term_string"}],"inLanguage":"fr-FR"},{"@type":"Organization","@id":"https:\/\/www.svalbard.fr\/actualites\/#organization","name":"www.Svalbard.fr","url":"https:\/\/www.svalbard.fr\/actualites\/","logo":{"@type":"ImageObject","inLanguage":"fr-FR","@id":"https:\/\/www.svalbard.fr\/actualites\/#\/schema\/logo\/image\/","url":"https:\/\/www.svalbard.fr\/actualites\/wp-content\/uploads\/2023\/09\/head-nom.jpg","contentUrl":"https:\/\/www.svalbard.fr\/actualites\/wp-content\/uploads\/2023\/09\/head-nom.jpg","width":264,"height":35,"caption":"www.Svalbard.fr"},"image":{"@id":"https:\/\/www.svalbard.fr\/actualites\/#\/schema\/logo\/image\/"}},{"@type":"Person","@id":"https:\/\/www.svalbard.fr\/actualites\/#\/schema\/person\/a2f937d5712222366738fae98755c600","name":"Hilmar","image":{"@type":"ImageObject","inLanguage":"fr-FR","@id":"https:\/\/www.svalbard.fr\/actualites\/#\/schema\/person\/image\/","url":"https:\/\/secure.gravatar.com\/avatar\/4daa437093476dbc32da415c112b6512?s=96&d=mm&r=g","contentUrl":"https:\/\/secure.gravatar.com\/avatar\/4daa437093476dbc32da415c112b6512?s=96&d=mm&r=g","caption":"Hilmar"},"description":"Hilmar est un passionn\u00e9 des r\u00e9gions polaires, sp\u00e9cialis\u00e9 dans la r\u00e9daction d'articles sur le Spitzberg et autres destinations arctiques. Il apporte son expertise et sa passion pour l'Arctique au sein de l'\u00e9quipe de r\u00e9daction de Svalbard depuis de nombreuses ann\u00e9es.","sameAs":["https:\/\/www.svalbard.fr\/"]}]}},"_links":{"self":[{"href":"https:\/\/www.svalbard.fr\/actualites\/wp-json\/wp\/v2\/posts\/5339"}],"collection":[{"href":"https:\/\/www.svalbard.fr\/actualites\/wp-json\/wp\/v2\/posts"}],"about":[{"href":"https:\/\/www.svalbard.fr\/actualites\/wp-json\/wp\/v2\/types\/post"}],"author":[{"embeddable":true,"href":"https:\/\/www.svalbard.fr\/actualites\/wp-json\/wp\/v2\/users\/1"}],"replies":[{"embeddable":true,"href":"https:\/\/www.svalbard.fr\/actualites\/wp-json\/wp\/v2\/comments?post=5339"}],"version-history":[{"count":0,"href":"https:\/\/www.svalbard.fr\/actualites\/wp-json\/wp\/v2\/posts\/5339\/revisions"}],"wp:featuredmedia":[{"embeddable":true,"href":"https:\/\/www.svalbard.fr\/actualites\/wp-json\/wp\/v2\/media\/5340"}],"wp:attachment":[{"href":"https:\/\/www.svalbard.fr\/actualites\/wp-json\/wp\/v2\/media?parent=5339"}],"wp:term":[{"taxonomy":"category","embeddable":true,"href":"https:\/\/www.svalbard.fr\/actualites\/wp-json\/wp\/v2\/categories?post=5339"},{"taxonomy":"post_tag","embeddable":true,"href":"https:\/\/www.svalbard.fr\/actualites\/wp-json\/wp\/v2\/tags?post=5339"}],"curies":[{"name":"wp","href":"https:\/\/api.w.org\/{rel}","templated":true}]}}