{"id":5347,"date":"2026-03-23T14:56:33","date_gmt":"2026-03-23T13:56:33","guid":{"rendered":"https:\/\/www.svalbard.fr\/actualites\/nouveaux-frais-de-32-sur-les-vols-vers-litalie-la-norvege-les-pays-bas-et-la-croatie-a-partir-davril\/"},"modified":"2026-03-23T14:56:36","modified_gmt":"2026-03-23T13:56:36","slug":"nouveaux-frais-de-32-sur-les-vols-vers-litalie-la-norvege-les-pays-bas-et-la-croatie-a-partir-davril","status":"publish","type":"post","link":"https:\/\/www.svalbard.fr\/actualites\/nouveaux-frais-de-32-sur-les-vols-vers-litalie-la-norvege-les-pays-bas-et-la-croatie-a-partir-davril\/","title":{"rendered":"Nouveaux frais de 32 \u00a3 sur les vols vers l&#39;Italie, la Norv\u00e8ge, les Pays-Bas et la Croatie \u00e0 partir d&#39;avril"},"content":{"rendered":"<div>\n<div class=\"photo changeSpace\">\n<p class=\"withoutCaption\"><picture><source type=\"image\/avif\" srcset=\"https:\/\/cdn.images.express.co.uk\/img\/dynamic\/1\/1200x712\/secondary\/front-view-of-white-777-commercial-flight-airplane-taking-off-or-landing-from-the-airport-6817756.avif?r=1774269536457\" media=\"screen and (min-width:10000px)\"><source type=\"image\/webp\" srcset=\"https:\/\/cdn.images.express.co.uk\/img\/dynamic\/1\/1200x712\/secondary\/front-view-of-white-777-commercial-flight-airplane-taking-off-or-landing-from-the-airport-6817756.webp?r=1774269536457\" media=\"screen and (min-width:10000px)\"><source type=\"image\/jpeg\" srcset=\"https:\/\/www.svalbard.fr\/actualites\/wp-content\/uploads\/2026\/03\/Nouveaux-frais-de-32-sur-les-vols-vers-l39Italie-la.jp.jpeg\" media=\"screen and (min-width:10000px)\"><source type=\"image\/avif\" srcset=\"https:\/\/cdn.images.express.co.uk\/img\/dynamic\/1\/674x400\/secondary\/front-view-of-white-777-commercial-flight-airplane-taking-off-or-landing-from-the-airport-6817756.avif?r=1774269536457\" media=\"screen and (min-width:100000px)\"><source type=\"image\/webp\" srcset=\"https:\/\/cdn.images.express.co.uk\/img\/dynamic\/1\/674x400\/secondary\/front-view-of-white-777-commercial-flight-airplane-taking-off-or-landing-from-the-airport-6817756.webp?r=1774269536457\" media=\"screen and (min-width:100000px)\"><source type=\"image\/jpeg\" srcset=\"https:\/\/cdn.images.express.co.uk\/img\/dynamic\/1\/674x400\/secondary\/front-view-of-white-777-commercial-flight-airplane-taking-off-or-landing-from-the-airport-6817756.jpg?r=1774269536457\" media=\"screen and (min-width:100000px)\"><source type=\"image\/avif\" srcset=\"https:\/\/cdn.images.express.co.uk\/img\/dynamic\/1\/940x\/secondary\/front-view-of-white-777-commercial-flight-airplane-taking-off-or-landing-from-the-airport-6817756.avif?r=1774269536457\" media=\"screen and (min-width:1200px)\"><source type=\"image\/webp\" srcset=\"https:\/\/cdn.images.express.co.uk\/img\/dynamic\/1\/940x\/secondary\/front-view-of-white-777-commercial-flight-airplane-taking-off-or-landing-from-the-airport-6817756.webp?r=1774269536457\" media=\"screen and (min-width:1200px)\"><source type=\"image\/jpeg\" srcset=\"https:\/\/cdn.images.express.co.uk\/img\/dynamic\/1\/940x\/secondary\/front-view-of-white-777-commercial-flight-airplane-taking-off-or-landing-from-the-airport-6817756.jpg?r=1774269536457\" media=\"screen and (min-width:1200px)\"><source type=\"image\/avif\" srcset=\"https:\/\/cdn.images.express.co.uk\/img\/dynamic\/1\/590x\/secondary\/front-view-of-white-777-commercial-flight-airplane-taking-off-or-landing-from-the-airport-6817756.avif?r=1774269536457\" media=\"screen\"><source type=\"image\/webp\" srcset=\"https:\/\/cdn.images.express.co.uk\/img\/dynamic\/1\/590x\/secondary\/front-view-of-white-777-commercial-flight-airplane-taking-off-or-landing-from-the-airport-6817756.webp?r=1774269536457\" media=\"screen\"><\/source><\/source><\/source><\/source><\/source><\/source><\/source><\/source><\/source><\/source><\/source><\/picture><\/p>\n<p><span class=\"newsCaption\">Les tarifs des droits de douane sur les passagers a\u00e9riens augmentent \u00e0 partir d&#39;avril, ce qui risque d&#39;augmenter le co\u00fbt des billets d&#39;avion. <span class=\"caption\">(Image : Getty)<\/span><span class=\"magnifier\" data-img=\"https:\/\/www.svalbard.fr\/actualites\/wp-content\/uploads\/2026\/03\/Nouveaux-frais-de-32-sur-les-vols-vers-l39Italie-la.jp.jpeg\"\/><\/span><\/div>\n<div class=\"text-description\">\n<p>Les vols \u00e0 destination de destinations de vacances populaires \u00e0 travers l&#39;Europe, notamment l&#39;Italie, la Norv\u00e8ge, les Pays-Bas et la Croatie, seront soumis \u00e0 de nouveaux frais de 32 \u00a3 \u00e0 partir d&#39;avril.<\/p>\n<\/div>\n<div class=\"text-description\">\n<p>Les taux des taxes sur les passagers a\u00e9riens (APD) augmenteront le mois prochain, ce qui aura probablement un effet d&#39;entra\u00eenement sur les tarifs a\u00e9riens, ce qui entra\u00eenera une hausse des prix des billets pour les passagers. L&#39;APD est une taxe pay\u00e9e par les op\u00e9rateurs a\u00e9riens au HM Revenue and Customs (HMRC) pour les passagers au d\u00e9part des a\u00e9roports britanniques, dont les taux varient en fonction de la dur\u00e9e des vols et de la classe de voyage. La taxe a \u00e9t\u00e9 introduite pour la premi\u00e8re fois en 1994 pour compenser l&#39;impact environnemental du transport a\u00e9rien et s&#39;applique aux passagers \u00e2g\u00e9s de 16 ans ou plus voyageant sur les vols nationaux et internationaux.<\/p>\n<\/div>\n<div class=\"text-description\">\n<p>Bien que l&#39;APD soit pay\u00e9e par les op\u00e9rateurs a\u00e9riens, les prix des billets incluent g\u00e9n\u00e9ralement des frais pour couvrir ce co\u00fbt et les compagnies a\u00e9riennes r\u00e9percutent ensuite ces frais sur le HMRC, de sorte que toute augmentation signifie g\u00e9n\u00e9ralement des tarifs a\u00e9riens plus \u00e9lev\u00e9s pour les passagers britanniques.<\/p>\n<\/div>\n<div class=\"text-description dont-miss\">\n<p><strong>  En savoir plus:<\/strong>  Les Britanniques partant en vacances frapp\u00e9s par une nouvelle taxe de 102 \u00a3 \u00e0 partir d&#39;avril <\/p>\n<p><strong>  En savoir plus:<\/strong>  Jours f\u00e9ri\u00e9s du week-end de P\u00e2ques au Royaume-Uni et dates des trimestres scolaires cette ann\u00e9e <\/p>\n<\/div>\n<div class=\"text-description\">\n<p>Les nouveaux tarifs APD du 1er avril 2026 au 31 mars 2027 ont \u00e9t\u00e9 confirm\u00e9s par le HMRC, avec des co\u00fbts allant de 8 \u00a3 \u00e0 1\u00a0141 \u00a3 par personne selon l&#39;endroit o\u00f9 vous voyagez et la classe dans laquelle vous voyagez.<\/p>\n<\/div>\n<div class=\"text-description\">\n<p>Les passagers en classe \u00e9conomique sont confront\u00e9s aux frais APD les plus bas, les passagers en classe affaires et en premi\u00e8re classe supportant les frais les plus \u00e9lev\u00e9s, mais les co\u00fbts augmentent \u00e0 mesure que vous voyagez loin.<\/p>\n<\/div>\n<div class=\"text-description\">\n<p>Les taxes sur les vols sont divis\u00e9es en quatre tranches, les moins ch\u00e8res \u00e9tant les vols int\u00e9rieurs et celles appartenant \u00e0 la tranche A. Les tarifs des vols int\u00e9rieurs en classe \u00e9conomique passent de 14 \u00a3 \u00e0 16 \u00a3 \u00e0 partir d&#39;avril, tandis que les tarifs de la classe affaires passent de 84 \u00a3 \u00e0 142 \u00a3.<\/p>\n<\/div>\n<div class=\"text-description\">\n<p>La bande A couvre les vols de z\u00e9ro \u00e0 2 000 miles, qui incluraient toute l\u2019Europe et la majorit\u00e9 de l\u2019Afrique du Nord, donc les voyages vers l\u2019Italie, la Norv\u00e8ge, les Pays-Bas et la Croatie, entre autres points chauds europ\u00e9ens populaires, entreraient dans cette cat\u00e9gorie.<\/p>\n<\/div>\n<div class=\"text-description\">\n<p>Les passagers en classe \u00e9conomique voyageant vers les destinations de la bande A b\u00e9n\u00e9ficieront d&#39;une augmentation de 4 \u00a3 \u00e0 partir du 1er avril, avec des tarifs passant de 28 \u00a3 \u00e0 32 \u00a3. Mais ceux qui voyagent en classe affaires, en premi\u00e8re ou en classe \u00e9conomique premium sont confront\u00e9s \u00e0 une augmentation beaucoup plus importante, avec des tarifs augmentant de 58 \u00a3, passant de 84 \u00a3 \u00e0 142 \u00a3.<\/p>\n<\/div>\n<div class=\"text-description\">\n<p>La bande B couvre les vols entre 2 001 et 5 500 miles qui incluraient des destinations telles que les \u00c9tats-Unis, le Canada, les \u00c9mirats arabes unis et l&#39;Inde.<\/p>\n<\/div>\n<div class=\"text-description\">\n<p>Les passagers en classe \u00e9conomique voyageant vers les destinations de la bande B verront les tarifs passer de 216 \u00a3 \u00e0 244 \u00a3 \u00e0 partir d&#39;avril, tandis que ceux des classes sup\u00e9rieures paieront 1 097 \u00a3 au lieu de 647 \u00a3.<\/p>\n<\/div>\n<div class=\"text-description\">\n<p>La bande C s&#39;applique aux destinations situ\u00e9es \u00e0 plus de 5 500 miles du Royaume-Uni, comme l&#39;Australie, la Nouvelle-Z\u00e9lande et la Tha\u00eflande, avec des tarifs \u00e9conomiques allant de 224 \u00a3 \u00e0 253 \u00a3 et des tarifs premium passant de 674 \u00a3 \u00e0 1 141 \u00a3.<\/p>\n<\/div>\n<div class=\"text-description\">\n<p>L&#39;Office for Budget Responsibility (OBR) pr\u00e9voit que la derni\u00e8re augmentation g\u00e9n\u00e9rera 5,2 milliards de livres sterling pour le Tr\u00e9sor d&#39;ici 2027, contre 4,6 milliards de livres sterling cette ann\u00e9e.<\/p>\n<\/div>\n<div class=\"text-description\">\n<p>Vous trouverez ci-dessous le d\u00e9tail complet des nouveaux tarifs APD du 1er avril 2026 au 31 mars 2027 pour les vols dans chaque tranche\u00a0:<\/p>\n<\/div>\n<div class=\"text-description\">\n<h3>Groupe national<\/h3>\n<ul>\n<li>Tarif r\u00e9duit (classe de voyage la plus basse) &#8211; 8\u00a0\u00a3<\/li>\n<li>Tarif standard (autre que la classe de voyage la plus basse) \u2013 16\u00a0\u00a3<\/li>\n<li>Tarif plus \u00e9lev\u00e9 &#8211; 142 \u00a3<\/li>\n<\/ul>\n<h3>Bande A (vols de 0 \u00e0 2 000 miles)<\/h3>\n<ul>\n<li>Tarif r\u00e9duit &#8211; 15 \u00a3<\/li>\n<li>Tarif standard &#8211; 32 \u00a3<\/li>\n<li>Tarif plus \u00e9lev\u00e9 &#8211; 142 \u00a3<\/li>\n<\/ul>\n<h3>Bande B (vols de 2 001 \u00e0 5 500 miles)<\/h3>\n<ul>\n<li>Tarif r\u00e9duit &#8211; 102 \u00a3<\/li>\n<li>Tarif standard &#8211; 244 \u00a3<\/li>\n<li>Tarif plus \u00e9lev\u00e9 &#8211; 1 097 \u00a3<\/li>\n<\/ul>\n<h3>Bande C (vols de plus de 5 500 miles)<\/h3>\n<ul>\n<li>Tarif r\u00e9duit &#8211; 106 \u00a3<\/li>\n<li>Tarif standard &#8211; 253 \u00a3<\/li>\n<li>Tarif plus \u00e9lev\u00e9 &#8211; 1 141 \u00a3<\/li>\n<\/ul>\n<\/div>\n<\/div>\n","protected":false},"excerpt":{"rendered":"<p>Les tarifs des droits de douane sur les passagers a\u00e9riens augmentent \u00e0 partir d&#39;avril, ce qui risque d&#39;augmenter le co\u00fbt des billets d&#39;avion. (Image :<\/p>\n","protected":false},"author":1,"featured_media":5348,"comment_status":"closed","ping_status":"","sticky":false,"template":"","format":"standard","meta":{"footnotes":""},"categories":[2277],"tags":[5847,2201,5267,5845,3,6,132,5781,1511,28,1696,1225],"yoast_head":"<!-- This site is optimized with the Yoast SEO plugin v21.0 - https:\/\/yoast.com\/wordpress\/plugins\/seo\/ -->\n<title>Nouveaux frais de 32 \u00a3 sur les vols vers l&#039;Italie, la Norv\u00e8ge, les Pays-Bas et la Croatie \u00e0 partir d&#039;avril<\/title>\n<meta name=\"robots\" content=\"index, follow, max-snippet:-1, max-image-preview:large, max-video-preview:-1\" \/>\n<link rel=\"canonical\" href=\"https:\/\/www.svalbard.fr\/actualites\/nouveaux-frais-de-32-sur-les-vols-vers-litalie-la-norvege-les-pays-bas-et-la-croatie-a-partir-davril\/\" \/>\n<meta property=\"og:locale\" content=\"fr_FR\" \/>\n<meta property=\"og:type\" content=\"article\" \/>\n<meta property=\"og:title\" content=\"Nouveaux frais de 32 \u00a3 sur les vols vers l&#039;Italie, la Norv\u00e8ge, les Pays-Bas et la Croatie \u00e0 partir d&#039;avril\" \/>\n<meta property=\"og:description\" content=\"Les tarifs des droits de douane sur les passagers a\u00e9riens augmentent \u00e0 partir d&#039;avril, ce qui risque d&#039;augmenter le co\u00fbt des billets d&#039;avion. (Image :\" \/>\n<meta property=\"og:url\" content=\"https:\/\/www.svalbard.fr\/actualites\/nouveaux-frais-de-32-sur-les-vols-vers-litalie-la-norvege-les-pays-bas-et-la-croatie-a-partir-davril\/\" \/>\n<meta property=\"og:site_name\" content=\"www.Svalbard.fr\" \/>\n<meta property=\"article:published_time\" content=\"2026-03-23T13:56:33+00:00\" \/>\n<meta property=\"article:modified_time\" content=\"2026-03-23T13:56:36+00:00\" \/>\n<meta property=\"og:image\" content=\"https:\/\/www.svalbard.fr\/actualites\/wp-content\/uploads\/2026\/03\/Nouveaux-frais-de-32-sur-les-vols-vers-l39Italie-la.jpg\" \/>\n\t<meta property=\"og:image:width\" content=\"1200\" \/>\n\t<meta property=\"og:image:height\" content=\"630\" \/>\n\t<meta property=\"og:image:type\" content=\"image\/jpeg\" \/>\n<meta name=\"author\" content=\"Hilmar\" \/>\n<meta name=\"twitter:card\" content=\"summary_large_image\" \/>\n<meta name=\"twitter:label1\" content=\"\u00c9crit par\" \/>\n\t<meta name=\"twitter:data1\" content=\"Hilmar\" \/>\n\t<meta name=\"twitter:label2\" content=\"Dur\u00e9e de lecture estim\u00e9e\" \/>\n\t<meta name=\"twitter:data2\" content=\"4 minutes\" \/>\n<script type=\"application\/ld+json\" class=\"yoast-schema-graph\">{\"@context\":\"https:\/\/schema.org\",\"@graph\":[{\"@type\":\"Article\",\"@id\":\"https:\/\/www.svalbard.fr\/actualites\/nouveaux-frais-de-32-sur-les-vols-vers-litalie-la-norvege-les-pays-bas-et-la-croatie-a-partir-davril\/#article\",\"isPartOf\":{\"@id\":\"https:\/\/www.svalbard.fr\/actualites\/nouveaux-frais-de-32-sur-les-vols-vers-litalie-la-norvege-les-pays-bas-et-la-croatie-a-partir-davril\/\"},\"author\":{\"name\":\"Hilmar\",\"@id\":\"https:\/\/www.svalbard.fr\/actualites\/#\/schema\/person\/a2f937d5712222366738fae98755c600\"},\"headline\":\"Nouveaux frais de 32 \u00a3 sur les vols vers l&#39;Italie, la Norv\u00e8ge, les Pays-Bas et la Croatie \u00e0 partir d&#39;avril\",\"datePublished\":\"2026-03-23T13:56:33+00:00\",\"dateModified\":\"2026-03-23T13:56:36+00:00\",\"mainEntityOfPage\":{\"@id\":\"https:\/\/www.svalbard.fr\/actualites\/nouveaux-frais-de-32-sur-les-vols-vers-litalie-la-norvege-les-pays-bas-et-la-croatie-a-partir-davril\/\"},\"wordCount\":770,\"publisher\":{\"@id\":\"https:\/\/www.svalbard.fr\/actualites\/#organization\"},\"keywords\":[\"Croatie\",\"d39avril\",\"frais\",\"l39Italie\",\"Les\",\"Norv\u00e8ge\",\"nouveaux\",\"partir\",\"PaysBas\",\"sur\",\"vers\",\"Vols\"],\"inLanguage\":\"fr-FR\"},{\"@type\":\"WebPage\",\"@id\":\"https:\/\/www.svalbard.fr\/actualites\/nouveaux-frais-de-32-sur-les-vols-vers-litalie-la-norvege-les-pays-bas-et-la-croatie-a-partir-davril\/\",\"url\":\"https:\/\/www.svalbard.fr\/actualites\/nouveaux-frais-de-32-sur-les-vols-vers-litalie-la-norvege-les-pays-bas-et-la-croatie-a-partir-davril\/\",\"name\":\"Nouveaux frais de 32 \u00a3 sur les vols vers l&#39;Italie, la Norv\u00e8ge, les Pays-Bas et la Croatie \u00e0 partir d&#39;avril\",\"isPartOf\":{\"@id\":\"https:\/\/www.svalbard.fr\/actualites\/#website\"},\"datePublished\":\"2026-03-23T13:56:33+00:00\",\"dateModified\":\"2026-03-23T13:56:36+00:00\",\"breadcrumb\":{\"@id\":\"https:\/\/www.svalbard.fr\/actualites\/nouveaux-frais-de-32-sur-les-vols-vers-litalie-la-norvege-les-pays-bas-et-la-croatie-a-partir-davril\/#breadcrumb\"},\"inLanguage\":\"fr-FR\",\"potentialAction\":[{\"@type\":\"ReadAction\",\"target\":[\"https:\/\/www.svalbard.fr\/actualites\/nouveaux-frais-de-32-sur-les-vols-vers-litalie-la-norvege-les-pays-bas-et-la-croatie-a-partir-davril\/\"]}]},{\"@type\":\"BreadcrumbList\",\"@id\":\"https:\/\/www.svalbard.fr\/actualites\/nouveaux-frais-de-32-sur-les-vols-vers-litalie-la-norvege-les-pays-bas-et-la-croatie-a-partir-davril\/#breadcrumb\",\"itemListElement\":[{\"@type\":\"ListItem\",\"position\":1,\"name\":\"Accueil\",\"item\":\"https:\/\/www.svalbard.fr\/actualites\/\"},{\"@type\":\"ListItem\",\"position\":2,\"name\":\"Nouveaux frais de 32 \u00a3 sur les vols vers l&#39;Italie, la Norv\u00e8ge, les Pays-Bas et la Croatie \u00e0 partir d&#39;avril\"}]},{\"@type\":\"WebSite\",\"@id\":\"https:\/\/www.svalbard.fr\/actualites\/#website\",\"url\":\"https:\/\/www.svalbard.fr\/actualites\/\",\"name\":\"www.Svalbard.fr\",\"description\":\"\",\"publisher\":{\"@id\":\"https:\/\/www.svalbard.fr\/actualites\/#organization\"},\"potentialAction\":[{\"@type\":\"SearchAction\",\"target\":{\"@type\":\"EntryPoint\",\"urlTemplate\":\"https:\/\/www.svalbard.fr\/actualites\/?s={search_term_string}\"},\"query-input\":\"required name=search_term_string\"}],\"inLanguage\":\"fr-FR\"},{\"@type\":\"Organization\",\"@id\":\"https:\/\/www.svalbard.fr\/actualites\/#organization\",\"name\":\"www.Svalbard.fr\",\"url\":\"https:\/\/www.svalbard.fr\/actualites\/\",\"logo\":{\"@type\":\"ImageObject\",\"inLanguage\":\"fr-FR\",\"@id\":\"https:\/\/www.svalbard.fr\/actualites\/#\/schema\/logo\/image\/\",\"url\":\"https:\/\/www.svalbard.fr\/actualites\/wp-content\/uploads\/2023\/09\/head-nom.jpg\",\"contentUrl\":\"https:\/\/www.svalbard.fr\/actualites\/wp-content\/uploads\/2023\/09\/head-nom.jpg\",\"width\":264,\"height\":35,\"caption\":\"www.Svalbard.fr\"},\"image\":{\"@id\":\"https:\/\/www.svalbard.fr\/actualites\/#\/schema\/logo\/image\/\"}},{\"@type\":\"Person\",\"@id\":\"https:\/\/www.svalbard.fr\/actualites\/#\/schema\/person\/a2f937d5712222366738fae98755c600\",\"name\":\"Hilmar\",\"image\":{\"@type\":\"ImageObject\",\"inLanguage\":\"fr-FR\",\"@id\":\"https:\/\/www.svalbard.fr\/actualites\/#\/schema\/person\/image\/\",\"url\":\"https:\/\/secure.gravatar.com\/avatar\/4daa437093476dbc32da415c112b6512?s=96&d=mm&r=g\",\"contentUrl\":\"https:\/\/secure.gravatar.com\/avatar\/4daa437093476dbc32da415c112b6512?s=96&d=mm&r=g\",\"caption\":\"Hilmar\"},\"description\":\"Hilmar est un passionn\u00e9 des r\u00e9gions polaires, sp\u00e9cialis\u00e9 dans la r\u00e9daction d'articles sur le Spitzberg et autres destinations arctiques. Il apporte son expertise et sa passion pour l'Arctique au sein de l'\u00e9quipe de r\u00e9daction de Svalbard depuis de nombreuses ann\u00e9es.\",\"sameAs\":[\"https:\/\/www.svalbard.fr\/\"]}]}<\/script>\n<!-- \/ Yoast SEO plugin. -->","yoast_head_json":{"title":"Nouveaux frais de 32 \u00a3 sur les vols vers l&#39;Italie, la Norv\u00e8ge, les Pays-Bas et la Croatie \u00e0 partir d&#39;avril","robots":{"index":"index","follow":"follow","max-snippet":"max-snippet:-1","max-image-preview":"max-image-preview:large","max-video-preview":"max-video-preview:-1"},"canonical":"https:\/\/www.svalbard.fr\/actualites\/nouveaux-frais-de-32-sur-les-vols-vers-litalie-la-norvege-les-pays-bas-et-la-croatie-a-partir-davril\/","og_locale":"fr_FR","og_type":"article","og_title":"Nouveaux frais de 32 \u00a3 sur les vols vers l&#39;Italie, la Norv\u00e8ge, les Pays-Bas et la Croatie \u00e0 partir d&#39;avril","og_description":"Les tarifs des droits de douane sur les passagers a\u00e9riens augmentent \u00e0 partir d&#39;avril, ce qui risque d&#39;augmenter le co\u00fbt des billets d&#39;avion. (Image :","og_url":"https:\/\/www.svalbard.fr\/actualites\/nouveaux-frais-de-32-sur-les-vols-vers-litalie-la-norvege-les-pays-bas-et-la-croatie-a-partir-davril\/","og_site_name":"www.Svalbard.fr","article_published_time":"2026-03-23T13:56:33+00:00","article_modified_time":"2026-03-23T13:56:36+00:00","og_image":[{"width":1200,"height":630,"url":"https:\/\/www.svalbard.fr\/actualites\/wp-content\/uploads\/2026\/03\/Nouveaux-frais-de-32-sur-les-vols-vers-l39Italie-la.jpg","type":"image\/jpeg"}],"author":"Hilmar","twitter_card":"summary_large_image","twitter_misc":{"\u00c9crit par":"Hilmar","Dur\u00e9e de lecture estim\u00e9e":"4 minutes"},"schema":{"@context":"https:\/\/schema.org","@graph":[{"@type":"Article","@id":"https:\/\/www.svalbard.fr\/actualites\/nouveaux-frais-de-32-sur-les-vols-vers-litalie-la-norvege-les-pays-bas-et-la-croatie-a-partir-davril\/#article","isPartOf":{"@id":"https:\/\/www.svalbard.fr\/actualites\/nouveaux-frais-de-32-sur-les-vols-vers-litalie-la-norvege-les-pays-bas-et-la-croatie-a-partir-davril\/"},"author":{"name":"Hilmar","@id":"https:\/\/www.svalbard.fr\/actualites\/#\/schema\/person\/a2f937d5712222366738fae98755c600"},"headline":"Nouveaux frais de 32 \u00a3 sur les vols vers l&#39;Italie, la Norv\u00e8ge, les Pays-Bas et la Croatie \u00e0 partir d&#39;avril","datePublished":"2026-03-23T13:56:33+00:00","dateModified":"2026-03-23T13:56:36+00:00","mainEntityOfPage":{"@id":"https:\/\/www.svalbard.fr\/actualites\/nouveaux-frais-de-32-sur-les-vols-vers-litalie-la-norvege-les-pays-bas-et-la-croatie-a-partir-davril\/"},"wordCount":770,"publisher":{"@id":"https:\/\/www.svalbard.fr\/actualites\/#organization"},"keywords":["Croatie","d39avril","frais","l39Italie","Les","Norv\u00e8ge","nouveaux","partir","PaysBas","sur","vers","Vols"],"inLanguage":"fr-FR"},{"@type":"WebPage","@id":"https:\/\/www.svalbard.fr\/actualites\/nouveaux-frais-de-32-sur-les-vols-vers-litalie-la-norvege-les-pays-bas-et-la-croatie-a-partir-davril\/","url":"https:\/\/www.svalbard.fr\/actualites\/nouveaux-frais-de-32-sur-les-vols-vers-litalie-la-norvege-les-pays-bas-et-la-croatie-a-partir-davril\/","name":"Nouveaux frais de 32 \u00a3 sur les vols vers l&#39;Italie, la Norv\u00e8ge, les Pays-Bas et la Croatie \u00e0 partir d&#39;avril","isPartOf":{"@id":"https:\/\/www.svalbard.fr\/actualites\/#website"},"datePublished":"2026-03-23T13:56:33+00:00","dateModified":"2026-03-23T13:56:36+00:00","breadcrumb":{"@id":"https:\/\/www.svalbard.fr\/actualites\/nouveaux-frais-de-32-sur-les-vols-vers-litalie-la-norvege-les-pays-bas-et-la-croatie-a-partir-davril\/#breadcrumb"},"inLanguage":"fr-FR","potentialAction":[{"@type":"ReadAction","target":["https:\/\/www.svalbard.fr\/actualites\/nouveaux-frais-de-32-sur-les-vols-vers-litalie-la-norvege-les-pays-bas-et-la-croatie-a-partir-davril\/"]}]},{"@type":"BreadcrumbList","@id":"https:\/\/www.svalbard.fr\/actualites\/nouveaux-frais-de-32-sur-les-vols-vers-litalie-la-norvege-les-pays-bas-et-la-croatie-a-partir-davril\/#breadcrumb","itemListElement":[{"@type":"ListItem","position":1,"name":"Accueil","item":"https:\/\/www.svalbard.fr\/actualites\/"},{"@type":"ListItem","position":2,"name":"Nouveaux frais de 32 \u00a3 sur les vols vers l&#39;Italie, la Norv\u00e8ge, les Pays-Bas et la Croatie \u00e0 partir d&#39;avril"}]},{"@type":"WebSite","@id":"https:\/\/www.svalbard.fr\/actualites\/#website","url":"https:\/\/www.svalbard.fr\/actualites\/","name":"www.Svalbard.fr","description":"","publisher":{"@id":"https:\/\/www.svalbard.fr\/actualites\/#organization"},"potentialAction":[{"@type":"SearchAction","target":{"@type":"EntryPoint","urlTemplate":"https:\/\/www.svalbard.fr\/actualites\/?s={search_term_string}"},"query-input":"required name=search_term_string"}],"inLanguage":"fr-FR"},{"@type":"Organization","@id":"https:\/\/www.svalbard.fr\/actualites\/#organization","name":"www.Svalbard.fr","url":"https:\/\/www.svalbard.fr\/actualites\/","logo":{"@type":"ImageObject","inLanguage":"fr-FR","@id":"https:\/\/www.svalbard.fr\/actualites\/#\/schema\/logo\/image\/","url":"https:\/\/www.svalbard.fr\/actualites\/wp-content\/uploads\/2023\/09\/head-nom.jpg","contentUrl":"https:\/\/www.svalbard.fr\/actualites\/wp-content\/uploads\/2023\/09\/head-nom.jpg","width":264,"height":35,"caption":"www.Svalbard.fr"},"image":{"@id":"https:\/\/www.svalbard.fr\/actualites\/#\/schema\/logo\/image\/"}},{"@type":"Person","@id":"https:\/\/www.svalbard.fr\/actualites\/#\/schema\/person\/a2f937d5712222366738fae98755c600","name":"Hilmar","image":{"@type":"ImageObject","inLanguage":"fr-FR","@id":"https:\/\/www.svalbard.fr\/actualites\/#\/schema\/person\/image\/","url":"https:\/\/secure.gravatar.com\/avatar\/4daa437093476dbc32da415c112b6512?s=96&d=mm&r=g","contentUrl":"https:\/\/secure.gravatar.com\/avatar\/4daa437093476dbc32da415c112b6512?s=96&d=mm&r=g","caption":"Hilmar"},"description":"Hilmar est un passionn\u00e9 des r\u00e9gions polaires, sp\u00e9cialis\u00e9 dans la r\u00e9daction d'articles sur le Spitzberg et autres destinations arctiques. Il apporte son expertise et sa passion pour l'Arctique au sein de l'\u00e9quipe de r\u00e9daction de Svalbard depuis de nombreuses ann\u00e9es.","sameAs":["https:\/\/www.svalbard.fr\/"]}]}},"_links":{"self":[{"href":"https:\/\/www.svalbard.fr\/actualites\/wp-json\/wp\/v2\/posts\/5347"}],"collection":[{"href":"https:\/\/www.svalbard.fr\/actualites\/wp-json\/wp\/v2\/posts"}],"about":[{"href":"https:\/\/www.svalbard.fr\/actualites\/wp-json\/wp\/v2\/types\/post"}],"author":[{"embeddable":true,"href":"https:\/\/www.svalbard.fr\/actualites\/wp-json\/wp\/v2\/users\/1"}],"replies":[{"embeddable":true,"href":"https:\/\/www.svalbard.fr\/actualites\/wp-json\/wp\/v2\/comments?post=5347"}],"version-history":[{"count":1,"href":"https:\/\/www.svalbard.fr\/actualites\/wp-json\/wp\/v2\/posts\/5347\/revisions"}],"predecessor-version":[{"id":5349,"href":"https:\/\/www.svalbard.fr\/actualites\/wp-json\/wp\/v2\/posts\/5347\/revisions\/5349"}],"wp:featuredmedia":[{"embeddable":true,"href":"https:\/\/www.svalbard.fr\/actualites\/wp-json\/wp\/v2\/media\/5348"}],"wp:attachment":[{"href":"https:\/\/www.svalbard.fr\/actualites\/wp-json\/wp\/v2\/media?parent=5347"}],"wp:term":[{"taxonomy":"category","embeddable":true,"href":"https:\/\/www.svalbard.fr\/actualites\/wp-json\/wp\/v2\/categories?post=5347"},{"taxonomy":"post_tag","embeddable":true,"href":"https:\/\/www.svalbard.fr\/actualites\/wp-json\/wp\/v2\/tags?post=5347"}],"curies":[{"name":"wp","href":"https:\/\/api.w.org\/{rel}","templated":true}]}}