{"id":5352,"date":"2026-03-26T10:56:25","date_gmt":"2026-03-26T09:56:25","guid":{"rendered":"https:\/\/www.svalbard.fr\/actualites\/la-norvege-appelle-bond-james-bond\/"},"modified":"2026-03-26T10:56:25","modified_gmt":"2026-03-26T09:56:25","slug":"la-norvege-appelle-bond-james-bond","status":"publish","type":"post","link":"https:\/\/www.svalbard.fr\/actualites\/la-norvege-appelle-bond-james-bond\/","title":{"rendered":"La Norv\u00e8ge appelle Bond, James Bond"},"content":{"rendered":"<div itemprop=\"text\">\n\t\t\t<span id=\"dpsp-post-content-markup\" data-image-pin-it=\"false\"><\/span><\/p>\n<p class=\"intro\">La rumeur est devenue r\u00e9alit\u00e9. Lorsque la derni\u00e8re sortie de Daniel Craig dans le r\u00f4le de 007 est sortie sur grand \u00e9cran, la Norv\u00e8ge a jou\u00e9 un r\u00f4le principal dans l&#39;une des s\u00e9quences les plus atmosph\u00e9riques de l&#39;\u00e8re Bond moderne.<\/p>\n<p>En 2018, des rumeurs circulaient selon lesquelles le prochain film de James Bond pourrait arriver en Norv\u00e8ge. \u00c0 l\u2019\u00e9poque, cela semblait \u00eatre une possibilit\u00e9 intrigante plut\u00f4t qu\u2019une certitude.<\/p>\n<figure class=\"wp-block-image size-large\"><img data-lazyloaded=\"1\" data-placeholder-resp=\"768x432\" fetchpriority=\"high\" decoding=\"async\" width=\"768\" height=\"432\" src=\"https:\/\/www.svalbard.fr\/actualites\/wp-content\/uploads\/2026\/03\/La-Norvege-appelle-Bond-James-Bond.jpg\" alt=\"C\u00e9l\u00e8bre pont sur la route de l&#39;oc\u00e9an Atlantique en Norv\u00e8ge.\" class=\"wp-image-85715\"  data-><noscript><img fetchpriority=\"high\" decoding=\"async\" width=\"768\" height=\"432\" src=\"https:\/\/www.svalbard.fr\/actualites\/wp-content\/uploads\/2026\/03\/La-Norvege-appelle-Bond-James-Bond.jpg\" alt=\"C\u00e9l\u00e8bre pont sur la route de l&#39;oc\u00e9an Atlantique en Norv\u00e8ge.\" class=\"wp-image-85715\"  ><\/noscript><\/figure>\n<p>Mais lorsque No Time to Die est finalement arriv\u00e9, ces rumeurs s&#39;\u00e9taient transform\u00e9es en quelque chose de beaucoup plus substantiel. La Norv\u00e8ge n&#39;a pas fait qu&#39;une apparition. Cela a contribu\u00e9 \u00e0 donner le ton des moments les plus obs\u00e9dants et visuellement saisissants du film.<\/p>\n<p>Et c&#39;est devenu le dernier d&#39;une s\u00e9rie de lieux embl\u00e9matiques de la Norv\u00e8ge figurant dans des productions cin\u00e9matographiques de renom.<\/p>\n<h2 class=\"wp-block-heading\">Le r\u00f4le de la Norv\u00e8ge dans \u00ab No Time to Die \u00bb<\/h2>\n<p>En tant que derni\u00e8re sortie de Daniel Craig dans le r\u00f4le de 007, No Time to Die s&#39;appuie fortement sur les th\u00e8mes de la m\u00e9moire, de l&#39;isolement et de la distance \u00e9motionnelle. La Norv\u00e8ge offre le cadre id\u00e9al pour cela.<\/p>\n<p>Le film s&#39;ouvre sur une s\u00e9quence dramatique centr\u00e9e sur l&#39;enfance de Madeleine Swann, dans un paysage hivernal aust\u00e8re de lacs gel\u00e9s et de for\u00eat dense. C&#39;est calme, isol\u00e9 et troublant. En d\u2019autres termes, incontestablement nordique.<\/p>\n<figure class=\"wp-block-image size-large\"><img loading=\"lazy\" data-lazyloaded=\"1\" data-placeholder-resp=\"768x494\" decoding=\"async\" width=\"768\" height=\"494\" src=\"https:\/\/www.svalbard.fr\/actualites\/wp-content\/uploads\/2026\/03\/1774518984_984_La-Norvege-appelle-Bond-James-Bond.jpg\" alt=\"Graphique illustratif de style 007.\" class=\"wp-image-85716\"  data-><noscript><img loading=\"lazy\" decoding=\"async\" width=\"768\" height=\"494\" src=\"https:\/\/www.svalbard.fr\/actualites\/wp-content\/uploads\/2026\/03\/1774518984_984_La-Norvege-appelle-Bond-James-Bond.jpg\" alt=\"Graphique illustratif de style 007.\" class=\"wp-image-85716\"  ><\/noscript><\/figure>\n<p>Le r\u00e9alisateur Cary Joji Fukunaga a expliqu\u00e9 plus tard que le sentiment d&#39;espace et d&#39;intimit\u00e9 de la Norv\u00e8ge en faisait un choix naturel pour l&#39;histoire. Des cabanes isol\u00e9es, de longues distances et une culture qui valorise la solitude ont tous contribu\u00e9 \u00e0 ancrer le r\u00e9cit dans quelque chose de cr\u00e9dible.<\/p>\n<h2 class=\"wp-block-heading\">Le lac gel\u00e9 pr\u00e8s d&#39;Oslo<\/h2>\n<p>La s\u00e9quence d&#39;ouverture du film a \u00e9t\u00e9 tourn\u00e9e pr\u00e8s de Langvann, un lac situ\u00e9 dans les collines bois\u00e9es au nord d&#39;Oslo, pr\u00e8s de Nittedal et Hakadal.<\/p>\n<p>M\u00eame si l\u2019histoire sugg\u00e8re une maison d\u2019enfance isol\u00e9e, la r\u00e9alit\u00e9 est que cet endroit est \u00e9tonnamment proche de la capitale norv\u00e9gienne. Ce contraste est typique de la Norv\u00e8ge : une v\u00e9ritable nature sauvage, \u00e0 une courte distance de la vie urbaine.<\/p>\n<p>Le tournage ici \u00e9tait loin d\u2019\u00eatre simple. La production a construit une maison directement sur le lac gel\u00e9, pour se retrouver face \u00e0 un d\u00e9gel pr\u00e9coce. Les temp\u00e9ratures printani\u00e8res plus chaudes que pr\u00e9vu ont signifi\u00e9 que la glace a commenc\u00e9 \u00e0 ramollir, mettant en danger \u00e0 la fois le d\u00e9cor et le calendrier.<\/p>\n<p><iframe loading=\"lazy\" title=\"No Time to Die James Bond \u2013 Opening Scene - Frozen Lake in Norway \u2013 Flashback\" width=\"1200\" height=\"675\" src=\"https:\/\/www.youtube.com\/embed\/rUKNgDO6t6Y?feature=oembed\" frameborder=\"0\" allow=\"accelerometer; autoplay; clipboard-write; encrypted-media; gyroscope; picture-in-picture; web-share\" referrerpolicy=\"strict-origin-when-cross-origin\" allowfullscreen><\/iframe><\/p>\n<p>\u00c0 un moment donn\u00e9, les cin\u00e9astes travaillaient litt\u00e9ralement contre la montre alors que la structure mena\u00e7ait de s&#39;enfoncer dans le lac. C&#39;est un d\u00e9tail qui ajoute une autre couche \u00e0 la s\u00e9quence. La tension \u00e0 l\u2019\u00e9cran se refl\u00e9tait en partie dans les conditions derri\u00e8re la cam\u00e9ra.<\/p>\n<h2 class=\"wp-block-heading\">Bond sur la route de l\u2019oc\u00e9an Atlantique<\/h2>\n<p>S&#39;il y a un endroit norv\u00e9gien qui vole vraiment la vedette, c&#39;est bien la route de l&#39;oc\u00e9an Atlantique.<\/p>\n<p>Cet extraordinaire tron\u00e7on de route c\u00f4ti\u00e8re, qui fait partie de la route panoramique nationale de 36 kilom\u00e8tres, serpente \u00e0 travers une cha\u00eene d&#39;\u00eeles basses via une s\u00e9rie de ponts majestueux.<\/p>\n<p>Elle a longtemps \u00e9t\u00e9 consid\u00e9r\u00e9e comme l\u2019une des routes les plus pittoresques au monde. Avec Bond, il acquiert une nouvelle identit\u00e9 cin\u00e9matographique.<\/p>\n<p>La route appara\u00eet au cours des derni\u00e8res s\u00e9quences d&#39;action du film, o\u00f9 sa position expos\u00e9e et ses courbes dramatiques amplifient le sentiment de danger. M\u00eame sans circulation, on a l\u2019impression d\u2019\u00eatre dans un endroit o\u00f9 les \u00e9l\u00e9ments sont toujours sous contr\u00f4le.<\/p>\n<figure class=\"wp-block-image size-large\"><img loading=\"lazy\" data-lazyloaded=\"1\" data-placeholder-resp=\"768x433\" decoding=\"async\" width=\"768\" height=\"433\" src=\"https:\/\/www.svalbard.fr\/actualites\/wp-content\/uploads\/2026\/03\/1774518985_495_La-Norvege-appelle-Bond-James-Bond.jpg\" alt=\"Route panoramique nationale de la Route de l&#39;Atlantique en Norv\u00e8ge.\" class=\"wp-image-77385\"  data-><noscript><img loading=\"lazy\" decoding=\"async\" width=\"768\" height=\"433\" src=\"https:\/\/www.svalbard.fr\/actualites\/wp-content\/uploads\/2026\/03\/1774518985_495_La-Norvege-appelle-Bond-James-Bond.jpg\" alt=\"Route panoramique nationale de la Route de l&#39;Atlantique en Norv\u00e8ge.\" class=\"wp-image-77385\"  ><\/noscript><\/figure>\n<p>Pour les voyageurs, c&#39;est l&#39;un des sites Bond les plus accessibles de Norv\u00e8ge. Vous pouvez parcourir le m\u00eame itin\u00e9raire, vous arr\u00eater aux points de vue et d\u00e9couvrir la m\u00eame m\u00e9t\u00e9o changeante et les vastes vues sur l&#39;oc\u00e9an qui l&#39;ont rendu si convaincant \u00e0 l&#39;\u00e9cran.<\/p>\n<h2 class=\"wp-block-heading\">Tout n&#39;est pas ce qu&#39;il para\u00eet<\/h2>\n<p>L\u2019un des aspects les plus int\u00e9ressants de No Time to Die est la fa\u00e7on dont il m\u00e9lange les lieux.<\/p>\n<p>Bien que la Norv\u00e8ge fournisse des sc\u00e8nes cl\u00e9s, la s\u00e9quence compl\u00e8te de poursuite en voiture n&#39;est pas enti\u00e8rement film\u00e9e ici. Au lieu de cela, il est construit \u00e0 partir d\u2019images tourn\u00e9es dans plusieurs pays, dont le Royaume-Uni et l\u2019\u00c9cosse.<\/p>\n<p>En fait, ce qui semble \u00eatre un voyage continu \u00e0 travers un paysage de fjords norv\u00e9giens est en r\u00e9alit\u00e9 un m\u00e9lange soigneusement assembl\u00e9 de diff\u00e9rents lieux.<\/p>\n<p>C&#39;est un rappel du fonctionnement du cin\u00e9ma moderne. La Norv\u00e8ge fournit le drame brut, mais le r\u00e9sultat final n\u2019est qu\u2019une illusion sans faille.<\/p>\n<h2 class=\"wp-block-heading\">Pourquoi la Norv\u00e8ge fonctionne si bien \u00e0 l&#39;\u00e9cran<\/h2>\n<p>La Norv\u00e8ge a toujours eu un potentiel cin\u00e9matographique, mais des films comme Mourir peut attendre montrent exactement pourquoi.<\/p>\n<p>Il y a d\u2019abord le paysage. Peu d\u2019endroits offrent une telle combinaison de montagnes, de c\u00f4tes, de for\u00eats et d\u2019espaces ouverts sur des distances relativement courtes.<\/p>\n<figure class=\"wp-block-image size-large\"><img loading=\"lazy\" data-lazyloaded=\"1\" data-placeholder-resp=\"768x512\" decoding=\"async\" width=\"768\" height=\"512\" src=\"https:\/\/www.svalbard.fr\/actualites\/wp-content\/uploads\/2026\/03\/1774518985_404_La-Norvege-appelle-Bond-James-Bond.jpg\" alt=\"Homme au point de vue du fjord en Norv\u00e8ge.\" class=\"wp-image-85717\"  data-><noscript><img loading=\"lazy\" decoding=\"async\" width=\"768\" height=\"512\" src=\"https:\/\/www.svalbard.fr\/actualites\/wp-content\/uploads\/2026\/03\/1774518985_404_La-Norvege-appelle-Bond-James-Bond.jpg\" alt=\"Homme au point de vue du fjord en Norv\u00e8ge.\" class=\"wp-image-85717\"  ><\/noscript><\/figure>\n<p>Ensuite, il y a la lumi\u00e8re. Qu&#39;il s&#39;agisse des tons bleu profond de l&#39;hiver ou de la douce lueur du soleil du bas Arctique, la Norv\u00e8ge cr\u00e9e naturellement une atmosph\u00e8re difficile \u00e0 reproduire en studio.<\/p>\n<p>Et enfin, il y a le sentiment d\u2019\u00e9chelle. M\u00eame dans une franchise mondiale comme Bond, la Norv\u00e8ge semble v\u00e9ritablement isol\u00e9e. Cela compte lorsque l\u2019histoire appelle \u00e0 l\u2019isolement et \u00e0 la tension.<\/p>\n<h2 class=\"wp-block-heading\">Une destination en pleine croissance pour les productions cin\u00e9matographiques<\/h2>\n<p>Bond est loin d&#39;\u00eatre la seule grande production \u00e0 profiter du paysage norv\u00e9gien.<\/p>\n<p>Le gouvernement norv\u00e9gien propose un programme d&#39;incitation \u00e0 la production, remboursant une partie des co\u00fbts aux cin\u00e9astes internationaux. L&#39;objectif n&#39;est pas seulement d&#39;attirer des projets \u00e0 gros budget, mais aussi de renforcer l&#39;industrie cin\u00e9matographique nationale et de pr\u00e9senter les paysages du pays au public mondial.<\/p>\n<p>Les productions pr\u00e9c\u00e9dentes ont d\u00e9j\u00e0 fait leur marque. Ex Machina a utilis\u00e9 l&#39;\u00e9tonnant Juvet Landscape Hotel comme retraite futuriste, tandis que Mission : Impossible \u2013 Fallout a attir\u00e9 l&#39;attention du monde entier sur Preikestolen avec sa sc\u00e8ne vertigineuse au bord d&#39;une falaise.<\/p>\n<p>Avec Bond d\u00e9sormais ajout\u00e9 \u00e0 cette liste, la r\u00e9putation de la Norv\u00e8ge en tant que destination de tournage continue de cro\u00eetre.<\/p>\n<p>Ce que No Time to Die d\u00e9montre, c\u2019est que la Norv\u00e8ge est bien plus qu\u2019un simple d\u00e9cor magnifique. Cela fa\u00e7onne l\u2019histoire.<\/p>\n<p>Le silence des for\u00eats, la fragilit\u00e9 des glaces et l&#39;exposition de la c\u00f4te atlantique nourrissent le ton \u00e9motionnel du film. Ce ne sont pas des emplacements interchangeables. Ils font partie int\u00e9grante de la fa\u00e7on dont l\u2019histoire se d\u00e9roule.<\/p>\n<p>En 2018, la Norv\u00e8ge \u00e9tait simplement \u00ab \u00e0 l\u2019\u00e9tude \u00bb pour Bond. Aujourd&#39;hui, cela fait partie de l&#39;histoire de Bond.<\/p>\n<\/p><\/div>\n","protected":false},"excerpt":{"rendered":"<p>La rumeur est devenue r\u00e9alit\u00e9. Lorsque la derni\u00e8re sortie de Daniel Craig dans le r\u00f4le de 007 est sortie sur grand \u00e9cran, la Norv\u00e8ge a<\/p>\n","protected":false},"author":1,"featured_media":5353,"comment_status":"","ping_status":"","sticky":false,"template":"","format":"standard","meta":{"footnotes":""},"categories":[2277],"tags":[5851,5853,5855,6],"yoast_head":"<!-- This site is optimized with the Yoast SEO plugin v21.0 - https:\/\/yoast.com\/wordpress\/plugins\/seo\/ -->\n<title>La Norv\u00e8ge appelle Bond, James Bond<\/title>\n<meta name=\"robots\" content=\"index, follow, max-snippet:-1, max-image-preview:large, max-video-preview:-1\" \/>\n<link rel=\"canonical\" href=\"https:\/\/www.svalbard.fr\/actualites\/la-norvege-appelle-bond-james-bond\/\" \/>\n<meta property=\"og:locale\" content=\"fr_FR\" \/>\n<meta property=\"og:type\" content=\"article\" \/>\n<meta property=\"og:title\" content=\"La Norv\u00e8ge appelle Bond, James Bond\" \/>\n<meta property=\"og:description\" content=\"La rumeur est devenue r\u00e9alit\u00e9. Lorsque la derni\u00e8re sortie de Daniel Craig dans le r\u00f4le de 007 est sortie sur grand \u00e9cran, la Norv\u00e8ge a\" \/>\n<meta property=\"og:url\" content=\"https:\/\/www.svalbard.fr\/actualites\/la-norvege-appelle-bond-james-bond\/\" \/>\n<meta property=\"og:site_name\" content=\"www.Svalbard.fr\" \/>\n<meta property=\"article:published_time\" content=\"2026-03-26T09:56:25+00:00\" \/>\n<meta property=\"og:image\" content=\"https:\/\/www.svalbard.fr\/actualites\/wp-content\/uploads\/2026\/03\/La-Norvege-appelle-Bond-James-Bond.jpg\" \/>\n<meta name=\"author\" content=\"Hilmar\" \/>\n<meta name=\"twitter:card\" content=\"summary_large_image\" \/>\n<meta name=\"twitter:label1\" content=\"\u00c9crit par\" \/>\n\t<meta name=\"twitter:data1\" content=\"Hilmar\" \/>\n\t<meta name=\"twitter:label2\" content=\"Dur\u00e9e de lecture estim\u00e9e\" \/>\n\t<meta name=\"twitter:data2\" content=\"6 minutes\" \/>\n<script type=\"application\/ld+json\" class=\"yoast-schema-graph\">{\"@context\":\"https:\/\/schema.org\",\"@graph\":[{\"@type\":\"Article\",\"@id\":\"https:\/\/www.svalbard.fr\/actualites\/la-norvege-appelle-bond-james-bond\/#article\",\"isPartOf\":{\"@id\":\"https:\/\/www.svalbard.fr\/actualites\/la-norvege-appelle-bond-james-bond\/\"},\"author\":{\"name\":\"Hilmar\",\"@id\":\"https:\/\/www.svalbard.fr\/actualites\/#\/schema\/person\/a2f937d5712222366738fae98755c600\"},\"headline\":\"La Norv\u00e8ge appelle Bond, James Bond\",\"datePublished\":\"2026-03-26T09:56:25+00:00\",\"dateModified\":\"2026-03-26T09:56:25+00:00\",\"mainEntityOfPage\":{\"@id\":\"https:\/\/www.svalbard.fr\/actualites\/la-norvege-appelle-bond-james-bond\/\"},\"wordCount\":1248,\"publisher\":{\"@id\":\"https:\/\/www.svalbard.fr\/actualites\/#organization\"},\"keywords\":[\"appelle\",\"Bond\",\"James\",\"Norv\u00e8ge\"],\"inLanguage\":\"fr-FR\"},{\"@type\":\"WebPage\",\"@id\":\"https:\/\/www.svalbard.fr\/actualites\/la-norvege-appelle-bond-james-bond\/\",\"url\":\"https:\/\/www.svalbard.fr\/actualites\/la-norvege-appelle-bond-james-bond\/\",\"name\":\"La Norv\u00e8ge appelle Bond, James Bond\",\"isPartOf\":{\"@id\":\"https:\/\/www.svalbard.fr\/actualites\/#website\"},\"datePublished\":\"2026-03-26T09:56:25+00:00\",\"dateModified\":\"2026-03-26T09:56:25+00:00\",\"breadcrumb\":{\"@id\":\"https:\/\/www.svalbard.fr\/actualites\/la-norvege-appelle-bond-james-bond\/#breadcrumb\"},\"inLanguage\":\"fr-FR\",\"potentialAction\":[{\"@type\":\"ReadAction\",\"target\":[\"https:\/\/www.svalbard.fr\/actualites\/la-norvege-appelle-bond-james-bond\/\"]}]},{\"@type\":\"BreadcrumbList\",\"@id\":\"https:\/\/www.svalbard.fr\/actualites\/la-norvege-appelle-bond-james-bond\/#breadcrumb\",\"itemListElement\":[{\"@type\":\"ListItem\",\"position\":1,\"name\":\"Accueil\",\"item\":\"https:\/\/www.svalbard.fr\/actualites\/\"},{\"@type\":\"ListItem\",\"position\":2,\"name\":\"La Norv\u00e8ge appelle Bond, James Bond\"}]},{\"@type\":\"WebSite\",\"@id\":\"https:\/\/www.svalbard.fr\/actualites\/#website\",\"url\":\"https:\/\/www.svalbard.fr\/actualites\/\",\"name\":\"www.Svalbard.fr\",\"description\":\"\",\"publisher\":{\"@id\":\"https:\/\/www.svalbard.fr\/actualites\/#organization\"},\"potentialAction\":[{\"@type\":\"SearchAction\",\"target\":{\"@type\":\"EntryPoint\",\"urlTemplate\":\"https:\/\/www.svalbard.fr\/actualites\/?s={search_term_string}\"},\"query-input\":\"required name=search_term_string\"}],\"inLanguage\":\"fr-FR\"},{\"@type\":\"Organization\",\"@id\":\"https:\/\/www.svalbard.fr\/actualites\/#organization\",\"name\":\"www.Svalbard.fr\",\"url\":\"https:\/\/www.svalbard.fr\/actualites\/\",\"logo\":{\"@type\":\"ImageObject\",\"inLanguage\":\"fr-FR\",\"@id\":\"https:\/\/www.svalbard.fr\/actualites\/#\/schema\/logo\/image\/\",\"url\":\"https:\/\/www.svalbard.fr\/actualites\/wp-content\/uploads\/2023\/09\/head-nom.jpg\",\"contentUrl\":\"https:\/\/www.svalbard.fr\/actualites\/wp-content\/uploads\/2023\/09\/head-nom.jpg\",\"width\":264,\"height\":35,\"caption\":\"www.Svalbard.fr\"},\"image\":{\"@id\":\"https:\/\/www.svalbard.fr\/actualites\/#\/schema\/logo\/image\/\"}},{\"@type\":\"Person\",\"@id\":\"https:\/\/www.svalbard.fr\/actualites\/#\/schema\/person\/a2f937d5712222366738fae98755c600\",\"name\":\"Hilmar\",\"image\":{\"@type\":\"ImageObject\",\"inLanguage\":\"fr-FR\",\"@id\":\"https:\/\/www.svalbard.fr\/actualites\/#\/schema\/person\/image\/\",\"url\":\"https:\/\/secure.gravatar.com\/avatar\/4daa437093476dbc32da415c112b6512?s=96&d=mm&r=g\",\"contentUrl\":\"https:\/\/secure.gravatar.com\/avatar\/4daa437093476dbc32da415c112b6512?s=96&d=mm&r=g\",\"caption\":\"Hilmar\"},\"description\":\"Hilmar est un passionn\u00e9 des r\u00e9gions polaires, sp\u00e9cialis\u00e9 dans la r\u00e9daction d'articles sur le Spitzberg et autres destinations arctiques. Il apporte son expertise et sa passion pour l'Arctique au sein de l'\u00e9quipe de r\u00e9daction de Svalbard depuis de nombreuses ann\u00e9es.\",\"sameAs\":[\"https:\/\/www.svalbard.fr\/\"]}]}<\/script>\n<!-- \/ Yoast SEO plugin. -->","yoast_head_json":{"title":"La Norv\u00e8ge appelle Bond, James Bond","robots":{"index":"index","follow":"follow","max-snippet":"max-snippet:-1","max-image-preview":"max-image-preview:large","max-video-preview":"max-video-preview:-1"},"canonical":"https:\/\/www.svalbard.fr\/actualites\/la-norvege-appelle-bond-james-bond\/","og_locale":"fr_FR","og_type":"article","og_title":"La Norv\u00e8ge appelle Bond, James Bond","og_description":"La rumeur est devenue r\u00e9alit\u00e9. Lorsque la derni\u00e8re sortie de Daniel Craig dans le r\u00f4le de 007 est sortie sur grand \u00e9cran, la Norv\u00e8ge a","og_url":"https:\/\/www.svalbard.fr\/actualites\/la-norvege-appelle-bond-james-bond\/","og_site_name":"www.Svalbard.fr","article_published_time":"2026-03-26T09:56:25+00:00","og_image":[{"url":"https:\/\/www.svalbard.fr\/actualites\/wp-content\/uploads\/2026\/03\/La-Norvege-appelle-Bond-James-Bond.jpg"}],"author":"Hilmar","twitter_card":"summary_large_image","twitter_misc":{"\u00c9crit par":"Hilmar","Dur\u00e9e de lecture estim\u00e9e":"6 minutes"},"schema":{"@context":"https:\/\/schema.org","@graph":[{"@type":"Article","@id":"https:\/\/www.svalbard.fr\/actualites\/la-norvege-appelle-bond-james-bond\/#article","isPartOf":{"@id":"https:\/\/www.svalbard.fr\/actualites\/la-norvege-appelle-bond-james-bond\/"},"author":{"name":"Hilmar","@id":"https:\/\/www.svalbard.fr\/actualites\/#\/schema\/person\/a2f937d5712222366738fae98755c600"},"headline":"La Norv\u00e8ge appelle Bond, James Bond","datePublished":"2026-03-26T09:56:25+00:00","dateModified":"2026-03-26T09:56:25+00:00","mainEntityOfPage":{"@id":"https:\/\/www.svalbard.fr\/actualites\/la-norvege-appelle-bond-james-bond\/"},"wordCount":1248,"publisher":{"@id":"https:\/\/www.svalbard.fr\/actualites\/#organization"},"keywords":["appelle","Bond","James","Norv\u00e8ge"],"inLanguage":"fr-FR"},{"@type":"WebPage","@id":"https:\/\/www.svalbard.fr\/actualites\/la-norvege-appelle-bond-james-bond\/","url":"https:\/\/www.svalbard.fr\/actualites\/la-norvege-appelle-bond-james-bond\/","name":"La Norv\u00e8ge appelle Bond, James Bond","isPartOf":{"@id":"https:\/\/www.svalbard.fr\/actualites\/#website"},"datePublished":"2026-03-26T09:56:25+00:00","dateModified":"2026-03-26T09:56:25+00:00","breadcrumb":{"@id":"https:\/\/www.svalbard.fr\/actualites\/la-norvege-appelle-bond-james-bond\/#breadcrumb"},"inLanguage":"fr-FR","potentialAction":[{"@type":"ReadAction","target":["https:\/\/www.svalbard.fr\/actualites\/la-norvege-appelle-bond-james-bond\/"]}]},{"@type":"BreadcrumbList","@id":"https:\/\/www.svalbard.fr\/actualites\/la-norvege-appelle-bond-james-bond\/#breadcrumb","itemListElement":[{"@type":"ListItem","position":1,"name":"Accueil","item":"https:\/\/www.svalbard.fr\/actualites\/"},{"@type":"ListItem","position":2,"name":"La Norv\u00e8ge appelle Bond, James Bond"}]},{"@type":"WebSite","@id":"https:\/\/www.svalbard.fr\/actualites\/#website","url":"https:\/\/www.svalbard.fr\/actualites\/","name":"www.Svalbard.fr","description":"","publisher":{"@id":"https:\/\/www.svalbard.fr\/actualites\/#organization"},"potentialAction":[{"@type":"SearchAction","target":{"@type":"EntryPoint","urlTemplate":"https:\/\/www.svalbard.fr\/actualites\/?s={search_term_string}"},"query-input":"required name=search_term_string"}],"inLanguage":"fr-FR"},{"@type":"Organization","@id":"https:\/\/www.svalbard.fr\/actualites\/#organization","name":"www.Svalbard.fr","url":"https:\/\/www.svalbard.fr\/actualites\/","logo":{"@type":"ImageObject","inLanguage":"fr-FR","@id":"https:\/\/www.svalbard.fr\/actualites\/#\/schema\/logo\/image\/","url":"https:\/\/www.svalbard.fr\/actualites\/wp-content\/uploads\/2023\/09\/head-nom.jpg","contentUrl":"https:\/\/www.svalbard.fr\/actualites\/wp-content\/uploads\/2023\/09\/head-nom.jpg","width":264,"height":35,"caption":"www.Svalbard.fr"},"image":{"@id":"https:\/\/www.svalbard.fr\/actualites\/#\/schema\/logo\/image\/"}},{"@type":"Person","@id":"https:\/\/www.svalbard.fr\/actualites\/#\/schema\/person\/a2f937d5712222366738fae98755c600","name":"Hilmar","image":{"@type":"ImageObject","inLanguage":"fr-FR","@id":"https:\/\/www.svalbard.fr\/actualites\/#\/schema\/person\/image\/","url":"https:\/\/secure.gravatar.com\/avatar\/4daa437093476dbc32da415c112b6512?s=96&d=mm&r=g","contentUrl":"https:\/\/secure.gravatar.com\/avatar\/4daa437093476dbc32da415c112b6512?s=96&d=mm&r=g","caption":"Hilmar"},"description":"Hilmar est un passionn\u00e9 des r\u00e9gions polaires, sp\u00e9cialis\u00e9 dans la r\u00e9daction d'articles sur le Spitzberg et autres destinations arctiques. Il apporte son expertise et sa passion pour l'Arctique au sein de l'\u00e9quipe de r\u00e9daction de Svalbard depuis de nombreuses ann\u00e9es.","sameAs":["https:\/\/www.svalbard.fr\/"]}]}},"_links":{"self":[{"href":"https:\/\/www.svalbard.fr\/actualites\/wp-json\/wp\/v2\/posts\/5352"}],"collection":[{"href":"https:\/\/www.svalbard.fr\/actualites\/wp-json\/wp\/v2\/posts"}],"about":[{"href":"https:\/\/www.svalbard.fr\/actualites\/wp-json\/wp\/v2\/types\/post"}],"author":[{"embeddable":true,"href":"https:\/\/www.svalbard.fr\/actualites\/wp-json\/wp\/v2\/users\/1"}],"replies":[{"embeddable":true,"href":"https:\/\/www.svalbard.fr\/actualites\/wp-json\/wp\/v2\/comments?post=5352"}],"version-history":[{"count":0,"href":"https:\/\/www.svalbard.fr\/actualites\/wp-json\/wp\/v2\/posts\/5352\/revisions"}],"wp:featuredmedia":[{"embeddable":true,"href":"https:\/\/www.svalbard.fr\/actualites\/wp-json\/wp\/v2\/media\/5353"}],"wp:attachment":[{"href":"https:\/\/www.svalbard.fr\/actualites\/wp-json\/wp\/v2\/media?parent=5352"}],"wp:term":[{"taxonomy":"category","embeddable":true,"href":"https:\/\/www.svalbard.fr\/actualites\/wp-json\/wp\/v2\/categories?post=5352"},{"taxonomy":"post_tag","embeddable":true,"href":"https:\/\/www.svalbard.fr\/actualites\/wp-json\/wp\/v2\/tags?post=5352"}],"curies":[{"name":"wp","href":"https:\/\/api.w.org\/{rel}","templated":true}]}}