{"id":5356,"date":"2026-03-28T07:57:12","date_gmt":"2026-03-28T06:57:12","guid":{"rendered":"https:\/\/www.svalbard.fr\/actualites\/la-norvege-augmente-ses-depenses-de-defense-en-reponse-aux-tensions-mondiales\/"},"modified":"2026-03-28T07:57:12","modified_gmt":"2026-03-28T06:57:12","slug":"la-norvege-augmente-ses-depenses-de-defense-en-reponse-aux-tensions-mondiales","status":"publish","type":"post","link":"https:\/\/www.svalbard.fr\/actualites\/la-norvege-augmente-ses-depenses-de-defense-en-reponse-aux-tensions-mondiales\/","title":{"rendered":"La Norv\u00e8ge augmente ses d\u00e9penses de d\u00e9fense en r\u00e9ponse aux tensions mondiales"},"content":{"rendered":"<div itemprop=\"text\">\n\t\t\t<span id=\"dpsp-post-content-markup\" data-image-pin-it=\"false\"><\/span><\/p>\n<p class=\"intro\">La Norv\u00e8ge entrera dans une nouvelle \u00e8re de d\u00e9penses de d\u00e9fense au cours de la prochaine d\u00e9cennie, en engageant 115 milliards de couronnes suppl\u00e9mentaires (12 milliards de dollars) en r\u00e9ponse \u00e0 un environnement de s\u00e9curit\u00e9 plus incertain.<\/p>\n<p>Le plan \u00e0 long terme actualis\u00e9, pr\u00e9sent\u00e9 par le Premier ministre Jonas Gahr St\u00f8re et le ministre de la D\u00e9fense Tore O. Sandvik, verra la Norv\u00e8ge consacrer 3,5 % de son PIB \u00e0 la d\u00e9fense d&#39;ici 2035, conform\u00e9ment \u00e0 l&#39;\u00e9volution des attentes de l&#39;OTAN.<\/p>\n<figure class=\"wp-block-image size-large\"><img data-lazyloaded=\"1\" data-placeholder-resp=\"768x432\" fetchpriority=\"high\" decoding=\"async\" width=\"768\" height=\"432\" src=\"https:\/\/www.svalbard.fr\/actualites\/wp-content\/uploads\/2026\/03\/La-Norvege-augmente-ses-depenses-de-defense-en-reponse-aux.jpg\" alt=\"B\u00e2timent du Parlement norv\u00e9gien \u00e0 Oslo, Norv\u00e8ge. Photo : David Nikel.\" class=\"wp-image-85725\"  data-><noscript><img fetchpriority=\"high\" decoding=\"async\" width=\"768\" height=\"432\" src=\"https:\/\/www.svalbard.fr\/actualites\/wp-content\/uploads\/2026\/03\/La-Norvege-augmente-ses-depenses-de-defense-en-reponse-aux.jpg\" alt=\"B\u00e2timent du Parlement norv\u00e9gien \u00e0 Oslo, Norv\u00e8ge. Photo : David Nikel.\" class=\"wp-image-85725\"  ><\/noscript><\/figure>\n<p>Le gouvernement affirme que cette d\u00e9cision refl\u00e8te une d\u00e9t\u00e9rioration de la situation s\u00e9curitaire mondiale, en particulier \u00e0 la suite de l&#39;invasion \u00e0 grande \u00e9chelle de l&#39;Ukraine par la Russie.<\/p>\n<h2 class=\"wp-block-heading\">Une r\u00e9ponse \u00e0 un paysage de s\u00e9curit\u00e9 en \u00e9volution<\/h2>\n<p>La Norv\u00e8ge, qui partage une fronti\u00e8re terrestre et maritime avec la Russie dans l\u2019Arctique, s\u2019est de plus en plus concentr\u00e9e sur le renforcement de ses d\u00e9fenses et de sa pr\u00e9paration au nord.<\/p>\n<p>\u00ab\u00a0Il s&#39;agit d&#39;une priorit\u00e9 majeure pour renforcer les capacit\u00e9s de d\u00e9fense de la Norv\u00e8ge face \u00e0 une situation s\u00e9curitaire devenue plus grave et impr\u00e9visible\u00a0\u00bb, a d\u00e9clar\u00e9 le Premier ministre Jonas Gahr St\u00f8re lors de la pr\u00e9sentation du plan.<\/p>\n<p>Cette augmentation s\u2019appuie sur un engagement de d\u00e9fense d\u00e9j\u00e0 substantiel. La Norv\u00e8ge avait pr\u00e9c\u00e9demment annonc\u00e9 des d\u00e9penses de plus de 1\u00a0600 milliards de couronnes (165 milliards de dollars) entre 2025 et 2036, ce qui signifie que l\u2019investissement total va d\u00e9sormais encore augmenter.<\/p>\n<h2 class=\"wp-block-heading\">Nouveaux sous-marins, fr\u00e9gates et d\u00e9ploiement plus rapide<\/h2>\n<p>Une grande partie du financement sera consacr\u00e9e \u00e0 la modernisation des capacit\u00e9s navales et militaires de la Norv\u00e8ge.<\/p>\n<p>Les plans comprennent l\u2019acquisition de six nouveaux sous-marins, le premier devant \u00eatre livr\u00e9 en 2029, ainsi qu\u2019au moins cinq nouvelles fr\u00e9gates qui devraient entrer en service au d\u00e9but des ann\u00e9es 2030. Ces investissements refl\u00e8tent un int\u00e9r\u00eat strat\u00e9gique croissant pour les r\u00e9gions de l\u2019Atlantique Nord et de l\u2019Arctique.<\/p>\n<p>Le plan actualis\u00e9 acc\u00e9l\u00e8re \u00e9galement le d\u00e9veloppement de la brigade Finnmark dans le nord de la Norv\u00e8ge, qui devrait d\u00e9sormais devenir pleinement op\u00e9rationnelle plus t\u00f4t que pr\u00e9vu.<\/p>\n<p>Cette d\u00e9cision souligne l&#39;importance du Grand Nord norv\u00e9gien, o\u00f9 l&#39;activit\u00e9 militaire s&#39;est intensifi\u00e9e ces derni\u00e8res ann\u00e9es.<\/p>\n<h2 class=\"wp-block-heading\">Focus sur les drones, la d\u00e9fense a\u00e9rienne et la guerre \u00e9lectronique<\/h2>\n<p>Les le\u00e7ons tir\u00e9es de la guerre en Ukraine fa\u00e7onnent les priorit\u00e9s de la Norv\u00e8ge.<\/p>\n<p>Le gouvernement envisage de renforcer les capacit\u00e9s de d\u00e9fense a\u00e9rienne \u00e0 courte port\u00e9e, de d\u00e9fense contre les drones et de guerre \u00e9lectronique, reconnaissant le r\u00f4le croissant des syst\u00e8mes sans pilote et des menaces hybrides dans les conflits modernes.<\/p>\n<p>Dans le m\u00eame temps, certains grands projets ont \u00e9t\u00e9 retard\u00e9s. Les d\u00e9cisions concernant les syst\u00e8mes de d\u00e9fense a\u00e9rienne \u00e0 longue port\u00e9e et certains drones de surveillance maritime ont \u00e9t\u00e9 report\u00e9es, en partie en raison des co\u00fbts \u00e9lev\u00e9s et de l&#39;\u00e9volution rapide de la technologie.<\/p>\n<p>Le chef de la D\u00e9fense, Eirik Kristoffersen, a d\u00e9clar\u00e9 qu&#39;il \u00e9tait important d&#39;adapter les plans d&#39;approvisionnement \u00e0 mesure que de nouvelles technologies \u00e9mergent, plut\u00f4t que de s&#39;engager trop t\u00f4t dans des syst\u00e8mes qui pourraient bient\u00f4t devenir obsol\u00e8tes.<\/p>\n<h2 class=\"wp-block-heading\">Un soutien politique, mais quelques critiques<\/h2>\n<p>L\u2019augmentation des d\u00e9penses de d\u00e9fense b\u00e9n\u00e9ficie d\u2019un large soutien politique, refl\u00e9tant un rare consensus au sein de la politique norv\u00e9gienne en mati\u00e8re de s\u00e9curit\u00e9 nationale.<\/p>\n<p>Cependant, le plan actualis\u00e9 a \u00e9galement suscit\u00e9 des critiques de la part des politiciens de l&#39;opposition, notamment en raison des retards dans la mise en place de syst\u00e8mes de d\u00e9fense a\u00e9rienne \u00e0 longue port\u00e9e et des inqui\u00e9tudes concernant les capacit\u00e9s de l&#39;arm\u00e9e.<\/p>\n<p>Certains estiment que la protection des principales agglom\u00e9rations, notamment la r\u00e9gion d&#39;Oslo, devrait \u00eatre une priorit\u00e9, compte tenu notamment du succ\u00e8s de la Norv\u00e8ge dans l&#39;exportation de syst\u00e8mes de d\u00e9fense a\u00e9rienne tels que le NASAMS.<\/p>\n<h2 class=\"wp-block-heading\">Un changement de priorit\u00e9s \u00e0 long terme<\/h2>\n<p>Le plan de d\u00e9fense actualis\u00e9 met en \u00e9vidence un changement plus large dans la pens\u00e9e strat\u00e9gique de la Norv\u00e8ge.<\/p>\n<p>Avec un environnement de s\u00e9curit\u00e9 plus instable, une activit\u00e9 militaire accrue dans l\u2019Arctique et une incertitude persistante concernant les alliances mondiales, la Norv\u00e8ge se positionne pour une p\u00e9riode d\u2019investissement soutenu dans la d\u00e9fense.<\/p>\n<p>Comme l&#39;a soulign\u00e9 St\u00f8re, le plan ne vise pas uniquement \u00e0 r\u00e9pondre aux besoins imm\u00e9diats, mais \u00e9galement \u00e0 garantir la s\u00e9curit\u00e9 \u00e0 long terme de la Norv\u00e8ge dans un monde de plus en plus impr\u00e9visible.<\/p>\n<p>Contrairement \u00e0 de nombreux pays de l\u2019OTAN, la Norv\u00e8ge se trouve dans une position financi\u00e8re solide pour financer son expansion en mati\u00e8re de d\u00e9fense.<\/p>\n<p>Gr\u00e2ce \u00e0 son fonds souverain, le plus important au monde, la Norv\u00e8ge n&#39;a pas besoin d&#39;emprunter pour financer l&#39;augmentation de ses d\u00e9penses militaires. Cela permet au gouvernement d\u2019augmenter les investissements tout en maintenant la stabilit\u00e9 budg\u00e9taire.<\/p>\n<\/p><\/div>\n","protected":false},"excerpt":{"rendered":"<p>La Norv\u00e8ge entrera dans une nouvelle \u00e8re de d\u00e9penses de d\u00e9fense au cours de la prochaine d\u00e9cennie, en engageant 115 milliards de couronnes suppl\u00e9mentaires (12<\/p>\n","protected":false},"author":1,"featured_media":5357,"comment_status":"","ping_status":"","sticky":false,"template":"","format":"standard","meta":{"footnotes":""},"categories":[2277],"tags":[1189,13,1082,1079,5861,6,5859,113,4967],"yoast_head":"<!-- This site is optimized with the Yoast SEO plugin v21.0 - https:\/\/yoast.com\/wordpress\/plugins\/seo\/ -->\n<title>La Norv\u00e8ge augmente ses d\u00e9penses de d\u00e9fense en r\u00e9ponse aux tensions mondiales<\/title>\n<meta name=\"robots\" content=\"index, follow, max-snippet:-1, max-image-preview:large, max-video-preview:-1\" \/>\n<link rel=\"canonical\" href=\"https:\/\/www.svalbard.fr\/actualites\/la-norvege-augmente-ses-depenses-de-defense-en-reponse-aux-tensions-mondiales\/\" \/>\n<meta property=\"og:locale\" content=\"fr_FR\" \/>\n<meta property=\"og:type\" content=\"article\" \/>\n<meta property=\"og:title\" content=\"La Norv\u00e8ge augmente ses d\u00e9penses de d\u00e9fense en r\u00e9ponse aux tensions mondiales\" \/>\n<meta property=\"og:description\" content=\"La Norv\u00e8ge entrera dans une nouvelle \u00e8re de d\u00e9penses de d\u00e9fense au cours de la prochaine d\u00e9cennie, en engageant 115 milliards de couronnes suppl\u00e9mentaires (12\" \/>\n<meta property=\"og:url\" content=\"https:\/\/www.svalbard.fr\/actualites\/la-norvege-augmente-ses-depenses-de-defense-en-reponse-aux-tensions-mondiales\/\" \/>\n<meta property=\"og:site_name\" content=\"www.Svalbard.fr\" \/>\n<meta property=\"article:published_time\" content=\"2026-03-28T06:57:12+00:00\" \/>\n<meta property=\"og:image\" content=\"https:\/\/www.svalbard.fr\/actualites\/wp-content\/uploads\/2026\/03\/La-Norvege-augmente-ses-depenses-de-defense-en-reponse-aux.jpg\" \/>\n<meta name=\"author\" content=\"Hilmar\" \/>\n<meta name=\"twitter:card\" content=\"summary_large_image\" \/>\n<meta name=\"twitter:label1\" content=\"\u00c9crit par\" \/>\n\t<meta name=\"twitter:data1\" content=\"Hilmar\" \/>\n\t<meta name=\"twitter:label2\" content=\"Dur\u00e9e de lecture estim\u00e9e\" \/>\n\t<meta name=\"twitter:data2\" content=\"5 minutes\" \/>\n<script type=\"application\/ld+json\" class=\"yoast-schema-graph\">{\"@context\":\"https:\/\/schema.org\",\"@graph\":[{\"@type\":\"Article\",\"@id\":\"https:\/\/www.svalbard.fr\/actualites\/la-norvege-augmente-ses-depenses-de-defense-en-reponse-aux-tensions-mondiales\/#article\",\"isPartOf\":{\"@id\":\"https:\/\/www.svalbard.fr\/actualites\/la-norvege-augmente-ses-depenses-de-defense-en-reponse-aux-tensions-mondiales\/\"},\"author\":{\"name\":\"Hilmar\",\"@id\":\"https:\/\/www.svalbard.fr\/actualites\/#\/schema\/person\/a2f937d5712222366738fae98755c600\"},\"headline\":\"La Norv\u00e8ge augmente ses d\u00e9penses de d\u00e9fense en r\u00e9ponse aux tensions mondiales\",\"datePublished\":\"2026-03-28T06:57:12+00:00\",\"dateModified\":\"2026-03-28T06:57:12+00:00\",\"mainEntityOfPage\":{\"@id\":\"https:\/\/www.svalbard.fr\/actualites\/la-norvege-augmente-ses-depenses-de-defense-en-reponse-aux-tensions-mondiales\/\"},\"wordCount\":917,\"publisher\":{\"@id\":\"https:\/\/www.svalbard.fr\/actualites\/#organization\"},\"keywords\":[\"augmente\",\"aux\",\"d\u00e9fense\",\"d\u00e9penses\",\"mondiales\",\"Norv\u00e8ge\",\"r\u00e9ponse\",\"ses\",\"tensions\"],\"inLanguage\":\"fr-FR\"},{\"@type\":\"WebPage\",\"@id\":\"https:\/\/www.svalbard.fr\/actualites\/la-norvege-augmente-ses-depenses-de-defense-en-reponse-aux-tensions-mondiales\/\",\"url\":\"https:\/\/www.svalbard.fr\/actualites\/la-norvege-augmente-ses-depenses-de-defense-en-reponse-aux-tensions-mondiales\/\",\"name\":\"La Norv\u00e8ge augmente ses d\u00e9penses de d\u00e9fense en r\u00e9ponse aux tensions mondiales\",\"isPartOf\":{\"@id\":\"https:\/\/www.svalbard.fr\/actualites\/#website\"},\"datePublished\":\"2026-03-28T06:57:12+00:00\",\"dateModified\":\"2026-03-28T06:57:12+00:00\",\"breadcrumb\":{\"@id\":\"https:\/\/www.svalbard.fr\/actualites\/la-norvege-augmente-ses-depenses-de-defense-en-reponse-aux-tensions-mondiales\/#breadcrumb\"},\"inLanguage\":\"fr-FR\",\"potentialAction\":[{\"@type\":\"ReadAction\",\"target\":[\"https:\/\/www.svalbard.fr\/actualites\/la-norvege-augmente-ses-depenses-de-defense-en-reponse-aux-tensions-mondiales\/\"]}]},{\"@type\":\"BreadcrumbList\",\"@id\":\"https:\/\/www.svalbard.fr\/actualites\/la-norvege-augmente-ses-depenses-de-defense-en-reponse-aux-tensions-mondiales\/#breadcrumb\",\"itemListElement\":[{\"@type\":\"ListItem\",\"position\":1,\"name\":\"Accueil\",\"item\":\"https:\/\/www.svalbard.fr\/actualites\/\"},{\"@type\":\"ListItem\",\"position\":2,\"name\":\"La Norv\u00e8ge augmente ses d\u00e9penses de d\u00e9fense en r\u00e9ponse aux tensions mondiales\"}]},{\"@type\":\"WebSite\",\"@id\":\"https:\/\/www.svalbard.fr\/actualites\/#website\",\"url\":\"https:\/\/www.svalbard.fr\/actualites\/\",\"name\":\"www.Svalbard.fr\",\"description\":\"\",\"publisher\":{\"@id\":\"https:\/\/www.svalbard.fr\/actualites\/#organization\"},\"potentialAction\":[{\"@type\":\"SearchAction\",\"target\":{\"@type\":\"EntryPoint\",\"urlTemplate\":\"https:\/\/www.svalbard.fr\/actualites\/?s={search_term_string}\"},\"query-input\":\"required name=search_term_string\"}],\"inLanguage\":\"fr-FR\"},{\"@type\":\"Organization\",\"@id\":\"https:\/\/www.svalbard.fr\/actualites\/#organization\",\"name\":\"www.Svalbard.fr\",\"url\":\"https:\/\/www.svalbard.fr\/actualites\/\",\"logo\":{\"@type\":\"ImageObject\",\"inLanguage\":\"fr-FR\",\"@id\":\"https:\/\/www.svalbard.fr\/actualites\/#\/schema\/logo\/image\/\",\"url\":\"https:\/\/www.svalbard.fr\/actualites\/wp-content\/uploads\/2023\/09\/head-nom.jpg\",\"contentUrl\":\"https:\/\/www.svalbard.fr\/actualites\/wp-content\/uploads\/2023\/09\/head-nom.jpg\",\"width\":264,\"height\":35,\"caption\":\"www.Svalbard.fr\"},\"image\":{\"@id\":\"https:\/\/www.svalbard.fr\/actualites\/#\/schema\/logo\/image\/\"}},{\"@type\":\"Person\",\"@id\":\"https:\/\/www.svalbard.fr\/actualites\/#\/schema\/person\/a2f937d5712222366738fae98755c600\",\"name\":\"Hilmar\",\"image\":{\"@type\":\"ImageObject\",\"inLanguage\":\"fr-FR\",\"@id\":\"https:\/\/www.svalbard.fr\/actualites\/#\/schema\/person\/image\/\",\"url\":\"https:\/\/secure.gravatar.com\/avatar\/4daa437093476dbc32da415c112b6512?s=96&d=mm&r=g\",\"contentUrl\":\"https:\/\/secure.gravatar.com\/avatar\/4daa437093476dbc32da415c112b6512?s=96&d=mm&r=g\",\"caption\":\"Hilmar\"},\"description\":\"Hilmar est un passionn\u00e9 des r\u00e9gions polaires, sp\u00e9cialis\u00e9 dans la r\u00e9daction d'articles sur le Spitzberg et autres destinations arctiques. Il apporte son expertise et sa passion pour l'Arctique au sein de l'\u00e9quipe de r\u00e9daction de Svalbard depuis de nombreuses ann\u00e9es.\",\"sameAs\":[\"https:\/\/www.svalbard.fr\/\"]}]}<\/script>\n<!-- \/ Yoast SEO plugin. -->","yoast_head_json":{"title":"La Norv\u00e8ge augmente ses d\u00e9penses de d\u00e9fense en r\u00e9ponse aux tensions mondiales","robots":{"index":"index","follow":"follow","max-snippet":"max-snippet:-1","max-image-preview":"max-image-preview:large","max-video-preview":"max-video-preview:-1"},"canonical":"https:\/\/www.svalbard.fr\/actualites\/la-norvege-augmente-ses-depenses-de-defense-en-reponse-aux-tensions-mondiales\/","og_locale":"fr_FR","og_type":"article","og_title":"La Norv\u00e8ge augmente ses d\u00e9penses de d\u00e9fense en r\u00e9ponse aux tensions mondiales","og_description":"La Norv\u00e8ge entrera dans une nouvelle \u00e8re de d\u00e9penses de d\u00e9fense au cours de la prochaine d\u00e9cennie, en engageant 115 milliards de couronnes suppl\u00e9mentaires (12","og_url":"https:\/\/www.svalbard.fr\/actualites\/la-norvege-augmente-ses-depenses-de-defense-en-reponse-aux-tensions-mondiales\/","og_site_name":"www.Svalbard.fr","article_published_time":"2026-03-28T06:57:12+00:00","og_image":[{"url":"https:\/\/www.svalbard.fr\/actualites\/wp-content\/uploads\/2026\/03\/La-Norvege-augmente-ses-depenses-de-defense-en-reponse-aux.jpg"}],"author":"Hilmar","twitter_card":"summary_large_image","twitter_misc":{"\u00c9crit par":"Hilmar","Dur\u00e9e de lecture estim\u00e9e":"5 minutes"},"schema":{"@context":"https:\/\/schema.org","@graph":[{"@type":"Article","@id":"https:\/\/www.svalbard.fr\/actualites\/la-norvege-augmente-ses-depenses-de-defense-en-reponse-aux-tensions-mondiales\/#article","isPartOf":{"@id":"https:\/\/www.svalbard.fr\/actualites\/la-norvege-augmente-ses-depenses-de-defense-en-reponse-aux-tensions-mondiales\/"},"author":{"name":"Hilmar","@id":"https:\/\/www.svalbard.fr\/actualites\/#\/schema\/person\/a2f937d5712222366738fae98755c600"},"headline":"La Norv\u00e8ge augmente ses d\u00e9penses de d\u00e9fense en r\u00e9ponse aux tensions mondiales","datePublished":"2026-03-28T06:57:12+00:00","dateModified":"2026-03-28T06:57:12+00:00","mainEntityOfPage":{"@id":"https:\/\/www.svalbard.fr\/actualites\/la-norvege-augmente-ses-depenses-de-defense-en-reponse-aux-tensions-mondiales\/"},"wordCount":917,"publisher":{"@id":"https:\/\/www.svalbard.fr\/actualites\/#organization"},"keywords":["augmente","aux","d\u00e9fense","d\u00e9penses","mondiales","Norv\u00e8ge","r\u00e9ponse","ses","tensions"],"inLanguage":"fr-FR"},{"@type":"WebPage","@id":"https:\/\/www.svalbard.fr\/actualites\/la-norvege-augmente-ses-depenses-de-defense-en-reponse-aux-tensions-mondiales\/","url":"https:\/\/www.svalbard.fr\/actualites\/la-norvege-augmente-ses-depenses-de-defense-en-reponse-aux-tensions-mondiales\/","name":"La Norv\u00e8ge augmente ses d\u00e9penses de d\u00e9fense en r\u00e9ponse aux tensions mondiales","isPartOf":{"@id":"https:\/\/www.svalbard.fr\/actualites\/#website"},"datePublished":"2026-03-28T06:57:12+00:00","dateModified":"2026-03-28T06:57:12+00:00","breadcrumb":{"@id":"https:\/\/www.svalbard.fr\/actualites\/la-norvege-augmente-ses-depenses-de-defense-en-reponse-aux-tensions-mondiales\/#breadcrumb"},"inLanguage":"fr-FR","potentialAction":[{"@type":"ReadAction","target":["https:\/\/www.svalbard.fr\/actualites\/la-norvege-augmente-ses-depenses-de-defense-en-reponse-aux-tensions-mondiales\/"]}]},{"@type":"BreadcrumbList","@id":"https:\/\/www.svalbard.fr\/actualites\/la-norvege-augmente-ses-depenses-de-defense-en-reponse-aux-tensions-mondiales\/#breadcrumb","itemListElement":[{"@type":"ListItem","position":1,"name":"Accueil","item":"https:\/\/www.svalbard.fr\/actualites\/"},{"@type":"ListItem","position":2,"name":"La Norv\u00e8ge augmente ses d\u00e9penses de d\u00e9fense en r\u00e9ponse aux tensions mondiales"}]},{"@type":"WebSite","@id":"https:\/\/www.svalbard.fr\/actualites\/#website","url":"https:\/\/www.svalbard.fr\/actualites\/","name":"www.Svalbard.fr","description":"","publisher":{"@id":"https:\/\/www.svalbard.fr\/actualites\/#organization"},"potentialAction":[{"@type":"SearchAction","target":{"@type":"EntryPoint","urlTemplate":"https:\/\/www.svalbard.fr\/actualites\/?s={search_term_string}"},"query-input":"required name=search_term_string"}],"inLanguage":"fr-FR"},{"@type":"Organization","@id":"https:\/\/www.svalbard.fr\/actualites\/#organization","name":"www.Svalbard.fr","url":"https:\/\/www.svalbard.fr\/actualites\/","logo":{"@type":"ImageObject","inLanguage":"fr-FR","@id":"https:\/\/www.svalbard.fr\/actualites\/#\/schema\/logo\/image\/","url":"https:\/\/www.svalbard.fr\/actualites\/wp-content\/uploads\/2023\/09\/head-nom.jpg","contentUrl":"https:\/\/www.svalbard.fr\/actualites\/wp-content\/uploads\/2023\/09\/head-nom.jpg","width":264,"height":35,"caption":"www.Svalbard.fr"},"image":{"@id":"https:\/\/www.svalbard.fr\/actualites\/#\/schema\/logo\/image\/"}},{"@type":"Person","@id":"https:\/\/www.svalbard.fr\/actualites\/#\/schema\/person\/a2f937d5712222366738fae98755c600","name":"Hilmar","image":{"@type":"ImageObject","inLanguage":"fr-FR","@id":"https:\/\/www.svalbard.fr\/actualites\/#\/schema\/person\/image\/","url":"https:\/\/secure.gravatar.com\/avatar\/4daa437093476dbc32da415c112b6512?s=96&d=mm&r=g","contentUrl":"https:\/\/secure.gravatar.com\/avatar\/4daa437093476dbc32da415c112b6512?s=96&d=mm&r=g","caption":"Hilmar"},"description":"Hilmar est un passionn\u00e9 des r\u00e9gions polaires, sp\u00e9cialis\u00e9 dans la r\u00e9daction d'articles sur le Spitzberg et autres destinations arctiques. Il apporte son expertise et sa passion pour l'Arctique au sein de l'\u00e9quipe de r\u00e9daction de Svalbard depuis de nombreuses ann\u00e9es.","sameAs":["https:\/\/www.svalbard.fr\/"]}]}},"_links":{"self":[{"href":"https:\/\/www.svalbard.fr\/actualites\/wp-json\/wp\/v2\/posts\/5356"}],"collection":[{"href":"https:\/\/www.svalbard.fr\/actualites\/wp-json\/wp\/v2\/posts"}],"about":[{"href":"https:\/\/www.svalbard.fr\/actualites\/wp-json\/wp\/v2\/types\/post"}],"author":[{"embeddable":true,"href":"https:\/\/www.svalbard.fr\/actualites\/wp-json\/wp\/v2\/users\/1"}],"replies":[{"embeddable":true,"href":"https:\/\/www.svalbard.fr\/actualites\/wp-json\/wp\/v2\/comments?post=5356"}],"version-history":[{"count":0,"href":"https:\/\/www.svalbard.fr\/actualites\/wp-json\/wp\/v2\/posts\/5356\/revisions"}],"wp:featuredmedia":[{"embeddable":true,"href":"https:\/\/www.svalbard.fr\/actualites\/wp-json\/wp\/v2\/media\/5357"}],"wp:attachment":[{"href":"https:\/\/www.svalbard.fr\/actualites\/wp-json\/wp\/v2\/media?parent=5356"}],"wp:term":[{"taxonomy":"category","embeddable":true,"href":"https:\/\/www.svalbard.fr\/actualites\/wp-json\/wp\/v2\/categories?post=5356"},{"taxonomy":"post_tag","embeddable":true,"href":"https:\/\/www.svalbard.fr\/actualites\/wp-json\/wp\/v2\/tags?post=5356"}],"curies":[{"name":"wp","href":"https:\/\/api.w.org\/{rel}","templated":true}]}}