{"id":5361,"date":"2026-03-28T21:56:11","date_gmt":"2026-03-28T20:56:11","guid":{"rendered":"https:\/\/www.svalbard.fr\/actualites\/ed-miliband-est-a-bout-de-souffle-et-10-minutes-dans-le-pays-le-plus-riche-deurope-le-prouve\/"},"modified":"2026-03-28T21:56:13","modified_gmt":"2026-03-28T20:56:13","slug":"ed-miliband-est-a-bout-de-souffle-et-10-minutes-dans-le-pays-le-plus-riche-deurope-le-prouve","status":"publish","type":"post","link":"https:\/\/www.svalbard.fr\/actualites\/ed-miliband-est-a-bout-de-souffle-et-10-minutes-dans-le-pays-le-plus-riche-deurope-le-prouve\/","title":{"rendered":"Ed Miliband est \u00e0 bout de souffle \u2013 et 10 minutes dans le pays le plus riche d&#39;Europe le prouve"},"content":{"rendered":"<div>\n<div class=\"photo changeSpace\">\n<p class=\"withoutCaption\"><picture><source type=\"image\/avif\" srcset=\"https:\/\/cdn.images.express.co.uk\/img\/dynamic\/23\/1200x712\/secondary\/Miliband-rocker-Norway-6824593.avif?r=1774522037908\" media=\"screen and (min-width:10000px)\"><source type=\"image\/webp\" srcset=\"https:\/\/cdn.images.express.co.uk\/img\/dynamic\/23\/1200x712\/secondary\/Miliband-rocker-Norway-6824593.webp?r=1774522037908\" media=\"screen and (min-width:10000px)\"><source type=\"image\/jpeg\" srcset=\"https:\/\/www.svalbard.fr\/actualites\/wp-content\/uploads\/2026\/03\/Ed-Miliband-est-a-bout-de-souffle-\u2013-et-10.jpg\" media=\"screen and (min-width:10000px)\"><source type=\"image\/avif\" srcset=\"https:\/\/cdn.images.express.co.uk\/img\/dynamic\/23\/674x400\/secondary\/Miliband-rocker-Norway-6824593.avif?r=1774522037908\" media=\"screen and (min-width:100000px)\"><source type=\"image\/webp\" srcset=\"https:\/\/cdn.images.express.co.uk\/img\/dynamic\/23\/674x400\/secondary\/Miliband-rocker-Norway-6824593.webp?r=1774522037908\" media=\"screen and (min-width:100000px)\"><source type=\"image\/jpeg\" srcset=\"https:\/\/cdn.images.express.co.uk\/img\/dynamic\/23\/674x400\/secondary\/Miliband-rocker-Norway-6824593.jpg?r=1774522037908\" media=\"screen and (min-width:100000px)\"><source type=\"image\/avif\" srcset=\"https:\/\/cdn.images.express.co.uk\/img\/dynamic\/23\/940x\/secondary\/Miliband-rocker-Norway-6824593.avif?r=1774522037908\" media=\"screen and (min-width:1200px)\"><source type=\"image\/webp\" srcset=\"https:\/\/cdn.images.express.co.uk\/img\/dynamic\/23\/940x\/secondary\/Miliband-rocker-Norway-6824593.webp?r=1774522037908\" media=\"screen and (min-width:1200px)\"><source type=\"image\/jpeg\" srcset=\"https:\/\/cdn.images.express.co.uk\/img\/dynamic\/23\/940x\/secondary\/Miliband-rocker-Norway-6824593.jpg?r=1774522037908\" media=\"screen and (min-width:1200px)\"><source type=\"image\/avif\" srcset=\"https:\/\/cdn.images.express.co.uk\/img\/dynamic\/23\/590x\/secondary\/Miliband-rocker-Norway-6824593.avif?r=1774522037908\" media=\"screen\"><source type=\"image\/webp\" srcset=\"https:\/\/cdn.images.express.co.uk\/img\/dynamic\/23\/590x\/secondary\/Miliband-rocker-Norway-6824593.webp?r=1774522037908\" media=\"screen\"><\/source><\/source><\/source><\/source><\/source><\/source><\/source><\/source><\/source><\/source><\/source><\/picture><\/p>\n<p><span class=\"newsCaption\">Ed Miliband ne serait jamais autoris\u00e9 \u00e0 s\u2019approcher du pouvoir dans une Norv\u00e8ge riche et sens\u00e9e <span class=\"caption\">(Image : Getty)<\/span><span class=\"magnifier\" data-img=\"https:\/\/www.svalbard.fr\/actualites\/wp-content\/uploads\/2026\/03\/Ed-Miliband-est-a-bout-de-souffle-\u2013-et-10.jpg\"\/><\/span><\/div>\n<div class=\"text-description\">\n<p>Nous sommes aujourd\u2019hui confront\u00e9s au plus grand choc \u00e9nerg\u00e9tique de l\u2019histoire. Les prix du p\u00e9trole et du gaz sont sur le point de monter en fl\u00e8che alors que l\u2019Iran \u00e9touffe l\u2019offre mondiale. Le directeur g\u00e9n\u00e9ral de Shell pr\u00e9vient que des p\u00e9nuries de carburant pourraient frapper l&#39;Europe dans quelques jours alors que la route cruciale des p\u00e9troliers du d\u00e9troit d&#39;Ormuz reste bloqu\u00e9e. Le gouvernement \u00e9labore des plans de rationnement de l&#39;essence et du diesel. En juillet, le plafond \u00e9nerg\u00e9tique devrait augmenter de 332 \u00a3 par an pour atteindre 1\u00a0973 \u00a3. Il est probable qu&#39;il soit beaucoup plus \u00e9lev\u00e9 d&#39;ici l&#39;hiver. La Grande-Bretagne pourrait b\u00e9n\u00e9ficier d\u2019une certaine protection contre ce cauchemar. Pourtant, Ed Miliband refuse de l&#39;accepter. C\u2019est l\u2019un des actes les plus autodestructeurs que j\u2019ai jamais vu de la part d\u2019un ministre.<\/p>\n<\/div>\n<div class=\"text-description\">\n<p>Miliband continue de bloquer tout nouveau d\u00e9veloppement en mer du Nord, notamment les champs Jackdaw et Rosebank. Il maintient \u00e9galement la taxe sur les b\u00e9n\u00e9fices exceptionnels de 78 % impos\u00e9e aux producteurs, ce qui d\u00e9courage encore davantage les investissements. C\u2019\u00e9tait d\u00e9j\u00e0 assez dommageable lorsque le p\u00e9trole s\u2019\u00e9changeait autour de 60 dollars le baril. Avec un prix potentiellement proche de 200 $, c&#39;est insens\u00e9. Pourtant, il ne c\u00e9dera pas. Il d\u00e9fend cette politique en affirmant que les prix de l\u2019\u00e9nergie sont fix\u00e9s \u00e0 l\u2019\u00e9chelle mondiale et que produire davantage chez soi ne r\u00e9duira pas les co\u00fbts. Ignorez-le. C&#39;est un tour de passe-passe malhonn\u00eate.<\/p>\n<\/div>\n<div class=\"text-description\">\n<p>Si Miliband changeait de cap, davantage de gaz de la mer du Nord, produit localement, pourrait circuler dans notre syst\u00e8me d\u2019ici quelques mois. Chaque unit\u00e9 est utilis\u00e9e par les m\u00e9nages et les entreprises britanniques au lieu d&#39;\u00eatre import\u00e9e. Cela renforce notre s\u00e9curit\u00e9 d\u2019approvisionnement et d\u2019approvisionnement \u00e9nerg\u00e9tique, et am\u00e9liorera \u00e9galement la balance des paiements. Miliband ne r\u00e9pond jamais \u00e0 ces arguments.<\/p>\n<\/div>\n<div class=\"text-description dont-miss\">\n<p><strong>  En savoir plus:<\/strong>  \u00ab Une autre victoire du triple verrouillage \u2013 elle est d\u00e9sormais pr\u00eate \u00e0 sauver ENCORE les retrait\u00e9s de l\u2019\u00c9tat \u00bb <\/p>\n<p><strong>  En savoir plus:<\/strong>  \u00ab\u00a0La folie \u00e9nerg\u00e9tique d&#39;Ed Miliband d\u00e9chir\u00e9e en lambeaux &#8211; je n&#39;arrive pas \u00e0 croire un mot de ce que dit Muppet\u00a0\u00bb <\/p>\n<\/div>\n<div class=\"text-description\">\n<p>Il \u00e9vite \u00e9galement des d\u00e9g\u00e2ts plus importants. Le blocage de la production et du p\u00e9trole nationaux menace des dizaines de milliers d\u2019emplois bien r\u00e9mun\u00e9r\u00e9s, prive le Royaume-Uni de son expertise et prive le Tr\u00e9sor de recettes fiscales vitales. Cela supprime \u00e9galement la possibilit\u00e9 d\u2019exporter la production exc\u00e9dentaire. Au lieu de cela, la Grande-Bretagne importe du gaz naturel liqu\u00e9fi\u00e9 d\u2019aussi loin que les \u00c9tats-Unis et le Qatar. Cela entra\u00eene des \u00e9missions plus \u00e9lev\u00e9es, davantage de fuites de m\u00e9thane et des co\u00fbts de transport suppl\u00e9mentaires. \u00c0 mesure que les prix du p\u00e9trole augmentent, les co\u00fbts d\u2019exp\u00e9dition augmentent \u00e9galement. Il s\u2019agit d\u2019une automutilation \u00e9conomique scandaleuse, mais Miliband s\u2019en fiche, tant qu\u2019il peut afficher sa vertu.<\/p>\n<\/div>\n<div class=\"text-description\">\n<p>Aucune autre grande \u00e9conomie ne fait cela. La Grande-Bretagne est le dernier pays \u00e0 le faire, \u00e9tant donn\u00e9 que nos factures \u00e9nerg\u00e9tiques exorbitantes mettent d\u00e9j\u00e0 \u00e0 rude \u00e9preuve les m\u00e9nages et l\u2019industrie. Un rapide voyage en Norv\u00e8ge rend le contraste douloureusement clair. Il ne bloquerait jamais sa propre production de p\u00e9trole et de gaz. Ces ressources en ont fait l\u2019un des pays les plus riches du monde, dot\u00e9 d\u2019un niveau de vie \u00e9lev\u00e9 et de finances publiques solides. En Europe, seul le vairon luxembourgeois le bat.<\/p>\n<\/p><\/div>\n<div class=\"text-description\">\n<p>En arrivant \u00e0 Oslo, la diff\u00e9rence est \u00e9vidente en quelques secondes. L&#39;a\u00e9roport est propre, moderne et bien entretenu. Le personnel est efficace et accueillant. Les trains sont solides, fiables et impeccables, avec un personnel \u00e9l\u00e9gamment habill\u00e9. On a l\u2019impression d\u2019\u00eatre un pays qui investit en lui-m\u00eame. C\u2019est ce que les revenus p\u00e9troliers et gaziers peuvent apporter.<\/p>\n<\/div>\n<div class=\"text-description\">\n<p>Bien entendu, la Norv\u00e8ge a une population beaucoup plus petite et des gisements \u00e9nerg\u00e9tiques bien plus importants. Nous ne serons jamais aussi riches. Mais la prosp\u00e9rit\u00e9 enviable du pays montre encore la valeur du p\u00e9trole et du gaz, une v\u00e9rit\u00e9 fondamentale que nie le fou Ed Miliband.<\/p>\n<\/div>\n<div class=\"text-description\">\n<p>La Norv\u00e8ge est \u00e9galement confront\u00e9e \u00e0 des prix de l\u2019\u00e9nergie plus \u00e9lev\u00e9s, mais elle dispose des moyens financiers n\u00e9cessaires pour soutenir les m\u00e9nages et les entreprises. Il a aid\u00e9 les citoyens \u00e0 r\u00e9gler leurs factures l\u2019hiver dernier, avant m\u00eame la crise, et il le fera s\u00fbrement encore. Elle investit \u00e9galement dans les \u00e9nergies vertes, mais en position de force.<\/p>\n<\/div>\n<div class=\"text-description\">\n<p>Voici le pire. Vous contribuez \u00e0 financer cette prosp\u00e9rit\u00e9. L\u2019ann\u00e9e derni\u00e8re, Miliband a sign\u00e9 20 milliards de livres sterling suppl\u00e9mentaires d\u2019importations de gaz norv\u00e9gien. Le PIB par habitant de la Norv\u00e8ge est de 75 000 \u00a3. Le n\u00f4tre ne repr\u00e9sente qu\u2019une fraction de cela, \u00e0 40 000 \u00a3. Et vous leur envoyez de l&#39;argent. Ne bl\u00e2mez pas les Norv\u00e9giens. N\u2019importe qui d\u2019autre ferait la m\u00eame chose. Sauf nous.<\/p>\n<\/div>\n<div class=\"text-description\">\n<p>Gr\u00e2ce \u00e0 la politique actuelle, ce flux de fonds va se poursuivre. La Grande-Bretagne devient de jour en jour plus d\u00e9pendante et plus expos\u00e9e, tandis que la Norv\u00e8ge est sur le point de devenir encore plus riche. C&#39;est parce qu&#39;il est dirig\u00e9 par des politiciens adultes, et non par des Muppets id\u00e9ologiques comme Ed Miliband. Il ne serait pas autoris\u00e9 \u00e0 se rapprocher de la politique \u00e9nerg\u00e9tique norv\u00e9gienne. Ils se moqueraient de lui hors du pays. Au moins, il pourrait admirer l&#39;a\u00e9roport en sortant.<\/p>\n<\/div>\n<\/div>\n","protected":false},"excerpt":{"rendered":"<p>Ed Miliband ne serait jamais autoris\u00e9 \u00e0 s\u2019approcher du pouvoir dans une Norv\u00e8ge riche et sens\u00e9e (Image : Getty) Nous sommes aujourd\u2019hui confront\u00e9s au plus<\/p>\n","protected":false},"author":1,"featured_media":5362,"comment_status":"closed","ping_status":"","sticky":false,"template":"","format":"standard","meta":{"footnotes":""},"categories":[2277],"tags":[5867,1158,54,154,2108,2090,287,1789,1646,289],"yoast_head":"<!-- This site is optimized with the Yoast SEO plugin v21.0 - https:\/\/yoast.com\/wordpress\/plugins\/seo\/ -->\n<title>Ed Miliband est \u00e0 bout de souffle \u2013 et 10 minutes dans le pays le plus riche d&#039;Europe le prouve<\/title>\n<meta name=\"robots\" content=\"index, follow, max-snippet:-1, max-image-preview:large, max-video-preview:-1\" \/>\n<link rel=\"canonical\" href=\"https:\/\/www.svalbard.fr\/actualites\/ed-miliband-est-a-bout-de-souffle-et-10-minutes-dans-le-pays-le-plus-riche-deurope-le-prouve\/\" \/>\n<meta property=\"og:locale\" content=\"fr_FR\" \/>\n<meta property=\"og:type\" content=\"article\" \/>\n<meta property=\"og:title\" content=\"Ed Miliband est \u00e0 bout de souffle \u2013 et 10 minutes dans le pays le plus riche d&#039;Europe le prouve\" \/>\n<meta property=\"og:description\" content=\"Ed Miliband ne serait jamais autoris\u00e9 \u00e0 s\u2019approcher du pouvoir dans une Norv\u00e8ge riche et sens\u00e9e (Image : Getty) Nous sommes aujourd\u2019hui confront\u00e9s au plus\" \/>\n<meta property=\"og:url\" content=\"https:\/\/www.svalbard.fr\/actualites\/ed-miliband-est-a-bout-de-souffle-et-10-minutes-dans-le-pays-le-plus-riche-deurope-le-prouve\/\" \/>\n<meta property=\"og:site_name\" content=\"www.Svalbard.fr\" \/>\n<meta property=\"article:published_time\" content=\"2026-03-28T20:56:11+00:00\" \/>\n<meta property=\"article:modified_time\" content=\"2026-03-28T20:56:13+00:00\" \/>\n<meta property=\"og:image\" content=\"https:\/\/www.svalbard.fr\/actualites\/wp-content\/uploads\/2026\/03\/1774731372_Ed-Miliband-est-a-bout-de-souffle-\u2013-et-10.jpg\" \/>\n\t<meta property=\"og:image:width\" content=\"1200\" \/>\n\t<meta property=\"og:image:height\" content=\"630\" \/>\n\t<meta property=\"og:image:type\" content=\"image\/jpeg\" \/>\n<meta name=\"author\" content=\"Hilmar\" \/>\n<meta name=\"twitter:card\" content=\"summary_large_image\" \/>\n<meta name=\"twitter:label1\" content=\"\u00c9crit par\" \/>\n\t<meta name=\"twitter:data1\" content=\"Hilmar\" \/>\n\t<meta name=\"twitter:label2\" content=\"Dur\u00e9e de lecture estim\u00e9e\" \/>\n\t<meta name=\"twitter:data2\" content=\"5 minutes\" \/>\n<script type=\"application\/ld+json\" class=\"yoast-schema-graph\">{\"@context\":\"https:\/\/schema.org\",\"@graph\":[{\"@type\":\"Article\",\"@id\":\"https:\/\/www.svalbard.fr\/actualites\/ed-miliband-est-a-bout-de-souffle-et-10-minutes-dans-le-pays-le-plus-riche-deurope-le-prouve\/#article\",\"isPartOf\":{\"@id\":\"https:\/\/www.svalbard.fr\/actualites\/ed-miliband-est-a-bout-de-souffle-et-10-minutes-dans-le-pays-le-plus-riche-deurope-le-prouve\/\"},\"author\":{\"name\":\"Hilmar\",\"@id\":\"https:\/\/www.svalbard.fr\/actualites\/#\/schema\/person\/a2f937d5712222366738fae98755c600\"},\"headline\":\"Ed Miliband est \u00e0 bout de souffle \u2013 et 10 minutes dans le pays le plus riche d&#39;Europe le prouve\",\"datePublished\":\"2026-03-28T20:56:11+00:00\",\"dateModified\":\"2026-03-28T20:56:13+00:00\",\"mainEntityOfPage\":{\"@id\":\"https:\/\/www.svalbard.fr\/actualites\/ed-miliband-est-a-bout-de-souffle-et-10-minutes-dans-le-pays-le-plus-riche-deurope-le-prouve\/\"},\"wordCount\":1012,\"publisher\":{\"@id\":\"https:\/\/www.svalbard.fr\/actualites\/#organization\"},\"keywords\":[\"bout\",\"d39Europe\",\"dans\",\"est\",\"Miliband\",\"minutes\",\"pays\",\"prouv\u00e9\",\"riche\",\"souffle\"],\"inLanguage\":\"fr-FR\"},{\"@type\":\"WebPage\",\"@id\":\"https:\/\/www.svalbard.fr\/actualites\/ed-miliband-est-a-bout-de-souffle-et-10-minutes-dans-le-pays-le-plus-riche-deurope-le-prouve\/\",\"url\":\"https:\/\/www.svalbard.fr\/actualites\/ed-miliband-est-a-bout-de-souffle-et-10-minutes-dans-le-pays-le-plus-riche-deurope-le-prouve\/\",\"name\":\"Ed Miliband est \u00e0 bout de souffle \u2013 et 10 minutes dans le pays le plus riche d&#39;Europe le prouve\",\"isPartOf\":{\"@id\":\"https:\/\/www.svalbard.fr\/actualites\/#website\"},\"datePublished\":\"2026-03-28T20:56:11+00:00\",\"dateModified\":\"2026-03-28T20:56:13+00:00\",\"breadcrumb\":{\"@id\":\"https:\/\/www.svalbard.fr\/actualites\/ed-miliband-est-a-bout-de-souffle-et-10-minutes-dans-le-pays-le-plus-riche-deurope-le-prouve\/#breadcrumb\"},\"inLanguage\":\"fr-FR\",\"potentialAction\":[{\"@type\":\"ReadAction\",\"target\":[\"https:\/\/www.svalbard.fr\/actualites\/ed-miliband-est-a-bout-de-souffle-et-10-minutes-dans-le-pays-le-plus-riche-deurope-le-prouve\/\"]}]},{\"@type\":\"BreadcrumbList\",\"@id\":\"https:\/\/www.svalbard.fr\/actualites\/ed-miliband-est-a-bout-de-souffle-et-10-minutes-dans-le-pays-le-plus-riche-deurope-le-prouve\/#breadcrumb\",\"itemListElement\":[{\"@type\":\"ListItem\",\"position\":1,\"name\":\"Accueil\",\"item\":\"https:\/\/www.svalbard.fr\/actualites\/\"},{\"@type\":\"ListItem\",\"position\":2,\"name\":\"Ed Miliband est \u00e0 bout de souffle \u2013 et 10 minutes dans le pays le plus riche d&#39;Europe le prouve\"}]},{\"@type\":\"WebSite\",\"@id\":\"https:\/\/www.svalbard.fr\/actualites\/#website\",\"url\":\"https:\/\/www.svalbard.fr\/actualites\/\",\"name\":\"www.Svalbard.fr\",\"description\":\"\",\"publisher\":{\"@id\":\"https:\/\/www.svalbard.fr\/actualites\/#organization\"},\"potentialAction\":[{\"@type\":\"SearchAction\",\"target\":{\"@type\":\"EntryPoint\",\"urlTemplate\":\"https:\/\/www.svalbard.fr\/actualites\/?s={search_term_string}\"},\"query-input\":\"required name=search_term_string\"}],\"inLanguage\":\"fr-FR\"},{\"@type\":\"Organization\",\"@id\":\"https:\/\/www.svalbard.fr\/actualites\/#organization\",\"name\":\"www.Svalbard.fr\",\"url\":\"https:\/\/www.svalbard.fr\/actualites\/\",\"logo\":{\"@type\":\"ImageObject\",\"inLanguage\":\"fr-FR\",\"@id\":\"https:\/\/www.svalbard.fr\/actualites\/#\/schema\/logo\/image\/\",\"url\":\"https:\/\/www.svalbard.fr\/actualites\/wp-content\/uploads\/2023\/09\/head-nom.jpg\",\"contentUrl\":\"https:\/\/www.svalbard.fr\/actualites\/wp-content\/uploads\/2023\/09\/head-nom.jpg\",\"width\":264,\"height\":35,\"caption\":\"www.Svalbard.fr\"},\"image\":{\"@id\":\"https:\/\/www.svalbard.fr\/actualites\/#\/schema\/logo\/image\/\"}},{\"@type\":\"Person\",\"@id\":\"https:\/\/www.svalbard.fr\/actualites\/#\/schema\/person\/a2f937d5712222366738fae98755c600\",\"name\":\"Hilmar\",\"image\":{\"@type\":\"ImageObject\",\"inLanguage\":\"fr-FR\",\"@id\":\"https:\/\/www.svalbard.fr\/actualites\/#\/schema\/person\/image\/\",\"url\":\"https:\/\/secure.gravatar.com\/avatar\/4daa437093476dbc32da415c112b6512?s=96&d=mm&r=g\",\"contentUrl\":\"https:\/\/secure.gravatar.com\/avatar\/4daa437093476dbc32da415c112b6512?s=96&d=mm&r=g\",\"caption\":\"Hilmar\"},\"description\":\"Hilmar est un passionn\u00e9 des r\u00e9gions polaires, sp\u00e9cialis\u00e9 dans la r\u00e9daction d'articles sur le Spitzberg et autres destinations arctiques. Il apporte son expertise et sa passion pour l'Arctique au sein de l'\u00e9quipe de r\u00e9daction de Svalbard depuis de nombreuses ann\u00e9es.\",\"sameAs\":[\"https:\/\/www.svalbard.fr\/\"]}]}<\/script>\n<!-- \/ Yoast SEO plugin. -->","yoast_head_json":{"title":"Ed Miliband est \u00e0 bout de souffle \u2013 et 10 minutes dans le pays le plus riche d&#39;Europe le prouve","robots":{"index":"index","follow":"follow","max-snippet":"max-snippet:-1","max-image-preview":"max-image-preview:large","max-video-preview":"max-video-preview:-1"},"canonical":"https:\/\/www.svalbard.fr\/actualites\/ed-miliband-est-a-bout-de-souffle-et-10-minutes-dans-le-pays-le-plus-riche-deurope-le-prouve\/","og_locale":"fr_FR","og_type":"article","og_title":"Ed Miliband est \u00e0 bout de souffle \u2013 et 10 minutes dans le pays le plus riche d&#39;Europe le prouve","og_description":"Ed Miliband ne serait jamais autoris\u00e9 \u00e0 s\u2019approcher du pouvoir dans une Norv\u00e8ge riche et sens\u00e9e (Image : Getty) Nous sommes aujourd\u2019hui confront\u00e9s au plus","og_url":"https:\/\/www.svalbard.fr\/actualites\/ed-miliband-est-a-bout-de-souffle-et-10-minutes-dans-le-pays-le-plus-riche-deurope-le-prouve\/","og_site_name":"www.Svalbard.fr","article_published_time":"2026-03-28T20:56:11+00:00","article_modified_time":"2026-03-28T20:56:13+00:00","og_image":[{"width":1200,"height":630,"url":"https:\/\/www.svalbard.fr\/actualites\/wp-content\/uploads\/2026\/03\/1774731372_Ed-Miliband-est-a-bout-de-souffle-\u2013-et-10.jpg","type":"image\/jpeg"}],"author":"Hilmar","twitter_card":"summary_large_image","twitter_misc":{"\u00c9crit par":"Hilmar","Dur\u00e9e de lecture estim\u00e9e":"5 minutes"},"schema":{"@context":"https:\/\/schema.org","@graph":[{"@type":"Article","@id":"https:\/\/www.svalbard.fr\/actualites\/ed-miliband-est-a-bout-de-souffle-et-10-minutes-dans-le-pays-le-plus-riche-deurope-le-prouve\/#article","isPartOf":{"@id":"https:\/\/www.svalbard.fr\/actualites\/ed-miliband-est-a-bout-de-souffle-et-10-minutes-dans-le-pays-le-plus-riche-deurope-le-prouve\/"},"author":{"name":"Hilmar","@id":"https:\/\/www.svalbard.fr\/actualites\/#\/schema\/person\/a2f937d5712222366738fae98755c600"},"headline":"Ed Miliband est \u00e0 bout de souffle \u2013 et 10 minutes dans le pays le plus riche d&#39;Europe le prouve","datePublished":"2026-03-28T20:56:11+00:00","dateModified":"2026-03-28T20:56:13+00:00","mainEntityOfPage":{"@id":"https:\/\/www.svalbard.fr\/actualites\/ed-miliband-est-a-bout-de-souffle-et-10-minutes-dans-le-pays-le-plus-riche-deurope-le-prouve\/"},"wordCount":1012,"publisher":{"@id":"https:\/\/www.svalbard.fr\/actualites\/#organization"},"keywords":["bout","d39Europe","dans","est","Miliband","minutes","pays","prouv\u00e9","riche","souffle"],"inLanguage":"fr-FR"},{"@type":"WebPage","@id":"https:\/\/www.svalbard.fr\/actualites\/ed-miliband-est-a-bout-de-souffle-et-10-minutes-dans-le-pays-le-plus-riche-deurope-le-prouve\/","url":"https:\/\/www.svalbard.fr\/actualites\/ed-miliband-est-a-bout-de-souffle-et-10-minutes-dans-le-pays-le-plus-riche-deurope-le-prouve\/","name":"Ed Miliband est \u00e0 bout de souffle \u2013 et 10 minutes dans le pays le plus riche d&#39;Europe le prouve","isPartOf":{"@id":"https:\/\/www.svalbard.fr\/actualites\/#website"},"datePublished":"2026-03-28T20:56:11+00:00","dateModified":"2026-03-28T20:56:13+00:00","breadcrumb":{"@id":"https:\/\/www.svalbard.fr\/actualites\/ed-miliband-est-a-bout-de-souffle-et-10-minutes-dans-le-pays-le-plus-riche-deurope-le-prouve\/#breadcrumb"},"inLanguage":"fr-FR","potentialAction":[{"@type":"ReadAction","target":["https:\/\/www.svalbard.fr\/actualites\/ed-miliband-est-a-bout-de-souffle-et-10-minutes-dans-le-pays-le-plus-riche-deurope-le-prouve\/"]}]},{"@type":"BreadcrumbList","@id":"https:\/\/www.svalbard.fr\/actualites\/ed-miliband-est-a-bout-de-souffle-et-10-minutes-dans-le-pays-le-plus-riche-deurope-le-prouve\/#breadcrumb","itemListElement":[{"@type":"ListItem","position":1,"name":"Accueil","item":"https:\/\/www.svalbard.fr\/actualites\/"},{"@type":"ListItem","position":2,"name":"Ed Miliband est \u00e0 bout de souffle \u2013 et 10 minutes dans le pays le plus riche d&#39;Europe le prouve"}]},{"@type":"WebSite","@id":"https:\/\/www.svalbard.fr\/actualites\/#website","url":"https:\/\/www.svalbard.fr\/actualites\/","name":"www.Svalbard.fr","description":"","publisher":{"@id":"https:\/\/www.svalbard.fr\/actualites\/#organization"},"potentialAction":[{"@type":"SearchAction","target":{"@type":"EntryPoint","urlTemplate":"https:\/\/www.svalbard.fr\/actualites\/?s={search_term_string}"},"query-input":"required name=search_term_string"}],"inLanguage":"fr-FR"},{"@type":"Organization","@id":"https:\/\/www.svalbard.fr\/actualites\/#organization","name":"www.Svalbard.fr","url":"https:\/\/www.svalbard.fr\/actualites\/","logo":{"@type":"ImageObject","inLanguage":"fr-FR","@id":"https:\/\/www.svalbard.fr\/actualites\/#\/schema\/logo\/image\/","url":"https:\/\/www.svalbard.fr\/actualites\/wp-content\/uploads\/2023\/09\/head-nom.jpg","contentUrl":"https:\/\/www.svalbard.fr\/actualites\/wp-content\/uploads\/2023\/09\/head-nom.jpg","width":264,"height":35,"caption":"www.Svalbard.fr"},"image":{"@id":"https:\/\/www.svalbard.fr\/actualites\/#\/schema\/logo\/image\/"}},{"@type":"Person","@id":"https:\/\/www.svalbard.fr\/actualites\/#\/schema\/person\/a2f937d5712222366738fae98755c600","name":"Hilmar","image":{"@type":"ImageObject","inLanguage":"fr-FR","@id":"https:\/\/www.svalbard.fr\/actualites\/#\/schema\/person\/image\/","url":"https:\/\/secure.gravatar.com\/avatar\/4daa437093476dbc32da415c112b6512?s=96&d=mm&r=g","contentUrl":"https:\/\/secure.gravatar.com\/avatar\/4daa437093476dbc32da415c112b6512?s=96&d=mm&r=g","caption":"Hilmar"},"description":"Hilmar est un passionn\u00e9 des r\u00e9gions polaires, sp\u00e9cialis\u00e9 dans la r\u00e9daction d'articles sur le Spitzberg et autres destinations arctiques. Il apporte son expertise et sa passion pour l'Arctique au sein de l'\u00e9quipe de r\u00e9daction de Svalbard depuis de nombreuses ann\u00e9es.","sameAs":["https:\/\/www.svalbard.fr\/"]}]}},"_links":{"self":[{"href":"https:\/\/www.svalbard.fr\/actualites\/wp-json\/wp\/v2\/posts\/5361"}],"collection":[{"href":"https:\/\/www.svalbard.fr\/actualites\/wp-json\/wp\/v2\/posts"}],"about":[{"href":"https:\/\/www.svalbard.fr\/actualites\/wp-json\/wp\/v2\/types\/post"}],"author":[{"embeddable":true,"href":"https:\/\/www.svalbard.fr\/actualites\/wp-json\/wp\/v2\/users\/1"}],"replies":[{"embeddable":true,"href":"https:\/\/www.svalbard.fr\/actualites\/wp-json\/wp\/v2\/comments?post=5361"}],"version-history":[{"count":1,"href":"https:\/\/www.svalbard.fr\/actualites\/wp-json\/wp\/v2\/posts\/5361\/revisions"}],"predecessor-version":[{"id":5363,"href":"https:\/\/www.svalbard.fr\/actualites\/wp-json\/wp\/v2\/posts\/5361\/revisions\/5363"}],"wp:featuredmedia":[{"embeddable":true,"href":"https:\/\/www.svalbard.fr\/actualites\/wp-json\/wp\/v2\/media\/5362"}],"wp:attachment":[{"href":"https:\/\/www.svalbard.fr\/actualites\/wp-json\/wp\/v2\/media?parent=5361"}],"wp:term":[{"taxonomy":"category","embeddable":true,"href":"https:\/\/www.svalbard.fr\/actualites\/wp-json\/wp\/v2\/categories?post=5361"},{"taxonomy":"post_tag","embeddable":true,"href":"https:\/\/www.svalbard.fr\/actualites\/wp-json\/wp\/v2\/tags?post=5361"}],"curies":[{"name":"wp","href":"https:\/\/api.w.org\/{rel}","templated":true}]}}