{"id":5367,"date":"2026-03-30T17:56:23","date_gmt":"2026-03-30T15:56:23","guid":{"rendered":"https:\/\/www.svalbard.fr\/actualites\/la-norvege-va-sevir-contre-lexploitation-des-travailleurs-etrangers\/"},"modified":"2026-03-30T17:56:23","modified_gmt":"2026-03-30T15:56:23","slug":"la-norvege-va-sevir-contre-lexploitation-des-travailleurs-etrangers","status":"publish","type":"post","link":"https:\/\/www.svalbard.fr\/actualites\/la-norvege-va-sevir-contre-lexploitation-des-travailleurs-etrangers\/","title":{"rendered":"La Norv\u00e8ge va s\u00e9vir contre l\u2019exploitation des travailleurs \u00e9trangers"},"content":{"rendered":"<div itemprop=\"text\">\n\t\t\t<span id=\"dpsp-post-content-markup\" data-image-pin-it=\"false\"><\/span><\/p>\n<p class=\"intro\">Un nouveau projet de loi faciliterait les poursuites contre les employeurs et les propri\u00e9taires qui profitent des travailleurs \u00e9trangers vuln\u00e9rables, comblant ainsi un vide juridique de longue date.<\/p>\n<p>Le gouvernement norv\u00e9gien a soumis un nouveau projet de loi au Parlement visant \u00e0 lutter contre l&#39;exploitation des travailleurs \u00e9trangers, en particulier ceux en situation de vuln\u00e9rabilit\u00e9 en raison d&#39;un statut de r\u00e9sidence temporaire ou incertain.<\/p>\n<figure class=\"wp-block-image size-large\"><img data-lazyloaded=\"1\" data-placeholder-resp=\"768x432\" fetchpriority=\"high\" decoding=\"async\" width=\"768\" height=\"432\" src=\"https:\/\/www.svalbard.fr\/actualites\/wp-content\/uploads\/2026\/03\/La-Norvege-va-sevir-contre-lexploitation-des-travailleurs-etrangers.jpg\" alt=\"Mat\u00e9riel de construction \u00e0 Trondheim, Norv\u00e8ge. Photo : David Nikel.\" class=\"wp-image-85741\"  data-><noscript><img fetchpriority=\"high\" decoding=\"async\" width=\"768\" height=\"432\" src=\"https:\/\/www.svalbard.fr\/actualites\/wp-content\/uploads\/2026\/03\/La-Norvege-va-sevir-contre-lexploitation-des-travailleurs-etrangers.jpg\" alt=\"Mat\u00e9riel de construction \u00e0 Trondheim, Norv\u00e8ge. Photo : David Nikel.\" class=\"wp-image-85741\"  ><\/noscript><\/figure>\n<p>Si elle est adopt\u00e9e, la l\u00e9gislation introduirait une nouvelle disposition p\u00e9nale dans la loi sur l&#39;immigration (Utlendingsloven), \u00e9largissant ainsi les personnes pouvant \u00eatre tenues responsables des abus et augmentant les peines de prison potentielles.<\/p>\n<h2 class=\"wp-block-heading\">Combler une lacune juridique<\/h2>\n<p>En vertu de la loi norv\u00e9gienne actuelle, seuls les interm\u00e9diaires tels que les agents de recrutement ou les courtiers en logements peuvent \u00eatre poursuivis pour exploitation de travailleurs \u00e9trangers.<\/p>\n<p>Cela a longtemps \u00e9t\u00e9 critiqu\u00e9 comme \u00e9tant une lacune du syst\u00e8me, dans la mesure o\u00f9 les employeurs et les propri\u00e9taires eux-m\u00eames ne peuvent g\u00e9n\u00e9ralement pas \u00eatre tenus p\u00e9nalement responsables en vertu de la m\u00eame disposition. La loi propos\u00e9e changerait cela.<\/p>\n<p>Les employeurs et les propri\u00e9taires qui exploitent des travailleurs \u00e9trangers pourraient \u00eatre condamn\u00e9s \u00e0 des peines de prison allant jusqu&#39;\u00e0 trois ans, voire jusqu&#39;\u00e0 six ans dans les cas particuli\u00e8rement graves. Cela repr\u00e9sente une augmentation significative par rapport au maximum actuel de deux ans, qui s&#39;applique uniquement aux interm\u00e9diaires.<\/p>\n<h2 class=\"wp-block-heading\">Cibler l\u2019exploitation au-del\u00e0 de la traite des \u00eatres humains<\/h2>\n<p>La Norv\u00e8ge dispose d\u00e9j\u00e0 de lois strictes contre la traite des \u00eatres humains \u00e0 des fins de travail forc\u00e9. Cependant, le gouvernement affirme que de nombreux cas d\u2019exploitation ne satisfont pas \u00e0 ce seuil l\u00e9gal, tout en causant de graves pr\u00e9judices.<\/p>\n<p>Les exemples mis en \u00e9vidence dans la proposition comprennent\u00a0:<\/p>\n<ul class=\"wp-block-list\">\n<li>Des travailleurs sous-pay\u00e9s<\/li>\n<li>Facturer un loyer excessif<\/li>\n<li>Utiliser le statut d&#39;immigration d&#39;un travailleur pour le pousser \u00e0 accepter de mauvaises conditions<\/li>\n<\/ul>\n<p>La ministre de la Justice, Astri Aas-Hansen, a d\u00e9clar\u00e9 que l&#39;objectif \u00e9tait de traiter plus efficacement ces affaires de la \u00ab zone grise \u00bb.<\/p>\n<p>\u00ab L&#39;exploitation des travailleurs \u00e9trangers constitue une menace pour le march\u00e9 du travail et une violation de la s\u00e9curit\u00e9 et des droits des individus en situation de vuln\u00e9rabilit\u00e9 \u00bb, a-t-elle d\u00e9clar\u00e9 dans un communiqu\u00e9 du gouvernement.<\/p>\n<h2 class=\"wp-block-heading\">Focus sur les ressortissants \u00e9trangers vuln\u00e9rables<\/h2>\n<p>La proposition se concentre particuli\u00e8rement sur les ressortissants \u00e9trangers sans r\u00e9sidence permanente en Norv\u00e8ge, qui sont consid\u00e9r\u00e9s comme \u00e9tant plus expos\u00e9s au risque d&#39;exploitation.<\/p>\n<p>Cela inclut les personnes qui d\u00e9pendent d\u2019un emploi ou d\u2019un logement pour maintenir leur s\u00e9jour l\u00e9gal dans le pays, ce qui les rend moins susceptibles de signaler des abus ou de contester un traitement injuste.<\/p>\n<p>Le gouvernement affirme que des protections juridiques plus fortes sont n\u00e9cessaires pour prot\u00e9ger ce groupe et garantir des conditions \u00e9quitables sur le march\u00e9 du travail.<\/p>\n<h2 class=\"wp-block-heading\">Une r\u00e9pression plus large de la criminalit\u00e9 sur le lieu de travail<\/h2>\n<p>Le projet de loi fait partie des efforts plus larges du gouvernement pour lutter contre la criminalit\u00e9 sur le lieu de travail et ce que l&#39;on appelle le \u00ab dumping social \u00bb, o\u00f9 les travailleurs \u00e9trangers se voient proposer des salaires ou des conditions bien pires que les normes norv\u00e9giennes.<\/p>\n<p>Il s\u2019aligne \u00e9galement sur les objectifs politiques plus larges \u00e9nonc\u00e9s dans les strat\u00e9gies nationales sur la s\u00e9curit\u00e9 du march\u00e9 du travail et les efforts de lutte contre la traite.<\/p>\n<p>La proposition a \u00e9t\u00e9 soumise au Storting le 27 mars 2026 et sera d\u00e9sormais d\u00e9battue avant qu&#39;une d\u00e9cision finale ne soit prise.<\/p>\n<h2 class=\"wp-block-heading\">Que se passe-t-il ensuite ?<\/h2>\n<p>Si elle est approuv\u00e9e, la nouvelle loi marquerait un changement notable dans la mani\u00e8re dont la Norv\u00e8ge lutte contre l\u2019exploitation du travail, en \u00e9tendant la responsabilit\u00e9 directement \u00e0 ceux qui en b\u00e9n\u00e9ficient.<\/p>\n<p>Pour les travailleurs \u00e9trangers en Norv\u00e8ge, en particulier ceux qui se trouvent dans des situations plus pr\u00e9caires, les changements pourraient offrir une protection juridique nettement plus renforc\u00e9e.<\/p>\n<p>Cependant, comme pour de nombreuses propositions l\u00e9gislatives, le r\u00e9sultat final d\u00e9pendra du d\u00e9bat parlementaire et des amendements potentiels dans les mois \u00e0 venir.<\/p>\n<\/p><\/div>\n","protected":false},"excerpt":{"rendered":"<p>Un nouveau projet de loi faciliterait les poursuites contre les employeurs et les propri\u00e9taires qui profitent des travailleurs \u00e9trangers vuln\u00e9rables, comblant ainsi un vide juridique<\/p>\n","protected":false},"author":1,"featured_media":5368,"comment_status":"","ping_status":"","sticky":false,"template":"","format":"standard","meta":{"footnotes":""},"categories":[2277],"tags":[228,8,566,527,6,5877,5437],"yoast_head":"<!-- This site is optimized with the Yoast SEO plugin v21.0 - https:\/\/yoast.com\/wordpress\/plugins\/seo\/ -->\n<title>La Norv\u00e8ge va s\u00e9vir contre l\u2019exploitation des travailleurs \u00e9trangers<\/title>\n<meta name=\"robots\" content=\"index, follow, max-snippet:-1, max-image-preview:large, max-video-preview:-1\" \/>\n<link rel=\"canonical\" href=\"https:\/\/www.svalbard.fr\/actualites\/la-norvege-va-sevir-contre-lexploitation-des-travailleurs-etrangers\/\" \/>\n<meta property=\"og:locale\" content=\"fr_FR\" \/>\n<meta property=\"og:type\" content=\"article\" \/>\n<meta property=\"og:title\" content=\"La Norv\u00e8ge va s\u00e9vir contre l\u2019exploitation des travailleurs \u00e9trangers\" \/>\n<meta property=\"og:description\" content=\"Un nouveau projet de loi faciliterait les poursuites contre les employeurs et les propri\u00e9taires qui profitent des travailleurs \u00e9trangers vuln\u00e9rables, comblant ainsi un vide juridique\" \/>\n<meta property=\"og:url\" content=\"https:\/\/www.svalbard.fr\/actualites\/la-norvege-va-sevir-contre-lexploitation-des-travailleurs-etrangers\/\" \/>\n<meta property=\"og:site_name\" content=\"www.Svalbard.fr\" \/>\n<meta property=\"article:published_time\" content=\"2026-03-30T15:56:23+00:00\" \/>\n<meta property=\"og:image\" content=\"https:\/\/www.svalbard.fr\/actualites\/wp-content\/uploads\/2026\/03\/La-Norvege-va-sevir-contre-lexploitation-des-travailleurs-etrangers.jpg\" \/>\n<meta name=\"author\" content=\"Hilmar\" \/>\n<meta name=\"twitter:card\" content=\"summary_large_image\" \/>\n<meta name=\"twitter:label1\" content=\"\u00c9crit par\" \/>\n\t<meta name=\"twitter:data1\" content=\"Hilmar\" \/>\n\t<meta name=\"twitter:label2\" content=\"Dur\u00e9e de lecture estim\u00e9e\" \/>\n\t<meta name=\"twitter:data2\" content=\"4 minutes\" \/>\n<script type=\"application\/ld+json\" class=\"yoast-schema-graph\">{\"@context\":\"https:\/\/schema.org\",\"@graph\":[{\"@type\":\"Article\",\"@id\":\"https:\/\/www.svalbard.fr\/actualites\/la-norvege-va-sevir-contre-lexploitation-des-travailleurs-etrangers\/#article\",\"isPartOf\":{\"@id\":\"https:\/\/www.svalbard.fr\/actualites\/la-norvege-va-sevir-contre-lexploitation-des-travailleurs-etrangers\/\"},\"author\":{\"name\":\"Hilmar\",\"@id\":\"https:\/\/www.svalbard.fr\/actualites\/#\/schema\/person\/a2f937d5712222366738fae98755c600\"},\"headline\":\"La Norv\u00e8ge va s\u00e9vir contre l\u2019exploitation des travailleurs \u00e9trangers\",\"datePublished\":\"2026-03-30T15:56:23+00:00\",\"dateModified\":\"2026-03-30T15:56:23+00:00\",\"mainEntityOfPage\":{\"@id\":\"https:\/\/www.svalbard.fr\/actualites\/la-norvege-va-sevir-contre-lexploitation-des-travailleurs-etrangers\/\"},\"wordCount\":727,\"publisher\":{\"@id\":\"https:\/\/www.svalbard.fr\/actualites\/#organization\"},\"keywords\":[\"contre\",\"des\",\"\u00e9trangers\",\"lexploitation\",\"Norv\u00e8ge\",\"s\u00e9vir\",\"travailleurs\"],\"inLanguage\":\"fr-FR\"},{\"@type\":\"WebPage\",\"@id\":\"https:\/\/www.svalbard.fr\/actualites\/la-norvege-va-sevir-contre-lexploitation-des-travailleurs-etrangers\/\",\"url\":\"https:\/\/www.svalbard.fr\/actualites\/la-norvege-va-sevir-contre-lexploitation-des-travailleurs-etrangers\/\",\"name\":\"La Norv\u00e8ge va s\u00e9vir contre l\u2019exploitation des travailleurs \u00e9trangers\",\"isPartOf\":{\"@id\":\"https:\/\/www.svalbard.fr\/actualites\/#website\"},\"datePublished\":\"2026-03-30T15:56:23+00:00\",\"dateModified\":\"2026-03-30T15:56:23+00:00\",\"breadcrumb\":{\"@id\":\"https:\/\/www.svalbard.fr\/actualites\/la-norvege-va-sevir-contre-lexploitation-des-travailleurs-etrangers\/#breadcrumb\"},\"inLanguage\":\"fr-FR\",\"potentialAction\":[{\"@type\":\"ReadAction\",\"target\":[\"https:\/\/www.svalbard.fr\/actualites\/la-norvege-va-sevir-contre-lexploitation-des-travailleurs-etrangers\/\"]}]},{\"@type\":\"BreadcrumbList\",\"@id\":\"https:\/\/www.svalbard.fr\/actualites\/la-norvege-va-sevir-contre-lexploitation-des-travailleurs-etrangers\/#breadcrumb\",\"itemListElement\":[{\"@type\":\"ListItem\",\"position\":1,\"name\":\"Accueil\",\"item\":\"https:\/\/www.svalbard.fr\/actualites\/\"},{\"@type\":\"ListItem\",\"position\":2,\"name\":\"La Norv\u00e8ge va s\u00e9vir contre l\u2019exploitation des travailleurs \u00e9trangers\"}]},{\"@type\":\"WebSite\",\"@id\":\"https:\/\/www.svalbard.fr\/actualites\/#website\",\"url\":\"https:\/\/www.svalbard.fr\/actualites\/\",\"name\":\"www.Svalbard.fr\",\"description\":\"\",\"publisher\":{\"@id\":\"https:\/\/www.svalbard.fr\/actualites\/#organization\"},\"potentialAction\":[{\"@type\":\"SearchAction\",\"target\":{\"@type\":\"EntryPoint\",\"urlTemplate\":\"https:\/\/www.svalbard.fr\/actualites\/?s={search_term_string}\"},\"query-input\":\"required name=search_term_string\"}],\"inLanguage\":\"fr-FR\"},{\"@type\":\"Organization\",\"@id\":\"https:\/\/www.svalbard.fr\/actualites\/#organization\",\"name\":\"www.Svalbard.fr\",\"url\":\"https:\/\/www.svalbard.fr\/actualites\/\",\"logo\":{\"@type\":\"ImageObject\",\"inLanguage\":\"fr-FR\",\"@id\":\"https:\/\/www.svalbard.fr\/actualites\/#\/schema\/logo\/image\/\",\"url\":\"https:\/\/www.svalbard.fr\/actualites\/wp-content\/uploads\/2023\/09\/head-nom.jpg\",\"contentUrl\":\"https:\/\/www.svalbard.fr\/actualites\/wp-content\/uploads\/2023\/09\/head-nom.jpg\",\"width\":264,\"height\":35,\"caption\":\"www.Svalbard.fr\"},\"image\":{\"@id\":\"https:\/\/www.svalbard.fr\/actualites\/#\/schema\/logo\/image\/\"}},{\"@type\":\"Person\",\"@id\":\"https:\/\/www.svalbard.fr\/actualites\/#\/schema\/person\/a2f937d5712222366738fae98755c600\",\"name\":\"Hilmar\",\"image\":{\"@type\":\"ImageObject\",\"inLanguage\":\"fr-FR\",\"@id\":\"https:\/\/www.svalbard.fr\/actualites\/#\/schema\/person\/image\/\",\"url\":\"https:\/\/secure.gravatar.com\/avatar\/4daa437093476dbc32da415c112b6512?s=96&d=mm&r=g\",\"contentUrl\":\"https:\/\/secure.gravatar.com\/avatar\/4daa437093476dbc32da415c112b6512?s=96&d=mm&r=g\",\"caption\":\"Hilmar\"},\"description\":\"Hilmar est un passionn\u00e9 des r\u00e9gions polaires, sp\u00e9cialis\u00e9 dans la r\u00e9daction d'articles sur le Spitzberg et autres destinations arctiques. Il apporte son expertise et sa passion pour l'Arctique au sein de l'\u00e9quipe de r\u00e9daction de Svalbard depuis de nombreuses ann\u00e9es.\",\"sameAs\":[\"https:\/\/www.svalbard.fr\/\"]}]}<\/script>\n<!-- \/ Yoast SEO plugin. -->","yoast_head_json":{"title":"La Norv\u00e8ge va s\u00e9vir contre l\u2019exploitation des travailleurs \u00e9trangers","robots":{"index":"index","follow":"follow","max-snippet":"max-snippet:-1","max-image-preview":"max-image-preview:large","max-video-preview":"max-video-preview:-1"},"canonical":"https:\/\/www.svalbard.fr\/actualites\/la-norvege-va-sevir-contre-lexploitation-des-travailleurs-etrangers\/","og_locale":"fr_FR","og_type":"article","og_title":"La Norv\u00e8ge va s\u00e9vir contre l\u2019exploitation des travailleurs \u00e9trangers","og_description":"Un nouveau projet de loi faciliterait les poursuites contre les employeurs et les propri\u00e9taires qui profitent des travailleurs \u00e9trangers vuln\u00e9rables, comblant ainsi un vide juridique","og_url":"https:\/\/www.svalbard.fr\/actualites\/la-norvege-va-sevir-contre-lexploitation-des-travailleurs-etrangers\/","og_site_name":"www.Svalbard.fr","article_published_time":"2026-03-30T15:56:23+00:00","og_image":[{"url":"https:\/\/www.svalbard.fr\/actualites\/wp-content\/uploads\/2026\/03\/La-Norvege-va-sevir-contre-lexploitation-des-travailleurs-etrangers.jpg"}],"author":"Hilmar","twitter_card":"summary_large_image","twitter_misc":{"\u00c9crit par":"Hilmar","Dur\u00e9e de lecture estim\u00e9e":"4 minutes"},"schema":{"@context":"https:\/\/schema.org","@graph":[{"@type":"Article","@id":"https:\/\/www.svalbard.fr\/actualites\/la-norvege-va-sevir-contre-lexploitation-des-travailleurs-etrangers\/#article","isPartOf":{"@id":"https:\/\/www.svalbard.fr\/actualites\/la-norvege-va-sevir-contre-lexploitation-des-travailleurs-etrangers\/"},"author":{"name":"Hilmar","@id":"https:\/\/www.svalbard.fr\/actualites\/#\/schema\/person\/a2f937d5712222366738fae98755c600"},"headline":"La Norv\u00e8ge va s\u00e9vir contre l\u2019exploitation des travailleurs \u00e9trangers","datePublished":"2026-03-30T15:56:23+00:00","dateModified":"2026-03-30T15:56:23+00:00","mainEntityOfPage":{"@id":"https:\/\/www.svalbard.fr\/actualites\/la-norvege-va-sevir-contre-lexploitation-des-travailleurs-etrangers\/"},"wordCount":727,"publisher":{"@id":"https:\/\/www.svalbard.fr\/actualites\/#organization"},"keywords":["contre","des","\u00e9trangers","lexploitation","Norv\u00e8ge","s\u00e9vir","travailleurs"],"inLanguage":"fr-FR"},{"@type":"WebPage","@id":"https:\/\/www.svalbard.fr\/actualites\/la-norvege-va-sevir-contre-lexploitation-des-travailleurs-etrangers\/","url":"https:\/\/www.svalbard.fr\/actualites\/la-norvege-va-sevir-contre-lexploitation-des-travailleurs-etrangers\/","name":"La Norv\u00e8ge va s\u00e9vir contre l\u2019exploitation des travailleurs \u00e9trangers","isPartOf":{"@id":"https:\/\/www.svalbard.fr\/actualites\/#website"},"datePublished":"2026-03-30T15:56:23+00:00","dateModified":"2026-03-30T15:56:23+00:00","breadcrumb":{"@id":"https:\/\/www.svalbard.fr\/actualites\/la-norvege-va-sevir-contre-lexploitation-des-travailleurs-etrangers\/#breadcrumb"},"inLanguage":"fr-FR","potentialAction":[{"@type":"ReadAction","target":["https:\/\/www.svalbard.fr\/actualites\/la-norvege-va-sevir-contre-lexploitation-des-travailleurs-etrangers\/"]}]},{"@type":"BreadcrumbList","@id":"https:\/\/www.svalbard.fr\/actualites\/la-norvege-va-sevir-contre-lexploitation-des-travailleurs-etrangers\/#breadcrumb","itemListElement":[{"@type":"ListItem","position":1,"name":"Accueil","item":"https:\/\/www.svalbard.fr\/actualites\/"},{"@type":"ListItem","position":2,"name":"La Norv\u00e8ge va s\u00e9vir contre l\u2019exploitation des travailleurs \u00e9trangers"}]},{"@type":"WebSite","@id":"https:\/\/www.svalbard.fr\/actualites\/#website","url":"https:\/\/www.svalbard.fr\/actualites\/","name":"www.Svalbard.fr","description":"","publisher":{"@id":"https:\/\/www.svalbard.fr\/actualites\/#organization"},"potentialAction":[{"@type":"SearchAction","target":{"@type":"EntryPoint","urlTemplate":"https:\/\/www.svalbard.fr\/actualites\/?s={search_term_string}"},"query-input":"required name=search_term_string"}],"inLanguage":"fr-FR"},{"@type":"Organization","@id":"https:\/\/www.svalbard.fr\/actualites\/#organization","name":"www.Svalbard.fr","url":"https:\/\/www.svalbard.fr\/actualites\/","logo":{"@type":"ImageObject","inLanguage":"fr-FR","@id":"https:\/\/www.svalbard.fr\/actualites\/#\/schema\/logo\/image\/","url":"https:\/\/www.svalbard.fr\/actualites\/wp-content\/uploads\/2023\/09\/head-nom.jpg","contentUrl":"https:\/\/www.svalbard.fr\/actualites\/wp-content\/uploads\/2023\/09\/head-nom.jpg","width":264,"height":35,"caption":"www.Svalbard.fr"},"image":{"@id":"https:\/\/www.svalbard.fr\/actualites\/#\/schema\/logo\/image\/"}},{"@type":"Person","@id":"https:\/\/www.svalbard.fr\/actualites\/#\/schema\/person\/a2f937d5712222366738fae98755c600","name":"Hilmar","image":{"@type":"ImageObject","inLanguage":"fr-FR","@id":"https:\/\/www.svalbard.fr\/actualites\/#\/schema\/person\/image\/","url":"https:\/\/secure.gravatar.com\/avatar\/4daa437093476dbc32da415c112b6512?s=96&d=mm&r=g","contentUrl":"https:\/\/secure.gravatar.com\/avatar\/4daa437093476dbc32da415c112b6512?s=96&d=mm&r=g","caption":"Hilmar"},"description":"Hilmar est un passionn\u00e9 des r\u00e9gions polaires, sp\u00e9cialis\u00e9 dans la r\u00e9daction d'articles sur le Spitzberg et autres destinations arctiques. Il apporte son expertise et sa passion pour l'Arctique au sein de l'\u00e9quipe de r\u00e9daction de Svalbard depuis de nombreuses ann\u00e9es.","sameAs":["https:\/\/www.svalbard.fr\/"]}]}},"_links":{"self":[{"href":"https:\/\/www.svalbard.fr\/actualites\/wp-json\/wp\/v2\/posts\/5367"}],"collection":[{"href":"https:\/\/www.svalbard.fr\/actualites\/wp-json\/wp\/v2\/posts"}],"about":[{"href":"https:\/\/www.svalbard.fr\/actualites\/wp-json\/wp\/v2\/types\/post"}],"author":[{"embeddable":true,"href":"https:\/\/www.svalbard.fr\/actualites\/wp-json\/wp\/v2\/users\/1"}],"replies":[{"embeddable":true,"href":"https:\/\/www.svalbard.fr\/actualites\/wp-json\/wp\/v2\/comments?post=5367"}],"version-history":[{"count":0,"href":"https:\/\/www.svalbard.fr\/actualites\/wp-json\/wp\/v2\/posts\/5367\/revisions"}],"wp:featuredmedia":[{"embeddable":true,"href":"https:\/\/www.svalbard.fr\/actualites\/wp-json\/wp\/v2\/media\/5368"}],"wp:attachment":[{"href":"https:\/\/www.svalbard.fr\/actualites\/wp-json\/wp\/v2\/media?parent=5367"}],"wp:term":[{"taxonomy":"category","embeddable":true,"href":"https:\/\/www.svalbard.fr\/actualites\/wp-json\/wp\/v2\/categories?post=5367"},{"taxonomy":"post_tag","embeddable":true,"href":"https:\/\/www.svalbard.fr\/actualites\/wp-json\/wp\/v2\/tags?post=5367"}],"curies":[{"name":"wp","href":"https:\/\/api.w.org\/{rel}","templated":true}]}}