{"id":5374,"date":"2026-04-06T20:57:47","date_gmt":"2026-04-06T18:57:47","guid":{"rendered":"https:\/\/www.svalbard.fr\/actualites\/sas-fete-ses-80-ans-avec-une-livree-speciale-anniversaire\/"},"modified":"2026-04-06T20:57:47","modified_gmt":"2026-04-06T18:57:47","slug":"sas-fete-ses-80-ans-avec-une-livree-speciale-anniversaire","status":"publish","type":"post","link":"https:\/\/www.svalbard.fr\/actualites\/sas-fete-ses-80-ans-avec-une-livree-speciale-anniversaire\/","title":{"rendered":"SAS f\u00eate ses 80 ans avec une livr\u00e9e sp\u00e9ciale anniversaire"},"content":{"rendered":"<div itemprop=\"text\">\n\t\t\t<span id=\"dpsp-post-content-markup\" data-image-pin-it=\"false\"><\/span><\/p>\n<p class=\"intro\">La compagnie a\u00e9rienne scandinave SAS a d\u00e9voil\u00e9 un avion sp\u00e9cialement peint pour marquer son 80e anniversaire, c\u00e9l\u00e9brant huit d\u00e9cennies de liaison entre la r\u00e9gion nordique et le reste du monde.<\/p>\n<p>Cette \u00e9tape importante aura lieu en 2026, exactement 80 ans apr\u00e8s le premier service intercontinental de la compagnie a\u00e9rienne, le 17 septembre 1946.<\/p>\n<figure class=\"wp-block-image size-large\"><img data-lazyloaded=\"1\" data-placeholder-resp=\"768x494\" fetchpriority=\"high\" decoding=\"async\" width=\"768\" height=\"494\" src=\"https:\/\/www.svalbard.fr\/actualites\/wp-content\/uploads\/2026\/04\/SAS-fete-ses-80-ans-avec-une-livree-speciale-anniversaire.jpg\" alt=\"Livr\u00e9e anniversaire SAS.\" class=\"wp-image-85781\"  data-><noscript><img fetchpriority=\"high\" decoding=\"async\" width=\"768\" height=\"494\" src=\"https:\/\/www.svalbard.fr\/actualites\/wp-content\/uploads\/2026\/04\/SAS-fete-ses-80-ans-avec-une-livree-speciale-anniversaire.jpg\" alt=\"Livr\u00e9e anniversaire SAS.\" class=\"wp-image-85781\"  ><\/noscript><\/figure>\n<p>Cette route inaugurale entre Stockholm et New York a contribu\u00e9 \u00e0 \u00e9tablir les premi\u00e8res liaisons a\u00e9riennes mondiales de la Scandinavie.<\/p>\n<p>Pour marquer cet anniversaire, SAS a introduit une livr\u00e9e d\u00e9di\u00e9e sur l&#39;un de ses Airbus A330-300.<\/p>\n<h2 class=\"wp-block-heading\">Un nouveau look inspir\u00e9 du pass\u00e9<\/h2>\n<p>Le design pr\u00e9sente pour la premi\u00e8re fois un fuselage bleu SAS int\u00e9gral, ainsi qu&#39;une r\u00e9interpr\u00e9tation du drapeau scandinave inspir\u00e9e du look de la compagnie a\u00e9rienne des ann\u00e9es 1980.<\/p>\n<p>Un nouvel embl\u00e8me anniversaire, influenc\u00e9 par la forme des moteurs d&#39;avion et les lignes du fuselage, est affich\u00e9 sur la queue.<\/p>\n<figure class=\"wp-block-image size-large\"><img loading=\"lazy\" data-lazyloaded=\"1\" data-placeholder-resp=\"768x451\" decoding=\"async\" width=\"768\" height=\"451\" src=\"https:\/\/www.svalbard.fr\/actualites\/wp-content\/uploads\/2026\/04\/1775501867_255_SAS-fete-ses-80-ans-avec-une-livree-speciale-anniversaire.jpg\" alt=\"Livr\u00e9e d&#39;anniversaire SAS. Photo : SAS.\" class=\"wp-image-85782\"  data-><noscript><img loading=\"lazy\" decoding=\"async\" width=\"768\" height=\"451\" src=\"https:\/\/www.svalbard.fr\/actualites\/wp-content\/uploads\/2026\/04\/1775501867_255_SAS-fete-ses-80-ans-avec-une-livree-speciale-anniversaire.jpg\" alt=\"Livr\u00e9e d&#39;anniversaire SAS. Photo : SAS.\" class=\"wp-image-85782\"  ><\/noscript><\/figure>\n<p>L&#39;avion fait partie de la flotte long-courrier de SAS, qui comprend huit A330-300, chacun configur\u00e9 avec 266 si\u00e8ges. Ceux-ci sont compl\u00e9t\u00e9s par les nouveaux Airbus A350 et A321LR desservant des liaisons intercontinentales. <\/p>\n<h2 class=\"wp-block-heading\">Marquage de 80 ans de connexions mondiales<\/h2>\n<p>\u00ab Depuis 80 ans, Norwegian Airlines stimule l&#39;innovation et rapproche la Scandinavie du monde gr\u00e2ce \u00e0 des op\u00e9rations s\u00fbres et fiables \u00bb, a d\u00e9clar\u00e9 Anko van der Werff, pr\u00e9sident et chef de la direction de SAS.<\/p>\n<p>\u00ab\u00a0De notre premier vol transatlantique au r\u00e9seau mondial actuel, cet objectif reste inchang\u00e9. Cet avion est un symbole de notre h\u00e9ritage et du r\u00f4le que nous jouons chaque jour pour nos clients et les soci\u00e9t\u00e9s que nous servons.\u00a0\u00bb<\/p>\n<p>Aujourd&#39;hui, SAS relie la Scandinavie \u00e0 des destinations en Europe, en Am\u00e9rique du Nord et en Asie, Copenhague \u00e9tant sa principale plaque tournante internationale.<\/p>\n<h2 class=\"wp-block-heading\">Un clin d&#39;\u0153il \u00e0 l&#39;Histoire<\/h2>\n<p>Le premier service r\u00e9gulier de l&#39;avion anniversaire fonctionnera entre Copenhague et New York, refl\u00e9tant l&#39;itin\u00e9raire historique qui a d\u00e9fini les d\u00e9buts de l&#39;expansion de SAS dans les voyages long-courriers.<\/p>\n<p>Tout au long de l\u2019ann\u00e9e 2026, SAS pr\u00e9voit de mettre en valeur son h\u00e9ritage tout en soulignant son r\u00f4le continu dans le lien entre les personnes, les entreprises et les soci\u00e9t\u00e9s au-del\u00e0 des fronti\u00e8res.<\/p>\n<\/p><\/div>\n","protected":false},"excerpt":{"rendered":"<p>La compagnie a\u00e9rienne scandinave SAS a d\u00e9voil\u00e9 un avion sp\u00e9cialement peint pour marquer son 80e anniversaire, c\u00e9l\u00e9brant huit d\u00e9cennies de liaison entre la r\u00e9gion nordique<\/p>\n","protected":false},"author":1,"featured_media":5375,"comment_status":"","ping_status":"","sticky":false,"template":"","format":"standard","meta":{"footnotes":""},"categories":[2277],"tags":[1238,141,66,4773,5881,547,113,5883,18],"yoast_head":"<!-- This site is optimized with the Yoast SEO plugin v21.0 - https:\/\/yoast.com\/wordpress\/plugins\/seo\/ -->\n<title>SAS f\u00eate ses 80 ans avec une livr\u00e9e sp\u00e9ciale anniversaire<\/title>\n<meta name=\"robots\" content=\"index, follow, max-snippet:-1, max-image-preview:large, max-video-preview:-1\" \/>\n<link rel=\"canonical\" href=\"https:\/\/www.svalbard.fr\/actualites\/sas-fete-ses-80-ans-avec-une-livree-speciale-anniversaire\/\" \/>\n<meta property=\"og:locale\" content=\"fr_FR\" \/>\n<meta property=\"og:type\" content=\"article\" \/>\n<meta property=\"og:title\" content=\"SAS f\u00eate ses 80 ans avec une livr\u00e9e sp\u00e9ciale anniversaire\" \/>\n<meta property=\"og:description\" content=\"La compagnie a\u00e9rienne scandinave SAS a d\u00e9voil\u00e9 un avion sp\u00e9cialement peint pour marquer son 80e anniversaire, c\u00e9l\u00e9brant huit d\u00e9cennies de liaison entre la r\u00e9gion nordique\" \/>\n<meta property=\"og:url\" content=\"https:\/\/www.svalbard.fr\/actualites\/sas-fete-ses-80-ans-avec-une-livree-speciale-anniversaire\/\" \/>\n<meta property=\"og:site_name\" content=\"www.Svalbard.fr\" \/>\n<meta property=\"article:published_time\" content=\"2026-04-06T18:57:47+00:00\" \/>\n<meta property=\"og:image\" content=\"https:\/\/www.svalbard.fr\/actualites\/wp-content\/uploads\/2026\/04\/SAS-fete-ses-80-ans-avec-une-livree-speciale-anniversaire.jpg\" \/>\n<meta name=\"author\" content=\"Hilmar\" \/>\n<meta name=\"twitter:card\" content=\"summary_large_image\" \/>\n<meta name=\"twitter:label1\" content=\"\u00c9crit par\" \/>\n\t<meta name=\"twitter:data1\" content=\"Hilmar\" \/>\n\t<meta name=\"twitter:label2\" content=\"Dur\u00e9e de lecture estim\u00e9e\" \/>\n\t<meta name=\"twitter:data2\" content=\"2 minutes\" \/>\n<script type=\"application\/ld+json\" class=\"yoast-schema-graph\">{\"@context\":\"https:\/\/schema.org\",\"@graph\":[{\"@type\":\"Article\",\"@id\":\"https:\/\/www.svalbard.fr\/actualites\/sas-fete-ses-80-ans-avec-une-livree-speciale-anniversaire\/#article\",\"isPartOf\":{\"@id\":\"https:\/\/www.svalbard.fr\/actualites\/sas-fete-ses-80-ans-avec-une-livree-speciale-anniversaire\/\"},\"author\":{\"name\":\"Hilmar\",\"@id\":\"https:\/\/www.svalbard.fr\/actualites\/#\/schema\/person\/a2f937d5712222366738fae98755c600\"},\"headline\":\"SAS f\u00eate ses 80 ans avec une livr\u00e9e sp\u00e9ciale anniversaire\",\"datePublished\":\"2026-04-06T18:57:47+00:00\",\"dateModified\":\"2026-04-06T18:57:47+00:00\",\"mainEntityOfPage\":{\"@id\":\"https:\/\/www.svalbard.fr\/actualites\/sas-fete-ses-80-ans-avec-une-livree-speciale-anniversaire\/\"},\"wordCount\":410,\"publisher\":{\"@id\":\"https:\/\/www.svalbard.fr\/actualites\/#organization\"},\"keywords\":[\"anniversaire\",\"ans\",\"avec\",\"f\u00eate\",\"livr\u00e9e\",\"SAS\",\"ses\",\"sp\u00e9ciale\",\"Une\"],\"inLanguage\":\"fr-FR\"},{\"@type\":\"WebPage\",\"@id\":\"https:\/\/www.svalbard.fr\/actualites\/sas-fete-ses-80-ans-avec-une-livree-speciale-anniversaire\/\",\"url\":\"https:\/\/www.svalbard.fr\/actualites\/sas-fete-ses-80-ans-avec-une-livree-speciale-anniversaire\/\",\"name\":\"SAS f\u00eate ses 80 ans avec une livr\u00e9e sp\u00e9ciale anniversaire\",\"isPartOf\":{\"@id\":\"https:\/\/www.svalbard.fr\/actualites\/#website\"},\"datePublished\":\"2026-04-06T18:57:47+00:00\",\"dateModified\":\"2026-04-06T18:57:47+00:00\",\"breadcrumb\":{\"@id\":\"https:\/\/www.svalbard.fr\/actualites\/sas-fete-ses-80-ans-avec-une-livree-speciale-anniversaire\/#breadcrumb\"},\"inLanguage\":\"fr-FR\",\"potentialAction\":[{\"@type\":\"ReadAction\",\"target\":[\"https:\/\/www.svalbard.fr\/actualites\/sas-fete-ses-80-ans-avec-une-livree-speciale-anniversaire\/\"]}]},{\"@type\":\"BreadcrumbList\",\"@id\":\"https:\/\/www.svalbard.fr\/actualites\/sas-fete-ses-80-ans-avec-une-livree-speciale-anniversaire\/#breadcrumb\",\"itemListElement\":[{\"@type\":\"ListItem\",\"position\":1,\"name\":\"Accueil\",\"item\":\"https:\/\/www.svalbard.fr\/actualites\/\"},{\"@type\":\"ListItem\",\"position\":2,\"name\":\"SAS f\u00eate ses 80 ans avec une livr\u00e9e sp\u00e9ciale anniversaire\"}]},{\"@type\":\"WebSite\",\"@id\":\"https:\/\/www.svalbard.fr\/actualites\/#website\",\"url\":\"https:\/\/www.svalbard.fr\/actualites\/\",\"name\":\"www.Svalbard.fr\",\"description\":\"\",\"publisher\":{\"@id\":\"https:\/\/www.svalbard.fr\/actualites\/#organization\"},\"potentialAction\":[{\"@type\":\"SearchAction\",\"target\":{\"@type\":\"EntryPoint\",\"urlTemplate\":\"https:\/\/www.svalbard.fr\/actualites\/?s={search_term_string}\"},\"query-input\":\"required name=search_term_string\"}],\"inLanguage\":\"fr-FR\"},{\"@type\":\"Organization\",\"@id\":\"https:\/\/www.svalbard.fr\/actualites\/#organization\",\"name\":\"www.Svalbard.fr\",\"url\":\"https:\/\/www.svalbard.fr\/actualites\/\",\"logo\":{\"@type\":\"ImageObject\",\"inLanguage\":\"fr-FR\",\"@id\":\"https:\/\/www.svalbard.fr\/actualites\/#\/schema\/logo\/image\/\",\"url\":\"https:\/\/www.svalbard.fr\/actualites\/wp-content\/uploads\/2023\/09\/head-nom.jpg\",\"contentUrl\":\"https:\/\/www.svalbard.fr\/actualites\/wp-content\/uploads\/2023\/09\/head-nom.jpg\",\"width\":264,\"height\":35,\"caption\":\"www.Svalbard.fr\"},\"image\":{\"@id\":\"https:\/\/www.svalbard.fr\/actualites\/#\/schema\/logo\/image\/\"}},{\"@type\":\"Person\",\"@id\":\"https:\/\/www.svalbard.fr\/actualites\/#\/schema\/person\/a2f937d5712222366738fae98755c600\",\"name\":\"Hilmar\",\"image\":{\"@type\":\"ImageObject\",\"inLanguage\":\"fr-FR\",\"@id\":\"https:\/\/www.svalbard.fr\/actualites\/#\/schema\/person\/image\/\",\"url\":\"https:\/\/secure.gravatar.com\/avatar\/4daa437093476dbc32da415c112b6512?s=96&d=mm&r=g\",\"contentUrl\":\"https:\/\/secure.gravatar.com\/avatar\/4daa437093476dbc32da415c112b6512?s=96&d=mm&r=g\",\"caption\":\"Hilmar\"},\"description\":\"Hilmar est un passionn\u00e9 des r\u00e9gions polaires, sp\u00e9cialis\u00e9 dans la r\u00e9daction d'articles sur le Spitzberg et autres destinations arctiques. Il apporte son expertise et sa passion pour l'Arctique au sein de l'\u00e9quipe de r\u00e9daction de Svalbard depuis de nombreuses ann\u00e9es.\",\"sameAs\":[\"https:\/\/www.svalbard.fr\/\"]}]}<\/script>\n<!-- \/ Yoast SEO plugin. -->","yoast_head_json":{"title":"SAS f\u00eate ses 80 ans avec une livr\u00e9e sp\u00e9ciale anniversaire","robots":{"index":"index","follow":"follow","max-snippet":"max-snippet:-1","max-image-preview":"max-image-preview:large","max-video-preview":"max-video-preview:-1"},"canonical":"https:\/\/www.svalbard.fr\/actualites\/sas-fete-ses-80-ans-avec-une-livree-speciale-anniversaire\/","og_locale":"fr_FR","og_type":"article","og_title":"SAS f\u00eate ses 80 ans avec une livr\u00e9e sp\u00e9ciale anniversaire","og_description":"La compagnie a\u00e9rienne scandinave SAS a d\u00e9voil\u00e9 un avion sp\u00e9cialement peint pour marquer son 80e anniversaire, c\u00e9l\u00e9brant huit d\u00e9cennies de liaison entre la r\u00e9gion nordique","og_url":"https:\/\/www.svalbard.fr\/actualites\/sas-fete-ses-80-ans-avec-une-livree-speciale-anniversaire\/","og_site_name":"www.Svalbard.fr","article_published_time":"2026-04-06T18:57:47+00:00","og_image":[{"url":"https:\/\/www.svalbard.fr\/actualites\/wp-content\/uploads\/2026\/04\/SAS-fete-ses-80-ans-avec-une-livree-speciale-anniversaire.jpg"}],"author":"Hilmar","twitter_card":"summary_large_image","twitter_misc":{"\u00c9crit par":"Hilmar","Dur\u00e9e de lecture estim\u00e9e":"2 minutes"},"schema":{"@context":"https:\/\/schema.org","@graph":[{"@type":"Article","@id":"https:\/\/www.svalbard.fr\/actualites\/sas-fete-ses-80-ans-avec-une-livree-speciale-anniversaire\/#article","isPartOf":{"@id":"https:\/\/www.svalbard.fr\/actualites\/sas-fete-ses-80-ans-avec-une-livree-speciale-anniversaire\/"},"author":{"name":"Hilmar","@id":"https:\/\/www.svalbard.fr\/actualites\/#\/schema\/person\/a2f937d5712222366738fae98755c600"},"headline":"SAS f\u00eate ses 80 ans avec une livr\u00e9e sp\u00e9ciale anniversaire","datePublished":"2026-04-06T18:57:47+00:00","dateModified":"2026-04-06T18:57:47+00:00","mainEntityOfPage":{"@id":"https:\/\/www.svalbard.fr\/actualites\/sas-fete-ses-80-ans-avec-une-livree-speciale-anniversaire\/"},"wordCount":410,"publisher":{"@id":"https:\/\/www.svalbard.fr\/actualites\/#organization"},"keywords":["anniversaire","ans","avec","f\u00eate","livr\u00e9e","SAS","ses","sp\u00e9ciale","Une"],"inLanguage":"fr-FR"},{"@type":"WebPage","@id":"https:\/\/www.svalbard.fr\/actualites\/sas-fete-ses-80-ans-avec-une-livree-speciale-anniversaire\/","url":"https:\/\/www.svalbard.fr\/actualites\/sas-fete-ses-80-ans-avec-une-livree-speciale-anniversaire\/","name":"SAS f\u00eate ses 80 ans avec une livr\u00e9e sp\u00e9ciale anniversaire","isPartOf":{"@id":"https:\/\/www.svalbard.fr\/actualites\/#website"},"datePublished":"2026-04-06T18:57:47+00:00","dateModified":"2026-04-06T18:57:47+00:00","breadcrumb":{"@id":"https:\/\/www.svalbard.fr\/actualites\/sas-fete-ses-80-ans-avec-une-livree-speciale-anniversaire\/#breadcrumb"},"inLanguage":"fr-FR","potentialAction":[{"@type":"ReadAction","target":["https:\/\/www.svalbard.fr\/actualites\/sas-fete-ses-80-ans-avec-une-livree-speciale-anniversaire\/"]}]},{"@type":"BreadcrumbList","@id":"https:\/\/www.svalbard.fr\/actualites\/sas-fete-ses-80-ans-avec-une-livree-speciale-anniversaire\/#breadcrumb","itemListElement":[{"@type":"ListItem","position":1,"name":"Accueil","item":"https:\/\/www.svalbard.fr\/actualites\/"},{"@type":"ListItem","position":2,"name":"SAS f\u00eate ses 80 ans avec une livr\u00e9e sp\u00e9ciale anniversaire"}]},{"@type":"WebSite","@id":"https:\/\/www.svalbard.fr\/actualites\/#website","url":"https:\/\/www.svalbard.fr\/actualites\/","name":"www.Svalbard.fr","description":"","publisher":{"@id":"https:\/\/www.svalbard.fr\/actualites\/#organization"},"potentialAction":[{"@type":"SearchAction","target":{"@type":"EntryPoint","urlTemplate":"https:\/\/www.svalbard.fr\/actualites\/?s={search_term_string}"},"query-input":"required name=search_term_string"}],"inLanguage":"fr-FR"},{"@type":"Organization","@id":"https:\/\/www.svalbard.fr\/actualites\/#organization","name":"www.Svalbard.fr","url":"https:\/\/www.svalbard.fr\/actualites\/","logo":{"@type":"ImageObject","inLanguage":"fr-FR","@id":"https:\/\/www.svalbard.fr\/actualites\/#\/schema\/logo\/image\/","url":"https:\/\/www.svalbard.fr\/actualites\/wp-content\/uploads\/2023\/09\/head-nom.jpg","contentUrl":"https:\/\/www.svalbard.fr\/actualites\/wp-content\/uploads\/2023\/09\/head-nom.jpg","width":264,"height":35,"caption":"www.Svalbard.fr"},"image":{"@id":"https:\/\/www.svalbard.fr\/actualites\/#\/schema\/logo\/image\/"}},{"@type":"Person","@id":"https:\/\/www.svalbard.fr\/actualites\/#\/schema\/person\/a2f937d5712222366738fae98755c600","name":"Hilmar","image":{"@type":"ImageObject","inLanguage":"fr-FR","@id":"https:\/\/www.svalbard.fr\/actualites\/#\/schema\/person\/image\/","url":"https:\/\/secure.gravatar.com\/avatar\/4daa437093476dbc32da415c112b6512?s=96&d=mm&r=g","contentUrl":"https:\/\/secure.gravatar.com\/avatar\/4daa437093476dbc32da415c112b6512?s=96&d=mm&r=g","caption":"Hilmar"},"description":"Hilmar est un passionn\u00e9 des r\u00e9gions polaires, sp\u00e9cialis\u00e9 dans la r\u00e9daction d'articles sur le Spitzberg et autres destinations arctiques. Il apporte son expertise et sa passion pour l'Arctique au sein de l'\u00e9quipe de r\u00e9daction de Svalbard depuis de nombreuses ann\u00e9es.","sameAs":["https:\/\/www.svalbard.fr\/"]}]}},"_links":{"self":[{"href":"https:\/\/www.svalbard.fr\/actualites\/wp-json\/wp\/v2\/posts\/5374"}],"collection":[{"href":"https:\/\/www.svalbard.fr\/actualites\/wp-json\/wp\/v2\/posts"}],"about":[{"href":"https:\/\/www.svalbard.fr\/actualites\/wp-json\/wp\/v2\/types\/post"}],"author":[{"embeddable":true,"href":"https:\/\/www.svalbard.fr\/actualites\/wp-json\/wp\/v2\/users\/1"}],"replies":[{"embeddable":true,"href":"https:\/\/www.svalbard.fr\/actualites\/wp-json\/wp\/v2\/comments?post=5374"}],"version-history":[{"count":0,"href":"https:\/\/www.svalbard.fr\/actualites\/wp-json\/wp\/v2\/posts\/5374\/revisions"}],"wp:featuredmedia":[{"embeddable":true,"href":"https:\/\/www.svalbard.fr\/actualites\/wp-json\/wp\/v2\/media\/5375"}],"wp:attachment":[{"href":"https:\/\/www.svalbard.fr\/actualites\/wp-json\/wp\/v2\/media?parent=5374"}],"wp:term":[{"taxonomy":"category","embeddable":true,"href":"https:\/\/www.svalbard.fr\/actualites\/wp-json\/wp\/v2\/categories?post=5374"},{"taxonomy":"post_tag","embeddable":true,"href":"https:\/\/www.svalbard.fr\/actualites\/wp-json\/wp\/v2\/tags?post=5374"}],"curies":[{"name":"wp","href":"https:\/\/api.w.org\/{rel}","templated":true}]}}