{"id":5376,"date":"2026-04-08T10:56:37","date_gmt":"2026-04-08T08:56:37","guid":{"rendered":"https:\/\/www.svalbard.fr\/actualites\/un-pedophile-malefique-a-maltraite-des-filles-des-lage-dun-an-dans-cinq-pays\/"},"modified":"2026-04-08T10:56:39","modified_gmt":"2026-04-08T08:56:39","slug":"un-pedophile-malefique-a-maltraite-des-filles-des-lage-dun-an-dans-cinq-pays","status":"publish","type":"post","link":"https:\/\/www.svalbard.fr\/actualites\/un-pedophile-malefique-a-maltraite-des-filles-des-lage-dun-an-dans-cinq-pays\/","title":{"rendered":"Un p\u00e9dophile mal\u00e9fique a maltrait\u00e9 des filles d\u00e8s l&#39;\u00e2ge d&#39;un an dans cinq pays"},"content":{"rendered":"<div>\n<div class=\"photo changeSpace\">\n<p class=\"withoutCaption\"><picture><source type=\"image\/avif\" srcset=\"https:\/\/cdn.images.express.co.uk\/img\/dynamic\/1\/1200x712\/secondary\/Trevor-Fernandes-6841408.avif?r=1775209332168\" media=\"screen and (min-width:10000px)\"><source type=\"image\/webp\" srcset=\"https:\/\/cdn.images.express.co.uk\/img\/dynamic\/1\/1200x712\/secondary\/Trevor-Fernandes-6841408.webp?r=1775209332168\" media=\"screen and (min-width:10000px)\"><source type=\"image\/jpeg\" srcset=\"https:\/\/www.svalbard.fr\/actualites\/wp-content\/uploads\/2026\/04\/Un-pedophile-malefique-a-maltraite-des-filles-des-l39age-d39un.jpg\" media=\"screen and (min-width:10000px)\"><source type=\"image\/avif\" srcset=\"https:\/\/cdn.images.express.co.uk\/img\/dynamic\/1\/674x400\/secondary\/Trevor-Fernandes-6841408.avif?r=1775209332168\" media=\"screen and (min-width:100000px)\"><source type=\"image\/webp\" srcset=\"https:\/\/cdn.images.express.co.uk\/img\/dynamic\/1\/674x400\/secondary\/Trevor-Fernandes-6841408.webp?r=1775209332168\" media=\"screen and (min-width:100000px)\"><source type=\"image\/jpeg\" srcset=\"https:\/\/cdn.images.express.co.uk\/img\/dynamic\/1\/674x400\/secondary\/Trevor-Fernandes-6841408.jpg?r=1775209332168\" media=\"screen and (min-width:100000px)\"><source type=\"image\/avif\" srcset=\"https:\/\/cdn.images.express.co.uk\/img\/dynamic\/1\/940x\/secondary\/Trevor-Fernandes-6841408.avif?r=1775209332168\" media=\"screen and (min-width:1200px)\"><source type=\"image\/webp\" srcset=\"https:\/\/cdn.images.express.co.uk\/img\/dynamic\/1\/940x\/secondary\/Trevor-Fernandes-6841408.webp?r=1775209332168\" media=\"screen and (min-width:1200px)\"><source type=\"image\/jpeg\" srcset=\"https:\/\/cdn.images.express.co.uk\/img\/dynamic\/1\/940x\/secondary\/Trevor-Fernandes-6841408.jpg?r=1775209332168\" media=\"screen and (min-width:1200px)\"><source type=\"image\/avif\" srcset=\"https:\/\/cdn.images.express.co.uk\/img\/dynamic\/1\/590x\/secondary\/Trevor-Fernandes-6841408.avif?r=1775209332168\" media=\"screen\"><source type=\"image\/webp\" srcset=\"https:\/\/cdn.images.express.co.uk\/img\/dynamic\/1\/590x\/secondary\/Trevor-Fernandes-6841408.webp?r=1775209332168\" media=\"screen\"><\/source><\/source><\/source><\/source><\/source><\/source><\/source><\/source><\/source><\/source><\/source><\/picture><\/p>\n<p><span class=\"newsCaption\">Le juge a d\u00e9clar\u00e9 que l&#39;infraction de Trevor Fernandes \u00e9tait l&#39;une des pires du genre <span class=\"caption\">(Image\u00a0:\u00a0ANC)<\/span><span class=\"magnifier\" data-img=\"https:\/\/www.svalbard.fr\/actualites\/wp-content\/uploads\/2026\/04\/Un-pedophile-malefique-a-maltraite-des-filles-des-l39age-d39un.jpg\"\/><\/span><\/div>\n<div class=\"text-description\">\n<p>Un p\u00e9dophile reconnu coupable qui a abus\u00e9 de filles d\u00e8s l&#39;\u00e2ge d&#39;un an et a soign\u00e9 une fille dans le <span style=\"color: #ff0000;\">\u00c9tats-Unis<\/span> a \u00e9t\u00e9 emprisonn\u00e9 \u00e0 vie. Trevor Fernandes, 41 ans, de Swindon, Wiltshire, a commis une s\u00e9rie d&#39;actes effroyables <span style=\"color: #ff0000;\">d\u00e9lits<\/span> ce qui a donn\u00e9 lieu \u00e0 un nombre stup\u00e9fiant de 67 accusations.<\/p>\n<\/div>\n<div class=\"text-description\">\n<p>Fernandes est d\u00e9j\u00e0 en prison pour avoir soign\u00e9 une jeune fille de 13 ans aux \u00c9tats-Unis. Il a fait chanter la jeune fille pour qu&#39;elle abuse d&#39;elle-m\u00eame et d&#39;un autre enfant.<\/p>\n<\/div>\n<div class=\"text-description\">\n<p>Jeanette Smith, procureure sp\u00e9cialis\u00e9e \u00e0 l&#39;unit\u00e9 des abus sexuels sur enfants organis\u00e9s du Crown Prosecution Service, a d\u00e9clar\u00e9 : \u00ab Les actions r\u00e9pugnantes de Trevor Fernandes l&#39;ont amen\u00e9 \u00e0 utiliser les m\u00e9dias sociaux pour contr\u00f4ler, exploiter et nuire \u00e0 des jeunes filles \u2013 \u00e2g\u00e9es de un \u00e0 16 ans \u2013 en Angleterre, en Am\u00e9rique, <span style=\"color: #ff0000;\">Canada<\/span>l&#39;Irlande et la Norv\u00e8ge.\u00a0\u00bb<\/p>\n<\/div>\n<div class=\"text-description dont-miss\">\n<p><strong>  EN SAVOIR PLUS:<\/strong>  Un voyou d\u00e9prav\u00e9 de 34 ans tient la t\u00eate de sa petite amie sous les eaux us\u00e9es lors d&#39;une attaque <\/p>\n<p><strong>  EN SAVOIR PLUS:<\/strong>  Une menace attaque Tesco et Co-op pour des blocs de fromage jet\u00e9s en prison <\/p>\n<\/div>\n<div class=\"text-description\">\n<p>Fernandes a \u00e9t\u00e9 arr\u00eat\u00e9e apr\u00e8s que la courageuse adolescente ait racont\u00e9 \u00e0 la police de Garland, au Texas, comment il l&#39;avait forc\u00e9e \u00e0 lui envoyer des images sexualis\u00e9es d&#39;elle-m\u00eame. Ses exigences sont devenues plus extr\u00eames, ce qui a amen\u00e9 le pervers \u00e0 faire pression sur elle pour qu&#39;elle se filme en train d&#39;abuser sexuellement d&#39;un autre enfant et lui envoie les images.<\/p>\n<\/div>\n<div class=\"text-description\">\n<p>Il a menac\u00e9 d&#39;envoyer les images et la vid\u00e9o qu&#39;il avait pr\u00e9c\u00e9demment demand\u00e9es aux amis et \u00e0 la famille de l&#39;adolescente si elle ne faisait pas ce qu&#39;il lui avait demand\u00e9. Le malade a \u00e9t\u00e9 arr\u00eat\u00e9 \u00e0 son domicile de Swindon le 6 d\u00e9cembre 2020 par des agents de la National Crime Agency (NCA).<\/p>\n<\/div>\n<div class=\"text-description\">\n<p>Ils ont saisi ses appareils et un t\u00e9l\u00e9phone portable dont certaines parties \u00e9taient crypt\u00e9es. Un examen m\u00e9dico-l\u00e9gal a r\u00e9v\u00e9l\u00e9 des images de la jeune fille et de l&#39;application utilis\u00e9e par Fernandes pour commettre ses cruels abus.<\/p>\n<\/div>\n<div class=\"text-description\">\n<p>Les agents ont \u00e9galement trouv\u00e9 d&#39;autres applications de messagerie en ligne sur lesquelles Fernandes avait cr\u00e9\u00e9 des comptes sous des noms d&#39;utilisateur, notamment \u00ab cuteandstrict \u00bb, \u00ab cutestrictsadist \u00bb, \u00ab Reckitt03 \u00bb et \u00ab TcTrevor \u00bb.<\/p>\n<\/div>\n<div class=\"text-description\">\n<p>Il a \u00e9t\u00e9 inculp\u00e9 de 16 infractions, notamment incitation d&#39;un enfant \u00e0 se livrer \u00e0 une activit\u00e9 sexuelle et cr\u00e9ation d&#39;images ind\u00e9centes d&#39;enfants.<\/p>\n<\/div>\n<div class=\"text-description\">\n<p>Le d\u00e9viant sexuel a \u00e9t\u00e9 reconnu coupable de tous ces crimes par la Crown Court de Swindon en mai 2022. Il a \u00e9t\u00e9 condamn\u00e9 \u00e0 14 ans de prison en ao\u00fbt de la m\u00eame ann\u00e9e, dont cinq ans de permis prolong\u00e9.<\/p>\n<\/div>\n<div class=\"text-description\">\n<p>Le p\u00e9dophile a \u00e9galement \u00e9t\u00e9 soumis \u00e0 une ordonnance de pr\u00e9vention des pr\u00e9judices sexuels et inscrit au registre des d\u00e9linquants sexuels, selon la NCA.<\/p>\n<\/div>\n<div class=\"text-description\">\n<p>L&#39;analyse de ses appareils a r\u00e9v\u00e9l\u00e9 encore plus de crimes malsains de Fernandes contre davantage d&#39;enfants. Il a \u00e9t\u00e9 inculp\u00e9 de 67 autres infractions en septembre de l&#39;ann\u00e9e derni\u00e8re apr\u00e8s que des policiers ont interrog\u00e9 des survivants de ses abus au Royaume-Uni et \u00e0 l&#39;\u00e9tranger.<\/p>\n<\/div>\n<div class=\"text-description\">\n<p>Les accusations comprenaient le chantage, l&#39;incitation ou l&#39;incitation \u00e0 une activit\u00e9 sexuelle avec un enfant, la communication malveillante, le fait d&#39;avoir amen\u00e9 un enfant \u00e0 assister \u00e0 un acte sexuel et la cr\u00e9ation et la diffusion d&#39;images ind\u00e9centes d&#39;enfants.<\/p>\n<\/div>\n<p> <iframe loading=\"lazy\" src=\"https:\/\/www.express.co.uk\/mobile\/dxpoll\/45\" frameborder=\"no\" scrolling=\"no\" width=\"100%\" height=\"1000\" id=\"dxpoll-45\" data-dx-poll=\"\"><\/iframe>  <\/p>\n<div class=\"text-description\">\n<p>Il a plaid\u00e9 coupable en novembre et a \u00e9t\u00e9 condamn\u00e9 \u00e0 perp\u00e9tuit\u00e9 pour un minimum de 13 ans et huit mois, mercredi 2 avril.<\/p>\n<\/div>\n<div class=\"text-description\">\n<p>Le juge Taylor KC, charg\u00e9 de la d\u00e9termination de la peine, a d\u00e9clar\u00e9 que l&#39;infraction de Fernandes \u00e9tait l&#39;une des pires de ce type \u00e0 \u00eatre port\u00e9e devant le tribunal. et a rendu hommage aux victimes qu&#39;il a qualifi\u00e9es de \u00ab\u00a0jeunes filles tr\u00e8s vuln\u00e9rables\u00a0\u00bb.<\/p>\n<\/div>\n<div class=\"text-description\">\n<p>Danielle Pownall, charg\u00e9e d&#39;enqu\u00eate \u00e0 la NCA, a d\u00e9clar\u00e9 mercredi : \u00ab\u00a0Fernandes est un d\u00e9linquant sexuel prolifique et dangereux sur des enfants et savait au moment de sa condamnation initiale qu&#39;il avait abus\u00e9 d&#39;autres enfants.<\/p>\n<\/div>\n<div class=\"text-description\">\n<p>\u00ab\u00a0Il a eu recours \u00e0 des menaces et au chantage pour contraindre de jeunes enfants \u00e0 commettre des actes horribles, et la peine prononc\u00e9e aujourd&#39;hui met en \u00e9vidence la gravit\u00e9 de ce d\u00e9lit.\u00a0\u00bb<\/p>\n<\/div>\n<div class=\"text-description\">\n<p>Elle a ajout\u00e9 : \u00ab La jeune fille qui a signal\u00e9 les abus aux autorit\u00e9s am\u00e9ricaines a fait preuve d&#39;un courage incroyable en se manifestant et en disant \u00e0 la police ce qui lui \u00e9tait arriv\u00e9.<\/p>\n<\/div>\n<div class=\"text-description\">\n<p>\u00ab\u00a0Sans son courage, Fernandes continuerait potentiellement \u00e0 abuser sexuellement d&#39;enfants et je voudrais la remercier encore une fois d&#39;avoir franchi cette \u00e9tape et d&#39;avoir affront\u00e9 ses peurs.\u00a0\u00bb<\/p>\n<\/div>\n<\/div>\n","protected":false},"excerpt":{"rendered":"<p>Le juge a d\u00e9clar\u00e9 que l&#39;infraction de Trevor Fernandes \u00e9tait l&#39;une des pires du genre (Image\u00a0:\u00a0ANC) Un p\u00e9dophile reconnu coupable qui a abus\u00e9 de filles<\/p>\n","protected":false},"author":1,"featured_media":5377,"comment_status":"closed","ping_status":"","sticky":false,"template":"","format":"standard","meta":{"footnotes":""},"categories":[2277],"tags":[5141,1196,54,8,4711,5891,5887,5889,287,5885],"yoast_head":"<!-- This site is optimized with the Yoast SEO plugin v21.0 - https:\/\/yoast.com\/wordpress\/plugins\/seo\/ -->\n<title>Un p\u00e9dophile mal\u00e9fique a maltrait\u00e9 des filles d\u00e8s l&#039;\u00e2ge d&#039;un an dans cinq pays<\/title>\n<meta name=\"robots\" content=\"index, follow, max-snippet:-1, max-image-preview:large, max-video-preview:-1\" \/>\n<link rel=\"canonical\" href=\"https:\/\/www.svalbard.fr\/actualites\/un-pedophile-malefique-a-maltraite-des-filles-des-lage-dun-an-dans-cinq-pays\/\" \/>\n<meta property=\"og:locale\" content=\"fr_FR\" \/>\n<meta property=\"og:type\" content=\"article\" \/>\n<meta property=\"og:title\" content=\"Un p\u00e9dophile mal\u00e9fique a maltrait\u00e9 des filles d\u00e8s l&#039;\u00e2ge d&#039;un an dans cinq pays\" \/>\n<meta property=\"og:description\" content=\"Le juge a d\u00e9clar\u00e9 que l&#039;infraction de Trevor Fernandes \u00e9tait l&#039;une des pires du genre (Image\u00a0:\u00a0ANC) Un p\u00e9dophile reconnu coupable qui a abus\u00e9 de filles\" \/>\n<meta property=\"og:url\" content=\"https:\/\/www.svalbard.fr\/actualites\/un-pedophile-malefique-a-maltraite-des-filles-des-lage-dun-an-dans-cinq-pays\/\" \/>\n<meta property=\"og:site_name\" content=\"www.Svalbard.fr\" \/>\n<meta property=\"article:published_time\" content=\"2026-04-08T08:56:37+00:00\" \/>\n<meta property=\"article:modified_time\" content=\"2026-04-08T08:56:39+00:00\" \/>\n<meta property=\"og:image\" content=\"https:\/\/www.svalbard.fr\/actualites\/wp-content\/uploads\/2026\/04\/1775638598_Un-pedophile-malefique-a-maltraite-des-filles-des-l39age-d39un.jpg\" \/>\n\t<meta property=\"og:image:width\" content=\"1200\" \/>\n\t<meta property=\"og:image:height\" content=\"630\" \/>\n\t<meta property=\"og:image:type\" content=\"image\/jpeg\" \/>\n<meta name=\"author\" content=\"Hilmar\" \/>\n<meta name=\"twitter:card\" content=\"summary_large_image\" \/>\n<meta name=\"twitter:label1\" content=\"\u00c9crit par\" \/>\n\t<meta name=\"twitter:data1\" content=\"Hilmar\" \/>\n\t<meta name=\"twitter:label2\" content=\"Dur\u00e9e de lecture estim\u00e9e\" \/>\n\t<meta name=\"twitter:data2\" content=\"4 minutes\" \/>\n<script type=\"application\/ld+json\" class=\"yoast-schema-graph\">{\"@context\":\"https:\/\/schema.org\",\"@graph\":[{\"@type\":\"Article\",\"@id\":\"https:\/\/www.svalbard.fr\/actualites\/un-pedophile-malefique-a-maltraite-des-filles-des-lage-dun-an-dans-cinq-pays\/#article\",\"isPartOf\":{\"@id\":\"https:\/\/www.svalbard.fr\/actualites\/un-pedophile-malefique-a-maltraite-des-filles-des-lage-dun-an-dans-cinq-pays\/\"},\"author\":{\"name\":\"Hilmar\",\"@id\":\"https:\/\/www.svalbard.fr\/actualites\/#\/schema\/person\/a2f937d5712222366738fae98755c600\"},\"headline\":\"Un p\u00e9dophile mal\u00e9fique a maltrait\u00e9 des filles d\u00e8s l&#39;\u00e2ge d&#39;un an dans cinq pays\",\"datePublished\":\"2026-04-08T08:56:37+00:00\",\"dateModified\":\"2026-04-08T08:56:39+00:00\",\"mainEntityOfPage\":{\"@id\":\"https:\/\/www.svalbard.fr\/actualites\/un-pedophile-malefique-a-maltraite-des-filles-des-lage-dun-an-dans-cinq-pays\/\"},\"wordCount\":844,\"publisher\":{\"@id\":\"https:\/\/www.svalbard.fr\/actualites\/#organization\"},\"keywords\":[\"cinq\",\"d39un\",\"dans\",\"des\",\"filles\",\"l39\u00e2ge\",\"mal\u00e9fique\",\"maltrait\u00e9\",\"pays\",\"p\u00e9dophile\"],\"inLanguage\":\"fr-FR\"},{\"@type\":\"WebPage\",\"@id\":\"https:\/\/www.svalbard.fr\/actualites\/un-pedophile-malefique-a-maltraite-des-filles-des-lage-dun-an-dans-cinq-pays\/\",\"url\":\"https:\/\/www.svalbard.fr\/actualites\/un-pedophile-malefique-a-maltraite-des-filles-des-lage-dun-an-dans-cinq-pays\/\",\"name\":\"Un p\u00e9dophile mal\u00e9fique a maltrait\u00e9 des filles d\u00e8s l&#39;\u00e2ge d&#39;un an dans cinq pays\",\"isPartOf\":{\"@id\":\"https:\/\/www.svalbard.fr\/actualites\/#website\"},\"datePublished\":\"2026-04-08T08:56:37+00:00\",\"dateModified\":\"2026-04-08T08:56:39+00:00\",\"breadcrumb\":{\"@id\":\"https:\/\/www.svalbard.fr\/actualites\/un-pedophile-malefique-a-maltraite-des-filles-des-lage-dun-an-dans-cinq-pays\/#breadcrumb\"},\"inLanguage\":\"fr-FR\",\"potentialAction\":[{\"@type\":\"ReadAction\",\"target\":[\"https:\/\/www.svalbard.fr\/actualites\/un-pedophile-malefique-a-maltraite-des-filles-des-lage-dun-an-dans-cinq-pays\/\"]}]},{\"@type\":\"BreadcrumbList\",\"@id\":\"https:\/\/www.svalbard.fr\/actualites\/un-pedophile-malefique-a-maltraite-des-filles-des-lage-dun-an-dans-cinq-pays\/#breadcrumb\",\"itemListElement\":[{\"@type\":\"ListItem\",\"position\":1,\"name\":\"Accueil\",\"item\":\"https:\/\/www.svalbard.fr\/actualites\/\"},{\"@type\":\"ListItem\",\"position\":2,\"name\":\"Un p\u00e9dophile mal\u00e9fique a maltrait\u00e9 des filles d\u00e8s l&#39;\u00e2ge d&#39;un an dans cinq pays\"}]},{\"@type\":\"WebSite\",\"@id\":\"https:\/\/www.svalbard.fr\/actualites\/#website\",\"url\":\"https:\/\/www.svalbard.fr\/actualites\/\",\"name\":\"www.Svalbard.fr\",\"description\":\"\",\"publisher\":{\"@id\":\"https:\/\/www.svalbard.fr\/actualites\/#organization\"},\"potentialAction\":[{\"@type\":\"SearchAction\",\"target\":{\"@type\":\"EntryPoint\",\"urlTemplate\":\"https:\/\/www.svalbard.fr\/actualites\/?s={search_term_string}\"},\"query-input\":\"required name=search_term_string\"}],\"inLanguage\":\"fr-FR\"},{\"@type\":\"Organization\",\"@id\":\"https:\/\/www.svalbard.fr\/actualites\/#organization\",\"name\":\"www.Svalbard.fr\",\"url\":\"https:\/\/www.svalbard.fr\/actualites\/\",\"logo\":{\"@type\":\"ImageObject\",\"inLanguage\":\"fr-FR\",\"@id\":\"https:\/\/www.svalbard.fr\/actualites\/#\/schema\/logo\/image\/\",\"url\":\"https:\/\/www.svalbard.fr\/actualites\/wp-content\/uploads\/2023\/09\/head-nom.jpg\",\"contentUrl\":\"https:\/\/www.svalbard.fr\/actualites\/wp-content\/uploads\/2023\/09\/head-nom.jpg\",\"width\":264,\"height\":35,\"caption\":\"www.Svalbard.fr\"},\"image\":{\"@id\":\"https:\/\/www.svalbard.fr\/actualites\/#\/schema\/logo\/image\/\"}},{\"@type\":\"Person\",\"@id\":\"https:\/\/www.svalbard.fr\/actualites\/#\/schema\/person\/a2f937d5712222366738fae98755c600\",\"name\":\"Hilmar\",\"image\":{\"@type\":\"ImageObject\",\"inLanguage\":\"fr-FR\",\"@id\":\"https:\/\/www.svalbard.fr\/actualites\/#\/schema\/person\/image\/\",\"url\":\"https:\/\/secure.gravatar.com\/avatar\/4daa437093476dbc32da415c112b6512?s=96&d=mm&r=g\",\"contentUrl\":\"https:\/\/secure.gravatar.com\/avatar\/4daa437093476dbc32da415c112b6512?s=96&d=mm&r=g\",\"caption\":\"Hilmar\"},\"description\":\"Hilmar est un passionn\u00e9 des r\u00e9gions polaires, sp\u00e9cialis\u00e9 dans la r\u00e9daction d'articles sur le Spitzberg et autres destinations arctiques. Il apporte son expertise et sa passion pour l'Arctique au sein de l'\u00e9quipe de r\u00e9daction de Svalbard depuis de nombreuses ann\u00e9es.\",\"sameAs\":[\"https:\/\/www.svalbard.fr\/\"]}]}<\/script>\n<!-- \/ Yoast SEO plugin. -->","yoast_head_json":{"title":"Un p\u00e9dophile mal\u00e9fique a maltrait\u00e9 des filles d\u00e8s l&#39;\u00e2ge d&#39;un an dans cinq pays","robots":{"index":"index","follow":"follow","max-snippet":"max-snippet:-1","max-image-preview":"max-image-preview:large","max-video-preview":"max-video-preview:-1"},"canonical":"https:\/\/www.svalbard.fr\/actualites\/un-pedophile-malefique-a-maltraite-des-filles-des-lage-dun-an-dans-cinq-pays\/","og_locale":"fr_FR","og_type":"article","og_title":"Un p\u00e9dophile mal\u00e9fique a maltrait\u00e9 des filles d\u00e8s l&#39;\u00e2ge d&#39;un an dans cinq pays","og_description":"Le juge a d\u00e9clar\u00e9 que l&#39;infraction de Trevor Fernandes \u00e9tait l&#39;une des pires du genre (Image\u00a0:\u00a0ANC) Un p\u00e9dophile reconnu coupable qui a abus\u00e9 de filles","og_url":"https:\/\/www.svalbard.fr\/actualites\/un-pedophile-malefique-a-maltraite-des-filles-des-lage-dun-an-dans-cinq-pays\/","og_site_name":"www.Svalbard.fr","article_published_time":"2026-04-08T08:56:37+00:00","article_modified_time":"2026-04-08T08:56:39+00:00","og_image":[{"width":1200,"height":630,"url":"https:\/\/www.svalbard.fr\/actualites\/wp-content\/uploads\/2026\/04\/1775638598_Un-pedophile-malefique-a-maltraite-des-filles-des-l39age-d39un.jpg","type":"image\/jpeg"}],"author":"Hilmar","twitter_card":"summary_large_image","twitter_misc":{"\u00c9crit par":"Hilmar","Dur\u00e9e de lecture estim\u00e9e":"4 minutes"},"schema":{"@context":"https:\/\/schema.org","@graph":[{"@type":"Article","@id":"https:\/\/www.svalbard.fr\/actualites\/un-pedophile-malefique-a-maltraite-des-filles-des-lage-dun-an-dans-cinq-pays\/#article","isPartOf":{"@id":"https:\/\/www.svalbard.fr\/actualites\/un-pedophile-malefique-a-maltraite-des-filles-des-lage-dun-an-dans-cinq-pays\/"},"author":{"name":"Hilmar","@id":"https:\/\/www.svalbard.fr\/actualites\/#\/schema\/person\/a2f937d5712222366738fae98755c600"},"headline":"Un p\u00e9dophile mal\u00e9fique a maltrait\u00e9 des filles d\u00e8s l&#39;\u00e2ge d&#39;un an dans cinq pays","datePublished":"2026-04-08T08:56:37+00:00","dateModified":"2026-04-08T08:56:39+00:00","mainEntityOfPage":{"@id":"https:\/\/www.svalbard.fr\/actualites\/un-pedophile-malefique-a-maltraite-des-filles-des-lage-dun-an-dans-cinq-pays\/"},"wordCount":844,"publisher":{"@id":"https:\/\/www.svalbard.fr\/actualites\/#organization"},"keywords":["cinq","d39un","dans","des","filles","l39\u00e2ge","mal\u00e9fique","maltrait\u00e9","pays","p\u00e9dophile"],"inLanguage":"fr-FR"},{"@type":"WebPage","@id":"https:\/\/www.svalbard.fr\/actualites\/un-pedophile-malefique-a-maltraite-des-filles-des-lage-dun-an-dans-cinq-pays\/","url":"https:\/\/www.svalbard.fr\/actualites\/un-pedophile-malefique-a-maltraite-des-filles-des-lage-dun-an-dans-cinq-pays\/","name":"Un p\u00e9dophile mal\u00e9fique a maltrait\u00e9 des filles d\u00e8s l&#39;\u00e2ge d&#39;un an dans cinq pays","isPartOf":{"@id":"https:\/\/www.svalbard.fr\/actualites\/#website"},"datePublished":"2026-04-08T08:56:37+00:00","dateModified":"2026-04-08T08:56:39+00:00","breadcrumb":{"@id":"https:\/\/www.svalbard.fr\/actualites\/un-pedophile-malefique-a-maltraite-des-filles-des-lage-dun-an-dans-cinq-pays\/#breadcrumb"},"inLanguage":"fr-FR","potentialAction":[{"@type":"ReadAction","target":["https:\/\/www.svalbard.fr\/actualites\/un-pedophile-malefique-a-maltraite-des-filles-des-lage-dun-an-dans-cinq-pays\/"]}]},{"@type":"BreadcrumbList","@id":"https:\/\/www.svalbard.fr\/actualites\/un-pedophile-malefique-a-maltraite-des-filles-des-lage-dun-an-dans-cinq-pays\/#breadcrumb","itemListElement":[{"@type":"ListItem","position":1,"name":"Accueil","item":"https:\/\/www.svalbard.fr\/actualites\/"},{"@type":"ListItem","position":2,"name":"Un p\u00e9dophile mal\u00e9fique a maltrait\u00e9 des filles d\u00e8s l&#39;\u00e2ge d&#39;un an dans cinq pays"}]},{"@type":"WebSite","@id":"https:\/\/www.svalbard.fr\/actualites\/#website","url":"https:\/\/www.svalbard.fr\/actualites\/","name":"www.Svalbard.fr","description":"","publisher":{"@id":"https:\/\/www.svalbard.fr\/actualites\/#organization"},"potentialAction":[{"@type":"SearchAction","target":{"@type":"EntryPoint","urlTemplate":"https:\/\/www.svalbard.fr\/actualites\/?s={search_term_string}"},"query-input":"required name=search_term_string"}],"inLanguage":"fr-FR"},{"@type":"Organization","@id":"https:\/\/www.svalbard.fr\/actualites\/#organization","name":"www.Svalbard.fr","url":"https:\/\/www.svalbard.fr\/actualites\/","logo":{"@type":"ImageObject","inLanguage":"fr-FR","@id":"https:\/\/www.svalbard.fr\/actualites\/#\/schema\/logo\/image\/","url":"https:\/\/www.svalbard.fr\/actualites\/wp-content\/uploads\/2023\/09\/head-nom.jpg","contentUrl":"https:\/\/www.svalbard.fr\/actualites\/wp-content\/uploads\/2023\/09\/head-nom.jpg","width":264,"height":35,"caption":"www.Svalbard.fr"},"image":{"@id":"https:\/\/www.svalbard.fr\/actualites\/#\/schema\/logo\/image\/"}},{"@type":"Person","@id":"https:\/\/www.svalbard.fr\/actualites\/#\/schema\/person\/a2f937d5712222366738fae98755c600","name":"Hilmar","image":{"@type":"ImageObject","inLanguage":"fr-FR","@id":"https:\/\/www.svalbard.fr\/actualites\/#\/schema\/person\/image\/","url":"https:\/\/secure.gravatar.com\/avatar\/4daa437093476dbc32da415c112b6512?s=96&d=mm&r=g","contentUrl":"https:\/\/secure.gravatar.com\/avatar\/4daa437093476dbc32da415c112b6512?s=96&d=mm&r=g","caption":"Hilmar"},"description":"Hilmar est un passionn\u00e9 des r\u00e9gions polaires, sp\u00e9cialis\u00e9 dans la r\u00e9daction d'articles sur le Spitzberg et autres destinations arctiques. Il apporte son expertise et sa passion pour l'Arctique au sein de l'\u00e9quipe de r\u00e9daction de Svalbard depuis de nombreuses ann\u00e9es.","sameAs":["https:\/\/www.svalbard.fr\/"]}]}},"_links":{"self":[{"href":"https:\/\/www.svalbard.fr\/actualites\/wp-json\/wp\/v2\/posts\/5376"}],"collection":[{"href":"https:\/\/www.svalbard.fr\/actualites\/wp-json\/wp\/v2\/posts"}],"about":[{"href":"https:\/\/www.svalbard.fr\/actualites\/wp-json\/wp\/v2\/types\/post"}],"author":[{"embeddable":true,"href":"https:\/\/www.svalbard.fr\/actualites\/wp-json\/wp\/v2\/users\/1"}],"replies":[{"embeddable":true,"href":"https:\/\/www.svalbard.fr\/actualites\/wp-json\/wp\/v2\/comments?post=5376"}],"version-history":[{"count":1,"href":"https:\/\/www.svalbard.fr\/actualites\/wp-json\/wp\/v2\/posts\/5376\/revisions"}],"predecessor-version":[{"id":5378,"href":"https:\/\/www.svalbard.fr\/actualites\/wp-json\/wp\/v2\/posts\/5376\/revisions\/5378"}],"wp:featuredmedia":[{"embeddable":true,"href":"https:\/\/www.svalbard.fr\/actualites\/wp-json\/wp\/v2\/media\/5377"}],"wp:attachment":[{"href":"https:\/\/www.svalbard.fr\/actualites\/wp-json\/wp\/v2\/media?parent=5376"}],"wp:term":[{"taxonomy":"category","embeddable":true,"href":"https:\/\/www.svalbard.fr\/actualites\/wp-json\/wp\/v2\/categories?post=5376"},{"taxonomy":"post_tag","embeddable":true,"href":"https:\/\/www.svalbard.fr\/actualites\/wp-json\/wp\/v2\/tags?post=5376"}],"curies":[{"name":"wp","href":"https:\/\/api.w.org\/{rel}","templated":true}]}}