{"id":5382,"date":"2026-04-10T22:56:09","date_gmt":"2026-04-10T20:56:09","guid":{"rendered":"https:\/\/www.svalbard.fr\/actualites\/royal-photographie-de-retour-au-travail-avec-un-soutien-en-oxygene-des-semaines-apres-une-mise-a-jour-majeure-sur-son-etat-de-sante\/"},"modified":"2026-04-10T22:56:12","modified_gmt":"2026-04-10T20:56:12","slug":"royal-photographie-de-retour-au-travail-avec-un-soutien-en-oxygene-des-semaines-apres-une-mise-a-jour-majeure-sur-son-etat-de-sante","status":"publish","type":"post","link":"https:\/\/www.svalbard.fr\/actualites\/royal-photographie-de-retour-au-travail-avec-un-soutien-en-oxygene-des-semaines-apres-une-mise-a-jour-majeure-sur-son-etat-de-sante\/","title":{"rendered":"Royal photographi\u00e9 de retour au travail avec un soutien en oxyg\u00e8ne des semaines apr\u00e8s une mise \u00e0 jour majeure sur son \u00e9tat de sant\u00e9"},"content":{"rendered":"<div>\n<p>Mette-Marit semblait de bonne humeur mais \u00e9tait assist\u00e9 par des broches nasales pour le soutien en oxyg\u00e8ne pendant les combats. La princesse h\u00e9riti\u00e8re \u00e9tait \u00e9l\u00e9gante dans un blazer bleu marine, un pantalon kaki et un haut blanc en dessous.<\/p>\n<\/div>\n<div>\n<p>Guri Varpe, responsable de la communication de la Maison royale de Norv\u00e8ge, a d\u00e9clar\u00e9 \u00e0 la cha\u00eene norv\u00e9gienne TV2 : \u00ab Comme on le sait, la princesse h\u00e9riti\u00e8re souffre d&#39;une maladie chronique, la fibrose pulmonaire.<\/p>\n<\/div>\n<div>\n<p>\u00abComme nous l&#39;avons annonc\u00e9 en d\u00e9cembre, l&#39;\u00e9tat de sant\u00e9 de la princesse h\u00e9riti\u00e8re s&#39;est nettement d\u00e9grad\u00e9 ces derniers temps et les pr\u00e9paratifs ont commenc\u00e9 en vue d&#39;une \u00e9valuation en vue d&#39;une transplantation pulmonaire.<\/p>\n<\/div>\n<div>\n<p>\u00ab\u00a0La princesse h\u00e9riti\u00e8re a un besoin croissant d&#39;entra\u00eenement, de repos et de r\u00e9cup\u00e9ration sur mesure, et son programme officiel est adapt\u00e9 \u00e0 son \u00e9tat de sant\u00e9.\u00a0\u00bb<\/p>\n<\/div>\n<div>\n<p>Sa derni\u00e8re apparition publique avant aujourd&#39;hui \u00e9tait celle de Mette-Marit le 28 janvier, quelques jours seulement avant la publication des dossiers de Jeffrey Epstein, dont certains la mentionnaient.<\/p>\n<\/div>\n<div>\n<p>Elle avait d\u00e9j\u00e0 \u00e9t\u00e9 photographi\u00e9e avec son mari, toujours sous oxyg\u00e8ne, le mois dernier.<\/p>\n<\/div>\n<div>\n<p>Les documents d&#39;Epstein, qui incluent des \u00e9changes de courriers \u00e9lectroniques, montrent que Mette-Marit a emprunt\u00e9 une propri\u00e9t\u00e9 appartenant \u00e0 Epstein \u00e0 Palm Beach, en Floride, pendant plusieurs jours en 2013.<\/p>\n<\/div>\n<div>\n<p>La princesse h\u00e9riti\u00e8re a exprim\u00e9 ses \u00ab profonds regrets \u00bb et s\u2019est excus\u00e9e pour son amiti\u00e9 avec Epstein.<\/p>\n<\/div>\n<div>\n<p>\u00catre mentionn\u00e9 dans les dossiers Epstein n\u2019indique pas un acte r\u00e9pr\u00e9hensible.<\/p>\n<\/div>\n<div>\n<p>Pendant ce temps, son fils de 29 ans, Marius Borg H\u00f8iby, est jug\u00e9 pour 38 chefs d&#39;accusation, dont viol, agression sexuelle et coups et blessures.<\/p>\n<\/div>\n<div>\n<p>Il a plaid\u00e9 non coupable des quatre accusations de viol. Cependant, il a plaid\u00e9 coupable de plusieurs infractions de conduite automobile, d&#39;une infraction aggrav\u00e9e en mati\u00e8re de drogue et de violation d&#39;une ordonnance de non-communication, et \u00ab en partie \u00bb de menaces et de voies de fait graves.<\/p>\n<\/div>\n","protected":false},"excerpt":{"rendered":"<p>Mette-Marit semblait de bonne humeur mais \u00e9tait assist\u00e9 par des broches nasales pour le soutien en oxyg\u00e8ne pendant les combats. La princesse h\u00e9riti\u00e8re \u00e9tait \u00e9l\u00e9gante<\/p>\n","protected":false},"author":1,"featured_media":5383,"comment_status":"closed","ping_status":"","sticky":false,"template":"","format":"standard","meta":{"footnotes":""},"categories":[2277],"tags":[73,66,8,1309,632,1908,688,5907,134,5903,1580,957,4643,193,5905,28,755,18],"yoast_head":"<!-- This site is optimized with the Yoast SEO plugin v21.0 - https:\/\/yoast.com\/wordpress\/plugins\/seo\/ -->\n<title>Royal photographi\u00e9 de retour au travail avec un soutien en oxyg\u00e8ne des semaines apr\u00e8s une mise \u00e0 jour majeure sur son \u00e9tat de sant\u00e9<\/title>\n<meta name=\"robots\" content=\"index, follow, max-snippet:-1, max-image-preview:large, max-video-preview:-1\" \/>\n<link rel=\"canonical\" href=\"https:\/\/www.svalbard.fr\/actualites\/royal-photographie-de-retour-au-travail-avec-un-soutien-en-oxygene-des-semaines-apres-une-mise-a-jour-majeure-sur-son-etat-de-sante\/\" \/>\n<meta property=\"og:locale\" content=\"fr_FR\" \/>\n<meta property=\"og:type\" content=\"article\" \/>\n<meta property=\"og:title\" content=\"Royal photographi\u00e9 de retour au travail avec un soutien en oxyg\u00e8ne des semaines apr\u00e8s une mise \u00e0 jour majeure sur son \u00e9tat de sant\u00e9\" \/>\n<meta property=\"og:description\" content=\"Mette-Marit semblait de bonne humeur mais \u00e9tait assist\u00e9 par des broches nasales pour le soutien en oxyg\u00e8ne pendant les combats. La princesse h\u00e9riti\u00e8re \u00e9tait \u00e9l\u00e9gante\" \/>\n<meta property=\"og:url\" content=\"https:\/\/www.svalbard.fr\/actualites\/royal-photographie-de-retour-au-travail-avec-un-soutien-en-oxygene-des-semaines-apres-une-mise-a-jour-majeure-sur-son-etat-de-sante\/\" \/>\n<meta property=\"og:site_name\" content=\"www.Svalbard.fr\" \/>\n<meta property=\"article:published_time\" content=\"2026-04-10T20:56:09+00:00\" \/>\n<meta property=\"article:modified_time\" content=\"2026-04-10T20:56:12+00:00\" \/>\n<meta property=\"og:image\" content=\"https:\/\/www.svalbard.fr\/actualites\/wp-content\/uploads\/2026\/04\/Royal-photographie-de-retour-au-travail-avec-un-soutien-en.jpg\" \/>\n\t<meta property=\"og:image:width\" content=\"1200\" \/>\n\t<meta property=\"og:image:height\" content=\"630\" \/>\n\t<meta property=\"og:image:type\" content=\"image\/jpeg\" \/>\n<meta name=\"author\" content=\"Hilmar\" \/>\n<meta name=\"twitter:card\" content=\"summary_large_image\" \/>\n<meta name=\"twitter:label1\" content=\"\u00c9crit par\" \/>\n\t<meta name=\"twitter:data1\" content=\"Hilmar\" \/>\n\t<meta name=\"twitter:label2\" content=\"Dur\u00e9e de lecture estim\u00e9e\" \/>\n\t<meta name=\"twitter:data2\" content=\"2 minutes\" \/>\n<script type=\"application\/ld+json\" class=\"yoast-schema-graph\">{\"@context\":\"https:\/\/schema.org\",\"@graph\":[{\"@type\":\"Article\",\"@id\":\"https:\/\/www.svalbard.fr\/actualites\/royal-photographie-de-retour-au-travail-avec-un-soutien-en-oxygene-des-semaines-apres-une-mise-a-jour-majeure-sur-son-etat-de-sante\/#article\",\"isPartOf\":{\"@id\":\"https:\/\/www.svalbard.fr\/actualites\/royal-photographie-de-retour-au-travail-avec-un-soutien-en-oxygene-des-semaines-apres-une-mise-a-jour-majeure-sur-son-etat-de-sante\/\"},\"author\":{\"name\":\"Hilmar\",\"@id\":\"https:\/\/www.svalbard.fr\/actualites\/#\/schema\/person\/a2f937d5712222366738fae98755c600\"},\"headline\":\"Royal photographi\u00e9 de retour au travail avec un soutien en oxyg\u00e8ne des semaines apr\u00e8s une mise \u00e0 jour majeure sur son \u00e9tat de sant\u00e9\",\"datePublished\":\"2026-04-10T20:56:09+00:00\",\"dateModified\":\"2026-04-10T20:56:12+00:00\",\"mainEntityOfPage\":{\"@id\":\"https:\/\/www.svalbard.fr\/actualites\/royal-photographie-de-retour-au-travail-avec-un-soutien-en-oxygene-des-semaines-apres-une-mise-a-jour-majeure-sur-son-etat-de-sante\/\"},\"wordCount\":365,\"publisher\":{\"@id\":\"https:\/\/www.svalbard.fr\/actualites\/#organization\"},\"keywords\":[\"apr\u00e8s\",\"avec\",\"des\",\"\u00c9tat\",\"jour\",\"majeure\",\"mise\",\"oxyg\u00e8ne\",\"photographie\",\"retour\",\"royal\",\"sant\u00e9\",\"semaines\",\"son\",\"soutien\",\"sur\",\"travail\",\"Une\"],\"inLanguage\":\"fr-FR\"},{\"@type\":\"WebPage\",\"@id\":\"https:\/\/www.svalbard.fr\/actualites\/royal-photographie-de-retour-au-travail-avec-un-soutien-en-oxygene-des-semaines-apres-une-mise-a-jour-majeure-sur-son-etat-de-sante\/\",\"url\":\"https:\/\/www.svalbard.fr\/actualites\/royal-photographie-de-retour-au-travail-avec-un-soutien-en-oxygene-des-semaines-apres-une-mise-a-jour-majeure-sur-son-etat-de-sante\/\",\"name\":\"Royal photographi\u00e9 de retour au travail avec un soutien en oxyg\u00e8ne des semaines apr\u00e8s une mise \u00e0 jour majeure sur son \u00e9tat de sant\u00e9\",\"isPartOf\":{\"@id\":\"https:\/\/www.svalbard.fr\/actualites\/#website\"},\"datePublished\":\"2026-04-10T20:56:09+00:00\",\"dateModified\":\"2026-04-10T20:56:12+00:00\",\"breadcrumb\":{\"@id\":\"https:\/\/www.svalbard.fr\/actualites\/royal-photographie-de-retour-au-travail-avec-un-soutien-en-oxygene-des-semaines-apres-une-mise-a-jour-majeure-sur-son-etat-de-sante\/#breadcrumb\"},\"inLanguage\":\"fr-FR\",\"potentialAction\":[{\"@type\":\"ReadAction\",\"target\":[\"https:\/\/www.svalbard.fr\/actualites\/royal-photographie-de-retour-au-travail-avec-un-soutien-en-oxygene-des-semaines-apres-une-mise-a-jour-majeure-sur-son-etat-de-sante\/\"]}]},{\"@type\":\"BreadcrumbList\",\"@id\":\"https:\/\/www.svalbard.fr\/actualites\/royal-photographie-de-retour-au-travail-avec-un-soutien-en-oxygene-des-semaines-apres-une-mise-a-jour-majeure-sur-son-etat-de-sante\/#breadcrumb\",\"itemListElement\":[{\"@type\":\"ListItem\",\"position\":1,\"name\":\"Accueil\",\"item\":\"https:\/\/www.svalbard.fr\/actualites\/\"},{\"@type\":\"ListItem\",\"position\":2,\"name\":\"Royal photographi\u00e9 de retour au travail avec un soutien en oxyg\u00e8ne des semaines apr\u00e8s une mise \u00e0 jour majeure sur son \u00e9tat de sant\u00e9\"}]},{\"@type\":\"WebSite\",\"@id\":\"https:\/\/www.svalbard.fr\/actualites\/#website\",\"url\":\"https:\/\/www.svalbard.fr\/actualites\/\",\"name\":\"www.Svalbard.fr\",\"description\":\"\",\"publisher\":{\"@id\":\"https:\/\/www.svalbard.fr\/actualites\/#organization\"},\"potentialAction\":[{\"@type\":\"SearchAction\",\"target\":{\"@type\":\"EntryPoint\",\"urlTemplate\":\"https:\/\/www.svalbard.fr\/actualites\/?s={search_term_string}\"},\"query-input\":\"required name=search_term_string\"}],\"inLanguage\":\"fr-FR\"},{\"@type\":\"Organization\",\"@id\":\"https:\/\/www.svalbard.fr\/actualites\/#organization\",\"name\":\"www.Svalbard.fr\",\"url\":\"https:\/\/www.svalbard.fr\/actualites\/\",\"logo\":{\"@type\":\"ImageObject\",\"inLanguage\":\"fr-FR\",\"@id\":\"https:\/\/www.svalbard.fr\/actualites\/#\/schema\/logo\/image\/\",\"url\":\"https:\/\/www.svalbard.fr\/actualites\/wp-content\/uploads\/2023\/09\/head-nom.jpg\",\"contentUrl\":\"https:\/\/www.svalbard.fr\/actualites\/wp-content\/uploads\/2023\/09\/head-nom.jpg\",\"width\":264,\"height\":35,\"caption\":\"www.Svalbard.fr\"},\"image\":{\"@id\":\"https:\/\/www.svalbard.fr\/actualites\/#\/schema\/logo\/image\/\"}},{\"@type\":\"Person\",\"@id\":\"https:\/\/www.svalbard.fr\/actualites\/#\/schema\/person\/a2f937d5712222366738fae98755c600\",\"name\":\"Hilmar\",\"image\":{\"@type\":\"ImageObject\",\"inLanguage\":\"fr-FR\",\"@id\":\"https:\/\/www.svalbard.fr\/actualites\/#\/schema\/person\/image\/\",\"url\":\"https:\/\/secure.gravatar.com\/avatar\/4daa437093476dbc32da415c112b6512?s=96&d=mm&r=g\",\"contentUrl\":\"https:\/\/secure.gravatar.com\/avatar\/4daa437093476dbc32da415c112b6512?s=96&d=mm&r=g\",\"caption\":\"Hilmar\"},\"description\":\"Hilmar est un passionn\u00e9 des r\u00e9gions polaires, sp\u00e9cialis\u00e9 dans la r\u00e9daction d'articles sur le Spitzberg et autres destinations arctiques. Il apporte son expertise et sa passion pour l'Arctique au sein de l'\u00e9quipe de r\u00e9daction de Svalbard depuis de nombreuses ann\u00e9es.\",\"sameAs\":[\"https:\/\/www.svalbard.fr\/\"]}]}<\/script>\n<!-- \/ Yoast SEO plugin. -->","yoast_head_json":{"title":"Royal photographi\u00e9 de retour au travail avec un soutien en oxyg\u00e8ne des semaines apr\u00e8s une mise \u00e0 jour majeure sur son \u00e9tat de sant\u00e9","robots":{"index":"index","follow":"follow","max-snippet":"max-snippet:-1","max-image-preview":"max-image-preview:large","max-video-preview":"max-video-preview:-1"},"canonical":"https:\/\/www.svalbard.fr\/actualites\/royal-photographie-de-retour-au-travail-avec-un-soutien-en-oxygene-des-semaines-apres-une-mise-a-jour-majeure-sur-son-etat-de-sante\/","og_locale":"fr_FR","og_type":"article","og_title":"Royal photographi\u00e9 de retour au travail avec un soutien en oxyg\u00e8ne des semaines apr\u00e8s une mise \u00e0 jour majeure sur son \u00e9tat de sant\u00e9","og_description":"Mette-Marit semblait de bonne humeur mais \u00e9tait assist\u00e9 par des broches nasales pour le soutien en oxyg\u00e8ne pendant les combats. La princesse h\u00e9riti\u00e8re \u00e9tait \u00e9l\u00e9gante","og_url":"https:\/\/www.svalbard.fr\/actualites\/royal-photographie-de-retour-au-travail-avec-un-soutien-en-oxygene-des-semaines-apres-une-mise-a-jour-majeure-sur-son-etat-de-sante\/","og_site_name":"www.Svalbard.fr","article_published_time":"2026-04-10T20:56:09+00:00","article_modified_time":"2026-04-10T20:56:12+00:00","og_image":[{"width":1200,"height":630,"url":"https:\/\/www.svalbard.fr\/actualites\/wp-content\/uploads\/2026\/04\/Royal-photographie-de-retour-au-travail-avec-un-soutien-en.jpg","type":"image\/jpeg"}],"author":"Hilmar","twitter_card":"summary_large_image","twitter_misc":{"\u00c9crit par":"Hilmar","Dur\u00e9e de lecture estim\u00e9e":"2 minutes"},"schema":{"@context":"https:\/\/schema.org","@graph":[{"@type":"Article","@id":"https:\/\/www.svalbard.fr\/actualites\/royal-photographie-de-retour-au-travail-avec-un-soutien-en-oxygene-des-semaines-apres-une-mise-a-jour-majeure-sur-son-etat-de-sante\/#article","isPartOf":{"@id":"https:\/\/www.svalbard.fr\/actualites\/royal-photographie-de-retour-au-travail-avec-un-soutien-en-oxygene-des-semaines-apres-une-mise-a-jour-majeure-sur-son-etat-de-sante\/"},"author":{"name":"Hilmar","@id":"https:\/\/www.svalbard.fr\/actualites\/#\/schema\/person\/a2f937d5712222366738fae98755c600"},"headline":"Royal photographi\u00e9 de retour au travail avec un soutien en oxyg\u00e8ne des semaines apr\u00e8s une mise \u00e0 jour majeure sur son \u00e9tat de sant\u00e9","datePublished":"2026-04-10T20:56:09+00:00","dateModified":"2026-04-10T20:56:12+00:00","mainEntityOfPage":{"@id":"https:\/\/www.svalbard.fr\/actualites\/royal-photographie-de-retour-au-travail-avec-un-soutien-en-oxygene-des-semaines-apres-une-mise-a-jour-majeure-sur-son-etat-de-sante\/"},"wordCount":365,"publisher":{"@id":"https:\/\/www.svalbard.fr\/actualites\/#organization"},"keywords":["apr\u00e8s","avec","des","\u00c9tat","jour","majeure","mise","oxyg\u00e8ne","photographie","retour","royal","sant\u00e9","semaines","son","soutien","sur","travail","Une"],"inLanguage":"fr-FR"},{"@type":"WebPage","@id":"https:\/\/www.svalbard.fr\/actualites\/royal-photographie-de-retour-au-travail-avec-un-soutien-en-oxygene-des-semaines-apres-une-mise-a-jour-majeure-sur-son-etat-de-sante\/","url":"https:\/\/www.svalbard.fr\/actualites\/royal-photographie-de-retour-au-travail-avec-un-soutien-en-oxygene-des-semaines-apres-une-mise-a-jour-majeure-sur-son-etat-de-sante\/","name":"Royal photographi\u00e9 de retour au travail avec un soutien en oxyg\u00e8ne des semaines apr\u00e8s une mise \u00e0 jour majeure sur son \u00e9tat de sant\u00e9","isPartOf":{"@id":"https:\/\/www.svalbard.fr\/actualites\/#website"},"datePublished":"2026-04-10T20:56:09+00:00","dateModified":"2026-04-10T20:56:12+00:00","breadcrumb":{"@id":"https:\/\/www.svalbard.fr\/actualites\/royal-photographie-de-retour-au-travail-avec-un-soutien-en-oxygene-des-semaines-apres-une-mise-a-jour-majeure-sur-son-etat-de-sante\/#breadcrumb"},"inLanguage":"fr-FR","potentialAction":[{"@type":"ReadAction","target":["https:\/\/www.svalbard.fr\/actualites\/royal-photographie-de-retour-au-travail-avec-un-soutien-en-oxygene-des-semaines-apres-une-mise-a-jour-majeure-sur-son-etat-de-sante\/"]}]},{"@type":"BreadcrumbList","@id":"https:\/\/www.svalbard.fr\/actualites\/royal-photographie-de-retour-au-travail-avec-un-soutien-en-oxygene-des-semaines-apres-une-mise-a-jour-majeure-sur-son-etat-de-sante\/#breadcrumb","itemListElement":[{"@type":"ListItem","position":1,"name":"Accueil","item":"https:\/\/www.svalbard.fr\/actualites\/"},{"@type":"ListItem","position":2,"name":"Royal photographi\u00e9 de retour au travail avec un soutien en oxyg\u00e8ne des semaines apr\u00e8s une mise \u00e0 jour majeure sur son \u00e9tat de sant\u00e9"}]},{"@type":"WebSite","@id":"https:\/\/www.svalbard.fr\/actualites\/#website","url":"https:\/\/www.svalbard.fr\/actualites\/","name":"www.Svalbard.fr","description":"","publisher":{"@id":"https:\/\/www.svalbard.fr\/actualites\/#organization"},"potentialAction":[{"@type":"SearchAction","target":{"@type":"EntryPoint","urlTemplate":"https:\/\/www.svalbard.fr\/actualites\/?s={search_term_string}"},"query-input":"required name=search_term_string"}],"inLanguage":"fr-FR"},{"@type":"Organization","@id":"https:\/\/www.svalbard.fr\/actualites\/#organization","name":"www.Svalbard.fr","url":"https:\/\/www.svalbard.fr\/actualites\/","logo":{"@type":"ImageObject","inLanguage":"fr-FR","@id":"https:\/\/www.svalbard.fr\/actualites\/#\/schema\/logo\/image\/","url":"https:\/\/www.svalbard.fr\/actualites\/wp-content\/uploads\/2023\/09\/head-nom.jpg","contentUrl":"https:\/\/www.svalbard.fr\/actualites\/wp-content\/uploads\/2023\/09\/head-nom.jpg","width":264,"height":35,"caption":"www.Svalbard.fr"},"image":{"@id":"https:\/\/www.svalbard.fr\/actualites\/#\/schema\/logo\/image\/"}},{"@type":"Person","@id":"https:\/\/www.svalbard.fr\/actualites\/#\/schema\/person\/a2f937d5712222366738fae98755c600","name":"Hilmar","image":{"@type":"ImageObject","inLanguage":"fr-FR","@id":"https:\/\/www.svalbard.fr\/actualites\/#\/schema\/person\/image\/","url":"https:\/\/secure.gravatar.com\/avatar\/4daa437093476dbc32da415c112b6512?s=96&d=mm&r=g","contentUrl":"https:\/\/secure.gravatar.com\/avatar\/4daa437093476dbc32da415c112b6512?s=96&d=mm&r=g","caption":"Hilmar"},"description":"Hilmar est un passionn\u00e9 des r\u00e9gions polaires, sp\u00e9cialis\u00e9 dans la r\u00e9daction d'articles sur le Spitzberg et autres destinations arctiques. Il apporte son expertise et sa passion pour l'Arctique au sein de l'\u00e9quipe de r\u00e9daction de Svalbard depuis de nombreuses ann\u00e9es.","sameAs":["https:\/\/www.svalbard.fr\/"]}]}},"_links":{"self":[{"href":"https:\/\/www.svalbard.fr\/actualites\/wp-json\/wp\/v2\/posts\/5382"}],"collection":[{"href":"https:\/\/www.svalbard.fr\/actualites\/wp-json\/wp\/v2\/posts"}],"about":[{"href":"https:\/\/www.svalbard.fr\/actualites\/wp-json\/wp\/v2\/types\/post"}],"author":[{"embeddable":true,"href":"https:\/\/www.svalbard.fr\/actualites\/wp-json\/wp\/v2\/users\/1"}],"replies":[{"embeddable":true,"href":"https:\/\/www.svalbard.fr\/actualites\/wp-json\/wp\/v2\/comments?post=5382"}],"version-history":[{"count":1,"href":"https:\/\/www.svalbard.fr\/actualites\/wp-json\/wp\/v2\/posts\/5382\/revisions"}],"predecessor-version":[{"id":5384,"href":"https:\/\/www.svalbard.fr\/actualites\/wp-json\/wp\/v2\/posts\/5382\/revisions\/5384"}],"wp:featuredmedia":[{"embeddable":true,"href":"https:\/\/www.svalbard.fr\/actualites\/wp-json\/wp\/v2\/media\/5383"}],"wp:attachment":[{"href":"https:\/\/www.svalbard.fr\/actualites\/wp-json\/wp\/v2\/media?parent=5382"}],"wp:term":[{"taxonomy":"category","embeddable":true,"href":"https:\/\/www.svalbard.fr\/actualites\/wp-json\/wp\/v2\/categories?post=5382"},{"taxonomy":"post_tag","embeddable":true,"href":"https:\/\/www.svalbard.fr\/actualites\/wp-json\/wp\/v2\/tags?post=5382"}],"curies":[{"name":"wp","href":"https:\/\/api.w.org\/{rel}","templated":true}]}}