{"id":5392,"date":"2026-04-19T20:59:49","date_gmt":"2026-04-19T18:59:49","guid":{"rendered":"https:\/\/www.svalbard.fr\/actualites\/le-quartier-gouvernemental-doslo-rouvre-ses-portes-15-ans-apres-les-attentats\/"},"modified":"2026-04-19T20:59:49","modified_gmt":"2026-04-19T18:59:49","slug":"le-quartier-gouvernemental-doslo-rouvre-ses-portes-15-ans-apres-les-attentats","status":"publish","type":"post","link":"https:\/\/www.svalbard.fr\/actualites\/le-quartier-gouvernemental-doslo-rouvre-ses-portes-15-ans-apres-les-attentats\/","title":{"rendered":"Le quartier gouvernemental d&#39;Oslo rouvre ses portes 15 ans apr\u00e8s les attentats"},"content":{"rendered":"<div itemprop=\"text\">\n\t\t\t<span id=\"dpsp-post-content-markup\" data-image-pin-it=\"false\"><\/span><\/p>\n<p class=\"intro\">Quinze ans apr\u00e8s l&#39;attaque la plus meurtri\u00e8re survenue en temps de paix en Norv\u00e8ge, le quartier du gouvernement d&#39;Oslo rouvre ses portes. Le quartier reconstruit n\u2019est pas seulement un lieu de travail pour les hommes politiques, mais aussi un espace public soigneusement con\u00e7u que les visiteurs rencontreront de plus en plus.<\/p>\n<p>En avril 2026, le gouvernement norv\u00e9gien a commenc\u00e9 \u00e0 r\u00e9installer le quartier du gouvernement d&#39;Oslo, marquant un moment important pour le pays.<\/p>\n<figure class=\"wp-block-image size-large\"><img data-lazyloaded=\"1\" data-placeholder-resp=\"768x432\" fetchpriority=\"high\" decoding=\"async\" width=\"768\" height=\"432\" src=\"https:\/\/www.svalbard.fr\/actualites\/wp-content\/uploads\/2026\/04\/Le-quartier-gouvernemental-d39Oslo-rouvre-ses-portes-15-ans-apres.jpg\" alt=\"Surfaces en bois dans le bloc A du nouveau quartier du gouvernement d&#39;Oslo. Photo : Bureau nordique d\u2019architecture.\" class=\"wp-image-85815\"  data-><noscript><img fetchpriority=\"high\" decoding=\"async\" width=\"768\" height=\"432\" src=\"https:\/\/www.svalbard.fr\/actualites\/wp-content\/uploads\/2026\/04\/Le-quartier-gouvernemental-d39Oslo-rouvre-ses-portes-15-ans-apres.jpg\" alt=\"Surfaces en bois dans le bloc A du nouveau quartier du gouvernement d&#39;Oslo. Photo : Bureau nordique d\u2019architecture.\" class=\"wp-image-85815\"  ><\/noscript><\/figure>\n<p>La zone, connue sous le nom <em>Regjeringskvartalet<\/em>a \u00e9t\u00e9 le th\u00e9\u00e2tre des attentats de 2011 qui ont tu\u00e9 huit personnes (\u00e0 Oslo) et caus\u00e9 d&#39;importants d\u00e9g\u00e2ts aux b\u00e2timents gouvernementaux. Pendant des ann\u00e9es, une grande partie du quartier est rest\u00e9e ferm\u00e9e, cl\u00f4tur\u00e9e ou en transition.<\/p>\n<p>Aujourd\u2019hui, apr\u00e8s un processus de reconstruction long et souvent controvers\u00e9, le gouvernement revient. La r\u00e9ouverture est progressive plut\u00f4t que ponctuelle, mais le changement est clair. Ce qui \u00e9tait autrefois une cicatrice au centre d\u2019Oslo fait \u00e0 nouveau partie de la ville.<\/p>\n<p>Pour les visiteurs, cela soul\u00e8ve une question \u00e9vidente. Quel est exactement cet endroit et vaut-il la peine d&#39;y consacrer du temps\u00a0?<\/p>\n<h2 class=\"wp-block-heading\">Qu&#39;est-ce que le quartier du gouvernement d&#39;Oslo ?<\/h2>\n<p>Le quartier du gouvernement se trouve juste au nord de la principale rue commer\u00e7ante d&#39;Oslo, la porte Karl Johans, \u00e0 quelques pas de la gare centrale.<\/p>\n<p>Il s&#39;agit d&#39;un ensemble de b\u00e2timents gouvernementaux abritant des minist\u00e8res et des bureaux administratifs. Avant 2011, c&#39;\u00e9tait un quartier largement fonctionnel, connu principalement pour son architecture moderniste et une poign\u00e9e d&#39;\u0153uvres d&#39;art publiques, dont des \u0153uvres de Pablo Picasso.<\/p>\n<p><iframe src=\"https:\/\/player.vimeo.com\/video\/1168052153?badge=0&amp;autopause=0&amp;player_id=0&amp;app_id=58479\" frameborder=\"0\" allow=\"autoplay; fullscreen; picture-in-picture; clipboard-write; encrypted-media; web-share\" referrerpolicy=\"strict-origin-when-cross-origin\" style=\"position:absolute;top:0;left:0;width:100%;height:100%;\" title=\"Nordic Office of Architecture - New Government Quarter (Teaser) (Rev A) (Subtitles)\"><\/iframe><\/p>\n<p>L\u2019attaque du 22 juillet a chang\u00e9 la perception de la r\u00e9gion. C&#39;est devenu un lieu de m\u00e9moire nationale ainsi que de gouvernement. Le processus de reconstruction a tent\u00e9 d\u2019\u00e9quilibrer ces deux r\u00f4les.<\/p>\n<h2 class=\"wp-block-heading\">Une reconstruction longue et contest\u00e9e<\/h2>\n<p>Reconstruire le quartier du gouvernement n\u2019allait jamais \u00eatre simple. Il y a eu des d\u00e9bats sur l&#39;opportunit\u00e9 de pr\u00e9server les b\u00e2timents endommag\u00e9s ou de recommencer. Les questions sur le co\u00fbt, la s\u00e9curit\u00e9 et le symbolisme ont dur\u00e9 des ann\u00e9es.<\/p>\n<p>Certains \u00e9l\u00e9ments du complexe d&#39;origine ont \u00e9t\u00e9 conserv\u00e9s, notamment des \u0153uvres d&#39;art qui ont surv\u00e9cu aux bombardements. D&#39;autres ont \u00e9t\u00e9 remplac\u00e9s par de nouvelles structures con\u00e7ues pour r\u00e9pondre aux exigences de s\u00e9curit\u00e9 modernes tout en permettant l&#39;acc\u00e8s au public.<\/p>\n<p>Le r\u00e9sultat n\u2019est pas un seul b\u00e2timent, mais un quartier \u00e9volutif qui continuera \u00e0 se d\u00e9velopper au fil du temps.<\/p>\n<h2 class=\"wp-block-heading\">Con\u00e7u pour l&#39;ouverture, mais avec des limites<\/h2>\n<p>L&#39;un des aspects les plus frappants du nouveau quartier du gouvernement est sa philosophie de conception.<\/p>\n<figure class=\"wp-block-image size-large\"><img loading=\"lazy\" data-lazyloaded=\"1\" data-placeholder-resp=\"768x432\" decoding=\"async\" width=\"768\" height=\"432\" src=\"https:\/\/www.svalbard.fr\/actualites\/wp-content\/uploads\/2026\/04\/1776625189_21_Le-quartier-gouvernemental-d39Oslo-rouvre-ses-portes-15-ans-apres.jpg\" alt=\"B\u00e2timents du nouveau quartier du gouvernement d&#39;Oslo. Photo : Bureau nordique d\u2019architecture.\" class=\"wp-image-85816\"  data-><noscript><img loading=\"lazy\" decoding=\"async\" width=\"768\" height=\"432\" src=\"https:\/\/www.svalbard.fr\/actualites\/wp-content\/uploads\/2026\/04\/1776625189_21_Le-quartier-gouvernemental-d39Oslo-rouvre-ses-portes-15-ans-apres.jpg\" alt=\"B\u00e2timents du nouveau quartier du gouvernement d&#39;Oslo. Photo : Bureau nordique d\u2019architecture.\" class=\"wp-image-85816\"  ><\/noscript><\/figure>\n<p>Plut\u00f4t que de transformer la zone en une zone ferm\u00e9e et de haute s\u00e9curit\u00e9, les planificateurs ont d\u00e9lib\u00e9r\u00e9ment vis\u00e9 quelque chose de plus ouvert. De larges itin\u00e9raires pi\u00e9tonniers, des espaces publics et des lignes de visibilit\u00e9 font tous partie du concept.<\/p>\n<p>Pour autant, la s\u00e9curit\u00e9 n\u2019a pas disparu. C&#39;est tout simplement moins visible. Les b\u00e2timents sont en retrait. L&#39;am\u00e9nagement paysager joue un r\u00f4le de protection. L&#39;acc\u00e8s est contr\u00f4l\u00e9 de mani\u00e8re subtile que la plupart des visiteurs remarqueront \u00e0 peine.<\/p>\n<p>Il s\u2019agit d\u2019un exercice d\u2019\u00e9quilibre d\u00e9licat qui refl\u00e8te une id\u00e9e plus large : les institutions d\u00e9mocratiques doivent rester connect\u00e9es \u00e0 la vie quotidienne, m\u00eame apr\u00e8s un \u00e9v\u00e9nement traumatisant.<\/p>\n<h2 class=\"wp-block-heading\">Art public et m\u00e9moire<\/h2>\n<p>L&#39;art joue un r\u00f4le important dans la fa\u00e7on dont l&#39;espace est v\u00e9cu. Certaines \u0153uvres du quartier gouvernemental d&#39;origine ont \u00e9t\u00e9 pr\u00e9serv\u00e9es et int\u00e9gr\u00e9es dans le nouveau design, notamment des peintures murales \u00e0 grande \u00e9chelle associ\u00e9es \u00e0 Pablo Picasso.<\/p>\n<p>Ces pi\u00e8ces sont devenues symboliques, repr\u00e9sentant \u00e0 la fois la continuit\u00e9 et la r\u00e9silience.<\/p>\n<p>A leurs c\u00f4t\u00e9s, un nouveau programme d&#39;art public a \u00e9t\u00e9 d\u00e9velopp\u00e9 sous la direction de KORO, l&#39;organisme public charg\u00e9 de l&#39;art dans les espaces publics. Leur implication garantit que l\u2019art n\u2019est pas trait\u00e9 comme une r\u00e9flexion secondaire, mais comme un \u00e9l\u00e9ment essentiel de la mani\u00e8re dont le quartier est compris et utilis\u00e9.<\/p>\n<figure class=\"wp-block-image size-large\"><img loading=\"lazy\" data-lazyloaded=\"1\" data-placeholder-resp=\"768x432\" decoding=\"async\" width=\"768\" height=\"432\" src=\"https:\/\/www.svalbard.fr\/actualites\/wp-content\/uploads\/2026\/04\/1776625189_7_Le-quartier-gouvernemental-d39Oslo-rouvre-ses-portes-15-ans-apres.jpg\" alt=\"Illustration du nouveau quartier du gouvernement d&#39;Oslo vu d&#39;en haut. Photo : Bureau nordique d\u2019architecture.\" class=\"wp-image-85817\"  data-><noscript><img loading=\"lazy\" decoding=\"async\" width=\"768\" height=\"432\" src=\"https:\/\/www.svalbard.fr\/actualites\/wp-content\/uploads\/2026\/04\/1776625189_7_Le-quartier-gouvernemental-d39Oslo-rouvre-ses-portes-15-ans-apres.jpg\" alt=\"Illustration du nouveau quartier du gouvernement d&#39;Oslo vu d&#39;en haut. Photo : Bureau nordique d\u2019architecture.\" class=\"wp-image-85817\"  ><\/noscript><\/figure>\n<p>Les \u0153uvres les plus r\u00e9centes, tout comme la conception globale de la zone, ont tendance \u00e0 \u00eatre sobres. Il n\u2019y a pas de grands monuments qui rivalisent pour attirer l\u2019attention. Au lieu de cela, l\u2019art et les \u00e9l\u00e9ments comm\u00e9moratifs sont int\u00e9gr\u00e9s \u00e0 l\u2019environnement quotidien, invitant \u00e0 la r\u00e9flexion sans l\u2019exiger.<\/p>\n<p>Il ne s\u2019agit pas d\u2019un site comm\u00e9moratif spectaculaire comme certains visiteurs pourraient s\u2019y attendre. Pour ceux qui connaissent l\u2019histoire, cette approche subtile peut sembler plus puissante qu\u2019un seul point focal.<\/p>\n<h2 class=\"wp-block-heading\">Ce que les visiteurs vivront r\u00e9ellement<\/h2>\n<p>Si vous traversez le quartier du gouvernement aujourd&#39;hui, vous ne r\u00e9aliserez peut-\u00eatre pas imm\u00e9diatement son importance. Il n&#39;y a pas de files d&#39;attente. Aucun monument \u00e9vident \u00e0 voir absolument.<\/p>\n<p>Au lieu de cela, vous trouverez un m\u00e9lange d&#39;architecture moderne, d&#39;espaces ouverts et de gens vaquant \u00e0 leur travail quotidien. Employ\u00e9s de bureau, fonctionnaires et passants partagent le m\u00eame espace.<\/p>\n<p>L&#39;un des \u00e9l\u00e9ments les plus reconnaissables de la r\u00e9gion est la place Grass Roots, une \u0153uvre d&#39;art publique de Do Ho Suh. Install\u00e9 pour la premi\u00e8re fois apr\u00e8s les attentats de 2011, il a \u00e9t\u00e9 d\u00e9plac\u00e9 dans le cadre du r\u00e9am\u00e9nagement et occupe d\u00e9sormais une place bien en vue sur la place Einar Gerhardsens.<\/p>\n<figure class=\"wp-block-image size-large\"><img loading=\"lazy\" data-lazyloaded=\"1\" data-placeholder-resp=\"768x514\" decoding=\"async\" width=\"768\" height=\"514\" src=\"https:\/\/www.svalbard.fr\/actualites\/wp-content\/uploads\/2026\/04\/1776625189_454_Le-quartier-gouvernemental-d39Oslo-rouvre-ses-portes-15-ans-apres.jpg\" alt=\"D\u00e9tail de la place Grass Roots \u00e0 Oslo. Photo : Ilona Bradacova \/ Shutterstock.com.\" class=\"wp-image-85818\"  data-><noscript><img loading=\"lazy\" decoding=\"async\" width=\"768\" height=\"514\" src=\"https:\/\/www.svalbard.fr\/actualites\/wp-content\/uploads\/2026\/04\/1776625189_454_Le-quartier-gouvernemental-d39Oslo-rouvre-ses-portes-15-ans-apres.jpg\" alt=\"D\u00e9tail de la place Grass Roots \u00e0 Oslo. Photo : Ilona Bradacova \/ Shutterstock.com.\" class=\"wp-image-85818\"  ><\/noscript><\/figure>\n<p>Compos\u00e9e de milliers de petites figures humaines, l\u2019\u0153uvre refl\u00e8te les id\u00e9es de force collective et de responsabilit\u00e9 partag\u00e9e.<\/p>\n<p>Son nouvel emplacement, au centre du quartier reconstruit, renforce l&#39;ambition plus large du projet : reconnecter le gouvernement avec la vie quotidienne.<\/p>\n<p>Pour les visiteurs, cela fonctionne mieux comme quelque chose \u00e0 rencontrer plut\u00f4t que comme quelque chose pour planifier votre journ\u00e9e. Vous pourriez passer par l\u00e0 sur votre chemin entre la gare et Gr\u00fcnerl\u00f8kka, ou en explorant le centre d&#39;Oslo \u00e0 pied.<\/p>\n<h2 class=\"wp-block-heading\">Un endroit qui signifie plus qu&#39;il ne le montre<\/h2>\n<p>Lorsque l&#39;on voyage, on a tendance \u00e0 se concentrer sur les endroits les plus visuellement frappants.<\/p>\n<p>Le quartier du gouvernement ne rivalise pas imm\u00e9diatement avec le front de mer d&#39;Oslo, l&#39;Op\u00e9ra ou le parc Vigeland dans ce sens. Mais il propose quelque chose de diff\u00e9rent.<\/p>\n<p>C&#39;est un endroit qui refl\u00e8te la fa\u00e7on dont la Norv\u00e8ge a r\u00e9agi \u00e0 l&#39;un des moments les plus difficiles de son histoire r\u00e9cente. Pas par de grands gestes, mais par le design, l\u2019accessibilit\u00e9 et la d\u00e9cision d\u2019avancer sans se fermer.<\/p>\n<p>Pour de nombreux visiteurs, cette signification n\u2019est pas \u00e9vidente au premier abord. Mais pour ceux qui prennent le temps de le comprendre, le quartier du gouvernement ajoute une couche importante \u00e0 toute visite \u00e0 Oslo.<\/p>\n<\/p><\/div>\n","protected":false},"excerpt":{"rendered":"<p>Quinze ans apr\u00e8s l&#39;attaque la plus meurtri\u00e8re survenue en temps de paix en Norv\u00e8ge, le quartier du gouvernement d&#39;Oslo rouvre ses portes. Le quartier reconstruit<\/p>\n","protected":false},"author":1,"featured_media":5393,"comment_status":"","ping_status":"","sticky":false,"template":"","format":"standard","meta":{"footnotes":""},"categories":[2277],"tags":[141,73,5919,1300,5913,3,5917,2175,5915,113],"yoast_head":"<!-- This site is optimized with the Yoast SEO plugin v21.0 - https:\/\/yoast.com\/wordpress\/plugins\/seo\/ -->\n<title>Le quartier gouvernemental d&#039;Oslo rouvre ses portes 15 ans apr\u00e8s les attentats<\/title>\n<meta name=\"robots\" content=\"index, follow, max-snippet:-1, max-image-preview:large, max-video-preview:-1\" \/>\n<link rel=\"canonical\" href=\"https:\/\/www.svalbard.fr\/actualites\/le-quartier-gouvernemental-doslo-rouvre-ses-portes-15-ans-apres-les-attentats\/\" \/>\n<meta property=\"og:locale\" content=\"fr_FR\" \/>\n<meta property=\"og:type\" content=\"article\" \/>\n<meta property=\"og:title\" content=\"Le quartier gouvernemental d&#039;Oslo rouvre ses portes 15 ans apr\u00e8s les attentats\" \/>\n<meta property=\"og:description\" content=\"Quinze ans apr\u00e8s l&#039;attaque la plus meurtri\u00e8re survenue en temps de paix en Norv\u00e8ge, le quartier du gouvernement d&#039;Oslo rouvre ses portes. Le quartier reconstruit\" \/>\n<meta property=\"og:url\" content=\"https:\/\/www.svalbard.fr\/actualites\/le-quartier-gouvernemental-doslo-rouvre-ses-portes-15-ans-apres-les-attentats\/\" \/>\n<meta property=\"og:site_name\" content=\"www.Svalbard.fr\" \/>\n<meta property=\"article:published_time\" content=\"2026-04-19T18:59:49+00:00\" \/>\n<meta property=\"og:image\" content=\"https:\/\/www.svalbard.fr\/actualites\/wp-content\/uploads\/2026\/04\/Le-quartier-gouvernemental-d39Oslo-rouvre-ses-portes-15-ans-apres.jpg\" \/>\n<meta name=\"author\" content=\"Hilmar\" \/>\n<meta name=\"twitter:card\" content=\"summary_large_image\" \/>\n<meta name=\"twitter:label1\" content=\"\u00c9crit par\" \/>\n\t<meta name=\"twitter:data1\" content=\"Hilmar\" \/>\n\t<meta name=\"twitter:label2\" content=\"Dur\u00e9e de lecture estim\u00e9e\" \/>\n\t<meta name=\"twitter:data2\" content=\"6 minutes\" \/>\n<script type=\"application\/ld+json\" class=\"yoast-schema-graph\">{\"@context\":\"https:\/\/schema.org\",\"@graph\":[{\"@type\":\"Article\",\"@id\":\"https:\/\/www.svalbard.fr\/actualites\/le-quartier-gouvernemental-doslo-rouvre-ses-portes-15-ans-apres-les-attentats\/#article\",\"isPartOf\":{\"@id\":\"https:\/\/www.svalbard.fr\/actualites\/le-quartier-gouvernemental-doslo-rouvre-ses-portes-15-ans-apres-les-attentats\/\"},\"author\":{\"name\":\"Hilmar\",\"@id\":\"https:\/\/www.svalbard.fr\/actualites\/#\/schema\/person\/a2f937d5712222366738fae98755c600\"},\"headline\":\"Le quartier gouvernemental d&#39;Oslo rouvre ses portes 15 ans apr\u00e8s les attentats\",\"datePublished\":\"2026-04-19T18:59:49+00:00\",\"dateModified\":\"2026-04-19T18:59:49+00:00\",\"mainEntityOfPage\":{\"@id\":\"https:\/\/www.svalbard.fr\/actualites\/le-quartier-gouvernemental-doslo-rouvre-ses-portes-15-ans-apres-les-attentats\/\"},\"wordCount\":1215,\"publisher\":{\"@id\":\"https:\/\/www.svalbard.fr\/actualites\/#organization\"},\"keywords\":[\"ans\",\"apr\u00e8s\",\"attentats\",\"d39Oslo\",\"gouvernemental\",\"Les\",\"portes\",\"quartier\",\"rouvre\",\"ses\"],\"inLanguage\":\"fr-FR\"},{\"@type\":\"WebPage\",\"@id\":\"https:\/\/www.svalbard.fr\/actualites\/le-quartier-gouvernemental-doslo-rouvre-ses-portes-15-ans-apres-les-attentats\/\",\"url\":\"https:\/\/www.svalbard.fr\/actualites\/le-quartier-gouvernemental-doslo-rouvre-ses-portes-15-ans-apres-les-attentats\/\",\"name\":\"Le quartier gouvernemental d&#39;Oslo rouvre ses portes 15 ans apr\u00e8s les attentats\",\"isPartOf\":{\"@id\":\"https:\/\/www.svalbard.fr\/actualites\/#website\"},\"datePublished\":\"2026-04-19T18:59:49+00:00\",\"dateModified\":\"2026-04-19T18:59:49+00:00\",\"breadcrumb\":{\"@id\":\"https:\/\/www.svalbard.fr\/actualites\/le-quartier-gouvernemental-doslo-rouvre-ses-portes-15-ans-apres-les-attentats\/#breadcrumb\"},\"inLanguage\":\"fr-FR\",\"potentialAction\":[{\"@type\":\"ReadAction\",\"target\":[\"https:\/\/www.svalbard.fr\/actualites\/le-quartier-gouvernemental-doslo-rouvre-ses-portes-15-ans-apres-les-attentats\/\"]}]},{\"@type\":\"BreadcrumbList\",\"@id\":\"https:\/\/www.svalbard.fr\/actualites\/le-quartier-gouvernemental-doslo-rouvre-ses-portes-15-ans-apres-les-attentats\/#breadcrumb\",\"itemListElement\":[{\"@type\":\"ListItem\",\"position\":1,\"name\":\"Accueil\",\"item\":\"https:\/\/www.svalbard.fr\/actualites\/\"},{\"@type\":\"ListItem\",\"position\":2,\"name\":\"Le quartier gouvernemental d&#39;Oslo rouvre ses portes 15 ans apr\u00e8s les attentats\"}]},{\"@type\":\"WebSite\",\"@id\":\"https:\/\/www.svalbard.fr\/actualites\/#website\",\"url\":\"https:\/\/www.svalbard.fr\/actualites\/\",\"name\":\"www.Svalbard.fr\",\"description\":\"\",\"publisher\":{\"@id\":\"https:\/\/www.svalbard.fr\/actualites\/#organization\"},\"potentialAction\":[{\"@type\":\"SearchAction\",\"target\":{\"@type\":\"EntryPoint\",\"urlTemplate\":\"https:\/\/www.svalbard.fr\/actualites\/?s={search_term_string}\"},\"query-input\":\"required name=search_term_string\"}],\"inLanguage\":\"fr-FR\"},{\"@type\":\"Organization\",\"@id\":\"https:\/\/www.svalbard.fr\/actualites\/#organization\",\"name\":\"www.Svalbard.fr\",\"url\":\"https:\/\/www.svalbard.fr\/actualites\/\",\"logo\":{\"@type\":\"ImageObject\",\"inLanguage\":\"fr-FR\",\"@id\":\"https:\/\/www.svalbard.fr\/actualites\/#\/schema\/logo\/image\/\",\"url\":\"https:\/\/www.svalbard.fr\/actualites\/wp-content\/uploads\/2023\/09\/head-nom.jpg\",\"contentUrl\":\"https:\/\/www.svalbard.fr\/actualites\/wp-content\/uploads\/2023\/09\/head-nom.jpg\",\"width\":264,\"height\":35,\"caption\":\"www.Svalbard.fr\"},\"image\":{\"@id\":\"https:\/\/www.svalbard.fr\/actualites\/#\/schema\/logo\/image\/\"}},{\"@type\":\"Person\",\"@id\":\"https:\/\/www.svalbard.fr\/actualites\/#\/schema\/person\/a2f937d5712222366738fae98755c600\",\"name\":\"Hilmar\",\"image\":{\"@type\":\"ImageObject\",\"inLanguage\":\"fr-FR\",\"@id\":\"https:\/\/www.svalbard.fr\/actualites\/#\/schema\/person\/image\/\",\"url\":\"https:\/\/secure.gravatar.com\/avatar\/4daa437093476dbc32da415c112b6512?s=96&d=mm&r=g\",\"contentUrl\":\"https:\/\/secure.gravatar.com\/avatar\/4daa437093476dbc32da415c112b6512?s=96&d=mm&r=g\",\"caption\":\"Hilmar\"},\"description\":\"Hilmar est un passionn\u00e9 des r\u00e9gions polaires, sp\u00e9cialis\u00e9 dans la r\u00e9daction d'articles sur le Spitzberg et autres destinations arctiques. Il apporte son expertise et sa passion pour l'Arctique au sein de l'\u00e9quipe de r\u00e9daction de Svalbard depuis de nombreuses ann\u00e9es.\",\"sameAs\":[\"https:\/\/www.svalbard.fr\/\"]}]}<\/script>\n<!-- \/ Yoast SEO plugin. -->","yoast_head_json":{"title":"Le quartier gouvernemental d&#39;Oslo rouvre ses portes 15 ans apr\u00e8s les attentats","robots":{"index":"index","follow":"follow","max-snippet":"max-snippet:-1","max-image-preview":"max-image-preview:large","max-video-preview":"max-video-preview:-1"},"canonical":"https:\/\/www.svalbard.fr\/actualites\/le-quartier-gouvernemental-doslo-rouvre-ses-portes-15-ans-apres-les-attentats\/","og_locale":"fr_FR","og_type":"article","og_title":"Le quartier gouvernemental d&#39;Oslo rouvre ses portes 15 ans apr\u00e8s les attentats","og_description":"Quinze ans apr\u00e8s l&#39;attaque la plus meurtri\u00e8re survenue en temps de paix en Norv\u00e8ge, le quartier du gouvernement d&#39;Oslo rouvre ses portes. Le quartier reconstruit","og_url":"https:\/\/www.svalbard.fr\/actualites\/le-quartier-gouvernemental-doslo-rouvre-ses-portes-15-ans-apres-les-attentats\/","og_site_name":"www.Svalbard.fr","article_published_time":"2026-04-19T18:59:49+00:00","og_image":[{"url":"https:\/\/www.svalbard.fr\/actualites\/wp-content\/uploads\/2026\/04\/Le-quartier-gouvernemental-d39Oslo-rouvre-ses-portes-15-ans-apres.jpg"}],"author":"Hilmar","twitter_card":"summary_large_image","twitter_misc":{"\u00c9crit par":"Hilmar","Dur\u00e9e de lecture estim\u00e9e":"6 minutes"},"schema":{"@context":"https:\/\/schema.org","@graph":[{"@type":"Article","@id":"https:\/\/www.svalbard.fr\/actualites\/le-quartier-gouvernemental-doslo-rouvre-ses-portes-15-ans-apres-les-attentats\/#article","isPartOf":{"@id":"https:\/\/www.svalbard.fr\/actualites\/le-quartier-gouvernemental-doslo-rouvre-ses-portes-15-ans-apres-les-attentats\/"},"author":{"name":"Hilmar","@id":"https:\/\/www.svalbard.fr\/actualites\/#\/schema\/person\/a2f937d5712222366738fae98755c600"},"headline":"Le quartier gouvernemental d&#39;Oslo rouvre ses portes 15 ans apr\u00e8s les attentats","datePublished":"2026-04-19T18:59:49+00:00","dateModified":"2026-04-19T18:59:49+00:00","mainEntityOfPage":{"@id":"https:\/\/www.svalbard.fr\/actualites\/le-quartier-gouvernemental-doslo-rouvre-ses-portes-15-ans-apres-les-attentats\/"},"wordCount":1215,"publisher":{"@id":"https:\/\/www.svalbard.fr\/actualites\/#organization"},"keywords":["ans","apr\u00e8s","attentats","d39Oslo","gouvernemental","Les","portes","quartier","rouvre","ses"],"inLanguage":"fr-FR"},{"@type":"WebPage","@id":"https:\/\/www.svalbard.fr\/actualites\/le-quartier-gouvernemental-doslo-rouvre-ses-portes-15-ans-apres-les-attentats\/","url":"https:\/\/www.svalbard.fr\/actualites\/le-quartier-gouvernemental-doslo-rouvre-ses-portes-15-ans-apres-les-attentats\/","name":"Le quartier gouvernemental d&#39;Oslo rouvre ses portes 15 ans apr\u00e8s les attentats","isPartOf":{"@id":"https:\/\/www.svalbard.fr\/actualites\/#website"},"datePublished":"2026-04-19T18:59:49+00:00","dateModified":"2026-04-19T18:59:49+00:00","breadcrumb":{"@id":"https:\/\/www.svalbard.fr\/actualites\/le-quartier-gouvernemental-doslo-rouvre-ses-portes-15-ans-apres-les-attentats\/#breadcrumb"},"inLanguage":"fr-FR","potentialAction":[{"@type":"ReadAction","target":["https:\/\/www.svalbard.fr\/actualites\/le-quartier-gouvernemental-doslo-rouvre-ses-portes-15-ans-apres-les-attentats\/"]}]},{"@type":"BreadcrumbList","@id":"https:\/\/www.svalbard.fr\/actualites\/le-quartier-gouvernemental-doslo-rouvre-ses-portes-15-ans-apres-les-attentats\/#breadcrumb","itemListElement":[{"@type":"ListItem","position":1,"name":"Accueil","item":"https:\/\/www.svalbard.fr\/actualites\/"},{"@type":"ListItem","position":2,"name":"Le quartier gouvernemental d&#39;Oslo rouvre ses portes 15 ans apr\u00e8s les attentats"}]},{"@type":"WebSite","@id":"https:\/\/www.svalbard.fr\/actualites\/#website","url":"https:\/\/www.svalbard.fr\/actualites\/","name":"www.Svalbard.fr","description":"","publisher":{"@id":"https:\/\/www.svalbard.fr\/actualites\/#organization"},"potentialAction":[{"@type":"SearchAction","target":{"@type":"EntryPoint","urlTemplate":"https:\/\/www.svalbard.fr\/actualites\/?s={search_term_string}"},"query-input":"required name=search_term_string"}],"inLanguage":"fr-FR"},{"@type":"Organization","@id":"https:\/\/www.svalbard.fr\/actualites\/#organization","name":"www.Svalbard.fr","url":"https:\/\/www.svalbard.fr\/actualites\/","logo":{"@type":"ImageObject","inLanguage":"fr-FR","@id":"https:\/\/www.svalbard.fr\/actualites\/#\/schema\/logo\/image\/","url":"https:\/\/www.svalbard.fr\/actualites\/wp-content\/uploads\/2023\/09\/head-nom.jpg","contentUrl":"https:\/\/www.svalbard.fr\/actualites\/wp-content\/uploads\/2023\/09\/head-nom.jpg","width":264,"height":35,"caption":"www.Svalbard.fr"},"image":{"@id":"https:\/\/www.svalbard.fr\/actualites\/#\/schema\/logo\/image\/"}},{"@type":"Person","@id":"https:\/\/www.svalbard.fr\/actualites\/#\/schema\/person\/a2f937d5712222366738fae98755c600","name":"Hilmar","image":{"@type":"ImageObject","inLanguage":"fr-FR","@id":"https:\/\/www.svalbard.fr\/actualites\/#\/schema\/person\/image\/","url":"https:\/\/secure.gravatar.com\/avatar\/4daa437093476dbc32da415c112b6512?s=96&d=mm&r=g","contentUrl":"https:\/\/secure.gravatar.com\/avatar\/4daa437093476dbc32da415c112b6512?s=96&d=mm&r=g","caption":"Hilmar"},"description":"Hilmar est un passionn\u00e9 des r\u00e9gions polaires, sp\u00e9cialis\u00e9 dans la r\u00e9daction d'articles sur le Spitzberg et autres destinations arctiques. Il apporte son expertise et sa passion pour l'Arctique au sein de l'\u00e9quipe de r\u00e9daction de Svalbard depuis de nombreuses ann\u00e9es.","sameAs":["https:\/\/www.svalbard.fr\/"]}]}},"_links":{"self":[{"href":"https:\/\/www.svalbard.fr\/actualites\/wp-json\/wp\/v2\/posts\/5392"}],"collection":[{"href":"https:\/\/www.svalbard.fr\/actualites\/wp-json\/wp\/v2\/posts"}],"about":[{"href":"https:\/\/www.svalbard.fr\/actualites\/wp-json\/wp\/v2\/types\/post"}],"author":[{"embeddable":true,"href":"https:\/\/www.svalbard.fr\/actualites\/wp-json\/wp\/v2\/users\/1"}],"replies":[{"embeddable":true,"href":"https:\/\/www.svalbard.fr\/actualites\/wp-json\/wp\/v2\/comments?post=5392"}],"version-history":[{"count":0,"href":"https:\/\/www.svalbard.fr\/actualites\/wp-json\/wp\/v2\/posts\/5392\/revisions"}],"wp:featuredmedia":[{"embeddable":true,"href":"https:\/\/www.svalbard.fr\/actualites\/wp-json\/wp\/v2\/media\/5393"}],"wp:attachment":[{"href":"https:\/\/www.svalbard.fr\/actualites\/wp-json\/wp\/v2\/media?parent=5392"}],"wp:term":[{"taxonomy":"category","embeddable":true,"href":"https:\/\/www.svalbard.fr\/actualites\/wp-json\/wp\/v2\/categories?post=5392"},{"taxonomy":"post_tag","embeddable":true,"href":"https:\/\/www.svalbard.fr\/actualites\/wp-json\/wp\/v2\/tags?post=5392"}],"curies":[{"name":"wp","href":"https:\/\/api.w.org\/{rel}","templated":true}]}}