{"id":5398,"date":"2026-04-26T11:59:12","date_gmt":"2026-04-26T09:59:12","guid":{"rendered":"https:\/\/www.svalbard.fr\/actualites\/la-ou-la-norvege-devient-arctique-le-parc-national-saltfjellet-svartisen\/"},"modified":"2026-04-26T11:59:12","modified_gmt":"2026-04-26T09:59:12","slug":"la-ou-la-norvege-devient-arctique-le-parc-national-saltfjellet-svartisen","status":"publish","type":"post","link":"https:\/\/www.svalbard.fr\/actualites\/la-ou-la-norvege-devient-arctique-le-parc-national-saltfjellet-svartisen\/","title":{"rendered":"L\u00e0 o\u00f9 la Norv\u00e8ge devient arctique\u00a0: le parc national Saltfjellet-Svartisen"},"content":{"rendered":"<div itemprop=\"text\">\n\t\t\t<span id=\"dpsp-post-content-markup\" data-image-pin-it=\"false\"><\/span><\/p>\n<p class=\"intro\">Des glaciers, des plateaux de haute montagne et l&#39;une des fronti\u00e8res climatiques les plus importantes d&#39;Europe d\u00e9finissent le parc national Saltfjellet-Svartisen.<\/p>\n<p>Il s\u2019agit d\u2019un paysage vaste et sans compromis que la plupart des voyageurs traversent sans jamais s\u2019arr\u00eater.<\/p>\n<figure class=\"wp-block-image size-large\"><img data-lazyloaded=\"1\" data-placeholder-resp=\"768x432\" fetchpriority=\"high\" decoding=\"async\" width=\"768\" height=\"432\" src=\"https:\/\/www.svalbard.fr\/actualites\/wp-content\/uploads\/2026\/04\/La-ou-la-Norvege-devient-arctique-le-parc-national-Saltfjellet-Svartisen.jpg\" alt=\"Approche du glacier Svartisen sur un bateau. Photo : David Nikel.\" class=\"wp-image-85447\"  data-><noscript><img fetchpriority=\"high\" decoding=\"async\" width=\"768\" height=\"432\" src=\"https:\/\/www.svalbard.fr\/actualites\/wp-content\/uploads\/2026\/04\/La-ou-la-Norvege-devient-arctique-le-parc-national-Saltfjellet-Svartisen.jpg\" alt=\"Approche du glacier Svartisen sur un bateau. Photo : David Nikel.\" class=\"wp-image-85447\"  ><\/noscript><\/figure>\n<p>S&#39;\u00e9tendant \u00e0 travers le comt\u00e9 du Nordland, le parc national Saltfjellet-Svartisen est l&#39;une des plus grandes zones prot\u00e9g\u00e9es de Norv\u00e8ge et l&#39;une des moins bien comprises. Ce n\u2019est pas un parc de belv\u00e9d\u00e8res de cartes postales ou de randonn\u00e9es c\u00e9l\u00e8bres.<\/p>\n<p>Il s&#39;agit plut\u00f4t d&#39;un lieu de transition, o\u00f9 le sud de la Norv\u00e8ge c\u00e8de la place \u00e0 l&#39;Arctique, o\u00f9 les infrastructures traversent la nature sauvage et o\u00f9 la nature dicte toujours les conditions de voyage.<\/p>\n<p>Pour ceux qui souhaitent ralentir et regarder au-del\u00e0 de la route, Saltfjellet-Svartisen offre un puissant sentiment d&#39;\u00e9chelle et de solitude.<\/p>\n<h2 class=\"wp-block-heading\">Pr\u00e9sentation du parc national Saltfjellet-Svartisen<\/h2>\n<p>Cr\u00e9\u00e9 en 1989, <strong>Parc national de Saltfjellet-Svartisen<\/strong> couvre plus de 2 100 kilom\u00e8tres carr\u00e9s de montagnes, glaciers, plateaux, vall\u00e9es et lacs. Il prot\u00e8ge deux paysages distincts mais li\u00e9s : le haut plateau montagneux de Saltfjellet et la spectaculaire r\u00e9gion glaciaire autour de Svartisen.<\/p>\n<p>Saltfjellet lui-m\u00eame est un large plateau balay\u00e9 par les vents plut\u00f4t qu&#39;une cha\u00eene de montagnes d\u00e9chiquet\u00e9e. Une grande partie se trouve au-dessus de la limite des arbres, cr\u00e9ant un paysage ouvert et expos\u00e9 fa\u00e7onn\u00e9 par les conditions m\u00e9t\u00e9orologiques et la distance.<\/p>\n<p>Svartisen, en revanche, est domin\u00e9 par la glace. Ensemble, les deux forment l&#39;un des parcs nationaux les plus vari\u00e9s de Norv\u00e8ge sur le plan g\u00e9ologique et visuel.<\/p>\n<figure class=\"wp-block-image size-large\"><img loading=\"lazy\" data-lazyloaded=\"1\" data-placeholder-resp=\"768x512\" decoding=\"async\" width=\"768\" height=\"512\" src=\"https:\/\/www.svalbard.fr\/actualites\/wp-content\/uploads\/2026\/04\/1777197552_531_La-ou-la-Norvege-devient-arctique-le-parc-national-Saltfjellet-Svartisen.jpg\" alt=\"Route vers un fjord \u00e0 Saltfjellet, Norv\u00e8ge. Photo : Virrage Images \/ Shutterstock.com.\" class=\"wp-image-85449\"  data-><noscript><img loading=\"lazy\" decoding=\"async\" width=\"768\" height=\"512\" src=\"https:\/\/www.svalbard.fr\/actualites\/wp-content\/uploads\/2026\/04\/1777197552_531_La-ou-la-Norvege-devient-arctique-le-parc-national-Saltfjellet-Svartisen.jpg\" alt=\"Route vers un fjord \u00e0 Saltfjellet, Norv\u00e8ge. Photo : Virrage Images \/ Shutterstock.com.\" class=\"wp-image-85449\"  ><\/noscript><\/figure>\n<p>C&#39;est aussi un parc d\u00e9limit\u00e9 par des fronti\u00e8res. Le cercle polaire arctique le traverse directement, marquant un seuil symbolique et environnemental entre le sud et le nord de la Norv\u00e8ge.<\/p>\n<h2 class=\"wp-block-heading\">Traverser le cercle polaire arctique<\/h2>\n<p>Pour de nombreux voyageurs, Saltfjellet n\u2019est gu\u00e8re plus qu\u2019un panneau au bord de la route.<\/p>\n<p>L&#39;autoroute E6 et la ligne ferroviaire Nordland Line traversent le plateau, transportant les conducteurs et les passagers du train vers le nord et le sud \u00e0 travers ce qui semble, \u00e0 toute vitesse, \u00eatre un paysage vide.<\/p>\n<p>Une borne en pierre pr\u00e8s de la route indique la travers\u00e9e du cercle polaire arctique, souvent accompagn\u00e9e d&#39;un bref arr\u00eat pour prendre des photos. Pourtant, ce moment marque un v\u00e9ritable changement. Au nord du cercle polaire arctique, les saisons se comportent diff\u00e9remment.<\/p>\n<p>La lumi\u00e8re de l\u2019\u00e9t\u00e9 s\u2019\u00e9tend jusque tard dans la nuit, tandis que l\u2019hiver apporte une obscurit\u00e9 prolong\u00e9e. Le climat, la v\u00e9g\u00e9tation et la faune changent et le paysage commence \u00e0 para\u00eetre plus expos\u00e9 et plus \u00e9l\u00e9mentaire.<\/p>\n<p>Saltfjellet n&#39;est pas seulement un endroit par lequel on passe. C&#39;est la porte d&#39;entr\u00e9e vers l&#39;Arctique.<\/p>\n<h2 class=\"wp-block-heading\">Svartisen : la glace au bord de la mer<\/h2>\n<p>L&#39;\u00e9l\u00e9ment le plus spectaculaire du parc est <strong>Svartisen<\/strong>le deuxi\u00e8me plus grand syst\u00e8me glaciaire de Norv\u00e8ge. Le Svartisen est en fait compos\u00e9 de deux calottes glaciaires principales, la Svartisen occidentale et orientale, s\u00e9par\u00e9es par des vall\u00e9es et des montagnes.<\/p>\n<figure class=\"wp-block-image size-large\"><img loading=\"lazy\" data-lazyloaded=\"1\" data-placeholder-resp=\"768x512\" decoding=\"async\" width=\"768\" height=\"512\" src=\"https:\/\/www.svalbard.fr\/actualites\/wp-content\/uploads\/2026\/04\/1777197552_92_La-ou-la-Norvege-devient-arctique-le-parc-national-Saltfjellet-Svartisen.jpg\" alt=\"Le glacier Svartisen rencontre un lac. Photo : Eva Bocek \/ Shutterstock.com.\" class=\"wp-image-85446\"  data-><noscript><img loading=\"lazy\" decoding=\"async\" width=\"768\" height=\"512\" src=\"https:\/\/www.svalbard.fr\/actualites\/wp-content\/uploads\/2026\/04\/1777197552_92_La-ou-la-Norvege-devient-arctique-le-parc-national-Saltfjellet-Svartisen.jpg\" alt=\"Le glacier Svartisen rencontre un lac. Photo : Eva Bocek \/ Shutterstock.com.\" class=\"wp-image-85446\"  ><\/noscript><\/figure>\n<p>Contrairement \u00e0 de nombreux glaciers norv\u00e9giens, le Svartisen descend pr\u00e8s du niveau de la mer, cr\u00e9ant un contraste saisissant entre la glace, la roche et les paysages c\u00f4tiers. L&#39;exutoire le plus visit\u00e9 est Engabreen, o\u00f9 la langue du glacier se d\u00e9verse de fa\u00e7on spectaculaire vers le fond de la vall\u00e9e.<\/p>\n<p>Svartisen rev\u00eat \u00e9galement une importance scientifique. L\u2019eau de fonte des glaciers alimente la production hydro\u00e9lectrique, tandis que la surveillance \u00e0 long terme donne un aper\u00e7u du changement climatique.<\/p>\n<p>Le retrait de la glace est visible au fil du temps, ce qui rend Svartisen \u00e0 la fois impressionnant et qui donne \u00e0 r\u00e9fl\u00e9chir.<\/p>\n<p>L&#39;acc\u00e8s au glacier implique g\u00e9n\u00e9ralement une combinaison de transport en bateau et de marche, renfor\u00e7ant le sentiment qu&#39;il s&#39;agit d&#39;un endroit atteint d\u00e9lib\u00e9r\u00e9ment plut\u00f4t que par hasard.<\/p>\n<h2 class=\"wp-block-heading\">Un paysage fa\u00e7onn\u00e9 par la culture sami<\/h2>\n<p>Bien avant que les routes et les voies ferr\u00e9es ne traversent Saltfjellet, c&#39;\u00e9tait le territoire s\u00e2me.<\/p>\n<p>Le parc se situe dans les zones traditionnelles d&#39;\u00e9levage de rennes s\u00e2mes et des routes de migration saisonni\u00e8re traversent encore le plateau. Les rennes restent au c\u0153ur de l\u2019identit\u00e9 culturelle et \u00e9cologique de la r\u00e9gion et leurs besoins influencent la gestion du parc.<\/p>\n<p>Ici, la conservation donne la priorit\u00e9 \u00e0 la faune plut\u00f4t qu\u2019\u00e0 la commodit\u00e9. Certaines zones peuvent \u00eatre restreintes \u00e0 certaines p\u00e9riodes de l&#39;ann\u00e9e et les infrastructures sont d\u00e9lib\u00e9r\u00e9ment limit\u00e9es. Cette approche pr\u00e9serve le caract\u00e8re de Saltfjellet en tant que paysage culturel fonctionnel plut\u00f4t qu&#39;en tant qu&#39;attraction touristique organis\u00e9e.<\/p>\n<figure class=\"wp-block-image size-large\"><img loading=\"lazy\" data-lazyloaded=\"1\" data-placeholder-resp=\"768x576\" decoding=\"async\" width=\"768\" height=\"576\" src=\"https:\/\/www.svalbard.fr\/actualites\/wp-content\/uploads\/2026\/04\/1777197552_105_La-ou-la-Norvege-devient-arctique-le-parc-national-Saltfjellet-Svartisen.jpg\" alt=\"Renne paissant sur Saltfjellet. Photo : Jan_Kuchar_Photo \/ Shutterstock.com.\" class=\"wp-image-85445\"  data-><noscript><img loading=\"lazy\" decoding=\"async\" width=\"768\" height=\"576\" src=\"https:\/\/www.svalbard.fr\/actualites\/wp-content\/uploads\/2026\/04\/1777197552_105_La-ou-la-Norvege-devient-arctique-le-parc-national-Saltfjellet-Svartisen.jpg\" alt=\"Renne paissant sur Saltfjellet. Photo : Jan_Kuchar_Photo \/ Shutterstock.com.\" class=\"wp-image-85445\"  ><\/noscript><\/figure>\n<p>Pour les visiteurs, cela signifie d\u00e9couvrir un parc moins interpr\u00e9t\u00e9 et plus v\u00e9cu, o\u00f9 les signes de la pr\u00e9sence humaine sont subtils mais significatifs.<\/p>\n<h2 class=\"wp-block-heading\">Randonn\u00e9e et vie en plein air \u00e0 Saltfjellet\u2013Svartisen<\/h2>\n<p>La randonn\u00e9e \u00e0 Saltfjellet-Svartisen concerne moins les sommets embl\u00e9matiques que le mouvement dans l\u2019espace. Les distances sont longues, le terrain est souvent doux plut\u00f4t que dramatique et les itin\u00e9raires ont tendance \u00e0 suivre des vall\u00e9es, des plateaux et des lignes de d\u00e9placement historiques.<\/p>\n<p>Il s\u2019agit d\u2019un paysage qui r\u00e9compense la pr\u00e9paration, les comp\u00e9tences de navigation et l\u2019appr\u00e9ciation du contexte. Des sentiers balis\u00e9s existent, mais ils sont moins nombreux et plus espac\u00e9s que dans les parcs de montagne les plus populaires de Norv\u00e8ge.<\/p>\n<p>Le temps peut changer rapidement, m\u00eame en \u00e9t\u00e9, et les installations sont rares. Pour les randonneurs exp\u00e9riment\u00e9s, les randonneurs \u00e0 ski et ceux attir\u00e9s par les grandes \u00e9tendues sauvages, cela cr\u00e9e un puissant sentiment de libert\u00e9 et d\u2019autonomie.<\/p>\n<h3 class=\"wp-block-heading\">L&#39;ancienne route t\u00e9l\u00e9graphique<\/h3>\n<p>L&#39;un des itin\u00e9raires de randonn\u00e9e les plus distinctifs du parc est l&#39;ancienne route t\u00e9l\u00e9graphique entre Rana et Saltdal. Cr\u00e9\u00e9e dans les ann\u00e9es 1860, cette route transportait autrefois une ligne t\u00e9l\u00e9graphique vitale reliant le nord et le sud de la Norv\u00e8ge, traversant directement le plateau de Saltfjellet.<\/p>\n<p>Aujourd&#39;hui, l&#39;itin\u00e9raire forme une randonn\u00e9e longue distance d&#39;environ 61 kilom\u00e8tres qui permet aux marcheurs de traverser \u00e0 pied Saltfjellet et le cercle polaire arctique.<\/p>\n<p>Il commence g\u00e9n\u00e9ralement pr\u00e8s de l&#39;E6, \u00e0 proximit\u00e9 du quartier historique de Bredek, et suit la ligne de plus d&#39;un millier de fondations en pierre o\u00f9 se trouvaient autrefois des poteaux t\u00e9l\u00e9graphiques. En chemin, les randonneurs croisent les vestiges de simples cabanes en pierre qui abritaient les ouvriers lors de la construction de la ligne.<\/p>\n<p>Parcourir la route t\u00e9l\u00e9graphique ajoute une couche historique rare \u00e0 l\u2019exp\u00e9rience de Saltfjellet. Il ne s\u2019agit pas seulement d\u2019un voyage \u00e0 travers la nature sauvage, mais d\u2019un rappel de l\u2019\u00e9poque o\u00f9 la communication et les d\u00e9placements \u00e9taient difficiles dans ce paysage expos\u00e9.<\/p>\n<h3 class=\"wp-block-heading\">Vers les glaciers Svartisen<\/h3>\n<p>Alors que Saltfjellet lui-m\u00eame se d\u00e9finit par l&#39;ouverture et la distance, la randonn\u00e9e vers Svartisen apporte un caract\u00e8re tr\u00e8s diff\u00e9rent.<\/p>\n<figure class=\"wp-block-image size-large\"><img loading=\"lazy\" data-lazyloaded=\"1\" data-placeholder-resp=\"768x432\" decoding=\"async\" width=\"768\" height=\"432\" src=\"https:\/\/www.svalbard.fr\/actualites\/wp-content\/uploads\/2026\/04\/1777197552_948_La-ou-la-Norvege-devient-arctique-le-parc-national-Saltfjellet-Svartisen.jpg\" alt=\"Un bras du glacier Svartisen en \u00e9t\u00e9. Photo : David Nikel.\" class=\"wp-image-85448\"  data-><noscript><img loading=\"lazy\" decoding=\"async\" width=\"768\" height=\"432\" src=\"https:\/\/www.svalbard.fr\/actualites\/wp-content\/uploads\/2026\/04\/1777197552_948_La-ou-la-Norvege-devient-arctique-le-parc-national-Saltfjellet-Svartisen.jpg\" alt=\"Un bras du glacier Svartisen en \u00e9t\u00e9. Photo : David Nikel.\" class=\"wp-image-85448\"  ><\/noscript><\/figure>\n<p>Les sentiers m\u00e8nent ici \u00e0 un terrain plus escarp\u00e9 fa\u00e7onn\u00e9 par la glace, l&#39;eau et des changements d&#39;altitude spectaculaires.<\/p>\n<p>Sur le versant oriental du glacier, au nord de Mo i Rana, un ancien sentier m\u00e8ne \u00e0 <strong>Austerdalsbreen<\/strong>l&#39;un des nombreux glaciers \u00e9missaires s&#39;\u00e9coulant du Svartisen.<\/p>\n<p>L&#39;approche habituelle consiste \u00e0 se rendre \u00e0 Svartisvatnet, \u00e0 faire une courte travers\u00e9e en bateau, puis \u00e0 remonter la vall\u00e9e en direction du glacier. Lorsque la glace appara\u00eet, l&#39;\u00e9chelle de Svartisen devient indubitable, s&#39;\u00e9levant brusquement du terrain environnant.<\/p>\n<p>Du c\u00f4t\u00e9 ouest, plus pr\u00e8s de la c\u00f4te, un autre itin\u00e9raire bien balis\u00e9 m\u00e8ne \u00e0 <strong>Engabreen<\/strong>le point le plus bas du syst\u00e8me glaciaire du Svartisen.<\/p>\n<p>Cette randonn\u00e9e commence par une travers\u00e9e en ferry du Holandsfjorden avant de remonter vers l&#39;int\u00e9rieur des terres en direction des glaces. La proximit\u00e9 du glacier, du fjord et de la mer en fait l&#39;une des approches glaciaires les plus frappantes de Norv\u00e8ge.<\/p>\n<h3 class=\"wp-block-heading\">Un parc pour l&#39;exp\u00e9rience, pas pour les raccourcis<\/h3>\n<p>Dans l\u2019ensemble de Saltfjellet-Svartisen, la randonn\u00e9e est marqu\u00e9e par la retenue. Les itin\u00e9raires sont con\u00e7us pour minimiser les perturbations, les restrictions saisonni\u00e8res prot\u00e8gent la migration et la mise bas des rennes, et les infrastructures sont d\u00e9lib\u00e9r\u00e9ment limit\u00e9es.<\/p>\n<p>Ce n&#39;est pas un parc construit pour les promenades informelles ou les d\u00e9tours spontan\u00e9s. Toutefois, pour ceux qui sont dispos\u00e9s \u00e0 planifier soigneusement, les r\u00e9compenses sont substantielles.<\/p>\n<h2 class=\"wp-block-heading\">Quand visiter Saltfjellet-Svartisen<\/h2>\n<p>Les saisons \u00e0 Saltfjellet sont plus extr\u00eames que celles plus au sud.<\/p>\n<p>L&#39;\u00e9t\u00e9 est bref mais intense. De fin juin \u00e0 ao\u00fbt, la neige se retire du plateau, les rivi\u00e8res se gonflent d&#39;eau de fonte et la lumi\u00e8re du jour persiste jusque tard dans la nuit. C\u2019est la p\u00e9riode la plus s\u00fbre et la plus accessible pour faire de la randonn\u00e9e, m\u00eame si la m\u00e9t\u00e9o reste impr\u00e9visible.<\/p>\n<figure class=\"wp-block-image size-large\"><img loading=\"lazy\" data-lazyloaded=\"1\" data-placeholder-resp=\"768x432\" decoding=\"async\" width=\"768\" height=\"432\" src=\"https:\/\/www.svalbard.fr\/actualites\/wp-content\/uploads\/2026\/04\/1777197552_587_La-ou-la-Norvege-devient-arctique-le-parc-national-Saltfjellet-Svartisen.jpg\" alt=\"La vue depuis un avion au-dessus du parc national Saltfjellet-Svartisen en Norv\u00e8ge. Photo : David Nikel.\" class=\"wp-image-85450\"  data-><noscript><img loading=\"lazy\" decoding=\"async\" width=\"768\" height=\"432\" src=\"https:\/\/www.svalbard.fr\/actualites\/wp-content\/uploads\/2026\/04\/1777197552_587_La-ou-la-Norvege-devient-arctique-le-parc-national-Saltfjellet-Svartisen.jpg\" alt=\"La vue depuis un avion au-dessus du parc national Saltfjellet-Svartisen en Norv\u00e8ge. Photo : David Nikel.\" class=\"wp-image-85450\"  ><\/noscript><\/figure>\n<p>L&#39;automne arrive vite. En septembre, les temp\u00e9ratures chutent, les couleurs s&#39;estompent et les premi\u00e8res neiges peuvent d\u00e9j\u00e0 \u00e9pousseter les hauteurs. Les installations ferment et le parc devient encore plus calme.<\/p>\n<p>L&#39;hiver domine une grande partie de l&#39;ann\u00e9e. La neige recouvre le plateau, la lumi\u00e8re du jour est limit\u00e9e et les d\u00e9placements deviennent exigeants. Le ski de fond remplace la randonn\u00e9e et seuls les visiteurs bien pr\u00e9par\u00e9s s&#39;aventurent dans l&#39;int\u00e9rieur. La r\u00e9compense est un paysage immense et silencieux fa\u00e7onn\u00e9 par le vent et la lumi\u00e8re.<\/p>\n<p>Le printemps est une p\u00e9riode de transition, souvent marqu\u00e9e par des conditions instables et des acc\u00e8s restreints en raison de la mise bas des rennes et de la fonte des neiges.<\/p>\n<h2 class=\"wp-block-heading\">Informations pratiques et acc\u00e8s<\/h2>\n<p>Malgr\u00e9 son atmosph\u00e8re isol\u00e9e, Saltfjellet-Svartisen est \u00e9tonnamment bien connect\u00e9e. La route et le rail traversent directement le parc, ce qui en fait l&#39;un des paysages de transit les plus spectaculaires de Norv\u00e8ge.<\/p>\n<p>Pour une orientation, des cartes et des conseils actualis\u00e9s, les offices de tourisme locaux fournissent des informations essentielles, notamment sur les conditions saisonni\u00e8res et l&#39;acc\u00e8s \u00e0 Svartisen.<\/p>\n<p>Les visiteurs doivent planifier soigneusement, emporter l\u2019\u00e9quipement appropri\u00e9 et \u00eatre r\u00e9alistes quant aux distances et aux conditions m\u00e9t\u00e9orologiques. Ce n\u2019est pas un parc con\u00e7u pour \u00eatre pratique, et cela fait partie de son attrait.<\/p>\n<h2 class=\"wp-block-heading\">Pourquoi Saltfjellet-Svartisen est important<\/h2>\n<p>Saltfjellet-Svartisen est facile \u00e0 n\u00e9gliger car il ne demande pas d\u2019attention. Il n\u2019y a pas de point de vue unique, pas de randonn\u00e9e embl\u00e9matique, pas de r\u00e9cit bien rang\u00e9.<\/p>\n<p>C&#39;est pourtant l&#39;un des paysages les plus importants de Norv\u00e8ge. Il marque la transition vers l&#39;Arctique, pr\u00e9serve de vastes \u00e9tendues de montagne sauvage, soutient la culture sami et place les glaciers au c\u0153ur de la g\u00e9ographie quotidienne plut\u00f4t que derri\u00e8re la vitre d&#39;un mus\u00e9e.<\/p>\n<p>Pour de nombreux voyageurs, Saltfjellet est un endroit qu\u2019ils traversent une seule fois et dont ils ne se souviennent que vaguement. Pour ceux qui s&#39;arr\u00eatent, quittent la route et prennent le temps de le comprendre, le parc se r\u00e9v\u00e8le comme quelque chose de plus rare : un paysage qui semble encore r\u00e9gi par la nature plut\u00f4t que par le tourisme.<\/p>\n<\/p><\/div>\n","protected":false},"excerpt":{"rendered":"<p>Des glaciers, des plateaux de haute montagne et l&#39;une des fronti\u00e8res climatiques les plus importantes d&#39;Europe d\u00e9finissent le parc national Saltfjellet-Svartisen. Il s\u2019agit d\u2019un paysage<\/p>\n","protected":false},"author":1,"featured_media":5399,"comment_status":"","ping_status":"","sticky":false,"template":"","format":"standard","meta":{"footnotes":""},"categories":[2277],"tags":[30,50,1179,502,6,129,501,5927],"yoast_head":"<!-- This site is optimized with the Yoast SEO plugin v21.0 - https:\/\/yoast.com\/wordpress\/plugins\/seo\/ -->\n<title>L\u00e0 o\u00f9 la Norv\u00e8ge devient arctique\u00a0: le parc national Saltfjellet-Svartisen<\/title>\n<meta name=\"robots\" content=\"index, follow, max-snippet:-1, max-image-preview:large, max-video-preview:-1\" \/>\n<link rel=\"canonical\" href=\"https:\/\/www.svalbard.fr\/actualites\/la-ou-la-norvege-devient-arctique-le-parc-national-saltfjellet-svartisen\/\" \/>\n<meta property=\"og:locale\" content=\"fr_FR\" \/>\n<meta property=\"og:type\" content=\"article\" \/>\n<meta property=\"og:title\" content=\"L\u00e0 o\u00f9 la Norv\u00e8ge devient arctique\u00a0: le parc national Saltfjellet-Svartisen\" \/>\n<meta property=\"og:description\" content=\"Des glaciers, des plateaux de haute montagne et l&#039;une des fronti\u00e8res climatiques les plus importantes d&#039;Europe d\u00e9finissent le parc national Saltfjellet-Svartisen. Il s\u2019agit d\u2019un paysage\" \/>\n<meta property=\"og:url\" content=\"https:\/\/www.svalbard.fr\/actualites\/la-ou-la-norvege-devient-arctique-le-parc-national-saltfjellet-svartisen\/\" \/>\n<meta property=\"og:site_name\" content=\"www.Svalbard.fr\" \/>\n<meta property=\"article:published_time\" content=\"2026-04-26T09:59:12+00:00\" \/>\n<meta property=\"og:image\" content=\"https:\/\/www.svalbard.fr\/actualites\/wp-content\/uploads\/2026\/04\/La-ou-la-Norvege-devient-arctique-le-parc-national-Saltfjellet-Svartisen.jpg\" \/>\n<meta name=\"author\" content=\"Hilmar\" \/>\n<meta name=\"twitter:card\" content=\"summary_large_image\" \/>\n<meta name=\"twitter:label1\" content=\"\u00c9crit par\" \/>\n\t<meta name=\"twitter:data1\" content=\"Hilmar\" \/>\n\t<meta name=\"twitter:label2\" content=\"Dur\u00e9e de lecture estim\u00e9e\" \/>\n\t<meta name=\"twitter:data2\" content=\"10 minutes\" \/>\n<script type=\"application\/ld+json\" class=\"yoast-schema-graph\">{\"@context\":\"https:\/\/schema.org\",\"@graph\":[{\"@type\":\"Article\",\"@id\":\"https:\/\/www.svalbard.fr\/actualites\/la-ou-la-norvege-devient-arctique-le-parc-national-saltfjellet-svartisen\/#article\",\"isPartOf\":{\"@id\":\"https:\/\/www.svalbard.fr\/actualites\/la-ou-la-norvege-devient-arctique-le-parc-national-saltfjellet-svartisen\/\"},\"author\":{\"name\":\"Hilmar\",\"@id\":\"https:\/\/www.svalbard.fr\/actualites\/#\/schema\/person\/a2f937d5712222366738fae98755c600\"},\"headline\":\"L\u00e0 o\u00f9 la Norv\u00e8ge devient arctique\u00a0: le parc national Saltfjellet-Svartisen\",\"datePublished\":\"2026-04-26T09:59:12+00:00\",\"dateModified\":\"2026-04-26T09:59:12+00:00\",\"mainEntityOfPage\":{\"@id\":\"https:\/\/www.svalbard.fr\/actualites\/la-ou-la-norvege-devient-arctique-le-parc-national-saltfjellet-svartisen\/\"},\"wordCount\":2005,\"publisher\":{\"@id\":\"https:\/\/www.svalbard.fr\/actualites\/#organization\"},\"keywords\":[\"arctique\",\"devient\",\"l\u00e0\",\"national\",\"Norv\u00e8ge\",\"O\u00f9\",\"parc\",\"SaltfjelletSvartisen\"],\"inLanguage\":\"fr-FR\"},{\"@type\":\"WebPage\",\"@id\":\"https:\/\/www.svalbard.fr\/actualites\/la-ou-la-norvege-devient-arctique-le-parc-national-saltfjellet-svartisen\/\",\"url\":\"https:\/\/www.svalbard.fr\/actualites\/la-ou-la-norvege-devient-arctique-le-parc-national-saltfjellet-svartisen\/\",\"name\":\"L\u00e0 o\u00f9 la Norv\u00e8ge devient arctique\u00a0: le parc national Saltfjellet-Svartisen\",\"isPartOf\":{\"@id\":\"https:\/\/www.svalbard.fr\/actualites\/#website\"},\"datePublished\":\"2026-04-26T09:59:12+00:00\",\"dateModified\":\"2026-04-26T09:59:12+00:00\",\"breadcrumb\":{\"@id\":\"https:\/\/www.svalbard.fr\/actualites\/la-ou-la-norvege-devient-arctique-le-parc-national-saltfjellet-svartisen\/#breadcrumb\"},\"inLanguage\":\"fr-FR\",\"potentialAction\":[{\"@type\":\"ReadAction\",\"target\":[\"https:\/\/www.svalbard.fr\/actualites\/la-ou-la-norvege-devient-arctique-le-parc-national-saltfjellet-svartisen\/\"]}]},{\"@type\":\"BreadcrumbList\",\"@id\":\"https:\/\/www.svalbard.fr\/actualites\/la-ou-la-norvege-devient-arctique-le-parc-national-saltfjellet-svartisen\/#breadcrumb\",\"itemListElement\":[{\"@type\":\"ListItem\",\"position\":1,\"name\":\"Accueil\",\"item\":\"https:\/\/www.svalbard.fr\/actualites\/\"},{\"@type\":\"ListItem\",\"position\":2,\"name\":\"L\u00e0 o\u00f9 la Norv\u00e8ge devient arctique\u00a0: le parc national Saltfjellet-Svartisen\"}]},{\"@type\":\"WebSite\",\"@id\":\"https:\/\/www.svalbard.fr\/actualites\/#website\",\"url\":\"https:\/\/www.svalbard.fr\/actualites\/\",\"name\":\"www.Svalbard.fr\",\"description\":\"\",\"publisher\":{\"@id\":\"https:\/\/www.svalbard.fr\/actualites\/#organization\"},\"potentialAction\":[{\"@type\":\"SearchAction\",\"target\":{\"@type\":\"EntryPoint\",\"urlTemplate\":\"https:\/\/www.svalbard.fr\/actualites\/?s={search_term_string}\"},\"query-input\":\"required name=search_term_string\"}],\"inLanguage\":\"fr-FR\"},{\"@type\":\"Organization\",\"@id\":\"https:\/\/www.svalbard.fr\/actualites\/#organization\",\"name\":\"www.Svalbard.fr\",\"url\":\"https:\/\/www.svalbard.fr\/actualites\/\",\"logo\":{\"@type\":\"ImageObject\",\"inLanguage\":\"fr-FR\",\"@id\":\"https:\/\/www.svalbard.fr\/actualites\/#\/schema\/logo\/image\/\",\"url\":\"https:\/\/www.svalbard.fr\/actualites\/wp-content\/uploads\/2023\/09\/head-nom.jpg\",\"contentUrl\":\"https:\/\/www.svalbard.fr\/actualites\/wp-content\/uploads\/2023\/09\/head-nom.jpg\",\"width\":264,\"height\":35,\"caption\":\"www.Svalbard.fr\"},\"image\":{\"@id\":\"https:\/\/www.svalbard.fr\/actualites\/#\/schema\/logo\/image\/\"}},{\"@type\":\"Person\",\"@id\":\"https:\/\/www.svalbard.fr\/actualites\/#\/schema\/person\/a2f937d5712222366738fae98755c600\",\"name\":\"Hilmar\",\"image\":{\"@type\":\"ImageObject\",\"inLanguage\":\"fr-FR\",\"@id\":\"https:\/\/www.svalbard.fr\/actualites\/#\/schema\/person\/image\/\",\"url\":\"https:\/\/secure.gravatar.com\/avatar\/4daa437093476dbc32da415c112b6512?s=96&d=mm&r=g\",\"contentUrl\":\"https:\/\/secure.gravatar.com\/avatar\/4daa437093476dbc32da415c112b6512?s=96&d=mm&r=g\",\"caption\":\"Hilmar\"},\"description\":\"Hilmar est un passionn\u00e9 des r\u00e9gions polaires, sp\u00e9cialis\u00e9 dans la r\u00e9daction d'articles sur le Spitzberg et autres destinations arctiques. Il apporte son expertise et sa passion pour l'Arctique au sein de l'\u00e9quipe de r\u00e9daction de Svalbard depuis de nombreuses ann\u00e9es.\",\"sameAs\":[\"https:\/\/www.svalbard.fr\/\"]}]}<\/script>\n<!-- \/ Yoast SEO plugin. -->","yoast_head_json":{"title":"L\u00e0 o\u00f9 la Norv\u00e8ge devient arctique\u00a0: le parc national Saltfjellet-Svartisen","robots":{"index":"index","follow":"follow","max-snippet":"max-snippet:-1","max-image-preview":"max-image-preview:large","max-video-preview":"max-video-preview:-1"},"canonical":"https:\/\/www.svalbard.fr\/actualites\/la-ou-la-norvege-devient-arctique-le-parc-national-saltfjellet-svartisen\/","og_locale":"fr_FR","og_type":"article","og_title":"L\u00e0 o\u00f9 la Norv\u00e8ge devient arctique\u00a0: le parc national Saltfjellet-Svartisen","og_description":"Des glaciers, des plateaux de haute montagne et l&#39;une des fronti\u00e8res climatiques les plus importantes d&#39;Europe d\u00e9finissent le parc national Saltfjellet-Svartisen. Il s\u2019agit d\u2019un paysage","og_url":"https:\/\/www.svalbard.fr\/actualites\/la-ou-la-norvege-devient-arctique-le-parc-national-saltfjellet-svartisen\/","og_site_name":"www.Svalbard.fr","article_published_time":"2026-04-26T09:59:12+00:00","og_image":[{"url":"https:\/\/www.svalbard.fr\/actualites\/wp-content\/uploads\/2026\/04\/La-ou-la-Norvege-devient-arctique-le-parc-national-Saltfjellet-Svartisen.jpg"}],"author":"Hilmar","twitter_card":"summary_large_image","twitter_misc":{"\u00c9crit par":"Hilmar","Dur\u00e9e de lecture estim\u00e9e":"10 minutes"},"schema":{"@context":"https:\/\/schema.org","@graph":[{"@type":"Article","@id":"https:\/\/www.svalbard.fr\/actualites\/la-ou-la-norvege-devient-arctique-le-parc-national-saltfjellet-svartisen\/#article","isPartOf":{"@id":"https:\/\/www.svalbard.fr\/actualites\/la-ou-la-norvege-devient-arctique-le-parc-national-saltfjellet-svartisen\/"},"author":{"name":"Hilmar","@id":"https:\/\/www.svalbard.fr\/actualites\/#\/schema\/person\/a2f937d5712222366738fae98755c600"},"headline":"L\u00e0 o\u00f9 la Norv\u00e8ge devient arctique\u00a0: le parc national Saltfjellet-Svartisen","datePublished":"2026-04-26T09:59:12+00:00","dateModified":"2026-04-26T09:59:12+00:00","mainEntityOfPage":{"@id":"https:\/\/www.svalbard.fr\/actualites\/la-ou-la-norvege-devient-arctique-le-parc-national-saltfjellet-svartisen\/"},"wordCount":2005,"publisher":{"@id":"https:\/\/www.svalbard.fr\/actualites\/#organization"},"keywords":["arctique","devient","l\u00e0","national","Norv\u00e8ge","O\u00f9","parc","SaltfjelletSvartisen"],"inLanguage":"fr-FR"},{"@type":"WebPage","@id":"https:\/\/www.svalbard.fr\/actualites\/la-ou-la-norvege-devient-arctique-le-parc-national-saltfjellet-svartisen\/","url":"https:\/\/www.svalbard.fr\/actualites\/la-ou-la-norvege-devient-arctique-le-parc-national-saltfjellet-svartisen\/","name":"L\u00e0 o\u00f9 la Norv\u00e8ge devient arctique\u00a0: le parc national Saltfjellet-Svartisen","isPartOf":{"@id":"https:\/\/www.svalbard.fr\/actualites\/#website"},"datePublished":"2026-04-26T09:59:12+00:00","dateModified":"2026-04-26T09:59:12+00:00","breadcrumb":{"@id":"https:\/\/www.svalbard.fr\/actualites\/la-ou-la-norvege-devient-arctique-le-parc-national-saltfjellet-svartisen\/#breadcrumb"},"inLanguage":"fr-FR","potentialAction":[{"@type":"ReadAction","target":["https:\/\/www.svalbard.fr\/actualites\/la-ou-la-norvege-devient-arctique-le-parc-national-saltfjellet-svartisen\/"]}]},{"@type":"BreadcrumbList","@id":"https:\/\/www.svalbard.fr\/actualites\/la-ou-la-norvege-devient-arctique-le-parc-national-saltfjellet-svartisen\/#breadcrumb","itemListElement":[{"@type":"ListItem","position":1,"name":"Accueil","item":"https:\/\/www.svalbard.fr\/actualites\/"},{"@type":"ListItem","position":2,"name":"L\u00e0 o\u00f9 la Norv\u00e8ge devient arctique\u00a0: le parc national Saltfjellet-Svartisen"}]},{"@type":"WebSite","@id":"https:\/\/www.svalbard.fr\/actualites\/#website","url":"https:\/\/www.svalbard.fr\/actualites\/","name":"www.Svalbard.fr","description":"","publisher":{"@id":"https:\/\/www.svalbard.fr\/actualites\/#organization"},"potentialAction":[{"@type":"SearchAction","target":{"@type":"EntryPoint","urlTemplate":"https:\/\/www.svalbard.fr\/actualites\/?s={search_term_string}"},"query-input":"required name=search_term_string"}],"inLanguage":"fr-FR"},{"@type":"Organization","@id":"https:\/\/www.svalbard.fr\/actualites\/#organization","name":"www.Svalbard.fr","url":"https:\/\/www.svalbard.fr\/actualites\/","logo":{"@type":"ImageObject","inLanguage":"fr-FR","@id":"https:\/\/www.svalbard.fr\/actualites\/#\/schema\/logo\/image\/","url":"https:\/\/www.svalbard.fr\/actualites\/wp-content\/uploads\/2023\/09\/head-nom.jpg","contentUrl":"https:\/\/www.svalbard.fr\/actualites\/wp-content\/uploads\/2023\/09\/head-nom.jpg","width":264,"height":35,"caption":"www.Svalbard.fr"},"image":{"@id":"https:\/\/www.svalbard.fr\/actualites\/#\/schema\/logo\/image\/"}},{"@type":"Person","@id":"https:\/\/www.svalbard.fr\/actualites\/#\/schema\/person\/a2f937d5712222366738fae98755c600","name":"Hilmar","image":{"@type":"ImageObject","inLanguage":"fr-FR","@id":"https:\/\/www.svalbard.fr\/actualites\/#\/schema\/person\/image\/","url":"https:\/\/secure.gravatar.com\/avatar\/4daa437093476dbc32da415c112b6512?s=96&d=mm&r=g","contentUrl":"https:\/\/secure.gravatar.com\/avatar\/4daa437093476dbc32da415c112b6512?s=96&d=mm&r=g","caption":"Hilmar"},"description":"Hilmar est un passionn\u00e9 des r\u00e9gions polaires, sp\u00e9cialis\u00e9 dans la r\u00e9daction d'articles sur le Spitzberg et autres destinations arctiques. Il apporte son expertise et sa passion pour l'Arctique au sein de l'\u00e9quipe de r\u00e9daction de Svalbard depuis de nombreuses ann\u00e9es.","sameAs":["https:\/\/www.svalbard.fr\/"]}]}},"_links":{"self":[{"href":"https:\/\/www.svalbard.fr\/actualites\/wp-json\/wp\/v2\/posts\/5398"}],"collection":[{"href":"https:\/\/www.svalbard.fr\/actualites\/wp-json\/wp\/v2\/posts"}],"about":[{"href":"https:\/\/www.svalbard.fr\/actualites\/wp-json\/wp\/v2\/types\/post"}],"author":[{"embeddable":true,"href":"https:\/\/www.svalbard.fr\/actualites\/wp-json\/wp\/v2\/users\/1"}],"replies":[{"embeddable":true,"href":"https:\/\/www.svalbard.fr\/actualites\/wp-json\/wp\/v2\/comments?post=5398"}],"version-history":[{"count":0,"href":"https:\/\/www.svalbard.fr\/actualites\/wp-json\/wp\/v2\/posts\/5398\/revisions"}],"wp:featuredmedia":[{"embeddable":true,"href":"https:\/\/www.svalbard.fr\/actualites\/wp-json\/wp\/v2\/media\/5399"}],"wp:attachment":[{"href":"https:\/\/www.svalbard.fr\/actualites\/wp-json\/wp\/v2\/media?parent=5398"}],"wp:term":[{"taxonomy":"category","embeddable":true,"href":"https:\/\/www.svalbard.fr\/actualites\/wp-json\/wp\/v2\/categories?post=5398"},{"taxonomy":"post_tag","embeddable":true,"href":"https:\/\/www.svalbard.fr\/actualites\/wp-json\/wp\/v2\/tags?post=5398"}],"curies":[{"name":"wp","href":"https:\/\/api.w.org\/{rel}","templated":true}]}}