{"id":541,"date":"2024-01-21T17:20:44","date_gmt":"2024-01-21T16:20:44","guid":{"rendered":"https:\/\/www.svalbard.fr\/actualites\/linterieur-de-la-belle-petite-ile-plongee-dans-lobscurite-trois-mois-par-an\/"},"modified":"2024-01-21T17:20:46","modified_gmt":"2024-01-21T16:20:46","slug":"linterieur-de-la-belle-petite-ile-plongee-dans-lobscurite-trois-mois-par-an","status":"publish","type":"post","link":"https:\/\/www.svalbard.fr\/actualites\/linterieur-de-la-belle-petite-ile-plongee-dans-lobscurite-trois-mois-par-an\/","title":{"rendered":"L\u2019int\u00e9rieur de la belle petite \u00eele plong\u00e9e dans l\u2019obscurit\u00e9 trois mois par an"},"content":{"rendered":"<div>\n<p>Les nuits se rapprochent et les temp\u00e9ratures descendent en dessous de z\u00e9ro au Royaume-Uni, mais pour ceux qui vivent sur une \u00eele magnifique, ces conditions semblent tropicales.<\/p>\n<p>L&rsquo;\u00eele norv\u00e9gienne de Svalbard est la zone peupl\u00e9e la plus proche du p\u00f4le Nord et est actuellement plong\u00e9e dans l&rsquo;obscurit\u00e9 sans lumi\u00e8re jusqu&rsquo;au 20 avril, date \u00e0 laquelle elle prendra un chemin compl\u00e8tement oppos\u00e9 et ne fera jamais nuit.<\/p>\n<p>Les habitants du pays doivent se couvrir au chaud avec des temp\u00e9ratures actuellement fra\u00eeches de -40\u00b0C.  Lorsqu&rsquo;ils se prom\u00e8nent sur l&rsquo;\u00eele, les visiteurs sont plus susceptibles de rencontrer des ours polaires que des chiens et des chats, ces animaux \u00e9tant le symbole de l&rsquo;\u00eele et \u00e9galement l&rsquo;une de ses principales attractions touristiques.<\/p>\n<p>L&rsquo;\u00eele a \u00e9galement quelques r\u00e8gles bizarres, l&rsquo;une d&rsquo;elles est que les gens ne sont pas autoris\u00e9s \u00e0 y mourir car leurs corps ne se d\u00e9composent pas \u00e0 cause du climat glacial.<\/p>\n<p>Ceux qui sont tr\u00e8s malades ou sur le point de mourir sont pri\u00e9s de quitter le Svalbard pour mourir sur le continent norv\u00e9gien.<\/p>\n<\/div>\n<div>\n<p>D\u2019un autre c\u00f4t\u00e9, les gens ne sont pas non plus autoris\u00e9s \u00e0 na\u00eetre sur l\u2019\u00eele.  De nombreuses femmes enceintes sont emmen\u00e9es sur le continent avant d&rsquo;accoucher en raison des installations inad\u00e9quates pour faire face \u00e0 d&rsquo;\u00e9ventuelles complications.<\/p>\n<p>Mais l&rsquo;h\u00f4pital du Svalbard est quelque peu \u00e9quip\u00e9 pour les urgences puisque trois b\u00e9b\u00e9s y sont n\u00e9s en 1991, 2006 et 2007.<\/p>\n<p>L&rsquo;\u00eele compte environ 2 650 habitants, selon la r\u00e8gle de naissance, ce qui signifie que presque tous viennent d&rsquo;ailleurs &#8211; mais la majeure partie de la population du pays est compos\u00e9e de Norv\u00e9giens.<\/p>\n<p>Les groupes les plus importants de non-Norv\u00e9giens viennent de Russie, d&rsquo;Ukraine, de Pologne, d&rsquo;Allemagne, de Su\u00e8de, du Danemark et de Tha\u00eflande.<\/p>\n<\/div>\n<div>\n<p>Eveline Lunde a d\u00e9m\u00e9nag\u00e9 d&rsquo;Asker, sur le continent norv\u00e9gien, o\u00f9 elle \u00e9tait voyagiste, pour s&rsquo;installer dans la plus grande colonie de l&rsquo;\u00eele, Longyearbyen, en 2019. Elle a d\u00e9clar\u00e9 au m\u00e9tro qu&rsquo;elle avait d\u00e9m\u00e9nag\u00e9 apr\u00e8s que Svalbard \u00ab\u00a0lui ait fait quelque chose\u00a0\u00bb.<\/p>\n<p>Elle a d\u00e9clar\u00e9 : \u00ab \u00catre dehors et si proche de la nature m&rsquo;a procur\u00e9 une vraie joie, alors quand je suis revenue \u00e0 Oslo, je ne me sentais tout simplement pas bien. Apr\u00e8s quelques mois, j&rsquo;ai quitt\u00e9 mon emploi et j&rsquo;ai d\u00e9cid\u00e9 de retourner sur l&rsquo;\u00eele en 2019. \u00a0\u00bb  Mais ceux qui cherchent \u00e0 se rendre visite auront un long voyage \u00e0 faire.<\/p>\n<p>Afin d&rsquo;atteindre le Svalbard, les touristes doivent d&rsquo;abord prendre un vol pour Oslo depuis le Royaume-Uni avant de changer pour un avion \u00e0 destination de Longyearbyen, le trajet total prenant au mieux environ huit heures.<\/p>\n<p>Les vols aller-retour au d\u00e9part de Londres Heathrow co\u00fbteront environ 270 \u00a3 en mars.<\/p>\n<\/div>\n","protected":false},"excerpt":{"rendered":"<p>Les nuits se rapprochent et les temp\u00e9ratures descendent en dessous de z\u00e9ro au Royaume-Uni, mais pour ceux qui vivent sur une \u00eele magnifique, ces conditions<\/p>\n","protected":false},"author":1,"featured_media":542,"comment_status":"closed","ping_status":"","sticky":false,"template":"","format":"standard","meta":{"footnotes":""},"categories":[1],"tags":[333,54,68,484,223,432,167,453,750,751],"yoast_head":"<!-- This site is optimized with the Yoast SEO plugin v21.0 - https:\/\/yoast.com\/wordpress\/plugins\/seo\/ -->\n<title>L\u2019int\u00e9rieur de la belle petite \u00eele plong\u00e9e dans l\u2019obscurit\u00e9 trois mois par an<\/title>\n<meta name=\"robots\" content=\"index, follow, max-snippet:-1, max-image-preview:large, max-video-preview:-1\" \/>\n<link rel=\"canonical\" href=\"https:\/\/www.svalbard.fr\/actualites\/linterieur-de-la-belle-petite-ile-plongee-dans-lobscurite-trois-mois-par-an\/\" \/>\n<meta property=\"og:locale\" content=\"fr_FR\" \/>\n<meta property=\"og:type\" content=\"article\" \/>\n<meta property=\"og:title\" content=\"L\u2019int\u00e9rieur de la belle petite \u00eele plong\u00e9e dans l\u2019obscurit\u00e9 trois mois par an\" \/>\n<meta property=\"og:description\" content=\"Les nuits se rapprochent et les temp\u00e9ratures descendent en dessous de z\u00e9ro au Royaume-Uni, mais pour ceux qui vivent sur une \u00eele magnifique, ces conditions\" \/>\n<meta property=\"og:url\" content=\"https:\/\/www.svalbard.fr\/actualites\/linterieur-de-la-belle-petite-ile-plongee-dans-lobscurite-trois-mois-par-an\/\" \/>\n<meta property=\"og:site_name\" content=\"www.Svalbard.fr\" \/>\n<meta property=\"article:published_time\" content=\"2024-01-21T16:20:44+00:00\" \/>\n<meta property=\"article:modified_time\" content=\"2024-01-21T16:20:46+00:00\" \/>\n<meta property=\"og:image\" content=\"https:\/\/www.svalbard.fr\/actualites\/wp-content\/uploads\/2024\/01\/Linterieur-de-la-belle-petite-ile-plongee-dans-lobscurite-trois.jpg\" \/>\n\t<meta property=\"og:image:width\" content=\"1200\" \/>\n\t<meta property=\"og:image:height\" content=\"712\" \/>\n\t<meta property=\"og:image:type\" content=\"image\/jpeg\" \/>\n<meta name=\"author\" content=\"Hilmar\" \/>\n<meta name=\"twitter:card\" content=\"summary_large_image\" \/>\n<meta name=\"twitter:label1\" content=\"\u00c9crit par\" \/>\n\t<meta name=\"twitter:data1\" content=\"Hilmar\" \/>\n\t<meta name=\"twitter:label2\" content=\"Dur\u00e9e de lecture estim\u00e9e\" \/>\n\t<meta name=\"twitter:data2\" content=\"2 minutes\" \/>\n<script type=\"application\/ld+json\" class=\"yoast-schema-graph\">{\"@context\":\"https:\/\/schema.org\",\"@graph\":[{\"@type\":\"Article\",\"@id\":\"https:\/\/www.svalbard.fr\/actualites\/linterieur-de-la-belle-petite-ile-plongee-dans-lobscurite-trois-mois-par-an\/#article\",\"isPartOf\":{\"@id\":\"https:\/\/www.svalbard.fr\/actualites\/linterieur-de-la-belle-petite-ile-plongee-dans-lobscurite-trois-mois-par-an\/\"},\"author\":{\"name\":\"Hilmar\",\"@id\":\"https:\/\/www.svalbard.fr\/actualites\/#\/schema\/person\/a2f937d5712222366738fae98755c600\"},\"headline\":\"L\u2019int\u00e9rieur de la belle petite \u00eele plong\u00e9e dans l\u2019obscurit\u00e9 trois mois par an\",\"datePublished\":\"2024-01-21T16:20:44+00:00\",\"dateModified\":\"2024-01-21T16:20:46+00:00\",\"mainEntityOfPage\":{\"@id\":\"https:\/\/www.svalbard.fr\/actualites\/linterieur-de-la-belle-petite-ile-plongee-dans-lobscurite-trois-mois-par-an\/\"},\"wordCount\":490,\"publisher\":{\"@id\":\"https:\/\/www.svalbard.fr\/actualites\/#organization\"},\"keywords\":[\"belle\",\"dans\",\"\u00eele\",\"lint\u00e9rieur\",\"lobscurit\u00e9\",\"mois\",\"par\",\"petite\",\"plong\u00e9e\",\"trois\"],\"articleSection\":[\"Svalbard\"],\"inLanguage\":\"fr-FR\"},{\"@type\":\"WebPage\",\"@id\":\"https:\/\/www.svalbard.fr\/actualites\/linterieur-de-la-belle-petite-ile-plongee-dans-lobscurite-trois-mois-par-an\/\",\"url\":\"https:\/\/www.svalbard.fr\/actualites\/linterieur-de-la-belle-petite-ile-plongee-dans-lobscurite-trois-mois-par-an\/\",\"name\":\"L\u2019int\u00e9rieur de la belle petite \u00eele plong\u00e9e dans l\u2019obscurit\u00e9 trois mois par an\",\"isPartOf\":{\"@id\":\"https:\/\/www.svalbard.fr\/actualites\/#website\"},\"datePublished\":\"2024-01-21T16:20:44+00:00\",\"dateModified\":\"2024-01-21T16:20:46+00:00\",\"breadcrumb\":{\"@id\":\"https:\/\/www.svalbard.fr\/actualites\/linterieur-de-la-belle-petite-ile-plongee-dans-lobscurite-trois-mois-par-an\/#breadcrumb\"},\"inLanguage\":\"fr-FR\",\"potentialAction\":[{\"@type\":\"ReadAction\",\"target\":[\"https:\/\/www.svalbard.fr\/actualites\/linterieur-de-la-belle-petite-ile-plongee-dans-lobscurite-trois-mois-par-an\/\"]}]},{\"@type\":\"BreadcrumbList\",\"@id\":\"https:\/\/www.svalbard.fr\/actualites\/linterieur-de-la-belle-petite-ile-plongee-dans-lobscurite-trois-mois-par-an\/#breadcrumb\",\"itemListElement\":[{\"@type\":\"ListItem\",\"position\":1,\"name\":\"Accueil\",\"item\":\"https:\/\/www.svalbard.fr\/actualites\/\"},{\"@type\":\"ListItem\",\"position\":2,\"name\":\"L\u2019int\u00e9rieur de la belle petite \u00eele plong\u00e9e dans l\u2019obscurit\u00e9 trois mois par an\"}]},{\"@type\":\"WebSite\",\"@id\":\"https:\/\/www.svalbard.fr\/actualites\/#website\",\"url\":\"https:\/\/www.svalbard.fr\/actualites\/\",\"name\":\"www.Svalbard.fr\",\"description\":\"\",\"publisher\":{\"@id\":\"https:\/\/www.svalbard.fr\/actualites\/#organization\"},\"potentialAction\":[{\"@type\":\"SearchAction\",\"target\":{\"@type\":\"EntryPoint\",\"urlTemplate\":\"https:\/\/www.svalbard.fr\/actualites\/?s={search_term_string}\"},\"query-input\":\"required name=search_term_string\"}],\"inLanguage\":\"fr-FR\"},{\"@type\":\"Organization\",\"@id\":\"https:\/\/www.svalbard.fr\/actualites\/#organization\",\"name\":\"www.Svalbard.fr\",\"url\":\"https:\/\/www.svalbard.fr\/actualites\/\",\"logo\":{\"@type\":\"ImageObject\",\"inLanguage\":\"fr-FR\",\"@id\":\"https:\/\/www.svalbard.fr\/actualites\/#\/schema\/logo\/image\/\",\"url\":\"https:\/\/www.svalbard.fr\/actualites\/wp-content\/uploads\/2023\/09\/head-nom.jpg\",\"contentUrl\":\"https:\/\/www.svalbard.fr\/actualites\/wp-content\/uploads\/2023\/09\/head-nom.jpg\",\"width\":264,\"height\":35,\"caption\":\"www.Svalbard.fr\"},\"image\":{\"@id\":\"https:\/\/www.svalbard.fr\/actualites\/#\/schema\/logo\/image\/\"}},{\"@type\":\"Person\",\"@id\":\"https:\/\/www.svalbard.fr\/actualites\/#\/schema\/person\/a2f937d5712222366738fae98755c600\",\"name\":\"Hilmar\",\"image\":{\"@type\":\"ImageObject\",\"inLanguage\":\"fr-FR\",\"@id\":\"https:\/\/www.svalbard.fr\/actualites\/#\/schema\/person\/image\/\",\"url\":\"https:\/\/secure.gravatar.com\/avatar\/4daa437093476dbc32da415c112b6512?s=96&d=mm&r=g\",\"contentUrl\":\"https:\/\/secure.gravatar.com\/avatar\/4daa437093476dbc32da415c112b6512?s=96&d=mm&r=g\",\"caption\":\"Hilmar\"},\"description\":\"Hilmar est un passionn\u00e9 des r\u00e9gions polaires, sp\u00e9cialis\u00e9 dans la r\u00e9daction d'articles sur le Spitzberg et autres destinations arctiques. Il apporte son expertise et sa passion pour l'Arctique au sein de l'\u00e9quipe de r\u00e9daction de Svalbard depuis de nombreuses ann\u00e9es.\",\"sameAs\":[\"https:\/\/www.svalbard.fr\/\"]}]}<\/script>\n<!-- \/ Yoast SEO plugin. -->","yoast_head_json":{"title":"L\u2019int\u00e9rieur de la belle petite \u00eele plong\u00e9e dans l\u2019obscurit\u00e9 trois mois par an","robots":{"index":"index","follow":"follow","max-snippet":"max-snippet:-1","max-image-preview":"max-image-preview:large","max-video-preview":"max-video-preview:-1"},"canonical":"https:\/\/www.svalbard.fr\/actualites\/linterieur-de-la-belle-petite-ile-plongee-dans-lobscurite-trois-mois-par-an\/","og_locale":"fr_FR","og_type":"article","og_title":"L\u2019int\u00e9rieur de la belle petite \u00eele plong\u00e9e dans l\u2019obscurit\u00e9 trois mois par an","og_description":"Les nuits se rapprochent et les temp\u00e9ratures descendent en dessous de z\u00e9ro au Royaume-Uni, mais pour ceux qui vivent sur une \u00eele magnifique, ces conditions","og_url":"https:\/\/www.svalbard.fr\/actualites\/linterieur-de-la-belle-petite-ile-plongee-dans-lobscurite-trois-mois-par-an\/","og_site_name":"www.Svalbard.fr","article_published_time":"2024-01-21T16:20:44+00:00","article_modified_time":"2024-01-21T16:20:46+00:00","og_image":[{"width":1200,"height":712,"url":"https:\/\/www.svalbard.fr\/actualites\/wp-content\/uploads\/2024\/01\/Linterieur-de-la-belle-petite-ile-plongee-dans-lobscurite-trois.jpg","type":"image\/jpeg"}],"author":"Hilmar","twitter_card":"summary_large_image","twitter_misc":{"\u00c9crit par":"Hilmar","Dur\u00e9e de lecture estim\u00e9e":"2 minutes"},"schema":{"@context":"https:\/\/schema.org","@graph":[{"@type":"Article","@id":"https:\/\/www.svalbard.fr\/actualites\/linterieur-de-la-belle-petite-ile-plongee-dans-lobscurite-trois-mois-par-an\/#article","isPartOf":{"@id":"https:\/\/www.svalbard.fr\/actualites\/linterieur-de-la-belle-petite-ile-plongee-dans-lobscurite-trois-mois-par-an\/"},"author":{"name":"Hilmar","@id":"https:\/\/www.svalbard.fr\/actualites\/#\/schema\/person\/a2f937d5712222366738fae98755c600"},"headline":"L\u2019int\u00e9rieur de la belle petite \u00eele plong\u00e9e dans l\u2019obscurit\u00e9 trois mois par an","datePublished":"2024-01-21T16:20:44+00:00","dateModified":"2024-01-21T16:20:46+00:00","mainEntityOfPage":{"@id":"https:\/\/www.svalbard.fr\/actualites\/linterieur-de-la-belle-petite-ile-plongee-dans-lobscurite-trois-mois-par-an\/"},"wordCount":490,"publisher":{"@id":"https:\/\/www.svalbard.fr\/actualites\/#organization"},"keywords":["belle","dans","\u00eele","lint\u00e9rieur","lobscurit\u00e9","mois","par","petite","plong\u00e9e","trois"],"articleSection":["Svalbard"],"inLanguage":"fr-FR"},{"@type":"WebPage","@id":"https:\/\/www.svalbard.fr\/actualites\/linterieur-de-la-belle-petite-ile-plongee-dans-lobscurite-trois-mois-par-an\/","url":"https:\/\/www.svalbard.fr\/actualites\/linterieur-de-la-belle-petite-ile-plongee-dans-lobscurite-trois-mois-par-an\/","name":"L\u2019int\u00e9rieur de la belle petite \u00eele plong\u00e9e dans l\u2019obscurit\u00e9 trois mois par an","isPartOf":{"@id":"https:\/\/www.svalbard.fr\/actualites\/#website"},"datePublished":"2024-01-21T16:20:44+00:00","dateModified":"2024-01-21T16:20:46+00:00","breadcrumb":{"@id":"https:\/\/www.svalbard.fr\/actualites\/linterieur-de-la-belle-petite-ile-plongee-dans-lobscurite-trois-mois-par-an\/#breadcrumb"},"inLanguage":"fr-FR","potentialAction":[{"@type":"ReadAction","target":["https:\/\/www.svalbard.fr\/actualites\/linterieur-de-la-belle-petite-ile-plongee-dans-lobscurite-trois-mois-par-an\/"]}]},{"@type":"BreadcrumbList","@id":"https:\/\/www.svalbard.fr\/actualites\/linterieur-de-la-belle-petite-ile-plongee-dans-lobscurite-trois-mois-par-an\/#breadcrumb","itemListElement":[{"@type":"ListItem","position":1,"name":"Accueil","item":"https:\/\/www.svalbard.fr\/actualites\/"},{"@type":"ListItem","position":2,"name":"L\u2019int\u00e9rieur de la belle petite \u00eele plong\u00e9e dans l\u2019obscurit\u00e9 trois mois par an"}]},{"@type":"WebSite","@id":"https:\/\/www.svalbard.fr\/actualites\/#website","url":"https:\/\/www.svalbard.fr\/actualites\/","name":"www.Svalbard.fr","description":"","publisher":{"@id":"https:\/\/www.svalbard.fr\/actualites\/#organization"},"potentialAction":[{"@type":"SearchAction","target":{"@type":"EntryPoint","urlTemplate":"https:\/\/www.svalbard.fr\/actualites\/?s={search_term_string}"},"query-input":"required name=search_term_string"}],"inLanguage":"fr-FR"},{"@type":"Organization","@id":"https:\/\/www.svalbard.fr\/actualites\/#organization","name":"www.Svalbard.fr","url":"https:\/\/www.svalbard.fr\/actualites\/","logo":{"@type":"ImageObject","inLanguage":"fr-FR","@id":"https:\/\/www.svalbard.fr\/actualites\/#\/schema\/logo\/image\/","url":"https:\/\/www.svalbard.fr\/actualites\/wp-content\/uploads\/2023\/09\/head-nom.jpg","contentUrl":"https:\/\/www.svalbard.fr\/actualites\/wp-content\/uploads\/2023\/09\/head-nom.jpg","width":264,"height":35,"caption":"www.Svalbard.fr"},"image":{"@id":"https:\/\/www.svalbard.fr\/actualites\/#\/schema\/logo\/image\/"}},{"@type":"Person","@id":"https:\/\/www.svalbard.fr\/actualites\/#\/schema\/person\/a2f937d5712222366738fae98755c600","name":"Hilmar","image":{"@type":"ImageObject","inLanguage":"fr-FR","@id":"https:\/\/www.svalbard.fr\/actualites\/#\/schema\/person\/image\/","url":"https:\/\/secure.gravatar.com\/avatar\/4daa437093476dbc32da415c112b6512?s=96&d=mm&r=g","contentUrl":"https:\/\/secure.gravatar.com\/avatar\/4daa437093476dbc32da415c112b6512?s=96&d=mm&r=g","caption":"Hilmar"},"description":"Hilmar est un passionn\u00e9 des r\u00e9gions polaires, sp\u00e9cialis\u00e9 dans la r\u00e9daction d'articles sur le Spitzberg et autres destinations arctiques. Il apporte son expertise et sa passion pour l'Arctique au sein de l'\u00e9quipe de r\u00e9daction de Svalbard depuis de nombreuses ann\u00e9es.","sameAs":["https:\/\/www.svalbard.fr\/"]}]}},"_links":{"self":[{"href":"https:\/\/www.svalbard.fr\/actualites\/wp-json\/wp\/v2\/posts\/541"}],"collection":[{"href":"https:\/\/www.svalbard.fr\/actualites\/wp-json\/wp\/v2\/posts"}],"about":[{"href":"https:\/\/www.svalbard.fr\/actualites\/wp-json\/wp\/v2\/types\/post"}],"author":[{"embeddable":true,"href":"https:\/\/www.svalbard.fr\/actualites\/wp-json\/wp\/v2\/users\/1"}],"replies":[{"embeddable":true,"href":"https:\/\/www.svalbard.fr\/actualites\/wp-json\/wp\/v2\/comments?post=541"}],"version-history":[{"count":1,"href":"https:\/\/www.svalbard.fr\/actualites\/wp-json\/wp\/v2\/posts\/541\/revisions"}],"predecessor-version":[{"id":543,"href":"https:\/\/www.svalbard.fr\/actualites\/wp-json\/wp\/v2\/posts\/541\/revisions\/543"}],"wp:featuredmedia":[{"embeddable":true,"href":"https:\/\/www.svalbard.fr\/actualites\/wp-json\/wp\/v2\/media\/542"}],"wp:attachment":[{"href":"https:\/\/www.svalbard.fr\/actualites\/wp-json\/wp\/v2\/media?parent=541"}],"wp:term":[{"taxonomy":"category","embeddable":true,"href":"https:\/\/www.svalbard.fr\/actualites\/wp-json\/wp\/v2\/categories?post=541"},{"taxonomy":"post_tag","embeddable":true,"href":"https:\/\/www.svalbard.fr\/actualites\/wp-json\/wp\/v2\/tags?post=541"}],"curies":[{"name":"wp","href":"https:\/\/api.w.org\/{rel}","templated":true}]}}