{"id":559,"date":"2024-01-26T09:24:25","date_gmt":"2024-01-26T08:24:25","guid":{"rendered":"https:\/\/www.svalbard.fr\/actualites\/podcast-76-la-culture-sami-dans-le-nord-de-la-norvege\/"},"modified":"2024-01-26T09:24:28","modified_gmt":"2024-01-26T08:24:28","slug":"podcast-76-la-culture-sami-dans-le-nord-de-la-norvege","status":"publish","type":"post","link":"https:\/\/www.svalbard.fr\/actualites\/podcast-76-la-culture-sami-dans-le-nord-de-la-norvege\/","title":{"rendered":"Podcast 76\u00a0:\u00a0La culture sami dans le nord de la Norv\u00e8ge"},"content":{"rendered":"<div itemprop=\"text\">\n<span id=\"dpsp-post-content-markup\" data-image-pin-it=\"false\"><\/span><\/p>\n<p class=\"intro\">Life in Norwegian Show #76\u00a0: Du Parlement sami et des efforts visant \u00e0 maintenir les langues vivantes \u00e0 l&rsquo;importance de l&rsquo;artisanat et du chant, nous entendons tout sur la culture sami en 2024.<\/p>\n<p>La r\u00e9cente controverse sur les \u00e9oliennes a remis la culture sami et les droits autochtones \u00e0 la une des journaux ici en Norv\u00e8ge et dans le monde entier.<\/p>\n<figure class=\"wp-block-image size-large\"><noscript><img fetchpriority=\"high\" decoding=\"async\" width=\"768\" height=\"432\" src=\"https:\/\/www.svalbard.fr\/actualites\/wp-content\/uploads\/2024\/01\/Podcast-76-La-culture-sami-dans-le-nord-de-la-Norvege.jpeg\" alt=\"Le drapeau sami contre un ciel bleu.\" class=\"wp-image-78250\"  ><\/noscript><\/figure>\n<p>Bod\u00f8 est sur le point de d\u00e9marrer son ann\u00e9e en tant que capitale europ\u00e9enne de la culture et l&rsquo;\u00e9quipe a plac\u00e9 la culture sami au c\u0153ur m\u00eame du programme.<\/p>\n<p>Alors, qui de mieux pour nous pr\u00e9senter les diff\u00e9rents aspects de la culture sami que Maria Hernes B\u00e6r, la coordinatrice du programme sami pour Bod\u00f8 2024.<\/p>\n<p>Nous parlons de l&rsquo;identit\u00e9 sami, de certains \u00e9l\u00e9ments de la culture, notamment de ce que les touristes vivent et de ce qu&rsquo;ils ne vivent pas, et des projets visant \u00e0 mettre en valeur la culture sami \u00e0 Bod\u00f8 2024.<\/p>\n<h2 class=\"wp-block-heading\">\u00c9coutez l&rsquo;\u00e9mission<\/h2>\n<p>Vous pouvez \u00e9couter l&rsquo;\u00e9mission \u00e0 l&rsquo;aide du lecteur Web ci-dessous ou sur le lecteur podcast de votre choix.  Cela inclut\u00a0: les podcasts Apple, les podcasts Google, Stitcher et Spotify.  Recherchez simplement \u00ab\u00a0La vie en Norv\u00e8ge\u00a0\u00bb sur la plateforme de votre choix pour commencer.<\/p>\n<p><iframe loading=\"lazy\" title=\"Embed Player\" src=\"https:\/\/play.libsyn.com\/embed\/episode\/id\/29658868\/height\/192\/theme\/modern\/size\/large\/thumbnail\/yes\/custom-color\/8c1414\/time-start\/00:00:00\/playlist-height\/200\/direction\/backward\/download\/yes\/font-color\/FFFFFF\" height=\"192\" width=\"100%\" scrolling=\"no\" allowfullscreen=\"\" webkitallowfullscreen=\"true\" mozallowfullscreen=\"true\" oallowfullscreen=\"true\" msallowfullscreen=\"true\" style=\"border: medium;\"><\/iframe><\/p>\n<p>J&rsquo;ai arr\u00eat\u00e9 de publier le podcast sur la cha\u00eene YouTube Life in Norway, car je me concentre sur la diffusion de mes vid\u00e9os l\u00e0-bas.  Faites-moi savoir si vous pr\u00e9f\u00e9rez \u00e9couter des podcasts sur YouTube et je verrai ce que je peux faire\u00a0!<\/p>\n<p>O\u00f9 que vous \u00e9coutiez, n&rsquo;oubliez pas de cliquer sur \u00ab\u00a0s&rsquo;abonner\u00a0\u00bb pour ne pas manquer un prochain \u00e9pisode\u00a0!<\/p>\n<h2 class=\"wp-block-heading\">Pr\u00e9sentation de la culture sami en Norv\u00e8ge<\/h2>\n<p>Nous ne pouvions pas entrer dans les d\u00e9tails de la s\u00e9rie.  Au lieu de cela, nous avons choisi de fournir un aper\u00e7u g\u00e9n\u00e9ral de certains \u00e9l\u00e9ments cl\u00e9s de la culture sami en Norv\u00e8ge, notamment\u00a0:<\/p>\n<p><strong>L&rsquo;histoire de la norv\u00e9gisation<\/strong>: Pendant de nombreuses ann\u00e9es, le gouvernement norv\u00e9gien a men\u00e9 des politiques d&rsquo;int\u00e9gration forc\u00e9e.  Maria dit qu&rsquo;il est impossible de discuter de la culture sami sans comprendre cette histoire.<\/p>\n<p><strong>Langues sami<\/strong>: Il existe de nombreuses langues sami diff\u00e9rentes parl\u00e9es en Norv\u00e8ge.  Des travaux sont en cours pour sauver et promouvoir certaines des esp\u00e8ces les plus menac\u00e9es.<\/p>\n<p><strong>Duodji<\/strong>: La meilleure traduction pour cela est l&rsquo;artisanat sami, mais il y a plus que cela, comme l&rsquo;explique Maria.<\/p>\n<p><strong>Jo\u00efk<\/strong>: Situ\u00e9 quelque part entre la chanson et la po\u00e9sie, le joik reste encore aujourd&rsquo;hui un \u00e9l\u00e9ment important de la culture sami.<\/p>\n<h2 class=\"wp-block-heading\">Liens du spectacle<\/h2>\n<p>Pendant l&rsquo;\u00e9mission, nous parlons de nombreux aspects du mode de vie des Samis et de plusieurs \u00e9v\u00e9nements qui se d\u00e9rouleront pendant Bod\u00f8 2024. Voici des liens pour en savoir plus\u00a0:<\/p>\n<ul>\n<li>Peuple Sami : Une introduction au peuple Sami en Norv\u00e8ge<\/li>\n<li>Parlement sami\u00a0: une introduction au parlement sami de Norv\u00e8ge<\/li>\n<li>Bod\u00f8 2024\u00a0: Site officiel de l&rsquo;ann\u00e9e de Bod\u00f8 en tant que capitale europ\u00e9enne de la culture<\/li>\n<\/ul>\n<\/div>\n","protected":false},"excerpt":{"rendered":"<p>Life in Norwegian Show #76\u00a0: Du Parlement sami et des efforts visant \u00e0 maintenir les langues vivantes \u00e0 l&rsquo;importance de l&rsquo;artisanat et du chant, nous<\/p>\n","protected":false},"author":1,"featured_media":560,"comment_status":"closed","ping_status":"","sticky":false,"template":"","format":"standard","meta":{"footnotes":""},"categories":[1],"tags":[771,772,54,321,6,631,773],"yoast_head":"<!-- This site is optimized with the Yoast SEO plugin v21.0 - https:\/\/yoast.com\/wordpress\/plugins\/seo\/ -->\n<title>Podcast 76\u00a0:\u00a0La culture sami dans le nord de la Norv\u00e8ge<\/title>\n<meta name=\"robots\" content=\"index, follow, max-snippet:-1, max-image-preview:large, max-video-preview:-1\" \/>\n<link rel=\"canonical\" href=\"https:\/\/www.svalbard.fr\/actualites\/podcast-76-la-culture-sami-dans-le-nord-de-la-norvege\/\" \/>\n<meta property=\"og:locale\" content=\"fr_FR\" \/>\n<meta property=\"og:type\" content=\"article\" \/>\n<meta property=\"og:title\" content=\"Podcast 76\u00a0:\u00a0La culture sami dans le nord de la Norv\u00e8ge\" \/>\n<meta property=\"og:description\" content=\"Life in Norwegian Show #76\u00a0: Du Parlement sami et des efforts visant \u00e0 maintenir les langues vivantes \u00e0 l&rsquo;importance de l&rsquo;artisanat et du chant, nous\" \/>\n<meta property=\"og:url\" content=\"https:\/\/www.svalbard.fr\/actualites\/podcast-76-la-culture-sami-dans-le-nord-de-la-norvege\/\" \/>\n<meta property=\"og:site_name\" content=\"www.Svalbard.fr\" \/>\n<meta property=\"article:published_time\" content=\"2024-01-26T08:24:25+00:00\" \/>\n<meta property=\"article:modified_time\" content=\"2024-01-26T08:24:28+00:00\" \/>\n<meta property=\"og:image\" content=\"https:\/\/www.svalbard.fr\/actualites\/wp-content\/uploads\/2024\/01\/1706257465_Podcast-76-La-culture-sami-dans-le-nord-de-la-Norvege.jpeg\" \/>\n\t<meta property=\"og:image:width\" content=\"1860\" \/>\n\t<meta property=\"og:image:height\" content=\"1046\" \/>\n\t<meta property=\"og:image:type\" content=\"image\/jpeg\" \/>\n<meta name=\"author\" content=\"Hilmar\" \/>\n<meta name=\"twitter:card\" content=\"summary_large_image\" \/>\n<meta name=\"twitter:label1\" content=\"\u00c9crit par\" \/>\n\t<meta name=\"twitter:data1\" content=\"Hilmar\" \/>\n\t<meta name=\"twitter:label2\" content=\"Dur\u00e9e de lecture estim\u00e9e\" \/>\n\t<meta name=\"twitter:data2\" content=\"3 minutes\" \/>\n<script type=\"application\/ld+json\" class=\"yoast-schema-graph\">{\"@context\":\"https:\/\/schema.org\",\"@graph\":[{\"@type\":\"Article\",\"@id\":\"https:\/\/www.svalbard.fr\/actualites\/podcast-76-la-culture-sami-dans-le-nord-de-la-norvege\/#article\",\"isPartOf\":{\"@id\":\"https:\/\/www.svalbard.fr\/actualites\/podcast-76-la-culture-sami-dans-le-nord-de-la-norvege\/\"},\"author\":{\"name\":\"Hilmar\",\"@id\":\"https:\/\/www.svalbard.fr\/actualites\/#\/schema\/person\/a2f937d5712222366738fae98755c600\"},\"headline\":\"Podcast 76\u00a0:\u00a0La culture sami dans le nord de la Norv\u00e8ge\",\"datePublished\":\"2024-01-26T08:24:25+00:00\",\"dateModified\":\"2024-01-26T08:24:28+00:00\",\"mainEntityOfPage\":{\"@id\":\"https:\/\/www.svalbard.fr\/actualites\/podcast-76-la-culture-sami-dans-le-nord-de-la-norvege\/\"},\"wordCount\":517,\"publisher\":{\"@id\":\"https:\/\/www.svalbard.fr\/actualites\/#organization\"},\"keywords\":[\"76La\",\"culture\",\"dans\",\"Nord\",\"Norv\u00e8ge\",\"Podcast\",\"sami\"],\"articleSection\":[\"Svalbard\"],\"inLanguage\":\"fr-FR\"},{\"@type\":\"WebPage\",\"@id\":\"https:\/\/www.svalbard.fr\/actualites\/podcast-76-la-culture-sami-dans-le-nord-de-la-norvege\/\",\"url\":\"https:\/\/www.svalbard.fr\/actualites\/podcast-76-la-culture-sami-dans-le-nord-de-la-norvege\/\",\"name\":\"Podcast 76\u00a0:\u00a0La culture sami dans le nord de la Norv\u00e8ge\",\"isPartOf\":{\"@id\":\"https:\/\/www.svalbard.fr\/actualites\/#website\"},\"datePublished\":\"2024-01-26T08:24:25+00:00\",\"dateModified\":\"2024-01-26T08:24:28+00:00\",\"breadcrumb\":{\"@id\":\"https:\/\/www.svalbard.fr\/actualites\/podcast-76-la-culture-sami-dans-le-nord-de-la-norvege\/#breadcrumb\"},\"inLanguage\":\"fr-FR\",\"potentialAction\":[{\"@type\":\"ReadAction\",\"target\":[\"https:\/\/www.svalbard.fr\/actualites\/podcast-76-la-culture-sami-dans-le-nord-de-la-norvege\/\"]}]},{\"@type\":\"BreadcrumbList\",\"@id\":\"https:\/\/www.svalbard.fr\/actualites\/podcast-76-la-culture-sami-dans-le-nord-de-la-norvege\/#breadcrumb\",\"itemListElement\":[{\"@type\":\"ListItem\",\"position\":1,\"name\":\"Accueil\",\"item\":\"https:\/\/www.svalbard.fr\/actualites\/\"},{\"@type\":\"ListItem\",\"position\":2,\"name\":\"Podcast 76\u00a0:\u00a0La culture sami dans le nord de la Norv\u00e8ge\"}]},{\"@type\":\"WebSite\",\"@id\":\"https:\/\/www.svalbard.fr\/actualites\/#website\",\"url\":\"https:\/\/www.svalbard.fr\/actualites\/\",\"name\":\"www.Svalbard.fr\",\"description\":\"\",\"publisher\":{\"@id\":\"https:\/\/www.svalbard.fr\/actualites\/#organization\"},\"potentialAction\":[{\"@type\":\"SearchAction\",\"target\":{\"@type\":\"EntryPoint\",\"urlTemplate\":\"https:\/\/www.svalbard.fr\/actualites\/?s={search_term_string}\"},\"query-input\":\"required name=search_term_string\"}],\"inLanguage\":\"fr-FR\"},{\"@type\":\"Organization\",\"@id\":\"https:\/\/www.svalbard.fr\/actualites\/#organization\",\"name\":\"www.Svalbard.fr\",\"url\":\"https:\/\/www.svalbard.fr\/actualites\/\",\"logo\":{\"@type\":\"ImageObject\",\"inLanguage\":\"fr-FR\",\"@id\":\"https:\/\/www.svalbard.fr\/actualites\/#\/schema\/logo\/image\/\",\"url\":\"https:\/\/www.svalbard.fr\/actualites\/wp-content\/uploads\/2023\/09\/head-nom.jpg\",\"contentUrl\":\"https:\/\/www.svalbard.fr\/actualites\/wp-content\/uploads\/2023\/09\/head-nom.jpg\",\"width\":264,\"height\":35,\"caption\":\"www.Svalbard.fr\"},\"image\":{\"@id\":\"https:\/\/www.svalbard.fr\/actualites\/#\/schema\/logo\/image\/\"}},{\"@type\":\"Person\",\"@id\":\"https:\/\/www.svalbard.fr\/actualites\/#\/schema\/person\/a2f937d5712222366738fae98755c600\",\"name\":\"Hilmar\",\"image\":{\"@type\":\"ImageObject\",\"inLanguage\":\"fr-FR\",\"@id\":\"https:\/\/www.svalbard.fr\/actualites\/#\/schema\/person\/image\/\",\"url\":\"https:\/\/secure.gravatar.com\/avatar\/4daa437093476dbc32da415c112b6512?s=96&d=mm&r=g\",\"contentUrl\":\"https:\/\/secure.gravatar.com\/avatar\/4daa437093476dbc32da415c112b6512?s=96&d=mm&r=g\",\"caption\":\"Hilmar\"},\"description\":\"Hilmar est un passionn\u00e9 des r\u00e9gions polaires, sp\u00e9cialis\u00e9 dans la r\u00e9daction d'articles sur le Spitzberg et autres destinations arctiques. Il apporte son expertise et sa passion pour l'Arctique au sein de l'\u00e9quipe de r\u00e9daction de Svalbard depuis de nombreuses ann\u00e9es.\",\"sameAs\":[\"https:\/\/www.svalbard.fr\/\"]}]}<\/script>\n<!-- \/ Yoast SEO plugin. -->","yoast_head_json":{"title":"Podcast 76\u00a0:\u00a0La culture sami dans le nord de la Norv\u00e8ge","robots":{"index":"index","follow":"follow","max-snippet":"max-snippet:-1","max-image-preview":"max-image-preview:large","max-video-preview":"max-video-preview:-1"},"canonical":"https:\/\/www.svalbard.fr\/actualites\/podcast-76-la-culture-sami-dans-le-nord-de-la-norvege\/","og_locale":"fr_FR","og_type":"article","og_title":"Podcast 76\u00a0:\u00a0La culture sami dans le nord de la Norv\u00e8ge","og_description":"Life in Norwegian Show #76\u00a0: Du Parlement sami et des efforts visant \u00e0 maintenir les langues vivantes \u00e0 l&rsquo;importance de l&rsquo;artisanat et du chant, nous","og_url":"https:\/\/www.svalbard.fr\/actualites\/podcast-76-la-culture-sami-dans-le-nord-de-la-norvege\/","og_site_name":"www.Svalbard.fr","article_published_time":"2024-01-26T08:24:25+00:00","article_modified_time":"2024-01-26T08:24:28+00:00","og_image":[{"width":1860,"height":1046,"url":"https:\/\/www.svalbard.fr\/actualites\/wp-content\/uploads\/2024\/01\/1706257465_Podcast-76-La-culture-sami-dans-le-nord-de-la-Norvege.jpeg","type":"image\/jpeg"}],"author":"Hilmar","twitter_card":"summary_large_image","twitter_misc":{"\u00c9crit par":"Hilmar","Dur\u00e9e de lecture estim\u00e9e":"3 minutes"},"schema":{"@context":"https:\/\/schema.org","@graph":[{"@type":"Article","@id":"https:\/\/www.svalbard.fr\/actualites\/podcast-76-la-culture-sami-dans-le-nord-de-la-norvege\/#article","isPartOf":{"@id":"https:\/\/www.svalbard.fr\/actualites\/podcast-76-la-culture-sami-dans-le-nord-de-la-norvege\/"},"author":{"name":"Hilmar","@id":"https:\/\/www.svalbard.fr\/actualites\/#\/schema\/person\/a2f937d5712222366738fae98755c600"},"headline":"Podcast 76\u00a0:\u00a0La culture sami dans le nord de la Norv\u00e8ge","datePublished":"2024-01-26T08:24:25+00:00","dateModified":"2024-01-26T08:24:28+00:00","mainEntityOfPage":{"@id":"https:\/\/www.svalbard.fr\/actualites\/podcast-76-la-culture-sami-dans-le-nord-de-la-norvege\/"},"wordCount":517,"publisher":{"@id":"https:\/\/www.svalbard.fr\/actualites\/#organization"},"keywords":["76La","culture","dans","Nord","Norv\u00e8ge","Podcast","sami"],"articleSection":["Svalbard"],"inLanguage":"fr-FR"},{"@type":"WebPage","@id":"https:\/\/www.svalbard.fr\/actualites\/podcast-76-la-culture-sami-dans-le-nord-de-la-norvege\/","url":"https:\/\/www.svalbard.fr\/actualites\/podcast-76-la-culture-sami-dans-le-nord-de-la-norvege\/","name":"Podcast 76\u00a0:\u00a0La culture sami dans le nord de la Norv\u00e8ge","isPartOf":{"@id":"https:\/\/www.svalbard.fr\/actualites\/#website"},"datePublished":"2024-01-26T08:24:25+00:00","dateModified":"2024-01-26T08:24:28+00:00","breadcrumb":{"@id":"https:\/\/www.svalbard.fr\/actualites\/podcast-76-la-culture-sami-dans-le-nord-de-la-norvege\/#breadcrumb"},"inLanguage":"fr-FR","potentialAction":[{"@type":"ReadAction","target":["https:\/\/www.svalbard.fr\/actualites\/podcast-76-la-culture-sami-dans-le-nord-de-la-norvege\/"]}]},{"@type":"BreadcrumbList","@id":"https:\/\/www.svalbard.fr\/actualites\/podcast-76-la-culture-sami-dans-le-nord-de-la-norvege\/#breadcrumb","itemListElement":[{"@type":"ListItem","position":1,"name":"Accueil","item":"https:\/\/www.svalbard.fr\/actualites\/"},{"@type":"ListItem","position":2,"name":"Podcast 76\u00a0:\u00a0La culture sami dans le nord de la Norv\u00e8ge"}]},{"@type":"WebSite","@id":"https:\/\/www.svalbard.fr\/actualites\/#website","url":"https:\/\/www.svalbard.fr\/actualites\/","name":"www.Svalbard.fr","description":"","publisher":{"@id":"https:\/\/www.svalbard.fr\/actualites\/#organization"},"potentialAction":[{"@type":"SearchAction","target":{"@type":"EntryPoint","urlTemplate":"https:\/\/www.svalbard.fr\/actualites\/?s={search_term_string}"},"query-input":"required name=search_term_string"}],"inLanguage":"fr-FR"},{"@type":"Organization","@id":"https:\/\/www.svalbard.fr\/actualites\/#organization","name":"www.Svalbard.fr","url":"https:\/\/www.svalbard.fr\/actualites\/","logo":{"@type":"ImageObject","inLanguage":"fr-FR","@id":"https:\/\/www.svalbard.fr\/actualites\/#\/schema\/logo\/image\/","url":"https:\/\/www.svalbard.fr\/actualites\/wp-content\/uploads\/2023\/09\/head-nom.jpg","contentUrl":"https:\/\/www.svalbard.fr\/actualites\/wp-content\/uploads\/2023\/09\/head-nom.jpg","width":264,"height":35,"caption":"www.Svalbard.fr"},"image":{"@id":"https:\/\/www.svalbard.fr\/actualites\/#\/schema\/logo\/image\/"}},{"@type":"Person","@id":"https:\/\/www.svalbard.fr\/actualites\/#\/schema\/person\/a2f937d5712222366738fae98755c600","name":"Hilmar","image":{"@type":"ImageObject","inLanguage":"fr-FR","@id":"https:\/\/www.svalbard.fr\/actualites\/#\/schema\/person\/image\/","url":"https:\/\/secure.gravatar.com\/avatar\/4daa437093476dbc32da415c112b6512?s=96&d=mm&r=g","contentUrl":"https:\/\/secure.gravatar.com\/avatar\/4daa437093476dbc32da415c112b6512?s=96&d=mm&r=g","caption":"Hilmar"},"description":"Hilmar est un passionn\u00e9 des r\u00e9gions polaires, sp\u00e9cialis\u00e9 dans la r\u00e9daction d'articles sur le Spitzberg et autres destinations arctiques. Il apporte son expertise et sa passion pour l'Arctique au sein de l'\u00e9quipe de r\u00e9daction de Svalbard depuis de nombreuses ann\u00e9es.","sameAs":["https:\/\/www.svalbard.fr\/"]}]}},"_links":{"self":[{"href":"https:\/\/www.svalbard.fr\/actualites\/wp-json\/wp\/v2\/posts\/559"}],"collection":[{"href":"https:\/\/www.svalbard.fr\/actualites\/wp-json\/wp\/v2\/posts"}],"about":[{"href":"https:\/\/www.svalbard.fr\/actualites\/wp-json\/wp\/v2\/types\/post"}],"author":[{"embeddable":true,"href":"https:\/\/www.svalbard.fr\/actualites\/wp-json\/wp\/v2\/users\/1"}],"replies":[{"embeddable":true,"href":"https:\/\/www.svalbard.fr\/actualites\/wp-json\/wp\/v2\/comments?post=559"}],"version-history":[{"count":1,"href":"https:\/\/www.svalbard.fr\/actualites\/wp-json\/wp\/v2\/posts\/559\/revisions"}],"predecessor-version":[{"id":561,"href":"https:\/\/www.svalbard.fr\/actualites\/wp-json\/wp\/v2\/posts\/559\/revisions\/561"}],"wp:featuredmedia":[{"embeddable":true,"href":"https:\/\/www.svalbard.fr\/actualites\/wp-json\/wp\/v2\/media\/560"}],"wp:attachment":[{"href":"https:\/\/www.svalbard.fr\/actualites\/wp-json\/wp\/v2\/media?parent=559"}],"wp:term":[{"taxonomy":"category","embeddable":true,"href":"https:\/\/www.svalbard.fr\/actualites\/wp-json\/wp\/v2\/categories?post=559"},{"taxonomy":"post_tag","embeddable":true,"href":"https:\/\/www.svalbard.fr\/actualites\/wp-json\/wp\/v2\/tags?post=559"}],"curies":[{"name":"wp","href":"https:\/\/api.w.org\/{rel}","templated":true}]}}