{"id":589,"date":"2024-02-03T00:26:56","date_gmt":"2024-02-02T23:26:56","guid":{"rendered":"https:\/\/www.svalbard.fr\/actualites\/critique-de-livre-les-nombres-impairs-danne-holt\/"},"modified":"2024-02-03T00:27:00","modified_gmt":"2024-02-02T23:27:00","slug":"critique-de-livre-les-nombres-impairs-danne-holt","status":"publish","type":"post","link":"https:\/\/www.svalbard.fr\/actualites\/critique-de-livre-les-nombres-impairs-danne-holt\/","title":{"rendered":"Critique de livre : Les nombres impairs d&rsquo;Anne Holt"},"content":{"rendered":"<div itemprop=\"text\">\n<span id=\"dpsp-post-content-markup\" data-image-pin-it=\"false\"><\/span><\/p>\n<p class=\"intro\">L&rsquo;un des principaux auteurs policiers norv\u00e9giens s&rsquo;attaque \u00e0 l&rsquo;islamophobie et \u00e0 la radicalisation dans son neuvi\u00e8me roman policier de Hanne Wilhelmsen.<\/p>\n<p>Dans le paysage du noir nordique, Anne Holt se distingue par son exp\u00e9rience mais aussi par ses comp\u00e9tences narratives, cr\u00e9ant des histoires qui sondent de mani\u00e8re r\u00e9fl\u00e9chie le tissu social.  Son roman \u00ab Odd Numbers \u00bb, \u00e9galement publi\u00e9 sous le titre \u00ab Offline \u00bb, ne fait pas exception.<\/p>\n<figure class=\"wp-block-image size-large\"><noscript><img fetchpriority=\"high\" decoding=\"async\" width=\"768\" height=\"433\" src=\"https:\/\/www.svalbard.fr\/actualites\/wp-content\/uploads\/2024\/02\/Critique-de-livre-Les-nombres-impairs-dAnne-Holt.jpeg\" alt=\"Paysage urbain d'Oslo, Norv\u00e8ge.\" class=\"wp-image-78316\"  ><\/noscript><\/figure>\n<p>Ce livre, qui fait partie de la c\u00e9l\u00e8bre s\u00e9rie Hanne Wilhelmsen de Holt, explore les complexit\u00e9s du crime, la nature humaine et les fronti\u00e8res souvent floues entre justice et moralit\u00e9.<\/p>\n<p>Il m\u2019a fallu du temps pour me lancer dans la vague du polar scandinave.  C&rsquo;est le myst\u00e8re de la pi\u00e8ce verrouill\u00e9e 1222 d&rsquo;Anne Holt qui m&rsquo;a finalement amen\u00e9 \u00e0 lire le genre.<\/p>\n<p>Sorti en anglais en 2017, deux ans apr\u00e8s l&rsquo;original norv\u00e9gien, <strong>Nombres impairs<\/strong> est le neuvi\u00e8me et avant-dernier livre de la s\u00e9rie d&rsquo;Anne Holt sur la d\u00e9tective fictive Hanne Wilhelmsen.<\/p>\n<p>La s\u00e9rie a eu un impact consid\u00e9rable.  L&rsquo;\u00e9minent \u00e9crivain policier \u00e9cossais Val McDermid a d\u00e9clar\u00e9 qu&rsquo;\u00ab\u00a0Anne Holt est la derni\u00e8re \u00e9crivaine polici\u00e8re \u00e0 r\u00e9v\u00e9ler \u00e0 quel point la Scandinavie est vraiment sombre.\u00a0\u00bb<\/p>\n<p class=\"has-base-background-color has-background\"><strong>Int\u00e9ress\u00e9?<\/strong> V\u00e9rifiez le prix et commandez le livre maintenant sur <strong>Amazone<\/strong> (lien affili\u00e9)<\/p>\n<p>Le livre est sorti comme <strong>Hors ligne<\/strong> en Norv\u00e8ge et, de mani\u00e8re confuse, le nom a \u00e9galement \u00e9t\u00e9 utilis\u00e9 sur certains autres march\u00e9s de langue anglaise.  Il a \u00e9t\u00e9 traduit du norv\u00e9gien vers l&rsquo;anglais par Anne Bruce.<\/p>\n<h2 class=\"wp-block-heading\">Un compte \u00e0 rebours tendu<\/h2>\n<p>L&rsquo;histoire se d\u00e9roule \u00e0 Oslo, o\u00f9 une bombe explose dans un b\u00e2timent du Conseil de coop\u00e9ration islamique, provoquant une panique g\u00e9n\u00e9ralis\u00e9e.<\/p>\n<figure class=\"wp-block-image size-full\"><img loading=\"lazy\" data-lazyloaded=\"1\" data-placeholder-resp=\"700x1083\" decoding=\"async\" width=\"700\" height=\"1083\" src=\"https:\/\/www.svalbard.fr\/actualites\/wp-content\/uploads\/2024\/02\/Critique-de-livre-Les-nombres-impairs-dAnne-Holt.jpg\" alt=\"Couverture du livre hors ligne d'Anne Holt\" class=\"wp-image-27322\"  data-><noscript><img loading=\"lazy\" decoding=\"async\" width=\"700\" height=\"1083\" src=\"https:\/\/www.svalbard.fr\/actualites\/wp-content\/uploads\/2024\/02\/Critique-de-livre-Les-nombres-impairs-dAnne-Holt.jpg\" alt=\"Couverture du livre hors ligne d'Anne Holt\" class=\"wp-image-27322\"  ><\/noscript><\/figure>\n<p>Le r\u00e9cit suit la d\u00e9tective de police \u00e0 la retraite Hanne Wilhelmsen alors qu&rsquo;elle est ramen\u00e9e dans le monde des enqu\u00eates criminelles.<\/p>\n<p>Holt \u00e9labore magistralement une intrigue qui est \u00e0 la fois une course contre la montre et une plong\u00e9e profonde dans les motivations et les peurs qui animent chaque personnage.  La tension est palpable \u00e0 mesure que le r\u00e9cit se d\u00e9roule, avec la menace imminente d\u2019une nouvelle attaque terroriste.<\/p>\n<h2 class=\"wp-block-heading\">D\u00e9veloppement de personnage<\/h2>\n<p>L&rsquo;une des forces de Holt est le d\u00e9veloppement de son personnage, particuli\u00e8rement \u00e9vident chez la protagoniste, Hanne Wilhelmsen.<\/p>\n<p>Hanne, d\u00e9tective \u00e0 la retraite et en fauteuil roulant, n&rsquo;est pas un h\u00e9ros de roman policier typique.  Elle est complexe, souvent maussade et porte le poids de ses exp\u00e9riences pass\u00e9es et de ses pertes personnelles.<\/p>\n<p>Son arc de personnage tout au long de la s\u00e9rie et dans ce livre est convaincant et ajoute de la profondeur au r\u00e9cit.  Holt n&rsquo;h\u00e9site pas \u00e0 explorer les vuln\u00e9rabilit\u00e9s de Hanne, ce qui en fait une protagoniste fiable et m\u00e9morable.<\/p>\n<h2 class=\"wp-block-heading\">Explorer la soci\u00e9t\u00e9 d\u2019Oslo aux multiples facettes<\/h2>\n<p>Comme beaucoup de romans policiers, ce livre est un miroir refl\u00e9tant des enjeux soci\u00e9taux.  Holt, avec sa formation en droit et en journalisme, apporte une perspective unique au r\u00e9cit.<\/p>\n<p>Le livre aborde des th\u00e8mes comme le terrorisme, l&rsquo;islamophobie et la peur de \u00ab l&rsquo;autre \u00bb qui impr\u00e8gne les soci\u00e9t\u00e9s modernes.<\/p>\n<p>Le traitement de ces th\u00e8mes par Holt est nuanc\u00e9, \u00e9vitant les clich\u00e9s et offrant une vision \u00e9quilibr\u00e9e qui incite le lecteur \u00e0 r\u00e9fl\u00e9chir de mani\u00e8re critique \u00e0 ces questions complexes.<\/p>\n<p>Oslo, tel que d\u00e9crit dans le livre, est un personnage \u00e0 part enti\u00e8re.  Les prouesses descriptives de Holt donnent vie \u00e0 la ville, de ses rues anim\u00e9es \u00e0 l&rsquo;atmosph\u00e8re calme et tendue qui a suivi le bombardement.<\/p>\n<p>Le d\u00e9cor ajoute \u00e0 l&rsquo;ambiance du roman, le paysage froid et souvent sombre de la ville refl\u00e9tant les th\u00e8mes sombres explor\u00e9s dans l&rsquo;histoire.<\/p>\n<p>Le style d&rsquo;\u00e9criture de Holt est engageant, avec un \u00e9quilibre entre action rapide et exposition r\u00e9fl\u00e9chie.  Les dialogues sont vifs et le flux narratif est fluide, ce qui fait du livre une page qui tourne.  Pourtant, Holt ne fait pas de compromis sur la profondeur au profit du rythme.<\/p>\n<h2 class=\"wp-block-heading\">Ce que d&rsquo;autres ont dit<\/h2>\n<p>\u00ab Avec Odd Numbers, Anne Holt a \u00e9crit un roman fascinant et complexe sur la vie en Norv\u00e8ge dans des circonstances horribles et \u00e9puisantes.  Holt fait un excellent travail en expliquant ce que les personnages norv\u00e9giens pensent des musulmans vivant en Norv\u00e8ge \u2013 certains sont racistes, d\u2019autres encouragent la diversit\u00e9 et beaucoup tracent des lignes moins claires.  \u2013 Blog des personnes myst\u00e9rieuses<\/p>\n<p class=\"has-base-background-color has-background\"><strong>Int\u00e9ress\u00e9?<\/strong> V\u00e9rifiez le prix et commandez le livre maintenant sur <strong>Amazone<\/strong> (lien affili\u00e9)<\/p>\n<p>\u00ab\u00a0Une proc\u00e9dure antiterroriste proph\u00e9tique dont la vanit\u00e9 centrale audacieuse est susceptible de devenir de plus en plus plausible et d\u00e9primante au fil des semaines\u00a0\u00bb \u2013 Kirkus<\/p>\n<p>\u00ab Dans Odd Numbers, Holt m\u00e9lange habilement terrorisme et probl\u00e8mes parentaux dans une intrigue compacte et captivante.  Holt illustre la soci\u00e9t\u00e9 multiculturelle d&rsquo;Oslo tout en montrant l&rsquo;humanit\u00e9 derri\u00e8re la haine qui peut conduire au terrorisme \u00bb \u2013 Daily Herald<\/p>\n<\/div>\n","protected":false},"excerpt":{"rendered":"<p>L&rsquo;un des principaux auteurs policiers norv\u00e9giens s&rsquo;attaque \u00e0 l&rsquo;islamophobie et \u00e0 la radicalisation dans son neuvi\u00e8me roman policier de Hanne Wilhelmsen. Dans le paysage du<\/p>\n","protected":false},"author":1,"featured_media":590,"comment_status":"closed","ping_status":"","sticky":false,"template":"","format":"standard","meta":{"footnotes":""},"categories":[1],"tags":[799,803,804,802,3,800,801],"yoast_head":"<!-- This site is optimized with the Yoast SEO plugin v21.0 - https:\/\/yoast.com\/wordpress\/plugins\/seo\/ -->\n<title>Critique de livre : Les nombres impairs d&#039;Anne Holt<\/title>\n<meta name=\"robots\" content=\"index, follow, max-snippet:-1, max-image-preview:large, max-video-preview:-1\" \/>\n<link rel=\"canonical\" href=\"https:\/\/www.svalbard.fr\/actualites\/critique-de-livre-les-nombres-impairs-danne-holt\/\" \/>\n<meta property=\"og:locale\" content=\"fr_FR\" \/>\n<meta property=\"og:type\" content=\"article\" \/>\n<meta property=\"og:title\" content=\"Critique de livre : Les nombres impairs d&#039;Anne Holt\" \/>\n<meta property=\"og:description\" content=\"L&rsquo;un des principaux auteurs policiers norv\u00e9giens s&rsquo;attaque \u00e0 l&rsquo;islamophobie et \u00e0 la radicalisation dans son neuvi\u00e8me roman policier de Hanne Wilhelmsen. Dans le paysage du\" \/>\n<meta property=\"og:url\" content=\"https:\/\/www.svalbard.fr\/actualites\/critique-de-livre-les-nombres-impairs-danne-holt\/\" \/>\n<meta property=\"og:site_name\" content=\"www.Svalbard.fr\" \/>\n<meta property=\"article:published_time\" content=\"2024-02-02T23:26:56+00:00\" \/>\n<meta property=\"article:modified_time\" content=\"2024-02-02T23:27:00+00:00\" \/>\n<meta property=\"og:image\" content=\"https:\/\/www.svalbard.fr\/actualites\/wp-content\/uploads\/2024\/02\/1706916417_Critique-de-livre-Les-nombres-impairs-dAnne-Holt.jpeg\" \/>\n\t<meta property=\"og:image:width\" content=\"1604\" \/>\n\t<meta property=\"og:image:height\" content=\"904\" \/>\n\t<meta property=\"og:image:type\" content=\"image\/jpeg\" \/>\n<meta name=\"author\" content=\"Hilmar\" \/>\n<meta name=\"twitter:card\" content=\"summary_large_image\" \/>\n<meta name=\"twitter:label1\" content=\"\u00c9crit par\" \/>\n\t<meta name=\"twitter:data1\" content=\"Hilmar\" \/>\n\t<meta name=\"twitter:label2\" content=\"Dur\u00e9e de lecture estim\u00e9e\" \/>\n\t<meta name=\"twitter:data2\" content=\"4 minutes\" \/>\n<script type=\"application\/ld+json\" class=\"yoast-schema-graph\">{\"@context\":\"https:\/\/schema.org\",\"@graph\":[{\"@type\":\"Article\",\"@id\":\"https:\/\/www.svalbard.fr\/actualites\/critique-de-livre-les-nombres-impairs-danne-holt\/#article\",\"isPartOf\":{\"@id\":\"https:\/\/www.svalbard.fr\/actualites\/critique-de-livre-les-nombres-impairs-danne-holt\/\"},\"author\":{\"name\":\"Hilmar\",\"@id\":\"https:\/\/www.svalbard.fr\/actualites\/#\/schema\/person\/a2f937d5712222366738fae98755c600\"},\"headline\":\"Critique de livre : Les nombres impairs d&rsquo;Anne Holt\",\"datePublished\":\"2024-02-02T23:26:56+00:00\",\"dateModified\":\"2024-02-02T23:27:00+00:00\",\"mainEntityOfPage\":{\"@id\":\"https:\/\/www.svalbard.fr\/actualites\/critique-de-livre-les-nombres-impairs-danne-holt\/\"},\"wordCount\":855,\"publisher\":{\"@id\":\"https:\/\/www.svalbard.fr\/actualites\/#organization\"},\"keywords\":[\"Critique\",\"dAnne\",\"Holt\",\"impairs\",\"Les\",\"livre\",\"nombres\"],\"articleSection\":[\"Svalbard\"],\"inLanguage\":\"fr-FR\"},{\"@type\":\"WebPage\",\"@id\":\"https:\/\/www.svalbard.fr\/actualites\/critique-de-livre-les-nombres-impairs-danne-holt\/\",\"url\":\"https:\/\/www.svalbard.fr\/actualites\/critique-de-livre-les-nombres-impairs-danne-holt\/\",\"name\":\"Critique de livre : Les nombres impairs d'Anne Holt\",\"isPartOf\":{\"@id\":\"https:\/\/www.svalbard.fr\/actualites\/#website\"},\"datePublished\":\"2024-02-02T23:26:56+00:00\",\"dateModified\":\"2024-02-02T23:27:00+00:00\",\"breadcrumb\":{\"@id\":\"https:\/\/www.svalbard.fr\/actualites\/critique-de-livre-les-nombres-impairs-danne-holt\/#breadcrumb\"},\"inLanguage\":\"fr-FR\",\"potentialAction\":[{\"@type\":\"ReadAction\",\"target\":[\"https:\/\/www.svalbard.fr\/actualites\/critique-de-livre-les-nombres-impairs-danne-holt\/\"]}]},{\"@type\":\"BreadcrumbList\",\"@id\":\"https:\/\/www.svalbard.fr\/actualites\/critique-de-livre-les-nombres-impairs-danne-holt\/#breadcrumb\",\"itemListElement\":[{\"@type\":\"ListItem\",\"position\":1,\"name\":\"Accueil\",\"item\":\"https:\/\/www.svalbard.fr\/actualites\/\"},{\"@type\":\"ListItem\",\"position\":2,\"name\":\"Critique de livre : Les nombres impairs d&rsquo;Anne Holt\"}]},{\"@type\":\"WebSite\",\"@id\":\"https:\/\/www.svalbard.fr\/actualites\/#website\",\"url\":\"https:\/\/www.svalbard.fr\/actualites\/\",\"name\":\"www.Svalbard.fr\",\"description\":\"\",\"publisher\":{\"@id\":\"https:\/\/www.svalbard.fr\/actualites\/#organization\"},\"potentialAction\":[{\"@type\":\"SearchAction\",\"target\":{\"@type\":\"EntryPoint\",\"urlTemplate\":\"https:\/\/www.svalbard.fr\/actualites\/?s={search_term_string}\"},\"query-input\":\"required name=search_term_string\"}],\"inLanguage\":\"fr-FR\"},{\"@type\":\"Organization\",\"@id\":\"https:\/\/www.svalbard.fr\/actualites\/#organization\",\"name\":\"www.Svalbard.fr\",\"url\":\"https:\/\/www.svalbard.fr\/actualites\/\",\"logo\":{\"@type\":\"ImageObject\",\"inLanguage\":\"fr-FR\",\"@id\":\"https:\/\/www.svalbard.fr\/actualites\/#\/schema\/logo\/image\/\",\"url\":\"https:\/\/www.svalbard.fr\/actualites\/wp-content\/uploads\/2023\/09\/head-nom.jpg\",\"contentUrl\":\"https:\/\/www.svalbard.fr\/actualites\/wp-content\/uploads\/2023\/09\/head-nom.jpg\",\"width\":264,\"height\":35,\"caption\":\"www.Svalbard.fr\"},\"image\":{\"@id\":\"https:\/\/www.svalbard.fr\/actualites\/#\/schema\/logo\/image\/\"}},{\"@type\":\"Person\",\"@id\":\"https:\/\/www.svalbard.fr\/actualites\/#\/schema\/person\/a2f937d5712222366738fae98755c600\",\"name\":\"Hilmar\",\"image\":{\"@type\":\"ImageObject\",\"inLanguage\":\"fr-FR\",\"@id\":\"https:\/\/www.svalbard.fr\/actualites\/#\/schema\/person\/image\/\",\"url\":\"https:\/\/secure.gravatar.com\/avatar\/4daa437093476dbc32da415c112b6512?s=96&d=mm&r=g\",\"contentUrl\":\"https:\/\/secure.gravatar.com\/avatar\/4daa437093476dbc32da415c112b6512?s=96&d=mm&r=g\",\"caption\":\"Hilmar\"},\"description\":\"Hilmar est un passionn\u00e9 des r\u00e9gions polaires, sp\u00e9cialis\u00e9 dans la r\u00e9daction d'articles sur le Spitzberg et autres destinations arctiques. Il apporte son expertise et sa passion pour l'Arctique au sein de l'\u00e9quipe de r\u00e9daction de Svalbard depuis de nombreuses ann\u00e9es.\",\"sameAs\":[\"https:\/\/www.svalbard.fr\/\"]}]}<\/script>\n<!-- \/ Yoast SEO plugin. -->","yoast_head_json":{"title":"Critique de livre : Les nombres impairs d'Anne Holt","robots":{"index":"index","follow":"follow","max-snippet":"max-snippet:-1","max-image-preview":"max-image-preview:large","max-video-preview":"max-video-preview:-1"},"canonical":"https:\/\/www.svalbard.fr\/actualites\/critique-de-livre-les-nombres-impairs-danne-holt\/","og_locale":"fr_FR","og_type":"article","og_title":"Critique de livre : Les nombres impairs d'Anne Holt","og_description":"L&rsquo;un des principaux auteurs policiers norv\u00e9giens s&rsquo;attaque \u00e0 l&rsquo;islamophobie et \u00e0 la radicalisation dans son neuvi\u00e8me roman policier de Hanne Wilhelmsen. Dans le paysage du","og_url":"https:\/\/www.svalbard.fr\/actualites\/critique-de-livre-les-nombres-impairs-danne-holt\/","og_site_name":"www.Svalbard.fr","article_published_time":"2024-02-02T23:26:56+00:00","article_modified_time":"2024-02-02T23:27:00+00:00","og_image":[{"width":1604,"height":904,"url":"https:\/\/www.svalbard.fr\/actualites\/wp-content\/uploads\/2024\/02\/1706916417_Critique-de-livre-Les-nombres-impairs-dAnne-Holt.jpeg","type":"image\/jpeg"}],"author":"Hilmar","twitter_card":"summary_large_image","twitter_misc":{"\u00c9crit par":"Hilmar","Dur\u00e9e de lecture estim\u00e9e":"4 minutes"},"schema":{"@context":"https:\/\/schema.org","@graph":[{"@type":"Article","@id":"https:\/\/www.svalbard.fr\/actualites\/critique-de-livre-les-nombres-impairs-danne-holt\/#article","isPartOf":{"@id":"https:\/\/www.svalbard.fr\/actualites\/critique-de-livre-les-nombres-impairs-danne-holt\/"},"author":{"name":"Hilmar","@id":"https:\/\/www.svalbard.fr\/actualites\/#\/schema\/person\/a2f937d5712222366738fae98755c600"},"headline":"Critique de livre : Les nombres impairs d&rsquo;Anne Holt","datePublished":"2024-02-02T23:26:56+00:00","dateModified":"2024-02-02T23:27:00+00:00","mainEntityOfPage":{"@id":"https:\/\/www.svalbard.fr\/actualites\/critique-de-livre-les-nombres-impairs-danne-holt\/"},"wordCount":855,"publisher":{"@id":"https:\/\/www.svalbard.fr\/actualites\/#organization"},"keywords":["Critique","dAnne","Holt","impairs","Les","livre","nombres"],"articleSection":["Svalbard"],"inLanguage":"fr-FR"},{"@type":"WebPage","@id":"https:\/\/www.svalbard.fr\/actualites\/critique-de-livre-les-nombres-impairs-danne-holt\/","url":"https:\/\/www.svalbard.fr\/actualites\/critique-de-livre-les-nombres-impairs-danne-holt\/","name":"Critique de livre : Les nombres impairs d'Anne Holt","isPartOf":{"@id":"https:\/\/www.svalbard.fr\/actualites\/#website"},"datePublished":"2024-02-02T23:26:56+00:00","dateModified":"2024-02-02T23:27:00+00:00","breadcrumb":{"@id":"https:\/\/www.svalbard.fr\/actualites\/critique-de-livre-les-nombres-impairs-danne-holt\/#breadcrumb"},"inLanguage":"fr-FR","potentialAction":[{"@type":"ReadAction","target":["https:\/\/www.svalbard.fr\/actualites\/critique-de-livre-les-nombres-impairs-danne-holt\/"]}]},{"@type":"BreadcrumbList","@id":"https:\/\/www.svalbard.fr\/actualites\/critique-de-livre-les-nombres-impairs-danne-holt\/#breadcrumb","itemListElement":[{"@type":"ListItem","position":1,"name":"Accueil","item":"https:\/\/www.svalbard.fr\/actualites\/"},{"@type":"ListItem","position":2,"name":"Critique de livre : Les nombres impairs d&rsquo;Anne Holt"}]},{"@type":"WebSite","@id":"https:\/\/www.svalbard.fr\/actualites\/#website","url":"https:\/\/www.svalbard.fr\/actualites\/","name":"www.Svalbard.fr","description":"","publisher":{"@id":"https:\/\/www.svalbard.fr\/actualites\/#organization"},"potentialAction":[{"@type":"SearchAction","target":{"@type":"EntryPoint","urlTemplate":"https:\/\/www.svalbard.fr\/actualites\/?s={search_term_string}"},"query-input":"required name=search_term_string"}],"inLanguage":"fr-FR"},{"@type":"Organization","@id":"https:\/\/www.svalbard.fr\/actualites\/#organization","name":"www.Svalbard.fr","url":"https:\/\/www.svalbard.fr\/actualites\/","logo":{"@type":"ImageObject","inLanguage":"fr-FR","@id":"https:\/\/www.svalbard.fr\/actualites\/#\/schema\/logo\/image\/","url":"https:\/\/www.svalbard.fr\/actualites\/wp-content\/uploads\/2023\/09\/head-nom.jpg","contentUrl":"https:\/\/www.svalbard.fr\/actualites\/wp-content\/uploads\/2023\/09\/head-nom.jpg","width":264,"height":35,"caption":"www.Svalbard.fr"},"image":{"@id":"https:\/\/www.svalbard.fr\/actualites\/#\/schema\/logo\/image\/"}},{"@type":"Person","@id":"https:\/\/www.svalbard.fr\/actualites\/#\/schema\/person\/a2f937d5712222366738fae98755c600","name":"Hilmar","image":{"@type":"ImageObject","inLanguage":"fr-FR","@id":"https:\/\/www.svalbard.fr\/actualites\/#\/schema\/person\/image\/","url":"https:\/\/secure.gravatar.com\/avatar\/4daa437093476dbc32da415c112b6512?s=96&d=mm&r=g","contentUrl":"https:\/\/secure.gravatar.com\/avatar\/4daa437093476dbc32da415c112b6512?s=96&d=mm&r=g","caption":"Hilmar"},"description":"Hilmar est un passionn\u00e9 des r\u00e9gions polaires, sp\u00e9cialis\u00e9 dans la r\u00e9daction d'articles sur le Spitzberg et autres destinations arctiques. Il apporte son expertise et sa passion pour l'Arctique au sein de l'\u00e9quipe de r\u00e9daction de Svalbard depuis de nombreuses ann\u00e9es.","sameAs":["https:\/\/www.svalbard.fr\/"]}]}},"_links":{"self":[{"href":"https:\/\/www.svalbard.fr\/actualites\/wp-json\/wp\/v2\/posts\/589"}],"collection":[{"href":"https:\/\/www.svalbard.fr\/actualites\/wp-json\/wp\/v2\/posts"}],"about":[{"href":"https:\/\/www.svalbard.fr\/actualites\/wp-json\/wp\/v2\/types\/post"}],"author":[{"embeddable":true,"href":"https:\/\/www.svalbard.fr\/actualites\/wp-json\/wp\/v2\/users\/1"}],"replies":[{"embeddable":true,"href":"https:\/\/www.svalbard.fr\/actualites\/wp-json\/wp\/v2\/comments?post=589"}],"version-history":[{"count":1,"href":"https:\/\/www.svalbard.fr\/actualites\/wp-json\/wp\/v2\/posts\/589\/revisions"}],"predecessor-version":[{"id":591,"href":"https:\/\/www.svalbard.fr\/actualites\/wp-json\/wp\/v2\/posts\/589\/revisions\/591"}],"wp:featuredmedia":[{"embeddable":true,"href":"https:\/\/www.svalbard.fr\/actualites\/wp-json\/wp\/v2\/media\/590"}],"wp:attachment":[{"href":"https:\/\/www.svalbard.fr\/actualites\/wp-json\/wp\/v2\/media?parent=589"}],"wp:term":[{"taxonomy":"category","embeddable":true,"href":"https:\/\/www.svalbard.fr\/actualites\/wp-json\/wp\/v2\/categories?post=589"},{"taxonomy":"post_tag","embeddable":true,"href":"https:\/\/www.svalbard.fr\/actualites\/wp-json\/wp\/v2\/tags?post=589"}],"curies":[{"name":"wp","href":"https:\/\/api.w.org\/{rel}","templated":true}]}}