{"id":607,"date":"2024-02-05T23:31:57","date_gmt":"2024-02-05T22:31:57","guid":{"rendered":"https:\/\/www.svalbard.fr\/actualites\/le-pays-le-plus-heureux-ou-travailler-au-monde-ou-les-employes-ont-le-meilleur-equilibre-entre-vie-professionnelle-et-vie-privee-2\/"},"modified":"2024-02-05T23:31:59","modified_gmt":"2024-02-05T22:31:59","slug":"le-pays-le-plus-heureux-ou-travailler-au-monde-ou-les-employes-ont-le-meilleur-equilibre-entre-vie-professionnelle-et-vie-privee-2","status":"publish","type":"post","link":"https:\/\/www.svalbard.fr\/actualites\/le-pays-le-plus-heureux-ou-travailler-au-monde-ou-les-employes-ont-le-meilleur-equilibre-entre-vie-professionnelle-et-vie-privee-2\/","title":{"rendered":"Le pays le plus \u00ab heureux \u00bb o\u00f9 travailler au monde, o\u00f9 les employ\u00e9s ont le meilleur \u00e9quilibre entre vie professionnelle et vie priv\u00e9e"},"content":{"rendered":"<div>\n<p>Ce pays a \u00e9t\u00e9 d\u00e9sign\u00e9 comme le meilleur endroit o\u00f9 vivre et travailler en termes d&rsquo;\u00e9quilibre entre vie professionnelle et vie priv\u00e9e, de vacances, d&rsquo;\u00e9galit\u00e9, de bonheur et de cong\u00e9 parental, selon une nouvelle \u00e9tude. <\/p>\n<p>Les experts en milieu de travail d&rsquo;Instant Offices ont compar\u00e9 les pays ayant le ratio PIB\/population le plus \u00e9lev\u00e9. <\/p>\n<p>Les trois premiers pays \u2013 la Norv\u00e8ge, l&rsquo;Australie et les Pays-Bas \u2013 jouissent d&rsquo;un niveau de vie \u00e9lev\u00e9, d&rsquo;une \u00e9conomie forte, d&rsquo;un excellent \u00e9quilibre entre vie professionnelle et vie priv\u00e9e, de syst\u00e8mes de s\u00e9curit\u00e9 sociale solides et de lieux de travail accueillants pour tous.<\/p>\n<p>La Norv\u00e8ge est clairement le grand gagnant en tant que meilleur pays o\u00f9 travailler en 2024, avec des r\u00e9sultats \u00e9lev\u00e9s dans presque tous les domaines.<\/p>\n<p>Depuis plusieurs ann\u00e9es, la Norv\u00e8ge est en t\u00eate de l&rsquo;indice de d\u00e9veloppement humain du PNUD, qui mesure des \u00e9l\u00e9ments tels que la dur\u00e9e de vie, le niveau de vie et les connaissances.  En 2021, son score \u00e9tait de 0,961.<\/p>\n<p><strong>LIRE LA SUITE\u00a0: Le magnifique train qui embrasse les fjords, les glaciers et les plus hauts plateaux montagneux<\/strong><\/p>\n<p><strong>Pour toutes les derni\u00e8res nouvelles sur l&rsquo;actualit\u00e9, la politique, le sport et le showbiz en provenance des \u00c9tats-Unis, rendez-vous sur Daily Express US<\/strong><\/p>\n<\/div>\n<div>\n<p>En Norv\u00e8ge, les gens travaillent neuf heures par jour et 40 heures par semaine.  S\u2019ils font des heures suppl\u00e9mentaires, ils re\u00e7oivent au moins 40 pour cent de salaire suppl\u00e9mentaire.  Ils b\u00e9n\u00e9ficient \u00e9galement de 25 jours de vacances par an.<\/p>\n<p>La Norv\u00e8ge offre l&rsquo;un des cong\u00e9s de maternit\u00e9 pay\u00e9s les plus longs au monde, soit 49 semaines.<\/p>\n<p>En Australie, le salaire minimum est l&rsquo;un des plus \u00e9lev\u00e9s, \u00e0 15 dollars (7,78 \u00a3) de l&rsquo;heure, tandis que les Pays-Bas battent tous les autres pays pour le meilleur \u00e9quilibre entre vie professionnelle et vie priv\u00e9e, avec une semaine de travail moyenne de seulement 32 heures.<\/p>\n<p>La Suisse, la Norv\u00e8ge et l\u2019Australie sont les pays o\u00f9 il fait bon vivre et travailler.  Les chercheurs pensent que cela s\u2019explique par le montant d\u2019argent qu\u2019ils gagnent par personne, le soutien social, la dur\u00e9e de vie en bonne sant\u00e9 et la libert\u00e9 de faire des choix de vie.<\/p>\n<p><strong>NE MANQUEZ PAS\u00a0: <\/strong><br \/><strong>Joli petit village europ\u00e9en o\u00f9 chaque b\u00e2timent est tout droit sorti d&rsquo;un conte de f\u00e9es (INSIGHT)<\/strong><br \/><strong>Joli petit bourg \u00e9clips\u00e9 par une ville c\u00e9l\u00e8bre \u00e0 seulement 16 km (COMMENTAIRE)<\/strong><br \/><strong>Belle ville baln\u00e9aire \u00e0 30\u00b0C en f\u00e9vrier avec les \u00ab habitants les plus sympathiques \u00bb (ANALYSE)<\/strong><\/p>\n<\/div>\n<div>\n<p>L\u2019ann\u00e9e derni\u00e8re, un quart des travailleurs dans 15 pays se sont sentis \u00e9puis\u00e9s.<\/p>\n<p>Si vous ressentez la m\u00eame chose, d\u00e9m\u00e9nager en Australie, aux Pays-Bas ou en Norv\u00e8ge pourrait vous offrir un meilleur \u00e9quilibre entre vie professionnelle et vie priv\u00e9e.<\/p>\n<p>Ces pays offrent chacun 20 jours de cong\u00e9s pay\u00e9s par an, et la Norv\u00e8ge poss\u00e8de le cong\u00e9 de maternit\u00e9 le plus g\u00e9n\u00e9reux.<\/p>\n<p>Compar\u00e9s \u00e0 la Turquie, \u00e0 l\u2019Argentine et au Mexique, o\u00f9 les gens travaillent en moyenne 45 heures par semaine, ceux d\u2019Australie, des Pays-Bas et de la Norv\u00e8ge travaillent moins de 35 heures.<\/p>\n<p><strong>Suivez nos comptes de r\u00e9seaux sociaux ici sur facebook.com\/ExpressUSNews <wbr\/>et <a rel=\"nofollow noopener\" data-link-tracking=\"InArticle|Link\" href=\"https:\/\/twitter.com\/ExpressUSNews\" target=\"_blank\">@expressusnews<\/a><\/strong><\/p>\n<\/div>\n<p><script async src=\"https:\/\/platform.twitter.com\/widgets.js\" charset=\"utf-8\"><\/script><\/p>\n","protected":false},"excerpt":{"rendered":"<p>Ce pays a \u00e9t\u00e9 d\u00e9sign\u00e9 comme le meilleur endroit o\u00f9 vivre et travailler en termes d&rsquo;\u00e9quilibre entre vie professionnelle et vie priv\u00e9e, de vacances, d&rsquo;\u00e9galit\u00e9,<\/p>\n","protected":false},"author":1,"featured_media":608,"comment_status":"closed","ping_status":"","sticky":false,"template":"","format":"standard","meta":{"footnotes":""},"categories":[1],"tags":[811,201,812,618,3,305,307,122,129,287,814,813,810,177],"yoast_head":"<!-- This site is optimized with the Yoast SEO plugin v21.0 - https:\/\/yoast.com\/wordpress\/plugins\/seo\/ -->\n<title>Le pays le plus \u00ab heureux \u00bb o\u00f9 travailler au monde, o\u00f9 les employ\u00e9s ont le meilleur \u00e9quilibre entre vie professionnelle et vie priv\u00e9e<\/title>\n<meta name=\"robots\" content=\"index, follow, max-snippet:-1, max-image-preview:large, max-video-preview:-1\" \/>\n<link rel=\"canonical\" href=\"https:\/\/www.svalbard.fr\/actualites\/le-pays-le-plus-heureux-ou-travailler-au-monde-ou-les-employes-ont-le-meilleur-equilibre-entre-vie-professionnelle-et-vie-privee-2\/\" \/>\n<meta property=\"og:locale\" content=\"fr_FR\" \/>\n<meta property=\"og:type\" content=\"article\" \/>\n<meta property=\"og:title\" content=\"Le pays le plus \u00ab heureux \u00bb o\u00f9 travailler au monde, o\u00f9 les employ\u00e9s ont le meilleur \u00e9quilibre entre vie professionnelle et vie priv\u00e9e\" \/>\n<meta property=\"og:description\" content=\"Ce pays a \u00e9t\u00e9 d\u00e9sign\u00e9 comme le meilleur endroit o\u00f9 vivre et travailler en termes d&rsquo;\u00e9quilibre entre vie professionnelle et vie priv\u00e9e, de vacances, d&rsquo;\u00e9galit\u00e9,\" \/>\n<meta property=\"og:url\" content=\"https:\/\/www.svalbard.fr\/actualites\/le-pays-le-plus-heureux-ou-travailler-au-monde-ou-les-employes-ont-le-meilleur-equilibre-entre-vie-professionnelle-et-vie-privee-2\/\" \/>\n<meta property=\"og:site_name\" content=\"www.Svalbard.fr\" \/>\n<meta property=\"article:published_time\" content=\"2024-02-05T22:31:57+00:00\" \/>\n<meta property=\"article:modified_time\" content=\"2024-02-05T22:31:59+00:00\" \/>\n<meta property=\"og:image\" content=\"https:\/\/www.svalbard.fr\/actualites\/wp-content\/uploads\/2024\/02\/1707172317_Le-pays-le-plus-heureux-ou-travailler-au.jpg\" \/>\n\t<meta property=\"og:image:width\" content=\"1200\" \/>\n\t<meta property=\"og:image:height\" content=\"712\" \/>\n\t<meta property=\"og:image:type\" content=\"image\/jpeg\" \/>\n<meta name=\"author\" content=\"Hilmar\" \/>\n<meta name=\"twitter:card\" content=\"summary_large_image\" \/>\n<meta name=\"twitter:label1\" content=\"\u00c9crit par\" \/>\n\t<meta name=\"twitter:data1\" content=\"Hilmar\" \/>\n\t<meta name=\"twitter:label2\" content=\"Dur\u00e9e de lecture estim\u00e9e\" \/>\n\t<meta name=\"twitter:data2\" content=\"3 minutes\" \/>\n<script type=\"application\/ld+json\" class=\"yoast-schema-graph\">{\"@context\":\"https:\/\/schema.org\",\"@graph\":[{\"@type\":\"Article\",\"@id\":\"https:\/\/www.svalbard.fr\/actualites\/le-pays-le-plus-heureux-ou-travailler-au-monde-ou-les-employes-ont-le-meilleur-equilibre-entre-vie-professionnelle-et-vie-privee-2\/#article\",\"isPartOf\":{\"@id\":\"https:\/\/www.svalbard.fr\/actualites\/le-pays-le-plus-heureux-ou-travailler-au-monde-ou-les-employes-ont-le-meilleur-equilibre-entre-vie-professionnelle-et-vie-privee-2\/\"},\"author\":{\"name\":\"Hilmar\",\"@id\":\"https:\/\/www.svalbard.fr\/actualites\/#\/schema\/person\/a2f937d5712222366738fae98755c600\"},\"headline\":\"Le pays le plus \u00ab heureux \u00bb o\u00f9 travailler au monde, o\u00f9 les employ\u00e9s ont le meilleur \u00e9quilibre entre vie professionnelle et vie priv\u00e9e\",\"datePublished\":\"2024-02-05T22:31:57+00:00\",\"dateModified\":\"2024-02-05T22:31:59+00:00\",\"mainEntityOfPage\":{\"@id\":\"https:\/\/www.svalbard.fr\/actualites\/le-pays-le-plus-heureux-ou-travailler-au-monde-ou-les-employes-ont-le-meilleur-equilibre-entre-vie-professionnelle-et-vie-privee-2\/\"},\"wordCount\":571,\"publisher\":{\"@id\":\"https:\/\/www.svalbard.fr\/actualites\/#organization\"},\"keywords\":[\"employ\u00e9s\",\"entre\",\"\u00e9quilibre\",\"heureux\",\"Les\",\"meilleur\",\"monde\",\"ont\",\"O\u00f9\",\"pays\",\"priv\u00e9e\",\"professionnelle\",\"travailler\",\"vie\"],\"articleSection\":[\"Svalbard\"],\"inLanguage\":\"fr-FR\"},{\"@type\":\"WebPage\",\"@id\":\"https:\/\/www.svalbard.fr\/actualites\/le-pays-le-plus-heureux-ou-travailler-au-monde-ou-les-employes-ont-le-meilleur-equilibre-entre-vie-professionnelle-et-vie-privee-2\/\",\"url\":\"https:\/\/www.svalbard.fr\/actualites\/le-pays-le-plus-heureux-ou-travailler-au-monde-ou-les-employes-ont-le-meilleur-equilibre-entre-vie-professionnelle-et-vie-privee-2\/\",\"name\":\"Le pays le plus \u00ab heureux \u00bb o\u00f9 travailler au monde, o\u00f9 les employ\u00e9s ont le meilleur \u00e9quilibre entre vie professionnelle et vie priv\u00e9e\",\"isPartOf\":{\"@id\":\"https:\/\/www.svalbard.fr\/actualites\/#website\"},\"datePublished\":\"2024-02-05T22:31:57+00:00\",\"dateModified\":\"2024-02-05T22:31:59+00:00\",\"breadcrumb\":{\"@id\":\"https:\/\/www.svalbard.fr\/actualites\/le-pays-le-plus-heureux-ou-travailler-au-monde-ou-les-employes-ont-le-meilleur-equilibre-entre-vie-professionnelle-et-vie-privee-2\/#breadcrumb\"},\"inLanguage\":\"fr-FR\",\"potentialAction\":[{\"@type\":\"ReadAction\",\"target\":[\"https:\/\/www.svalbard.fr\/actualites\/le-pays-le-plus-heureux-ou-travailler-au-monde-ou-les-employes-ont-le-meilleur-equilibre-entre-vie-professionnelle-et-vie-privee-2\/\"]}]},{\"@type\":\"BreadcrumbList\",\"@id\":\"https:\/\/www.svalbard.fr\/actualites\/le-pays-le-plus-heureux-ou-travailler-au-monde-ou-les-employes-ont-le-meilleur-equilibre-entre-vie-professionnelle-et-vie-privee-2\/#breadcrumb\",\"itemListElement\":[{\"@type\":\"ListItem\",\"position\":1,\"name\":\"Accueil\",\"item\":\"https:\/\/www.svalbard.fr\/actualites\/\"},{\"@type\":\"ListItem\",\"position\":2,\"name\":\"Le pays le plus \u00ab heureux \u00bb o\u00f9 travailler au monde, o\u00f9 les employ\u00e9s ont le meilleur \u00e9quilibre entre vie professionnelle et vie priv\u00e9e\"}]},{\"@type\":\"WebSite\",\"@id\":\"https:\/\/www.svalbard.fr\/actualites\/#website\",\"url\":\"https:\/\/www.svalbard.fr\/actualites\/\",\"name\":\"www.Svalbard.fr\",\"description\":\"\",\"publisher\":{\"@id\":\"https:\/\/www.svalbard.fr\/actualites\/#organization\"},\"potentialAction\":[{\"@type\":\"SearchAction\",\"target\":{\"@type\":\"EntryPoint\",\"urlTemplate\":\"https:\/\/www.svalbard.fr\/actualites\/?s={search_term_string}\"},\"query-input\":\"required name=search_term_string\"}],\"inLanguage\":\"fr-FR\"},{\"@type\":\"Organization\",\"@id\":\"https:\/\/www.svalbard.fr\/actualites\/#organization\",\"name\":\"www.Svalbard.fr\",\"url\":\"https:\/\/www.svalbard.fr\/actualites\/\",\"logo\":{\"@type\":\"ImageObject\",\"inLanguage\":\"fr-FR\",\"@id\":\"https:\/\/www.svalbard.fr\/actualites\/#\/schema\/logo\/image\/\",\"url\":\"https:\/\/www.svalbard.fr\/actualites\/wp-content\/uploads\/2023\/09\/head-nom.jpg\",\"contentUrl\":\"https:\/\/www.svalbard.fr\/actualites\/wp-content\/uploads\/2023\/09\/head-nom.jpg\",\"width\":264,\"height\":35,\"caption\":\"www.Svalbard.fr\"},\"image\":{\"@id\":\"https:\/\/www.svalbard.fr\/actualites\/#\/schema\/logo\/image\/\"}},{\"@type\":\"Person\",\"@id\":\"https:\/\/www.svalbard.fr\/actualites\/#\/schema\/person\/a2f937d5712222366738fae98755c600\",\"name\":\"Hilmar\",\"image\":{\"@type\":\"ImageObject\",\"inLanguage\":\"fr-FR\",\"@id\":\"https:\/\/www.svalbard.fr\/actualites\/#\/schema\/person\/image\/\",\"url\":\"https:\/\/secure.gravatar.com\/avatar\/4daa437093476dbc32da415c112b6512?s=96&d=mm&r=g\",\"contentUrl\":\"https:\/\/secure.gravatar.com\/avatar\/4daa437093476dbc32da415c112b6512?s=96&d=mm&r=g\",\"caption\":\"Hilmar\"},\"description\":\"Hilmar est un passionn\u00e9 des r\u00e9gions polaires, sp\u00e9cialis\u00e9 dans la r\u00e9daction d'articles sur le Spitzberg et autres destinations arctiques. Il apporte son expertise et sa passion pour l'Arctique au sein de l'\u00e9quipe de r\u00e9daction de Svalbard depuis de nombreuses ann\u00e9es.\",\"sameAs\":[\"https:\/\/www.svalbard.fr\/\"]}]}<\/script>\n<!-- \/ Yoast SEO plugin. -->","yoast_head_json":{"title":"Le pays le plus \u00ab heureux \u00bb o\u00f9 travailler au monde, o\u00f9 les employ\u00e9s ont le meilleur \u00e9quilibre entre vie professionnelle et vie priv\u00e9e","robots":{"index":"index","follow":"follow","max-snippet":"max-snippet:-1","max-image-preview":"max-image-preview:large","max-video-preview":"max-video-preview:-1"},"canonical":"https:\/\/www.svalbard.fr\/actualites\/le-pays-le-plus-heureux-ou-travailler-au-monde-ou-les-employes-ont-le-meilleur-equilibre-entre-vie-professionnelle-et-vie-privee-2\/","og_locale":"fr_FR","og_type":"article","og_title":"Le pays le plus \u00ab heureux \u00bb o\u00f9 travailler au monde, o\u00f9 les employ\u00e9s ont le meilleur \u00e9quilibre entre vie professionnelle et vie priv\u00e9e","og_description":"Ce pays a \u00e9t\u00e9 d\u00e9sign\u00e9 comme le meilleur endroit o\u00f9 vivre et travailler en termes d&rsquo;\u00e9quilibre entre vie professionnelle et vie priv\u00e9e, de vacances, d&rsquo;\u00e9galit\u00e9,","og_url":"https:\/\/www.svalbard.fr\/actualites\/le-pays-le-plus-heureux-ou-travailler-au-monde-ou-les-employes-ont-le-meilleur-equilibre-entre-vie-professionnelle-et-vie-privee-2\/","og_site_name":"www.Svalbard.fr","article_published_time":"2024-02-05T22:31:57+00:00","article_modified_time":"2024-02-05T22:31:59+00:00","og_image":[{"width":1200,"height":712,"url":"https:\/\/www.svalbard.fr\/actualites\/wp-content\/uploads\/2024\/02\/1707172317_Le-pays-le-plus-heureux-ou-travailler-au.jpg","type":"image\/jpeg"}],"author":"Hilmar","twitter_card":"summary_large_image","twitter_misc":{"\u00c9crit par":"Hilmar","Dur\u00e9e de lecture estim\u00e9e":"3 minutes"},"schema":{"@context":"https:\/\/schema.org","@graph":[{"@type":"Article","@id":"https:\/\/www.svalbard.fr\/actualites\/le-pays-le-plus-heureux-ou-travailler-au-monde-ou-les-employes-ont-le-meilleur-equilibre-entre-vie-professionnelle-et-vie-privee-2\/#article","isPartOf":{"@id":"https:\/\/www.svalbard.fr\/actualites\/le-pays-le-plus-heureux-ou-travailler-au-monde-ou-les-employes-ont-le-meilleur-equilibre-entre-vie-professionnelle-et-vie-privee-2\/"},"author":{"name":"Hilmar","@id":"https:\/\/www.svalbard.fr\/actualites\/#\/schema\/person\/a2f937d5712222366738fae98755c600"},"headline":"Le pays le plus \u00ab heureux \u00bb o\u00f9 travailler au monde, o\u00f9 les employ\u00e9s ont le meilleur \u00e9quilibre entre vie professionnelle et vie priv\u00e9e","datePublished":"2024-02-05T22:31:57+00:00","dateModified":"2024-02-05T22:31:59+00:00","mainEntityOfPage":{"@id":"https:\/\/www.svalbard.fr\/actualites\/le-pays-le-plus-heureux-ou-travailler-au-monde-ou-les-employes-ont-le-meilleur-equilibre-entre-vie-professionnelle-et-vie-privee-2\/"},"wordCount":571,"publisher":{"@id":"https:\/\/www.svalbard.fr\/actualites\/#organization"},"keywords":["employ\u00e9s","entre","\u00e9quilibre","heureux","Les","meilleur","monde","ont","O\u00f9","pays","priv\u00e9e","professionnelle","travailler","vie"],"articleSection":["Svalbard"],"inLanguage":"fr-FR"},{"@type":"WebPage","@id":"https:\/\/www.svalbard.fr\/actualites\/le-pays-le-plus-heureux-ou-travailler-au-monde-ou-les-employes-ont-le-meilleur-equilibre-entre-vie-professionnelle-et-vie-privee-2\/","url":"https:\/\/www.svalbard.fr\/actualites\/le-pays-le-plus-heureux-ou-travailler-au-monde-ou-les-employes-ont-le-meilleur-equilibre-entre-vie-professionnelle-et-vie-privee-2\/","name":"Le pays le plus \u00ab heureux \u00bb o\u00f9 travailler au monde, o\u00f9 les employ\u00e9s ont le meilleur \u00e9quilibre entre vie professionnelle et vie priv\u00e9e","isPartOf":{"@id":"https:\/\/www.svalbard.fr\/actualites\/#website"},"datePublished":"2024-02-05T22:31:57+00:00","dateModified":"2024-02-05T22:31:59+00:00","breadcrumb":{"@id":"https:\/\/www.svalbard.fr\/actualites\/le-pays-le-plus-heureux-ou-travailler-au-monde-ou-les-employes-ont-le-meilleur-equilibre-entre-vie-professionnelle-et-vie-privee-2\/#breadcrumb"},"inLanguage":"fr-FR","potentialAction":[{"@type":"ReadAction","target":["https:\/\/www.svalbard.fr\/actualites\/le-pays-le-plus-heureux-ou-travailler-au-monde-ou-les-employes-ont-le-meilleur-equilibre-entre-vie-professionnelle-et-vie-privee-2\/"]}]},{"@type":"BreadcrumbList","@id":"https:\/\/www.svalbard.fr\/actualites\/le-pays-le-plus-heureux-ou-travailler-au-monde-ou-les-employes-ont-le-meilleur-equilibre-entre-vie-professionnelle-et-vie-privee-2\/#breadcrumb","itemListElement":[{"@type":"ListItem","position":1,"name":"Accueil","item":"https:\/\/www.svalbard.fr\/actualites\/"},{"@type":"ListItem","position":2,"name":"Le pays le plus \u00ab heureux \u00bb o\u00f9 travailler au monde, o\u00f9 les employ\u00e9s ont le meilleur \u00e9quilibre entre vie professionnelle et vie priv\u00e9e"}]},{"@type":"WebSite","@id":"https:\/\/www.svalbard.fr\/actualites\/#website","url":"https:\/\/www.svalbard.fr\/actualites\/","name":"www.Svalbard.fr","description":"","publisher":{"@id":"https:\/\/www.svalbard.fr\/actualites\/#organization"},"potentialAction":[{"@type":"SearchAction","target":{"@type":"EntryPoint","urlTemplate":"https:\/\/www.svalbard.fr\/actualites\/?s={search_term_string}"},"query-input":"required name=search_term_string"}],"inLanguage":"fr-FR"},{"@type":"Organization","@id":"https:\/\/www.svalbard.fr\/actualites\/#organization","name":"www.Svalbard.fr","url":"https:\/\/www.svalbard.fr\/actualites\/","logo":{"@type":"ImageObject","inLanguage":"fr-FR","@id":"https:\/\/www.svalbard.fr\/actualites\/#\/schema\/logo\/image\/","url":"https:\/\/www.svalbard.fr\/actualites\/wp-content\/uploads\/2023\/09\/head-nom.jpg","contentUrl":"https:\/\/www.svalbard.fr\/actualites\/wp-content\/uploads\/2023\/09\/head-nom.jpg","width":264,"height":35,"caption":"www.Svalbard.fr"},"image":{"@id":"https:\/\/www.svalbard.fr\/actualites\/#\/schema\/logo\/image\/"}},{"@type":"Person","@id":"https:\/\/www.svalbard.fr\/actualites\/#\/schema\/person\/a2f937d5712222366738fae98755c600","name":"Hilmar","image":{"@type":"ImageObject","inLanguage":"fr-FR","@id":"https:\/\/www.svalbard.fr\/actualites\/#\/schema\/person\/image\/","url":"https:\/\/secure.gravatar.com\/avatar\/4daa437093476dbc32da415c112b6512?s=96&d=mm&r=g","contentUrl":"https:\/\/secure.gravatar.com\/avatar\/4daa437093476dbc32da415c112b6512?s=96&d=mm&r=g","caption":"Hilmar"},"description":"Hilmar est un passionn\u00e9 des r\u00e9gions polaires, sp\u00e9cialis\u00e9 dans la r\u00e9daction d'articles sur le Spitzberg et autres destinations arctiques. Il apporte son expertise et sa passion pour l'Arctique au sein de l'\u00e9quipe de r\u00e9daction de Svalbard depuis de nombreuses ann\u00e9es.","sameAs":["https:\/\/www.svalbard.fr\/"]}]}},"_links":{"self":[{"href":"https:\/\/www.svalbard.fr\/actualites\/wp-json\/wp\/v2\/posts\/607"}],"collection":[{"href":"https:\/\/www.svalbard.fr\/actualites\/wp-json\/wp\/v2\/posts"}],"about":[{"href":"https:\/\/www.svalbard.fr\/actualites\/wp-json\/wp\/v2\/types\/post"}],"author":[{"embeddable":true,"href":"https:\/\/www.svalbard.fr\/actualites\/wp-json\/wp\/v2\/users\/1"}],"replies":[{"embeddable":true,"href":"https:\/\/www.svalbard.fr\/actualites\/wp-json\/wp\/v2\/comments?post=607"}],"version-history":[{"count":1,"href":"https:\/\/www.svalbard.fr\/actualites\/wp-json\/wp\/v2\/posts\/607\/revisions"}],"predecessor-version":[{"id":609,"href":"https:\/\/www.svalbard.fr\/actualites\/wp-json\/wp\/v2\/posts\/607\/revisions\/609"}],"wp:featuredmedia":[{"embeddable":true,"href":"https:\/\/www.svalbard.fr\/actualites\/wp-json\/wp\/v2\/media\/608"}],"wp:attachment":[{"href":"https:\/\/www.svalbard.fr\/actualites\/wp-json\/wp\/v2\/media?parent=607"}],"wp:term":[{"taxonomy":"category","embeddable":true,"href":"https:\/\/www.svalbard.fr\/actualites\/wp-json\/wp\/v2\/categories?post=607"},{"taxonomy":"post_tag","embeddable":true,"href":"https:\/\/www.svalbard.fr\/actualites\/wp-json\/wp\/v2\/tags?post=607"}],"curies":[{"name":"wp","href":"https:\/\/api.w.org\/{rel}","templated":true}]}}