{"id":658,"date":"2024-02-21T19:14:41","date_gmt":"2024-02-21T18:14:41","guid":{"rendered":"https:\/\/www.svalbard.fr\/actualites\/la-norvege-met-officiellement-fin-au-programme-au-pair\/"},"modified":"2024-02-21T19:14:47","modified_gmt":"2024-02-21T18:14:47","slug":"la-norvege-met-officiellement-fin-au-programme-au-pair","status":"publish","type":"post","link":"https:\/\/www.svalbard.fr\/actualites\/la-norvege-met-officiellement-fin-au-programme-au-pair\/","title":{"rendered":"La Norv\u00e8ge met officiellement fin au programme Au Pair"},"content":{"rendered":"<div itemprop=\"text\">\n<span id=\"dpsp-post-content-markup\" data-image-pin-it=\"false\"><\/span><\/p>\n<p class=\"intro\">Apr\u00e8s des ann\u00e9es de d\u00e9bat, le gouvernement norv\u00e9gien a finalement annonc\u00e9 la fin de son programme controvers\u00e9 au pair.  Voici ce qui s&rsquo;est pass\u00e9 et pourquoi.<\/p>\n<p>Un pr\u00e9cieux programme d\u2019\u00e9change culturel ou un moyen pour les riches Norv\u00e9giens d\u2019exploiter une main-d\u2019\u0153uvre \u00e0 faible co\u00fbt ?  Le d\u00e9bat sur la pratique consistant \u00e0 embaucher une fille au pair (une forme de \u00ab nounou \u00e0 domicile \u00bb) en Norv\u00e8ge fait rage depuis longtemps.  Mais d\u00e9sormais, le d\u00e9bat est termin\u00e9.<\/p>\n<figure class=\"wp-block-image size-large\"><noscript><img fetchpriority=\"high\" decoding=\"async\" width=\"768\" height=\"432\" src=\"https:\/\/www.svalbard.fr\/actualites\/wp-content\/uploads\/2024\/02\/La-Norvege-met-officiellement-fin-au-programme-Au-Pair.jpeg\" alt=\"B\u00e2timent du Parlement norv\u00e9gien \u00e0 Oslo.  Norv\u00e8ge.  Photo : David Nikel.\" class=\"wp-image-78874\"  ><\/noscript><\/figure>\n<p>En 2023, nous avions \u00e9crit sur la fa\u00e7on dont le gouvernement norv\u00e9gien envisageait de mettre fin au programme au pair.  Ce changement a maintenant \u00e9t\u00e9 confirm\u00e9 par une d\u00e9cision d\u00e9cisive du gouvernement.<\/p>\n<p>\u00c0 partir du 15 mars de cette ann\u00e9e, plus aucune demande au pair \u00e9manant de r\u00e9sidents de pays ext\u00e9rieurs \u00e0 l&rsquo;Espace \u00e9conomique europ\u00e9en ne sera accept\u00e9e par la Norv\u00e8ge.<\/p>\n<h2 class=\"wp-block-heading\">Les avantages et les inconv\u00e9nients des Au Pairs<\/h2>\n<p>\u00c0 l\u2019origine, l\u2019id\u00e9e derri\u00e8re le programme au pair norv\u00e9gien \u00e9tait celle d\u2019un \u00e9change culturel.<\/p>\n<p>Les participantes \u00e9taient pour la plupart des jeunes femmes qui ont voyag\u00e9 \u00e0 l&rsquo;\u00e9tranger pour vivre avec une famille, d\u00e9couvrir une culture diff\u00e9rente et une langue \u00e9trang\u00e8re.  En \u00e9change, le participant fournirait des services de garde d&rsquo;enfants et de t\u00e2ches m\u00e9nag\u00e8res l\u00e9g\u00e8res.<\/p>\n<p>En Norv\u00e8ge, il existe un permis de s\u00e9jour sp\u00e9cifique pour les jeunes au pair.  En r\u00e8gle g\u00e9n\u00e9rale, les candidats retenus se voyaient accorder un permis de vivre en Norv\u00e8ge pour une dur\u00e9e maximale de deux ans.<\/p>\n<figure class=\"wp-block-image size-large\"><img loading=\"lazy\" data-lazyloaded=\"1\" data-placeholder-resp=\"768x432\" decoding=\"async\" width=\"768\" height=\"432\" src=\"https:\/\/www.svalbard.fr\/actualites\/wp-content\/uploads\/2024\/02\/La-Norvege-met-officiellement-fin-au-programme-Au-Pair.jpg\" alt=\"Image au pair en Norv\u00e8ge\" class=\"wp-image-74237\"  data-><noscript><img loading=\"lazy\" decoding=\"async\" width=\"768\" height=\"432\" src=\"https:\/\/www.svalbard.fr\/actualites\/wp-content\/uploads\/2024\/02\/La-Norvege-met-officiellement-fin-au-programme-Au-Pair.jpg\" alt=\"Image au pair en Norv\u00e8ge\" class=\"wp-image-74237\"  ><\/noscript><\/figure>\n<p>Au fil du temps, le concept du programme au pair a chang\u00e9.  Tr\u00e8s peu de Norv\u00e9giens ont particip\u00e9 au programme.  La plupart des jeunes filles au pair venant en Norv\u00e8ge \u00e9taient des jeunes femmes originaires des Philippines.<\/p>\n<p>Ces derni\u00e8res ann\u00e9es, de nombreux articles ont \u00e9t\u00e9 publi\u00e9s dans les m\u00e9dias selon lesquels des Norv\u00e9giens utilisaient le programme pour contourner la l\u00e9gislation du travail norv\u00e9gienne, par ailleurs stricte.  De nombreuses jeunes femmes ont \u00e9t\u00e9 exploit\u00e9es par leurs familles d&rsquo;accueil pour travailler de longues heures comme domestiques.<\/p>\n<p>Certaines affaires ont abouti devant les tribunaux, certains Norv\u00e9giens purgeant m\u00eame une peine de prison pour abus et exploitation de leurs jeunes au pair.<\/p>\n<p>La pol\u00e9mique fait rage depuis 2019. Un ministre du gouvernement faisait partie des personnes interrog\u00e9es par les autorit\u00e9s pour avoir potentiellement abus\u00e9 du programme.  En 2019, le directeur de l&rsquo;UDI, Frode Forfang, a abord\u00e9 ces probl\u00e8mes dans un article de blog\u00a0:<\/p>\n<p>\u00ab Les autorit\u00e9s ont toujours essay\u00e9 d&rsquo;imposer ce syst\u00e8me comme un syst\u00e8me d&rsquo;\u00e9change culturel, alors que la plupart des gens y voient probablement une opportunit\u00e9 de se soulager chez eux.  L\u2019\u00e9quilibre ici est \u00e9galement l\u2019une des raisons pour lesquelles cet arrangement a longtemps \u00e9t\u00e9 controvers\u00e9.\u00bb<\/p>\n<h2 class=\"wp-block-heading\">Que se passe-t-il maintenant ?<\/h2>\n<p>Les Au Pairs d\u00e9j\u00e0 en Norv\u00e8ge dans le cadre du programme peuvent continuer \u00e0 travailler selon leur contrat.  La ministre de la Justice, Emilie Enger Mehl, a d\u00e9clar\u00e9 qu\u2019ils \u00ab continueraient \u00e0 \u00eatre prot\u00e9g\u00e9s contre les abus et l\u2019exploitation \u00bb.<\/p>\n<p class=\"has-base-2-background-color has-background\"><strong>En savoir plus<\/strong>: D\u00e9couvrez tout ce qui concerne la relocalisation dans notre guide pour <strong>d\u00e9m\u00e9nager en Norv\u00e8ge<\/strong>.<\/p>\n<p>Cependant, \u00e0 partir du 15 mars, il ne sera plus possible pour quiconque de demander un permis de s\u00e9jour au pair.  Selon le ministre, tout besoin futur d&rsquo;aide m\u00e9nag\u00e8re sera couvert depuis la Norv\u00e8ge ou l&rsquo;espace europ\u00e9en.<\/p>\n<\/div>\n","protected":false},"excerpt":{"rendered":"<p>Apr\u00e8s des ann\u00e9es de d\u00e9bat, le gouvernement norv\u00e9gien a finalement annonc\u00e9 la fin de son programme controvers\u00e9 au pair. Voici ce qui s&rsquo;est pass\u00e9 et<\/p>\n","protected":false},"author":1,"featured_media":659,"comment_status":"closed","ping_status":"","sticky":false,"template":"","format":"standard","meta":{"footnotes":""},"categories":[1],"tags":[229,889,6,890,892,891],"yoast_head":"<!-- This site is optimized with the Yoast SEO plugin v21.0 - https:\/\/yoast.com\/wordpress\/plugins\/seo\/ -->\n<title>La Norv\u00e8ge met officiellement fin au programme Au Pair<\/title>\n<meta name=\"robots\" content=\"index, follow, max-snippet:-1, max-image-preview:large, max-video-preview:-1\" \/>\n<link rel=\"canonical\" href=\"https:\/\/www.svalbard.fr\/actualites\/la-norvege-met-officiellement-fin-au-programme-au-pair\/\" \/>\n<meta property=\"og:locale\" content=\"fr_FR\" \/>\n<meta property=\"og:type\" content=\"article\" \/>\n<meta property=\"og:title\" content=\"La Norv\u00e8ge met officiellement fin au programme Au Pair\" \/>\n<meta property=\"og:description\" content=\"Apr\u00e8s des ann\u00e9es de d\u00e9bat, le gouvernement norv\u00e9gien a finalement annonc\u00e9 la fin de son programme controvers\u00e9 au pair. Voici ce qui s&rsquo;est pass\u00e9 et\" \/>\n<meta property=\"og:url\" content=\"https:\/\/www.svalbard.fr\/actualites\/la-norvege-met-officiellement-fin-au-programme-au-pair\/\" \/>\n<meta property=\"og:site_name\" content=\"www.Svalbard.fr\" \/>\n<meta property=\"article:published_time\" content=\"2024-02-21T18:14:41+00:00\" \/>\n<meta property=\"article:modified_time\" content=\"2024-02-21T18:14:47+00:00\" \/>\n<meta property=\"og:image\" content=\"https:\/\/www.svalbard.fr\/actualites\/wp-content\/uploads\/2024\/02\/1708539282_La-Norvege-met-officiellement-fin-au-programme-Au-Pair.jpeg\" \/>\n\t<meta property=\"og:image:width\" content=\"1660\" \/>\n\t<meta property=\"og:image:height\" content=\"934\" \/>\n\t<meta property=\"og:image:type\" content=\"image\/jpeg\" \/>\n<meta name=\"author\" content=\"Hilmar\" \/>\n<meta name=\"twitter:card\" content=\"summary_large_image\" \/>\n<meta name=\"twitter:label1\" content=\"\u00c9crit par\" \/>\n\t<meta name=\"twitter:data1\" content=\"Hilmar\" \/>\n\t<meta name=\"twitter:label2\" content=\"Dur\u00e9e de lecture estim\u00e9e\" \/>\n\t<meta name=\"twitter:data2\" content=\"3 minutes\" \/>\n<script type=\"application\/ld+json\" class=\"yoast-schema-graph\">{\"@context\":\"https:\/\/schema.org\",\"@graph\":[{\"@type\":\"Article\",\"@id\":\"https:\/\/www.svalbard.fr\/actualites\/la-norvege-met-officiellement-fin-au-programme-au-pair\/#article\",\"isPartOf\":{\"@id\":\"https:\/\/www.svalbard.fr\/actualites\/la-norvege-met-officiellement-fin-au-programme-au-pair\/\"},\"author\":{\"name\":\"Hilmar\",\"@id\":\"https:\/\/www.svalbard.fr\/actualites\/#\/schema\/person\/a2f937d5712222366738fae98755c600\"},\"headline\":\"La Norv\u00e8ge met officiellement fin au programme Au Pair\",\"datePublished\":\"2024-02-21T18:14:41+00:00\",\"dateModified\":\"2024-02-21T18:14:47+00:00\",\"mainEntityOfPage\":{\"@id\":\"https:\/\/www.svalbard.fr\/actualites\/la-norvege-met-officiellement-fin-au-programme-au-pair\/\"},\"wordCount\":606,\"publisher\":{\"@id\":\"https:\/\/www.svalbard.fr\/actualites\/#organization\"},\"keywords\":[\"fin\",\"met\",\"Norv\u00e8ge\",\"officiellement\",\"Pair\",\"programme\"],\"articleSection\":[\"Svalbard\"],\"inLanguage\":\"fr-FR\"},{\"@type\":\"WebPage\",\"@id\":\"https:\/\/www.svalbard.fr\/actualites\/la-norvege-met-officiellement-fin-au-programme-au-pair\/\",\"url\":\"https:\/\/www.svalbard.fr\/actualites\/la-norvege-met-officiellement-fin-au-programme-au-pair\/\",\"name\":\"La Norv\u00e8ge met officiellement fin au programme Au Pair\",\"isPartOf\":{\"@id\":\"https:\/\/www.svalbard.fr\/actualites\/#website\"},\"datePublished\":\"2024-02-21T18:14:41+00:00\",\"dateModified\":\"2024-02-21T18:14:47+00:00\",\"breadcrumb\":{\"@id\":\"https:\/\/www.svalbard.fr\/actualites\/la-norvege-met-officiellement-fin-au-programme-au-pair\/#breadcrumb\"},\"inLanguage\":\"fr-FR\",\"potentialAction\":[{\"@type\":\"ReadAction\",\"target\":[\"https:\/\/www.svalbard.fr\/actualites\/la-norvege-met-officiellement-fin-au-programme-au-pair\/\"]}]},{\"@type\":\"BreadcrumbList\",\"@id\":\"https:\/\/www.svalbard.fr\/actualites\/la-norvege-met-officiellement-fin-au-programme-au-pair\/#breadcrumb\",\"itemListElement\":[{\"@type\":\"ListItem\",\"position\":1,\"name\":\"Accueil\",\"item\":\"https:\/\/www.svalbard.fr\/actualites\/\"},{\"@type\":\"ListItem\",\"position\":2,\"name\":\"La Norv\u00e8ge met officiellement fin au programme Au Pair\"}]},{\"@type\":\"WebSite\",\"@id\":\"https:\/\/www.svalbard.fr\/actualites\/#website\",\"url\":\"https:\/\/www.svalbard.fr\/actualites\/\",\"name\":\"www.Svalbard.fr\",\"description\":\"\",\"publisher\":{\"@id\":\"https:\/\/www.svalbard.fr\/actualites\/#organization\"},\"potentialAction\":[{\"@type\":\"SearchAction\",\"target\":{\"@type\":\"EntryPoint\",\"urlTemplate\":\"https:\/\/www.svalbard.fr\/actualites\/?s={search_term_string}\"},\"query-input\":\"required name=search_term_string\"}],\"inLanguage\":\"fr-FR\"},{\"@type\":\"Organization\",\"@id\":\"https:\/\/www.svalbard.fr\/actualites\/#organization\",\"name\":\"www.Svalbard.fr\",\"url\":\"https:\/\/www.svalbard.fr\/actualites\/\",\"logo\":{\"@type\":\"ImageObject\",\"inLanguage\":\"fr-FR\",\"@id\":\"https:\/\/www.svalbard.fr\/actualites\/#\/schema\/logo\/image\/\",\"url\":\"https:\/\/www.svalbard.fr\/actualites\/wp-content\/uploads\/2023\/09\/head-nom.jpg\",\"contentUrl\":\"https:\/\/www.svalbard.fr\/actualites\/wp-content\/uploads\/2023\/09\/head-nom.jpg\",\"width\":264,\"height\":35,\"caption\":\"www.Svalbard.fr\"},\"image\":{\"@id\":\"https:\/\/www.svalbard.fr\/actualites\/#\/schema\/logo\/image\/\"}},{\"@type\":\"Person\",\"@id\":\"https:\/\/www.svalbard.fr\/actualites\/#\/schema\/person\/a2f937d5712222366738fae98755c600\",\"name\":\"Hilmar\",\"image\":{\"@type\":\"ImageObject\",\"inLanguage\":\"fr-FR\",\"@id\":\"https:\/\/www.svalbard.fr\/actualites\/#\/schema\/person\/image\/\",\"url\":\"https:\/\/secure.gravatar.com\/avatar\/4daa437093476dbc32da415c112b6512?s=96&d=mm&r=g\",\"contentUrl\":\"https:\/\/secure.gravatar.com\/avatar\/4daa437093476dbc32da415c112b6512?s=96&d=mm&r=g\",\"caption\":\"Hilmar\"},\"description\":\"Hilmar est un passionn\u00e9 des r\u00e9gions polaires, sp\u00e9cialis\u00e9 dans la r\u00e9daction d'articles sur le Spitzberg et autres destinations arctiques. Il apporte son expertise et sa passion pour l'Arctique au sein de l'\u00e9quipe de r\u00e9daction de Svalbard depuis de nombreuses ann\u00e9es.\",\"sameAs\":[\"https:\/\/www.svalbard.fr\/\"]}]}<\/script>\n<!-- \/ Yoast SEO plugin. -->","yoast_head_json":{"title":"La Norv\u00e8ge met officiellement fin au programme Au Pair","robots":{"index":"index","follow":"follow","max-snippet":"max-snippet:-1","max-image-preview":"max-image-preview:large","max-video-preview":"max-video-preview:-1"},"canonical":"https:\/\/www.svalbard.fr\/actualites\/la-norvege-met-officiellement-fin-au-programme-au-pair\/","og_locale":"fr_FR","og_type":"article","og_title":"La Norv\u00e8ge met officiellement fin au programme Au Pair","og_description":"Apr\u00e8s des ann\u00e9es de d\u00e9bat, le gouvernement norv\u00e9gien a finalement annonc\u00e9 la fin de son programme controvers\u00e9 au pair. Voici ce qui s&rsquo;est pass\u00e9 et","og_url":"https:\/\/www.svalbard.fr\/actualites\/la-norvege-met-officiellement-fin-au-programme-au-pair\/","og_site_name":"www.Svalbard.fr","article_published_time":"2024-02-21T18:14:41+00:00","article_modified_time":"2024-02-21T18:14:47+00:00","og_image":[{"width":1660,"height":934,"url":"https:\/\/www.svalbard.fr\/actualites\/wp-content\/uploads\/2024\/02\/1708539282_La-Norvege-met-officiellement-fin-au-programme-Au-Pair.jpeg","type":"image\/jpeg"}],"author":"Hilmar","twitter_card":"summary_large_image","twitter_misc":{"\u00c9crit par":"Hilmar","Dur\u00e9e de lecture estim\u00e9e":"3 minutes"},"schema":{"@context":"https:\/\/schema.org","@graph":[{"@type":"Article","@id":"https:\/\/www.svalbard.fr\/actualites\/la-norvege-met-officiellement-fin-au-programme-au-pair\/#article","isPartOf":{"@id":"https:\/\/www.svalbard.fr\/actualites\/la-norvege-met-officiellement-fin-au-programme-au-pair\/"},"author":{"name":"Hilmar","@id":"https:\/\/www.svalbard.fr\/actualites\/#\/schema\/person\/a2f937d5712222366738fae98755c600"},"headline":"La Norv\u00e8ge met officiellement fin au programme Au Pair","datePublished":"2024-02-21T18:14:41+00:00","dateModified":"2024-02-21T18:14:47+00:00","mainEntityOfPage":{"@id":"https:\/\/www.svalbard.fr\/actualites\/la-norvege-met-officiellement-fin-au-programme-au-pair\/"},"wordCount":606,"publisher":{"@id":"https:\/\/www.svalbard.fr\/actualites\/#organization"},"keywords":["fin","met","Norv\u00e8ge","officiellement","Pair","programme"],"articleSection":["Svalbard"],"inLanguage":"fr-FR"},{"@type":"WebPage","@id":"https:\/\/www.svalbard.fr\/actualites\/la-norvege-met-officiellement-fin-au-programme-au-pair\/","url":"https:\/\/www.svalbard.fr\/actualites\/la-norvege-met-officiellement-fin-au-programme-au-pair\/","name":"La Norv\u00e8ge met officiellement fin au programme Au Pair","isPartOf":{"@id":"https:\/\/www.svalbard.fr\/actualites\/#website"},"datePublished":"2024-02-21T18:14:41+00:00","dateModified":"2024-02-21T18:14:47+00:00","breadcrumb":{"@id":"https:\/\/www.svalbard.fr\/actualites\/la-norvege-met-officiellement-fin-au-programme-au-pair\/#breadcrumb"},"inLanguage":"fr-FR","potentialAction":[{"@type":"ReadAction","target":["https:\/\/www.svalbard.fr\/actualites\/la-norvege-met-officiellement-fin-au-programme-au-pair\/"]}]},{"@type":"BreadcrumbList","@id":"https:\/\/www.svalbard.fr\/actualites\/la-norvege-met-officiellement-fin-au-programme-au-pair\/#breadcrumb","itemListElement":[{"@type":"ListItem","position":1,"name":"Accueil","item":"https:\/\/www.svalbard.fr\/actualites\/"},{"@type":"ListItem","position":2,"name":"La Norv\u00e8ge met officiellement fin au programme Au Pair"}]},{"@type":"WebSite","@id":"https:\/\/www.svalbard.fr\/actualites\/#website","url":"https:\/\/www.svalbard.fr\/actualites\/","name":"www.Svalbard.fr","description":"","publisher":{"@id":"https:\/\/www.svalbard.fr\/actualites\/#organization"},"potentialAction":[{"@type":"SearchAction","target":{"@type":"EntryPoint","urlTemplate":"https:\/\/www.svalbard.fr\/actualites\/?s={search_term_string}"},"query-input":"required name=search_term_string"}],"inLanguage":"fr-FR"},{"@type":"Organization","@id":"https:\/\/www.svalbard.fr\/actualites\/#organization","name":"www.Svalbard.fr","url":"https:\/\/www.svalbard.fr\/actualites\/","logo":{"@type":"ImageObject","inLanguage":"fr-FR","@id":"https:\/\/www.svalbard.fr\/actualites\/#\/schema\/logo\/image\/","url":"https:\/\/www.svalbard.fr\/actualites\/wp-content\/uploads\/2023\/09\/head-nom.jpg","contentUrl":"https:\/\/www.svalbard.fr\/actualites\/wp-content\/uploads\/2023\/09\/head-nom.jpg","width":264,"height":35,"caption":"www.Svalbard.fr"},"image":{"@id":"https:\/\/www.svalbard.fr\/actualites\/#\/schema\/logo\/image\/"}},{"@type":"Person","@id":"https:\/\/www.svalbard.fr\/actualites\/#\/schema\/person\/a2f937d5712222366738fae98755c600","name":"Hilmar","image":{"@type":"ImageObject","inLanguage":"fr-FR","@id":"https:\/\/www.svalbard.fr\/actualites\/#\/schema\/person\/image\/","url":"https:\/\/secure.gravatar.com\/avatar\/4daa437093476dbc32da415c112b6512?s=96&d=mm&r=g","contentUrl":"https:\/\/secure.gravatar.com\/avatar\/4daa437093476dbc32da415c112b6512?s=96&d=mm&r=g","caption":"Hilmar"},"description":"Hilmar est un passionn\u00e9 des r\u00e9gions polaires, sp\u00e9cialis\u00e9 dans la r\u00e9daction d'articles sur le Spitzberg et autres destinations arctiques. Il apporte son expertise et sa passion pour l'Arctique au sein de l'\u00e9quipe de r\u00e9daction de Svalbard depuis de nombreuses ann\u00e9es.","sameAs":["https:\/\/www.svalbard.fr\/"]}]}},"_links":{"self":[{"href":"https:\/\/www.svalbard.fr\/actualites\/wp-json\/wp\/v2\/posts\/658"}],"collection":[{"href":"https:\/\/www.svalbard.fr\/actualites\/wp-json\/wp\/v2\/posts"}],"about":[{"href":"https:\/\/www.svalbard.fr\/actualites\/wp-json\/wp\/v2\/types\/post"}],"author":[{"embeddable":true,"href":"https:\/\/www.svalbard.fr\/actualites\/wp-json\/wp\/v2\/users\/1"}],"replies":[{"embeddable":true,"href":"https:\/\/www.svalbard.fr\/actualites\/wp-json\/wp\/v2\/comments?post=658"}],"version-history":[{"count":1,"href":"https:\/\/www.svalbard.fr\/actualites\/wp-json\/wp\/v2\/posts\/658\/revisions"}],"predecessor-version":[{"id":660,"href":"https:\/\/www.svalbard.fr\/actualites\/wp-json\/wp\/v2\/posts\/658\/revisions\/660"}],"wp:featuredmedia":[{"embeddable":true,"href":"https:\/\/www.svalbard.fr\/actualites\/wp-json\/wp\/v2\/media\/659"}],"wp:attachment":[{"href":"https:\/\/www.svalbard.fr\/actualites\/wp-json\/wp\/v2\/media?parent=658"}],"wp:term":[{"taxonomy":"category","embeddable":true,"href":"https:\/\/www.svalbard.fr\/actualites\/wp-json\/wp\/v2\/categories?post=658"},{"taxonomy":"post_tag","embeddable":true,"href":"https:\/\/www.svalbard.fr\/actualites\/wp-json\/wp\/v2\/tags?post=658"}],"curies":[{"name":"wp","href":"https:\/\/api.w.org\/{rel}","templated":true}]}}