{"id":688,"date":"2024-02-29T09:14:49","date_gmt":"2024-02-29T08:14:49","guid":{"rendered":"https:\/\/www.svalbard.fr\/actualites\/les-dirigeants-doslo-font-pression-pour-un-commerce-plus-large-le-dimanche\/"},"modified":"2024-02-29T09:14:53","modified_gmt":"2024-02-29T08:14:53","slug":"les-dirigeants-doslo-font-pression-pour-un-commerce-plus-large-le-dimanche","status":"publish","type":"post","link":"https:\/\/www.svalbard.fr\/actualites\/les-dirigeants-doslo-font-pression-pour-un-commerce-plus-large-le-dimanche\/","title":{"rendered":"Les dirigeants d&rsquo;Oslo font pression pour un commerce plus large le dimanche"},"content":{"rendered":"<div itemprop=\"text\">\n<span id=\"dpsp-post-content-markup\" data-image-pin-it=\"false\"><\/span><\/p>\n<p class=\"intro\">Au c\u0153ur de la Norv\u00e8ge, un d\u00e9bat fait rage sur la possibilit\u00e9 pour un plus grand nombre d&rsquo;entreprises d&rsquo;Oslo d&rsquo;ouvrir leurs portes le dimanche.  Voici ce qui pourrait arriver et pourquoi.<\/p>\n<p>Depuis des d\u00e9cennies, le Parti conservateur (H\u00f8yre) plaide pour la lib\u00e9ralisation des horaires de n\u00e9gociation dans la capitale.  Ils redoublent d&rsquo;efforts pour rendre la ville plus anim\u00e9e le dimanche en autorisant davantage de commerces.<\/p>\n<figure class=\"wp-block-image size-large\"><noscript><img fetchpriority=\"high\" decoding=\"async\" width=\"768\" height=\"433\" src=\"https:\/\/www.svalbard.fr\/actualites\/wp-content\/uploads\/2024\/02\/Les-dirigeants-dOslo-font-pression-pour-un-commerce-plus-large.jpg\" alt=\"Porte Karl Johans \u00e0 Oslo, Norv\u00e8ge.  Photo : David Nikel.\" class=\"wp-image-78987\"  ><\/noscript><\/figure>\n<p>Les lois norv\u00e9giennes sur le commerce dominical des magasins sont strictes, seuls les d\u00e9panneurs et les petits supermarch\u00e9s pouvant ouvrir.  Pour contourner ce probl\u00e8me, de nombreux supermarch\u00e9s norv\u00e9giens g\u00e8rent une annexe plus petite qui n&rsquo;est ouverte que le dimanche.<\/p>\n<p>Hormis les dimanches \u00e0 l&rsquo;approche du mois de d\u00e9cembre, au cours desquels les magasins ouvrent dans certains endroits, la plupart des entreprises norv\u00e9giennes sont ferm\u00e9es le dimanche.  Les bars, restaurants et galeries sont cependant autoris\u00e9s \u00e0 rester ouverts.<\/p>\n<p>Anita Leirvik North, repr\u00e9sentant H\u00f8yre et commissaire aux affaires culturelles et commerciales de la ville, a exprim\u00e9 sa vision de la ville d&rsquo;Oslo.<\/p>\n<p>\u00ab Nous voulons rendre Oslo encore plus dynamique \u00bb, a-t-elle d\u00e9clar\u00e9 \u00e0 NRK, soulignant l&rsquo;inclusion des restaurants, de la vie culturelle et du commerce de d\u00e9tail dans le cadre de cette initiative.<\/p>\n<p>La proposition ne concerne toutefois pas l&rsquo;ensemble d&rsquo;Oslo, mais cible sp\u00e9cifiquement certaines zones centrales, visant \u00e0 les transformer en centres d&rsquo;activit\u00e9 anim\u00e9s, m\u00eame le dimanche.<\/p>\n<h2 class=\"wp-block-heading\">Oslo comme destination touristique<\/h2>\n<p>Au c\u0153ur de cette initiative se trouve l&rsquo;exigence qu&rsquo;Oslo soit d\u00e9sign\u00e9e comme une \u00ab destination touristique typique \u00bb, un statut qui permettrait l\u00e9galement davantage de commerce le dimanche.  Actuellement, une municipalit\u00e9 norv\u00e9gienne sur trois b\u00e9n\u00e9ficie de cette d\u00e9signation, mais Oslo reste notamment absente de la liste.<\/p>\n<figure class=\"wp-block-image size-large\"><img loading=\"lazy\" data-lazyloaded=\"1\" data-placeholder-resp=\"768x432\" decoding=\"async\" width=\"768\" height=\"432\" src=\"https:\/\/www.svalbard.fr\/actualites\/wp-content\/uploads\/2024\/02\/1709194489_158_Les-dirigeants-dOslo-font-pression-pour-un-commerce-plus-large.jpg\" alt=\"Les foules se rassemblent sur le front de mer d\u2019Oslo.  Photo : David Nikel.\" class=\"wp-image-78988\"  data-><noscript><img loading=\"lazy\" decoding=\"async\" width=\"768\" height=\"432\" src=\"https:\/\/www.svalbard.fr\/actualites\/wp-content\/uploads\/2024\/02\/1709194489_158_Les-dirigeants-dOslo-font-pression-pour-un-commerce-plus-large.jpg\" alt=\"Les foules se rassemblent sur le front de mer d\u2019Oslo.  Photo : David Nikel.\" class=\"wp-image-78988\"  ><\/noscript><\/figure>\n<p>Malgr\u00e9 l&rsquo;attrait ind\u00e9niable de la ville pour les touristes, particuli\u00e8rement \u00e9vident lors des visites estivales de lieux populaires comme le parc Vigeland et la porte Karl Johans, elle ne r\u00e9pond pas encore aux crit\u00e8res officiels d\u00e9finis par le gouverneur de l&rsquo;\u00c9tat (Statsforvalteren).<\/p>\n<p>Ce crit\u00e8re stipule qu&rsquo;une zone ne peut \u00eatre consid\u00e9r\u00e9e comme une \u00ab destination touristique typique \u00bb que si ses ventes sont principalement destin\u00e9es aux touristes pendant les p\u00e9riodes concern\u00e9es.<\/p>\n<p>Auparavant, les tentatives de H\u00f8yre, au cours de son mandat au sein du gouvernement de la ville, d&rsquo;obtenir cette d\u00e9signation avaient \u00e9t\u00e9 rejet\u00e9es.  N\u00e9anmoins, ils ne se laissent pas d\u00e9courager, Nord exprimant sa surprise face \u00e0 la r\u00e9ticence \u00e0 reconna\u00eetre Oslo comme ville touristique.<\/p>\n<p>Le conseil municipal pr\u00e9pare actuellement une nouvelle demande aupr\u00e8s du gouverneur de l&rsquo;\u00c9tat, et des discussions sont en cours pour d\u00e9finir pr\u00e9cis\u00e9ment les zones g\u00e9ographiques du centre d&rsquo;Oslo qui pourraient b\u00e9n\u00e9ficier d&rsquo;une exception.<\/p>\n<p>La pression en faveur du commerce du dimanche va au-del\u00e0 des simples int\u00e9r\u00eats commerciaux et touche au concept plus large du tourisme qui inclut les locaux, les visiteurs r\u00e9gionaux et les invit\u00e9s internationaux.<\/p>\n<p>North souligne la prise de conscience accrue du tourisme local et des s\u00e9jours, en particulier \u00e0 la suite de la pand\u00e9mie, comme justification pour reconsid\u00e9rer les lois sur le commerce du dimanche.<\/p>\n<h2 class=\"wp-block-heading\">Opposition au commerce du dimanche \u00e0 Oslo<\/h2>\n<p>Cependant, la proposition a suscit\u00e9 des r\u00e9actions mitig\u00e9es de la part du monde des affaires local.<\/p>\n<p>Selon Bj\u00f8rn N\u00e6ss, PDG de l\u2019Association commerciale d\u2019Oslo (OHF), les opinions varient consid\u00e9rablement selon les membres.  Alors que les commer\u00e7ants des zones tr\u00e8s touristiques du centre d&rsquo;Oslo sont largement favorables \u00e0 cette proposition, d&rsquo;autres expriment leurs inqui\u00e9tudes quant \u00e0 la viabilit\u00e9 \u00e9conomique de l&rsquo;extension des heures de commerce sans augmentation correspondante des ventes.<\/p>\n<p>L&rsquo;initiative se heurte \u00e0 l&rsquo;opposition du secteur du travail, en particulier du syndicat Handel og Kontor, qui affirme que les \u00e9changes dominicaux pourraient perturber l&rsquo;\u00e9quilibre entre vie professionnelle et vie priv\u00e9e des employ\u00e9s du commerce de d\u00e9tail.<\/p>\n<p>Malgr\u00e9 cela, North souligne les avantages potentiels pour les \u00e9tudiants d&rsquo;Oslo, une ville connue pour sa population \u00e9tudiante importante, sugg\u00e9rant que les ouvertures le dimanche pourraient leur offrir de pr\u00e9cieuses opportunit\u00e9s d&#8217;emploi \u00e0 temps partiel.<\/p>\n<h2 class=\"wp-block-heading\">Que se passe-t-il ensuite ?<\/h2>\n<p>Alors que le d\u00e9bat se poursuit, le conseil municipal d&rsquo;Oslo doit d&rsquo;abord approuver toute demande d&rsquo;\u00e9change dominical r\u00e9serv\u00e9 aux touristes avant qu&rsquo;elle puisse \u00eatre transmise au gouverneur de l&rsquo;\u00c9tat pour examen.<\/p>\n<\/div>\n","protected":false},"excerpt":{"rendered":"<p>Au c\u0153ur de la Norv\u00e8ge, un d\u00e9bat fait rage sur la possibilit\u00e9 pour un plus grand nombre d&rsquo;entreprises d&rsquo;Oslo d&rsquo;ouvrir leurs portes le dimanche. Voici<\/p>\n","protected":false},"author":1,"featured_media":689,"comment_status":"closed","ping_status":"","sticky":false,"template":"","format":"standard","meta":{"footnotes":""},"categories":[1],"tags":[921,923,919,355,325,922,3,150,920],"yoast_head":"<!-- This site is optimized with the Yoast SEO plugin v21.0 - https:\/\/yoast.com\/wordpress\/plugins\/seo\/ -->\n<title>Les dirigeants d&#039;Oslo font pression pour un commerce plus large le dimanche<\/title>\n<meta name=\"robots\" content=\"index, follow, max-snippet:-1, max-image-preview:large, max-video-preview:-1\" \/>\n<link rel=\"canonical\" href=\"https:\/\/www.svalbard.fr\/actualites\/les-dirigeants-doslo-font-pression-pour-un-commerce-plus-large-le-dimanche\/\" \/>\n<meta property=\"og:locale\" content=\"fr_FR\" \/>\n<meta property=\"og:type\" content=\"article\" \/>\n<meta property=\"og:title\" content=\"Les dirigeants d&#039;Oslo font pression pour un commerce plus large le dimanche\" \/>\n<meta property=\"og:description\" content=\"Au c\u0153ur de la Norv\u00e8ge, un d\u00e9bat fait rage sur la possibilit\u00e9 pour un plus grand nombre d&rsquo;entreprises d&rsquo;Oslo d&rsquo;ouvrir leurs portes le dimanche. Voici\" \/>\n<meta property=\"og:url\" content=\"https:\/\/www.svalbard.fr\/actualites\/les-dirigeants-doslo-font-pression-pour-un-commerce-plus-large-le-dimanche\/\" \/>\n<meta property=\"og:site_name\" content=\"www.Svalbard.fr\" \/>\n<meta property=\"article:published_time\" content=\"2024-02-29T08:14:49+00:00\" \/>\n<meta property=\"article:modified_time\" content=\"2024-02-29T08:14:53+00:00\" \/>\n<meta property=\"og:image\" content=\"https:\/\/www.svalbard.fr\/actualites\/wp-content\/uploads\/2024\/02\/1709194491_Les-dirigeants-dOslo-font-pression-pour-un-commerce-plus-large.jpg\" \/>\n\t<meta property=\"og:image:width\" content=\"1640\" \/>\n\t<meta property=\"og:image:height\" content=\"924\" \/>\n\t<meta property=\"og:image:type\" content=\"image\/jpeg\" \/>\n<meta name=\"author\" content=\"Hilmar\" \/>\n<meta name=\"twitter:card\" content=\"summary_large_image\" \/>\n<meta name=\"twitter:label1\" content=\"\u00c9crit par\" \/>\n\t<meta name=\"twitter:data1\" content=\"Hilmar\" \/>\n\t<meta name=\"twitter:label2\" content=\"Dur\u00e9e de lecture estim\u00e9e\" \/>\n\t<meta name=\"twitter:data2\" content=\"4 minutes\" \/>\n<script type=\"application\/ld+json\" class=\"yoast-schema-graph\">{\"@context\":\"https:\/\/schema.org\",\"@graph\":[{\"@type\":\"Article\",\"@id\":\"https:\/\/www.svalbard.fr\/actualites\/les-dirigeants-doslo-font-pression-pour-un-commerce-plus-large-le-dimanche\/#article\",\"isPartOf\":{\"@id\":\"https:\/\/www.svalbard.fr\/actualites\/les-dirigeants-doslo-font-pression-pour-un-commerce-plus-large-le-dimanche\/\"},\"author\":{\"name\":\"Hilmar\",\"@id\":\"https:\/\/www.svalbard.fr\/actualites\/#\/schema\/person\/a2f937d5712222366738fae98755c600\"},\"headline\":\"Les dirigeants d&rsquo;Oslo font pression pour un commerce plus large le dimanche\",\"datePublished\":\"2024-02-29T08:14:49+00:00\",\"dateModified\":\"2024-02-29T08:14:53+00:00\",\"mainEntityOfPage\":{\"@id\":\"https:\/\/www.svalbard.fr\/actualites\/les-dirigeants-doslo-font-pression-pour-un-commerce-plus-large-le-dimanche\/\"},\"wordCount\":752,\"publisher\":{\"@id\":\"https:\/\/www.svalbard.fr\/actualites\/#organization\"},\"keywords\":[\"commerce\",\"dimanche\",\"dirigeants\",\"dOslo\",\"font\",\"large\",\"Les\",\"pour\",\"pression\"],\"articleSection\":[\"Svalbard\"],\"inLanguage\":\"fr-FR\"},{\"@type\":\"WebPage\",\"@id\":\"https:\/\/www.svalbard.fr\/actualites\/les-dirigeants-doslo-font-pression-pour-un-commerce-plus-large-le-dimanche\/\",\"url\":\"https:\/\/www.svalbard.fr\/actualites\/les-dirigeants-doslo-font-pression-pour-un-commerce-plus-large-le-dimanche\/\",\"name\":\"Les dirigeants d'Oslo font pression pour un commerce plus large le dimanche\",\"isPartOf\":{\"@id\":\"https:\/\/www.svalbard.fr\/actualites\/#website\"},\"datePublished\":\"2024-02-29T08:14:49+00:00\",\"dateModified\":\"2024-02-29T08:14:53+00:00\",\"breadcrumb\":{\"@id\":\"https:\/\/www.svalbard.fr\/actualites\/les-dirigeants-doslo-font-pression-pour-un-commerce-plus-large-le-dimanche\/#breadcrumb\"},\"inLanguage\":\"fr-FR\",\"potentialAction\":[{\"@type\":\"ReadAction\",\"target\":[\"https:\/\/www.svalbard.fr\/actualites\/les-dirigeants-doslo-font-pression-pour-un-commerce-plus-large-le-dimanche\/\"]}]},{\"@type\":\"BreadcrumbList\",\"@id\":\"https:\/\/www.svalbard.fr\/actualites\/les-dirigeants-doslo-font-pression-pour-un-commerce-plus-large-le-dimanche\/#breadcrumb\",\"itemListElement\":[{\"@type\":\"ListItem\",\"position\":1,\"name\":\"Accueil\",\"item\":\"https:\/\/www.svalbard.fr\/actualites\/\"},{\"@type\":\"ListItem\",\"position\":2,\"name\":\"Les dirigeants d&rsquo;Oslo font pression pour un commerce plus large le dimanche\"}]},{\"@type\":\"WebSite\",\"@id\":\"https:\/\/www.svalbard.fr\/actualites\/#website\",\"url\":\"https:\/\/www.svalbard.fr\/actualites\/\",\"name\":\"www.Svalbard.fr\",\"description\":\"\",\"publisher\":{\"@id\":\"https:\/\/www.svalbard.fr\/actualites\/#organization\"},\"potentialAction\":[{\"@type\":\"SearchAction\",\"target\":{\"@type\":\"EntryPoint\",\"urlTemplate\":\"https:\/\/www.svalbard.fr\/actualites\/?s={search_term_string}\"},\"query-input\":\"required name=search_term_string\"}],\"inLanguage\":\"fr-FR\"},{\"@type\":\"Organization\",\"@id\":\"https:\/\/www.svalbard.fr\/actualites\/#organization\",\"name\":\"www.Svalbard.fr\",\"url\":\"https:\/\/www.svalbard.fr\/actualites\/\",\"logo\":{\"@type\":\"ImageObject\",\"inLanguage\":\"fr-FR\",\"@id\":\"https:\/\/www.svalbard.fr\/actualites\/#\/schema\/logo\/image\/\",\"url\":\"https:\/\/www.svalbard.fr\/actualites\/wp-content\/uploads\/2023\/09\/head-nom.jpg\",\"contentUrl\":\"https:\/\/www.svalbard.fr\/actualites\/wp-content\/uploads\/2023\/09\/head-nom.jpg\",\"width\":264,\"height\":35,\"caption\":\"www.Svalbard.fr\"},\"image\":{\"@id\":\"https:\/\/www.svalbard.fr\/actualites\/#\/schema\/logo\/image\/\"}},{\"@type\":\"Person\",\"@id\":\"https:\/\/www.svalbard.fr\/actualites\/#\/schema\/person\/a2f937d5712222366738fae98755c600\",\"name\":\"Hilmar\",\"image\":{\"@type\":\"ImageObject\",\"inLanguage\":\"fr-FR\",\"@id\":\"https:\/\/www.svalbard.fr\/actualites\/#\/schema\/person\/image\/\",\"url\":\"https:\/\/secure.gravatar.com\/avatar\/4daa437093476dbc32da415c112b6512?s=96&d=mm&r=g\",\"contentUrl\":\"https:\/\/secure.gravatar.com\/avatar\/4daa437093476dbc32da415c112b6512?s=96&d=mm&r=g\",\"caption\":\"Hilmar\"},\"description\":\"Hilmar est un passionn\u00e9 des r\u00e9gions polaires, sp\u00e9cialis\u00e9 dans la r\u00e9daction d'articles sur le Spitzberg et autres destinations arctiques. Il apporte son expertise et sa passion pour l'Arctique au sein de l'\u00e9quipe de r\u00e9daction de Svalbard depuis de nombreuses ann\u00e9es.\",\"sameAs\":[\"https:\/\/www.svalbard.fr\/\"]}]}<\/script>\n<!-- \/ Yoast SEO plugin. -->","yoast_head_json":{"title":"Les dirigeants d'Oslo font pression pour un commerce plus large le dimanche","robots":{"index":"index","follow":"follow","max-snippet":"max-snippet:-1","max-image-preview":"max-image-preview:large","max-video-preview":"max-video-preview:-1"},"canonical":"https:\/\/www.svalbard.fr\/actualites\/les-dirigeants-doslo-font-pression-pour-un-commerce-plus-large-le-dimanche\/","og_locale":"fr_FR","og_type":"article","og_title":"Les dirigeants d'Oslo font pression pour un commerce plus large le dimanche","og_description":"Au c\u0153ur de la Norv\u00e8ge, un d\u00e9bat fait rage sur la possibilit\u00e9 pour un plus grand nombre d&rsquo;entreprises d&rsquo;Oslo d&rsquo;ouvrir leurs portes le dimanche. Voici","og_url":"https:\/\/www.svalbard.fr\/actualites\/les-dirigeants-doslo-font-pression-pour-un-commerce-plus-large-le-dimanche\/","og_site_name":"www.Svalbard.fr","article_published_time":"2024-02-29T08:14:49+00:00","article_modified_time":"2024-02-29T08:14:53+00:00","og_image":[{"width":1640,"height":924,"url":"https:\/\/www.svalbard.fr\/actualites\/wp-content\/uploads\/2024\/02\/1709194491_Les-dirigeants-dOslo-font-pression-pour-un-commerce-plus-large.jpg","type":"image\/jpeg"}],"author":"Hilmar","twitter_card":"summary_large_image","twitter_misc":{"\u00c9crit par":"Hilmar","Dur\u00e9e de lecture estim\u00e9e":"4 minutes"},"schema":{"@context":"https:\/\/schema.org","@graph":[{"@type":"Article","@id":"https:\/\/www.svalbard.fr\/actualites\/les-dirigeants-doslo-font-pression-pour-un-commerce-plus-large-le-dimanche\/#article","isPartOf":{"@id":"https:\/\/www.svalbard.fr\/actualites\/les-dirigeants-doslo-font-pression-pour-un-commerce-plus-large-le-dimanche\/"},"author":{"name":"Hilmar","@id":"https:\/\/www.svalbard.fr\/actualites\/#\/schema\/person\/a2f937d5712222366738fae98755c600"},"headline":"Les dirigeants d&rsquo;Oslo font pression pour un commerce plus large le dimanche","datePublished":"2024-02-29T08:14:49+00:00","dateModified":"2024-02-29T08:14:53+00:00","mainEntityOfPage":{"@id":"https:\/\/www.svalbard.fr\/actualites\/les-dirigeants-doslo-font-pression-pour-un-commerce-plus-large-le-dimanche\/"},"wordCount":752,"publisher":{"@id":"https:\/\/www.svalbard.fr\/actualites\/#organization"},"keywords":["commerce","dimanche","dirigeants","dOslo","font","large","Les","pour","pression"],"articleSection":["Svalbard"],"inLanguage":"fr-FR"},{"@type":"WebPage","@id":"https:\/\/www.svalbard.fr\/actualites\/les-dirigeants-doslo-font-pression-pour-un-commerce-plus-large-le-dimanche\/","url":"https:\/\/www.svalbard.fr\/actualites\/les-dirigeants-doslo-font-pression-pour-un-commerce-plus-large-le-dimanche\/","name":"Les dirigeants d'Oslo font pression pour un commerce plus large le dimanche","isPartOf":{"@id":"https:\/\/www.svalbard.fr\/actualites\/#website"},"datePublished":"2024-02-29T08:14:49+00:00","dateModified":"2024-02-29T08:14:53+00:00","breadcrumb":{"@id":"https:\/\/www.svalbard.fr\/actualites\/les-dirigeants-doslo-font-pression-pour-un-commerce-plus-large-le-dimanche\/#breadcrumb"},"inLanguage":"fr-FR","potentialAction":[{"@type":"ReadAction","target":["https:\/\/www.svalbard.fr\/actualites\/les-dirigeants-doslo-font-pression-pour-un-commerce-plus-large-le-dimanche\/"]}]},{"@type":"BreadcrumbList","@id":"https:\/\/www.svalbard.fr\/actualites\/les-dirigeants-doslo-font-pression-pour-un-commerce-plus-large-le-dimanche\/#breadcrumb","itemListElement":[{"@type":"ListItem","position":1,"name":"Accueil","item":"https:\/\/www.svalbard.fr\/actualites\/"},{"@type":"ListItem","position":2,"name":"Les dirigeants d&rsquo;Oslo font pression pour un commerce plus large le dimanche"}]},{"@type":"WebSite","@id":"https:\/\/www.svalbard.fr\/actualites\/#website","url":"https:\/\/www.svalbard.fr\/actualites\/","name":"www.Svalbard.fr","description":"","publisher":{"@id":"https:\/\/www.svalbard.fr\/actualites\/#organization"},"potentialAction":[{"@type":"SearchAction","target":{"@type":"EntryPoint","urlTemplate":"https:\/\/www.svalbard.fr\/actualites\/?s={search_term_string}"},"query-input":"required name=search_term_string"}],"inLanguage":"fr-FR"},{"@type":"Organization","@id":"https:\/\/www.svalbard.fr\/actualites\/#organization","name":"www.Svalbard.fr","url":"https:\/\/www.svalbard.fr\/actualites\/","logo":{"@type":"ImageObject","inLanguage":"fr-FR","@id":"https:\/\/www.svalbard.fr\/actualites\/#\/schema\/logo\/image\/","url":"https:\/\/www.svalbard.fr\/actualites\/wp-content\/uploads\/2023\/09\/head-nom.jpg","contentUrl":"https:\/\/www.svalbard.fr\/actualites\/wp-content\/uploads\/2023\/09\/head-nom.jpg","width":264,"height":35,"caption":"www.Svalbard.fr"},"image":{"@id":"https:\/\/www.svalbard.fr\/actualites\/#\/schema\/logo\/image\/"}},{"@type":"Person","@id":"https:\/\/www.svalbard.fr\/actualites\/#\/schema\/person\/a2f937d5712222366738fae98755c600","name":"Hilmar","image":{"@type":"ImageObject","inLanguage":"fr-FR","@id":"https:\/\/www.svalbard.fr\/actualites\/#\/schema\/person\/image\/","url":"https:\/\/secure.gravatar.com\/avatar\/4daa437093476dbc32da415c112b6512?s=96&d=mm&r=g","contentUrl":"https:\/\/secure.gravatar.com\/avatar\/4daa437093476dbc32da415c112b6512?s=96&d=mm&r=g","caption":"Hilmar"},"description":"Hilmar est un passionn\u00e9 des r\u00e9gions polaires, sp\u00e9cialis\u00e9 dans la r\u00e9daction d'articles sur le Spitzberg et autres destinations arctiques. Il apporte son expertise et sa passion pour l'Arctique au sein de l'\u00e9quipe de r\u00e9daction de Svalbard depuis de nombreuses ann\u00e9es.","sameAs":["https:\/\/www.svalbard.fr\/"]}]}},"_links":{"self":[{"href":"https:\/\/www.svalbard.fr\/actualites\/wp-json\/wp\/v2\/posts\/688"}],"collection":[{"href":"https:\/\/www.svalbard.fr\/actualites\/wp-json\/wp\/v2\/posts"}],"about":[{"href":"https:\/\/www.svalbard.fr\/actualites\/wp-json\/wp\/v2\/types\/post"}],"author":[{"embeddable":true,"href":"https:\/\/www.svalbard.fr\/actualites\/wp-json\/wp\/v2\/users\/1"}],"replies":[{"embeddable":true,"href":"https:\/\/www.svalbard.fr\/actualites\/wp-json\/wp\/v2\/comments?post=688"}],"version-history":[{"count":1,"href":"https:\/\/www.svalbard.fr\/actualites\/wp-json\/wp\/v2\/posts\/688\/revisions"}],"predecessor-version":[{"id":690,"href":"https:\/\/www.svalbard.fr\/actualites\/wp-json\/wp\/v2\/posts\/688\/revisions\/690"}],"wp:featuredmedia":[{"embeddable":true,"href":"https:\/\/www.svalbard.fr\/actualites\/wp-json\/wp\/v2\/media\/689"}],"wp:attachment":[{"href":"https:\/\/www.svalbard.fr\/actualites\/wp-json\/wp\/v2\/media?parent=688"}],"wp:term":[{"taxonomy":"category","embeddable":true,"href":"https:\/\/www.svalbard.fr\/actualites\/wp-json\/wp\/v2\/categories?post=688"},{"taxonomy":"post_tag","embeddable":true,"href":"https:\/\/www.svalbard.fr\/actualites\/wp-json\/wp\/v2\/tags?post=688"}],"curies":[{"name":"wp","href":"https:\/\/api.w.org\/{rel}","templated":true}]}}