{"id":694,"date":"2024-03-03T18:22:54","date_gmt":"2024-03-03T17:22:54","guid":{"rendered":"https:\/\/www.svalbard.fr\/actualites\/presentation-des-airelles-un-incontournable-scandinave\/"},"modified":"2024-03-03T18:22:58","modified_gmt":"2024-03-03T17:22:58","slug":"presentation-des-airelles-un-incontournable-scandinave","status":"publish","type":"post","link":"https:\/\/www.svalbard.fr\/actualites\/presentation-des-airelles-un-incontournable-scandinave\/","title":{"rendered":"Pr\u00e9sentation des airelles : un incontournable scandinave"},"content":{"rendered":"<div itemprop=\"text\">\n<span id=\"dpsp-post-content-markup\" data-image-pin-it=\"false\"><\/span><\/p>\n<p class=\"intro\">Connue sous le nom de \u00ab tytteb\u00e6r \u00bb en Norv\u00e8ge, l&rsquo;airelle est c\u00e9l\u00e8bre dans le monde entier gr\u00e2ce \u00e0 son utilisation chez IKEA.  Voici l&rsquo;histoire de la baie et comment elle est utilis\u00e9e en Scandinavie.<\/p>\n<p>\u00c9l\u00e9ment important de la cuisine scandinave, l&rsquo;airelle est une petite baie rouge connue pour sa saveur acidul\u00e9e et ses nombreux bienfaits pour la sant\u00e9.  Elle est \u00e9troitement li\u00e9e \u00e0 la canneberge et \u00e0 la myrtille, tant en apparence qu&rsquo;en nutrition.<\/p>\n<figure class=\"wp-block-image size-large\"><noscript><img fetchpriority=\"high\" decoding=\"async\" width=\"768\" height=\"512\" src=\"https:\/\/www.svalbard.fr\/actualites\/wp-content\/uploads\/2024\/03\/Presentation-des-airelles-un-incontournable-scandinave.jpeg\" alt=\"Airelles \u00e0 la main.\" class=\"wp-image-78945\"  ><\/noscript><\/figure>\n<p>Prosp\u00e9rant dans les climats sauvages et froids de l&rsquo;Europe du Nord, ces baies font partie int\u00e9grante de la culture alimentaire de la r\u00e9gion et sont r\u00e9colt\u00e9es depuis des si\u00e8cles.<\/p>\n<h2 class=\"wp-block-heading\">Comment les airelles rouges sont-elles utilis\u00e9es en Scandinavie ?<\/h2>\n<p>En Scandinavie, les airelles rouges (tytteb\u00e6r) sont r\u00e9put\u00e9es pour leur polyvalence et sont utilis\u00e9es dans une vari\u00e9t\u00e9 de plats.  Ils sont couramment servis comme condiment, souvent sous forme de confiture d&rsquo;airelles, accompagnant les plats de viande tels que les boulettes de viande, le gibier et le porc.<\/p>\n<p>Cet accord de viandes savoureuses avec l&rsquo;acidit\u00e9 des airelles cr\u00e9e un \u00e9quilibre harmonieux de saveurs.<\/p>\n<p>Au-del\u00e0 de leur utilisation comme accompagnement, les airelles rouges sont \u00e9galement incorpor\u00e9es dans des desserts, comme le trollkrem norv\u00e9gien, et servent \u00e0 fabriquer des sirops et des jus.<\/p>\n<p>Leur capacit\u00e9 \u00e0 pousser dans des climats rigoureux signifie \u00e9galement qu\u2019ils sont facilement disponibles et r\u00e9colt\u00e9s de mani\u00e8re durable, ce qui en fait une ressource pr\u00e9cieuse dans les pays scandinaves.<\/p>\n<figure class=\"wp-block-image size-large\"><img loading=\"lazy\" data-lazyloaded=\"1\" data-placeholder-resp=\"768x512\" decoding=\"async\" width=\"768\" height=\"512\" src=\"https:\/\/www.svalbard.fr\/actualites\/wp-content\/uploads\/2024\/03\/Presentation-des-airelles-un-incontournable-scandinave.jpg\" alt=\"Un pot de confiture d'airelles.\" class=\"wp-image-78957\"  data-><noscript><img loading=\"lazy\" decoding=\"async\" width=\"768\" height=\"512\" src=\"https:\/\/www.svalbard.fr\/actualites\/wp-content\/uploads\/2024\/03\/Presentation-des-airelles-un-incontournable-scandinave.jpg\" alt=\"Un pot de confiture d'airelles.\" class=\"wp-image-78957\"  ><\/noscript><\/figure>\n<p>M\u00eame les feuilles ont leur utilit\u00e9, r\u00e9colt\u00e9es toute l\u2019ann\u00e9e pour faire un th\u00e9 sucr\u00e9 apr\u00e8s avoir \u00e9t\u00e9 torr\u00e9fi\u00e9es.<\/p>\n<h2 class=\"wp-block-heading\">Les airelles sont-elles saines ?<\/h2>\n<p>La popularit\u00e9 des airelles rouges dans la cuisine scandinave n\u2019est pas seulement due \u00e0 leur saveur unique mais aussi \u00e0 leurs bienfaits nutritionnels.<\/p>\n<p>Riches en vitamines C et E, en fibres alimentaires et en antioxydants, les airelles rouges ont \u00e9t\u00e9 associ\u00e9es \u00e0 divers bienfaits pour la sant\u00e9, notamment des propri\u00e9t\u00e9s anti-inflammatoires, une meilleure sant\u00e9 cardiaque et une r\u00e9duction du risque de certaines maladies.<\/p>\n<h2 class=\"wp-block-heading\">Histoire viking de l&rsquo;airelle rouge<\/h2>\n<p>Bien qu\u2019il existe peu de preuves historiques directes sur les habitudes alimentaires sp\u00e9cifiques des Vikings, nous pouvons faire des suppositions fond\u00e9es sur ce que nous savons de leur environnement et des ressources dont ils disposent.<\/p>\n<p>Les airelles rouges sont connues pour leur capacit\u00e9 \u00e0 se conserver pendant de longues p\u00e9riodes.  Cela aurait \u00e9t\u00e9 avantageux pendant les longs et rigoureux mois d\u2019hiver en Scandinavie.<\/p>\n<p>Ils sont riches en vitamines, notamment en vitamine C, essentielle pour lutter contre le scorbut pendant les longs mois d\u2019hiver.<\/p>\n<figure class=\"wp-block-image size-large\"><img loading=\"lazy\" data-lazyloaded=\"1\" data-placeholder-resp=\"768x512\" decoding=\"async\" width=\"768\" height=\"512\" src=\"https:\/\/www.svalbard.fr\/actualites\/wp-content\/uploads\/2024\/03\/1709486574_246_Presentation-des-airelles-un-incontournable-scandinave.jpg\" alt=\"Airelles rouges en Norv\u00e8ge\" class=\"wp-image-78953\"  data-><noscript><img loading=\"lazy\" decoding=\"async\" width=\"768\" height=\"512\" src=\"https:\/\/www.svalbard.fr\/actualites\/wp-content\/uploads\/2024\/03\/1709486574_246_Presentation-des-airelles-un-incontournable-scandinave.jpg\" alt=\"Airelles rouges en Norv\u00e8ge\" class=\"wp-image-78953\"  ><\/noscript><\/figure>\n<p>Nous savons que les Vikings savaient tirer parti de leurs ressources naturelles. Il est donc raisonnable de supposer qu&rsquo;ils auraient utilis\u00e9 les airelles rouges, non seulement pour leur valeur nutritionnelle mais aussi pour leur saveur.<\/p>\n<p>Le secret qui permet aux airelles de durer plus longtemps que les autres baies est leur teneur \u00e9lev\u00e9e en acide benzo\u00efque, un conservateur naturel.  Les propri\u00e9t\u00e9s antimicrobiennes de ce compos\u00e9 aident \u00e0 les garder frais pendant de longues p\u00e9riodes.<\/p>\n<p>Cela permet de les conserver pendant de longues p\u00e9riodes, notamment lorsqu\u2019ils sont simplement immerg\u00e9s dans l\u2019eau ou le miel.  C&rsquo;est une m\u00e9thode probablement appr\u00e9ci\u00e9e par les Vikings.<\/p>\n<p>Fait int\u00e9ressant, les airelles poussent \u00e0 Terre-Neuve, au Canada, \u00e0 L&rsquo;Anse aux Meadows.  C&rsquo;est le site d&rsquo;une colonie viking confirm\u00e9e.  Ici, les locaux appellent ces baies \u00ab baies de perdrix \u00bb.<\/p>\n<p>Cette co\u00efncidence g\u00e9ographique ajoute du poids \u00e0 la th\u00e9orie selon laquelle les Vikings auraient pu consommer des airelles rouges dans le cadre de leur alimentation.<\/p>\n<h2 class=\"wp-block-heading\">O\u00f9 puis-je trouver des airelles rouges ?<\/h2>\n<p>Que vous soyez au Royaume-Uni ou aux \u00c9tats-Unis, la meilleure fa\u00e7on d&rsquo;obtenir des airelles rouges est de trouver un magasin sp\u00e9cialis\u00e9 scandinave.  IKEA vend de la confiture d&rsquo;airelles.<\/p>\n<p>Si vous \u00eates en \u00c9cosse, vous voudrez peut-\u00eatre essayer de choisir le v\u00f4tre.  Elles sont connues sous le nom de \u00ab airelles rouges \u00bb en \u00c9cosse, tandis qu&rsquo;elles sont \u00e9galement appel\u00e9es \u00ab canneberges des montagnes \u00bb dans certaines r\u00e9gions du monde.<\/p>\n<p><strong>\u00cates-vous fan d&rsquo;airelles rouges?<\/strong> Faites-nous part de vos r\u00e9flexions dans les commentaires.<\/p>\n<\/div>\n","protected":false},"excerpt":{"rendered":"<p>Connue sous le nom de \u00ab tytteb\u00e6r \u00bb en Norv\u00e8ge, l&rsquo;airelle est c\u00e9l\u00e8bre dans le monde entier gr\u00e2ce \u00e0 son utilisation chez IKEA. Voici l&rsquo;histoire<\/p>\n","protected":false},"author":1,"featured_media":695,"comment_status":"closed","ping_status":"","sticky":false,"template":"","format":"standard","meta":{"footnotes":""},"categories":[1],"tags":[932,8,933,931,265],"yoast_head":"<!-- This site is optimized with the Yoast SEO plugin v21.0 - https:\/\/yoast.com\/wordpress\/plugins\/seo\/ -->\n<title>Pr\u00e9sentation des airelles : un incontournable scandinave<\/title>\n<meta name=\"robots\" content=\"index, follow, max-snippet:-1, max-image-preview:large, max-video-preview:-1\" \/>\n<link rel=\"canonical\" href=\"https:\/\/www.svalbard.fr\/actualites\/presentation-des-airelles-un-incontournable-scandinave\/\" \/>\n<meta property=\"og:locale\" content=\"fr_FR\" \/>\n<meta property=\"og:type\" content=\"article\" \/>\n<meta property=\"og:title\" content=\"Pr\u00e9sentation des airelles : un incontournable scandinave\" \/>\n<meta property=\"og:description\" content=\"Connue sous le nom de \u00ab tytteb\u00e6r \u00bb en Norv\u00e8ge, l&rsquo;airelle est c\u00e9l\u00e8bre dans le monde entier gr\u00e2ce \u00e0 son utilisation chez IKEA. Voici l&rsquo;histoire\" \/>\n<meta property=\"og:url\" content=\"https:\/\/www.svalbard.fr\/actualites\/presentation-des-airelles-un-incontournable-scandinave\/\" \/>\n<meta property=\"og:site_name\" content=\"www.Svalbard.fr\" \/>\n<meta property=\"article:published_time\" content=\"2024-03-03T17:22:54+00:00\" \/>\n<meta property=\"article:modified_time\" content=\"2024-03-03T17:22:58+00:00\" \/>\n<meta property=\"og:image\" content=\"https:\/\/www.svalbard.fr\/actualites\/wp-content\/uploads\/2024\/03\/1709486576_Presentation-des-airelles-un-incontournable-scandinave.jpeg\" \/>\n\t<meta property=\"og:image:width\" content=\"1080\" \/>\n\t<meta property=\"og:image:height\" content=\"720\" \/>\n\t<meta property=\"og:image:type\" content=\"image\/jpeg\" \/>\n<meta name=\"author\" content=\"Hilmar\" \/>\n<meta name=\"twitter:card\" content=\"summary_large_image\" \/>\n<meta name=\"twitter:label1\" content=\"\u00c9crit par\" \/>\n\t<meta name=\"twitter:data1\" content=\"Hilmar\" \/>\n\t<meta name=\"twitter:label2\" content=\"Dur\u00e9e de lecture estim\u00e9e\" \/>\n\t<meta name=\"twitter:data2\" content=\"4 minutes\" \/>\n<script type=\"application\/ld+json\" class=\"yoast-schema-graph\">{\"@context\":\"https:\/\/schema.org\",\"@graph\":[{\"@type\":\"Article\",\"@id\":\"https:\/\/www.svalbard.fr\/actualites\/presentation-des-airelles-un-incontournable-scandinave\/#article\",\"isPartOf\":{\"@id\":\"https:\/\/www.svalbard.fr\/actualites\/presentation-des-airelles-un-incontournable-scandinave\/\"},\"author\":{\"name\":\"Hilmar\",\"@id\":\"https:\/\/www.svalbard.fr\/actualites\/#\/schema\/person\/a2f937d5712222366738fae98755c600\"},\"headline\":\"Pr\u00e9sentation des airelles : un incontournable scandinave\",\"datePublished\":\"2024-03-03T17:22:54+00:00\",\"dateModified\":\"2024-03-03T17:22:58+00:00\",\"mainEntityOfPage\":{\"@id\":\"https:\/\/www.svalbard.fr\/actualites\/presentation-des-airelles-un-incontournable-scandinave\/\"},\"wordCount\":707,\"publisher\":{\"@id\":\"https:\/\/www.svalbard.fr\/actualites\/#organization\"},\"keywords\":[\"airelles\",\"des\",\"incontournable\",\"Pr\u00e9sentation\",\"scandinave\"],\"articleSection\":[\"Svalbard\"],\"inLanguage\":\"fr-FR\"},{\"@type\":\"WebPage\",\"@id\":\"https:\/\/www.svalbard.fr\/actualites\/presentation-des-airelles-un-incontournable-scandinave\/\",\"url\":\"https:\/\/www.svalbard.fr\/actualites\/presentation-des-airelles-un-incontournable-scandinave\/\",\"name\":\"Pr\u00e9sentation des airelles : un incontournable scandinave\",\"isPartOf\":{\"@id\":\"https:\/\/www.svalbard.fr\/actualites\/#website\"},\"datePublished\":\"2024-03-03T17:22:54+00:00\",\"dateModified\":\"2024-03-03T17:22:58+00:00\",\"breadcrumb\":{\"@id\":\"https:\/\/www.svalbard.fr\/actualites\/presentation-des-airelles-un-incontournable-scandinave\/#breadcrumb\"},\"inLanguage\":\"fr-FR\",\"potentialAction\":[{\"@type\":\"ReadAction\",\"target\":[\"https:\/\/www.svalbard.fr\/actualites\/presentation-des-airelles-un-incontournable-scandinave\/\"]}]},{\"@type\":\"BreadcrumbList\",\"@id\":\"https:\/\/www.svalbard.fr\/actualites\/presentation-des-airelles-un-incontournable-scandinave\/#breadcrumb\",\"itemListElement\":[{\"@type\":\"ListItem\",\"position\":1,\"name\":\"Accueil\",\"item\":\"https:\/\/www.svalbard.fr\/actualites\/\"},{\"@type\":\"ListItem\",\"position\":2,\"name\":\"Pr\u00e9sentation des airelles : un incontournable scandinave\"}]},{\"@type\":\"WebSite\",\"@id\":\"https:\/\/www.svalbard.fr\/actualites\/#website\",\"url\":\"https:\/\/www.svalbard.fr\/actualites\/\",\"name\":\"www.Svalbard.fr\",\"description\":\"\",\"publisher\":{\"@id\":\"https:\/\/www.svalbard.fr\/actualites\/#organization\"},\"potentialAction\":[{\"@type\":\"SearchAction\",\"target\":{\"@type\":\"EntryPoint\",\"urlTemplate\":\"https:\/\/www.svalbard.fr\/actualites\/?s={search_term_string}\"},\"query-input\":\"required name=search_term_string\"}],\"inLanguage\":\"fr-FR\"},{\"@type\":\"Organization\",\"@id\":\"https:\/\/www.svalbard.fr\/actualites\/#organization\",\"name\":\"www.Svalbard.fr\",\"url\":\"https:\/\/www.svalbard.fr\/actualites\/\",\"logo\":{\"@type\":\"ImageObject\",\"inLanguage\":\"fr-FR\",\"@id\":\"https:\/\/www.svalbard.fr\/actualites\/#\/schema\/logo\/image\/\",\"url\":\"https:\/\/www.svalbard.fr\/actualites\/wp-content\/uploads\/2023\/09\/head-nom.jpg\",\"contentUrl\":\"https:\/\/www.svalbard.fr\/actualites\/wp-content\/uploads\/2023\/09\/head-nom.jpg\",\"width\":264,\"height\":35,\"caption\":\"www.Svalbard.fr\"},\"image\":{\"@id\":\"https:\/\/www.svalbard.fr\/actualites\/#\/schema\/logo\/image\/\"}},{\"@type\":\"Person\",\"@id\":\"https:\/\/www.svalbard.fr\/actualites\/#\/schema\/person\/a2f937d5712222366738fae98755c600\",\"name\":\"Hilmar\",\"image\":{\"@type\":\"ImageObject\",\"inLanguage\":\"fr-FR\",\"@id\":\"https:\/\/www.svalbard.fr\/actualites\/#\/schema\/person\/image\/\",\"url\":\"https:\/\/secure.gravatar.com\/avatar\/4daa437093476dbc32da415c112b6512?s=96&d=mm&r=g\",\"contentUrl\":\"https:\/\/secure.gravatar.com\/avatar\/4daa437093476dbc32da415c112b6512?s=96&d=mm&r=g\",\"caption\":\"Hilmar\"},\"description\":\"Hilmar est un passionn\u00e9 des r\u00e9gions polaires, sp\u00e9cialis\u00e9 dans la r\u00e9daction d'articles sur le Spitzberg et autres destinations arctiques. Il apporte son expertise et sa passion pour l'Arctique au sein de l'\u00e9quipe de r\u00e9daction de Svalbard depuis de nombreuses ann\u00e9es.\",\"sameAs\":[\"https:\/\/www.svalbard.fr\/\"]}]}<\/script>\n<!-- \/ Yoast SEO plugin. -->","yoast_head_json":{"title":"Pr\u00e9sentation des airelles : un incontournable scandinave","robots":{"index":"index","follow":"follow","max-snippet":"max-snippet:-1","max-image-preview":"max-image-preview:large","max-video-preview":"max-video-preview:-1"},"canonical":"https:\/\/www.svalbard.fr\/actualites\/presentation-des-airelles-un-incontournable-scandinave\/","og_locale":"fr_FR","og_type":"article","og_title":"Pr\u00e9sentation des airelles : un incontournable scandinave","og_description":"Connue sous le nom de \u00ab tytteb\u00e6r \u00bb en Norv\u00e8ge, l&rsquo;airelle est c\u00e9l\u00e8bre dans le monde entier gr\u00e2ce \u00e0 son utilisation chez IKEA. Voici l&rsquo;histoire","og_url":"https:\/\/www.svalbard.fr\/actualites\/presentation-des-airelles-un-incontournable-scandinave\/","og_site_name":"www.Svalbard.fr","article_published_time":"2024-03-03T17:22:54+00:00","article_modified_time":"2024-03-03T17:22:58+00:00","og_image":[{"width":1080,"height":720,"url":"https:\/\/www.svalbard.fr\/actualites\/wp-content\/uploads\/2024\/03\/1709486576_Presentation-des-airelles-un-incontournable-scandinave.jpeg","type":"image\/jpeg"}],"author":"Hilmar","twitter_card":"summary_large_image","twitter_misc":{"\u00c9crit par":"Hilmar","Dur\u00e9e de lecture estim\u00e9e":"4 minutes"},"schema":{"@context":"https:\/\/schema.org","@graph":[{"@type":"Article","@id":"https:\/\/www.svalbard.fr\/actualites\/presentation-des-airelles-un-incontournable-scandinave\/#article","isPartOf":{"@id":"https:\/\/www.svalbard.fr\/actualites\/presentation-des-airelles-un-incontournable-scandinave\/"},"author":{"name":"Hilmar","@id":"https:\/\/www.svalbard.fr\/actualites\/#\/schema\/person\/a2f937d5712222366738fae98755c600"},"headline":"Pr\u00e9sentation des airelles : un incontournable scandinave","datePublished":"2024-03-03T17:22:54+00:00","dateModified":"2024-03-03T17:22:58+00:00","mainEntityOfPage":{"@id":"https:\/\/www.svalbard.fr\/actualites\/presentation-des-airelles-un-incontournable-scandinave\/"},"wordCount":707,"publisher":{"@id":"https:\/\/www.svalbard.fr\/actualites\/#organization"},"keywords":["airelles","des","incontournable","Pr\u00e9sentation","scandinave"],"articleSection":["Svalbard"],"inLanguage":"fr-FR"},{"@type":"WebPage","@id":"https:\/\/www.svalbard.fr\/actualites\/presentation-des-airelles-un-incontournable-scandinave\/","url":"https:\/\/www.svalbard.fr\/actualites\/presentation-des-airelles-un-incontournable-scandinave\/","name":"Pr\u00e9sentation des airelles : un incontournable scandinave","isPartOf":{"@id":"https:\/\/www.svalbard.fr\/actualites\/#website"},"datePublished":"2024-03-03T17:22:54+00:00","dateModified":"2024-03-03T17:22:58+00:00","breadcrumb":{"@id":"https:\/\/www.svalbard.fr\/actualites\/presentation-des-airelles-un-incontournable-scandinave\/#breadcrumb"},"inLanguage":"fr-FR","potentialAction":[{"@type":"ReadAction","target":["https:\/\/www.svalbard.fr\/actualites\/presentation-des-airelles-un-incontournable-scandinave\/"]}]},{"@type":"BreadcrumbList","@id":"https:\/\/www.svalbard.fr\/actualites\/presentation-des-airelles-un-incontournable-scandinave\/#breadcrumb","itemListElement":[{"@type":"ListItem","position":1,"name":"Accueil","item":"https:\/\/www.svalbard.fr\/actualites\/"},{"@type":"ListItem","position":2,"name":"Pr\u00e9sentation des airelles : un incontournable scandinave"}]},{"@type":"WebSite","@id":"https:\/\/www.svalbard.fr\/actualites\/#website","url":"https:\/\/www.svalbard.fr\/actualites\/","name":"www.Svalbard.fr","description":"","publisher":{"@id":"https:\/\/www.svalbard.fr\/actualites\/#organization"},"potentialAction":[{"@type":"SearchAction","target":{"@type":"EntryPoint","urlTemplate":"https:\/\/www.svalbard.fr\/actualites\/?s={search_term_string}"},"query-input":"required name=search_term_string"}],"inLanguage":"fr-FR"},{"@type":"Organization","@id":"https:\/\/www.svalbard.fr\/actualites\/#organization","name":"www.Svalbard.fr","url":"https:\/\/www.svalbard.fr\/actualites\/","logo":{"@type":"ImageObject","inLanguage":"fr-FR","@id":"https:\/\/www.svalbard.fr\/actualites\/#\/schema\/logo\/image\/","url":"https:\/\/www.svalbard.fr\/actualites\/wp-content\/uploads\/2023\/09\/head-nom.jpg","contentUrl":"https:\/\/www.svalbard.fr\/actualites\/wp-content\/uploads\/2023\/09\/head-nom.jpg","width":264,"height":35,"caption":"www.Svalbard.fr"},"image":{"@id":"https:\/\/www.svalbard.fr\/actualites\/#\/schema\/logo\/image\/"}},{"@type":"Person","@id":"https:\/\/www.svalbard.fr\/actualites\/#\/schema\/person\/a2f937d5712222366738fae98755c600","name":"Hilmar","image":{"@type":"ImageObject","inLanguage":"fr-FR","@id":"https:\/\/www.svalbard.fr\/actualites\/#\/schema\/person\/image\/","url":"https:\/\/secure.gravatar.com\/avatar\/4daa437093476dbc32da415c112b6512?s=96&d=mm&r=g","contentUrl":"https:\/\/secure.gravatar.com\/avatar\/4daa437093476dbc32da415c112b6512?s=96&d=mm&r=g","caption":"Hilmar"},"description":"Hilmar est un passionn\u00e9 des r\u00e9gions polaires, sp\u00e9cialis\u00e9 dans la r\u00e9daction d'articles sur le Spitzberg et autres destinations arctiques. Il apporte son expertise et sa passion pour l'Arctique au sein de l'\u00e9quipe de r\u00e9daction de Svalbard depuis de nombreuses ann\u00e9es.","sameAs":["https:\/\/www.svalbard.fr\/"]}]}},"_links":{"self":[{"href":"https:\/\/www.svalbard.fr\/actualites\/wp-json\/wp\/v2\/posts\/694"}],"collection":[{"href":"https:\/\/www.svalbard.fr\/actualites\/wp-json\/wp\/v2\/posts"}],"about":[{"href":"https:\/\/www.svalbard.fr\/actualites\/wp-json\/wp\/v2\/types\/post"}],"author":[{"embeddable":true,"href":"https:\/\/www.svalbard.fr\/actualites\/wp-json\/wp\/v2\/users\/1"}],"replies":[{"embeddable":true,"href":"https:\/\/www.svalbard.fr\/actualites\/wp-json\/wp\/v2\/comments?post=694"}],"version-history":[{"count":1,"href":"https:\/\/www.svalbard.fr\/actualites\/wp-json\/wp\/v2\/posts\/694\/revisions"}],"predecessor-version":[{"id":696,"href":"https:\/\/www.svalbard.fr\/actualites\/wp-json\/wp\/v2\/posts\/694\/revisions\/696"}],"wp:featuredmedia":[{"embeddable":true,"href":"https:\/\/www.svalbard.fr\/actualites\/wp-json\/wp\/v2\/media\/695"}],"wp:attachment":[{"href":"https:\/\/www.svalbard.fr\/actualites\/wp-json\/wp\/v2\/media?parent=694"}],"wp:term":[{"taxonomy":"category","embeddable":true,"href":"https:\/\/www.svalbard.fr\/actualites\/wp-json\/wp\/v2\/categories?post=694"},{"taxonomy":"post_tag","embeddable":true,"href":"https:\/\/www.svalbard.fr\/actualites\/wp-json\/wp\/v2\/tags?post=694"}],"curies":[{"name":"wp","href":"https:\/\/api.w.org\/{rel}","templated":true}]}}