{"id":726,"date":"2024-03-12T14:40:27","date_gmt":"2024-03-12T13:40:27","guid":{"rendered":"https:\/\/www.svalbard.fr\/actualites\/le-point-sur-la-sante-du-roi-harald-publie-aujourdhui-apres-une-operation-reussie-avec-un-stimulateur-cardiaque\/"},"modified":"2024-03-12T14:40:29","modified_gmt":"2024-03-12T13:40:29","slug":"le-point-sur-la-sante-du-roi-harald-publie-aujourdhui-apres-une-operation-reussie-avec-un-stimulateur-cardiaque","status":"publish","type":"post","link":"https:\/\/www.svalbard.fr\/actualites\/le-point-sur-la-sante-du-roi-harald-publie-aujourdhui-apres-une-operation-reussie-avec-un-stimulateur-cardiaque\/","title":{"rendered":"Le point sur la sant\u00e9 du roi Harald publi\u00e9 aujourd&rsquo;hui apr\u00e8s une op\u00e9ration \u00ab r\u00e9ussie \u00bb avec un stimulateur cardiaque"},"content":{"rendered":"<div>\n<p>Le roi Harald de Norv\u00e8ge a subi aujourd&rsquo;hui une \u00ab\u00a0op\u00e9ration r\u00e9ussie\u00a0\u00bb suite \u00e0 une intervention chirurgicale visant \u00e0 recevoir un stimulateur cardiaque permanent.  L&rsquo;implant contribuera \u00e0 garantir que le c\u0153ur de Harald bat r\u00e9guli\u00e8rement.<\/p>\n<p>La cour royale a d\u00e9clar\u00e9 que le roi Harald V resterait \u00e0 l&rsquo;h\u00f4pital universitaire d&rsquo;Oslo, Rikshospitalet, pendant encore quelques jours apr\u00e8s l&rsquo;intervention.<\/p>\n<p>L&rsquo;homme de 87 ans a \u00e9t\u00e9 hospitalis\u00e9 \u00e0 la fin du mois dernier pour une infection alors qu&rsquo;il \u00e9tait en vacances en Malaisie, o\u00f9 il a re\u00e7u un appareil temporaire, mais il a ensuite \u00e9t\u00e9 transf\u00e9r\u00e9 en Norv\u00e8ge pour un traitement plus approfondi.<\/p>\n<p>Il \u00e9tait tomb\u00e9 malade alors qu&rsquo;il \u00e9tait en vacances avec sa femme, la reine Sonja, sur l&rsquo;\u00eele baln\u00e9aire malaisienne de Langkawi.<\/p>\n<p>Le roi Harald est le chef d&rsquo;\u00c9tat de la Norv\u00e8ge depuis 1991 et est actuellement le monarque vivant le plus \u00e2g\u00e9 d&rsquo;Europe.  Il a malheureusement \u00e9t\u00e9 hospitalis\u00e9 pour des infections au cours des derni\u00e8res ann\u00e9es, selon Reuters. <\/p>\n<\/div>\n<div>\n<p>Dans une pr\u00e9c\u00e9dente mise \u00e0 jour partag\u00e9e sur la plateforme de m\u00e9dias sociaux X, par Majesty Magazine, le m\u00e9decin personnel du roi, Bjorn Bendz, a d\u00e9clar\u00e9 que le stimulateur cardiaque temporaire avait \u00e9t\u00e9 install\u00e9 \u00ab\u00a0en raison d&rsquo;une faible fr\u00e9quence cardiaque\u00a0\u00bb.<\/p>\n<p>De la part du personnel m\u00e9dical malaisien et norv\u00e9gien, le roi a re\u00e7u \u00ab de bons soins de suivi \u00bb.  Cela aurait rendu plus s\u00fbr le retour en Norv\u00e8ge, o\u00f9 le roi Harald a \u00e9t\u00e9 op\u00e9r\u00e9 aujourd&rsquo;hui. <\/p>\n<p>En raison de l&rsquo;absence de son p\u00e8re, le prince h\u00e9ritier Haakon, 50 ans, s&rsquo;acquitte des fonctions royales de son p\u00e8re.  Les fonctions de Harald en tant que chef de l&rsquo;\u00c9tat norv\u00e9gien sont c\u00e9r\u00e9monielles et il ne d\u00e9tient aucun pouvoir politique.<\/p>\n<p>Pendant son s\u00e9jour \u00e0 l&rsquo;h\u00f4pital, le monarque a re\u00e7u le soutien de sa famille proche, notamment de la princesse h\u00e9riti\u00e8re Mette-Marit, 50 ans, et de sa fille, la princesse Ingrid Alexandra, 20 ans.<\/p>\n<\/div>\n<div>\n<p>Le roi de Norv\u00e8ge a d\u00e9clar\u00e9 \u00e0 plusieurs reprises qu&rsquo;il n&rsquo;avait pas l&rsquo;intention d&rsquo;abdiquer, contrairement \u00e0 sa cousine germaine, la reine Margrethe II du Danemark, qui a d\u00e9missionn\u00e9 plus t\u00f4t cette ann\u00e9e.<\/p>\n<p>Le roi de Norv\u00e8ge aurait d\u00e9clar\u00e9 aux m\u00e9dias norv\u00e9giens que le serment qu&rsquo;il avait pr\u00eat\u00e9 en 1991 \u00e9tait \u00ab \u00e0 vie \u00bb.<\/p>\n<p>La correspondante royale de la cha\u00eene norv\u00e9gienne NRK TV, Kristi Marie Skrede, a d\u00e9clar\u00e9 : \u00ab\u00a0Les Norv\u00e9giens soutiendront Harald (s&rsquo;il abdique), mais ils sont tr\u00e8s impressionn\u00e9s qu&rsquo;il soit toujours sur le tr\u00f4ne malgr\u00e9 tous ses probl\u00e8mes de sant\u00e9.\u00a0\u00bb<\/p>\n<p>Les taux d&rsquo;approbation des r\u00e9gents danois et norv\u00e9giens oscillent syst\u00e9matiquement autour de la barre des 80 %.<\/p>\n<\/div>\n","protected":false},"excerpt":{"rendered":"<p>Le roi Harald de Norv\u00e8ge a subi aujourd&rsquo;hui une \u00ab\u00a0op\u00e9ration r\u00e9ussie\u00a0\u00bb suite \u00e0 une intervention chirurgicale visant \u00e0 recevoir un stimulateur cardiaque permanent. L&rsquo;implant contribuera<\/p>\n","protected":false},"author":1,"featured_media":727,"comment_status":"closed","ping_status":"","sticky":false,"template":"","format":"standard","meta":{"footnotes":""},"categories":[1],"tags":[73,959,66,963,508,960,956,958,961,507,957,962,28,18],"yoast_head":"<!-- This site is optimized with the Yoast SEO plugin v21.0 - https:\/\/yoast.com\/wordpress\/plugins\/seo\/ -->\n<title>Le point sur la sant\u00e9 du roi Harald publi\u00e9 aujourd&#039;hui apr\u00e8s une op\u00e9ration \u00ab r\u00e9ussie \u00bb avec un stimulateur cardiaque<\/title>\n<meta name=\"robots\" content=\"index, follow, max-snippet:-1, max-image-preview:large, max-video-preview:-1\" \/>\n<link rel=\"canonical\" href=\"https:\/\/www.svalbard.fr\/actualites\/le-point-sur-la-sante-du-roi-harald-publie-aujourdhui-apres-une-operation-reussie-avec-un-stimulateur-cardiaque\/\" \/>\n<meta property=\"og:locale\" content=\"fr_FR\" \/>\n<meta property=\"og:type\" content=\"article\" \/>\n<meta property=\"og:title\" content=\"Le point sur la sant\u00e9 du roi Harald publi\u00e9 aujourd&#039;hui apr\u00e8s une op\u00e9ration \u00ab r\u00e9ussie \u00bb avec un stimulateur cardiaque\" \/>\n<meta property=\"og:description\" content=\"Le roi Harald de Norv\u00e8ge a subi aujourd&rsquo;hui une \u00ab\u00a0op\u00e9ration r\u00e9ussie\u00a0\u00bb suite \u00e0 une intervention chirurgicale visant \u00e0 recevoir un stimulateur cardiaque permanent. L&rsquo;implant contribuera\" \/>\n<meta property=\"og:url\" content=\"https:\/\/www.svalbard.fr\/actualites\/le-point-sur-la-sante-du-roi-harald-publie-aujourdhui-apres-une-operation-reussie-avec-un-stimulateur-cardiaque\/\" \/>\n<meta property=\"og:site_name\" content=\"www.Svalbard.fr\" \/>\n<meta property=\"article:published_time\" content=\"2024-03-12T13:40:27+00:00\" \/>\n<meta property=\"article:modified_time\" content=\"2024-03-12T13:40:29+00:00\" \/>\n<meta property=\"og:image\" content=\"https:\/\/www.svalbard.fr\/actualites\/wp-content\/uploads\/2024\/03\/Le-point-sur-la-sante-du-roi-Harald-publie-aujourdhui.jpg\" \/>\n\t<meta property=\"og:image:width\" content=\"1200\" \/>\n\t<meta property=\"og:image:height\" content=\"630\" \/>\n\t<meta property=\"og:image:type\" content=\"image\/jpeg\" \/>\n<meta name=\"author\" content=\"Hilmar\" \/>\n<meta name=\"twitter:card\" content=\"summary_large_image\" \/>\n<meta name=\"twitter:label1\" content=\"\u00c9crit par\" \/>\n\t<meta name=\"twitter:data1\" content=\"Hilmar\" \/>\n\t<meta name=\"twitter:label2\" content=\"Dur\u00e9e de lecture estim\u00e9e\" \/>\n\t<meta name=\"twitter:data2\" content=\"2 minutes\" \/>\n<script type=\"application\/ld+json\" class=\"yoast-schema-graph\">{\"@context\":\"https:\/\/schema.org\",\"@graph\":[{\"@type\":\"Article\",\"@id\":\"https:\/\/www.svalbard.fr\/actualites\/le-point-sur-la-sante-du-roi-harald-publie-aujourdhui-apres-une-operation-reussie-avec-un-stimulateur-cardiaque\/#article\",\"isPartOf\":{\"@id\":\"https:\/\/www.svalbard.fr\/actualites\/le-point-sur-la-sante-du-roi-harald-publie-aujourdhui-apres-une-operation-reussie-avec-un-stimulateur-cardiaque\/\"},\"author\":{\"name\":\"Hilmar\",\"@id\":\"https:\/\/www.svalbard.fr\/actualites\/#\/schema\/person\/a2f937d5712222366738fae98755c600\"},\"headline\":\"Le point sur la sant\u00e9 du roi Harald publi\u00e9 aujourd&rsquo;hui apr\u00e8s une op\u00e9ration \u00ab r\u00e9ussie \u00bb avec un stimulateur cardiaque\",\"datePublished\":\"2024-03-12T13:40:27+00:00\",\"dateModified\":\"2024-03-12T13:40:29+00:00\",\"mainEntityOfPage\":{\"@id\":\"https:\/\/www.svalbard.fr\/actualites\/le-point-sur-la-sante-du-roi-harald-publie-aujourdhui-apres-une-operation-reussie-avec-un-stimulateur-cardiaque\/\"},\"wordCount\":479,\"publisher\":{\"@id\":\"https:\/\/www.svalbard.fr\/actualites\/#organization\"},\"keywords\":[\"apr\u00e8s\",\"aujourdhui\",\"avec\",\"cardiaque\",\"Harald\",\"op\u00e9ration\",\"point\",\"publi\u00e9\",\"r\u00e9ussie\",\"roi\",\"sant\u00e9\",\"stimulateur\",\"sur\",\"Une\"],\"articleSection\":[\"Svalbard\"],\"inLanguage\":\"fr-FR\"},{\"@type\":\"WebPage\",\"@id\":\"https:\/\/www.svalbard.fr\/actualites\/le-point-sur-la-sante-du-roi-harald-publie-aujourdhui-apres-une-operation-reussie-avec-un-stimulateur-cardiaque\/\",\"url\":\"https:\/\/www.svalbard.fr\/actualites\/le-point-sur-la-sante-du-roi-harald-publie-aujourdhui-apres-une-operation-reussie-avec-un-stimulateur-cardiaque\/\",\"name\":\"Le point sur la sant\u00e9 du roi Harald publi\u00e9 aujourd'hui apr\u00e8s une op\u00e9ration \u00ab r\u00e9ussie \u00bb avec un stimulateur cardiaque\",\"isPartOf\":{\"@id\":\"https:\/\/www.svalbard.fr\/actualites\/#website\"},\"datePublished\":\"2024-03-12T13:40:27+00:00\",\"dateModified\":\"2024-03-12T13:40:29+00:00\",\"breadcrumb\":{\"@id\":\"https:\/\/www.svalbard.fr\/actualites\/le-point-sur-la-sante-du-roi-harald-publie-aujourdhui-apres-une-operation-reussie-avec-un-stimulateur-cardiaque\/#breadcrumb\"},\"inLanguage\":\"fr-FR\",\"potentialAction\":[{\"@type\":\"ReadAction\",\"target\":[\"https:\/\/www.svalbard.fr\/actualites\/le-point-sur-la-sante-du-roi-harald-publie-aujourdhui-apres-une-operation-reussie-avec-un-stimulateur-cardiaque\/\"]}]},{\"@type\":\"BreadcrumbList\",\"@id\":\"https:\/\/www.svalbard.fr\/actualites\/le-point-sur-la-sante-du-roi-harald-publie-aujourdhui-apres-une-operation-reussie-avec-un-stimulateur-cardiaque\/#breadcrumb\",\"itemListElement\":[{\"@type\":\"ListItem\",\"position\":1,\"name\":\"Accueil\",\"item\":\"https:\/\/www.svalbard.fr\/actualites\/\"},{\"@type\":\"ListItem\",\"position\":2,\"name\":\"Le point sur la sant\u00e9 du roi Harald publi\u00e9 aujourd&rsquo;hui apr\u00e8s une op\u00e9ration \u00ab r\u00e9ussie \u00bb avec un stimulateur cardiaque\"}]},{\"@type\":\"WebSite\",\"@id\":\"https:\/\/www.svalbard.fr\/actualites\/#website\",\"url\":\"https:\/\/www.svalbard.fr\/actualites\/\",\"name\":\"www.Svalbard.fr\",\"description\":\"\",\"publisher\":{\"@id\":\"https:\/\/www.svalbard.fr\/actualites\/#organization\"},\"potentialAction\":[{\"@type\":\"SearchAction\",\"target\":{\"@type\":\"EntryPoint\",\"urlTemplate\":\"https:\/\/www.svalbard.fr\/actualites\/?s={search_term_string}\"},\"query-input\":\"required name=search_term_string\"}],\"inLanguage\":\"fr-FR\"},{\"@type\":\"Organization\",\"@id\":\"https:\/\/www.svalbard.fr\/actualites\/#organization\",\"name\":\"www.Svalbard.fr\",\"url\":\"https:\/\/www.svalbard.fr\/actualites\/\",\"logo\":{\"@type\":\"ImageObject\",\"inLanguage\":\"fr-FR\",\"@id\":\"https:\/\/www.svalbard.fr\/actualites\/#\/schema\/logo\/image\/\",\"url\":\"https:\/\/www.svalbard.fr\/actualites\/wp-content\/uploads\/2023\/09\/head-nom.jpg\",\"contentUrl\":\"https:\/\/www.svalbard.fr\/actualites\/wp-content\/uploads\/2023\/09\/head-nom.jpg\",\"width\":264,\"height\":35,\"caption\":\"www.Svalbard.fr\"},\"image\":{\"@id\":\"https:\/\/www.svalbard.fr\/actualites\/#\/schema\/logo\/image\/\"}},{\"@type\":\"Person\",\"@id\":\"https:\/\/www.svalbard.fr\/actualites\/#\/schema\/person\/a2f937d5712222366738fae98755c600\",\"name\":\"Hilmar\",\"image\":{\"@type\":\"ImageObject\",\"inLanguage\":\"fr-FR\",\"@id\":\"https:\/\/www.svalbard.fr\/actualites\/#\/schema\/person\/image\/\",\"url\":\"https:\/\/secure.gravatar.com\/avatar\/4daa437093476dbc32da415c112b6512?s=96&d=mm&r=g\",\"contentUrl\":\"https:\/\/secure.gravatar.com\/avatar\/4daa437093476dbc32da415c112b6512?s=96&d=mm&r=g\",\"caption\":\"Hilmar\"},\"description\":\"Hilmar est un passionn\u00e9 des r\u00e9gions polaires, sp\u00e9cialis\u00e9 dans la r\u00e9daction d'articles sur le Spitzberg et autres destinations arctiques. Il apporte son expertise et sa passion pour l'Arctique au sein de l'\u00e9quipe de r\u00e9daction de Svalbard depuis de nombreuses ann\u00e9es.\",\"sameAs\":[\"https:\/\/www.svalbard.fr\/\"]}]}<\/script>\n<!-- \/ Yoast SEO plugin. -->","yoast_head_json":{"title":"Le point sur la sant\u00e9 du roi Harald publi\u00e9 aujourd'hui apr\u00e8s une op\u00e9ration \u00ab r\u00e9ussie \u00bb avec un stimulateur cardiaque","robots":{"index":"index","follow":"follow","max-snippet":"max-snippet:-1","max-image-preview":"max-image-preview:large","max-video-preview":"max-video-preview:-1"},"canonical":"https:\/\/www.svalbard.fr\/actualites\/le-point-sur-la-sante-du-roi-harald-publie-aujourdhui-apres-une-operation-reussie-avec-un-stimulateur-cardiaque\/","og_locale":"fr_FR","og_type":"article","og_title":"Le point sur la sant\u00e9 du roi Harald publi\u00e9 aujourd'hui apr\u00e8s une op\u00e9ration \u00ab r\u00e9ussie \u00bb avec un stimulateur cardiaque","og_description":"Le roi Harald de Norv\u00e8ge a subi aujourd&rsquo;hui une \u00ab\u00a0op\u00e9ration r\u00e9ussie\u00a0\u00bb suite \u00e0 une intervention chirurgicale visant \u00e0 recevoir un stimulateur cardiaque permanent. L&rsquo;implant contribuera","og_url":"https:\/\/www.svalbard.fr\/actualites\/le-point-sur-la-sante-du-roi-harald-publie-aujourdhui-apres-une-operation-reussie-avec-un-stimulateur-cardiaque\/","og_site_name":"www.Svalbard.fr","article_published_time":"2024-03-12T13:40:27+00:00","article_modified_time":"2024-03-12T13:40:29+00:00","og_image":[{"width":1200,"height":630,"url":"https:\/\/www.svalbard.fr\/actualites\/wp-content\/uploads\/2024\/03\/Le-point-sur-la-sante-du-roi-Harald-publie-aujourdhui.jpg","type":"image\/jpeg"}],"author":"Hilmar","twitter_card":"summary_large_image","twitter_misc":{"\u00c9crit par":"Hilmar","Dur\u00e9e de lecture estim\u00e9e":"2 minutes"},"schema":{"@context":"https:\/\/schema.org","@graph":[{"@type":"Article","@id":"https:\/\/www.svalbard.fr\/actualites\/le-point-sur-la-sante-du-roi-harald-publie-aujourdhui-apres-une-operation-reussie-avec-un-stimulateur-cardiaque\/#article","isPartOf":{"@id":"https:\/\/www.svalbard.fr\/actualites\/le-point-sur-la-sante-du-roi-harald-publie-aujourdhui-apres-une-operation-reussie-avec-un-stimulateur-cardiaque\/"},"author":{"name":"Hilmar","@id":"https:\/\/www.svalbard.fr\/actualites\/#\/schema\/person\/a2f937d5712222366738fae98755c600"},"headline":"Le point sur la sant\u00e9 du roi Harald publi\u00e9 aujourd&rsquo;hui apr\u00e8s une op\u00e9ration \u00ab r\u00e9ussie \u00bb avec un stimulateur cardiaque","datePublished":"2024-03-12T13:40:27+00:00","dateModified":"2024-03-12T13:40:29+00:00","mainEntityOfPage":{"@id":"https:\/\/www.svalbard.fr\/actualites\/le-point-sur-la-sante-du-roi-harald-publie-aujourdhui-apres-une-operation-reussie-avec-un-stimulateur-cardiaque\/"},"wordCount":479,"publisher":{"@id":"https:\/\/www.svalbard.fr\/actualites\/#organization"},"keywords":["apr\u00e8s","aujourdhui","avec","cardiaque","Harald","op\u00e9ration","point","publi\u00e9","r\u00e9ussie","roi","sant\u00e9","stimulateur","sur","Une"],"articleSection":["Svalbard"],"inLanguage":"fr-FR"},{"@type":"WebPage","@id":"https:\/\/www.svalbard.fr\/actualites\/le-point-sur-la-sante-du-roi-harald-publie-aujourdhui-apres-une-operation-reussie-avec-un-stimulateur-cardiaque\/","url":"https:\/\/www.svalbard.fr\/actualites\/le-point-sur-la-sante-du-roi-harald-publie-aujourdhui-apres-une-operation-reussie-avec-un-stimulateur-cardiaque\/","name":"Le point sur la sant\u00e9 du roi Harald publi\u00e9 aujourd'hui apr\u00e8s une op\u00e9ration \u00ab r\u00e9ussie \u00bb avec un stimulateur cardiaque","isPartOf":{"@id":"https:\/\/www.svalbard.fr\/actualites\/#website"},"datePublished":"2024-03-12T13:40:27+00:00","dateModified":"2024-03-12T13:40:29+00:00","breadcrumb":{"@id":"https:\/\/www.svalbard.fr\/actualites\/le-point-sur-la-sante-du-roi-harald-publie-aujourdhui-apres-une-operation-reussie-avec-un-stimulateur-cardiaque\/#breadcrumb"},"inLanguage":"fr-FR","potentialAction":[{"@type":"ReadAction","target":["https:\/\/www.svalbard.fr\/actualites\/le-point-sur-la-sante-du-roi-harald-publie-aujourdhui-apres-une-operation-reussie-avec-un-stimulateur-cardiaque\/"]}]},{"@type":"BreadcrumbList","@id":"https:\/\/www.svalbard.fr\/actualites\/le-point-sur-la-sante-du-roi-harald-publie-aujourdhui-apres-une-operation-reussie-avec-un-stimulateur-cardiaque\/#breadcrumb","itemListElement":[{"@type":"ListItem","position":1,"name":"Accueil","item":"https:\/\/www.svalbard.fr\/actualites\/"},{"@type":"ListItem","position":2,"name":"Le point sur la sant\u00e9 du roi Harald publi\u00e9 aujourd&rsquo;hui apr\u00e8s une op\u00e9ration \u00ab r\u00e9ussie \u00bb avec un stimulateur cardiaque"}]},{"@type":"WebSite","@id":"https:\/\/www.svalbard.fr\/actualites\/#website","url":"https:\/\/www.svalbard.fr\/actualites\/","name":"www.Svalbard.fr","description":"","publisher":{"@id":"https:\/\/www.svalbard.fr\/actualites\/#organization"},"potentialAction":[{"@type":"SearchAction","target":{"@type":"EntryPoint","urlTemplate":"https:\/\/www.svalbard.fr\/actualites\/?s={search_term_string}"},"query-input":"required name=search_term_string"}],"inLanguage":"fr-FR"},{"@type":"Organization","@id":"https:\/\/www.svalbard.fr\/actualites\/#organization","name":"www.Svalbard.fr","url":"https:\/\/www.svalbard.fr\/actualites\/","logo":{"@type":"ImageObject","inLanguage":"fr-FR","@id":"https:\/\/www.svalbard.fr\/actualites\/#\/schema\/logo\/image\/","url":"https:\/\/www.svalbard.fr\/actualites\/wp-content\/uploads\/2023\/09\/head-nom.jpg","contentUrl":"https:\/\/www.svalbard.fr\/actualites\/wp-content\/uploads\/2023\/09\/head-nom.jpg","width":264,"height":35,"caption":"www.Svalbard.fr"},"image":{"@id":"https:\/\/www.svalbard.fr\/actualites\/#\/schema\/logo\/image\/"}},{"@type":"Person","@id":"https:\/\/www.svalbard.fr\/actualites\/#\/schema\/person\/a2f937d5712222366738fae98755c600","name":"Hilmar","image":{"@type":"ImageObject","inLanguage":"fr-FR","@id":"https:\/\/www.svalbard.fr\/actualites\/#\/schema\/person\/image\/","url":"https:\/\/secure.gravatar.com\/avatar\/4daa437093476dbc32da415c112b6512?s=96&d=mm&r=g","contentUrl":"https:\/\/secure.gravatar.com\/avatar\/4daa437093476dbc32da415c112b6512?s=96&d=mm&r=g","caption":"Hilmar"},"description":"Hilmar est un passionn\u00e9 des r\u00e9gions polaires, sp\u00e9cialis\u00e9 dans la r\u00e9daction d'articles sur le Spitzberg et autres destinations arctiques. Il apporte son expertise et sa passion pour l'Arctique au sein de l'\u00e9quipe de r\u00e9daction de Svalbard depuis de nombreuses ann\u00e9es.","sameAs":["https:\/\/www.svalbard.fr\/"]}]}},"_links":{"self":[{"href":"https:\/\/www.svalbard.fr\/actualites\/wp-json\/wp\/v2\/posts\/726"}],"collection":[{"href":"https:\/\/www.svalbard.fr\/actualites\/wp-json\/wp\/v2\/posts"}],"about":[{"href":"https:\/\/www.svalbard.fr\/actualites\/wp-json\/wp\/v2\/types\/post"}],"author":[{"embeddable":true,"href":"https:\/\/www.svalbard.fr\/actualites\/wp-json\/wp\/v2\/users\/1"}],"replies":[{"embeddable":true,"href":"https:\/\/www.svalbard.fr\/actualites\/wp-json\/wp\/v2\/comments?post=726"}],"version-history":[{"count":1,"href":"https:\/\/www.svalbard.fr\/actualites\/wp-json\/wp\/v2\/posts\/726\/revisions"}],"predecessor-version":[{"id":728,"href":"https:\/\/www.svalbard.fr\/actualites\/wp-json\/wp\/v2\/posts\/726\/revisions\/728"}],"wp:featuredmedia":[{"embeddable":true,"href":"https:\/\/www.svalbard.fr\/actualites\/wp-json\/wp\/v2\/media\/727"}],"wp:attachment":[{"href":"https:\/\/www.svalbard.fr\/actualites\/wp-json\/wp\/v2\/media?parent=726"}],"wp:term":[{"taxonomy":"category","embeddable":true,"href":"https:\/\/www.svalbard.fr\/actualites\/wp-json\/wp\/v2\/categories?post=726"},{"taxonomy":"post_tag","embeddable":true,"href":"https:\/\/www.svalbard.fr\/actualites\/wp-json\/wp\/v2\/tags?post=726"}],"curies":[{"name":"wp","href":"https:\/\/api.w.org\/{rel}","templated":true}]}}