{"id":741,"date":"2024-03-16T16:20:06","date_gmt":"2024-03-16T15:20:06","guid":{"rendered":"https:\/\/www.svalbard.fr\/actualites\/lile-la-plus-isolee-du-monde-qui-fait-partie-de-leurope-mais-se-trouve-a-6-000-milles-de-distance\/"},"modified":"2024-03-16T16:20:09","modified_gmt":"2024-03-16T15:20:09","slug":"lile-la-plus-isolee-du-monde-qui-fait-partie-de-leurope-mais-se-trouve-a-6-000-milles-de-distance","status":"publish","type":"post","link":"https:\/\/www.svalbard.fr\/actualites\/lile-la-plus-isolee-du-monde-qui-fait-partie-de-leurope-mais-se-trouve-a-6-000-milles-de-distance\/","title":{"rendered":"L&rsquo;\u00eele \u00ab la plus isol\u00e9e \u00bb du monde qui fait partie de l&rsquo;Europe mais se trouve \u00e0 6 000 milles de distance"},"content":{"rendered":"<div>\n<p>Les superpuissances europ\u00e9ennes ont pris l\u2019habitude de s\u2019approprier des \u00eeles lointaines.  Il suffit de penser aux \u00celes Vierges britanniques ou \u00e0 la Polyn\u00e9sie fran\u00e7aise : aucune de ces \u00eeles n\u2019est proche de leur patrie et pourtant elles ont quand m\u00eame \u00e9t\u00e9 revendiqu\u00e9es.<\/p>\n<p>L&rsquo;une de ces \u00eeles, dont vous n&rsquo;avez peut-\u00eatre pas entendu parler, est l&rsquo;\u00eele Bouvet. <\/p>\n<p>Cette parcelle de terre isol\u00e9e est l&rsquo;\u00eele la plus isol\u00e9e du monde, avec sa voisine la plus proche, la c\u00f4te Princesse Astrid de la Terre de la Reine Maud, en Antarctique, situ\u00e9e \u00e0 1\u00a0100 milles au sud.<\/p>\n<p>R\u00e9serve naturelle prot\u00e9g\u00e9e, l&rsquo;\u00eele Bouvet est inhabit\u00e9e mais est officiellement un territoire d\u00e9pendant de la Norv\u00e8ge. <\/p>\n<\/div>\n<div>\n<p>Le bloc de glace sans vie a \u00e9t\u00e9 d\u00e9couvert pour la premi\u00e8re fois le 1er janvier 1739 par Jean-Baptiste Charles Bouvet de Lozier, un marin fran\u00e7ais.<\/p>\n<p>Plusieurs autres marins d&rsquo;autres nations ont mis le cap sur l&rsquo;\u00eele et en 1825, un \u00e9quipage britannique l&rsquo;a r\u00e9clam\u00e9e pour Blighty.<\/p>\n<p>George Norris, capitaine du navire Spritely, a atterri sur l&rsquo;avant-poste glac\u00e9 et l&rsquo;a baptis\u00e9 Liverpool Island.<\/p>\n<p>Cependant, en 1928, elle fut revendiqu\u00e9e par un \u00e9quipage norv\u00e9gien dirig\u00e9 par Harald Horntvedt, d\u00e9clenchant une querelle diplomatique entre la Grande-Bretagne et son voisin scandinave.<\/p>\n<\/div>\n<div>\n<p>Le manque de certitude de Norris quant \u00e0 savoir si l&rsquo;\u00eele contest\u00e9e \u00e9tait l&rsquo;\u00eele de Liverpool (Bouvet) ou une autre \u00eele voisine, qu&rsquo;il appelait l&rsquo;\u00eele Thompson, a affaibli la revendication de la Grande-Bretagne.<\/p>\n<p>De m\u00eame, l&rsquo;absence de port signifiait en 1929 que la Grande-Bretagne renon\u00e7a \u00e0 ses pr\u00e9tentions.<\/p>\n<p>En 1971, l\u2019\u00eele a \u00e9t\u00e9 d\u00e9sign\u00e9e r\u00e9serve naturelle prot\u00e9g\u00e9e officielle.  Cependant, les conditions climatiques difficiles font qu&rsquo;il y a tr\u00e8s peu d&rsquo;animaux sauvages sur l&rsquo;\u00eele.  En fait, la seule vie non v\u00e9g\u00e9tale est constitu\u00e9e de champignons, de mousses et d\u2019h\u00e9patiques.<\/p>\n<p>Cependant, il y a beaucoup de manchots sur l&rsquo;\u00eele ainsi que des phoques.  Plusieurs esp\u00e8ces de baleines et de dauphins circulent \u00e9galement autour de Bouvet.<\/p>\n<\/div>\n","protected":false},"excerpt":{"rendered":"<p>Les superpuissances europ\u00e9ennes ont pris l\u2019habitude de s\u2019approprier des \u00eeles lointaines. Il suffit de penser aux \u00celes Vierges britanniques ou \u00e0 la Polyn\u00e9sie fran\u00e7aise :<\/p>\n","protected":false},"author":1,"featured_media":742,"comment_status":"closed","ping_status":"","sticky":false,"template":"","format":"standard","meta":{"footnotes":""},"categories":[1],"tags":[980,20,69,988,986,360,990,307,987,104,989],"yoast_head":"<!-- This site is optimized with the Yoast SEO plugin v21.0 - https:\/\/yoast.com\/wordpress\/plugins\/seo\/ -->\n<title>L&#039;\u00eele \u00ab la plus isol\u00e9e \u00bb du monde qui fait partie de l&#039;Europe mais se trouve \u00e0 6 000 milles de distance<\/title>\n<meta name=\"robots\" content=\"index, follow, max-snippet:-1, max-image-preview:large, max-video-preview:-1\" \/>\n<link rel=\"canonical\" href=\"https:\/\/www.svalbard.fr\/actualites\/lile-la-plus-isolee-du-monde-qui-fait-partie-de-leurope-mais-se-trouve-a-6-000-milles-de-distance\/\" \/>\n<meta property=\"og:locale\" content=\"fr_FR\" \/>\n<meta property=\"og:type\" content=\"article\" \/>\n<meta property=\"og:title\" content=\"L&#039;\u00eele \u00ab la plus isol\u00e9e \u00bb du monde qui fait partie de l&#039;Europe mais se trouve \u00e0 6 000 milles de distance\" \/>\n<meta property=\"og:description\" content=\"Les superpuissances europ\u00e9ennes ont pris l\u2019habitude de s\u2019approprier des \u00eeles lointaines. Il suffit de penser aux \u00celes Vierges britanniques ou \u00e0 la Polyn\u00e9sie fran\u00e7aise :\" \/>\n<meta property=\"og:url\" content=\"https:\/\/www.svalbard.fr\/actualites\/lile-la-plus-isolee-du-monde-qui-fait-partie-de-leurope-mais-se-trouve-a-6-000-milles-de-distance\/\" \/>\n<meta property=\"og:site_name\" content=\"www.Svalbard.fr\" \/>\n<meta property=\"article:published_time\" content=\"2024-03-16T15:20:06+00:00\" \/>\n<meta property=\"article:modified_time\" content=\"2024-03-16T15:20:09+00:00\" \/>\n<meta property=\"og:image\" content=\"https:\/\/www.svalbard.fr\/actualites\/wp-content\/uploads\/2024\/03\/Lile-la-plus-isolee-du-monde-qui-fait.jpg\" \/>\n\t<meta property=\"og:image:width\" content=\"1200\" \/>\n\t<meta property=\"og:image:height\" content=\"630\" \/>\n\t<meta property=\"og:image:type\" content=\"image\/jpeg\" \/>\n<meta name=\"author\" content=\"Hilmar\" \/>\n<meta name=\"twitter:card\" content=\"summary_large_image\" \/>\n<meta name=\"twitter:label1\" content=\"\u00c9crit par\" \/>\n\t<meta name=\"twitter:data1\" content=\"Hilmar\" \/>\n\t<meta name=\"twitter:label2\" content=\"Dur\u00e9e de lecture estim\u00e9e\" \/>\n\t<meta name=\"twitter:data2\" content=\"2 minutes\" \/>\n<script type=\"application\/ld+json\" class=\"yoast-schema-graph\">{\"@context\":\"https:\/\/schema.org\",\"@graph\":[{\"@type\":\"Article\",\"@id\":\"https:\/\/www.svalbard.fr\/actualites\/lile-la-plus-isolee-du-monde-qui-fait-partie-de-leurope-mais-se-trouve-a-6-000-milles-de-distance\/#article\",\"isPartOf\":{\"@id\":\"https:\/\/www.svalbard.fr\/actualites\/lile-la-plus-isolee-du-monde-qui-fait-partie-de-leurope-mais-se-trouve-a-6-000-milles-de-distance\/\"},\"author\":{\"name\":\"Hilmar\",\"@id\":\"https:\/\/www.svalbard.fr\/actualites\/#\/schema\/person\/a2f937d5712222366738fae98755c600\"},\"headline\":\"L&rsquo;\u00eele \u00ab la plus isol\u00e9e \u00bb du monde qui fait partie de l&rsquo;Europe mais se trouve \u00e0 6 000 milles de distance\",\"datePublished\":\"2024-03-16T15:20:06+00:00\",\"dateModified\":\"2024-03-16T15:20:09+00:00\",\"mainEntityOfPage\":{\"@id\":\"https:\/\/www.svalbard.fr\/actualites\/lile-la-plus-isolee-du-monde-qui-fait-partie-de-leurope-mais-se-trouve-a-6-000-milles-de-distance\/\"},\"wordCount\":371,\"publisher\":{\"@id\":\"https:\/\/www.svalbard.fr\/actualites\/#organization\"},\"keywords\":[\"distance\",\"fait\",\"isol\u00e9e\",\"lEurope\",\"L\u00eele\",\"mais\",\"milles\",\"monde\",\"partie\",\"qui\",\"trouve\"],\"articleSection\":[\"Svalbard\"],\"inLanguage\":\"fr-FR\"},{\"@type\":\"WebPage\",\"@id\":\"https:\/\/www.svalbard.fr\/actualites\/lile-la-plus-isolee-du-monde-qui-fait-partie-de-leurope-mais-se-trouve-a-6-000-milles-de-distance\/\",\"url\":\"https:\/\/www.svalbard.fr\/actualites\/lile-la-plus-isolee-du-monde-qui-fait-partie-de-leurope-mais-se-trouve-a-6-000-milles-de-distance\/\",\"name\":\"L'\u00eele \u00ab la plus isol\u00e9e \u00bb du monde qui fait partie de l'Europe mais se trouve \u00e0 6 000 milles de distance\",\"isPartOf\":{\"@id\":\"https:\/\/www.svalbard.fr\/actualites\/#website\"},\"datePublished\":\"2024-03-16T15:20:06+00:00\",\"dateModified\":\"2024-03-16T15:20:09+00:00\",\"breadcrumb\":{\"@id\":\"https:\/\/www.svalbard.fr\/actualites\/lile-la-plus-isolee-du-monde-qui-fait-partie-de-leurope-mais-se-trouve-a-6-000-milles-de-distance\/#breadcrumb\"},\"inLanguage\":\"fr-FR\",\"potentialAction\":[{\"@type\":\"ReadAction\",\"target\":[\"https:\/\/www.svalbard.fr\/actualites\/lile-la-plus-isolee-du-monde-qui-fait-partie-de-leurope-mais-se-trouve-a-6-000-milles-de-distance\/\"]}]},{\"@type\":\"BreadcrumbList\",\"@id\":\"https:\/\/www.svalbard.fr\/actualites\/lile-la-plus-isolee-du-monde-qui-fait-partie-de-leurope-mais-se-trouve-a-6-000-milles-de-distance\/#breadcrumb\",\"itemListElement\":[{\"@type\":\"ListItem\",\"position\":1,\"name\":\"Accueil\",\"item\":\"https:\/\/www.svalbard.fr\/actualites\/\"},{\"@type\":\"ListItem\",\"position\":2,\"name\":\"L&rsquo;\u00eele \u00ab la plus isol\u00e9e \u00bb du monde qui fait partie de l&rsquo;Europe mais se trouve \u00e0 6 000 milles de distance\"}]},{\"@type\":\"WebSite\",\"@id\":\"https:\/\/www.svalbard.fr\/actualites\/#website\",\"url\":\"https:\/\/www.svalbard.fr\/actualites\/\",\"name\":\"www.Svalbard.fr\",\"description\":\"\",\"publisher\":{\"@id\":\"https:\/\/www.svalbard.fr\/actualites\/#organization\"},\"potentialAction\":[{\"@type\":\"SearchAction\",\"target\":{\"@type\":\"EntryPoint\",\"urlTemplate\":\"https:\/\/www.svalbard.fr\/actualites\/?s={search_term_string}\"},\"query-input\":\"required name=search_term_string\"}],\"inLanguage\":\"fr-FR\"},{\"@type\":\"Organization\",\"@id\":\"https:\/\/www.svalbard.fr\/actualites\/#organization\",\"name\":\"www.Svalbard.fr\",\"url\":\"https:\/\/www.svalbard.fr\/actualites\/\",\"logo\":{\"@type\":\"ImageObject\",\"inLanguage\":\"fr-FR\",\"@id\":\"https:\/\/www.svalbard.fr\/actualites\/#\/schema\/logo\/image\/\",\"url\":\"https:\/\/www.svalbard.fr\/actualites\/wp-content\/uploads\/2023\/09\/head-nom.jpg\",\"contentUrl\":\"https:\/\/www.svalbard.fr\/actualites\/wp-content\/uploads\/2023\/09\/head-nom.jpg\",\"width\":264,\"height\":35,\"caption\":\"www.Svalbard.fr\"},\"image\":{\"@id\":\"https:\/\/www.svalbard.fr\/actualites\/#\/schema\/logo\/image\/\"}},{\"@type\":\"Person\",\"@id\":\"https:\/\/www.svalbard.fr\/actualites\/#\/schema\/person\/a2f937d5712222366738fae98755c600\",\"name\":\"Hilmar\",\"image\":{\"@type\":\"ImageObject\",\"inLanguage\":\"fr-FR\",\"@id\":\"https:\/\/www.svalbard.fr\/actualites\/#\/schema\/person\/image\/\",\"url\":\"https:\/\/secure.gravatar.com\/avatar\/4daa437093476dbc32da415c112b6512?s=96&d=mm&r=g\",\"contentUrl\":\"https:\/\/secure.gravatar.com\/avatar\/4daa437093476dbc32da415c112b6512?s=96&d=mm&r=g\",\"caption\":\"Hilmar\"},\"description\":\"Hilmar est un passionn\u00e9 des r\u00e9gions polaires, sp\u00e9cialis\u00e9 dans la r\u00e9daction d'articles sur le Spitzberg et autres destinations arctiques. Il apporte son expertise et sa passion pour l'Arctique au sein de l'\u00e9quipe de r\u00e9daction de Svalbard depuis de nombreuses ann\u00e9es.\",\"sameAs\":[\"https:\/\/www.svalbard.fr\/\"]}]}<\/script>\n<!-- \/ Yoast SEO plugin. -->","yoast_head_json":{"title":"L'\u00eele \u00ab la plus isol\u00e9e \u00bb du monde qui fait partie de l'Europe mais se trouve \u00e0 6 000 milles de distance","robots":{"index":"index","follow":"follow","max-snippet":"max-snippet:-1","max-image-preview":"max-image-preview:large","max-video-preview":"max-video-preview:-1"},"canonical":"https:\/\/www.svalbard.fr\/actualites\/lile-la-plus-isolee-du-monde-qui-fait-partie-de-leurope-mais-se-trouve-a-6-000-milles-de-distance\/","og_locale":"fr_FR","og_type":"article","og_title":"L'\u00eele \u00ab la plus isol\u00e9e \u00bb du monde qui fait partie de l'Europe mais se trouve \u00e0 6 000 milles de distance","og_description":"Les superpuissances europ\u00e9ennes ont pris l\u2019habitude de s\u2019approprier des \u00eeles lointaines. Il suffit de penser aux \u00celes Vierges britanniques ou \u00e0 la Polyn\u00e9sie fran\u00e7aise :","og_url":"https:\/\/www.svalbard.fr\/actualites\/lile-la-plus-isolee-du-monde-qui-fait-partie-de-leurope-mais-se-trouve-a-6-000-milles-de-distance\/","og_site_name":"www.Svalbard.fr","article_published_time":"2024-03-16T15:20:06+00:00","article_modified_time":"2024-03-16T15:20:09+00:00","og_image":[{"width":1200,"height":630,"url":"https:\/\/www.svalbard.fr\/actualites\/wp-content\/uploads\/2024\/03\/Lile-la-plus-isolee-du-monde-qui-fait.jpg","type":"image\/jpeg"}],"author":"Hilmar","twitter_card":"summary_large_image","twitter_misc":{"\u00c9crit par":"Hilmar","Dur\u00e9e de lecture estim\u00e9e":"2 minutes"},"schema":{"@context":"https:\/\/schema.org","@graph":[{"@type":"Article","@id":"https:\/\/www.svalbard.fr\/actualites\/lile-la-plus-isolee-du-monde-qui-fait-partie-de-leurope-mais-se-trouve-a-6-000-milles-de-distance\/#article","isPartOf":{"@id":"https:\/\/www.svalbard.fr\/actualites\/lile-la-plus-isolee-du-monde-qui-fait-partie-de-leurope-mais-se-trouve-a-6-000-milles-de-distance\/"},"author":{"name":"Hilmar","@id":"https:\/\/www.svalbard.fr\/actualites\/#\/schema\/person\/a2f937d5712222366738fae98755c600"},"headline":"L&rsquo;\u00eele \u00ab la plus isol\u00e9e \u00bb du monde qui fait partie de l&rsquo;Europe mais se trouve \u00e0 6 000 milles de distance","datePublished":"2024-03-16T15:20:06+00:00","dateModified":"2024-03-16T15:20:09+00:00","mainEntityOfPage":{"@id":"https:\/\/www.svalbard.fr\/actualites\/lile-la-plus-isolee-du-monde-qui-fait-partie-de-leurope-mais-se-trouve-a-6-000-milles-de-distance\/"},"wordCount":371,"publisher":{"@id":"https:\/\/www.svalbard.fr\/actualites\/#organization"},"keywords":["distance","fait","isol\u00e9e","lEurope","L\u00eele","mais","milles","monde","partie","qui","trouve"],"articleSection":["Svalbard"],"inLanguage":"fr-FR"},{"@type":"WebPage","@id":"https:\/\/www.svalbard.fr\/actualites\/lile-la-plus-isolee-du-monde-qui-fait-partie-de-leurope-mais-se-trouve-a-6-000-milles-de-distance\/","url":"https:\/\/www.svalbard.fr\/actualites\/lile-la-plus-isolee-du-monde-qui-fait-partie-de-leurope-mais-se-trouve-a-6-000-milles-de-distance\/","name":"L'\u00eele \u00ab la plus isol\u00e9e \u00bb du monde qui fait partie de l'Europe mais se trouve \u00e0 6 000 milles de distance","isPartOf":{"@id":"https:\/\/www.svalbard.fr\/actualites\/#website"},"datePublished":"2024-03-16T15:20:06+00:00","dateModified":"2024-03-16T15:20:09+00:00","breadcrumb":{"@id":"https:\/\/www.svalbard.fr\/actualites\/lile-la-plus-isolee-du-monde-qui-fait-partie-de-leurope-mais-se-trouve-a-6-000-milles-de-distance\/#breadcrumb"},"inLanguage":"fr-FR","potentialAction":[{"@type":"ReadAction","target":["https:\/\/www.svalbard.fr\/actualites\/lile-la-plus-isolee-du-monde-qui-fait-partie-de-leurope-mais-se-trouve-a-6-000-milles-de-distance\/"]}]},{"@type":"BreadcrumbList","@id":"https:\/\/www.svalbard.fr\/actualites\/lile-la-plus-isolee-du-monde-qui-fait-partie-de-leurope-mais-se-trouve-a-6-000-milles-de-distance\/#breadcrumb","itemListElement":[{"@type":"ListItem","position":1,"name":"Accueil","item":"https:\/\/www.svalbard.fr\/actualites\/"},{"@type":"ListItem","position":2,"name":"L&rsquo;\u00eele \u00ab la plus isol\u00e9e \u00bb du monde qui fait partie de l&rsquo;Europe mais se trouve \u00e0 6 000 milles de distance"}]},{"@type":"WebSite","@id":"https:\/\/www.svalbard.fr\/actualites\/#website","url":"https:\/\/www.svalbard.fr\/actualites\/","name":"www.Svalbard.fr","description":"","publisher":{"@id":"https:\/\/www.svalbard.fr\/actualites\/#organization"},"potentialAction":[{"@type":"SearchAction","target":{"@type":"EntryPoint","urlTemplate":"https:\/\/www.svalbard.fr\/actualites\/?s={search_term_string}"},"query-input":"required name=search_term_string"}],"inLanguage":"fr-FR"},{"@type":"Organization","@id":"https:\/\/www.svalbard.fr\/actualites\/#organization","name":"www.Svalbard.fr","url":"https:\/\/www.svalbard.fr\/actualites\/","logo":{"@type":"ImageObject","inLanguage":"fr-FR","@id":"https:\/\/www.svalbard.fr\/actualites\/#\/schema\/logo\/image\/","url":"https:\/\/www.svalbard.fr\/actualites\/wp-content\/uploads\/2023\/09\/head-nom.jpg","contentUrl":"https:\/\/www.svalbard.fr\/actualites\/wp-content\/uploads\/2023\/09\/head-nom.jpg","width":264,"height":35,"caption":"www.Svalbard.fr"},"image":{"@id":"https:\/\/www.svalbard.fr\/actualites\/#\/schema\/logo\/image\/"}},{"@type":"Person","@id":"https:\/\/www.svalbard.fr\/actualites\/#\/schema\/person\/a2f937d5712222366738fae98755c600","name":"Hilmar","image":{"@type":"ImageObject","inLanguage":"fr-FR","@id":"https:\/\/www.svalbard.fr\/actualites\/#\/schema\/person\/image\/","url":"https:\/\/secure.gravatar.com\/avatar\/4daa437093476dbc32da415c112b6512?s=96&d=mm&r=g","contentUrl":"https:\/\/secure.gravatar.com\/avatar\/4daa437093476dbc32da415c112b6512?s=96&d=mm&r=g","caption":"Hilmar"},"description":"Hilmar est un passionn\u00e9 des r\u00e9gions polaires, sp\u00e9cialis\u00e9 dans la r\u00e9daction d'articles sur le Spitzberg et autres destinations arctiques. Il apporte son expertise et sa passion pour l'Arctique au sein de l'\u00e9quipe de r\u00e9daction de Svalbard depuis de nombreuses ann\u00e9es.","sameAs":["https:\/\/www.svalbard.fr\/"]}]}},"_links":{"self":[{"href":"https:\/\/www.svalbard.fr\/actualites\/wp-json\/wp\/v2\/posts\/741"}],"collection":[{"href":"https:\/\/www.svalbard.fr\/actualites\/wp-json\/wp\/v2\/posts"}],"about":[{"href":"https:\/\/www.svalbard.fr\/actualites\/wp-json\/wp\/v2\/types\/post"}],"author":[{"embeddable":true,"href":"https:\/\/www.svalbard.fr\/actualites\/wp-json\/wp\/v2\/users\/1"}],"replies":[{"embeddable":true,"href":"https:\/\/www.svalbard.fr\/actualites\/wp-json\/wp\/v2\/comments?post=741"}],"version-history":[{"count":1,"href":"https:\/\/www.svalbard.fr\/actualites\/wp-json\/wp\/v2\/posts\/741\/revisions"}],"predecessor-version":[{"id":743,"href":"https:\/\/www.svalbard.fr\/actualites\/wp-json\/wp\/v2\/posts\/741\/revisions\/743"}],"wp:featuredmedia":[{"embeddable":true,"href":"https:\/\/www.svalbard.fr\/actualites\/wp-json\/wp\/v2\/media\/742"}],"wp:attachment":[{"href":"https:\/\/www.svalbard.fr\/actualites\/wp-json\/wp\/v2\/media?parent=741"}],"wp:term":[{"taxonomy":"category","embeddable":true,"href":"https:\/\/www.svalbard.fr\/actualites\/wp-json\/wp\/v2\/categories?post=741"},{"taxonomy":"post_tag","embeddable":true,"href":"https:\/\/www.svalbard.fr\/actualites\/wp-json\/wp\/v2\/tags?post=741"}],"curies":[{"name":"wp","href":"https:\/\/api.w.org\/{rel}","templated":true}]}}