{"id":758,"date":"2024-03-22T13:35:12","date_gmt":"2024-03-22T12:35:12","guid":{"rendered":"https:\/\/www.svalbard.fr\/actualites\/podcast-80-passer-du-nepal-a-la-norvege\/"},"modified":"2024-03-22T13:35:14","modified_gmt":"2024-03-22T12:35:14","slug":"podcast-80-passer-du-nepal-a-la-norvege","status":"publish","type":"post","link":"https:\/\/www.svalbard.fr\/actualites\/podcast-80-passer-du-nepal-a-la-norvege\/","title":{"rendered":"Podcast 80 : Passer du N\u00e9pal \u00e0 la Norv\u00e8ge"},"content":{"rendered":"<div itemprop=\"text\">\n<span id=\"dpsp-post-content-markup\" data-image-pin-it=\"false\"><\/span><\/p>\n<p class=\"intro\">Life in Norway Show \u00c9pisode 80\u00a0: Surendra Thapaliya nous raconte son histoire de d\u00e9m\u00e9nagement du N\u00e9pal vers la Norv\u00e8ge pour \u00e9tudier et comment il a trouv\u00e9 un emploi \u00e0 Oslo apr\u00e8s avoir termin\u00e9 son master.<\/p>\n<p>Nous pr\u00e9sentons souvent des entretiens avec des personnes venant des \u00c9tats-Unis ou, comme moi, du Royaume-Uni, qui s&#39;installent en Norv\u00e8ge.  Je suis toujours \u00e0 la recherche de personnes venant d&#39;autres endroits, et aujourd&#39;hui nous pr\u00e9sentons l&#39;une de ces histoires.<\/p>\n<figure class=\"wp-block-image size-large\"><img fetchpriority=\"high\" decoding=\"async\" width=\"768\" height=\"432\" src=\"https:\/\/www.svalbard.fr\/actualites\/wp-content\/uploads\/2024\/03\/Podcast-80-Passer-du-Nepal-a-la-Norvege.jpeg\" alt=\"Images du N\u00e9pal et d\u2019Oslo, Norv\u00e8ge.\" class=\"wp-image-79025\"  ><\/figure>\n<p>Surendra Thapaliya est originaire du N\u00e9pal et a d\u00e9m\u00e9nag\u00e9 en Norv\u00e8ge en 2016 pour \u00e9tudier \u00e0 BI, la Norwegian Business School.  Depuis, il n&#39;a cess\u00e9 de se renforcer et vit d\u00e9sormais avec sa femme \u00e0 Oslo, o\u00f9 il occupe un poste de direction marketing.<\/p>\n<p>Nous parlons de ses \u00e9tudes \u00e0 Oslo, des diff\u00e9rences entre la vie au N\u00e9pal et la vie en Norv\u00e8ge, et de ses propres projets aidant d&#39;autres N\u00e9palais \u00e0 \u00e9tudier \u00e0 l&#39;\u00e9tranger.<\/p>\n<h2 class=\"wp-block-heading\">\u00c9coutez l&#39;\u00e9mission<\/h2>\n<p>Vous pouvez \u00e9couter l&#39;\u00e9mission \u00e0 l&#39;aide du lecteur Web ci-dessous ou sur le lecteur podcast de votre choix.  Cela inclut\u00a0: les podcasts Apple, les podcasts Google, Stitcher et Spotify.  Recherchez simplement \u00ab\u00a0La vie en Norv\u00e8ge\u00a0\u00bb sur la plateforme de votre choix pour commencer.<\/p>\n<p><iframe loading=\"lazy\" title=\"Embed Player\" src=\"https:\/\/play.libsyn.com\/embed\/episode\/id\/30107708\/height\/192\/theme\/modern\/size\/large\/thumbnail\/yes\/custom-color\/8c1414\/time-start\/00:00:00\/playlist-height\/200\/direction\/backward\/download\/yes\/font-color\/FFFFFF\" height=\"192\" width=\"100%\" scrolling=\"no\" allowfullscreen=\"\" webkitallowfullscreen=\"true\" mozallowfullscreen=\"true\" oallowfullscreen=\"true\" msallowfullscreen=\"true\" style=\"border: medium;\"><\/iframe><\/p>\n<p>J&#39;ai arr\u00eat\u00e9 de publier le podcast sur la cha\u00eene YouTube Life in Norway, car je me concentre sur la cr\u00e9ation d&#39;une audience pour les vid\u00e9os l\u00e0-bas.  Faites-moi savoir si vous pr\u00e9f\u00e9rez \u00e9couter des podcasts sur YouTube et je verrai ce que je peux faire\u00a0!<\/p>\n<p>O\u00f9 que vous \u00e9coutiez, n&#39;oubliez pas de cliquer sur \u00ab\u00a0s&#39;abonner\u00a0\u00bb pour ne pas manquer un prochain \u00e9pisode\u00a0!<\/p>\n<h2 class=\"wp-block-heading\">Du N\u00e9pal \u00e0 la Norv\u00e8ge<\/h2>\n<p>J&#39;ai commenc\u00e9 la s\u00e9rie en admettant ma propre ignorance du N\u00e9pal, j&#39;ai donc demand\u00e9 \u00e0 Surendra de d\u00e9crire son pays natal et en quoi il diff\u00e8re de la Norv\u00e8ge.<\/p>\n<p>\u00ab Le N\u00e9pal est un tr\u00e8s petit pays asiatique situ\u00e9 entre la Chine et l\u2019Inde.  Nous avons une superficie d&#39;environ la moiti\u00e9 de la Norv\u00e8ge, mais nous avons 30 millions d&#39;habitants.  Nous sommes divis\u00e9s en trois r\u00e9gions.  La partie sud est principalement constitu\u00e9e de plaines \u00e0 la fronti\u00e8re avec l&#39;Inde, la partie centrale est plus vallonn\u00e9e et la partie nord est montagneuse.  C&#39;est un pays tr\u00e8s diversifi\u00e9.  Nous avons par exemple plus de 100 langues diff\u00e9rentes.<\/p>\n<p>Il a d\u00e9clar\u00e9 qu\u2019il y avait une \u00ab \u00e9norme diff\u00e9rence \u00bb dans les styles d\u2019\u00e9ducation entre les deux pays.  \u00ab Au N\u00e9pal, nous suivons des \u00e9tudes th\u00e9oriques, nous nous concentrons sur les livres et les th\u00e9ories.  En Norv\u00e8ge, il s&#39;agit plut\u00f4t de travaux pratiques.\u00bb<\/p>\n<h2 class=\"wp-block-heading\">Liens du spectacle<\/h2>\n<\/div>\n","protected":false},"excerpt":{"rendered":"<p>Life in Norway Show \u00c9pisode 80\u00a0: Surendra Thapaliya nous raconte son histoire de d\u00e9m\u00e9nagement du N\u00e9pal vers la Norv\u00e8ge pour \u00e9tudier et comment il a<\/p>\n","protected":false},"author":1,"featured_media":759,"comment_status":"closed","ping_status":"","sticky":false,"template":"","format":"standard","meta":{"footnotes":""},"categories":[1],"tags":[1008,6,41,631],"yoast_head":"<!-- This site is optimized with the Yoast SEO plugin v21.0 - https:\/\/yoast.com\/wordpress\/plugins\/seo\/ -->\n<title>Podcast 80 : Passer du N\u00e9pal \u00e0 la Norv\u00e8ge<\/title>\n<meta name=\"robots\" content=\"index, follow, max-snippet:-1, max-image-preview:large, max-video-preview:-1\" \/>\n<link rel=\"canonical\" href=\"https:\/\/www.svalbard.fr\/actualites\/podcast-80-passer-du-nepal-a-la-norvege\/\" \/>\n<meta property=\"og:locale\" content=\"fr_FR\" \/>\n<meta property=\"og:type\" content=\"article\" \/>\n<meta property=\"og:title\" content=\"Podcast 80 : Passer du N\u00e9pal \u00e0 la Norv\u00e8ge\" \/>\n<meta property=\"og:description\" content=\"Life in Norway Show \u00c9pisode 80\u00a0: Surendra Thapaliya nous raconte son histoire de d\u00e9m\u00e9nagement du N\u00e9pal vers la Norv\u00e8ge pour \u00e9tudier et comment il a\" \/>\n<meta property=\"og:url\" content=\"https:\/\/www.svalbard.fr\/actualites\/podcast-80-passer-du-nepal-a-la-norvege\/\" \/>\n<meta property=\"og:site_name\" content=\"www.Svalbard.fr\" \/>\n<meta property=\"article:published_time\" content=\"2024-03-22T12:35:12+00:00\" \/>\n<meta property=\"article:modified_time\" content=\"2024-03-22T12:35:14+00:00\" \/>\n<meta property=\"og:image\" content=\"https:\/\/www.svalbard.fr\/actualites\/wp-content\/uploads\/2024\/03\/1711110912_Podcast-80-Passer-du-Nepal-a-la-Norvege.jpeg\" \/>\n\t<meta property=\"og:image:width\" content=\"1920\" \/>\n\t<meta property=\"og:image:height\" content=\"1080\" \/>\n\t<meta property=\"og:image:type\" content=\"image\/jpeg\" \/>\n<meta name=\"author\" content=\"Hilmar\" \/>\n<meta name=\"twitter:card\" content=\"summary_large_image\" \/>\n<meta name=\"twitter:label1\" content=\"\u00c9crit par\" \/>\n\t<meta name=\"twitter:data1\" content=\"Hilmar\" \/>\n\t<meta name=\"twitter:label2\" content=\"Dur\u00e9e de lecture estim\u00e9e\" \/>\n\t<meta name=\"twitter:data2\" content=\"2 minutes\" \/>\n<script type=\"application\/ld+json\" class=\"yoast-schema-graph\">{\"@context\":\"https:\/\/schema.org\",\"@graph\":[{\"@type\":\"Article\",\"@id\":\"https:\/\/www.svalbard.fr\/actualites\/podcast-80-passer-du-nepal-a-la-norvege\/#article\",\"isPartOf\":{\"@id\":\"https:\/\/www.svalbard.fr\/actualites\/podcast-80-passer-du-nepal-a-la-norvege\/\"},\"author\":{\"name\":\"Hilmar\",\"@id\":\"https:\/\/www.svalbard.fr\/actualites\/#\/schema\/person\/a2f937d5712222366738fae98755c600\"},\"headline\":\"Podcast 80 : Passer du N\u00e9pal \u00e0 la Norv\u00e8ge\",\"datePublished\":\"2024-03-22T12:35:12+00:00\",\"dateModified\":\"2024-03-22T12:35:14+00:00\",\"mainEntityOfPage\":{\"@id\":\"https:\/\/www.svalbard.fr\/actualites\/podcast-80-passer-du-nepal-a-la-norvege\/\"},\"wordCount\":474,\"publisher\":{\"@id\":\"https:\/\/www.svalbard.fr\/actualites\/#organization\"},\"keywords\":[\"N\u00e9pal\",\"Norv\u00e8ge\",\"passer\",\"Podcast\"],\"articleSection\":[\"Svalbard\"],\"inLanguage\":\"fr-FR\"},{\"@type\":\"WebPage\",\"@id\":\"https:\/\/www.svalbard.fr\/actualites\/podcast-80-passer-du-nepal-a-la-norvege\/\",\"url\":\"https:\/\/www.svalbard.fr\/actualites\/podcast-80-passer-du-nepal-a-la-norvege\/\",\"name\":\"Podcast 80 : Passer du N\u00e9pal \u00e0 la Norv\u00e8ge\",\"isPartOf\":{\"@id\":\"https:\/\/www.svalbard.fr\/actualites\/#website\"},\"datePublished\":\"2024-03-22T12:35:12+00:00\",\"dateModified\":\"2024-03-22T12:35:14+00:00\",\"breadcrumb\":{\"@id\":\"https:\/\/www.svalbard.fr\/actualites\/podcast-80-passer-du-nepal-a-la-norvege\/#breadcrumb\"},\"inLanguage\":\"fr-FR\",\"potentialAction\":[{\"@type\":\"ReadAction\",\"target\":[\"https:\/\/www.svalbard.fr\/actualites\/podcast-80-passer-du-nepal-a-la-norvege\/\"]}]},{\"@type\":\"BreadcrumbList\",\"@id\":\"https:\/\/www.svalbard.fr\/actualites\/podcast-80-passer-du-nepal-a-la-norvege\/#breadcrumb\",\"itemListElement\":[{\"@type\":\"ListItem\",\"position\":1,\"name\":\"Accueil\",\"item\":\"https:\/\/www.svalbard.fr\/actualites\/\"},{\"@type\":\"ListItem\",\"position\":2,\"name\":\"Podcast 80 : Passer du N\u00e9pal \u00e0 la Norv\u00e8ge\"}]},{\"@type\":\"WebSite\",\"@id\":\"https:\/\/www.svalbard.fr\/actualites\/#website\",\"url\":\"https:\/\/www.svalbard.fr\/actualites\/\",\"name\":\"www.Svalbard.fr\",\"description\":\"\",\"publisher\":{\"@id\":\"https:\/\/www.svalbard.fr\/actualites\/#organization\"},\"potentialAction\":[{\"@type\":\"SearchAction\",\"target\":{\"@type\":\"EntryPoint\",\"urlTemplate\":\"https:\/\/www.svalbard.fr\/actualites\/?s={search_term_string}\"},\"query-input\":\"required name=search_term_string\"}],\"inLanguage\":\"fr-FR\"},{\"@type\":\"Organization\",\"@id\":\"https:\/\/www.svalbard.fr\/actualites\/#organization\",\"name\":\"www.Svalbard.fr\",\"url\":\"https:\/\/www.svalbard.fr\/actualites\/\",\"logo\":{\"@type\":\"ImageObject\",\"inLanguage\":\"fr-FR\",\"@id\":\"https:\/\/www.svalbard.fr\/actualites\/#\/schema\/logo\/image\/\",\"url\":\"https:\/\/www.svalbard.fr\/actualites\/wp-content\/uploads\/2023\/09\/head-nom.jpg\",\"contentUrl\":\"https:\/\/www.svalbard.fr\/actualites\/wp-content\/uploads\/2023\/09\/head-nom.jpg\",\"width\":264,\"height\":35,\"caption\":\"www.Svalbard.fr\"},\"image\":{\"@id\":\"https:\/\/www.svalbard.fr\/actualites\/#\/schema\/logo\/image\/\"}},{\"@type\":\"Person\",\"@id\":\"https:\/\/www.svalbard.fr\/actualites\/#\/schema\/person\/a2f937d5712222366738fae98755c600\",\"name\":\"Hilmar\",\"image\":{\"@type\":\"ImageObject\",\"inLanguage\":\"fr-FR\",\"@id\":\"https:\/\/www.svalbard.fr\/actualites\/#\/schema\/person\/image\/\",\"url\":\"https:\/\/secure.gravatar.com\/avatar\/4daa437093476dbc32da415c112b6512?s=96&d=mm&r=g\",\"contentUrl\":\"https:\/\/secure.gravatar.com\/avatar\/4daa437093476dbc32da415c112b6512?s=96&d=mm&r=g\",\"caption\":\"Hilmar\"},\"description\":\"Hilmar est un passionn\u00e9 des r\u00e9gions polaires, sp\u00e9cialis\u00e9 dans la r\u00e9daction d'articles sur le Spitzberg et autres destinations arctiques. Il apporte son expertise et sa passion pour l'Arctique au sein de l'\u00e9quipe de r\u00e9daction de Svalbard depuis de nombreuses ann\u00e9es.\",\"sameAs\":[\"https:\/\/www.svalbard.fr\/\"]}]}<\/script>\n<!-- \/ Yoast SEO plugin. -->","yoast_head_json":{"title":"Podcast 80 : Passer du N\u00e9pal \u00e0 la Norv\u00e8ge","robots":{"index":"index","follow":"follow","max-snippet":"max-snippet:-1","max-image-preview":"max-image-preview:large","max-video-preview":"max-video-preview:-1"},"canonical":"https:\/\/www.svalbard.fr\/actualites\/podcast-80-passer-du-nepal-a-la-norvege\/","og_locale":"fr_FR","og_type":"article","og_title":"Podcast 80 : Passer du N\u00e9pal \u00e0 la Norv\u00e8ge","og_description":"Life in Norway Show \u00c9pisode 80\u00a0: Surendra Thapaliya nous raconte son histoire de d\u00e9m\u00e9nagement du N\u00e9pal vers la Norv\u00e8ge pour \u00e9tudier et comment il a","og_url":"https:\/\/www.svalbard.fr\/actualites\/podcast-80-passer-du-nepal-a-la-norvege\/","og_site_name":"www.Svalbard.fr","article_published_time":"2024-03-22T12:35:12+00:00","article_modified_time":"2024-03-22T12:35:14+00:00","og_image":[{"width":1920,"height":1080,"url":"https:\/\/www.svalbard.fr\/actualites\/wp-content\/uploads\/2024\/03\/1711110912_Podcast-80-Passer-du-Nepal-a-la-Norvege.jpeg","type":"image\/jpeg"}],"author":"Hilmar","twitter_card":"summary_large_image","twitter_misc":{"\u00c9crit par":"Hilmar","Dur\u00e9e de lecture estim\u00e9e":"2 minutes"},"schema":{"@context":"https:\/\/schema.org","@graph":[{"@type":"Article","@id":"https:\/\/www.svalbard.fr\/actualites\/podcast-80-passer-du-nepal-a-la-norvege\/#article","isPartOf":{"@id":"https:\/\/www.svalbard.fr\/actualites\/podcast-80-passer-du-nepal-a-la-norvege\/"},"author":{"name":"Hilmar","@id":"https:\/\/www.svalbard.fr\/actualites\/#\/schema\/person\/a2f937d5712222366738fae98755c600"},"headline":"Podcast 80 : Passer du N\u00e9pal \u00e0 la Norv\u00e8ge","datePublished":"2024-03-22T12:35:12+00:00","dateModified":"2024-03-22T12:35:14+00:00","mainEntityOfPage":{"@id":"https:\/\/www.svalbard.fr\/actualites\/podcast-80-passer-du-nepal-a-la-norvege\/"},"wordCount":474,"publisher":{"@id":"https:\/\/www.svalbard.fr\/actualites\/#organization"},"keywords":["N\u00e9pal","Norv\u00e8ge","passer","Podcast"],"articleSection":["Svalbard"],"inLanguage":"fr-FR"},{"@type":"WebPage","@id":"https:\/\/www.svalbard.fr\/actualites\/podcast-80-passer-du-nepal-a-la-norvege\/","url":"https:\/\/www.svalbard.fr\/actualites\/podcast-80-passer-du-nepal-a-la-norvege\/","name":"Podcast 80 : Passer du N\u00e9pal \u00e0 la Norv\u00e8ge","isPartOf":{"@id":"https:\/\/www.svalbard.fr\/actualites\/#website"},"datePublished":"2024-03-22T12:35:12+00:00","dateModified":"2024-03-22T12:35:14+00:00","breadcrumb":{"@id":"https:\/\/www.svalbard.fr\/actualites\/podcast-80-passer-du-nepal-a-la-norvege\/#breadcrumb"},"inLanguage":"fr-FR","potentialAction":[{"@type":"ReadAction","target":["https:\/\/www.svalbard.fr\/actualites\/podcast-80-passer-du-nepal-a-la-norvege\/"]}]},{"@type":"BreadcrumbList","@id":"https:\/\/www.svalbard.fr\/actualites\/podcast-80-passer-du-nepal-a-la-norvege\/#breadcrumb","itemListElement":[{"@type":"ListItem","position":1,"name":"Accueil","item":"https:\/\/www.svalbard.fr\/actualites\/"},{"@type":"ListItem","position":2,"name":"Podcast 80 : Passer du N\u00e9pal \u00e0 la Norv\u00e8ge"}]},{"@type":"WebSite","@id":"https:\/\/www.svalbard.fr\/actualites\/#website","url":"https:\/\/www.svalbard.fr\/actualites\/","name":"www.Svalbard.fr","description":"","publisher":{"@id":"https:\/\/www.svalbard.fr\/actualites\/#organization"},"potentialAction":[{"@type":"SearchAction","target":{"@type":"EntryPoint","urlTemplate":"https:\/\/www.svalbard.fr\/actualites\/?s={search_term_string}"},"query-input":"required name=search_term_string"}],"inLanguage":"fr-FR"},{"@type":"Organization","@id":"https:\/\/www.svalbard.fr\/actualites\/#organization","name":"www.Svalbard.fr","url":"https:\/\/www.svalbard.fr\/actualites\/","logo":{"@type":"ImageObject","inLanguage":"fr-FR","@id":"https:\/\/www.svalbard.fr\/actualites\/#\/schema\/logo\/image\/","url":"https:\/\/www.svalbard.fr\/actualites\/wp-content\/uploads\/2023\/09\/head-nom.jpg","contentUrl":"https:\/\/www.svalbard.fr\/actualites\/wp-content\/uploads\/2023\/09\/head-nom.jpg","width":264,"height":35,"caption":"www.Svalbard.fr"},"image":{"@id":"https:\/\/www.svalbard.fr\/actualites\/#\/schema\/logo\/image\/"}},{"@type":"Person","@id":"https:\/\/www.svalbard.fr\/actualites\/#\/schema\/person\/a2f937d5712222366738fae98755c600","name":"Hilmar","image":{"@type":"ImageObject","inLanguage":"fr-FR","@id":"https:\/\/www.svalbard.fr\/actualites\/#\/schema\/person\/image\/","url":"https:\/\/secure.gravatar.com\/avatar\/4daa437093476dbc32da415c112b6512?s=96&d=mm&r=g","contentUrl":"https:\/\/secure.gravatar.com\/avatar\/4daa437093476dbc32da415c112b6512?s=96&d=mm&r=g","caption":"Hilmar"},"description":"Hilmar est un passionn\u00e9 des r\u00e9gions polaires, sp\u00e9cialis\u00e9 dans la r\u00e9daction d'articles sur le Spitzberg et autres destinations arctiques. Il apporte son expertise et sa passion pour l'Arctique au sein de l'\u00e9quipe de r\u00e9daction de Svalbard depuis de nombreuses ann\u00e9es.","sameAs":["https:\/\/www.svalbard.fr\/"]}]}},"_links":{"self":[{"href":"https:\/\/www.svalbard.fr\/actualites\/wp-json\/wp\/v2\/posts\/758"}],"collection":[{"href":"https:\/\/www.svalbard.fr\/actualites\/wp-json\/wp\/v2\/posts"}],"about":[{"href":"https:\/\/www.svalbard.fr\/actualites\/wp-json\/wp\/v2\/types\/post"}],"author":[{"embeddable":true,"href":"https:\/\/www.svalbard.fr\/actualites\/wp-json\/wp\/v2\/users\/1"}],"replies":[{"embeddable":true,"href":"https:\/\/www.svalbard.fr\/actualites\/wp-json\/wp\/v2\/comments?post=758"}],"version-history":[{"count":1,"href":"https:\/\/www.svalbard.fr\/actualites\/wp-json\/wp\/v2\/posts\/758\/revisions"}],"predecessor-version":[{"id":760,"href":"https:\/\/www.svalbard.fr\/actualites\/wp-json\/wp\/v2\/posts\/758\/revisions\/760"}],"wp:featuredmedia":[{"embeddable":true,"href":"https:\/\/www.svalbard.fr\/actualites\/wp-json\/wp\/v2\/media\/759"}],"wp:attachment":[{"href":"https:\/\/www.svalbard.fr\/actualites\/wp-json\/wp\/v2\/media?parent=758"}],"wp:term":[{"taxonomy":"category","embeddable":true,"href":"https:\/\/www.svalbard.fr\/actualites\/wp-json\/wp\/v2\/categories?post=758"},{"taxonomy":"post_tag","embeddable":true,"href":"https:\/\/www.svalbard.fr\/actualites\/wp-json\/wp\/v2\/tags?post=758"}],"curies":[{"name":"wp","href":"https:\/\/api.w.org\/{rel}","templated":true}]}}