{"id":767,"date":"2024-03-24T12:34:30","date_gmt":"2024-03-24T11:34:30","guid":{"rendered":"https:\/\/www.svalbard.fr\/actualites\/max-manus-le-heros-de-la-resistance-norvegienne\/"},"modified":"2024-03-24T12:34:35","modified_gmt":"2024-03-24T11:34:35","slug":"max-manus-le-heros-de-la-resistance-norvegienne","status":"publish","type":"post","link":"https:\/\/www.svalbard.fr\/actualites\/max-manus-le-heros-de-la-resistance-norvegienne\/","title":{"rendered":"Max Manus : le h\u00e9ros de la R\u00e9sistance norv\u00e9gienne"},"content":{"rendered":"<div itemprop=\"text\">\n<span id=\"dpsp-post-content-markup\" data-image-pin-it=\"false\"><\/span><\/p>\n<p class=\"intro\">L&#39;histoire de Max Manus est un puissant rappel de la lutte mondiale pour la libert\u00e9 pendant la Seconde Guerre mondiale.  La vie et les actions de Manus incarnent le courage, la r\u00e9silience et l&#39;ing\u00e9niosit\u00e9 qui ont \u00e9t\u00e9 essentiels pour vaincre les forces du fascisme.  Voici son histoire.<\/p>\n<p>Avant de d\u00e9m\u00e9nager en Norv\u00e8ge, je pensais \u00eatre plut\u00f4t au courant de la Seconde Guerre mondiale.  Pour l\u2019avoir \u00e9tudi\u00e9 \u00e0 l\u2019\u00e9cole, je connaissais la mont\u00e9e du fascisme, le d\u00e9clenchement de la guerre et certaines des batailles majeures qui ont eu lieu.<\/p>\n<figure class=\"wp-block-image size-large\"><img fetchpriority=\"high\" decoding=\"async\" width=\"768\" height=\"432\" src=\"https:\/\/www.svalbard.fr\/actualites\/wp-content\/uploads\/2024\/03\/Max-Manus-le-heros-de-la-Resistance-norvegienne.jpeg\" alt=\"Max Manus, h\u00e9ros de la r\u00e9sistance norv\u00e9gienne.\" class=\"wp-image-79055\"  ><\/figure>\n<p>Cependant, ce n\u2019est qu\u2019apr\u00e8s avoir v\u00e9cu plusieurs ann\u00e9es en Norv\u00e8ge que j\u2019ai commenc\u00e9 \u00e0 r\u00e9aliser qu\u2019il y avait bien plus \u00e0 raconter dans cette histoire.  Tout ce que j\u2019avais connu avait \u00e9t\u00e9 vu \u00e0 travers le prisme britannique.<\/p>\n<p>Depuis, j&#39;ai beaucoup voyag\u00e9 en Norv\u00e8ge et je prends toujours le temps de visiter les diff\u00e9rents mus\u00e9es de la guerre et autres sites d&#39;histoire de la guerre.  Par exemple, le mus\u00e9e de la guerre de Narvik est un endroit que je recommande \u00e0 tout visiteur du nord de la Norv\u00e8ge.<\/p>\n<p>L\u2019histoire de la Seconde Guerre mondiale en Norv\u00e8ge est celle de l\u2019occupation et de la r\u00e9sistance.  Il existe de nombreuses histoires cl\u00e9s connues \u00e0 l\u2019\u00e9chelle internationale, notamment le bus des Shetland et la guerre de l\u2019eau lourde.<\/p>\n<p>De nombreuses personnalit\u00e9s se sont distingu\u00e9es par leur courage, leur ing\u00e9niosit\u00e9 et leur engagement in\u00e9branlable en faveur de la libert\u00e9.  Max Manus est devenu une figure marquante du mouvement de r\u00e9sistance norv\u00e9gien, et le film Max Manus : Man of War de 2008 a fait conna\u00eetre l&#39;histoire de ce combattant de la r\u00e9sistance \u00e0 un public plus large.<\/p>\n<h2 class=\"wp-block-heading\">Jeunesse et esprit d&#39;aventure<\/h2>\n<p>N\u00e9 le 9 d\u00e9cembre 1914 \u00e0 Bergen, Maximo Guillermo Manus deviendra l&#39;un des r\u00e9sistants les plus c\u00e9l\u00e8bres de Norv\u00e8ge.<\/p>\n<figure class=\"wp-block-image size-large\"><img loading=\"lazy\" data-lazyloaded=\"1\" data-placeholder-resp=\"768x422\" decoding=\"async\" width=\"768\" height=\"422\" src=\"https:\/\/www.svalbard.fr\/actualites\/wp-content\/uploads\/2024\/03\/Max-Manus-le-heros-de-la-Resistance-norvegienne.jpg\" alt=\"Bergen c\u00e9l\u00e8bre la fin de l&#39;occupation de guerre\" class=\"wp-image-65586\"  data-><img loading=\"lazy\" decoding=\"async\" width=\"768\" height=\"422\" src=\"https:\/\/www.svalbard.fr\/actualites\/wp-content\/uploads\/2024\/03\/Max-Manus-le-heros-de-la-Resistance-norvegienne.jpg\" alt=\"Bergen c\u00e9l\u00e8bre la fin de l&#39;occupation de guerre\" class=\"wp-image-65586\"  ><\/figure>\n<p>D\u00e8s son plus jeune \u00e2ge, Manus \u00e9tait connu pour son esprit aventureux, un trait qui d\u00e9finirait ses contributions ult\u00e9rieures pendant la Seconde Guerre mondiale.<\/p>\n<p>Avant la guerre, sa soif d\u2019aventure l\u2019a amen\u00e9 \u00e0 participer \u00e0 la guerre d\u2019hiver finlandaise contre l\u2019Union sovi\u00e9tique, soulignant ainsi son engagement pr\u00e9coce dans la lutte contre l\u2019oppression.<\/p>\n<h2 class=\"wp-block-heading\">Occupation et naissance d&#39;un r\u00e9sistant<\/h2>\n<p>L\u2019invasion nazie de la Norv\u00e8ge en avril 1940 marqua un tournant dans la vie de Manus.  Refusant de rester les bras crois\u00e9s alors que son pays tombait sous l\u2019emprise oppressive des nazis, Manus rejoignit le mouvement de r\u00e9sistance norv\u00e9gien.<\/p>\n<p>C\u2019est ici que ses v\u00e9ritables capacit\u00e9s de leader, de saboteur et de tacticien ont commenc\u00e9 \u00e0 briller.<\/p>\n<p>Les premi\u00e8res op\u00e9rations de Manus \u00e9taient principalement ax\u00e9es sur la collecte de renseignements et la distribution de journaux clandestins.  Cependant, \u00e0 mesure que la guerre progressait, ses activit\u00e9s prirent une tournure plus audacieuse.<\/p>\n<h2 class=\"wp-block-heading\">Sabotage et espionnage<\/h2>\n<p>Les exploits les plus c\u00e9l\u00e8bres de Max Manus concernaient des actes spectaculaires de sabotage contre des installations et des navires allemands.<\/p>\n<p>Le plus notable d\u2019entre eux fut peut-\u00eatre le naufrage du navire de ravitaillement allemand <em>Donau<\/em> dans le port d&#39;Oslo en janvier 1945. Cette op\u00e9ration a consid\u00e9rablement entrav\u00e9 l&#39;effort de guerre allemand en Norv\u00e8ge et a mis en valeur l&#39;ing\u00e9niosit\u00e9 et la bravoure de Manus et de son \u00e9quipe.<\/p>\n<figure class=\"wp-block-image size-full\"><img loading=\"lazy\" data-lazyloaded=\"1\" data-placeholder-resp=\"870x1240\" decoding=\"async\" width=\"870\" height=\"1240\" src=\"https:\/\/www.svalbard.fr\/actualites\/wp-content\/uploads\/2024\/03\/1711280070_946_Max-Manus-le-heros-de-la-Resistance-norvegienne.jpg\" alt=\"Max Manus.  Photo : \u00d8rnelund, Leif Krohn \/ Mus\u00e9e d&#39;Oslo.\" class=\"wp-image-79053\"  data-><img loading=\"lazy\" decoding=\"async\" width=\"870\" height=\"1240\" src=\"https:\/\/www.svalbard.fr\/actualites\/wp-content\/uploads\/2024\/03\/1711280070_946_Max-Manus-le-heros-de-la-Resistance-norvegienne.jpg\" alt=\"Max Manus.  Photo : \u00d8rnelund, Leif Krohn \/ Mus\u00e9e d&#39;Oslo.\" class=\"wp-image-79053\"  ><\/figure>\n<p>Utilisant une combinaison de mines \u00e0 patelle artisanales et une planification m\u00e9ticuleuse, les op\u00e9rations de Manus port\u00e8rent des coups critiques aux occupants nazis, remontant le moral de la population norv\u00e9gienne et des forces alli\u00e9es.<\/p>\n<h2 class=\"wp-block-heading\">L&#39;h\u00e9ritage d&#39;un h\u00e9ros de guerre<\/h2>\n<p>Apr\u00e8s la guerre, Max Manus est devenu un h\u00e9ros national en Norv\u00e8ge.  Ses actions pendant le conflit t\u00e9moignent de la puissance de la r\u00e9sistance et de l\u2019esprit de ceux qui luttent contre la tyrannie.<\/p>\n<p>L&#39;h\u00e9ritage de Manus n&#39;est pas seulement pr\u00e9serv\u00e9 dans les nombreuses m\u00e9dailles et distinctions honorifiques qu&#39;il a re\u00e7ues de la Norv\u00e8ge et des pays alli\u00e9s, mais aussi dans ses livres autobiographiques, qui offrent un r\u00e9cit de premi\u00e8re main de ses passionnantes activit\u00e9s en temps de guerre.<\/p>\n<p>Ces \u00e9crits ont servi de source d&#39;inspiration pour des films et des documentaires, transmettant son histoire aux nouvelles g\u00e9n\u00e9rations, tant en Norv\u00e8ge qu&#39;au-del\u00e0.<\/p>\n<p>Son histoire sert de pont entre les exp\u00e9riences du peuple norv\u00e9gien et celles du monde entier.  L&#39;h\u00e9ritage de Manus transcende d\u00e9sormais les fronti\u00e8res nationales, symbolisant la lutte universelle pour la libert\u00e9 et l&#39;esprit de r\u00e9sistance durable.<\/p>\n<h2 class=\"wp-block-heading\">En souvenir de Max Manus aujourd&#39;hui<\/h2>\n<p>Manus est d\u00e9c\u00e9d\u00e9 en 1996 \u00e0 l&#39;\u00e2ge de 81 ans. Les mus\u00e9es, les monuments et les programmes \u00e9ducatifs continuent de perp\u00e9tuer son histoire, rappelant les sacrifices consentis par lui et par d&#39;innombrables autres personnes dans la lutte contre l&#39;oppression.<\/p>\n<p>12 ans apr\u00e8s sa mort, le film biographique Max Manus : Man of War est sorti avec Aksel Hennie dans le r\u00f4le principal.<\/p>\n<p>Sa vie et son h\u00e9ritage sont un puissant rappel de l\u2019impact qu\u2019un individu peut avoir sur le cours de l\u2019histoire.<\/p>\n<\/div>\n","protected":false},"excerpt":{"rendered":"<p>L&#39;histoire de Max Manus est un puissant rappel de la lutte mondiale pour la libert\u00e9 pendant la Seconde Guerre mondiale. La vie et les actions<\/p>\n","protected":false},"author":1,"featured_media":768,"comment_status":"closed","ping_status":"","sticky":false,"template":"","format":"standard","meta":{"footnotes":""},"categories":[1],"tags":[1014,1013,1012,277,1015],"yoast_head":"<!-- This site is optimized with the Yoast SEO plugin v21.0 - https:\/\/yoast.com\/wordpress\/plugins\/seo\/ -->\n<title>Max Manus : le h\u00e9ros de la R\u00e9sistance norv\u00e9gienne<\/title>\n<meta name=\"robots\" content=\"index, follow, max-snippet:-1, max-image-preview:large, max-video-preview:-1\" \/>\n<link rel=\"canonical\" href=\"https:\/\/www.svalbard.fr\/actualites\/max-manus-le-heros-de-la-resistance-norvegienne\/\" \/>\n<meta property=\"og:locale\" content=\"fr_FR\" \/>\n<meta property=\"og:type\" content=\"article\" \/>\n<meta property=\"og:title\" content=\"Max Manus : le h\u00e9ros de la R\u00e9sistance norv\u00e9gienne\" \/>\n<meta property=\"og:description\" content=\"L&#039;histoire de Max Manus est un puissant rappel de la lutte mondiale pour la libert\u00e9 pendant la Seconde Guerre mondiale. La vie et les actions\" \/>\n<meta property=\"og:url\" content=\"https:\/\/www.svalbard.fr\/actualites\/max-manus-le-heros-de-la-resistance-norvegienne\/\" \/>\n<meta property=\"og:site_name\" content=\"www.Svalbard.fr\" \/>\n<meta property=\"article:published_time\" content=\"2024-03-24T11:34:30+00:00\" \/>\n<meta property=\"article:modified_time\" content=\"2024-03-24T11:34:35+00:00\" \/>\n<meta property=\"og:image\" content=\"https:\/\/www.svalbard.fr\/actualites\/wp-content\/uploads\/2024\/03\/1711280071_Max-Manus-le-heros-de-la-Resistance-norvegienne.jpeg\" \/>\n\t<meta property=\"og:image:width\" content=\"1920\" \/>\n\t<meta property=\"og:image:height\" content=\"1080\" \/>\n\t<meta property=\"og:image:type\" content=\"image\/jpeg\" \/>\n<meta name=\"author\" content=\"Hilmar\" \/>\n<meta name=\"twitter:card\" content=\"summary_large_image\" \/>\n<meta name=\"twitter:label1\" content=\"\u00c9crit par\" \/>\n\t<meta name=\"twitter:data1\" content=\"Hilmar\" \/>\n\t<meta name=\"twitter:label2\" content=\"Dur\u00e9e de lecture estim\u00e9e\" \/>\n\t<meta name=\"twitter:data2\" content=\"4 minutes\" \/>\n<script type=\"application\/ld+json\" class=\"yoast-schema-graph\">{\"@context\":\"https:\/\/schema.org\",\"@graph\":[{\"@type\":\"Article\",\"@id\":\"https:\/\/www.svalbard.fr\/actualites\/max-manus-le-heros-de-la-resistance-norvegienne\/#article\",\"isPartOf\":{\"@id\":\"https:\/\/www.svalbard.fr\/actualites\/max-manus-le-heros-de-la-resistance-norvegienne\/\"},\"author\":{\"name\":\"Hilmar\",\"@id\":\"https:\/\/www.svalbard.fr\/actualites\/#\/schema\/person\/a2f937d5712222366738fae98755c600\"},\"headline\":\"Max Manus : le h\u00e9ros de la R\u00e9sistance norv\u00e9gienne\",\"datePublished\":\"2024-03-24T11:34:30+00:00\",\"dateModified\":\"2024-03-24T11:34:35+00:00\",\"mainEntityOfPage\":{\"@id\":\"https:\/\/www.svalbard.fr\/actualites\/max-manus-le-heros-de-la-resistance-norvegienne\/\"},\"wordCount\":906,\"publisher\":{\"@id\":\"https:\/\/www.svalbard.fr\/actualites\/#organization\"},\"keywords\":[\"h\u00e9ros\",\"Manus\",\"Max\",\"norv\u00e9gienne\",\"R\u00e9sistance\"],\"articleSection\":[\"Svalbard\"],\"inLanguage\":\"fr-FR\"},{\"@type\":\"WebPage\",\"@id\":\"https:\/\/www.svalbard.fr\/actualites\/max-manus-le-heros-de-la-resistance-norvegienne\/\",\"url\":\"https:\/\/www.svalbard.fr\/actualites\/max-manus-le-heros-de-la-resistance-norvegienne\/\",\"name\":\"Max Manus : le h\u00e9ros de la R\u00e9sistance norv\u00e9gienne\",\"isPartOf\":{\"@id\":\"https:\/\/www.svalbard.fr\/actualites\/#website\"},\"datePublished\":\"2024-03-24T11:34:30+00:00\",\"dateModified\":\"2024-03-24T11:34:35+00:00\",\"breadcrumb\":{\"@id\":\"https:\/\/www.svalbard.fr\/actualites\/max-manus-le-heros-de-la-resistance-norvegienne\/#breadcrumb\"},\"inLanguage\":\"fr-FR\",\"potentialAction\":[{\"@type\":\"ReadAction\",\"target\":[\"https:\/\/www.svalbard.fr\/actualites\/max-manus-le-heros-de-la-resistance-norvegienne\/\"]}]},{\"@type\":\"BreadcrumbList\",\"@id\":\"https:\/\/www.svalbard.fr\/actualites\/max-manus-le-heros-de-la-resistance-norvegienne\/#breadcrumb\",\"itemListElement\":[{\"@type\":\"ListItem\",\"position\":1,\"name\":\"Accueil\",\"item\":\"https:\/\/www.svalbard.fr\/actualites\/\"},{\"@type\":\"ListItem\",\"position\":2,\"name\":\"Max Manus : le h\u00e9ros de la R\u00e9sistance norv\u00e9gienne\"}]},{\"@type\":\"WebSite\",\"@id\":\"https:\/\/www.svalbard.fr\/actualites\/#website\",\"url\":\"https:\/\/www.svalbard.fr\/actualites\/\",\"name\":\"www.Svalbard.fr\",\"description\":\"\",\"publisher\":{\"@id\":\"https:\/\/www.svalbard.fr\/actualites\/#organization\"},\"potentialAction\":[{\"@type\":\"SearchAction\",\"target\":{\"@type\":\"EntryPoint\",\"urlTemplate\":\"https:\/\/www.svalbard.fr\/actualites\/?s={search_term_string}\"},\"query-input\":\"required name=search_term_string\"}],\"inLanguage\":\"fr-FR\"},{\"@type\":\"Organization\",\"@id\":\"https:\/\/www.svalbard.fr\/actualites\/#organization\",\"name\":\"www.Svalbard.fr\",\"url\":\"https:\/\/www.svalbard.fr\/actualites\/\",\"logo\":{\"@type\":\"ImageObject\",\"inLanguage\":\"fr-FR\",\"@id\":\"https:\/\/www.svalbard.fr\/actualites\/#\/schema\/logo\/image\/\",\"url\":\"https:\/\/www.svalbard.fr\/actualites\/wp-content\/uploads\/2023\/09\/head-nom.jpg\",\"contentUrl\":\"https:\/\/www.svalbard.fr\/actualites\/wp-content\/uploads\/2023\/09\/head-nom.jpg\",\"width\":264,\"height\":35,\"caption\":\"www.Svalbard.fr\"},\"image\":{\"@id\":\"https:\/\/www.svalbard.fr\/actualites\/#\/schema\/logo\/image\/\"}},{\"@type\":\"Person\",\"@id\":\"https:\/\/www.svalbard.fr\/actualites\/#\/schema\/person\/a2f937d5712222366738fae98755c600\",\"name\":\"Hilmar\",\"image\":{\"@type\":\"ImageObject\",\"inLanguage\":\"fr-FR\",\"@id\":\"https:\/\/www.svalbard.fr\/actualites\/#\/schema\/person\/image\/\",\"url\":\"https:\/\/secure.gravatar.com\/avatar\/4daa437093476dbc32da415c112b6512?s=96&d=mm&r=g\",\"contentUrl\":\"https:\/\/secure.gravatar.com\/avatar\/4daa437093476dbc32da415c112b6512?s=96&d=mm&r=g\",\"caption\":\"Hilmar\"},\"description\":\"Hilmar est un passionn\u00e9 des r\u00e9gions polaires, sp\u00e9cialis\u00e9 dans la r\u00e9daction d'articles sur le Spitzberg et autres destinations arctiques. Il apporte son expertise et sa passion pour l'Arctique au sein de l'\u00e9quipe de r\u00e9daction de Svalbard depuis de nombreuses ann\u00e9es.\",\"sameAs\":[\"https:\/\/www.svalbard.fr\/\"]}]}<\/script>\n<!-- \/ Yoast SEO plugin. -->","yoast_head_json":{"title":"Max Manus : le h\u00e9ros de la R\u00e9sistance norv\u00e9gienne","robots":{"index":"index","follow":"follow","max-snippet":"max-snippet:-1","max-image-preview":"max-image-preview:large","max-video-preview":"max-video-preview:-1"},"canonical":"https:\/\/www.svalbard.fr\/actualites\/max-manus-le-heros-de-la-resistance-norvegienne\/","og_locale":"fr_FR","og_type":"article","og_title":"Max Manus : le h\u00e9ros de la R\u00e9sistance norv\u00e9gienne","og_description":"L&#39;histoire de Max Manus est un puissant rappel de la lutte mondiale pour la libert\u00e9 pendant la Seconde Guerre mondiale. La vie et les actions","og_url":"https:\/\/www.svalbard.fr\/actualites\/max-manus-le-heros-de-la-resistance-norvegienne\/","og_site_name":"www.Svalbard.fr","article_published_time":"2024-03-24T11:34:30+00:00","article_modified_time":"2024-03-24T11:34:35+00:00","og_image":[{"width":1920,"height":1080,"url":"https:\/\/www.svalbard.fr\/actualites\/wp-content\/uploads\/2024\/03\/1711280071_Max-Manus-le-heros-de-la-Resistance-norvegienne.jpeg","type":"image\/jpeg"}],"author":"Hilmar","twitter_card":"summary_large_image","twitter_misc":{"\u00c9crit par":"Hilmar","Dur\u00e9e de lecture estim\u00e9e":"4 minutes"},"schema":{"@context":"https:\/\/schema.org","@graph":[{"@type":"Article","@id":"https:\/\/www.svalbard.fr\/actualites\/max-manus-le-heros-de-la-resistance-norvegienne\/#article","isPartOf":{"@id":"https:\/\/www.svalbard.fr\/actualites\/max-manus-le-heros-de-la-resistance-norvegienne\/"},"author":{"name":"Hilmar","@id":"https:\/\/www.svalbard.fr\/actualites\/#\/schema\/person\/a2f937d5712222366738fae98755c600"},"headline":"Max Manus : le h\u00e9ros de la R\u00e9sistance norv\u00e9gienne","datePublished":"2024-03-24T11:34:30+00:00","dateModified":"2024-03-24T11:34:35+00:00","mainEntityOfPage":{"@id":"https:\/\/www.svalbard.fr\/actualites\/max-manus-le-heros-de-la-resistance-norvegienne\/"},"wordCount":906,"publisher":{"@id":"https:\/\/www.svalbard.fr\/actualites\/#organization"},"keywords":["h\u00e9ros","Manus","Max","norv\u00e9gienne","R\u00e9sistance"],"articleSection":["Svalbard"],"inLanguage":"fr-FR"},{"@type":"WebPage","@id":"https:\/\/www.svalbard.fr\/actualites\/max-manus-le-heros-de-la-resistance-norvegienne\/","url":"https:\/\/www.svalbard.fr\/actualites\/max-manus-le-heros-de-la-resistance-norvegienne\/","name":"Max Manus : le h\u00e9ros de la R\u00e9sistance norv\u00e9gienne","isPartOf":{"@id":"https:\/\/www.svalbard.fr\/actualites\/#website"},"datePublished":"2024-03-24T11:34:30+00:00","dateModified":"2024-03-24T11:34:35+00:00","breadcrumb":{"@id":"https:\/\/www.svalbard.fr\/actualites\/max-manus-le-heros-de-la-resistance-norvegienne\/#breadcrumb"},"inLanguage":"fr-FR","potentialAction":[{"@type":"ReadAction","target":["https:\/\/www.svalbard.fr\/actualites\/max-manus-le-heros-de-la-resistance-norvegienne\/"]}]},{"@type":"BreadcrumbList","@id":"https:\/\/www.svalbard.fr\/actualites\/max-manus-le-heros-de-la-resistance-norvegienne\/#breadcrumb","itemListElement":[{"@type":"ListItem","position":1,"name":"Accueil","item":"https:\/\/www.svalbard.fr\/actualites\/"},{"@type":"ListItem","position":2,"name":"Max Manus : le h\u00e9ros de la R\u00e9sistance norv\u00e9gienne"}]},{"@type":"WebSite","@id":"https:\/\/www.svalbard.fr\/actualites\/#website","url":"https:\/\/www.svalbard.fr\/actualites\/","name":"www.Svalbard.fr","description":"","publisher":{"@id":"https:\/\/www.svalbard.fr\/actualites\/#organization"},"potentialAction":[{"@type":"SearchAction","target":{"@type":"EntryPoint","urlTemplate":"https:\/\/www.svalbard.fr\/actualites\/?s={search_term_string}"},"query-input":"required name=search_term_string"}],"inLanguage":"fr-FR"},{"@type":"Organization","@id":"https:\/\/www.svalbard.fr\/actualites\/#organization","name":"www.Svalbard.fr","url":"https:\/\/www.svalbard.fr\/actualites\/","logo":{"@type":"ImageObject","inLanguage":"fr-FR","@id":"https:\/\/www.svalbard.fr\/actualites\/#\/schema\/logo\/image\/","url":"https:\/\/www.svalbard.fr\/actualites\/wp-content\/uploads\/2023\/09\/head-nom.jpg","contentUrl":"https:\/\/www.svalbard.fr\/actualites\/wp-content\/uploads\/2023\/09\/head-nom.jpg","width":264,"height":35,"caption":"www.Svalbard.fr"},"image":{"@id":"https:\/\/www.svalbard.fr\/actualites\/#\/schema\/logo\/image\/"}},{"@type":"Person","@id":"https:\/\/www.svalbard.fr\/actualites\/#\/schema\/person\/a2f937d5712222366738fae98755c600","name":"Hilmar","image":{"@type":"ImageObject","inLanguage":"fr-FR","@id":"https:\/\/www.svalbard.fr\/actualites\/#\/schema\/person\/image\/","url":"https:\/\/secure.gravatar.com\/avatar\/4daa437093476dbc32da415c112b6512?s=96&d=mm&r=g","contentUrl":"https:\/\/secure.gravatar.com\/avatar\/4daa437093476dbc32da415c112b6512?s=96&d=mm&r=g","caption":"Hilmar"},"description":"Hilmar est un passionn\u00e9 des r\u00e9gions polaires, sp\u00e9cialis\u00e9 dans la r\u00e9daction d'articles sur le Spitzberg et autres destinations arctiques. Il apporte son expertise et sa passion pour l'Arctique au sein de l'\u00e9quipe de r\u00e9daction de Svalbard depuis de nombreuses ann\u00e9es.","sameAs":["https:\/\/www.svalbard.fr\/"]}]}},"_links":{"self":[{"href":"https:\/\/www.svalbard.fr\/actualites\/wp-json\/wp\/v2\/posts\/767"}],"collection":[{"href":"https:\/\/www.svalbard.fr\/actualites\/wp-json\/wp\/v2\/posts"}],"about":[{"href":"https:\/\/www.svalbard.fr\/actualites\/wp-json\/wp\/v2\/types\/post"}],"author":[{"embeddable":true,"href":"https:\/\/www.svalbard.fr\/actualites\/wp-json\/wp\/v2\/users\/1"}],"replies":[{"embeddable":true,"href":"https:\/\/www.svalbard.fr\/actualites\/wp-json\/wp\/v2\/comments?post=767"}],"version-history":[{"count":1,"href":"https:\/\/www.svalbard.fr\/actualites\/wp-json\/wp\/v2\/posts\/767\/revisions"}],"predecessor-version":[{"id":769,"href":"https:\/\/www.svalbard.fr\/actualites\/wp-json\/wp\/v2\/posts\/767\/revisions\/769"}],"wp:featuredmedia":[{"embeddable":true,"href":"https:\/\/www.svalbard.fr\/actualites\/wp-json\/wp\/v2\/media\/768"}],"wp:attachment":[{"href":"https:\/\/www.svalbard.fr\/actualites\/wp-json\/wp\/v2\/media?parent=767"}],"wp:term":[{"taxonomy":"category","embeddable":true,"href":"https:\/\/www.svalbard.fr\/actualites\/wp-json\/wp\/v2\/categories?post=767"},{"taxonomy":"post_tag","embeddable":true,"href":"https:\/\/www.svalbard.fr\/actualites\/wp-json\/wp\/v2\/tags?post=767"}],"curies":[{"name":"wp","href":"https:\/\/api.w.org\/{rel}","templated":true}]}}